{"id":17071,"date":"2015-05-04T17:00:16","date_gmt":"2015-05-04T15:00:16","guid":{"rendered":"https:\/\/www.gold.fr\/news\/?p=17071"},"modified":"2017-11-02T11:30:00","modified_gmt":"2017-11-02T10:30:00","slug":"marches-phase-morose-prolongee","status":"publish","type":"post","link":"https:\/\/www.gold.fr\/news\/2015\/05\/04\/marches-phase-morose-prolongee\/","title":{"rendered":"March\u00e9s : Phase morose prolong\u00e9e"},"content":{"rendered":"<p><img loading=\"lazy\" decoding=\"async\" class=\"alignleft size-thumbnail wp-image-14237\" title=\"March\u00e9s : Phase morose prolong\u00e9e\" src=\"https:\/\/www.gold.fr\/news\/wp-content\/uploads\/2014\/03\/image21-150x150.jpg\" alt=\"\" width=\"150\" height=\"150\" \/><span style=\"font-size: small;\">Entre les <a title=\"La Gr\u00e8ce propulse le prix de l\u2019once\" href=\"https:\/\/www.gold.fr\/news\/2015\/04\/29\/la-grece-propulse-le-prix-de-lonce\/17050\/\" target=\"_blank\">faibles retours d\u2019espoir concernant le dossier grec<\/a> et les perspectives d\u2019une politique mon\u00e9taire <strong>FED<\/strong> qui semblent de plus en plus confuses, les march\u00e9s d\u2019investissement ne savent plus sur quel pied danser. Et c\u2019est du coup sur une note relativement morose et globalement baissi\u00e8re que les principales places boursi\u00e8res, d\u2019un c\u00f4t\u00e9 comme de l\u2019autre de l\u2019Atlantique, d\u00e9butent cette nouvelle semaine.<\/span>    <span style=\"font-size: small;\">La fin de la semaine derni\u00e8re avait \u00e9t\u00e9 marqu\u00e9e par la publication d\u2019une s\u00e9rie de rapports et statistiques am\u00e9ricains qui laisseraient pr\u00e9sager un nouveau changement de ton, au sein de la r\u00e9serve f\u00e9d\u00e9rale am\u00e9ricaine, penchant plut\u00f4t vers un resserrement plus imminent que pr\u00e9vu des taux d\u2019int\u00e9r\u00eat directeurs de l\u2019institution.<\/span>  <span style=\"font-size: small;\"> Les analystes de <strong>Saxo Banque<\/strong> soulignent toutefois que rien n\u2019est encore d\u00e9termin\u00e9, sur les march\u00e9s d\u2019investissement, puisque \u00ab<em> les investisseurs attendent beaucoup du remaniement au sein du gouvernement grec pour ren\u00e9gocier les conditions de financement de la Gr\u00e8ce aupr\u00e8s de ses cr\u00e9anciers<\/em> \u00bb, rappelant \u00e9galement que \u00ab <em>cette \u00e9tape n\u00e9cessaire pour avancer sur le dossier grec rassure les march\u00e9s<\/em> \u00bb.<\/span>    <span style=\"font-size: small;\">Ce besoin de mod\u00e9rer la tension planant sur les march\u00e9s est essentiellement justifi\u00e9 par la derni\u00e8re s\u00e9rie de statistiques macro\u00e9conomiques US (parue en fin de semaine derni\u00e8re) qui \u00ab<em> semble plaider en faveur d&rsquo;une remont\u00e9e de taux, au lendemain d&rsquo;un communiqu\u00e9 de la r\u00e9serve f\u00e9d\u00e9rale am\u00e9ricaine au ton jug\u00e9 dans l&rsquo;ensemble peu accommodant<\/em> \u00bb.<\/span><\/p>\n<!-- AddThis Advanced Settings generic via filter on the_content --><!-- AddThis Share Buttons generic via filter on the_content -->","protected":false},"excerpt":{"rendered":"<p>Entre les faibles retours d\u2019espoir concernant le dossier grec et les perspectives d\u2019une politique mon\u00e9taire FED qui semblent de plus en plus confuses, les march\u00e9s d\u2019investissement ne savent plus sur quel pied danser. Et c\u2019est du [&hellip;]<\/p>\n","protected":false},"author":18,"featured_media":14237,"comment_status":"open","ping_status":"open","sticky":false,"template":"","format":"standard","meta":{"_mbp_gutenberg_autopost":false,"_pgmb_is_evergreen":false,"_pgmb_ap_template_id":0,"footnotes":""},"categories":[6],"tags":[1188,2010,144,1649],"ppma_author":[2565],"class_list":["post-17071","post","type-post","status-publish","format-standard","has-post-thumbnail","hentry","category-articles-de-presse","tag-bourse","tag-dossier-grec","tag-fed","tag-marches"],"yoast_head":"<!-- This site is optimized with the Yoast SEO plugin v27.5 - https:\/\/yoast.com\/product\/yoast-seo-wordpress\/ -->\n<title>March\u00e9s : Phase morose prolong\u00e9e - Gold.fr<\/title>\n<meta name=\"robots\" content=\"index, follow, max-snippet:-1, max-image-preview:large, max-video-preview:-1\" \/>\n<link rel=\"canonical\" href=\"https:\/\/www.gold.fr\/news\/2015\/05\/04\/marches-phase-morose-prolongee\/\" \/>\n<meta property=\"og:locale\" content=\"fr_FR\" \/>\n<meta property=\"og:type\" content=\"article\" \/>\n<meta property=\"og:title\" content=\"March\u00e9s : Phase morose prolong\u00e9e - Gold.fr\" \/>\n<meta property=\"og:description\" content=\"Entre les faibles retours d\u2019espoir concernant le dossier grec et les perspectives d\u2019une politique mon\u00e9taire FED qui semblent de plus en plus confuses, les march\u00e9s d\u2019investissement ne savent plus sur quel pied danser. Et c\u2019est du [&hellip;]\" \/>\n<meta property=\"og:url\" content=\"https:\/\/www.gold.fr\/news\/2015\/05\/04\/marches-phase-morose-prolongee\/\" \/>\n<meta property=\"og:site_name\" content=\"Gold.fr\" \/>\n<meta property=\"article:publisher\" content=\"https:\/\/www.facebook.com\/Goldfr\/\" \/>\n<meta property=\"article:published_time\" content=\"2015-05-04T15:00:16+00:00\" \/>\n<meta property=\"article:modified_time\" content=\"2017-11-02T10:30:00+00:00\" \/>\n<meta property=\"og:image\" content=\"https:\/\/www.gold.fr\/news\/wp-content\/uploads\/2014\/03\/image21.jpeg\" \/>\n\t<meta property=\"og:image:width\" content=\"614\" \/>\n\t<meta property=\"og:image:height\" content=\"669\" \/>\n\t<meta property=\"og:image:type\" content=\"image\/jpeg\" \/>\n<meta name=\"author\" content=\"Comptoir National de l&#039;Or\" \/>\n<meta name=\"twitter:card\" content=\"summary_large_image\" \/>\n<meta name=\"twitter:label1\" content=\"\u00c9crit par\" \/>\n\t<meta name=\"twitter:data1\" content=\"Comptoir National de l&#039;Or\" \/>\n\t<meta name=\"twitter:label2\" content=\"Dur\u00e9e de lecture estim\u00e9e\" \/>\n\t<meta name=\"twitter:data2\" content=\"1 minute\" \/>\n<script type=\"application\/ld+json\" class=\"yoast-schema-graph\">{\"@context\":\"https:\\\/\\\/schema.org\",\"@graph\":[{\"@type\":\"Article\",\"@id\":\"https:\\\/\\\/www.gold.fr\\\/news\\\/2015\\\/05\\\/04\\\/marches-phase-morose-prolongee\\\/#article\",\"isPartOf\":{\"@id\":\"https:\\\/\\\/www.gold.fr\\\/news\\\/2015\\\/05\\\/04\\\/marches-phase-morose-prolongee\\\/\"},\"author\":{\"name\":\"Comptoir National de l'Or\",\"@id\":\"https:\\\/\\\/www.gold.fr\\\/news\\\/#\\\/schema\\\/person\\\/070491b4b4fb7671bf59b3be20302ce9\"},\"headline\":\"March\u00e9s : Phase morose prolong\u00e9e\",\"datePublished\":\"2015-05-04T15:00:16+00:00\",\"dateModified\":\"2017-11-02T10:30:00+00:00\",\"mainEntityOfPage\":{\"@id\":\"https:\\\/\\\/www.gold.fr\\\/news\\\/2015\\\/05\\\/04\\\/marches-phase-morose-prolongee\\\/\"},\"wordCount\":277,\"commentCount\":0,\"image\":{\"@id\":\"https:\\\/\\\/www.gold.fr\\\/news\\\/2015\\\/05\\\/04\\\/marches-phase-morose-prolongee\\\/#primaryimage\"},\"thumbnailUrl\":\"https:\\\/\\\/www.gold.fr\\\/news\\\/wp-content\\\/uploads\\\/2014\\\/03\\\/image21.jpeg\",\"keywords\":[\"bourse\",\"dossier grec\",\"fed\",\"march\u00e9s\"],\"articleSection\":[\"Articles de presse\"],\"inLanguage\":\"fr-FR\"},{\"@type\":\"WebPage\",\"@id\":\"https:\\\/\\\/www.gold.fr\\\/news\\\/2015\\\/05\\\/04\\\/marches-phase-morose-prolongee\\\/\",\"url\":\"https:\\\/\\\/www.gold.fr\\\/news\\\/2015\\\/05\\\/04\\\/marches-phase-morose-prolongee\\\/\",\"name\":\"March\u00e9s : Phase morose prolong\u00e9e - Gold.fr\",\"isPartOf\":{\"@id\":\"https:\\\/\\\/www.gold.fr\\\/news\\\/#website\"},\"primaryImageOfPage\":{\"@id\":\"https:\\\/\\\/www.gold.fr\\\/news\\\/2015\\\/05\\\/04\\\/marches-phase-morose-prolongee\\\/#primaryimage\"},\"image\":{\"@id\":\"https:\\\/\\\/www.gold.fr\\\/news\\\/2015\\\/05\\\/04\\\/marches-phase-morose-prolongee\\\/#primaryimage\"},\"thumbnailUrl\":\"https:\\\/\\\/www.gold.fr\\\/news\\\/wp-content\\\/uploads\\\/2014\\\/03\\\/image21.jpeg\",\"datePublished\":\"2015-05-04T15:00:16+00:00\",\"dateModified\":\"2017-11-02T10:30:00+00:00\",\"author\":{\"@id\":\"https:\\\/\\\/www.gold.fr\\\/news\\\/#\\\/schema\\\/person\\\/070491b4b4fb7671bf59b3be20302ce9\"},\"breadcrumb\":{\"@id\":\"https:\\\/\\\/www.gold.fr\\\/news\\\/2015\\\/05\\\/04\\\/marches-phase-morose-prolongee\\\/#breadcrumb\"},\"inLanguage\":\"fr-FR\",\"potentialAction\":[{\"@type\":\"ReadAction\",\"target\":[\"https:\\\/\\\/www.gold.fr\\\/news\\\/2015\\\/05\\\/04\\\/marches-phase-morose-prolongee\\\/\"]}]},{\"@type\":\"ImageObject\",\"inLanguage\":\"fr-FR\",\"@id\":\"https:\\\/\\\/www.gold.fr\\\/news\\\/2015\\\/05\\\/04\\\/marches-phase-morose-prolongee\\\/#primaryimage\",\"url\":\"https:\\\/\\\/www.gold.fr\\\/news\\\/wp-content\\\/uploads\\\/2014\\\/03\\\/image21.jpeg\",\"contentUrl\":\"https:\\\/\\\/www.gold.fr\\\/news\\\/wp-content\\\/uploads\\\/2014\\\/03\\\/image21.jpeg\",\"width\":\"614\",\"height\":\"669\",\"caption\":\"L\u2019once en \u00e9quilibre face \u00e0 l\u2019envol\u00e9e des indices boursiers\"},{\"@type\":\"BreadcrumbList\",\"@id\":\"https:\\\/\\\/www.gold.fr\\\/news\\\/2015\\\/05\\\/04\\\/marches-phase-morose-prolongee\\\/#breadcrumb\",\"itemListElement\":[{\"@type\":\"ListItem\",\"position\":1,\"name\":\"Accueil\",\"item\":\"https:\\\/\\\/www.gold.fr\\\/\"},{\"@type\":\"ListItem\",\"position\":2,\"name\":\"Actualit\u00e9s\",\"item\":\"https:\\\/\\\/www.gold.fr\\\/news\\\/\"},{\"@type\":\"ListItem\",\"position\":3,\"name\":\"March\u00e9s : Phase morose prolong\u00e9e\"}]},{\"@type\":\"WebSite\",\"@id\":\"https:\\\/\\\/www.gold.fr\\\/news\\\/#website\",\"url\":\"https:\\\/\\\/www.gold.fr\\\/news\\\/\",\"name\":\"Gold.fr\",\"description\":\"Actualit\u00e9s de l&#039;Or et des m\u00e9taux pr\u00e9cieux\",\"potentialAction\":[{\"@type\":\"SearchAction\",\"target\":{\"@type\":\"EntryPoint\",\"urlTemplate\":\"https:\\\/\\\/www.gold.fr\\\/news\\\/?s={search_term_string}\"},\"query-input\":{\"@type\":\"PropertyValueSpecification\",\"valueRequired\":true,\"valueName\":\"search_term_string\"}}],\"inLanguage\":\"fr-FR\"},{\"@type\":\"Person\",\"@id\":\"https:\\\/\\\/www.gold.fr\\\/news\\\/#\\\/schema\\\/person\\\/070491b4b4fb7671bf59b3be20302ce9\",\"name\":\"Comptoir National de l'Or\",\"image\":{\"@type\":\"ImageObject\",\"inLanguage\":\"fr-FR\",\"@id\":\"https:\\\/\\\/secure.gravatar.com\\\/avatar\\\/0a2867fd5abe37bed95d5a65e9d58f01756e11efc68af9888dfc50cfa7f65948?s=96&d=mm&r=gb490554db0a38188709de567aa58480d\",\"url\":\"https:\\\/\\\/secure.gravatar.com\\\/avatar\\\/0a2867fd5abe37bed95d5a65e9d58f01756e11efc68af9888dfc50cfa7f65948?s=96&d=mm&r=g\",\"contentUrl\":\"https:\\\/\\\/secure.gravatar.com\\\/avatar\\\/0a2867fd5abe37bed95d5a65e9d58f01756e11efc68af9888dfc50cfa7f65948?s=96&d=mm&r=g\",\"caption\":\"Comptoir National de l'Or\"},\"description\":\"Notre r\u00e9daction est constitu\u00e9e de membres experts dans les m\u00e9tiers de l'\u00e9conomie et la gestion, des Responsables d'agence Comptoir National de l'Or, des analystes financiers qui publient r\u00e9guli\u00e8rement des \u00e9tudes sur les politiques des banques centrales, le cours de l'or, prix de l'or, cours de l'argent, prix de l'argent, cours du platine, cours du palladium,... la situation en zone euro et l'impact de la strat\u00e9gie mon\u00e9taire de la FED. Notre \u00e9quipe scrute \u00e9galement une information plus g\u00e9n\u00e9raliste \u00e0 la recherche d'actualit\u00e9 \\\"p\u00e9pite\\\" \u00e0 vous partager. Depuis 5 ans, nous avons publi\u00e9 un peu plus de 4000 articles qui s'adressent \u00e0 un public large et vari\u00e9 ayant pour objectif de satisfaire votre curiosit\u00e9 et de partager avec vous une certaine fascination pour le m\u00e9tal jaune, le rachat d'or, et pour ceux qui veulent investir dans l'or, vendre leur or tout simplement en savoir plus... Pour tous vos achat or et argent, n'h\u00e9sitez pas \u00e0 prendre rendez-vous dans l'un de nos nombreux comptoirs.\",\"sameAs\":[\"https:\\\/\\\/www.gold.fr\"]}]}<\/script>\n<!-- \/ Yoast SEO plugin. -->","yoast_head_json":{"title":"March\u00e9s : Phase morose prolong\u00e9e - Gold.fr","robots":{"index":"index","follow":"follow","max-snippet":"max-snippet:-1","max-image-preview":"max-image-preview:large","max-video-preview":"max-video-preview:-1"},"canonical":"https:\/\/www.gold.fr\/news\/2015\/05\/04\/marches-phase-morose-prolongee\/","og_locale":"fr_FR","og_type":"article","og_title":"March\u00e9s : Phase morose prolong\u00e9e - Gold.fr","og_description":"Entre les faibles retours d\u2019espoir concernant le dossier grec et les perspectives d\u2019une politique mon\u00e9taire FED qui semblent de plus en plus confuses, les march\u00e9s d\u2019investissement ne savent plus sur quel pied danser. Et c\u2019est du [&hellip;]","og_url":"https:\/\/www.gold.fr\/news\/2015\/05\/04\/marches-phase-morose-prolongee\/","og_site_name":"Gold.fr","article_publisher":"https:\/\/www.facebook.com\/Goldfr\/","article_published_time":"2015-05-04T15:00:16+00:00","article_modified_time":"2017-11-02T10:30:00+00:00","og_image":[{"width":614,"height":669,"url":"https:\/\/www.gold.fr\/news\/wp-content\/uploads\/2014\/03\/image21.jpeg","type":"image\/jpeg"}],"author":"Comptoir National de l'Or","twitter_card":"summary_large_image","twitter_misc":{"\u00c9crit par":"Comptoir National de l'Or","Dur\u00e9e de lecture estim\u00e9e":"1 minute"},"schema":{"@context":"https:\/\/schema.org","@graph":[{"@type":"Article","@id":"https:\/\/www.gold.fr\/news\/2015\/05\/04\/marches-phase-morose-prolongee\/#article","isPartOf":{"@id":"https:\/\/www.gold.fr\/news\/2015\/05\/04\/marches-phase-morose-prolongee\/"},"author":{"name":"Comptoir National de l'Or","@id":"https:\/\/www.gold.fr\/news\/#\/schema\/person\/070491b4b4fb7671bf59b3be20302ce9"},"headline":"March\u00e9s : Phase morose prolong\u00e9e","datePublished":"2015-05-04T15:00:16+00:00","dateModified":"2017-11-02T10:30:00+00:00","mainEntityOfPage":{"@id":"https:\/\/www.gold.fr\/news\/2015\/05\/04\/marches-phase-morose-prolongee\/"},"wordCount":277,"commentCount":0,"image":{"@id":"https:\/\/www.gold.fr\/news\/2015\/05\/04\/marches-phase-morose-prolongee\/#primaryimage"},"thumbnailUrl":"https:\/\/www.gold.fr\/news\/wp-content\/uploads\/2014\/03\/image21.jpeg","keywords":["bourse","dossier grec","fed","march\u00e9s"],"articleSection":["Articles de presse"],"inLanguage":"fr-FR"},{"@type":"WebPage","@id":"https:\/\/www.gold.fr\/news\/2015\/05\/04\/marches-phase-morose-prolongee\/","url":"https:\/\/www.gold.fr\/news\/2015\/05\/04\/marches-phase-morose-prolongee\/","name":"March\u00e9s : Phase morose prolong\u00e9e - Gold.fr","isPartOf":{"@id":"https:\/\/www.gold.fr\/news\/#website"},"primaryImageOfPage":{"@id":"https:\/\/www.gold.fr\/news\/2015\/05\/04\/marches-phase-morose-prolongee\/#primaryimage"},"image":{"@id":"https:\/\/www.gold.fr\/news\/2015\/05\/04\/marches-phase-morose-prolongee\/#primaryimage"},"thumbnailUrl":"https:\/\/www.gold.fr\/news\/wp-content\/uploads\/2014\/03\/image21.jpeg","datePublished":"2015-05-04T15:00:16+00:00","dateModified":"2017-11-02T10:30:00+00:00","author":{"@id":"https:\/\/www.gold.fr\/news\/#\/schema\/person\/070491b4b4fb7671bf59b3be20302ce9"},"breadcrumb":{"@id":"https:\/\/www.gold.fr\/news\/2015\/05\/04\/marches-phase-morose-prolongee\/#breadcrumb"},"inLanguage":"fr-FR","potentialAction":[{"@type":"ReadAction","target":["https:\/\/www.gold.fr\/news\/2015\/05\/04\/marches-phase-morose-prolongee\/"]}]},{"@type":"ImageObject","inLanguage":"fr-FR","@id":"https:\/\/www.gold.fr\/news\/2015\/05\/04\/marches-phase-morose-prolongee\/#primaryimage","url":"https:\/\/www.gold.fr\/news\/wp-content\/uploads\/2014\/03\/image21.jpeg","contentUrl":"https:\/\/www.gold.fr\/news\/wp-content\/uploads\/2014\/03\/image21.jpeg","width":"614","height":"669","caption":"L\u2019once en \u00e9quilibre face \u00e0 l\u2019envol\u00e9e des indices boursiers"},{"@type":"BreadcrumbList","@id":"https:\/\/www.gold.fr\/news\/2015\/05\/04\/marches-phase-morose-prolongee\/#breadcrumb","itemListElement":[{"@type":"ListItem","position":1,"name":"Accueil","item":"https:\/\/www.gold.fr\/"},{"@type":"ListItem","position":2,"name":"Actualit\u00e9s","item":"https:\/\/www.gold.fr\/news\/"},{"@type":"ListItem","position":3,"name":"March\u00e9s : Phase morose prolong\u00e9e"}]},{"@type":"WebSite","@id":"https:\/\/www.gold.fr\/news\/#website","url":"https:\/\/www.gold.fr\/news\/","name":"Gold.fr","description":"Actualit\u00e9s de l&#039;Or et des m\u00e9taux pr\u00e9cieux","potentialAction":[{"@type":"SearchAction","target":{"@type":"EntryPoint","urlTemplate":"https:\/\/www.gold.fr\/news\/?s={search_term_string}"},"query-input":{"@type":"PropertyValueSpecification","valueRequired":true,"valueName":"search_term_string"}}],"inLanguage":"fr-FR"},{"@type":"Person","@id":"https:\/\/www.gold.fr\/news\/#\/schema\/person\/070491b4b4fb7671bf59b3be20302ce9","name":"Comptoir National de l'Or","image":{"@type":"ImageObject","inLanguage":"fr-FR","@id":"https:\/\/secure.gravatar.com\/avatar\/0a2867fd5abe37bed95d5a65e9d58f01756e11efc68af9888dfc50cfa7f65948?s=96&d=mm&r=gb490554db0a38188709de567aa58480d","url":"https:\/\/secure.gravatar.com\/avatar\/0a2867fd5abe37bed95d5a65e9d58f01756e11efc68af9888dfc50cfa7f65948?s=96&d=mm&r=g","contentUrl":"https:\/\/secure.gravatar.com\/avatar\/0a2867fd5abe37bed95d5a65e9d58f01756e11efc68af9888dfc50cfa7f65948?s=96&d=mm&r=g","caption":"Comptoir National de l'Or"},"description":"Notre r\u00e9daction est constitu\u00e9e de membres experts dans les m\u00e9tiers de l'\u00e9conomie et la gestion, des Responsables d'agence Comptoir National de l'Or, des analystes financiers qui publient r\u00e9guli\u00e8rement des \u00e9tudes sur les politiques des banques centrales, le cours de l'or, prix de l'or, cours de l'argent, prix de l'argent, cours du platine, cours du palladium,... la situation en zone euro et l'impact de la strat\u00e9gie mon\u00e9taire de la FED. Notre \u00e9quipe scrute \u00e9galement une information plus g\u00e9n\u00e9raliste \u00e0 la recherche d'actualit\u00e9 \"p\u00e9pite\" \u00e0 vous partager. Depuis 5 ans, nous avons publi\u00e9 un peu plus de 4000 articles qui s'adressent \u00e0 un public large et vari\u00e9 ayant pour objectif de satisfaire votre curiosit\u00e9 et de partager avec vous une certaine fascination pour le m\u00e9tal jaune, le rachat d'or, et pour ceux qui veulent investir dans l'or, vendre leur or tout simplement en savoir plus... Pour tous vos achat or et argent, n'h\u00e9sitez pas \u00e0 prendre rendez-vous dans l'un de nos nombreux comptoirs.","sameAs":["https:\/\/www.gold.fr"]}]}},"authors":[{"term_id":2565,"user_id":18,"is_guest":0,"slug":"julie","display_name":"Comptoir National de l'Or","avatar_url":"https:\/\/secure.gravatar.com\/avatar\/713f289e398d35ead876c4a4cc08607f0d6d266058cfc25683fffb6092d0e572?s=96&d=mm&r=g","0":null,"1":"","2":"","3":"","4":"","5":"","6":"","7":"","8":""}],"_links":{"self":[{"href":"https:\/\/www.gold.fr\/news\/wp-json\/wp\/v2\/posts\/17071","targetHints":{"allow":["GET"]}}],"collection":[{"href":"https:\/\/www.gold.fr\/news\/wp-json\/wp\/v2\/posts"}],"about":[{"href":"https:\/\/www.gold.fr\/news\/wp-json\/wp\/v2\/types\/post"}],"author":[{"embeddable":true,"href":"https:\/\/www.gold.fr\/news\/wp-json\/wp\/v2\/users\/18"}],"replies":[{"embeddable":true,"href":"https:\/\/www.gold.fr\/news\/wp-json\/wp\/v2\/comments?post=17071"}],"version-history":[{"count":0,"href":"https:\/\/www.gold.fr\/news\/wp-json\/wp\/v2\/posts\/17071\/revisions"}],"wp:featuredmedia":[{"embeddable":true,"href":"https:\/\/www.gold.fr\/news\/wp-json\/wp\/v2\/media\/14237"}],"wp:attachment":[{"href":"https:\/\/www.gold.fr\/news\/wp-json\/wp\/v2\/media?parent=17071"}],"wp:term":[{"taxonomy":"category","embeddable":true,"href":"https:\/\/www.gold.fr\/news\/wp-json\/wp\/v2\/categories?post=17071"},{"taxonomy":"post_tag","embeddable":true,"href":"https:\/\/www.gold.fr\/news\/wp-json\/wp\/v2\/tags?post=17071"},{"taxonomy":"author","embeddable":true,"href":"https:\/\/www.gold.fr\/news\/wp-json\/wp\/v2\/ppma_author?post=17071"}],"curies":[{"name":"wp","href":"https:\/\/api.w.org\/{rel}","templated":true}]}}