{"id":17063,"date":"2015-04-30T17:00:22","date_gmt":"2015-04-30T15:00:22","guid":{"rendered":"https:\/\/www.gold.fr\/news\/?p=17063"},"modified":"2017-11-02T11:30:00","modified_gmt":"2017-11-02T10:30:00","slug":"lonce-reprend-des-couleurs","status":"publish","type":"post","link":"https:\/\/www.gold.fr\/news\/2015\/04\/30\/lonce-reprend-des-couleurs\/","title":{"rendered":"L\u2019once reprend des couleurs"},"content":{"rendered":"<p><img loading=\"lazy\" decoding=\"async\" class=\"alignleft size-thumbnail wp-image-15563\" title=\"L\u2019once reprend des couleurs\" src=\"https:\/\/www.gold.fr\/news\/wp-content\/uploads\/2014\/09\/IMG3-150x150.jpg\" alt=\"\" width=\"150\" height=\"150\" \/><span style=\"font-size: small;\">La semaine demeure un test technique et symbolique relativement important pour <a title=\"Prix de l'Once d'or\" href=\"https:\/\/www.gold.fr\/once-or-nyc\/\" target=\"_blank\">l\u2019once<\/a>, et son bilan hebdomadaire pourrait bien repr\u00e9senter un tournant assez significatif dans l&rsquo;\u00e9volution mensuelle et trimestrielle g\u00e9n\u00e9rale du march\u00e9 aurif\u00e8re. Toutefois, il est d&rsquo;ores et d\u00e9j\u00e0 possible de confirmer le constat d&rsquo;une tendance haussi\u00e8re solide au sein du march\u00e9. L&rsquo;once reprend des couleurs et de la force, boost\u00e9e par une conjoncture \u00e9conomique relativement stabilis\u00e9e et un dollar affaibli.<\/span>    <span style=\"font-size: small;\">Et cette stagnation du billet vert repr\u00e9sente certainement le facteur d\u00e9cisif et majeur dans la hausse de l&rsquo;<a href='https:\/\/www.gold.fr\/news\/tags\/or' class='esk-seo-plu-link'>or<\/a>. Le dollar a effectivement enregistr\u00e9 une baisse notable et significative (plus de <strong>2,5%<\/strong>) en l&rsquo;espace d&rsquo;une seule semaine boursi\u00e8re, face \u00e0 son principal concurrent ; l&rsquo;euro. Et dans la mesure o\u00f9 le comit\u00e9 de politique mon\u00e9taire de la <strong>FED<\/strong> n&rsquo;est pas sens\u00e9 cr\u00e9er la surprise, avec une annonce inattendue, d&rsquo;ici la fin de la semaine, cette tendance devrait \u00eatre maintenue jusqu&rsquo;au d\u00e9but de la semaine prochaine.<\/span>    <span style=\"font-size: small;\">De m\u00eame, les experts et \u00e9conomistes tablent, \u00e0 l&rsquo;unanimit\u00e9, sur un maintien du statut quo au sein de la politique mon\u00e9taire <strong>FED<\/strong>. C&rsquo;est le cas de <strong>Quilvest Gestion<\/strong> qui souligne que \u00ab<em> le cycle de reprise aux Etats-Unis traverse une phase de &lsquo;maturation&rsquo;, caract\u00e9ris\u00e9e par des indicateurs \u00e9conomiques orient\u00e9s positivement, mais moins vigoureux qu&rsquo;au cours des derni\u00e8res ann\u00e9es<\/em> \u00bb. Du coup, l&rsquo;\u00e9quipe d&rsquo;analystes estime que \u00ab <em>la R\u00e9serve f\u00e9d\u00e9rale devrait rester pragmatique et piloter une hausse graduelle de ses taux directeurs \u00e0 partir du mois de septembre<\/em> \u00bb.<\/span><\/p>\n<!-- AddThis Advanced Settings generic via filter on the_content --><!-- AddThis Share Buttons generic via filter on the_content -->","protected":false},"excerpt":{"rendered":"<p>La semaine demeure un test technique et symbolique relativement important pour l\u2019once, et son bilan hebdomadaire pourrait bien repr\u00e9senter un tournant assez significatif dans l&rsquo;\u00e9volution mensuelle et trimestrielle g\u00e9n\u00e9rale du march\u00e9 aurif\u00e8re. Toutefois, il est d&rsquo;ores [&hellip;]<\/p>\n","protected":false},"author":18,"featured_media":15563,"comment_status":"open","ping_status":"open","sticky":false,"template":"","format":"standard","meta":{"_mbp_gutenberg_autopost":false,"_pgmb_is_evergreen":false,"_pgmb_ap_template_id":0,"footnotes":""},"categories":[6],"tags":[102,103,144,1268],"ppma_author":[2565],"class_list":["post-17063","post","type-post","status-publish","format-standard","has-post-thumbnail","hentry","category-articles-de-presse","tag-dollar","tag-euro","tag-fed","tag-prix-once"],"yoast_head":"<!-- This site is optimized with the Yoast SEO plugin v27.5 - https:\/\/yoast.com\/product\/yoast-seo-wordpress\/ -->\n<title>L\u2019once reprend des couleurs - Gold.fr<\/title>\n<meta name=\"robots\" content=\"index, follow, max-snippet:-1, max-image-preview:large, max-video-preview:-1\" \/>\n<link rel=\"canonical\" href=\"https:\/\/www.gold.fr\/news\/2015\/04\/30\/lonce-reprend-des-couleurs\/\" \/>\n<meta property=\"og:locale\" content=\"fr_FR\" \/>\n<meta property=\"og:type\" content=\"article\" \/>\n<meta property=\"og:title\" content=\"L\u2019once reprend des couleurs - Gold.fr\" \/>\n<meta property=\"og:description\" content=\"La semaine demeure un test technique et symbolique relativement important pour l\u2019once, et son bilan hebdomadaire pourrait bien repr\u00e9senter un tournant assez significatif dans l&rsquo;\u00e9volution mensuelle et trimestrielle g\u00e9n\u00e9rale du march\u00e9 aurif\u00e8re. Toutefois, il est d&rsquo;ores [&hellip;]\" \/>\n<meta property=\"og:url\" content=\"https:\/\/www.gold.fr\/news\/2015\/04\/30\/lonce-reprend-des-couleurs\/\" \/>\n<meta property=\"og:site_name\" content=\"Gold.fr\" \/>\n<meta property=\"article:publisher\" content=\"https:\/\/www.facebook.com\/Goldfr\/\" \/>\n<meta property=\"article:published_time\" content=\"2015-04-30T15:00:22+00:00\" \/>\n<meta property=\"article:modified_time\" content=\"2017-11-02T10:30:00+00:00\" \/>\n<meta property=\"og:image\" content=\"https:\/\/www.gold.fr\/news\/wp-content\/uploads\/2014\/09\/IMG3.jpg\" \/>\n\t<meta property=\"og:image:width\" content=\"660\" \/>\n\t<meta property=\"og:image:height\" content=\"423\" \/>\n\t<meta property=\"og:image:type\" content=\"image\/jpeg\" \/>\n<meta name=\"author\" content=\"Comptoir National de l&#039;Or\" \/>\n<meta name=\"twitter:card\" content=\"summary_large_image\" \/>\n<meta name=\"twitter:label1\" content=\"\u00c9crit par\" \/>\n\t<meta name=\"twitter:data1\" content=\"Comptoir National de l&#039;Or\" \/>\n\t<meta name=\"twitter:label2\" content=\"Dur\u00e9e de lecture estim\u00e9e\" \/>\n\t<meta name=\"twitter:data2\" content=\"1 minute\" \/>\n<script type=\"application\/ld+json\" class=\"yoast-schema-graph\">{\"@context\":\"https:\\\/\\\/schema.org\",\"@graph\":[{\"@type\":\"Article\",\"@id\":\"https:\\\/\\\/www.gold.fr\\\/news\\\/2015\\\/04\\\/30\\\/lonce-reprend-des-couleurs\\\/#article\",\"isPartOf\":{\"@id\":\"https:\\\/\\\/www.gold.fr\\\/news\\\/2015\\\/04\\\/30\\\/lonce-reprend-des-couleurs\\\/\"},\"author\":{\"name\":\"Comptoir National de l'Or\",\"@id\":\"https:\\\/\\\/www.gold.fr\\\/news\\\/#\\\/schema\\\/person\\\/070491b4b4fb7671bf59b3be20302ce9\"},\"headline\":\"L\u2019once reprend des couleurs\",\"datePublished\":\"2015-04-30T15:00:22+00:00\",\"dateModified\":\"2017-11-02T10:30:00+00:00\",\"mainEntityOfPage\":{\"@id\":\"https:\\\/\\\/www.gold.fr\\\/news\\\/2015\\\/04\\\/30\\\/lonce-reprend-des-couleurs\\\/\"},\"wordCount\":279,\"commentCount\":0,\"image\":{\"@id\":\"https:\\\/\\\/www.gold.fr\\\/news\\\/2015\\\/04\\\/30\\\/lonce-reprend-des-couleurs\\\/#primaryimage\"},\"thumbnailUrl\":\"https:\\\/\\\/www.gold.fr\\\/news\\\/wp-content\\\/uploads\\\/2014\\\/09\\\/IMG3.jpg\",\"keywords\":[\"dollar\",\"euro\",\"fed\",\"prix once\"],\"articleSection\":[\"Articles de presse\"],\"inLanguage\":\"fr-FR\"},{\"@type\":\"WebPage\",\"@id\":\"https:\\\/\\\/www.gold.fr\\\/news\\\/2015\\\/04\\\/30\\\/lonce-reprend-des-couleurs\\\/\",\"url\":\"https:\\\/\\\/www.gold.fr\\\/news\\\/2015\\\/04\\\/30\\\/lonce-reprend-des-couleurs\\\/\",\"name\":\"L\u2019once reprend des couleurs - Gold.fr\",\"isPartOf\":{\"@id\":\"https:\\\/\\\/www.gold.fr\\\/news\\\/#website\"},\"primaryImageOfPage\":{\"@id\":\"https:\\\/\\\/www.gold.fr\\\/news\\\/2015\\\/04\\\/30\\\/lonce-reprend-des-couleurs\\\/#primaryimage\"},\"image\":{\"@id\":\"https:\\\/\\\/www.gold.fr\\\/news\\\/2015\\\/04\\\/30\\\/lonce-reprend-des-couleurs\\\/#primaryimage\"},\"thumbnailUrl\":\"https:\\\/\\\/www.gold.fr\\\/news\\\/wp-content\\\/uploads\\\/2014\\\/09\\\/IMG3.jpg\",\"datePublished\":\"2015-04-30T15:00:22+00:00\",\"dateModified\":\"2017-11-02T10:30:00+00:00\",\"author\":{\"@id\":\"https:\\\/\\\/www.gold.fr\\\/news\\\/#\\\/schema\\\/person\\\/070491b4b4fb7671bf59b3be20302ce9\"},\"breadcrumb\":{\"@id\":\"https:\\\/\\\/www.gold.fr\\\/news\\\/2015\\\/04\\\/30\\\/lonce-reprend-des-couleurs\\\/#breadcrumb\"},\"inLanguage\":\"fr-FR\",\"potentialAction\":[{\"@type\":\"ReadAction\",\"target\":[\"https:\\\/\\\/www.gold.fr\\\/news\\\/2015\\\/04\\\/30\\\/lonce-reprend-des-couleurs\\\/\"]}]},{\"@type\":\"ImageObject\",\"inLanguage\":\"fr-FR\",\"@id\":\"https:\\\/\\\/www.gold.fr\\\/news\\\/2015\\\/04\\\/30\\\/lonce-reprend-des-couleurs\\\/#primaryimage\",\"url\":\"https:\\\/\\\/www.gold.fr\\\/news\\\/wp-content\\\/uploads\\\/2014\\\/09\\\/IMG3.jpg\",\"contentUrl\":\"https:\\\/\\\/www.gold.fr\\\/news\\\/wp-content\\\/uploads\\\/2014\\\/09\\\/IMG3.jpg\",\"width\":\"660\",\"height\":\"423\",\"caption\":\"Etat stationnaire pour l\u2019once en attendant les r\u00e9sultats du premier tour\"},{\"@type\":\"BreadcrumbList\",\"@id\":\"https:\\\/\\\/www.gold.fr\\\/news\\\/2015\\\/04\\\/30\\\/lonce-reprend-des-couleurs\\\/#breadcrumb\",\"itemListElement\":[{\"@type\":\"ListItem\",\"position\":1,\"name\":\"Accueil\",\"item\":\"https:\\\/\\\/www.gold.fr\\\/\"},{\"@type\":\"ListItem\",\"position\":2,\"name\":\"Actualit\u00e9s\",\"item\":\"https:\\\/\\\/www.gold.fr\\\/news\\\/\"},{\"@type\":\"ListItem\",\"position\":3,\"name\":\"L\u2019once reprend des couleurs\"}]},{\"@type\":\"WebSite\",\"@id\":\"https:\\\/\\\/www.gold.fr\\\/news\\\/#website\",\"url\":\"https:\\\/\\\/www.gold.fr\\\/news\\\/\",\"name\":\"Gold.fr\",\"description\":\"Actualit\u00e9s de l&#039;Or et des m\u00e9taux pr\u00e9cieux\",\"potentialAction\":[{\"@type\":\"SearchAction\",\"target\":{\"@type\":\"EntryPoint\",\"urlTemplate\":\"https:\\\/\\\/www.gold.fr\\\/news\\\/?s={search_term_string}\"},\"query-input\":{\"@type\":\"PropertyValueSpecification\",\"valueRequired\":true,\"valueName\":\"search_term_string\"}}],\"inLanguage\":\"fr-FR\"},{\"@type\":\"Person\",\"@id\":\"https:\\\/\\\/www.gold.fr\\\/news\\\/#\\\/schema\\\/person\\\/070491b4b4fb7671bf59b3be20302ce9\",\"name\":\"Comptoir National de l'Or\",\"image\":{\"@type\":\"ImageObject\",\"inLanguage\":\"fr-FR\",\"@id\":\"https:\\\/\\\/secure.gravatar.com\\\/avatar\\\/0a2867fd5abe37bed95d5a65e9d58f01756e11efc68af9888dfc50cfa7f65948?s=96&d=mm&r=gb490554db0a38188709de567aa58480d\",\"url\":\"https:\\\/\\\/secure.gravatar.com\\\/avatar\\\/0a2867fd5abe37bed95d5a65e9d58f01756e11efc68af9888dfc50cfa7f65948?s=96&d=mm&r=g\",\"contentUrl\":\"https:\\\/\\\/secure.gravatar.com\\\/avatar\\\/0a2867fd5abe37bed95d5a65e9d58f01756e11efc68af9888dfc50cfa7f65948?s=96&d=mm&r=g\",\"caption\":\"Comptoir National de l'Or\"},\"description\":\"Notre r\u00e9daction est constitu\u00e9e de membres experts dans les m\u00e9tiers de l'\u00e9conomie et la gestion, des Responsables d'agence Comptoir National de l'Or, des analystes financiers qui publient r\u00e9guli\u00e8rement des \u00e9tudes sur les politiques des banques centrales, le cours de l'or, prix de l'or, cours de l'argent, prix de l'argent, cours du platine, cours du palladium,... la situation en zone euro et l'impact de la strat\u00e9gie mon\u00e9taire de la FED. Notre \u00e9quipe scrute \u00e9galement une information plus g\u00e9n\u00e9raliste \u00e0 la recherche d'actualit\u00e9 \\\"p\u00e9pite\\\" \u00e0 vous partager. Depuis 5 ans, nous avons publi\u00e9 un peu plus de 4000 articles qui s'adressent \u00e0 un public large et vari\u00e9 ayant pour objectif de satisfaire votre curiosit\u00e9 et de partager avec vous une certaine fascination pour le m\u00e9tal jaune, le rachat d'or, et pour ceux qui veulent investir dans l'or, vendre leur or tout simplement en savoir plus... Pour tous vos achat or et argent, n'h\u00e9sitez pas \u00e0 prendre rendez-vous dans l'un de nos nombreux comptoirs.\",\"sameAs\":[\"https:\\\/\\\/www.gold.fr\"]}]}<\/script>\n<!-- \/ Yoast SEO plugin. -->","yoast_head_json":{"title":"L\u2019once reprend des couleurs - Gold.fr","robots":{"index":"index","follow":"follow","max-snippet":"max-snippet:-1","max-image-preview":"max-image-preview:large","max-video-preview":"max-video-preview:-1"},"canonical":"https:\/\/www.gold.fr\/news\/2015\/04\/30\/lonce-reprend-des-couleurs\/","og_locale":"fr_FR","og_type":"article","og_title":"L\u2019once reprend des couleurs - Gold.fr","og_description":"La semaine demeure un test technique et symbolique relativement important pour l\u2019once, et son bilan hebdomadaire pourrait bien repr\u00e9senter un tournant assez significatif dans l&rsquo;\u00e9volution mensuelle et trimestrielle g\u00e9n\u00e9rale du march\u00e9 aurif\u00e8re. Toutefois, il est d&rsquo;ores [&hellip;]","og_url":"https:\/\/www.gold.fr\/news\/2015\/04\/30\/lonce-reprend-des-couleurs\/","og_site_name":"Gold.fr","article_publisher":"https:\/\/www.facebook.com\/Goldfr\/","article_published_time":"2015-04-30T15:00:22+00:00","article_modified_time":"2017-11-02T10:30:00+00:00","og_image":[{"width":660,"height":423,"url":"https:\/\/www.gold.fr\/news\/wp-content\/uploads\/2014\/09\/IMG3.jpg","type":"image\/jpeg"}],"author":"Comptoir National de l'Or","twitter_card":"summary_large_image","twitter_misc":{"\u00c9crit par":"Comptoir National de l'Or","Dur\u00e9e de lecture estim\u00e9e":"1 minute"},"schema":{"@context":"https:\/\/schema.org","@graph":[{"@type":"Article","@id":"https:\/\/www.gold.fr\/news\/2015\/04\/30\/lonce-reprend-des-couleurs\/#article","isPartOf":{"@id":"https:\/\/www.gold.fr\/news\/2015\/04\/30\/lonce-reprend-des-couleurs\/"},"author":{"name":"Comptoir National de l'Or","@id":"https:\/\/www.gold.fr\/news\/#\/schema\/person\/070491b4b4fb7671bf59b3be20302ce9"},"headline":"L\u2019once reprend des couleurs","datePublished":"2015-04-30T15:00:22+00:00","dateModified":"2017-11-02T10:30:00+00:00","mainEntityOfPage":{"@id":"https:\/\/www.gold.fr\/news\/2015\/04\/30\/lonce-reprend-des-couleurs\/"},"wordCount":279,"commentCount":0,"image":{"@id":"https:\/\/www.gold.fr\/news\/2015\/04\/30\/lonce-reprend-des-couleurs\/#primaryimage"},"thumbnailUrl":"https:\/\/www.gold.fr\/news\/wp-content\/uploads\/2014\/09\/IMG3.jpg","keywords":["dollar","euro","fed","prix once"],"articleSection":["Articles de presse"],"inLanguage":"fr-FR"},{"@type":"WebPage","@id":"https:\/\/www.gold.fr\/news\/2015\/04\/30\/lonce-reprend-des-couleurs\/","url":"https:\/\/www.gold.fr\/news\/2015\/04\/30\/lonce-reprend-des-couleurs\/","name":"L\u2019once reprend des couleurs - Gold.fr","isPartOf":{"@id":"https:\/\/www.gold.fr\/news\/#website"},"primaryImageOfPage":{"@id":"https:\/\/www.gold.fr\/news\/2015\/04\/30\/lonce-reprend-des-couleurs\/#primaryimage"},"image":{"@id":"https:\/\/www.gold.fr\/news\/2015\/04\/30\/lonce-reprend-des-couleurs\/#primaryimage"},"thumbnailUrl":"https:\/\/www.gold.fr\/news\/wp-content\/uploads\/2014\/09\/IMG3.jpg","datePublished":"2015-04-30T15:00:22+00:00","dateModified":"2017-11-02T10:30:00+00:00","author":{"@id":"https:\/\/www.gold.fr\/news\/#\/schema\/person\/070491b4b4fb7671bf59b3be20302ce9"},"breadcrumb":{"@id":"https:\/\/www.gold.fr\/news\/2015\/04\/30\/lonce-reprend-des-couleurs\/#breadcrumb"},"inLanguage":"fr-FR","potentialAction":[{"@type":"ReadAction","target":["https:\/\/www.gold.fr\/news\/2015\/04\/30\/lonce-reprend-des-couleurs\/"]}]},{"@type":"ImageObject","inLanguage":"fr-FR","@id":"https:\/\/www.gold.fr\/news\/2015\/04\/30\/lonce-reprend-des-couleurs\/#primaryimage","url":"https:\/\/www.gold.fr\/news\/wp-content\/uploads\/2014\/09\/IMG3.jpg","contentUrl":"https:\/\/www.gold.fr\/news\/wp-content\/uploads\/2014\/09\/IMG3.jpg","width":"660","height":"423","caption":"Etat stationnaire pour l\u2019once en attendant les r\u00e9sultats du premier tour"},{"@type":"BreadcrumbList","@id":"https:\/\/www.gold.fr\/news\/2015\/04\/30\/lonce-reprend-des-couleurs\/#breadcrumb","itemListElement":[{"@type":"ListItem","position":1,"name":"Accueil","item":"https:\/\/www.gold.fr\/"},{"@type":"ListItem","position":2,"name":"Actualit\u00e9s","item":"https:\/\/www.gold.fr\/news\/"},{"@type":"ListItem","position":3,"name":"L\u2019once reprend des couleurs"}]},{"@type":"WebSite","@id":"https:\/\/www.gold.fr\/news\/#website","url":"https:\/\/www.gold.fr\/news\/","name":"Gold.fr","description":"Actualit\u00e9s de l&#039;Or et des m\u00e9taux pr\u00e9cieux","potentialAction":[{"@type":"SearchAction","target":{"@type":"EntryPoint","urlTemplate":"https:\/\/www.gold.fr\/news\/?s={search_term_string}"},"query-input":{"@type":"PropertyValueSpecification","valueRequired":true,"valueName":"search_term_string"}}],"inLanguage":"fr-FR"},{"@type":"Person","@id":"https:\/\/www.gold.fr\/news\/#\/schema\/person\/070491b4b4fb7671bf59b3be20302ce9","name":"Comptoir National de l'Or","image":{"@type":"ImageObject","inLanguage":"fr-FR","@id":"https:\/\/secure.gravatar.com\/avatar\/0a2867fd5abe37bed95d5a65e9d58f01756e11efc68af9888dfc50cfa7f65948?s=96&d=mm&r=gb490554db0a38188709de567aa58480d","url":"https:\/\/secure.gravatar.com\/avatar\/0a2867fd5abe37bed95d5a65e9d58f01756e11efc68af9888dfc50cfa7f65948?s=96&d=mm&r=g","contentUrl":"https:\/\/secure.gravatar.com\/avatar\/0a2867fd5abe37bed95d5a65e9d58f01756e11efc68af9888dfc50cfa7f65948?s=96&d=mm&r=g","caption":"Comptoir National de l'Or"},"description":"Notre r\u00e9daction est constitu\u00e9e de membres experts dans les m\u00e9tiers de l'\u00e9conomie et la gestion, des Responsables d'agence Comptoir National de l'Or, des analystes financiers qui publient r\u00e9guli\u00e8rement des \u00e9tudes sur les politiques des banques centrales, le cours de l'or, prix de l'or, cours de l'argent, prix de l'argent, cours du platine, cours du palladium,... la situation en zone euro et l'impact de la strat\u00e9gie mon\u00e9taire de la FED. Notre \u00e9quipe scrute \u00e9galement une information plus g\u00e9n\u00e9raliste \u00e0 la recherche d'actualit\u00e9 \"p\u00e9pite\" \u00e0 vous partager. Depuis 5 ans, nous avons publi\u00e9 un peu plus de 4000 articles qui s'adressent \u00e0 un public large et vari\u00e9 ayant pour objectif de satisfaire votre curiosit\u00e9 et de partager avec vous une certaine fascination pour le m\u00e9tal jaune, le rachat d'or, et pour ceux qui veulent investir dans l'or, vendre leur or tout simplement en savoir plus... Pour tous vos achat or et argent, n'h\u00e9sitez pas \u00e0 prendre rendez-vous dans l'un de nos nombreux comptoirs.","sameAs":["https:\/\/www.gold.fr"]}]}},"authors":[{"term_id":2565,"user_id":18,"is_guest":0,"slug":"julie","display_name":"Comptoir National de l'Or","avatar_url":"https:\/\/secure.gravatar.com\/avatar\/713f289e398d35ead876c4a4cc08607f0d6d266058cfc25683fffb6092d0e572?s=96&d=mm&r=g","0":null,"1":"","2":"","3":"","4":"","5":"","6":"","7":"","8":""}],"_links":{"self":[{"href":"https:\/\/www.gold.fr\/news\/wp-json\/wp\/v2\/posts\/17063","targetHints":{"allow":["GET"]}}],"collection":[{"href":"https:\/\/www.gold.fr\/news\/wp-json\/wp\/v2\/posts"}],"about":[{"href":"https:\/\/www.gold.fr\/news\/wp-json\/wp\/v2\/types\/post"}],"author":[{"embeddable":true,"href":"https:\/\/www.gold.fr\/news\/wp-json\/wp\/v2\/users\/18"}],"replies":[{"embeddable":true,"href":"https:\/\/www.gold.fr\/news\/wp-json\/wp\/v2\/comments?post=17063"}],"version-history":[{"count":0,"href":"https:\/\/www.gold.fr\/news\/wp-json\/wp\/v2\/posts\/17063\/revisions"}],"wp:featuredmedia":[{"embeddable":true,"href":"https:\/\/www.gold.fr\/news\/wp-json\/wp\/v2\/media\/15563"}],"wp:attachment":[{"href":"https:\/\/www.gold.fr\/news\/wp-json\/wp\/v2\/media?parent=17063"}],"wp:term":[{"taxonomy":"category","embeddable":true,"href":"https:\/\/www.gold.fr\/news\/wp-json\/wp\/v2\/categories?post=17063"},{"taxonomy":"post_tag","embeddable":true,"href":"https:\/\/www.gold.fr\/news\/wp-json\/wp\/v2\/tags?post=17063"},{"taxonomy":"author","embeddable":true,"href":"https:\/\/www.gold.fr\/news\/wp-json\/wp\/v2\/ppma_author?post=17063"}],"curies":[{"name":"wp","href":"https:\/\/api.w.org\/{rel}","templated":true}]}}