{"id":17042,"date":"2015-04-28T09:00:31","date_gmt":"2015-04-28T07:00:31","guid":{"rendered":"https:\/\/www.gold.fr\/news\/?p=17042"},"modified":"2017-11-02T11:30:01","modified_gmt":"2017-11-02T10:30:01","slug":"grece-le-probleme-du-marche-aurifereet-sa-solution","status":"publish","type":"post","link":"https:\/\/www.gold.fr\/news\/2015\/04\/28\/grece-le-probleme-du-marche-aurifereet-sa-solution\/","title":{"rendered":"Gr\u00e8ce : Le probl\u00e8me du march\u00e9 aurif\u00e8re\u2026et sa solution"},"content":{"rendered":"<p><img loading=\"lazy\" decoding=\"async\" class=\"alignleft size-thumbnail wp-image-5001\" title=\"Gr\u00e8ce : Le probl\u00e8me du march\u00e9 aurif\u00e8re\u2026et sa solution\" src=\"https:\/\/www.gold.fr\/news\/wp-content\/uploads\/2010\/09\/monnaie-dor-150x150.jpg\" alt=\"\" width=\"150\" height=\"150\" \/><span style=\"font-size: small;\">L&rsquo;<a href='https:\/\/www.gold.fr\/news\/tags\/or' class='esk-seo-plu-link'>or<\/a> avait efficacement r\u00e9sist\u00e9, <a title=\"L\u2019or r\u00e9siste aux pressions baissi\u00e8res\" href=\"https:\/\/www.gold.fr\/news\/2015\/04\/24\/lor-resiste-aux-pressions-baissieres\/17033\/\" target=\"_blank\">tout au long de la semaine derni\u00e8re<\/a>, aux diff\u00e9rentes pressions baissi\u00e8res dont notamment celles de la confiance renouvel\u00e9e de la r\u00e9serve f\u00e9d\u00e9rale am\u00e9ricaine, la belle performance de certains indicateurs macro\u00e9conomiques am\u00e9ricains, et le calme pr\u00e9caire et attentiste au sein de la saga du dossier grec.<\/span>    <span style=\"font-size: small;\">Vendredi dernier, <strong>Ole Hansen<\/strong>, analyste chez <strong>Saxo Bank<\/strong>, soulignait d\u00e9j\u00e0 que \u00ab<em> l&rsquo;<a href='https:\/\/www.gold.fr\/news\/tags\/or' class='esk-seo-plu-link'>or<\/a> avait du mal \u00e0 savoir sur quel pied danser, malgr\u00e9 le soutien re\u00e7u apr\u00e8s la publication de donn\u00e9es \u00e9conomiques d\u00e9cevantes aux \u00c9tats-Unis et un dollar faible<\/em> \u00bb. <a title=\"Prix de l'Once d'or\" href=\"https:\/\/www.gold.fr\/once-or-nyc\/\" target=\"_blank\">Le prix de l\u2019once<\/a> c\u00e8de toutefois relativement, <a title=\"Baisse relative de l\u2019once\" href=\"https:\/\/www.gold.fr\/news\/2015\/04\/27\/baisse-relative-de-lonce\/17038\/\" target=\"_blank\">au d\u00e9but de cette nouvelle semaine boursi\u00e8re<\/a>, sous l&rsquo;accumulation d&rsquo;un nouveau facteur baissier ; un regain d&rsquo;optimisme concernant la crise d&rsquo;endettement grecque. Les op\u00e9rateurs ont effectivement l&rsquo;espoir de voir le gouvernement d&rsquo;Ath\u00e8nes conclure un accord imminent avec ses principaux cr\u00e9anciers internationaux, \u00ab <em>ce qui fournirait \u00e0 la Gr\u00e8ce des lignes de financement cruciales pour lui \u00e9viter un d\u00e9faut de paiement<\/em> \u00bb.<\/span>    <span style=\"font-size: small;\">Les sp\u00e9cialistes d&rsquo;<strong>UBS<\/strong> estiment d&rsquo;ailleurs que ce repli demeure largement conjoncturel, rappelant que \u00ab<em> la prochaine date clef \u00e0 surveiller est le 11 mai, la r\u00e9union officielle de l&rsquo;Eurogroupe<\/em> \u00bb, estimant que tout reste envisageable, m\u00eame l&rsquo;hypoth\u00e8se que le pays soit incapable d&rsquo;honorer sa dette. Selon l&rsquo;\u00e9quipe d&rsquo;experts, \u00ab <em>l&rsquo;<a href='https:\/\/www.gold.fr\/news\/tags\/or' class='esk-seo-plu-link'>or<\/a> pourrait ainsi regagner du terrain, retrouvant son statut de valeur refuge<\/em> \u00bb.<\/span><\/p>\n<!-- AddThis Advanced Settings generic via filter on the_content --><!-- AddThis Share Buttons generic via filter on the_content -->","protected":false},"excerpt":{"rendered":"<p>L&rsquo;or avait efficacement r\u00e9sist\u00e9, tout au long de la semaine derni\u00e8re, aux diff\u00e9rentes pressions baissi\u00e8res dont notamment celles de la confiance renouvel\u00e9e de la r\u00e9serve f\u00e9d\u00e9rale am\u00e9ricaine, la belle performance de certains indicateurs macro\u00e9conomiques am\u00e9ricains, et [&hellip;]<\/p>\n","protected":false},"author":18,"featured_media":5001,"comment_status":"open","ping_status":"open","sticky":false,"template":"","format":"standard","meta":{"_mbp_gutenberg_autopost":false,"_pgmb_is_evergreen":false,"_pgmb_ap_template_id":0,"footnotes":""},"categories":[6],"tags":[1269,2010,224,1268],"ppma_author":[2565],"class_list":["post-17042","post","type-post","status-publish","format-standard","has-post-thumbnail","hentry","category-articles-de-presse","tag-baisse-or","tag-dossier-grec","tag-grece","tag-prix-once"],"yoast_head":"<!-- This site is optimized with the Yoast SEO plugin v27.5 - https:\/\/yoast.com\/product\/yoast-seo-wordpress\/ -->\n<title>Gr\u00e8ce : Le probl\u00e8me du march\u00e9 aurif\u00e8re\u2026et sa solution - Gold.fr<\/title>\n<meta name=\"robots\" content=\"index, follow, max-snippet:-1, max-image-preview:large, max-video-preview:-1\" \/>\n<link rel=\"canonical\" href=\"https:\/\/www.gold.fr\/news\/2015\/04\/28\/grece-le-probleme-du-marche-aurifereet-sa-solution\/\" \/>\n<meta property=\"og:locale\" content=\"fr_FR\" \/>\n<meta property=\"og:type\" content=\"article\" \/>\n<meta property=\"og:title\" content=\"Gr\u00e8ce : Le probl\u00e8me du march\u00e9 aurif\u00e8re\u2026et sa solution - Gold.fr\" \/>\n<meta property=\"og:description\" content=\"L&rsquo;or avait efficacement r\u00e9sist\u00e9, tout au long de la semaine derni\u00e8re, aux diff\u00e9rentes pressions baissi\u00e8res dont notamment celles de la confiance renouvel\u00e9e de la r\u00e9serve f\u00e9d\u00e9rale am\u00e9ricaine, la belle performance de certains indicateurs macro\u00e9conomiques am\u00e9ricains, et [&hellip;]\" \/>\n<meta property=\"og:url\" content=\"https:\/\/www.gold.fr\/news\/2015\/04\/28\/grece-le-probleme-du-marche-aurifereet-sa-solution\/\" \/>\n<meta property=\"og:site_name\" content=\"Gold.fr\" \/>\n<meta property=\"article:publisher\" content=\"https:\/\/www.facebook.com\/Goldfr\/\" \/>\n<meta property=\"article:published_time\" content=\"2015-04-28T07:00:31+00:00\" \/>\n<meta property=\"article:modified_time\" content=\"2017-11-02T10:30:01+00:00\" \/>\n<meta property=\"og:image\" content=\"https:\/\/www.gold.fr\/news\/wp-content\/uploads\/2010\/09\/monnaie-dor.jpg\" \/>\n\t<meta property=\"og:image:width\" content=\"600\" \/>\n\t<meta property=\"og:image:height\" content=\"485\" \/>\n\t<meta property=\"og:image:type\" content=\"image\/jpeg\" \/>\n<meta name=\"author\" content=\"Comptoir National de l&#039;Or\" \/>\n<meta name=\"twitter:card\" content=\"summary_large_image\" \/>\n<meta name=\"twitter:label1\" content=\"\u00c9crit par\" \/>\n\t<meta name=\"twitter:data1\" content=\"Comptoir National de l&#039;Or\" \/>\n\t<meta name=\"twitter:label2\" content=\"Dur\u00e9e de lecture estim\u00e9e\" \/>\n\t<meta name=\"twitter:data2\" content=\"1 minute\" \/>\n<script type=\"application\/ld+json\" class=\"yoast-schema-graph\">{\"@context\":\"https:\\\/\\\/schema.org\",\"@graph\":[{\"@type\":\"Article\",\"@id\":\"https:\\\/\\\/www.gold.fr\\\/news\\\/2015\\\/04\\\/28\\\/grece-le-probleme-du-marche-aurifereet-sa-solution\\\/#article\",\"isPartOf\":{\"@id\":\"https:\\\/\\\/www.gold.fr\\\/news\\\/2015\\\/04\\\/28\\\/grece-le-probleme-du-marche-aurifereet-sa-solution\\\/\"},\"author\":{\"name\":\"Comptoir National de l'Or\",\"@id\":\"https:\\\/\\\/www.gold.fr\\\/news\\\/#\\\/schema\\\/person\\\/070491b4b4fb7671bf59b3be20302ce9\"},\"headline\":\"Gr\u00e8ce : Le probl\u00e8me du march\u00e9 aurif\u00e8re\u2026et sa solution\",\"datePublished\":\"2015-04-28T07:00:31+00:00\",\"dateModified\":\"2017-11-02T10:30:01+00:00\",\"mainEntityOfPage\":{\"@id\":\"https:\\\/\\\/www.gold.fr\\\/news\\\/2015\\\/04\\\/28\\\/grece-le-probleme-du-marche-aurifereet-sa-solution\\\/\"},\"wordCount\":264,\"commentCount\":0,\"image\":{\"@id\":\"https:\\\/\\\/www.gold.fr\\\/news\\\/2015\\\/04\\\/28\\\/grece-le-probleme-du-marche-aurifereet-sa-solution\\\/#primaryimage\"},\"thumbnailUrl\":\"https:\\\/\\\/www.gold.fr\\\/news\\\/wp-content\\\/uploads\\\/2010\\\/09\\\/monnaie-dor.jpg\",\"keywords\":[\"baisse or\",\"dossier grec\",\"Gr\u00e8ce\",\"prix once\"],\"articleSection\":[\"Articles de presse\"],\"inLanguage\":\"fr-FR\"},{\"@type\":\"WebPage\",\"@id\":\"https:\\\/\\\/www.gold.fr\\\/news\\\/2015\\\/04\\\/28\\\/grece-le-probleme-du-marche-aurifereet-sa-solution\\\/\",\"url\":\"https:\\\/\\\/www.gold.fr\\\/news\\\/2015\\\/04\\\/28\\\/grece-le-probleme-du-marche-aurifereet-sa-solution\\\/\",\"name\":\"Gr\u00e8ce : Le probl\u00e8me du march\u00e9 aurif\u00e8re\u2026et sa solution - Gold.fr\",\"isPartOf\":{\"@id\":\"https:\\\/\\\/www.gold.fr\\\/news\\\/#website\"},\"primaryImageOfPage\":{\"@id\":\"https:\\\/\\\/www.gold.fr\\\/news\\\/2015\\\/04\\\/28\\\/grece-le-probleme-du-marche-aurifereet-sa-solution\\\/#primaryimage\"},\"image\":{\"@id\":\"https:\\\/\\\/www.gold.fr\\\/news\\\/2015\\\/04\\\/28\\\/grece-le-probleme-du-marche-aurifereet-sa-solution\\\/#primaryimage\"},\"thumbnailUrl\":\"https:\\\/\\\/www.gold.fr\\\/news\\\/wp-content\\\/uploads\\\/2010\\\/09\\\/monnaie-dor.jpg\",\"datePublished\":\"2015-04-28T07:00:31+00:00\",\"dateModified\":\"2017-11-02T10:30:01+00:00\",\"author\":{\"@id\":\"https:\\\/\\\/www.gold.fr\\\/news\\\/#\\\/schema\\\/person\\\/070491b4b4fb7671bf59b3be20302ce9\"},\"breadcrumb\":{\"@id\":\"https:\\\/\\\/www.gold.fr\\\/news\\\/2015\\\/04\\\/28\\\/grece-le-probleme-du-marche-aurifereet-sa-solution\\\/#breadcrumb\"},\"inLanguage\":\"fr-FR\",\"potentialAction\":[{\"@type\":\"ReadAction\",\"target\":[\"https:\\\/\\\/www.gold.fr\\\/news\\\/2015\\\/04\\\/28\\\/grece-le-probleme-du-marche-aurifereet-sa-solution\\\/\"]}]},{\"@type\":\"ImageObject\",\"inLanguage\":\"fr-FR\",\"@id\":\"https:\\\/\\\/www.gold.fr\\\/news\\\/2015\\\/04\\\/28\\\/grece-le-probleme-du-marche-aurifereet-sa-solution\\\/#primaryimage\",\"url\":\"https:\\\/\\\/www.gold.fr\\\/news\\\/wp-content\\\/uploads\\\/2010\\\/09\\\/monnaie-dor.jpg\",\"contentUrl\":\"https:\\\/\\\/www.gold.fr\\\/news\\\/wp-content\\\/uploads\\\/2010\\\/09\\\/monnaie-dor.jpg\",\"width\":\"600\",\"height\":\"485\"},{\"@type\":\"BreadcrumbList\",\"@id\":\"https:\\\/\\\/www.gold.fr\\\/news\\\/2015\\\/04\\\/28\\\/grece-le-probleme-du-marche-aurifereet-sa-solution\\\/#breadcrumb\",\"itemListElement\":[{\"@type\":\"ListItem\",\"position\":1,\"name\":\"Accueil\",\"item\":\"https:\\\/\\\/www.gold.fr\\\/\"},{\"@type\":\"ListItem\",\"position\":2,\"name\":\"Actualit\u00e9s\",\"item\":\"https:\\\/\\\/www.gold.fr\\\/news\\\/\"},{\"@type\":\"ListItem\",\"position\":3,\"name\":\"Gr\u00e8ce : Le probl\u00e8me du march\u00e9 aurif\u00e8re\u2026et sa solution\"}]},{\"@type\":\"WebSite\",\"@id\":\"https:\\\/\\\/www.gold.fr\\\/news\\\/#website\",\"url\":\"https:\\\/\\\/www.gold.fr\\\/news\\\/\",\"name\":\"Gold.fr\",\"description\":\"Actualit\u00e9s de l&#039;Or et des m\u00e9taux pr\u00e9cieux\",\"potentialAction\":[{\"@type\":\"SearchAction\",\"target\":{\"@type\":\"EntryPoint\",\"urlTemplate\":\"https:\\\/\\\/www.gold.fr\\\/news\\\/?s={search_term_string}\"},\"query-input\":{\"@type\":\"PropertyValueSpecification\",\"valueRequired\":true,\"valueName\":\"search_term_string\"}}],\"inLanguage\":\"fr-FR\"},{\"@type\":\"Person\",\"@id\":\"https:\\\/\\\/www.gold.fr\\\/news\\\/#\\\/schema\\\/person\\\/070491b4b4fb7671bf59b3be20302ce9\",\"name\":\"Comptoir National de l'Or\",\"image\":{\"@type\":\"ImageObject\",\"inLanguage\":\"fr-FR\",\"@id\":\"https:\\\/\\\/secure.gravatar.com\\\/avatar\\\/0a2867fd5abe37bed95d5a65e9d58f01756e11efc68af9888dfc50cfa7f65948?s=96&d=mm&r=gb490554db0a38188709de567aa58480d\",\"url\":\"https:\\\/\\\/secure.gravatar.com\\\/avatar\\\/0a2867fd5abe37bed95d5a65e9d58f01756e11efc68af9888dfc50cfa7f65948?s=96&d=mm&r=g\",\"contentUrl\":\"https:\\\/\\\/secure.gravatar.com\\\/avatar\\\/0a2867fd5abe37bed95d5a65e9d58f01756e11efc68af9888dfc50cfa7f65948?s=96&d=mm&r=g\",\"caption\":\"Comptoir National de l'Or\"},\"description\":\"Notre r\u00e9daction est constitu\u00e9e de membres experts dans les m\u00e9tiers de l'\u00e9conomie et la gestion, des Responsables d'agence Comptoir National de l'Or, des analystes financiers qui publient r\u00e9guli\u00e8rement des \u00e9tudes sur les politiques des banques centrales, le cours de l'or, prix de l'or, cours de l'argent, prix de l'argent, cours du platine, cours du palladium,... la situation en zone euro et l'impact de la strat\u00e9gie mon\u00e9taire de la FED. Notre \u00e9quipe scrute \u00e9galement une information plus g\u00e9n\u00e9raliste \u00e0 la recherche d'actualit\u00e9 \\\"p\u00e9pite\\\" \u00e0 vous partager. Depuis 5 ans, nous avons publi\u00e9 un peu plus de 4000 articles qui s'adressent \u00e0 un public large et vari\u00e9 ayant pour objectif de satisfaire votre curiosit\u00e9 et de partager avec vous une certaine fascination pour le m\u00e9tal jaune, le rachat d'or, et pour ceux qui veulent investir dans l'or, vendre leur or tout simplement en savoir plus... Pour tous vos achat or et argent, n'h\u00e9sitez pas \u00e0 prendre rendez-vous dans l'un de nos nombreux comptoirs.\",\"sameAs\":[\"https:\\\/\\\/www.gold.fr\"]}]}<\/script>\n<!-- \/ Yoast SEO plugin. -->","yoast_head_json":{"title":"Gr\u00e8ce : Le probl\u00e8me du march\u00e9 aurif\u00e8re\u2026et sa solution - Gold.fr","robots":{"index":"index","follow":"follow","max-snippet":"max-snippet:-1","max-image-preview":"max-image-preview:large","max-video-preview":"max-video-preview:-1"},"canonical":"https:\/\/www.gold.fr\/news\/2015\/04\/28\/grece-le-probleme-du-marche-aurifereet-sa-solution\/","og_locale":"fr_FR","og_type":"article","og_title":"Gr\u00e8ce : Le probl\u00e8me du march\u00e9 aurif\u00e8re\u2026et sa solution - Gold.fr","og_description":"L&rsquo;or avait efficacement r\u00e9sist\u00e9, tout au long de la semaine derni\u00e8re, aux diff\u00e9rentes pressions baissi\u00e8res dont notamment celles de la confiance renouvel\u00e9e de la r\u00e9serve f\u00e9d\u00e9rale am\u00e9ricaine, la belle performance de certains indicateurs macro\u00e9conomiques am\u00e9ricains, et [&hellip;]","og_url":"https:\/\/www.gold.fr\/news\/2015\/04\/28\/grece-le-probleme-du-marche-aurifereet-sa-solution\/","og_site_name":"Gold.fr","article_publisher":"https:\/\/www.facebook.com\/Goldfr\/","article_published_time":"2015-04-28T07:00:31+00:00","article_modified_time":"2017-11-02T10:30:01+00:00","og_image":[{"width":600,"height":485,"url":"https:\/\/www.gold.fr\/news\/wp-content\/uploads\/2010\/09\/monnaie-dor.jpg","type":"image\/jpeg"}],"author":"Comptoir National de l'Or","twitter_card":"summary_large_image","twitter_misc":{"\u00c9crit par":"Comptoir National de l'Or","Dur\u00e9e de lecture estim\u00e9e":"1 minute"},"schema":{"@context":"https:\/\/schema.org","@graph":[{"@type":"Article","@id":"https:\/\/www.gold.fr\/news\/2015\/04\/28\/grece-le-probleme-du-marche-aurifereet-sa-solution\/#article","isPartOf":{"@id":"https:\/\/www.gold.fr\/news\/2015\/04\/28\/grece-le-probleme-du-marche-aurifereet-sa-solution\/"},"author":{"name":"Comptoir National de l'Or","@id":"https:\/\/www.gold.fr\/news\/#\/schema\/person\/070491b4b4fb7671bf59b3be20302ce9"},"headline":"Gr\u00e8ce : Le probl\u00e8me du march\u00e9 aurif\u00e8re\u2026et sa solution","datePublished":"2015-04-28T07:00:31+00:00","dateModified":"2017-11-02T10:30:01+00:00","mainEntityOfPage":{"@id":"https:\/\/www.gold.fr\/news\/2015\/04\/28\/grece-le-probleme-du-marche-aurifereet-sa-solution\/"},"wordCount":264,"commentCount":0,"image":{"@id":"https:\/\/www.gold.fr\/news\/2015\/04\/28\/grece-le-probleme-du-marche-aurifereet-sa-solution\/#primaryimage"},"thumbnailUrl":"https:\/\/www.gold.fr\/news\/wp-content\/uploads\/2010\/09\/monnaie-dor.jpg","keywords":["baisse or","dossier grec","Gr\u00e8ce","prix once"],"articleSection":["Articles de presse"],"inLanguage":"fr-FR"},{"@type":"WebPage","@id":"https:\/\/www.gold.fr\/news\/2015\/04\/28\/grece-le-probleme-du-marche-aurifereet-sa-solution\/","url":"https:\/\/www.gold.fr\/news\/2015\/04\/28\/grece-le-probleme-du-marche-aurifereet-sa-solution\/","name":"Gr\u00e8ce : Le probl\u00e8me du march\u00e9 aurif\u00e8re\u2026et sa solution - Gold.fr","isPartOf":{"@id":"https:\/\/www.gold.fr\/news\/#website"},"primaryImageOfPage":{"@id":"https:\/\/www.gold.fr\/news\/2015\/04\/28\/grece-le-probleme-du-marche-aurifereet-sa-solution\/#primaryimage"},"image":{"@id":"https:\/\/www.gold.fr\/news\/2015\/04\/28\/grece-le-probleme-du-marche-aurifereet-sa-solution\/#primaryimage"},"thumbnailUrl":"https:\/\/www.gold.fr\/news\/wp-content\/uploads\/2010\/09\/monnaie-dor.jpg","datePublished":"2015-04-28T07:00:31+00:00","dateModified":"2017-11-02T10:30:01+00:00","author":{"@id":"https:\/\/www.gold.fr\/news\/#\/schema\/person\/070491b4b4fb7671bf59b3be20302ce9"},"breadcrumb":{"@id":"https:\/\/www.gold.fr\/news\/2015\/04\/28\/grece-le-probleme-du-marche-aurifereet-sa-solution\/#breadcrumb"},"inLanguage":"fr-FR","potentialAction":[{"@type":"ReadAction","target":["https:\/\/www.gold.fr\/news\/2015\/04\/28\/grece-le-probleme-du-marche-aurifereet-sa-solution\/"]}]},{"@type":"ImageObject","inLanguage":"fr-FR","@id":"https:\/\/www.gold.fr\/news\/2015\/04\/28\/grece-le-probleme-du-marche-aurifereet-sa-solution\/#primaryimage","url":"https:\/\/www.gold.fr\/news\/wp-content\/uploads\/2010\/09\/monnaie-dor.jpg","contentUrl":"https:\/\/www.gold.fr\/news\/wp-content\/uploads\/2010\/09\/monnaie-dor.jpg","width":"600","height":"485"},{"@type":"BreadcrumbList","@id":"https:\/\/www.gold.fr\/news\/2015\/04\/28\/grece-le-probleme-du-marche-aurifereet-sa-solution\/#breadcrumb","itemListElement":[{"@type":"ListItem","position":1,"name":"Accueil","item":"https:\/\/www.gold.fr\/"},{"@type":"ListItem","position":2,"name":"Actualit\u00e9s","item":"https:\/\/www.gold.fr\/news\/"},{"@type":"ListItem","position":3,"name":"Gr\u00e8ce : Le probl\u00e8me du march\u00e9 aurif\u00e8re\u2026et sa solution"}]},{"@type":"WebSite","@id":"https:\/\/www.gold.fr\/news\/#website","url":"https:\/\/www.gold.fr\/news\/","name":"Gold.fr","description":"Actualit\u00e9s de l&#039;Or et des m\u00e9taux pr\u00e9cieux","potentialAction":[{"@type":"SearchAction","target":{"@type":"EntryPoint","urlTemplate":"https:\/\/www.gold.fr\/news\/?s={search_term_string}"},"query-input":{"@type":"PropertyValueSpecification","valueRequired":true,"valueName":"search_term_string"}}],"inLanguage":"fr-FR"},{"@type":"Person","@id":"https:\/\/www.gold.fr\/news\/#\/schema\/person\/070491b4b4fb7671bf59b3be20302ce9","name":"Comptoir National de l'Or","image":{"@type":"ImageObject","inLanguage":"fr-FR","@id":"https:\/\/secure.gravatar.com\/avatar\/0a2867fd5abe37bed95d5a65e9d58f01756e11efc68af9888dfc50cfa7f65948?s=96&d=mm&r=gb490554db0a38188709de567aa58480d","url":"https:\/\/secure.gravatar.com\/avatar\/0a2867fd5abe37bed95d5a65e9d58f01756e11efc68af9888dfc50cfa7f65948?s=96&d=mm&r=g","contentUrl":"https:\/\/secure.gravatar.com\/avatar\/0a2867fd5abe37bed95d5a65e9d58f01756e11efc68af9888dfc50cfa7f65948?s=96&d=mm&r=g","caption":"Comptoir National de l'Or"},"description":"Notre r\u00e9daction est constitu\u00e9e de membres experts dans les m\u00e9tiers de l'\u00e9conomie et la gestion, des Responsables d'agence Comptoir National de l'Or, des analystes financiers qui publient r\u00e9guli\u00e8rement des \u00e9tudes sur les politiques des banques centrales, le cours de l'or, prix de l'or, cours de l'argent, prix de l'argent, cours du platine, cours du palladium,... la situation en zone euro et l'impact de la strat\u00e9gie mon\u00e9taire de la FED. Notre \u00e9quipe scrute \u00e9galement une information plus g\u00e9n\u00e9raliste \u00e0 la recherche d'actualit\u00e9 \"p\u00e9pite\" \u00e0 vous partager. Depuis 5 ans, nous avons publi\u00e9 un peu plus de 4000 articles qui s'adressent \u00e0 un public large et vari\u00e9 ayant pour objectif de satisfaire votre curiosit\u00e9 et de partager avec vous une certaine fascination pour le m\u00e9tal jaune, le rachat d'or, et pour ceux qui veulent investir dans l'or, vendre leur or tout simplement en savoir plus... Pour tous vos achat or et argent, n'h\u00e9sitez pas \u00e0 prendre rendez-vous dans l'un de nos nombreux comptoirs.","sameAs":["https:\/\/www.gold.fr"]}]}},"authors":[{"term_id":2565,"user_id":18,"is_guest":0,"slug":"julie","display_name":"Comptoir National de l'Or","avatar_url":"https:\/\/secure.gravatar.com\/avatar\/713f289e398d35ead876c4a4cc08607f0d6d266058cfc25683fffb6092d0e572?s=96&d=mm&r=g","0":null,"1":"","2":"","3":"","4":"","5":"","6":"","7":"","8":""}],"_links":{"self":[{"href":"https:\/\/www.gold.fr\/news\/wp-json\/wp\/v2\/posts\/17042","targetHints":{"allow":["GET"]}}],"collection":[{"href":"https:\/\/www.gold.fr\/news\/wp-json\/wp\/v2\/posts"}],"about":[{"href":"https:\/\/www.gold.fr\/news\/wp-json\/wp\/v2\/types\/post"}],"author":[{"embeddable":true,"href":"https:\/\/www.gold.fr\/news\/wp-json\/wp\/v2\/users\/18"}],"replies":[{"embeddable":true,"href":"https:\/\/www.gold.fr\/news\/wp-json\/wp\/v2\/comments?post=17042"}],"version-history":[{"count":0,"href":"https:\/\/www.gold.fr\/news\/wp-json\/wp\/v2\/posts\/17042\/revisions"}],"wp:featuredmedia":[{"embeddable":true,"href":"https:\/\/www.gold.fr\/news\/wp-json\/wp\/v2\/media\/5001"}],"wp:attachment":[{"href":"https:\/\/www.gold.fr\/news\/wp-json\/wp\/v2\/media?parent=17042"}],"wp:term":[{"taxonomy":"category","embeddable":true,"href":"https:\/\/www.gold.fr\/news\/wp-json\/wp\/v2\/categories?post=17042"},{"taxonomy":"post_tag","embeddable":true,"href":"https:\/\/www.gold.fr\/news\/wp-json\/wp\/v2\/tags?post=17042"},{"taxonomy":"author","embeddable":true,"href":"https:\/\/www.gold.fr\/news\/wp-json\/wp\/v2\/ppma_author?post=17042"}],"curies":[{"name":"wp","href":"https:\/\/api.w.org\/{rel}","templated":true}]}}