{"id":17029,"date":"2015-04-24T09:00:27","date_gmt":"2015-04-24T07:00:27","guid":{"rendered":"https:\/\/www.gold.fr\/news\/?p=17029"},"modified":"2021-09-09T13:52:10","modified_gmt":"2021-09-09T11:52:10","slug":"les-inquietudes-grecques-au-soutien-de-lor","status":"publish","type":"post","link":"https:\/\/www.gold.fr\/news\/2015\/04\/24\/les-inquietudes-grecques-au-soutien-de-lor\/","title":{"rendered":"Les inqui\u00e9tudes grecques au soutien de l\u2019or ?"},"content":{"rendered":"<p><img loading=\"lazy\" decoding=\"async\" class=\"alignleft size-thumbnail wp-image-2846\" title=\"Les inqui\u00e9tudes grecques au soutien de l\u2019or ?\" src=\"https:\/\/www.gold.fr\/news\/wp-content\/uploads\/2015\/05\/grece-euro.jpg\" alt=\"\" width=\"150\" height=\"150\" \/><span style=\"font-size: small;\">Cette semaine boursi\u00e8re continue d&rsquo;\u00eatre le th\u00e9\u00e2tre prolong\u00e9 d&rsquo;un nouvel \u00e9pisode alarmant de l&rsquo;interminable saga grecque, un facteur d&rsquo;inqui\u00e9tude qui devrait jouer un r\u00f4le important dans la vague de reprise relative pr\u00e9vue pour traverser le march\u00e9 de l&rsquo;<a class=\"esk-seo-plu-link\" href=\"https:\/\/www.gold.fr\/news\/tags\/or\">or<\/a>, d&rsquo;ici la mi-mai.<\/span> <span style=\"font-size: small;\">Pourtant, certains aspects de la conjoncture \u00e9conomique et financi\u00e8re mondiale \u00e9taient sens\u00e9s rassurer les march\u00e9s d&rsquo;investissement et apaiser leur tension (c&rsquo;est notamment le cas des r\u00e9centes mesures de soutien prises par les banques centrales chinoises et japonaises). Les investisseurs demeurent toutefois clairement pr\u00e9occup\u00e9s, \u00e0 la veille de la r\u00e9union des ministres des Finances des pays de la zone euro en <strong>Lettonie<\/strong>. Un meeting au sommet dont le principal but est de poursuivre les discussions et pourparlers avec le gouvernement grec. Selon la rumeur qui circule actuellement, Ath\u00e8nes n&rsquo;aurait aucune intention de pr\u00e9senter une nouvelle liste de r\u00e9formes lors de ce meeting.<\/span> <span style=\"font-size: small;\">Un sc\u00e9nario de d\u00e9faut de paiement serait donc \u00e0 envisager, dans les jours et semaines \u00e0 venir, puisque les experts rappellent que \u00ab<em> le pays pourrait ne pas pouvoir payer ses fonctionnaires \u00e0 la fin du mois et rembourser une \u00e9ch\u00e9ance importante du <strong>FMI<\/strong> le mois prochain (<strong>950 millions<\/strong> le 12 mai)<\/em> \u00bb. De leur c\u00f4t\u00e9, les analystes de la Soci\u00e9t\u00e9 G\u00e9n\u00e9rale expriment leur inqui\u00e9tude pour la zone dans son ensemble, puisqu&rsquo;ils soulignent qu&rsquo;un \u00ab<em> d\u00e9faut de paiement de la <strong>Gr\u00e8ce<\/strong> sans sortie du pays de la zone euro pourrait constituer l&rsquo;\u00e9ventualit\u00e9 la plus n\u00e9gative pour l&rsquo;euro<\/em> \u00bb.<\/span><\/p>\n<!-- AddThis Advanced Settings generic via filter on the_content --><!-- AddThis Share Buttons generic via filter on the_content -->","protected":false},"excerpt":{"rendered":"<p>Cette semaine boursi\u00e8re continue d&rsquo;\u00eatre le th\u00e9\u00e2tre prolong\u00e9 d&rsquo;un nouvel \u00e9pisode alarmant de l&rsquo;interminable saga grecque, un facteur d&rsquo;inqui\u00e9tude qui devrait jouer un r\u00f4le important dans la vague de reprise relative pr\u00e9vue pour traverser le march\u00e9 [&hellip;]<\/p>\n","protected":false},"author":18,"featured_media":40230,"comment_status":"closed","ping_status":"closed","sticky":false,"template":"","format":"standard","meta":{"_mbp_gutenberg_autopost":false,"_pgmb_is_evergreen":false,"_pgmb_ap_template_id":0,"footnotes":""},"categories":[6],"tags":[1188,2010,211,126],"ppma_author":[2565],"class_list":["post-17029","post","type-post","status-publish","format-standard","has-post-thumbnail","hentry","category-articles-de-presse","tag-bourse","tag-dossier-grec","tag-fmi","tag-zone-euro"],"yoast_head":"<!-- This site is optimized with the Yoast SEO plugin v27.5 - https:\/\/yoast.com\/product\/yoast-seo-wordpress\/ -->\n<title>Les inqui\u00e9tudes grecques au soutien de l\u2019or ? - Gold.fr<\/title>\n<meta name=\"robots\" content=\"index, follow, max-snippet:-1, max-image-preview:large, max-video-preview:-1\" \/>\n<link rel=\"canonical\" href=\"https:\/\/www.gold.fr\/news\/2015\/04\/24\/les-inquietudes-grecques-au-soutien-de-lor\/\" \/>\n<meta property=\"og:locale\" content=\"fr_FR\" \/>\n<meta property=\"og:type\" content=\"article\" \/>\n<meta property=\"og:title\" content=\"Les inqui\u00e9tudes grecques au soutien de l\u2019or ? - Gold.fr\" \/>\n<meta property=\"og:description\" content=\"Cette semaine boursi\u00e8re continue d&rsquo;\u00eatre le th\u00e9\u00e2tre prolong\u00e9 d&rsquo;un nouvel \u00e9pisode alarmant de l&rsquo;interminable saga grecque, un facteur d&rsquo;inqui\u00e9tude qui devrait jouer un r\u00f4le important dans la vague de reprise relative pr\u00e9vue pour traverser le march\u00e9 [&hellip;]\" \/>\n<meta property=\"og:url\" content=\"https:\/\/www.gold.fr\/news\/2015\/04\/24\/les-inquietudes-grecques-au-soutien-de-lor\/\" \/>\n<meta property=\"og:site_name\" content=\"Gold.fr\" \/>\n<meta property=\"article:publisher\" content=\"https:\/\/www.facebook.com\/Goldfr\/\" \/>\n<meta property=\"article:published_time\" content=\"2015-04-24T07:00:27+00:00\" \/>\n<meta property=\"article:modified_time\" content=\"2021-09-09T11:52:10+00:00\" \/>\n<meta property=\"og:image\" content=\"https:\/\/www.gold.fr\/news\/wp-content\/uploads\/2015\/05\/grece-euro.jpg\" \/>\n\t<meta property=\"og:image:width\" content=\"626\" \/>\n\t<meta property=\"og:image:height\" content=\"417\" \/>\n\t<meta property=\"og:image:type\" content=\"image\/jpeg\" \/>\n<meta name=\"author\" content=\"Comptoir National de l&#039;Or\" \/>\n<meta name=\"twitter:card\" content=\"summary_large_image\" \/>\n<meta name=\"twitter:label1\" content=\"\u00c9crit par\" \/>\n\t<meta name=\"twitter:data1\" content=\"Comptoir National de l&#039;Or\" \/>\n\t<meta name=\"twitter:label2\" content=\"Dur\u00e9e de lecture estim\u00e9e\" \/>\n\t<meta name=\"twitter:data2\" content=\"1 minute\" \/>\n<script type=\"application\/ld+json\" class=\"yoast-schema-graph\">{\"@context\":\"https:\\\/\\\/schema.org\",\"@graph\":[{\"@type\":\"Article\",\"@id\":\"https:\\\/\\\/www.gold.fr\\\/news\\\/2015\\\/04\\\/24\\\/les-inquietudes-grecques-au-soutien-de-lor\\\/#article\",\"isPartOf\":{\"@id\":\"https:\\\/\\\/www.gold.fr\\\/news\\\/2015\\\/04\\\/24\\\/les-inquietudes-grecques-au-soutien-de-lor\\\/\"},\"author\":{\"name\":\"Comptoir National de l'Or\",\"@id\":\"https:\\\/\\\/www.gold.fr\\\/news\\\/#\\\/schema\\\/person\\\/070491b4b4fb7671bf59b3be20302ce9\"},\"headline\":\"Les inqui\u00e9tudes grecques au soutien de l\u2019or ?\",\"datePublished\":\"2015-04-24T07:00:27+00:00\",\"dateModified\":\"2021-09-09T11:52:10+00:00\",\"mainEntityOfPage\":{\"@id\":\"https:\\\/\\\/www.gold.fr\\\/news\\\/2015\\\/04\\\/24\\\/les-inquietudes-grecques-au-soutien-de-lor\\\/\"},\"wordCount\":278,\"image\":{\"@id\":\"https:\\\/\\\/www.gold.fr\\\/news\\\/2015\\\/04\\\/24\\\/les-inquietudes-grecques-au-soutien-de-lor\\\/#primaryimage\"},\"thumbnailUrl\":\"https:\\\/\\\/www.gold.fr\\\/news\\\/wp-content\\\/uploads\\\/2015\\\/05\\\/grece-euro.jpg\",\"keywords\":[\"bourse\",\"dossier grec\",\"fmi\",\"zone euro\"],\"articleSection\":[\"Articles de presse\"],\"inLanguage\":\"fr-FR\"},{\"@type\":\"WebPage\",\"@id\":\"https:\\\/\\\/www.gold.fr\\\/news\\\/2015\\\/04\\\/24\\\/les-inquietudes-grecques-au-soutien-de-lor\\\/\",\"url\":\"https:\\\/\\\/www.gold.fr\\\/news\\\/2015\\\/04\\\/24\\\/les-inquietudes-grecques-au-soutien-de-lor\\\/\",\"name\":\"Les inqui\u00e9tudes grecques au soutien de l\u2019or ? - Gold.fr\",\"isPartOf\":{\"@id\":\"https:\\\/\\\/www.gold.fr\\\/news\\\/#website\"},\"primaryImageOfPage\":{\"@id\":\"https:\\\/\\\/www.gold.fr\\\/news\\\/2015\\\/04\\\/24\\\/les-inquietudes-grecques-au-soutien-de-lor\\\/#primaryimage\"},\"image\":{\"@id\":\"https:\\\/\\\/www.gold.fr\\\/news\\\/2015\\\/04\\\/24\\\/les-inquietudes-grecques-au-soutien-de-lor\\\/#primaryimage\"},\"thumbnailUrl\":\"https:\\\/\\\/www.gold.fr\\\/news\\\/wp-content\\\/uploads\\\/2015\\\/05\\\/grece-euro.jpg\",\"datePublished\":\"2015-04-24T07:00:27+00:00\",\"dateModified\":\"2021-09-09T11:52:10+00:00\",\"author\":{\"@id\":\"https:\\\/\\\/www.gold.fr\\\/news\\\/#\\\/schema\\\/person\\\/070491b4b4fb7671bf59b3be20302ce9\"},\"breadcrumb\":{\"@id\":\"https:\\\/\\\/www.gold.fr\\\/news\\\/2015\\\/04\\\/24\\\/les-inquietudes-grecques-au-soutien-de-lor\\\/#breadcrumb\"},\"inLanguage\":\"fr-FR\",\"potentialAction\":[{\"@type\":\"ReadAction\",\"target\":[\"https:\\\/\\\/www.gold.fr\\\/news\\\/2015\\\/04\\\/24\\\/les-inquietudes-grecques-au-soutien-de-lor\\\/\"]}]},{\"@type\":\"ImageObject\",\"inLanguage\":\"fr-FR\",\"@id\":\"https:\\\/\\\/www.gold.fr\\\/news\\\/2015\\\/04\\\/24\\\/les-inquietudes-grecques-au-soutien-de-lor\\\/#primaryimage\",\"url\":\"https:\\\/\\\/www.gold.fr\\\/news\\\/wp-content\\\/uploads\\\/2015\\\/05\\\/grece-euro.jpg\",\"contentUrl\":\"https:\\\/\\\/www.gold.fr\\\/news\\\/wp-content\\\/uploads\\\/2015\\\/05\\\/grece-euro.jpg\",\"width\":626,\"height\":417,\"caption\":\"grece-euro\"},{\"@type\":\"BreadcrumbList\",\"@id\":\"https:\\\/\\\/www.gold.fr\\\/news\\\/2015\\\/04\\\/24\\\/les-inquietudes-grecques-au-soutien-de-lor\\\/#breadcrumb\",\"itemListElement\":[{\"@type\":\"ListItem\",\"position\":1,\"name\":\"Accueil\",\"item\":\"https:\\\/\\\/www.gold.fr\\\/\"},{\"@type\":\"ListItem\",\"position\":2,\"name\":\"Actualit\u00e9s\",\"item\":\"https:\\\/\\\/www.gold.fr\\\/news\\\/\"},{\"@type\":\"ListItem\",\"position\":3,\"name\":\"Les inqui\u00e9tudes grecques au soutien de l\u2019or ?\"}]},{\"@type\":\"WebSite\",\"@id\":\"https:\\\/\\\/www.gold.fr\\\/news\\\/#website\",\"url\":\"https:\\\/\\\/www.gold.fr\\\/news\\\/\",\"name\":\"Gold.fr\",\"description\":\"Actualit\u00e9s de l&#039;Or et des m\u00e9taux pr\u00e9cieux\",\"potentialAction\":[{\"@type\":\"SearchAction\",\"target\":{\"@type\":\"EntryPoint\",\"urlTemplate\":\"https:\\\/\\\/www.gold.fr\\\/news\\\/?s={search_term_string}\"},\"query-input\":{\"@type\":\"PropertyValueSpecification\",\"valueRequired\":true,\"valueName\":\"search_term_string\"}}],\"inLanguage\":\"fr-FR\"},{\"@type\":\"Person\",\"@id\":\"https:\\\/\\\/www.gold.fr\\\/news\\\/#\\\/schema\\\/person\\\/070491b4b4fb7671bf59b3be20302ce9\",\"name\":\"Comptoir National de l'Or\",\"image\":{\"@type\":\"ImageObject\",\"inLanguage\":\"fr-FR\",\"@id\":\"https:\\\/\\\/secure.gravatar.com\\\/avatar\\\/0a2867fd5abe37bed95d5a65e9d58f01756e11efc68af9888dfc50cfa7f65948?s=96&d=mm&r=gb490554db0a38188709de567aa58480d\",\"url\":\"https:\\\/\\\/secure.gravatar.com\\\/avatar\\\/0a2867fd5abe37bed95d5a65e9d58f01756e11efc68af9888dfc50cfa7f65948?s=96&d=mm&r=g\",\"contentUrl\":\"https:\\\/\\\/secure.gravatar.com\\\/avatar\\\/0a2867fd5abe37bed95d5a65e9d58f01756e11efc68af9888dfc50cfa7f65948?s=96&d=mm&r=g\",\"caption\":\"Comptoir National de l'Or\"},\"description\":\"Notre r\u00e9daction est constitu\u00e9e de membres experts dans les m\u00e9tiers de l'\u00e9conomie et la gestion, des Responsables d'agence Comptoir National de l'Or, des analystes financiers qui publient r\u00e9guli\u00e8rement des \u00e9tudes sur les politiques des banques centrales, le cours de l'or, prix de l'or, cours de l'argent, prix de l'argent, cours du platine, cours du palladium,... la situation en zone euro et l'impact de la strat\u00e9gie mon\u00e9taire de la FED. Notre \u00e9quipe scrute \u00e9galement une information plus g\u00e9n\u00e9raliste \u00e0 la recherche d'actualit\u00e9 \\\"p\u00e9pite\\\" \u00e0 vous partager. Depuis 5 ans, nous avons publi\u00e9 un peu plus de 4000 articles qui s'adressent \u00e0 un public large et vari\u00e9 ayant pour objectif de satisfaire votre curiosit\u00e9 et de partager avec vous une certaine fascination pour le m\u00e9tal jaune, le rachat d'or, et pour ceux qui veulent investir dans l'or, vendre leur or tout simplement en savoir plus... Pour tous vos achat or et argent, n'h\u00e9sitez pas \u00e0 prendre rendez-vous dans l'un de nos nombreux comptoirs.\",\"sameAs\":[\"https:\\\/\\\/www.gold.fr\"]}]}<\/script>\n<!-- \/ Yoast SEO plugin. -->","yoast_head_json":{"title":"Les inqui\u00e9tudes grecques au soutien de l\u2019or ? - Gold.fr","robots":{"index":"index","follow":"follow","max-snippet":"max-snippet:-1","max-image-preview":"max-image-preview:large","max-video-preview":"max-video-preview:-1"},"canonical":"https:\/\/www.gold.fr\/news\/2015\/04\/24\/les-inquietudes-grecques-au-soutien-de-lor\/","og_locale":"fr_FR","og_type":"article","og_title":"Les inqui\u00e9tudes grecques au soutien de l\u2019or ? - Gold.fr","og_description":"Cette semaine boursi\u00e8re continue d&rsquo;\u00eatre le th\u00e9\u00e2tre prolong\u00e9 d&rsquo;un nouvel \u00e9pisode alarmant de l&rsquo;interminable saga grecque, un facteur d&rsquo;inqui\u00e9tude qui devrait jouer un r\u00f4le important dans la vague de reprise relative pr\u00e9vue pour traverser le march\u00e9 [&hellip;]","og_url":"https:\/\/www.gold.fr\/news\/2015\/04\/24\/les-inquietudes-grecques-au-soutien-de-lor\/","og_site_name":"Gold.fr","article_publisher":"https:\/\/www.facebook.com\/Goldfr\/","article_published_time":"2015-04-24T07:00:27+00:00","article_modified_time":"2021-09-09T11:52:10+00:00","og_image":[{"width":626,"height":417,"url":"https:\/\/www.gold.fr\/news\/wp-content\/uploads\/2015\/05\/grece-euro.jpg","type":"image\/jpeg"}],"author":"Comptoir National de l'Or","twitter_card":"summary_large_image","twitter_misc":{"\u00c9crit par":"Comptoir National de l'Or","Dur\u00e9e de lecture estim\u00e9e":"1 minute"},"schema":{"@context":"https:\/\/schema.org","@graph":[{"@type":"Article","@id":"https:\/\/www.gold.fr\/news\/2015\/04\/24\/les-inquietudes-grecques-au-soutien-de-lor\/#article","isPartOf":{"@id":"https:\/\/www.gold.fr\/news\/2015\/04\/24\/les-inquietudes-grecques-au-soutien-de-lor\/"},"author":{"name":"Comptoir National de l'Or","@id":"https:\/\/www.gold.fr\/news\/#\/schema\/person\/070491b4b4fb7671bf59b3be20302ce9"},"headline":"Les inqui\u00e9tudes grecques au soutien de l\u2019or ?","datePublished":"2015-04-24T07:00:27+00:00","dateModified":"2021-09-09T11:52:10+00:00","mainEntityOfPage":{"@id":"https:\/\/www.gold.fr\/news\/2015\/04\/24\/les-inquietudes-grecques-au-soutien-de-lor\/"},"wordCount":278,"image":{"@id":"https:\/\/www.gold.fr\/news\/2015\/04\/24\/les-inquietudes-grecques-au-soutien-de-lor\/#primaryimage"},"thumbnailUrl":"https:\/\/www.gold.fr\/news\/wp-content\/uploads\/2015\/05\/grece-euro.jpg","keywords":["bourse","dossier grec","fmi","zone euro"],"articleSection":["Articles de presse"],"inLanguage":"fr-FR"},{"@type":"WebPage","@id":"https:\/\/www.gold.fr\/news\/2015\/04\/24\/les-inquietudes-grecques-au-soutien-de-lor\/","url":"https:\/\/www.gold.fr\/news\/2015\/04\/24\/les-inquietudes-grecques-au-soutien-de-lor\/","name":"Les inqui\u00e9tudes grecques au soutien de l\u2019or ? - Gold.fr","isPartOf":{"@id":"https:\/\/www.gold.fr\/news\/#website"},"primaryImageOfPage":{"@id":"https:\/\/www.gold.fr\/news\/2015\/04\/24\/les-inquietudes-grecques-au-soutien-de-lor\/#primaryimage"},"image":{"@id":"https:\/\/www.gold.fr\/news\/2015\/04\/24\/les-inquietudes-grecques-au-soutien-de-lor\/#primaryimage"},"thumbnailUrl":"https:\/\/www.gold.fr\/news\/wp-content\/uploads\/2015\/05\/grece-euro.jpg","datePublished":"2015-04-24T07:00:27+00:00","dateModified":"2021-09-09T11:52:10+00:00","author":{"@id":"https:\/\/www.gold.fr\/news\/#\/schema\/person\/070491b4b4fb7671bf59b3be20302ce9"},"breadcrumb":{"@id":"https:\/\/www.gold.fr\/news\/2015\/04\/24\/les-inquietudes-grecques-au-soutien-de-lor\/#breadcrumb"},"inLanguage":"fr-FR","potentialAction":[{"@type":"ReadAction","target":["https:\/\/www.gold.fr\/news\/2015\/04\/24\/les-inquietudes-grecques-au-soutien-de-lor\/"]}]},{"@type":"ImageObject","inLanguage":"fr-FR","@id":"https:\/\/www.gold.fr\/news\/2015\/04\/24\/les-inquietudes-grecques-au-soutien-de-lor\/#primaryimage","url":"https:\/\/www.gold.fr\/news\/wp-content\/uploads\/2015\/05\/grece-euro.jpg","contentUrl":"https:\/\/www.gold.fr\/news\/wp-content\/uploads\/2015\/05\/grece-euro.jpg","width":626,"height":417,"caption":"grece-euro"},{"@type":"BreadcrumbList","@id":"https:\/\/www.gold.fr\/news\/2015\/04\/24\/les-inquietudes-grecques-au-soutien-de-lor\/#breadcrumb","itemListElement":[{"@type":"ListItem","position":1,"name":"Accueil","item":"https:\/\/www.gold.fr\/"},{"@type":"ListItem","position":2,"name":"Actualit\u00e9s","item":"https:\/\/www.gold.fr\/news\/"},{"@type":"ListItem","position":3,"name":"Les inqui\u00e9tudes grecques au soutien de l\u2019or ?"}]},{"@type":"WebSite","@id":"https:\/\/www.gold.fr\/news\/#website","url":"https:\/\/www.gold.fr\/news\/","name":"Gold.fr","description":"Actualit\u00e9s de l&#039;Or et des m\u00e9taux pr\u00e9cieux","potentialAction":[{"@type":"SearchAction","target":{"@type":"EntryPoint","urlTemplate":"https:\/\/www.gold.fr\/news\/?s={search_term_string}"},"query-input":{"@type":"PropertyValueSpecification","valueRequired":true,"valueName":"search_term_string"}}],"inLanguage":"fr-FR"},{"@type":"Person","@id":"https:\/\/www.gold.fr\/news\/#\/schema\/person\/070491b4b4fb7671bf59b3be20302ce9","name":"Comptoir National de l'Or","image":{"@type":"ImageObject","inLanguage":"fr-FR","@id":"https:\/\/secure.gravatar.com\/avatar\/0a2867fd5abe37bed95d5a65e9d58f01756e11efc68af9888dfc50cfa7f65948?s=96&d=mm&r=gb490554db0a38188709de567aa58480d","url":"https:\/\/secure.gravatar.com\/avatar\/0a2867fd5abe37bed95d5a65e9d58f01756e11efc68af9888dfc50cfa7f65948?s=96&d=mm&r=g","contentUrl":"https:\/\/secure.gravatar.com\/avatar\/0a2867fd5abe37bed95d5a65e9d58f01756e11efc68af9888dfc50cfa7f65948?s=96&d=mm&r=g","caption":"Comptoir National de l'Or"},"description":"Notre r\u00e9daction est constitu\u00e9e de membres experts dans les m\u00e9tiers de l'\u00e9conomie et la gestion, des Responsables d'agence Comptoir National de l'Or, des analystes financiers qui publient r\u00e9guli\u00e8rement des \u00e9tudes sur les politiques des banques centrales, le cours de l'or, prix de l'or, cours de l'argent, prix de l'argent, cours du platine, cours du palladium,... la situation en zone euro et l'impact de la strat\u00e9gie mon\u00e9taire de la FED. Notre \u00e9quipe scrute \u00e9galement une information plus g\u00e9n\u00e9raliste \u00e0 la recherche d'actualit\u00e9 \"p\u00e9pite\" \u00e0 vous partager. Depuis 5 ans, nous avons publi\u00e9 un peu plus de 4000 articles qui s'adressent \u00e0 un public large et vari\u00e9 ayant pour objectif de satisfaire votre curiosit\u00e9 et de partager avec vous une certaine fascination pour le m\u00e9tal jaune, le rachat d'or, et pour ceux qui veulent investir dans l'or, vendre leur or tout simplement en savoir plus... Pour tous vos achat or et argent, n'h\u00e9sitez pas \u00e0 prendre rendez-vous dans l'un de nos nombreux comptoirs.","sameAs":["https:\/\/www.gold.fr"]}]}},"authors":[{"term_id":2565,"user_id":18,"is_guest":0,"slug":"julie","display_name":"Comptoir National de l'Or","avatar_url":"https:\/\/secure.gravatar.com\/avatar\/713f289e398d35ead876c4a4cc08607f0d6d266058cfc25683fffb6092d0e572?s=96&d=mm&r=g","0":null,"1":"","2":"","3":"","4":"","5":"","6":"","7":"","8":""}],"_links":{"self":[{"href":"https:\/\/www.gold.fr\/news\/wp-json\/wp\/v2\/posts\/17029","targetHints":{"allow":["GET"]}}],"collection":[{"href":"https:\/\/www.gold.fr\/news\/wp-json\/wp\/v2\/posts"}],"about":[{"href":"https:\/\/www.gold.fr\/news\/wp-json\/wp\/v2\/types\/post"}],"author":[{"embeddable":true,"href":"https:\/\/www.gold.fr\/news\/wp-json\/wp\/v2\/users\/18"}],"replies":[{"embeddable":true,"href":"https:\/\/www.gold.fr\/news\/wp-json\/wp\/v2\/comments?post=17029"}],"version-history":[{"count":0,"href":"https:\/\/www.gold.fr\/news\/wp-json\/wp\/v2\/posts\/17029\/revisions"}],"wp:featuredmedia":[{"embeddable":true,"href":"https:\/\/www.gold.fr\/news\/wp-json\/wp\/v2\/media\/40230"}],"wp:attachment":[{"href":"https:\/\/www.gold.fr\/news\/wp-json\/wp\/v2\/media?parent=17029"}],"wp:term":[{"taxonomy":"category","embeddable":true,"href":"https:\/\/www.gold.fr\/news\/wp-json\/wp\/v2\/categories?post=17029"},{"taxonomy":"post_tag","embeddable":true,"href":"https:\/\/www.gold.fr\/news\/wp-json\/wp\/v2\/tags?post=17029"},{"taxonomy":"author","embeddable":true,"href":"https:\/\/www.gold.fr\/news\/wp-json\/wp\/v2\/ppma_author?post=17029"}],"curies":[{"name":"wp","href":"https:\/\/api.w.org\/{rel}","templated":true}]}}