{"id":16994,"date":"2015-04-17T17:00:36","date_gmt":"2015-04-17T15:00:36","guid":{"rendered":"https:\/\/www.gold.fr\/news\/?p=16994"},"modified":"2018-02-22T14:28:31","modified_gmt":"2018-02-22T13:28:31","slug":"lor-pris-entre-les-chiffres-us-et-le-spectre-du-grexit","status":"publish","type":"post","link":"https:\/\/www.gold.fr\/news\/2015\/04\/17\/lor-pris-entre-les-chiffres-us-et-le-spectre-du-grexit\/","title":{"rendered":"L\u2019or pris entre les chiffres US et le spectre du \u2018Grexit\u2019"},"content":{"rendered":"<p><img loading=\"lazy\" decoding=\"async\" class=\"alignleft size-thumbnail wp-image-8085\" title=\"L\u2019or pris entre les chiffres US et le spectre du \u2018Grexit\u2019\" src=\"https:\/\/www.gold.fr\/news\/wp-content\/uploads\/2012\/06\/demande-mondiale-150x150.jpg\" alt=\"\" width=\"150\" height=\"150\" \/><span style=\"font-size: small;\">En d\u00e9pit de ses perp\u00e9tuels hauts et bas, cette semaine boursi\u00e8re aurif\u00e8re \u00e9tait pourtant bien partie pour se terminer en beaut\u00e9 et en hausse. Avec <a title=\"Conf\u00e9rence de presse de Draghi : Un discours rassurant\" href=\"https:\/\/www.gold.fr\/news\/2015\/04\/17\/conference-de-presse-de-draghi-un-discours-rassurant\/16989\/\" target=\"_blank\">l\u2019intervention hautement m\u00e9diatis\u00e9e de <strong>Mario Draghi<\/strong><\/a>, mercredi soir, les march\u00e9s d&rsquo;<a href='https:\/\/www.gold.fr\/news\/tags\/investissement' class='esk-seo-plu-link'>investissement<\/a> (dont notamment celui de l&rsquo;<a href='https:\/\/www.gold.fr\/news\/tags\/or' class='esk-seo-plu-link'>or<\/a>) avaient pouss\u00e9 un profond soupir de soulagement et l&rsquo;euphorie boursi\u00e8re \u00e9tait clairement \u00e0 l&rsquo;ordre du jour. Le pr\u00e9sident de la banque centrale europ\u00e9enne avait \u00e9t\u00e9 \u00e0 la fois ferme et optimiste, \u00e9voquant une \u00ab <em>mobilisation de l&rsquo;ensemble de l&rsquo;arsenal macroprudentiel<\/em> \u00bb de l&rsquo;institution, comme \u00ab <em>premi\u00e8re ligne de d\u00e9fense<\/em> \u00bb.<\/span>    <span style=\"font-size: small;\">Par ailleurs, la semaine macro\u00e9conomique am\u00e9ricaine ne semblait pas se d\u00e9rouler dans les meilleures conditions, puisque \u00ab <em>la production industrielle a accus\u00e9 en mars son premier recul trimestriel (<strong>&#8211; 1%<\/strong>) depuis la fin de la r\u00e9cession, signe que les difficult\u00e9s du secteur p\u00e9trolier et la vigueur du dollar limitent l&rsquo;activit\u00e9 des producteurs<\/em> \u00bb, comme le souligne <strong>Barclays Bourse<\/strong>.<\/span>    <span style=\"font-size: small;\">Toutefois, le spectre de la crise d&rsquo;endettement grecque, de retour sur le devant de la sc\u00e8ne mondiale, a fini par faire un contre-effet, plombant le march\u00e9 aurif\u00e8re dans le sillage de l&rsquo;ensemble des march\u00e9s financiers internationaux. Rappelons en effet que l&rsquo;agence de notation-cr\u00e9dit <strong>Standard &amp; Poor&rsquo;s<\/strong> vient de d\u00e9grader la notation de la dette du pays \u00e0 \u00ab\u00a0<strong>CCC+<\/strong>\u00ab\u00a0, avec des perspectives \u00e0 court et moyen terme qui demeurent n\u00e9gatives, impliquant le risque d&rsquo;une autre d\u00e9gradation.<\/span><\/p>\n<!-- AddThis Advanced Settings generic via filter on the_content --><!-- AddThis Share Buttons generic via filter on the_content -->","protected":false},"excerpt":{"rendered":"<p>En d\u00e9pit de ses perp\u00e9tuels hauts et bas, cette semaine boursi\u00e8re aurif\u00e8re \u00e9tait pourtant bien partie pour se terminer en beaut\u00e9 et en hausse. Avec l\u2019intervention hautement m\u00e9diatis\u00e9e de Mario Draghi, mercredi soir, les march\u00e9s d&rsquo;investissement [&hellip;]<\/p>\n","protected":false},"author":18,"featured_media":8085,"comment_status":"open","ping_status":"open","sticky":false,"template":"","format":"standard","meta":{"_mbp_gutenberg_autopost":false,"_pgmb_is_evergreen":false,"_pgmb_ap_template_id":0,"footnotes":""},"categories":[6],"tags":[1212,1047,495],"ppma_author":[2565],"class_list":["post-16994","post","type-post","status-publish","format-standard","has-post-thumbnail","hentry","category-articles-de-presse","tag-chiffres-us","tag-marche-aurifere","tag-mario-draghi"],"yoast_head":"<!-- This site is optimized with the Yoast SEO plugin v27.5 - https:\/\/yoast.com\/product\/yoast-seo-wordpress\/ -->\n<title>L\u2019or pris entre les chiffres US et le spectre du \u2018Grexit\u2019 - Gold.fr<\/title>\n<meta name=\"robots\" content=\"index, follow, max-snippet:-1, max-image-preview:large, max-video-preview:-1\" \/>\n<link rel=\"canonical\" href=\"https:\/\/www.gold.fr\/news\/2015\/04\/17\/lor-pris-entre-les-chiffres-us-et-le-spectre-du-grexit\/\" \/>\n<meta property=\"og:locale\" content=\"fr_FR\" \/>\n<meta property=\"og:type\" content=\"article\" \/>\n<meta property=\"og:title\" content=\"L\u2019or pris entre les chiffres US et le spectre du \u2018Grexit\u2019 - Gold.fr\" \/>\n<meta property=\"og:description\" content=\"En d\u00e9pit de ses perp\u00e9tuels hauts et bas, cette semaine boursi\u00e8re aurif\u00e8re \u00e9tait pourtant bien partie pour se terminer en beaut\u00e9 et en hausse. Avec l\u2019intervention hautement m\u00e9diatis\u00e9e de Mario Draghi, mercredi soir, les march\u00e9s d&rsquo;investissement [&hellip;]\" \/>\n<meta property=\"og:url\" content=\"https:\/\/www.gold.fr\/news\/2015\/04\/17\/lor-pris-entre-les-chiffres-us-et-le-spectre-du-grexit\/\" \/>\n<meta property=\"og:site_name\" content=\"Gold.fr\" \/>\n<meta property=\"article:publisher\" content=\"https:\/\/www.facebook.com\/Goldfr\/\" \/>\n<meta property=\"article:published_time\" content=\"2015-04-17T15:00:36+00:00\" \/>\n<meta property=\"article:modified_time\" content=\"2018-02-22T13:28:31+00:00\" \/>\n<meta property=\"og:image\" content=\"https:\/\/www.gold.fr\/news\/wp-content\/uploads\/2012\/06\/demande-mondiale.jpg\" \/>\n\t<meta property=\"og:image:width\" content=\"600\" \/>\n\t<meta property=\"og:image:height\" content=\"400\" \/>\n\t<meta property=\"og:image:type\" content=\"image\/jpeg\" \/>\n<meta name=\"author\" content=\"Comptoir National de l&#039;Or\" \/>\n<meta name=\"twitter:card\" content=\"summary_large_image\" \/>\n<meta name=\"twitter:label1\" content=\"\u00c9crit par\" \/>\n\t<meta name=\"twitter:data1\" content=\"Comptoir National de l&#039;Or\" \/>\n\t<meta name=\"twitter:label2\" content=\"Dur\u00e9e de lecture estim\u00e9e\" \/>\n\t<meta name=\"twitter:data2\" content=\"1 minute\" \/>\n<script type=\"application\/ld+json\" class=\"yoast-schema-graph\">{\"@context\":\"https:\\\/\\\/schema.org\",\"@graph\":[{\"@type\":\"Article\",\"@id\":\"https:\\\/\\\/www.gold.fr\\\/news\\\/2015\\\/04\\\/17\\\/lor-pris-entre-les-chiffres-us-et-le-spectre-du-grexit\\\/#article\",\"isPartOf\":{\"@id\":\"https:\\\/\\\/www.gold.fr\\\/news\\\/2015\\\/04\\\/17\\\/lor-pris-entre-les-chiffres-us-et-le-spectre-du-grexit\\\/\"},\"author\":{\"name\":\"Comptoir National de l'Or\",\"@id\":\"https:\\\/\\\/www.gold.fr\\\/news\\\/#\\\/schema\\\/person\\\/070491b4b4fb7671bf59b3be20302ce9\"},\"headline\":\"L\u2019or pris entre les chiffres US et le spectre du \u2018Grexit\u2019\",\"datePublished\":\"2015-04-17T15:00:36+00:00\",\"dateModified\":\"2018-02-22T13:28:31+00:00\",\"mainEntityOfPage\":{\"@id\":\"https:\\\/\\\/www.gold.fr\\\/news\\\/2015\\\/04\\\/17\\\/lor-pris-entre-les-chiffres-us-et-le-spectre-du-grexit\\\/\"},\"wordCount\":264,\"commentCount\":0,\"image\":{\"@id\":\"https:\\\/\\\/www.gold.fr\\\/news\\\/2015\\\/04\\\/17\\\/lor-pris-entre-les-chiffres-us-et-le-spectre-du-grexit\\\/#primaryimage\"},\"thumbnailUrl\":\"https:\\\/\\\/www.gold.fr\\\/news\\\/wp-content\\\/uploads\\\/2012\\\/06\\\/demande-mondiale.jpg\",\"keywords\":[\"chiffres US\",\"march\u00e9 aurif\u00e8re\",\"mario draghi\"],\"articleSection\":[\"Articles de presse\"],\"inLanguage\":\"fr-FR\"},{\"@type\":\"WebPage\",\"@id\":\"https:\\\/\\\/www.gold.fr\\\/news\\\/2015\\\/04\\\/17\\\/lor-pris-entre-les-chiffres-us-et-le-spectre-du-grexit\\\/\",\"url\":\"https:\\\/\\\/www.gold.fr\\\/news\\\/2015\\\/04\\\/17\\\/lor-pris-entre-les-chiffres-us-et-le-spectre-du-grexit\\\/\",\"name\":\"L\u2019or pris entre les chiffres US et le spectre du \u2018Grexit\u2019 - Gold.fr\",\"isPartOf\":{\"@id\":\"https:\\\/\\\/www.gold.fr\\\/news\\\/#website\"},\"primaryImageOfPage\":{\"@id\":\"https:\\\/\\\/www.gold.fr\\\/news\\\/2015\\\/04\\\/17\\\/lor-pris-entre-les-chiffres-us-et-le-spectre-du-grexit\\\/#primaryimage\"},\"image\":{\"@id\":\"https:\\\/\\\/www.gold.fr\\\/news\\\/2015\\\/04\\\/17\\\/lor-pris-entre-les-chiffres-us-et-le-spectre-du-grexit\\\/#primaryimage\"},\"thumbnailUrl\":\"https:\\\/\\\/www.gold.fr\\\/news\\\/wp-content\\\/uploads\\\/2012\\\/06\\\/demande-mondiale.jpg\",\"datePublished\":\"2015-04-17T15:00:36+00:00\",\"dateModified\":\"2018-02-22T13:28:31+00:00\",\"author\":{\"@id\":\"https:\\\/\\\/www.gold.fr\\\/news\\\/#\\\/schema\\\/person\\\/070491b4b4fb7671bf59b3be20302ce9\"},\"breadcrumb\":{\"@id\":\"https:\\\/\\\/www.gold.fr\\\/news\\\/2015\\\/04\\\/17\\\/lor-pris-entre-les-chiffres-us-et-le-spectre-du-grexit\\\/#breadcrumb\"},\"inLanguage\":\"fr-FR\",\"potentialAction\":[{\"@type\":\"ReadAction\",\"target\":[\"https:\\\/\\\/www.gold.fr\\\/news\\\/2015\\\/04\\\/17\\\/lor-pris-entre-les-chiffres-us-et-le-spectre-du-grexit\\\/\"]}]},{\"@type\":\"ImageObject\",\"inLanguage\":\"fr-FR\",\"@id\":\"https:\\\/\\\/www.gold.fr\\\/news\\\/2015\\\/04\\\/17\\\/lor-pris-entre-les-chiffres-us-et-le-spectre-du-grexit\\\/#primaryimage\",\"url\":\"https:\\\/\\\/www.gold.fr\\\/news\\\/wp-content\\\/uploads\\\/2012\\\/06\\\/demande-mondiale.jpg\",\"contentUrl\":\"https:\\\/\\\/www.gold.fr\\\/news\\\/wp-content\\\/uploads\\\/2012\\\/06\\\/demande-mondiale.jpg\",\"width\":\"600\",\"height\":\"400\",\"caption\":\"March\u00e9s : Forte stagnation des indices US\"},{\"@type\":\"BreadcrumbList\",\"@id\":\"https:\\\/\\\/www.gold.fr\\\/news\\\/2015\\\/04\\\/17\\\/lor-pris-entre-les-chiffres-us-et-le-spectre-du-grexit\\\/#breadcrumb\",\"itemListElement\":[{\"@type\":\"ListItem\",\"position\":1,\"name\":\"Accueil\",\"item\":\"https:\\\/\\\/www.gold.fr\\\/\"},{\"@type\":\"ListItem\",\"position\":2,\"name\":\"Actualit\u00e9s\",\"item\":\"https:\\\/\\\/www.gold.fr\\\/news\\\/\"},{\"@type\":\"ListItem\",\"position\":3,\"name\":\"L\u2019or pris entre les chiffres US et le spectre du \u2018Grexit\u2019\"}]},{\"@type\":\"WebSite\",\"@id\":\"https:\\\/\\\/www.gold.fr\\\/news\\\/#website\",\"url\":\"https:\\\/\\\/www.gold.fr\\\/news\\\/\",\"name\":\"Gold.fr\",\"description\":\"Actualit\u00e9s de l&#039;Or et des m\u00e9taux pr\u00e9cieux\",\"potentialAction\":[{\"@type\":\"SearchAction\",\"target\":{\"@type\":\"EntryPoint\",\"urlTemplate\":\"https:\\\/\\\/www.gold.fr\\\/news\\\/?s={search_term_string}\"},\"query-input\":{\"@type\":\"PropertyValueSpecification\",\"valueRequired\":true,\"valueName\":\"search_term_string\"}}],\"inLanguage\":\"fr-FR\"},{\"@type\":\"Person\",\"@id\":\"https:\\\/\\\/www.gold.fr\\\/news\\\/#\\\/schema\\\/person\\\/070491b4b4fb7671bf59b3be20302ce9\",\"name\":\"Comptoir National de l'Or\",\"image\":{\"@type\":\"ImageObject\",\"inLanguage\":\"fr-FR\",\"@id\":\"https:\\\/\\\/secure.gravatar.com\\\/avatar\\\/0a2867fd5abe37bed95d5a65e9d58f01756e11efc68af9888dfc50cfa7f65948?s=96&d=mm&r=gb490554db0a38188709de567aa58480d\",\"url\":\"https:\\\/\\\/secure.gravatar.com\\\/avatar\\\/0a2867fd5abe37bed95d5a65e9d58f01756e11efc68af9888dfc50cfa7f65948?s=96&d=mm&r=g\",\"contentUrl\":\"https:\\\/\\\/secure.gravatar.com\\\/avatar\\\/0a2867fd5abe37bed95d5a65e9d58f01756e11efc68af9888dfc50cfa7f65948?s=96&d=mm&r=g\",\"caption\":\"Comptoir National de l'Or\"},\"description\":\"Notre r\u00e9daction est constitu\u00e9e de membres experts dans les m\u00e9tiers de l'\u00e9conomie et la gestion, des Responsables d'agence Comptoir National de l'Or, des analystes financiers qui publient r\u00e9guli\u00e8rement des \u00e9tudes sur les politiques des banques centrales, le cours de l'or, prix de l'or, cours de l'argent, prix de l'argent, cours du platine, cours du palladium,... la situation en zone euro et l'impact de la strat\u00e9gie mon\u00e9taire de la FED. Notre \u00e9quipe scrute \u00e9galement une information plus g\u00e9n\u00e9raliste \u00e0 la recherche d'actualit\u00e9 \\\"p\u00e9pite\\\" \u00e0 vous partager. Depuis 5 ans, nous avons publi\u00e9 un peu plus de 4000 articles qui s'adressent \u00e0 un public large et vari\u00e9 ayant pour objectif de satisfaire votre curiosit\u00e9 et de partager avec vous une certaine fascination pour le m\u00e9tal jaune, le rachat d'or, et pour ceux qui veulent investir dans l'or, vendre leur or tout simplement en savoir plus... Pour tous vos achat or et argent, n'h\u00e9sitez pas \u00e0 prendre rendez-vous dans l'un de nos nombreux comptoirs.\",\"sameAs\":[\"https:\\\/\\\/www.gold.fr\"]}]}<\/script>\n<!-- \/ Yoast SEO plugin. -->","yoast_head_json":{"title":"L\u2019or pris entre les chiffres US et le spectre du \u2018Grexit\u2019 - Gold.fr","robots":{"index":"index","follow":"follow","max-snippet":"max-snippet:-1","max-image-preview":"max-image-preview:large","max-video-preview":"max-video-preview:-1"},"canonical":"https:\/\/www.gold.fr\/news\/2015\/04\/17\/lor-pris-entre-les-chiffres-us-et-le-spectre-du-grexit\/","og_locale":"fr_FR","og_type":"article","og_title":"L\u2019or pris entre les chiffres US et le spectre du \u2018Grexit\u2019 - Gold.fr","og_description":"En d\u00e9pit de ses perp\u00e9tuels hauts et bas, cette semaine boursi\u00e8re aurif\u00e8re \u00e9tait pourtant bien partie pour se terminer en beaut\u00e9 et en hausse. Avec l\u2019intervention hautement m\u00e9diatis\u00e9e de Mario Draghi, mercredi soir, les march\u00e9s d&rsquo;investissement [&hellip;]","og_url":"https:\/\/www.gold.fr\/news\/2015\/04\/17\/lor-pris-entre-les-chiffres-us-et-le-spectre-du-grexit\/","og_site_name":"Gold.fr","article_publisher":"https:\/\/www.facebook.com\/Goldfr\/","article_published_time":"2015-04-17T15:00:36+00:00","article_modified_time":"2018-02-22T13:28:31+00:00","og_image":[{"width":600,"height":400,"url":"https:\/\/www.gold.fr\/news\/wp-content\/uploads\/2012\/06\/demande-mondiale.jpg","type":"image\/jpeg"}],"author":"Comptoir National de l'Or","twitter_card":"summary_large_image","twitter_misc":{"\u00c9crit par":"Comptoir National de l'Or","Dur\u00e9e de lecture estim\u00e9e":"1 minute"},"schema":{"@context":"https:\/\/schema.org","@graph":[{"@type":"Article","@id":"https:\/\/www.gold.fr\/news\/2015\/04\/17\/lor-pris-entre-les-chiffres-us-et-le-spectre-du-grexit\/#article","isPartOf":{"@id":"https:\/\/www.gold.fr\/news\/2015\/04\/17\/lor-pris-entre-les-chiffres-us-et-le-spectre-du-grexit\/"},"author":{"name":"Comptoir National de l'Or","@id":"https:\/\/www.gold.fr\/news\/#\/schema\/person\/070491b4b4fb7671bf59b3be20302ce9"},"headline":"L\u2019or pris entre les chiffres US et le spectre du \u2018Grexit\u2019","datePublished":"2015-04-17T15:00:36+00:00","dateModified":"2018-02-22T13:28:31+00:00","mainEntityOfPage":{"@id":"https:\/\/www.gold.fr\/news\/2015\/04\/17\/lor-pris-entre-les-chiffres-us-et-le-spectre-du-grexit\/"},"wordCount":264,"commentCount":0,"image":{"@id":"https:\/\/www.gold.fr\/news\/2015\/04\/17\/lor-pris-entre-les-chiffres-us-et-le-spectre-du-grexit\/#primaryimage"},"thumbnailUrl":"https:\/\/www.gold.fr\/news\/wp-content\/uploads\/2012\/06\/demande-mondiale.jpg","keywords":["chiffres US","march\u00e9 aurif\u00e8re","mario draghi"],"articleSection":["Articles de presse"],"inLanguage":"fr-FR"},{"@type":"WebPage","@id":"https:\/\/www.gold.fr\/news\/2015\/04\/17\/lor-pris-entre-les-chiffres-us-et-le-spectre-du-grexit\/","url":"https:\/\/www.gold.fr\/news\/2015\/04\/17\/lor-pris-entre-les-chiffres-us-et-le-spectre-du-grexit\/","name":"L\u2019or pris entre les chiffres US et le spectre du \u2018Grexit\u2019 - Gold.fr","isPartOf":{"@id":"https:\/\/www.gold.fr\/news\/#website"},"primaryImageOfPage":{"@id":"https:\/\/www.gold.fr\/news\/2015\/04\/17\/lor-pris-entre-les-chiffres-us-et-le-spectre-du-grexit\/#primaryimage"},"image":{"@id":"https:\/\/www.gold.fr\/news\/2015\/04\/17\/lor-pris-entre-les-chiffres-us-et-le-spectre-du-grexit\/#primaryimage"},"thumbnailUrl":"https:\/\/www.gold.fr\/news\/wp-content\/uploads\/2012\/06\/demande-mondiale.jpg","datePublished":"2015-04-17T15:00:36+00:00","dateModified":"2018-02-22T13:28:31+00:00","author":{"@id":"https:\/\/www.gold.fr\/news\/#\/schema\/person\/070491b4b4fb7671bf59b3be20302ce9"},"breadcrumb":{"@id":"https:\/\/www.gold.fr\/news\/2015\/04\/17\/lor-pris-entre-les-chiffres-us-et-le-spectre-du-grexit\/#breadcrumb"},"inLanguage":"fr-FR","potentialAction":[{"@type":"ReadAction","target":["https:\/\/www.gold.fr\/news\/2015\/04\/17\/lor-pris-entre-les-chiffres-us-et-le-spectre-du-grexit\/"]}]},{"@type":"ImageObject","inLanguage":"fr-FR","@id":"https:\/\/www.gold.fr\/news\/2015\/04\/17\/lor-pris-entre-les-chiffres-us-et-le-spectre-du-grexit\/#primaryimage","url":"https:\/\/www.gold.fr\/news\/wp-content\/uploads\/2012\/06\/demande-mondiale.jpg","contentUrl":"https:\/\/www.gold.fr\/news\/wp-content\/uploads\/2012\/06\/demande-mondiale.jpg","width":"600","height":"400","caption":"March\u00e9s : Forte stagnation des indices US"},{"@type":"BreadcrumbList","@id":"https:\/\/www.gold.fr\/news\/2015\/04\/17\/lor-pris-entre-les-chiffres-us-et-le-spectre-du-grexit\/#breadcrumb","itemListElement":[{"@type":"ListItem","position":1,"name":"Accueil","item":"https:\/\/www.gold.fr\/"},{"@type":"ListItem","position":2,"name":"Actualit\u00e9s","item":"https:\/\/www.gold.fr\/news\/"},{"@type":"ListItem","position":3,"name":"L\u2019or pris entre les chiffres US et le spectre du \u2018Grexit\u2019"}]},{"@type":"WebSite","@id":"https:\/\/www.gold.fr\/news\/#website","url":"https:\/\/www.gold.fr\/news\/","name":"Gold.fr","description":"Actualit\u00e9s de l&#039;Or et des m\u00e9taux pr\u00e9cieux","potentialAction":[{"@type":"SearchAction","target":{"@type":"EntryPoint","urlTemplate":"https:\/\/www.gold.fr\/news\/?s={search_term_string}"},"query-input":{"@type":"PropertyValueSpecification","valueRequired":true,"valueName":"search_term_string"}}],"inLanguage":"fr-FR"},{"@type":"Person","@id":"https:\/\/www.gold.fr\/news\/#\/schema\/person\/070491b4b4fb7671bf59b3be20302ce9","name":"Comptoir National de l'Or","image":{"@type":"ImageObject","inLanguage":"fr-FR","@id":"https:\/\/secure.gravatar.com\/avatar\/0a2867fd5abe37bed95d5a65e9d58f01756e11efc68af9888dfc50cfa7f65948?s=96&d=mm&r=gb490554db0a38188709de567aa58480d","url":"https:\/\/secure.gravatar.com\/avatar\/0a2867fd5abe37bed95d5a65e9d58f01756e11efc68af9888dfc50cfa7f65948?s=96&d=mm&r=g","contentUrl":"https:\/\/secure.gravatar.com\/avatar\/0a2867fd5abe37bed95d5a65e9d58f01756e11efc68af9888dfc50cfa7f65948?s=96&d=mm&r=g","caption":"Comptoir National de l'Or"},"description":"Notre r\u00e9daction est constitu\u00e9e de membres experts dans les m\u00e9tiers de l'\u00e9conomie et la gestion, des Responsables d'agence Comptoir National de l'Or, des analystes financiers qui publient r\u00e9guli\u00e8rement des \u00e9tudes sur les politiques des banques centrales, le cours de l'or, prix de l'or, cours de l'argent, prix de l'argent, cours du platine, cours du palladium,... la situation en zone euro et l'impact de la strat\u00e9gie mon\u00e9taire de la FED. Notre \u00e9quipe scrute \u00e9galement une information plus g\u00e9n\u00e9raliste \u00e0 la recherche d'actualit\u00e9 \"p\u00e9pite\" \u00e0 vous partager. Depuis 5 ans, nous avons publi\u00e9 un peu plus de 4000 articles qui s'adressent \u00e0 un public large et vari\u00e9 ayant pour objectif de satisfaire votre curiosit\u00e9 et de partager avec vous une certaine fascination pour le m\u00e9tal jaune, le rachat d'or, et pour ceux qui veulent investir dans l'or, vendre leur or tout simplement en savoir plus... Pour tous vos achat or et argent, n'h\u00e9sitez pas \u00e0 prendre rendez-vous dans l'un de nos nombreux comptoirs.","sameAs":["https:\/\/www.gold.fr"]}]}},"authors":[{"term_id":2565,"user_id":18,"is_guest":0,"slug":"julie","display_name":"Comptoir National de l'Or","avatar_url":"https:\/\/secure.gravatar.com\/avatar\/713f289e398d35ead876c4a4cc08607f0d6d266058cfc25683fffb6092d0e572?s=96&d=mm&r=g","0":null,"1":"","2":"","3":"","4":"","5":"","6":"","7":"","8":""}],"_links":{"self":[{"href":"https:\/\/www.gold.fr\/news\/wp-json\/wp\/v2\/posts\/16994","targetHints":{"allow":["GET"]}}],"collection":[{"href":"https:\/\/www.gold.fr\/news\/wp-json\/wp\/v2\/posts"}],"about":[{"href":"https:\/\/www.gold.fr\/news\/wp-json\/wp\/v2\/types\/post"}],"author":[{"embeddable":true,"href":"https:\/\/www.gold.fr\/news\/wp-json\/wp\/v2\/users\/18"}],"replies":[{"embeddable":true,"href":"https:\/\/www.gold.fr\/news\/wp-json\/wp\/v2\/comments?post=16994"}],"version-history":[{"count":0,"href":"https:\/\/www.gold.fr\/news\/wp-json\/wp\/v2\/posts\/16994\/revisions"}],"wp:featuredmedia":[{"embeddable":true,"href":"https:\/\/www.gold.fr\/news\/wp-json\/wp\/v2\/media\/8085"}],"wp:attachment":[{"href":"https:\/\/www.gold.fr\/news\/wp-json\/wp\/v2\/media?parent=16994"}],"wp:term":[{"taxonomy":"category","embeddable":true,"href":"https:\/\/www.gold.fr\/news\/wp-json\/wp\/v2\/categories?post=16994"},{"taxonomy":"post_tag","embeddable":true,"href":"https:\/\/www.gold.fr\/news\/wp-json\/wp\/v2\/tags?post=16994"},{"taxonomy":"author","embeddable":true,"href":"https:\/\/www.gold.fr\/news\/wp-json\/wp\/v2\/ppma_author?post=16994"}],"curies":[{"name":"wp","href":"https:\/\/api.w.org\/{rel}","templated":true}]}}