{"id":16937,"date":"2015-04-08T09:00:32","date_gmt":"2015-04-08T07:00:32","guid":{"rendered":"https:\/\/www.gold.fr\/news\/?p=16937"},"modified":"2018-02-22T14:28:46","modified_gmt":"2018-02-22T13:28:46","slug":"histoire-de-lor-premiers-objets-et-racines","status":"publish","type":"post","link":"https:\/\/www.gold.fr\/news\/2015\/04\/08\/histoire-de-lor-premiers-objets-et-racines\/","title":{"rendered":"Histoire de l\u2019or : Premiers objets et racines"},"content":{"rendered":"<p><img loading=\"lazy\" decoding=\"async\" class=\"alignleft size-thumbnail wp-image-3219\" title=\"Histoire de l\u2019or : Premiers objets et racines\" src=\"https:\/\/www.gold.fr\/news\/wp-content\/uploads\/2011\/10\/lingot-or-2-150x150.jpg\" alt=\"\" width=\"150\" height=\"150\" \/><span style=\"font-size: small;\">L&rsquo;histoire de l&rsquo;existence de l&rsquo;<a href='https:\/\/www.gold.fr\/news\/tags\/or' class='esk-seo-plu-link'>or<\/a> sur terre remonte \u00e0 aussi loin que celle de l&rsquo;existence de la terre elle-m\u00eame, mais l&rsquo;utilisation purement pratique et pragmatique du <a href='https:\/\/www.gold.fr\/news\/tags\/or' class='esk-seo-plu-link'>m\u00e9tal jaune<\/a> ne surviendra que bien plus tard, accompagnant tout de m\u00eame les premiers pas de l&rsquo;Homme dans les domaines \u00e9conomiques, et bien avant \u00e7a, de la simple fabrication d&rsquo;objets.  C&rsquo;est en <strong>5 000 av. J.C.<\/strong>, vers la fin de p\u00e9riode pr\u00e9historique, quelque part entre le n\u00e9olithique et l&rsquo;\u00e2ge de bronze, que les hommes ont eu l&rsquo;id\u00e9e de fabriquer les tout premiers objets en <a href='https:\/\/www.gold.fr\/news\/tags\/or' class='esk-seo-plu-link'>or<\/a>. L&rsquo;usage de la relique barbare a d&rsquo;abord servi dans la cr\u00e9ation et la r\u00e9alisation de parures consacr\u00e9es aux c\u00e9r\u00e9monies religieuses et des bijoux destin\u00e9s \u00e0 la gloire des dynasties r\u00e9gnantes, de l&rsquo;<strong>\u00c9gypte ancienne<\/strong>, \u00e0 la <strong>Gr\u00e8ce<\/strong>, en passant par la <strong>Perse<\/strong>.<\/span>  <span style=\"font-size: small;\"> Toutefois, il faudra attendre le sixi\u00e8me si\u00e8cle av. J.C. pour voir les toutes premi\u00e8res <a href='https:\/\/www.gold.fr\/news\/tags\/piece-dor' class='esk-seo-plu-link'>pi\u00e8ces d&rsquo;or<\/a> \u00eatre frapp\u00e9es. Elles seront alors fabriqu\u00e9es en <strong>Lydie<\/strong>, sous le r\u00e8gne de <strong>Cr\u00e9sus<\/strong>. Selon la l\u00e9gende, le m\u00e9tal fin qui a servi \u00e0 cr\u00e9er ces <a href='https:\/\/www.gold.fr\/news\/tags\/piece-dor' class='esk-seo-plu-link'>pi\u00e8ces<\/a> proviendrait du fameux \u2018<strong><em>Pactole<\/em><\/strong>&lsquo;, la rivi\u00e8re dans laquelle Midas se serait lav\u00e9 les mains rompant ainsi le charme qui transformait tout ce qu&rsquo;il touchait en <a href='https:\/\/www.gold.fr\/news\/tags\/or' class='esk-seo-plu-link'>or<\/a>.<\/span>    <span style=\"font-size: small;\">Ces <a href='https:\/\/www.gold.fr\/news\/tags\/piece-dor' class='esk-seo-plu-link'>pi\u00e8ces<\/a> ont initialement \u00e9t\u00e9 utilis\u00e9es comme simple unit\u00e9 de compte, avant d&rsquo;\u00e9voluer graduellement vers une utilisation plus officiellement \u00e9conomique (notamment en <strong>Europe<\/strong>), autrement dit, une monnaie d&rsquo;\u00e9change. Cette \u00e9volution marquera, accessoirement, les premiers pas des hommes dans le volet des \u00e9changes \u00e9conomiques organis\u00e9s.<\/span><\/p>\n<!-- AddThis Advanced Settings generic via filter on the_content --><!-- AddThis Share Buttons generic via filter on the_content -->","protected":false},"excerpt":{"rendered":"<p>L&rsquo;histoire de l&rsquo;existence de l&rsquo;or sur terre remonte \u00e0 aussi loin que celle de l&rsquo;existence de la terre elle-m\u00eame, mais l&rsquo;utilisation purement pratique et pragmatique du m\u00e9tal jaune ne surviendra que bien plus tard, accompagnant tout [&hellip;]<\/p>\n","protected":false},"author":18,"featured_media":3219,"comment_status":"open","ping_status":"open","sticky":false,"template":"","format":"standard","meta":{"_mbp_gutenberg_autopost":false,"_pgmb_is_evergreen":false,"_pgmb_ap_template_id":0,"footnotes":""},"categories":[6],"tags":[2028,932,76,2030,2029],"ppma_author":[2565],"class_list":["post-16937","post","type-post","status-publish","format-standard","has-post-thumbnail","hentry","category-articles-de-presse","tag-histoire","tag-metal-jaune","tag-or","tag-pieces","tag-racine"],"yoast_head":"<!-- This site is optimized with the Yoast SEO plugin v27.5 - https:\/\/yoast.com\/product\/yoast-seo-wordpress\/ -->\n<title>Histoire de l\u2019or : Premiers objets et racines - Gold.fr<\/title>\n<meta name=\"robots\" content=\"index, follow, max-snippet:-1, max-image-preview:large, max-video-preview:-1\" \/>\n<link rel=\"canonical\" href=\"https:\/\/www.gold.fr\/news\/2015\/04\/08\/histoire-de-lor-premiers-objets-et-racines\/\" \/>\n<meta property=\"og:locale\" content=\"fr_FR\" \/>\n<meta property=\"og:type\" content=\"article\" \/>\n<meta property=\"og:title\" content=\"Histoire de l\u2019or : Premiers objets et racines - Gold.fr\" \/>\n<meta property=\"og:description\" content=\"L&rsquo;histoire de l&rsquo;existence de l&rsquo;or sur terre remonte \u00e0 aussi loin que celle de l&rsquo;existence de la terre elle-m\u00eame, mais l&rsquo;utilisation purement pratique et pragmatique du m\u00e9tal jaune ne surviendra que bien plus tard, accompagnant tout [&hellip;]\" \/>\n<meta property=\"og:url\" content=\"https:\/\/www.gold.fr\/news\/2015\/04\/08\/histoire-de-lor-premiers-objets-et-racines\/\" \/>\n<meta property=\"og:site_name\" content=\"Gold.fr\" \/>\n<meta property=\"article:publisher\" content=\"https:\/\/www.facebook.com\/Goldfr\/\" \/>\n<meta property=\"article:published_time\" content=\"2015-04-08T07:00:32+00:00\" \/>\n<meta property=\"article:modified_time\" content=\"2018-02-22T13:28:46+00:00\" \/>\n<meta property=\"og:image\" content=\"https:\/\/www.gold.fr\/news\/wp-content\/uploads\/2011\/10\/lingot-or-2-e1319800983420.jpg\" \/>\n\t<meta property=\"og:image:width\" content=\"700\" \/>\n\t<meta property=\"og:image:height\" content=\"457\" \/>\n\t<meta property=\"og:image:type\" content=\"image\/jpeg\" \/>\n<meta name=\"author\" content=\"Comptoir National de l&#039;Or\" \/>\n<meta name=\"twitter:card\" content=\"summary_large_image\" \/>\n<meta name=\"twitter:label1\" content=\"\u00c9crit par\" \/>\n\t<meta name=\"twitter:data1\" content=\"Comptoir National de l&#039;Or\" \/>\n\t<meta name=\"twitter:label2\" content=\"Dur\u00e9e de lecture estim\u00e9e\" \/>\n\t<meta name=\"twitter:data2\" content=\"1 minute\" \/>\n<script type=\"application\/ld+json\" class=\"yoast-schema-graph\">{\"@context\":\"https:\\\/\\\/schema.org\",\"@graph\":[{\"@type\":\"Article\",\"@id\":\"https:\\\/\\\/www.gold.fr\\\/news\\\/2015\\\/04\\\/08\\\/histoire-de-lor-premiers-objets-et-racines\\\/#article\",\"isPartOf\":{\"@id\":\"https:\\\/\\\/www.gold.fr\\\/news\\\/2015\\\/04\\\/08\\\/histoire-de-lor-premiers-objets-et-racines\\\/\"},\"author\":{\"name\":\"Comptoir National de l'Or\",\"@id\":\"https:\\\/\\\/www.gold.fr\\\/news\\\/#\\\/schema\\\/person\\\/070491b4b4fb7671bf59b3be20302ce9\"},\"headline\":\"Histoire de l\u2019or : Premiers objets et racines\",\"datePublished\":\"2015-04-08T07:00:32+00:00\",\"dateModified\":\"2018-02-22T13:28:46+00:00\",\"mainEntityOfPage\":{\"@id\":\"https:\\\/\\\/www.gold.fr\\\/news\\\/2015\\\/04\\\/08\\\/histoire-de-lor-premiers-objets-et-racines\\\/\"},\"wordCount\":296,\"commentCount\":0,\"image\":{\"@id\":\"https:\\\/\\\/www.gold.fr\\\/news\\\/2015\\\/04\\\/08\\\/histoire-de-lor-premiers-objets-et-racines\\\/#primaryimage\"},\"thumbnailUrl\":\"https:\\\/\\\/www.gold.fr\\\/news\\\/wp-content\\\/uploads\\\/2011\\\/10\\\/lingot-or-2-e1319800983420.jpg\",\"keywords\":[\"histoire\",\"M\u00e9tal jaune\",\"Or\",\"pi\u00e8ces\",\"racine\"],\"articleSection\":[\"Articles de presse\"],\"inLanguage\":\"fr-FR\"},{\"@type\":\"WebPage\",\"@id\":\"https:\\\/\\\/www.gold.fr\\\/news\\\/2015\\\/04\\\/08\\\/histoire-de-lor-premiers-objets-et-racines\\\/\",\"url\":\"https:\\\/\\\/www.gold.fr\\\/news\\\/2015\\\/04\\\/08\\\/histoire-de-lor-premiers-objets-et-racines\\\/\",\"name\":\"Histoire de l\u2019or : Premiers objets et racines - Gold.fr\",\"isPartOf\":{\"@id\":\"https:\\\/\\\/www.gold.fr\\\/news\\\/#website\"},\"primaryImageOfPage\":{\"@id\":\"https:\\\/\\\/www.gold.fr\\\/news\\\/2015\\\/04\\\/08\\\/histoire-de-lor-premiers-objets-et-racines\\\/#primaryimage\"},\"image\":{\"@id\":\"https:\\\/\\\/www.gold.fr\\\/news\\\/2015\\\/04\\\/08\\\/histoire-de-lor-premiers-objets-et-racines\\\/#primaryimage\"},\"thumbnailUrl\":\"https:\\\/\\\/www.gold.fr\\\/news\\\/wp-content\\\/uploads\\\/2011\\\/10\\\/lingot-or-2-e1319800983420.jpg\",\"datePublished\":\"2015-04-08T07:00:32+00:00\",\"dateModified\":\"2018-02-22T13:28:46+00:00\",\"author\":{\"@id\":\"https:\\\/\\\/www.gold.fr\\\/news\\\/#\\\/schema\\\/person\\\/070491b4b4fb7671bf59b3be20302ce9\"},\"breadcrumb\":{\"@id\":\"https:\\\/\\\/www.gold.fr\\\/news\\\/2015\\\/04\\\/08\\\/histoire-de-lor-premiers-objets-et-racines\\\/#breadcrumb\"},\"inLanguage\":\"fr-FR\",\"potentialAction\":[{\"@type\":\"ReadAction\",\"target\":[\"https:\\\/\\\/www.gold.fr\\\/news\\\/2015\\\/04\\\/08\\\/histoire-de-lor-premiers-objets-et-racines\\\/\"]}]},{\"@type\":\"ImageObject\",\"inLanguage\":\"fr-FR\",\"@id\":\"https:\\\/\\\/www.gold.fr\\\/news\\\/2015\\\/04\\\/08\\\/histoire-de-lor-premiers-objets-et-racines\\\/#primaryimage\",\"url\":\"https:\\\/\\\/www.gold.fr\\\/news\\\/wp-content\\\/uploads\\\/2011\\\/10\\\/lingot-or-2-e1319800983420.jpg\",\"contentUrl\":\"https:\\\/\\\/www.gold.fr\\\/news\\\/wp-content\\\/uploads\\\/2011\\\/10\\\/lingot-or-2-e1319800983420.jpg\",\"width\":\"700\",\"height\":\"457\",\"caption\":\"Le San Jos\u00e9 : Une trag\u00e9die historique qui fait le bonheur colombien\"},{\"@type\":\"BreadcrumbList\",\"@id\":\"https:\\\/\\\/www.gold.fr\\\/news\\\/2015\\\/04\\\/08\\\/histoire-de-lor-premiers-objets-et-racines\\\/#breadcrumb\",\"itemListElement\":[{\"@type\":\"ListItem\",\"position\":1,\"name\":\"Accueil\",\"item\":\"https:\\\/\\\/www.gold.fr\\\/\"},{\"@type\":\"ListItem\",\"position\":2,\"name\":\"Actualit\u00e9s\",\"item\":\"https:\\\/\\\/www.gold.fr\\\/news\\\/\"},{\"@type\":\"ListItem\",\"position\":3,\"name\":\"Histoire de l\u2019or : Premiers objets et racines\"}]},{\"@type\":\"WebSite\",\"@id\":\"https:\\\/\\\/www.gold.fr\\\/news\\\/#website\",\"url\":\"https:\\\/\\\/www.gold.fr\\\/news\\\/\",\"name\":\"Gold.fr\",\"description\":\"Actualit\u00e9s de l&#039;Or et des m\u00e9taux pr\u00e9cieux\",\"potentialAction\":[{\"@type\":\"SearchAction\",\"target\":{\"@type\":\"EntryPoint\",\"urlTemplate\":\"https:\\\/\\\/www.gold.fr\\\/news\\\/?s={search_term_string}\"},\"query-input\":{\"@type\":\"PropertyValueSpecification\",\"valueRequired\":true,\"valueName\":\"search_term_string\"}}],\"inLanguage\":\"fr-FR\"},{\"@type\":\"Person\",\"@id\":\"https:\\\/\\\/www.gold.fr\\\/news\\\/#\\\/schema\\\/person\\\/070491b4b4fb7671bf59b3be20302ce9\",\"name\":\"Comptoir National de l'Or\",\"image\":{\"@type\":\"ImageObject\",\"inLanguage\":\"fr-FR\",\"@id\":\"https:\\\/\\\/secure.gravatar.com\\\/avatar\\\/0a2867fd5abe37bed95d5a65e9d58f01756e11efc68af9888dfc50cfa7f65948?s=96&d=mm&r=gb490554db0a38188709de567aa58480d\",\"url\":\"https:\\\/\\\/secure.gravatar.com\\\/avatar\\\/0a2867fd5abe37bed95d5a65e9d58f01756e11efc68af9888dfc50cfa7f65948?s=96&d=mm&r=g\",\"contentUrl\":\"https:\\\/\\\/secure.gravatar.com\\\/avatar\\\/0a2867fd5abe37bed95d5a65e9d58f01756e11efc68af9888dfc50cfa7f65948?s=96&d=mm&r=g\",\"caption\":\"Comptoir National de l'Or\"},\"description\":\"Notre r\u00e9daction est constitu\u00e9e de membres experts dans les m\u00e9tiers de l'\u00e9conomie et la gestion, des Responsables d'agence Comptoir National de l'Or, des analystes financiers qui publient r\u00e9guli\u00e8rement des \u00e9tudes sur les politiques des banques centrales, le cours de l'or, prix de l'or, cours de l'argent, prix de l'argent, cours du platine, cours du palladium,... la situation en zone euro et l'impact de la strat\u00e9gie mon\u00e9taire de la FED. Notre \u00e9quipe scrute \u00e9galement une information plus g\u00e9n\u00e9raliste \u00e0 la recherche d'actualit\u00e9 \\\"p\u00e9pite\\\" \u00e0 vous partager. Depuis 5 ans, nous avons publi\u00e9 un peu plus de 4000 articles qui s'adressent \u00e0 un public large et vari\u00e9 ayant pour objectif de satisfaire votre curiosit\u00e9 et de partager avec vous une certaine fascination pour le m\u00e9tal jaune, le rachat d'or, et pour ceux qui veulent investir dans l'or, vendre leur or tout simplement en savoir plus... Pour tous vos achat or et argent, n'h\u00e9sitez pas \u00e0 prendre rendez-vous dans l'un de nos nombreux comptoirs.\",\"sameAs\":[\"https:\\\/\\\/www.gold.fr\"]}]}<\/script>\n<!-- \/ Yoast SEO plugin. -->","yoast_head_json":{"title":"Histoire de l\u2019or : Premiers objets et racines - Gold.fr","robots":{"index":"index","follow":"follow","max-snippet":"max-snippet:-1","max-image-preview":"max-image-preview:large","max-video-preview":"max-video-preview:-1"},"canonical":"https:\/\/www.gold.fr\/news\/2015\/04\/08\/histoire-de-lor-premiers-objets-et-racines\/","og_locale":"fr_FR","og_type":"article","og_title":"Histoire de l\u2019or : Premiers objets et racines - Gold.fr","og_description":"L&rsquo;histoire de l&rsquo;existence de l&rsquo;or sur terre remonte \u00e0 aussi loin que celle de l&rsquo;existence de la terre elle-m\u00eame, mais l&rsquo;utilisation purement pratique et pragmatique du m\u00e9tal jaune ne surviendra que bien plus tard, accompagnant tout [&hellip;]","og_url":"https:\/\/www.gold.fr\/news\/2015\/04\/08\/histoire-de-lor-premiers-objets-et-racines\/","og_site_name":"Gold.fr","article_publisher":"https:\/\/www.facebook.com\/Goldfr\/","article_published_time":"2015-04-08T07:00:32+00:00","article_modified_time":"2018-02-22T13:28:46+00:00","og_image":[{"width":700,"height":457,"url":"https:\/\/www.gold.fr\/news\/wp-content\/uploads\/2011\/10\/lingot-or-2-e1319800983420.jpg","type":"image\/jpeg"}],"author":"Comptoir National de l'Or","twitter_card":"summary_large_image","twitter_misc":{"\u00c9crit par":"Comptoir National de l'Or","Dur\u00e9e de lecture estim\u00e9e":"1 minute"},"schema":{"@context":"https:\/\/schema.org","@graph":[{"@type":"Article","@id":"https:\/\/www.gold.fr\/news\/2015\/04\/08\/histoire-de-lor-premiers-objets-et-racines\/#article","isPartOf":{"@id":"https:\/\/www.gold.fr\/news\/2015\/04\/08\/histoire-de-lor-premiers-objets-et-racines\/"},"author":{"name":"Comptoir National de l'Or","@id":"https:\/\/www.gold.fr\/news\/#\/schema\/person\/070491b4b4fb7671bf59b3be20302ce9"},"headline":"Histoire de l\u2019or : Premiers objets et racines","datePublished":"2015-04-08T07:00:32+00:00","dateModified":"2018-02-22T13:28:46+00:00","mainEntityOfPage":{"@id":"https:\/\/www.gold.fr\/news\/2015\/04\/08\/histoire-de-lor-premiers-objets-et-racines\/"},"wordCount":296,"commentCount":0,"image":{"@id":"https:\/\/www.gold.fr\/news\/2015\/04\/08\/histoire-de-lor-premiers-objets-et-racines\/#primaryimage"},"thumbnailUrl":"https:\/\/www.gold.fr\/news\/wp-content\/uploads\/2011\/10\/lingot-or-2-e1319800983420.jpg","keywords":["histoire","M\u00e9tal jaune","Or","pi\u00e8ces","racine"],"articleSection":["Articles de presse"],"inLanguage":"fr-FR"},{"@type":"WebPage","@id":"https:\/\/www.gold.fr\/news\/2015\/04\/08\/histoire-de-lor-premiers-objets-et-racines\/","url":"https:\/\/www.gold.fr\/news\/2015\/04\/08\/histoire-de-lor-premiers-objets-et-racines\/","name":"Histoire de l\u2019or : Premiers objets et racines - Gold.fr","isPartOf":{"@id":"https:\/\/www.gold.fr\/news\/#website"},"primaryImageOfPage":{"@id":"https:\/\/www.gold.fr\/news\/2015\/04\/08\/histoire-de-lor-premiers-objets-et-racines\/#primaryimage"},"image":{"@id":"https:\/\/www.gold.fr\/news\/2015\/04\/08\/histoire-de-lor-premiers-objets-et-racines\/#primaryimage"},"thumbnailUrl":"https:\/\/www.gold.fr\/news\/wp-content\/uploads\/2011\/10\/lingot-or-2-e1319800983420.jpg","datePublished":"2015-04-08T07:00:32+00:00","dateModified":"2018-02-22T13:28:46+00:00","author":{"@id":"https:\/\/www.gold.fr\/news\/#\/schema\/person\/070491b4b4fb7671bf59b3be20302ce9"},"breadcrumb":{"@id":"https:\/\/www.gold.fr\/news\/2015\/04\/08\/histoire-de-lor-premiers-objets-et-racines\/#breadcrumb"},"inLanguage":"fr-FR","potentialAction":[{"@type":"ReadAction","target":["https:\/\/www.gold.fr\/news\/2015\/04\/08\/histoire-de-lor-premiers-objets-et-racines\/"]}]},{"@type":"ImageObject","inLanguage":"fr-FR","@id":"https:\/\/www.gold.fr\/news\/2015\/04\/08\/histoire-de-lor-premiers-objets-et-racines\/#primaryimage","url":"https:\/\/www.gold.fr\/news\/wp-content\/uploads\/2011\/10\/lingot-or-2-e1319800983420.jpg","contentUrl":"https:\/\/www.gold.fr\/news\/wp-content\/uploads\/2011\/10\/lingot-or-2-e1319800983420.jpg","width":"700","height":"457","caption":"Le San Jos\u00e9 : Une trag\u00e9die historique qui fait le bonheur colombien"},{"@type":"BreadcrumbList","@id":"https:\/\/www.gold.fr\/news\/2015\/04\/08\/histoire-de-lor-premiers-objets-et-racines\/#breadcrumb","itemListElement":[{"@type":"ListItem","position":1,"name":"Accueil","item":"https:\/\/www.gold.fr\/"},{"@type":"ListItem","position":2,"name":"Actualit\u00e9s","item":"https:\/\/www.gold.fr\/news\/"},{"@type":"ListItem","position":3,"name":"Histoire de l\u2019or : Premiers objets et racines"}]},{"@type":"WebSite","@id":"https:\/\/www.gold.fr\/news\/#website","url":"https:\/\/www.gold.fr\/news\/","name":"Gold.fr","description":"Actualit\u00e9s de l&#039;Or et des m\u00e9taux pr\u00e9cieux","potentialAction":[{"@type":"SearchAction","target":{"@type":"EntryPoint","urlTemplate":"https:\/\/www.gold.fr\/news\/?s={search_term_string}"},"query-input":{"@type":"PropertyValueSpecification","valueRequired":true,"valueName":"search_term_string"}}],"inLanguage":"fr-FR"},{"@type":"Person","@id":"https:\/\/www.gold.fr\/news\/#\/schema\/person\/070491b4b4fb7671bf59b3be20302ce9","name":"Comptoir National de l'Or","image":{"@type":"ImageObject","inLanguage":"fr-FR","@id":"https:\/\/secure.gravatar.com\/avatar\/0a2867fd5abe37bed95d5a65e9d58f01756e11efc68af9888dfc50cfa7f65948?s=96&d=mm&r=gb490554db0a38188709de567aa58480d","url":"https:\/\/secure.gravatar.com\/avatar\/0a2867fd5abe37bed95d5a65e9d58f01756e11efc68af9888dfc50cfa7f65948?s=96&d=mm&r=g","contentUrl":"https:\/\/secure.gravatar.com\/avatar\/0a2867fd5abe37bed95d5a65e9d58f01756e11efc68af9888dfc50cfa7f65948?s=96&d=mm&r=g","caption":"Comptoir National de l'Or"},"description":"Notre r\u00e9daction est constitu\u00e9e de membres experts dans les m\u00e9tiers de l'\u00e9conomie et la gestion, des Responsables d'agence Comptoir National de l'Or, des analystes financiers qui publient r\u00e9guli\u00e8rement des \u00e9tudes sur les politiques des banques centrales, le cours de l'or, prix de l'or, cours de l'argent, prix de l'argent, cours du platine, cours du palladium,... la situation en zone euro et l'impact de la strat\u00e9gie mon\u00e9taire de la FED. Notre \u00e9quipe scrute \u00e9galement une information plus g\u00e9n\u00e9raliste \u00e0 la recherche d'actualit\u00e9 \"p\u00e9pite\" \u00e0 vous partager. Depuis 5 ans, nous avons publi\u00e9 un peu plus de 4000 articles qui s'adressent \u00e0 un public large et vari\u00e9 ayant pour objectif de satisfaire votre curiosit\u00e9 et de partager avec vous une certaine fascination pour le m\u00e9tal jaune, le rachat d'or, et pour ceux qui veulent investir dans l'or, vendre leur or tout simplement en savoir plus... Pour tous vos achat or et argent, n'h\u00e9sitez pas \u00e0 prendre rendez-vous dans l'un de nos nombreux comptoirs.","sameAs":["https:\/\/www.gold.fr"]}]}},"authors":[{"term_id":2565,"user_id":18,"is_guest":0,"slug":"julie","display_name":"Comptoir National de l'Or","avatar_url":"https:\/\/secure.gravatar.com\/avatar\/713f289e398d35ead876c4a4cc08607f0d6d266058cfc25683fffb6092d0e572?s=96&d=mm&r=g","0":null,"1":"","2":"","3":"","4":"","5":"","6":"","7":"","8":""}],"_links":{"self":[{"href":"https:\/\/www.gold.fr\/news\/wp-json\/wp\/v2\/posts\/16937","targetHints":{"allow":["GET"]}}],"collection":[{"href":"https:\/\/www.gold.fr\/news\/wp-json\/wp\/v2\/posts"}],"about":[{"href":"https:\/\/www.gold.fr\/news\/wp-json\/wp\/v2\/types\/post"}],"author":[{"embeddable":true,"href":"https:\/\/www.gold.fr\/news\/wp-json\/wp\/v2\/users\/18"}],"replies":[{"embeddable":true,"href":"https:\/\/www.gold.fr\/news\/wp-json\/wp\/v2\/comments?post=16937"}],"version-history":[{"count":0,"href":"https:\/\/www.gold.fr\/news\/wp-json\/wp\/v2\/posts\/16937\/revisions"}],"wp:featuredmedia":[{"embeddable":true,"href":"https:\/\/www.gold.fr\/news\/wp-json\/wp\/v2\/media\/3219"}],"wp:attachment":[{"href":"https:\/\/www.gold.fr\/news\/wp-json\/wp\/v2\/media?parent=16937"}],"wp:term":[{"taxonomy":"category","embeddable":true,"href":"https:\/\/www.gold.fr\/news\/wp-json\/wp\/v2\/categories?post=16937"},{"taxonomy":"post_tag","embeddable":true,"href":"https:\/\/www.gold.fr\/news\/wp-json\/wp\/v2\/tags?post=16937"},{"taxonomy":"author","embeddable":true,"href":"https:\/\/www.gold.fr\/news\/wp-json\/wp\/v2\/ppma_author?post=16937"}],"curies":[{"name":"wp","href":"https:\/\/api.w.org\/{rel}","templated":true}]}}