{"id":16917,"date":"2015-04-03T09:00:57","date_gmt":"2015-04-03T07:00:57","guid":{"rendered":"https:\/\/www.gold.fr\/news\/?p=16917"},"modified":"2018-02-22T14:28:51","modified_gmt":"2018-02-22T13:28:51","slug":"serie-decevante-dindicateurs-americains","status":"publish","type":"post","link":"https:\/\/www.gold.fr\/news\/2015\/04\/03\/serie-decevante-dindicateurs-americains\/","title":{"rendered":"S\u00e9rie d\u00e9cevante d\u2019indicateurs am\u00e9ricains"},"content":{"rendered":"<p><img loading=\"lazy\" decoding=\"async\" class=\"alignleft size-thumbnail wp-image-5246\" title=\"S\u00e9rie d\u00e9cevante d\u2019indicateurs am\u00e9ricains\" src=\"https:\/\/www.gold.fr\/news\/wp-content\/uploads\/2011\/08\/monde-dor1-150x150.jpg\" alt=\"\" width=\"150\" height=\"150\" \/><span style=\"font-size: small;\">C\u2019est d\u00e9cid\u00e9ment une semaine en montagnes russes que traversent les march\u00e9s occidentaux, et plus particuli\u00e8rement am\u00e9ricains. Les indicateurs macro\u00e9conomiques US soufflent continuellement le chaud et le froid, hissant un instant les places boursi\u00e8res nationales vers des sommets hebdomadaires et mensuels, avant de les tirer vers des plus bas tout aussi impressionnants, l\u2019instant d\u2019apr\u00e8s.<\/span>    <span style=\"font-size: small;\">Apr\u00e8s l\u2019euphorie du d\u00e9but de la semaine, les march\u00e9s financiers am\u00e9ricains inaugurent le deuxi\u00e8me trimestre <strong>2015<\/strong> sur une note baissi\u00e8re, plomb\u00e9s essentiellement par une nouvelle batterie de statistiques et rapports macro\u00e9conomiques nationaux globalement d\u00e9cevants.<\/span>    <span style=\"font-size: small;\">Premi\u00e8re donn\u00e9e inattendue ; le nombre de cr\u00e9ations d\u2019emplois priv\u00e9s qui, selon le cabinet de services aux entreprises <strong>ADP<\/strong>, n&rsquo;a atteint que <strong>189.000<\/strong> cr\u00e9ations d&#8217;emplois (mois de mars), aux Etats-Unis, contre des pr\u00e9visions expertes les pla\u00e7ant autour de <strong>225.000<\/strong>, et faisant suite \u00e0 <strong>212.000<\/strong> emplois cr\u00e9\u00e9s au mois de f\u00e9vrier. Les analystes de la banque fran\u00e7aise <strong>Natixis<\/strong> soulignent toutefois que \u00ab<em> l&#8217;emploi dans le secteur des services demeure solide<\/em> \u00bb. L\u2019\u00e9quipe de sp\u00e9cialistes affirme \u00ab <em>maintenir sa pr\u00e9vision de 235.000 cr\u00e9ations de postes non agricoles aux Etats-Unis pour le mois de mars<\/em> \u00bb, conc\u00e9dant n\u00e9anmoins les pr\u00e9visions d\u2019un \u00ab <em>l\u00e9ger biais \u00e0 la baisse<\/em> \u00bb.<\/span>    <span style=\"font-size: small;\">Par ailleurs, l&rsquo;indice <strong>ISM<\/strong> manufacturier affiche <strong>51,5 points<\/strong> (mois de mars), apr\u00e8s <strong>52,9 points<\/strong> en f\u00e9vrier, traduisant ainsi clairement un ralentissement de l&rsquo;expansion du secteur. Rappelons d\u2019ailleurs que le consensus expert escomptait une baisse plus relative \u00e9tablie en moyenne autour de <strong>52,5 points<\/strong>.<\/span><\/p>\n<!-- AddThis Advanced Settings generic via filter on the_content --><!-- AddThis Share Buttons generic via filter on the_content -->","protected":false},"excerpt":{"rendered":"<p>C\u2019est d\u00e9cid\u00e9ment une semaine en montagnes russes que traversent les march\u00e9s occidentaux, et plus particuli\u00e8rement am\u00e9ricains. Les indicateurs macro\u00e9conomiques US soufflent continuellement le chaud et le froid, hissant un instant les places boursi\u00e8res nationales vers des [&hellip;]<\/p>\n","protected":false},"author":18,"featured_media":5246,"comment_status":"open","ping_status":"open","sticky":false,"template":"","format":"standard","meta":{"_mbp_gutenberg_autopost":false,"_pgmb_is_evergreen":false,"_pgmb_ap_template_id":0,"footnotes":""},"categories":[6],"tags":[1188,1100,1105,1699],"ppma_author":[2565],"class_list":["post-16917","post","type-post","status-publish","format-standard","has-post-thumbnail","hentry","category-articles-de-presse","tag-bourse","tag-economie-us","tag-emploi-us","tag-marches-us"],"yoast_head":"<!-- This site is optimized with the Yoast SEO plugin v27.5 - https:\/\/yoast.com\/product\/yoast-seo-wordpress\/ -->\n<title>S\u00e9rie d\u00e9cevante d\u2019indicateurs am\u00e9ricains - Gold.fr<\/title>\n<meta name=\"robots\" content=\"index, follow, max-snippet:-1, max-image-preview:large, max-video-preview:-1\" \/>\n<link rel=\"canonical\" href=\"https:\/\/www.gold.fr\/news\/2015\/04\/03\/serie-decevante-dindicateurs-americains\/\" \/>\n<meta property=\"og:locale\" content=\"fr_FR\" \/>\n<meta property=\"og:type\" content=\"article\" \/>\n<meta property=\"og:title\" content=\"S\u00e9rie d\u00e9cevante d\u2019indicateurs am\u00e9ricains - Gold.fr\" \/>\n<meta property=\"og:description\" content=\"C\u2019est d\u00e9cid\u00e9ment une semaine en montagnes russes que traversent les march\u00e9s occidentaux, et plus particuli\u00e8rement am\u00e9ricains. Les indicateurs macro\u00e9conomiques US soufflent continuellement le chaud et le froid, hissant un instant les places boursi\u00e8res nationales vers des [&hellip;]\" \/>\n<meta property=\"og:url\" content=\"https:\/\/www.gold.fr\/news\/2015\/04\/03\/serie-decevante-dindicateurs-americains\/\" \/>\n<meta property=\"og:site_name\" content=\"Gold.fr\" \/>\n<meta property=\"article:publisher\" content=\"https:\/\/www.facebook.com\/Goldfr\/\" \/>\n<meta property=\"article:published_time\" content=\"2015-04-03T07:00:57+00:00\" \/>\n<meta property=\"article:modified_time\" content=\"2018-02-22T13:28:51+00:00\" \/>\n<meta property=\"og:image\" content=\"https:\/\/www.gold.fr\/news\/wp-content\/uploads\/2011\/08\/monde-dor1.jpg\" \/>\n\t<meta property=\"og:image:width\" content=\"600\" \/>\n\t<meta property=\"og:image:height\" content=\"400\" \/>\n\t<meta property=\"og:image:type\" content=\"image\/jpeg\" \/>\n<meta name=\"author\" content=\"Comptoir National de l&#039;Or\" \/>\n<meta name=\"twitter:card\" content=\"summary_large_image\" \/>\n<meta name=\"twitter:label1\" content=\"\u00c9crit par\" \/>\n\t<meta name=\"twitter:data1\" content=\"Comptoir National de l&#039;Or\" \/>\n\t<meta name=\"twitter:label2\" content=\"Dur\u00e9e de lecture estim\u00e9e\" \/>\n\t<meta name=\"twitter:data2\" content=\"1 minute\" \/>\n<script type=\"application\/ld+json\" class=\"yoast-schema-graph\">{\"@context\":\"https:\\\/\\\/schema.org\",\"@graph\":[{\"@type\":\"Article\",\"@id\":\"https:\\\/\\\/www.gold.fr\\\/news\\\/2015\\\/04\\\/03\\\/serie-decevante-dindicateurs-americains\\\/#article\",\"isPartOf\":{\"@id\":\"https:\\\/\\\/www.gold.fr\\\/news\\\/2015\\\/04\\\/03\\\/serie-decevante-dindicateurs-americains\\\/\"},\"author\":{\"name\":\"Comptoir National de l'Or\",\"@id\":\"https:\\\/\\\/www.gold.fr\\\/news\\\/#\\\/schema\\\/person\\\/070491b4b4fb7671bf59b3be20302ce9\"},\"headline\":\"S\u00e9rie d\u00e9cevante d\u2019indicateurs am\u00e9ricains\",\"datePublished\":\"2015-04-03T07:00:57+00:00\",\"dateModified\":\"2018-02-22T13:28:51+00:00\",\"mainEntityOfPage\":{\"@id\":\"https:\\\/\\\/www.gold.fr\\\/news\\\/2015\\\/04\\\/03\\\/serie-decevante-dindicateurs-americains\\\/\"},\"wordCount\":275,\"commentCount\":0,\"image\":{\"@id\":\"https:\\\/\\\/www.gold.fr\\\/news\\\/2015\\\/04\\\/03\\\/serie-decevante-dindicateurs-americains\\\/#primaryimage\"},\"thumbnailUrl\":\"https:\\\/\\\/www.gold.fr\\\/news\\\/wp-content\\\/uploads\\\/2011\\\/08\\\/monde-dor1.jpg\",\"keywords\":[\"bourse\",\"\u00e9conomie US\",\"emploi US\",\"march\u00e9s US\"],\"articleSection\":[\"Articles de presse\"],\"inLanguage\":\"fr-FR\"},{\"@type\":\"WebPage\",\"@id\":\"https:\\\/\\\/www.gold.fr\\\/news\\\/2015\\\/04\\\/03\\\/serie-decevante-dindicateurs-americains\\\/\",\"url\":\"https:\\\/\\\/www.gold.fr\\\/news\\\/2015\\\/04\\\/03\\\/serie-decevante-dindicateurs-americains\\\/\",\"name\":\"S\u00e9rie d\u00e9cevante d\u2019indicateurs am\u00e9ricains - Gold.fr\",\"isPartOf\":{\"@id\":\"https:\\\/\\\/www.gold.fr\\\/news\\\/#website\"},\"primaryImageOfPage\":{\"@id\":\"https:\\\/\\\/www.gold.fr\\\/news\\\/2015\\\/04\\\/03\\\/serie-decevante-dindicateurs-americains\\\/#primaryimage\"},\"image\":{\"@id\":\"https:\\\/\\\/www.gold.fr\\\/news\\\/2015\\\/04\\\/03\\\/serie-decevante-dindicateurs-americains\\\/#primaryimage\"},\"thumbnailUrl\":\"https:\\\/\\\/www.gold.fr\\\/news\\\/wp-content\\\/uploads\\\/2011\\\/08\\\/monde-dor1.jpg\",\"datePublished\":\"2015-04-03T07:00:57+00:00\",\"dateModified\":\"2018-02-22T13:28:51+00:00\",\"author\":{\"@id\":\"https:\\\/\\\/www.gold.fr\\\/news\\\/#\\\/schema\\\/person\\\/070491b4b4fb7671bf59b3be20302ce9\"},\"breadcrumb\":{\"@id\":\"https:\\\/\\\/www.gold.fr\\\/news\\\/2015\\\/04\\\/03\\\/serie-decevante-dindicateurs-americains\\\/#breadcrumb\"},\"inLanguage\":\"fr-FR\",\"potentialAction\":[{\"@type\":\"ReadAction\",\"target\":[\"https:\\\/\\\/www.gold.fr\\\/news\\\/2015\\\/04\\\/03\\\/serie-decevante-dindicateurs-americains\\\/\"]}]},{\"@type\":\"ImageObject\",\"inLanguage\":\"fr-FR\",\"@id\":\"https:\\\/\\\/www.gold.fr\\\/news\\\/2015\\\/04\\\/03\\\/serie-decevante-dindicateurs-americains\\\/#primaryimage\",\"url\":\"https:\\\/\\\/www.gold.fr\\\/news\\\/wp-content\\\/uploads\\\/2011\\\/08\\\/monde-dor1.jpg\",\"contentUrl\":\"https:\\\/\\\/www.gold.fr\\\/news\\\/wp-content\\\/uploads\\\/2011\\\/08\\\/monde-dor1.jpg\",\"width\":\"600\",\"height\":\"400\",\"caption\":\"Prix de l'Or de Bourse\"},{\"@type\":\"BreadcrumbList\",\"@id\":\"https:\\\/\\\/www.gold.fr\\\/news\\\/2015\\\/04\\\/03\\\/serie-decevante-dindicateurs-americains\\\/#breadcrumb\",\"itemListElement\":[{\"@type\":\"ListItem\",\"position\":1,\"name\":\"Accueil\",\"item\":\"https:\\\/\\\/www.gold.fr\\\/\"},{\"@type\":\"ListItem\",\"position\":2,\"name\":\"Actualit\u00e9s\",\"item\":\"https:\\\/\\\/www.gold.fr\\\/news\\\/\"},{\"@type\":\"ListItem\",\"position\":3,\"name\":\"S\u00e9rie d\u00e9cevante d\u2019indicateurs am\u00e9ricains\"}]},{\"@type\":\"WebSite\",\"@id\":\"https:\\\/\\\/www.gold.fr\\\/news\\\/#website\",\"url\":\"https:\\\/\\\/www.gold.fr\\\/news\\\/\",\"name\":\"Gold.fr\",\"description\":\"Actualit\u00e9s de l&#039;Or et des m\u00e9taux pr\u00e9cieux\",\"potentialAction\":[{\"@type\":\"SearchAction\",\"target\":{\"@type\":\"EntryPoint\",\"urlTemplate\":\"https:\\\/\\\/www.gold.fr\\\/news\\\/?s={search_term_string}\"},\"query-input\":{\"@type\":\"PropertyValueSpecification\",\"valueRequired\":true,\"valueName\":\"search_term_string\"}}],\"inLanguage\":\"fr-FR\"},{\"@type\":\"Person\",\"@id\":\"https:\\\/\\\/www.gold.fr\\\/news\\\/#\\\/schema\\\/person\\\/070491b4b4fb7671bf59b3be20302ce9\",\"name\":\"Comptoir National de l'Or\",\"image\":{\"@type\":\"ImageObject\",\"inLanguage\":\"fr-FR\",\"@id\":\"https:\\\/\\\/secure.gravatar.com\\\/avatar\\\/0a2867fd5abe37bed95d5a65e9d58f01756e11efc68af9888dfc50cfa7f65948?s=96&d=mm&r=gb490554db0a38188709de567aa58480d\",\"url\":\"https:\\\/\\\/secure.gravatar.com\\\/avatar\\\/0a2867fd5abe37bed95d5a65e9d58f01756e11efc68af9888dfc50cfa7f65948?s=96&d=mm&r=g\",\"contentUrl\":\"https:\\\/\\\/secure.gravatar.com\\\/avatar\\\/0a2867fd5abe37bed95d5a65e9d58f01756e11efc68af9888dfc50cfa7f65948?s=96&d=mm&r=g\",\"caption\":\"Comptoir National de l'Or\"},\"description\":\"Notre r\u00e9daction est constitu\u00e9e de membres experts dans les m\u00e9tiers de l'\u00e9conomie et la gestion, des Responsables d'agence Comptoir National de l'Or, des analystes financiers qui publient r\u00e9guli\u00e8rement des \u00e9tudes sur les politiques des banques centrales, le cours de l'or, prix de l'or, cours de l'argent, prix de l'argent, cours du platine, cours du palladium,... la situation en zone euro et l'impact de la strat\u00e9gie mon\u00e9taire de la FED. Notre \u00e9quipe scrute \u00e9galement une information plus g\u00e9n\u00e9raliste \u00e0 la recherche d'actualit\u00e9 \\\"p\u00e9pite\\\" \u00e0 vous partager. Depuis 5 ans, nous avons publi\u00e9 un peu plus de 4000 articles qui s'adressent \u00e0 un public large et vari\u00e9 ayant pour objectif de satisfaire votre curiosit\u00e9 et de partager avec vous une certaine fascination pour le m\u00e9tal jaune, le rachat d'or, et pour ceux qui veulent investir dans l'or, vendre leur or tout simplement en savoir plus... Pour tous vos achat or et argent, n'h\u00e9sitez pas \u00e0 prendre rendez-vous dans l'un de nos nombreux comptoirs.\",\"sameAs\":[\"https:\\\/\\\/www.gold.fr\"]}]}<\/script>\n<!-- \/ Yoast SEO plugin. -->","yoast_head_json":{"title":"S\u00e9rie d\u00e9cevante d\u2019indicateurs am\u00e9ricains - Gold.fr","robots":{"index":"index","follow":"follow","max-snippet":"max-snippet:-1","max-image-preview":"max-image-preview:large","max-video-preview":"max-video-preview:-1"},"canonical":"https:\/\/www.gold.fr\/news\/2015\/04\/03\/serie-decevante-dindicateurs-americains\/","og_locale":"fr_FR","og_type":"article","og_title":"S\u00e9rie d\u00e9cevante d\u2019indicateurs am\u00e9ricains - Gold.fr","og_description":"C\u2019est d\u00e9cid\u00e9ment une semaine en montagnes russes que traversent les march\u00e9s occidentaux, et plus particuli\u00e8rement am\u00e9ricains. Les indicateurs macro\u00e9conomiques US soufflent continuellement le chaud et le froid, hissant un instant les places boursi\u00e8res nationales vers des [&hellip;]","og_url":"https:\/\/www.gold.fr\/news\/2015\/04\/03\/serie-decevante-dindicateurs-americains\/","og_site_name":"Gold.fr","article_publisher":"https:\/\/www.facebook.com\/Goldfr\/","article_published_time":"2015-04-03T07:00:57+00:00","article_modified_time":"2018-02-22T13:28:51+00:00","og_image":[{"width":600,"height":400,"url":"https:\/\/www.gold.fr\/news\/wp-content\/uploads\/2011\/08\/monde-dor1.jpg","type":"image\/jpeg"}],"author":"Comptoir National de l'Or","twitter_card":"summary_large_image","twitter_misc":{"\u00c9crit par":"Comptoir National de l'Or","Dur\u00e9e de lecture estim\u00e9e":"1 minute"},"schema":{"@context":"https:\/\/schema.org","@graph":[{"@type":"Article","@id":"https:\/\/www.gold.fr\/news\/2015\/04\/03\/serie-decevante-dindicateurs-americains\/#article","isPartOf":{"@id":"https:\/\/www.gold.fr\/news\/2015\/04\/03\/serie-decevante-dindicateurs-americains\/"},"author":{"name":"Comptoir National de l'Or","@id":"https:\/\/www.gold.fr\/news\/#\/schema\/person\/070491b4b4fb7671bf59b3be20302ce9"},"headline":"S\u00e9rie d\u00e9cevante d\u2019indicateurs am\u00e9ricains","datePublished":"2015-04-03T07:00:57+00:00","dateModified":"2018-02-22T13:28:51+00:00","mainEntityOfPage":{"@id":"https:\/\/www.gold.fr\/news\/2015\/04\/03\/serie-decevante-dindicateurs-americains\/"},"wordCount":275,"commentCount":0,"image":{"@id":"https:\/\/www.gold.fr\/news\/2015\/04\/03\/serie-decevante-dindicateurs-americains\/#primaryimage"},"thumbnailUrl":"https:\/\/www.gold.fr\/news\/wp-content\/uploads\/2011\/08\/monde-dor1.jpg","keywords":["bourse","\u00e9conomie US","emploi US","march\u00e9s US"],"articleSection":["Articles de presse"],"inLanguage":"fr-FR"},{"@type":"WebPage","@id":"https:\/\/www.gold.fr\/news\/2015\/04\/03\/serie-decevante-dindicateurs-americains\/","url":"https:\/\/www.gold.fr\/news\/2015\/04\/03\/serie-decevante-dindicateurs-americains\/","name":"S\u00e9rie d\u00e9cevante d\u2019indicateurs am\u00e9ricains - Gold.fr","isPartOf":{"@id":"https:\/\/www.gold.fr\/news\/#website"},"primaryImageOfPage":{"@id":"https:\/\/www.gold.fr\/news\/2015\/04\/03\/serie-decevante-dindicateurs-americains\/#primaryimage"},"image":{"@id":"https:\/\/www.gold.fr\/news\/2015\/04\/03\/serie-decevante-dindicateurs-americains\/#primaryimage"},"thumbnailUrl":"https:\/\/www.gold.fr\/news\/wp-content\/uploads\/2011\/08\/monde-dor1.jpg","datePublished":"2015-04-03T07:00:57+00:00","dateModified":"2018-02-22T13:28:51+00:00","author":{"@id":"https:\/\/www.gold.fr\/news\/#\/schema\/person\/070491b4b4fb7671bf59b3be20302ce9"},"breadcrumb":{"@id":"https:\/\/www.gold.fr\/news\/2015\/04\/03\/serie-decevante-dindicateurs-americains\/#breadcrumb"},"inLanguage":"fr-FR","potentialAction":[{"@type":"ReadAction","target":["https:\/\/www.gold.fr\/news\/2015\/04\/03\/serie-decevante-dindicateurs-americains\/"]}]},{"@type":"ImageObject","inLanguage":"fr-FR","@id":"https:\/\/www.gold.fr\/news\/2015\/04\/03\/serie-decevante-dindicateurs-americains\/#primaryimage","url":"https:\/\/www.gold.fr\/news\/wp-content\/uploads\/2011\/08\/monde-dor1.jpg","contentUrl":"https:\/\/www.gold.fr\/news\/wp-content\/uploads\/2011\/08\/monde-dor1.jpg","width":"600","height":"400","caption":"Prix de l'Or de Bourse"},{"@type":"BreadcrumbList","@id":"https:\/\/www.gold.fr\/news\/2015\/04\/03\/serie-decevante-dindicateurs-americains\/#breadcrumb","itemListElement":[{"@type":"ListItem","position":1,"name":"Accueil","item":"https:\/\/www.gold.fr\/"},{"@type":"ListItem","position":2,"name":"Actualit\u00e9s","item":"https:\/\/www.gold.fr\/news\/"},{"@type":"ListItem","position":3,"name":"S\u00e9rie d\u00e9cevante d\u2019indicateurs am\u00e9ricains"}]},{"@type":"WebSite","@id":"https:\/\/www.gold.fr\/news\/#website","url":"https:\/\/www.gold.fr\/news\/","name":"Gold.fr","description":"Actualit\u00e9s de l&#039;Or et des m\u00e9taux pr\u00e9cieux","potentialAction":[{"@type":"SearchAction","target":{"@type":"EntryPoint","urlTemplate":"https:\/\/www.gold.fr\/news\/?s={search_term_string}"},"query-input":{"@type":"PropertyValueSpecification","valueRequired":true,"valueName":"search_term_string"}}],"inLanguage":"fr-FR"},{"@type":"Person","@id":"https:\/\/www.gold.fr\/news\/#\/schema\/person\/070491b4b4fb7671bf59b3be20302ce9","name":"Comptoir National de l'Or","image":{"@type":"ImageObject","inLanguage":"fr-FR","@id":"https:\/\/secure.gravatar.com\/avatar\/0a2867fd5abe37bed95d5a65e9d58f01756e11efc68af9888dfc50cfa7f65948?s=96&d=mm&r=gb490554db0a38188709de567aa58480d","url":"https:\/\/secure.gravatar.com\/avatar\/0a2867fd5abe37bed95d5a65e9d58f01756e11efc68af9888dfc50cfa7f65948?s=96&d=mm&r=g","contentUrl":"https:\/\/secure.gravatar.com\/avatar\/0a2867fd5abe37bed95d5a65e9d58f01756e11efc68af9888dfc50cfa7f65948?s=96&d=mm&r=g","caption":"Comptoir National de l'Or"},"description":"Notre r\u00e9daction est constitu\u00e9e de membres experts dans les m\u00e9tiers de l'\u00e9conomie et la gestion, des Responsables d'agence Comptoir National de l'Or, des analystes financiers qui publient r\u00e9guli\u00e8rement des \u00e9tudes sur les politiques des banques centrales, le cours de l'or, prix de l'or, cours de l'argent, prix de l'argent, cours du platine, cours du palladium,... la situation en zone euro et l'impact de la strat\u00e9gie mon\u00e9taire de la FED. Notre \u00e9quipe scrute \u00e9galement une information plus g\u00e9n\u00e9raliste \u00e0 la recherche d'actualit\u00e9 \"p\u00e9pite\" \u00e0 vous partager. Depuis 5 ans, nous avons publi\u00e9 un peu plus de 4000 articles qui s'adressent \u00e0 un public large et vari\u00e9 ayant pour objectif de satisfaire votre curiosit\u00e9 et de partager avec vous une certaine fascination pour le m\u00e9tal jaune, le rachat d'or, et pour ceux qui veulent investir dans l'or, vendre leur or tout simplement en savoir plus... Pour tous vos achat or et argent, n'h\u00e9sitez pas \u00e0 prendre rendez-vous dans l'un de nos nombreux comptoirs.","sameAs":["https:\/\/www.gold.fr"]}]}},"authors":[{"term_id":2565,"user_id":18,"is_guest":0,"slug":"julie","display_name":"Comptoir National de l'Or","avatar_url":"https:\/\/secure.gravatar.com\/avatar\/713f289e398d35ead876c4a4cc08607f0d6d266058cfc25683fffb6092d0e572?s=96&d=mm&r=g","0":null,"1":"","2":"","3":"","4":"","5":"","6":"","7":"","8":""}],"_links":{"self":[{"href":"https:\/\/www.gold.fr\/news\/wp-json\/wp\/v2\/posts\/16917","targetHints":{"allow":["GET"]}}],"collection":[{"href":"https:\/\/www.gold.fr\/news\/wp-json\/wp\/v2\/posts"}],"about":[{"href":"https:\/\/www.gold.fr\/news\/wp-json\/wp\/v2\/types\/post"}],"author":[{"embeddable":true,"href":"https:\/\/www.gold.fr\/news\/wp-json\/wp\/v2\/users\/18"}],"replies":[{"embeddable":true,"href":"https:\/\/www.gold.fr\/news\/wp-json\/wp\/v2\/comments?post=16917"}],"version-history":[{"count":0,"href":"https:\/\/www.gold.fr\/news\/wp-json\/wp\/v2\/posts\/16917\/revisions"}],"wp:featuredmedia":[{"embeddable":true,"href":"https:\/\/www.gold.fr\/news\/wp-json\/wp\/v2\/media\/5246"}],"wp:attachment":[{"href":"https:\/\/www.gold.fr\/news\/wp-json\/wp\/v2\/media?parent=16917"}],"wp:term":[{"taxonomy":"category","embeddable":true,"href":"https:\/\/www.gold.fr\/news\/wp-json\/wp\/v2\/categories?post=16917"},{"taxonomy":"post_tag","embeddable":true,"href":"https:\/\/www.gold.fr\/news\/wp-json\/wp\/v2\/tags?post=16917"},{"taxonomy":"author","embeddable":true,"href":"https:\/\/www.gold.fr\/news\/wp-json\/wp\/v2\/ppma_author?post=16917"}],"curies":[{"name":"wp","href":"https:\/\/api.w.org\/{rel}","templated":true}]}}