{"id":16908,"date":"2015-04-02T09:00:03","date_gmt":"2015-04-02T07:00:03","guid":{"rendered":"https:\/\/www.gold.fr\/news\/?p=16908"},"modified":"2018-02-22T14:28:52","modified_gmt":"2018-02-22T13:28:52","slug":"marches-euro-et-us-vent-euphorique-general","status":"publish","type":"post","link":"https:\/\/www.gold.fr\/news\/2015\/04\/02\/marches-euro-et-us-vent-euphorique-general\/","title":{"rendered":"March\u00e9s Euro et US : Vent euphorique g\u00e9n\u00e9ral"},"content":{"rendered":"<p><img loading=\"lazy\" decoding=\"async\" class=\"alignleft size-thumbnail wp-image-9348\" title=\"March\u00e9s Euro et US : Vent euphorique g\u00e9n\u00e9ral\" src=\"https:\/\/www.gold.fr\/news\/wp-content\/uploads\/2012\/09\/billet-euro-dollar-150x150.jpg\" alt=\"\" width=\"150\" height=\"150\" \/><span style=\"font-size: small;\">Difficile de d\u00e9cider laquelle, des deux rives \u00e9conomiques de l\u2019Atlantique, est en train d\u2019influencer l\u2019autre vers un bilan hebdomadaire dans le vert imperturbable. Entre des statistiques am\u00e9ricaines de nouveau en grande forme, et un dossier grec en bon chemin vers une \u00ab <em>fin heureuse<\/em> \u00bb, l\u2019heure est \u00e0 la f\u00eate tant sur les places boursi\u00e8res europ\u00e9ennes que parmi leurs homologues am\u00e9ricaines.<\/span>    <span style=\"font-size: small;\">Sur le plan technique, Tony Cross, analyste chez <strong>Trustnet Direct<\/strong>, soulignait mardi matin que bien que \u00ab<em> les volumes devraient se montrer quelque peu d\u00e9prim\u00e9s en ce d\u00e9but de semaine \u00e9court\u00e9e, pour cause de Vendredi Saint (\u2026), le FTSE 100 semble pouvoir se remettre de ses pertes r\u00e9centes<\/em> \u00bb.<\/span>    <span style=\"font-size: small;\">C\u00f4t\u00e9 dossier (ou interminable saga) de crise d\u2019endettement grec, Ath\u00e8nes avait bien soumis, le week-end dernier, une liste de r\u00e9formes structurelles \u00e0 ses partenaires europ\u00e9ens, esp\u00e9rant ainsi obtenir le \u00ab d\u00e9blocage rapide d&rsquo;une nouvelle aide financi\u00e8re \u00bb pour le pays. Une perspective qui ravive les espoirs en <strong>Gr\u00e8ce<\/strong>, puisque le Premier ministre <strong>Alexis Tsipras<\/strong> avait d\u00e9clar\u00e9, dans le cadre d\u2019une interview avec un hebdomadaire national, qu\u2019il \u00e9tait confiant de voir la situation aboutir sur une \u00ab <em>fin heureuse<\/em> \u00bb, en \u00e9voquant les n\u00e9gociations en cours avec ses cr\u00e9anciers internationaux.<\/span>    <span style=\"font-size: small;\">C\u2019est en tout cas une hausse g\u00e9n\u00e9ralis\u00e9e qui est \u00e9galement boost\u00e9e par les r\u00e9centes bonnes nouvelles en provenance de la rive asiatique, notamment depuis que le Pr\u00e9sident <strong>Xi Jinping<\/strong> avait annonc\u00e9 certains plans d&rsquo;infrastructures \u00ab <em>ambitieux<\/em> \u00bb, poussant les analystes \u00e0 affirmer que ces mesures semblent \u00ab<em> am\u00e9liorer la confiance dans l&rsquo;id\u00e9e que le retour de la croissance \u00e9conomique vers des niveaux plus normaux est sous contr\u00f4le<\/em> \u00bb, m\u00eame si, pour eux, \u00ab<em> la question est de savoir si ce sera durable<\/em> \u00bb.<\/span><\/p>\n<!-- AddThis Advanced Settings generic via filter on the_content --><!-- AddThis Share Buttons generic via filter on the_content -->","protected":false},"excerpt":{"rendered":"<p>Difficile de d\u00e9cider laquelle, des deux rives \u00e9conomiques de l\u2019Atlantique, est en train d\u2019influencer l\u2019autre vers un bilan hebdomadaire dans le vert imperturbable. Entre des statistiques am\u00e9ricaines de nouveau en grande forme, et un dossier grec [&hellip;]<\/p>\n","protected":false},"author":18,"featured_media":9348,"comment_status":"open","ping_status":"open","sticky":false,"template":"","format":"standard","meta":{"_mbp_gutenberg_autopost":false,"_pgmb_is_evergreen":false,"_pgmb_ap_template_id":0,"footnotes":""},"categories":[6],"tags":[2010,1878,1699],"ppma_author":[2565],"class_list":["post-16908","post","type-post","status-publish","format-standard","has-post-thumbnail","hentry","category-articles-de-presse","tag-dossier-grec","tag-marches-euro","tag-marches-us"],"yoast_head":"<!-- This site is optimized with the Yoast SEO plugin v27.5 - https:\/\/yoast.com\/product\/yoast-seo-wordpress\/ -->\n<title>March\u00e9s Euro et US : Vent euphorique g\u00e9n\u00e9ral - Gold.fr<\/title>\n<meta name=\"robots\" content=\"index, follow, max-snippet:-1, max-image-preview:large, max-video-preview:-1\" \/>\n<link rel=\"canonical\" href=\"https:\/\/www.gold.fr\/news\/2015\/04\/02\/marches-euro-et-us-vent-euphorique-general\/\" \/>\n<meta property=\"og:locale\" content=\"fr_FR\" \/>\n<meta property=\"og:type\" content=\"article\" \/>\n<meta property=\"og:title\" content=\"March\u00e9s Euro et US : Vent euphorique g\u00e9n\u00e9ral - Gold.fr\" \/>\n<meta property=\"og:description\" content=\"Difficile de d\u00e9cider laquelle, des deux rives \u00e9conomiques de l\u2019Atlantique, est en train d\u2019influencer l\u2019autre vers un bilan hebdomadaire dans le vert imperturbable. Entre des statistiques am\u00e9ricaines de nouveau en grande forme, et un dossier grec [&hellip;]\" \/>\n<meta property=\"og:url\" content=\"https:\/\/www.gold.fr\/news\/2015\/04\/02\/marches-euro-et-us-vent-euphorique-general\/\" \/>\n<meta property=\"og:site_name\" content=\"Gold.fr\" \/>\n<meta property=\"article:publisher\" content=\"https:\/\/www.facebook.com\/Goldfr\/\" \/>\n<meta property=\"article:published_time\" content=\"2015-04-02T07:00:03+00:00\" \/>\n<meta property=\"article:modified_time\" content=\"2018-02-22T13:28:52+00:00\" \/>\n<meta property=\"og:image\" content=\"https:\/\/www.gold.fr\/news\/wp-content\/uploads\/2012\/09\/billet-euro-dollar.jpg\" \/>\n\t<meta property=\"og:image:width\" content=\"601\" \/>\n\t<meta property=\"og:image:height\" content=\"400\" \/>\n\t<meta property=\"og:image:type\" content=\"image\/jpeg\" \/>\n<meta name=\"author\" content=\"Comptoir National de l&#039;Or\" \/>\n<meta name=\"twitter:card\" content=\"summary_large_image\" \/>\n<meta name=\"twitter:label1\" content=\"\u00c9crit par\" \/>\n\t<meta name=\"twitter:data1\" content=\"Comptoir National de l&#039;Or\" \/>\n\t<meta name=\"twitter:label2\" content=\"Dur\u00e9e de lecture estim\u00e9e\" \/>\n\t<meta name=\"twitter:data2\" content=\"2 minutes\" \/>\n<script type=\"application\/ld+json\" class=\"yoast-schema-graph\">{\"@context\":\"https:\\\/\\\/schema.org\",\"@graph\":[{\"@type\":\"Article\",\"@id\":\"https:\\\/\\\/www.gold.fr\\\/news\\\/2015\\\/04\\\/02\\\/marches-euro-et-us-vent-euphorique-general\\\/#article\",\"isPartOf\":{\"@id\":\"https:\\\/\\\/www.gold.fr\\\/news\\\/2015\\\/04\\\/02\\\/marches-euro-et-us-vent-euphorique-general\\\/\"},\"author\":{\"name\":\"Comptoir National de l'Or\",\"@id\":\"https:\\\/\\\/www.gold.fr\\\/news\\\/#\\\/schema\\\/person\\\/070491b4b4fb7671bf59b3be20302ce9\"},\"headline\":\"March\u00e9s Euro et US : Vent euphorique g\u00e9n\u00e9ral\",\"datePublished\":\"2015-04-02T07:00:03+00:00\",\"dateModified\":\"2018-02-22T13:28:52+00:00\",\"mainEntityOfPage\":{\"@id\":\"https:\\\/\\\/www.gold.fr\\\/news\\\/2015\\\/04\\\/02\\\/marches-euro-et-us-vent-euphorique-general\\\/\"},\"wordCount\":316,\"commentCount\":0,\"image\":{\"@id\":\"https:\\\/\\\/www.gold.fr\\\/news\\\/2015\\\/04\\\/02\\\/marches-euro-et-us-vent-euphorique-general\\\/#primaryimage\"},\"thumbnailUrl\":\"https:\\\/\\\/www.gold.fr\\\/news\\\/wp-content\\\/uploads\\\/2012\\\/09\\\/billet-euro-dollar.jpg\",\"keywords\":[\"dossier grec\",\"March\u00e9s euro\",\"march\u00e9s US\"],\"articleSection\":[\"Articles de presse\"],\"inLanguage\":\"fr-FR\"},{\"@type\":\"WebPage\",\"@id\":\"https:\\\/\\\/www.gold.fr\\\/news\\\/2015\\\/04\\\/02\\\/marches-euro-et-us-vent-euphorique-general\\\/\",\"url\":\"https:\\\/\\\/www.gold.fr\\\/news\\\/2015\\\/04\\\/02\\\/marches-euro-et-us-vent-euphorique-general\\\/\",\"name\":\"March\u00e9s Euro et US : Vent euphorique g\u00e9n\u00e9ral - Gold.fr\",\"isPartOf\":{\"@id\":\"https:\\\/\\\/www.gold.fr\\\/news\\\/#website\"},\"primaryImageOfPage\":{\"@id\":\"https:\\\/\\\/www.gold.fr\\\/news\\\/2015\\\/04\\\/02\\\/marches-euro-et-us-vent-euphorique-general\\\/#primaryimage\"},\"image\":{\"@id\":\"https:\\\/\\\/www.gold.fr\\\/news\\\/2015\\\/04\\\/02\\\/marches-euro-et-us-vent-euphorique-general\\\/#primaryimage\"},\"thumbnailUrl\":\"https:\\\/\\\/www.gold.fr\\\/news\\\/wp-content\\\/uploads\\\/2012\\\/09\\\/billet-euro-dollar.jpg\",\"datePublished\":\"2015-04-02T07:00:03+00:00\",\"dateModified\":\"2018-02-22T13:28:52+00:00\",\"author\":{\"@id\":\"https:\\\/\\\/www.gold.fr\\\/news\\\/#\\\/schema\\\/person\\\/070491b4b4fb7671bf59b3be20302ce9\"},\"breadcrumb\":{\"@id\":\"https:\\\/\\\/www.gold.fr\\\/news\\\/2015\\\/04\\\/02\\\/marches-euro-et-us-vent-euphorique-general\\\/#breadcrumb\"},\"inLanguage\":\"fr-FR\",\"potentialAction\":[{\"@type\":\"ReadAction\",\"target\":[\"https:\\\/\\\/www.gold.fr\\\/news\\\/2015\\\/04\\\/02\\\/marches-euro-et-us-vent-euphorique-general\\\/\"]}]},{\"@type\":\"ImageObject\",\"inLanguage\":\"fr-FR\",\"@id\":\"https:\\\/\\\/www.gold.fr\\\/news\\\/2015\\\/04\\\/02\\\/marches-euro-et-us-vent-euphorique-general\\\/#primaryimage\",\"url\":\"https:\\\/\\\/www.gold.fr\\\/news\\\/wp-content\\\/uploads\\\/2012\\\/09\\\/billet-euro-dollar.jpg\",\"contentUrl\":\"https:\\\/\\\/www.gold.fr\\\/news\\\/wp-content\\\/uploads\\\/2012\\\/09\\\/billet-euro-dollar.jpg\",\"width\":\"601\",\"height\":\"400\",\"caption\":\"Or: R\u00e9union au sommet des g\u00e9ants du secteur minier\"},{\"@type\":\"BreadcrumbList\",\"@id\":\"https:\\\/\\\/www.gold.fr\\\/news\\\/2015\\\/04\\\/02\\\/marches-euro-et-us-vent-euphorique-general\\\/#breadcrumb\",\"itemListElement\":[{\"@type\":\"ListItem\",\"position\":1,\"name\":\"Accueil\",\"item\":\"https:\\\/\\\/www.gold.fr\\\/\"},{\"@type\":\"ListItem\",\"position\":2,\"name\":\"Actualit\u00e9s\",\"item\":\"https:\\\/\\\/www.gold.fr\\\/news\\\/\"},{\"@type\":\"ListItem\",\"position\":3,\"name\":\"March\u00e9s Euro et US : Vent euphorique g\u00e9n\u00e9ral\"}]},{\"@type\":\"WebSite\",\"@id\":\"https:\\\/\\\/www.gold.fr\\\/news\\\/#website\",\"url\":\"https:\\\/\\\/www.gold.fr\\\/news\\\/\",\"name\":\"Gold.fr\",\"description\":\"Actualit\u00e9s de l&#039;Or et des m\u00e9taux pr\u00e9cieux\",\"potentialAction\":[{\"@type\":\"SearchAction\",\"target\":{\"@type\":\"EntryPoint\",\"urlTemplate\":\"https:\\\/\\\/www.gold.fr\\\/news\\\/?s={search_term_string}\"},\"query-input\":{\"@type\":\"PropertyValueSpecification\",\"valueRequired\":true,\"valueName\":\"search_term_string\"}}],\"inLanguage\":\"fr-FR\"},{\"@type\":\"Person\",\"@id\":\"https:\\\/\\\/www.gold.fr\\\/news\\\/#\\\/schema\\\/person\\\/070491b4b4fb7671bf59b3be20302ce9\",\"name\":\"Comptoir National de l'Or\",\"image\":{\"@type\":\"ImageObject\",\"inLanguage\":\"fr-FR\",\"@id\":\"https:\\\/\\\/secure.gravatar.com\\\/avatar\\\/0a2867fd5abe37bed95d5a65e9d58f01756e11efc68af9888dfc50cfa7f65948?s=96&d=mm&r=gb490554db0a38188709de567aa58480d\",\"url\":\"https:\\\/\\\/secure.gravatar.com\\\/avatar\\\/0a2867fd5abe37bed95d5a65e9d58f01756e11efc68af9888dfc50cfa7f65948?s=96&d=mm&r=g\",\"contentUrl\":\"https:\\\/\\\/secure.gravatar.com\\\/avatar\\\/0a2867fd5abe37bed95d5a65e9d58f01756e11efc68af9888dfc50cfa7f65948?s=96&d=mm&r=g\",\"caption\":\"Comptoir National de l'Or\"},\"description\":\"Notre r\u00e9daction est constitu\u00e9e de membres experts dans les m\u00e9tiers de l'\u00e9conomie et la gestion, des Responsables d'agence Comptoir National de l'Or, des analystes financiers qui publient r\u00e9guli\u00e8rement des \u00e9tudes sur les politiques des banques centrales, le cours de l'or, prix de l'or, cours de l'argent, prix de l'argent, cours du platine, cours du palladium,... la situation en zone euro et l'impact de la strat\u00e9gie mon\u00e9taire de la FED. Notre \u00e9quipe scrute \u00e9galement une information plus g\u00e9n\u00e9raliste \u00e0 la recherche d'actualit\u00e9 \\\"p\u00e9pite\\\" \u00e0 vous partager. Depuis 5 ans, nous avons publi\u00e9 un peu plus de 4000 articles qui s'adressent \u00e0 un public large et vari\u00e9 ayant pour objectif de satisfaire votre curiosit\u00e9 et de partager avec vous une certaine fascination pour le m\u00e9tal jaune, le rachat d'or, et pour ceux qui veulent investir dans l'or, vendre leur or tout simplement en savoir plus... Pour tous vos achat or et argent, n'h\u00e9sitez pas \u00e0 prendre rendez-vous dans l'un de nos nombreux comptoirs.\",\"sameAs\":[\"https:\\\/\\\/www.gold.fr\"]}]}<\/script>\n<!-- \/ Yoast SEO plugin. -->","yoast_head_json":{"title":"March\u00e9s Euro et US : Vent euphorique g\u00e9n\u00e9ral - Gold.fr","robots":{"index":"index","follow":"follow","max-snippet":"max-snippet:-1","max-image-preview":"max-image-preview:large","max-video-preview":"max-video-preview:-1"},"canonical":"https:\/\/www.gold.fr\/news\/2015\/04\/02\/marches-euro-et-us-vent-euphorique-general\/","og_locale":"fr_FR","og_type":"article","og_title":"March\u00e9s Euro et US : Vent euphorique g\u00e9n\u00e9ral - Gold.fr","og_description":"Difficile de d\u00e9cider laquelle, des deux rives \u00e9conomiques de l\u2019Atlantique, est en train d\u2019influencer l\u2019autre vers un bilan hebdomadaire dans le vert imperturbable. Entre des statistiques am\u00e9ricaines de nouveau en grande forme, et un dossier grec [&hellip;]","og_url":"https:\/\/www.gold.fr\/news\/2015\/04\/02\/marches-euro-et-us-vent-euphorique-general\/","og_site_name":"Gold.fr","article_publisher":"https:\/\/www.facebook.com\/Goldfr\/","article_published_time":"2015-04-02T07:00:03+00:00","article_modified_time":"2018-02-22T13:28:52+00:00","og_image":[{"width":601,"height":400,"url":"https:\/\/www.gold.fr\/news\/wp-content\/uploads\/2012\/09\/billet-euro-dollar.jpg","type":"image\/jpeg"}],"author":"Comptoir National de l'Or","twitter_card":"summary_large_image","twitter_misc":{"\u00c9crit par":"Comptoir National de l'Or","Dur\u00e9e de lecture estim\u00e9e":"2 minutes"},"schema":{"@context":"https:\/\/schema.org","@graph":[{"@type":"Article","@id":"https:\/\/www.gold.fr\/news\/2015\/04\/02\/marches-euro-et-us-vent-euphorique-general\/#article","isPartOf":{"@id":"https:\/\/www.gold.fr\/news\/2015\/04\/02\/marches-euro-et-us-vent-euphorique-general\/"},"author":{"name":"Comptoir National de l'Or","@id":"https:\/\/www.gold.fr\/news\/#\/schema\/person\/070491b4b4fb7671bf59b3be20302ce9"},"headline":"March\u00e9s Euro et US : Vent euphorique g\u00e9n\u00e9ral","datePublished":"2015-04-02T07:00:03+00:00","dateModified":"2018-02-22T13:28:52+00:00","mainEntityOfPage":{"@id":"https:\/\/www.gold.fr\/news\/2015\/04\/02\/marches-euro-et-us-vent-euphorique-general\/"},"wordCount":316,"commentCount":0,"image":{"@id":"https:\/\/www.gold.fr\/news\/2015\/04\/02\/marches-euro-et-us-vent-euphorique-general\/#primaryimage"},"thumbnailUrl":"https:\/\/www.gold.fr\/news\/wp-content\/uploads\/2012\/09\/billet-euro-dollar.jpg","keywords":["dossier grec","March\u00e9s euro","march\u00e9s US"],"articleSection":["Articles de presse"],"inLanguage":"fr-FR"},{"@type":"WebPage","@id":"https:\/\/www.gold.fr\/news\/2015\/04\/02\/marches-euro-et-us-vent-euphorique-general\/","url":"https:\/\/www.gold.fr\/news\/2015\/04\/02\/marches-euro-et-us-vent-euphorique-general\/","name":"March\u00e9s Euro et US : Vent euphorique g\u00e9n\u00e9ral - Gold.fr","isPartOf":{"@id":"https:\/\/www.gold.fr\/news\/#website"},"primaryImageOfPage":{"@id":"https:\/\/www.gold.fr\/news\/2015\/04\/02\/marches-euro-et-us-vent-euphorique-general\/#primaryimage"},"image":{"@id":"https:\/\/www.gold.fr\/news\/2015\/04\/02\/marches-euro-et-us-vent-euphorique-general\/#primaryimage"},"thumbnailUrl":"https:\/\/www.gold.fr\/news\/wp-content\/uploads\/2012\/09\/billet-euro-dollar.jpg","datePublished":"2015-04-02T07:00:03+00:00","dateModified":"2018-02-22T13:28:52+00:00","author":{"@id":"https:\/\/www.gold.fr\/news\/#\/schema\/person\/070491b4b4fb7671bf59b3be20302ce9"},"breadcrumb":{"@id":"https:\/\/www.gold.fr\/news\/2015\/04\/02\/marches-euro-et-us-vent-euphorique-general\/#breadcrumb"},"inLanguage":"fr-FR","potentialAction":[{"@type":"ReadAction","target":["https:\/\/www.gold.fr\/news\/2015\/04\/02\/marches-euro-et-us-vent-euphorique-general\/"]}]},{"@type":"ImageObject","inLanguage":"fr-FR","@id":"https:\/\/www.gold.fr\/news\/2015\/04\/02\/marches-euro-et-us-vent-euphorique-general\/#primaryimage","url":"https:\/\/www.gold.fr\/news\/wp-content\/uploads\/2012\/09\/billet-euro-dollar.jpg","contentUrl":"https:\/\/www.gold.fr\/news\/wp-content\/uploads\/2012\/09\/billet-euro-dollar.jpg","width":"601","height":"400","caption":"Or: R\u00e9union au sommet des g\u00e9ants du secteur minier"},{"@type":"BreadcrumbList","@id":"https:\/\/www.gold.fr\/news\/2015\/04\/02\/marches-euro-et-us-vent-euphorique-general\/#breadcrumb","itemListElement":[{"@type":"ListItem","position":1,"name":"Accueil","item":"https:\/\/www.gold.fr\/"},{"@type":"ListItem","position":2,"name":"Actualit\u00e9s","item":"https:\/\/www.gold.fr\/news\/"},{"@type":"ListItem","position":3,"name":"March\u00e9s Euro et US : Vent euphorique g\u00e9n\u00e9ral"}]},{"@type":"WebSite","@id":"https:\/\/www.gold.fr\/news\/#website","url":"https:\/\/www.gold.fr\/news\/","name":"Gold.fr","description":"Actualit\u00e9s de l&#039;Or et des m\u00e9taux pr\u00e9cieux","potentialAction":[{"@type":"SearchAction","target":{"@type":"EntryPoint","urlTemplate":"https:\/\/www.gold.fr\/news\/?s={search_term_string}"},"query-input":{"@type":"PropertyValueSpecification","valueRequired":true,"valueName":"search_term_string"}}],"inLanguage":"fr-FR"},{"@type":"Person","@id":"https:\/\/www.gold.fr\/news\/#\/schema\/person\/070491b4b4fb7671bf59b3be20302ce9","name":"Comptoir National de l'Or","image":{"@type":"ImageObject","inLanguage":"fr-FR","@id":"https:\/\/secure.gravatar.com\/avatar\/0a2867fd5abe37bed95d5a65e9d58f01756e11efc68af9888dfc50cfa7f65948?s=96&d=mm&r=gb490554db0a38188709de567aa58480d","url":"https:\/\/secure.gravatar.com\/avatar\/0a2867fd5abe37bed95d5a65e9d58f01756e11efc68af9888dfc50cfa7f65948?s=96&d=mm&r=g","contentUrl":"https:\/\/secure.gravatar.com\/avatar\/0a2867fd5abe37bed95d5a65e9d58f01756e11efc68af9888dfc50cfa7f65948?s=96&d=mm&r=g","caption":"Comptoir National de l'Or"},"description":"Notre r\u00e9daction est constitu\u00e9e de membres experts dans les m\u00e9tiers de l'\u00e9conomie et la gestion, des Responsables d'agence Comptoir National de l'Or, des analystes financiers qui publient r\u00e9guli\u00e8rement des \u00e9tudes sur les politiques des banques centrales, le cours de l'or, prix de l'or, cours de l'argent, prix de l'argent, cours du platine, cours du palladium,... la situation en zone euro et l'impact de la strat\u00e9gie mon\u00e9taire de la FED. Notre \u00e9quipe scrute \u00e9galement une information plus g\u00e9n\u00e9raliste \u00e0 la recherche d'actualit\u00e9 \"p\u00e9pite\" \u00e0 vous partager. Depuis 5 ans, nous avons publi\u00e9 un peu plus de 4000 articles qui s'adressent \u00e0 un public large et vari\u00e9 ayant pour objectif de satisfaire votre curiosit\u00e9 et de partager avec vous une certaine fascination pour le m\u00e9tal jaune, le rachat d'or, et pour ceux qui veulent investir dans l'or, vendre leur or tout simplement en savoir plus... Pour tous vos achat or et argent, n'h\u00e9sitez pas \u00e0 prendre rendez-vous dans l'un de nos nombreux comptoirs.","sameAs":["https:\/\/www.gold.fr"]}]}},"authors":[{"term_id":2565,"user_id":18,"is_guest":0,"slug":"julie","display_name":"Comptoir National de l'Or","avatar_url":"https:\/\/secure.gravatar.com\/avatar\/713f289e398d35ead876c4a4cc08607f0d6d266058cfc25683fffb6092d0e572?s=96&d=mm&r=g","0":null,"1":"","2":"","3":"","4":"","5":"","6":"","7":"","8":""}],"_links":{"self":[{"href":"https:\/\/www.gold.fr\/news\/wp-json\/wp\/v2\/posts\/16908","targetHints":{"allow":["GET"]}}],"collection":[{"href":"https:\/\/www.gold.fr\/news\/wp-json\/wp\/v2\/posts"}],"about":[{"href":"https:\/\/www.gold.fr\/news\/wp-json\/wp\/v2\/types\/post"}],"author":[{"embeddable":true,"href":"https:\/\/www.gold.fr\/news\/wp-json\/wp\/v2\/users\/18"}],"replies":[{"embeddable":true,"href":"https:\/\/www.gold.fr\/news\/wp-json\/wp\/v2\/comments?post=16908"}],"version-history":[{"count":0,"href":"https:\/\/www.gold.fr\/news\/wp-json\/wp\/v2\/posts\/16908\/revisions"}],"wp:featuredmedia":[{"embeddable":true,"href":"https:\/\/www.gold.fr\/news\/wp-json\/wp\/v2\/media\/9348"}],"wp:attachment":[{"href":"https:\/\/www.gold.fr\/news\/wp-json\/wp\/v2\/media?parent=16908"}],"wp:term":[{"taxonomy":"category","embeddable":true,"href":"https:\/\/www.gold.fr\/news\/wp-json\/wp\/v2\/categories?post=16908"},{"taxonomy":"post_tag","embeddable":true,"href":"https:\/\/www.gold.fr\/news\/wp-json\/wp\/v2\/tags?post=16908"},{"taxonomy":"author","embeddable":true,"href":"https:\/\/www.gold.fr\/news\/wp-json\/wp\/v2\/ppma_author?post=16908"}],"curies":[{"name":"wp","href":"https:\/\/api.w.org\/{rel}","templated":true}]}}