{"id":16897,"date":"2015-03-31T09:00:12","date_gmt":"2015-03-31T07:00:12","guid":{"rendered":"https:\/\/www.gold.fr\/news\/?p=16897"},"modified":"2018-02-22T14:28:56","modified_gmt":"2018-02-22T13:28:56","slug":"marches-attentistes-et-courte-semaine-boursiere","status":"publish","type":"post","link":"https:\/\/www.gold.fr\/news\/2015\/03\/31\/marches-attentistes-et-courte-semaine-boursiere\/","title":{"rendered":"March\u00e9s attentistes et courte semaine boursi\u00e8re"},"content":{"rendered":"<p><img loading=\"lazy\" decoding=\"async\" class=\"alignleft size-thumbnail wp-image-7719\" title=\"March\u00e9s attentistes et courte semaine boursi\u00e8re\" src=\"https:\/\/www.gold.fr\/news\/wp-content\/uploads\/2012\/05\/Achat-Or-150x150.jpg\" alt=\"\" width=\"150\" height=\"150\" \/><span style=\"font-size: small;\">Cette semaine boursi\u00e8re s&rsquo;annonce aussi br\u00e8ve qu&rsquo;attentiste ; \u00e9court\u00e9e par le Vendredi Saint et domin\u00e9e par une h\u00e9sitation globale autour des dossiers de la <strong>Gr\u00e8ce<\/strong>, du Moyen-Orient et de la <strong>FED<\/strong>, les march\u00e9s avancent \u00e0 pas particuli\u00e8rement mesur\u00e9s.<\/span>    <span style=\"font-size: small;\">Les experts rappellent, en ce d\u00e9but de semaine, que \u00ab<em> en raison du Vendredi Saint, les grandes Bourses occidentales seront ferm\u00e9es vendredi et certaines d&rsquo;entre elles &#8211; comme Euronext &#8211; ne rouvriront pas avant le mardi suivant en raison du Lundi de P\u00e2ques<\/em> \u00bb. Du coup, les principales places boursi\u00e8res, des deux c\u00f4t\u00e9s de l&rsquo;Atlantique, n&rsquo;auront pas l&rsquo;occasion de \u00ab <em>r\u00e9agir directement aux chiffres mensuels de l&#8217;emploi<\/em> \u00bb dont la publication est pr\u00e9vue dans le courant de la journ\u00e9e du vendredi, et qui monopolisent traditionnellement l&rsquo;attention des op\u00e9rateurs et des experts, dans la mesure o\u00f9 ils constituent un indicateur macro\u00e9conomique majeur pour les march\u00e9s d&rsquo;<a href='https:\/\/www.gold.fr\/news\/tags\/investissement' class='esk-seo-plu-link'>investissement<\/a>.<\/span>    <span style=\"font-size: small;\">En attendant, <a title=\"Dossier grec : Le retour des inqui\u00e9tudes\" href=\"https:\/\/www.gold.fr\/news\/2015\/03\/25\/dossier-grec-le-retour-des-inquietudes\/16867\/\" target=\"_blank\">le dossier grec continue \u00e0 susciter de vives inqui\u00e9tudes<\/a>, sur fond de tension attentiste suite aux derniers avancements de la situation. Ath\u00e8nes vient en effet de remettre \u00e0 ses diff\u00e9rents partenaires europ\u00e9ens majeurs une liste de r\u00e9formes structurelles, essentiellement \u00ab<em> destin\u00e9es \u00e0 permettre le d\u00e9blocage rapide d&rsquo;une nouvelle aide financi\u00e8re<\/em> \u00bb.<\/span>    <span style=\"font-size: small;\">De l&rsquo;autre c\u00f4t\u00e9 de l&rsquo;Atlantique, la m\u00eame ambiance attentiste r\u00e8gne sur les principales places boursi\u00e8res. Lors d&rsquo;une conf\u00e9rence de presse tenue, en fin de semaine derni\u00e8re, \u00e0 San Francisco, <strong>Janet Yellen<\/strong> a d\u00e9clar\u00e9 qu&rsquo;une hausse des taux d&rsquo;int\u00e9r\u00eat \u00ab <em>pourrait \u00eatre justifi\u00e9e plus tard cette ann\u00e9e en cas de poursuite de l&rsquo;am\u00e9lioration des conditions \u00e9conomiques<\/em> \u00bb. En d&rsquo;autres termes, du c\u00f4t\u00e9 de la <strong>FED<\/strong> aussi, rien n&rsquo;est encore d\u00e9cid\u00e9 et tout reste \u00e0 d\u00e9terminer.<\/span><\/p>\n<!-- AddThis Advanced Settings generic via filter on the_content --><!-- AddThis Share Buttons generic via filter on the_content -->","protected":false},"excerpt":{"rendered":"<p>Cette semaine boursi\u00e8re s&rsquo;annonce aussi br\u00e8ve qu&rsquo;attentiste ; \u00e9court\u00e9e par le Vendredi Saint et domin\u00e9e par une h\u00e9sitation globale autour des dossiers de la Gr\u00e8ce, du Moyen-Orient et de la FED, les march\u00e9s avancent \u00e0 pas [&hellip;]<\/p>\n","protected":false},"author":18,"featured_media":7719,"comment_status":"open","ping_status":"open","sticky":false,"template":"","format":"standard","meta":{"_mbp_gutenberg_autopost":false,"_pgmb_is_evergreen":false,"_pgmb_ap_template_id":0,"footnotes":""},"categories":[6],"tags":[1188,144,224,1504,1649],"ppma_author":[2565],"class_list":["post-16897","post","type-post","status-publish","format-standard","has-post-thumbnail","hentry","category-articles-de-presse","tag-bourse","tag-fed","tag-grece","tag-janet-yellen","tag-marches"],"yoast_head":"<!-- This site is optimized with the Yoast SEO plugin v27.5 - https:\/\/yoast.com\/product\/yoast-seo-wordpress\/ -->\n<title>March\u00e9s attentistes et courte semaine boursi\u00e8re - Gold.fr<\/title>\n<meta name=\"robots\" content=\"index, follow, max-snippet:-1, max-image-preview:large, max-video-preview:-1\" \/>\n<link rel=\"canonical\" href=\"https:\/\/www.gold.fr\/news\/2015\/03\/31\/marches-attentistes-et-courte-semaine-boursiere\/\" \/>\n<meta property=\"og:locale\" content=\"fr_FR\" \/>\n<meta property=\"og:type\" content=\"article\" \/>\n<meta property=\"og:title\" content=\"March\u00e9s attentistes et courte semaine boursi\u00e8re - Gold.fr\" \/>\n<meta property=\"og:description\" content=\"Cette semaine boursi\u00e8re s&rsquo;annonce aussi br\u00e8ve qu&rsquo;attentiste ; \u00e9court\u00e9e par le Vendredi Saint et domin\u00e9e par une h\u00e9sitation globale autour des dossiers de la Gr\u00e8ce, du Moyen-Orient et de la FED, les march\u00e9s avancent \u00e0 pas [&hellip;]\" \/>\n<meta property=\"og:url\" content=\"https:\/\/www.gold.fr\/news\/2015\/03\/31\/marches-attentistes-et-courte-semaine-boursiere\/\" \/>\n<meta property=\"og:site_name\" content=\"Gold.fr\" \/>\n<meta property=\"article:publisher\" content=\"https:\/\/www.facebook.com\/Goldfr\/\" \/>\n<meta property=\"article:published_time\" content=\"2015-03-31T07:00:12+00:00\" \/>\n<meta property=\"article:modified_time\" content=\"2018-02-22T13:28:56+00:00\" \/>\n<meta property=\"og:image\" content=\"https:\/\/www.gold.fr\/news\/wp-content\/uploads\/2012\/05\/Achat-Or.jpg\" \/>\n\t<meta property=\"og:image:width\" content=\"600\" \/>\n\t<meta property=\"og:image:height\" content=\"400\" \/>\n\t<meta property=\"og:image:type\" content=\"image\/jpeg\" \/>\n<meta name=\"author\" content=\"Comptoir National de l&#039;Or\" \/>\n<meta name=\"twitter:card\" content=\"summary_large_image\" \/>\n<meta name=\"twitter:label1\" content=\"\u00c9crit par\" \/>\n\t<meta name=\"twitter:data1\" content=\"Comptoir National de l&#039;Or\" \/>\n\t<meta name=\"twitter:label2\" content=\"Dur\u00e9e de lecture estim\u00e9e\" \/>\n\t<meta name=\"twitter:data2\" content=\"1 minute\" \/>\n<script type=\"application\/ld+json\" class=\"yoast-schema-graph\">{\"@context\":\"https:\\\/\\\/schema.org\",\"@graph\":[{\"@type\":\"Article\",\"@id\":\"https:\\\/\\\/www.gold.fr\\\/news\\\/2015\\\/03\\\/31\\\/marches-attentistes-et-courte-semaine-boursiere\\\/#article\",\"isPartOf\":{\"@id\":\"https:\\\/\\\/www.gold.fr\\\/news\\\/2015\\\/03\\\/31\\\/marches-attentistes-et-courte-semaine-boursiere\\\/\"},\"author\":{\"name\":\"Comptoir National de l'Or\",\"@id\":\"https:\\\/\\\/www.gold.fr\\\/news\\\/#\\\/schema\\\/person\\\/070491b4b4fb7671bf59b3be20302ce9\"},\"headline\":\"March\u00e9s attentistes et courte semaine boursi\u00e8re\",\"datePublished\":\"2015-03-31T07:00:12+00:00\",\"dateModified\":\"2018-02-22T13:28:56+00:00\",\"mainEntityOfPage\":{\"@id\":\"https:\\\/\\\/www.gold.fr\\\/news\\\/2015\\\/03\\\/31\\\/marches-attentistes-et-courte-semaine-boursiere\\\/\"},\"wordCount\":325,\"commentCount\":0,\"image\":{\"@id\":\"https:\\\/\\\/www.gold.fr\\\/news\\\/2015\\\/03\\\/31\\\/marches-attentistes-et-courte-semaine-boursiere\\\/#primaryimage\"},\"thumbnailUrl\":\"https:\\\/\\\/www.gold.fr\\\/news\\\/wp-content\\\/uploads\\\/2012\\\/05\\\/Achat-Or.jpg\",\"keywords\":[\"bourse\",\"fed\",\"Gr\u00e8ce\",\"Janet Yellen\",\"march\u00e9s\"],\"articleSection\":[\"Articles de presse\"],\"inLanguage\":\"fr-FR\"},{\"@type\":\"WebPage\",\"@id\":\"https:\\\/\\\/www.gold.fr\\\/news\\\/2015\\\/03\\\/31\\\/marches-attentistes-et-courte-semaine-boursiere\\\/\",\"url\":\"https:\\\/\\\/www.gold.fr\\\/news\\\/2015\\\/03\\\/31\\\/marches-attentistes-et-courte-semaine-boursiere\\\/\",\"name\":\"March\u00e9s attentistes et courte semaine boursi\u00e8re - Gold.fr\",\"isPartOf\":{\"@id\":\"https:\\\/\\\/www.gold.fr\\\/news\\\/#website\"},\"primaryImageOfPage\":{\"@id\":\"https:\\\/\\\/www.gold.fr\\\/news\\\/2015\\\/03\\\/31\\\/marches-attentistes-et-courte-semaine-boursiere\\\/#primaryimage\"},\"image\":{\"@id\":\"https:\\\/\\\/www.gold.fr\\\/news\\\/2015\\\/03\\\/31\\\/marches-attentistes-et-courte-semaine-boursiere\\\/#primaryimage\"},\"thumbnailUrl\":\"https:\\\/\\\/www.gold.fr\\\/news\\\/wp-content\\\/uploads\\\/2012\\\/05\\\/Achat-Or.jpg\",\"datePublished\":\"2015-03-31T07:00:12+00:00\",\"dateModified\":\"2018-02-22T13:28:56+00:00\",\"author\":{\"@id\":\"https:\\\/\\\/www.gold.fr\\\/news\\\/#\\\/schema\\\/person\\\/070491b4b4fb7671bf59b3be20302ce9\"},\"breadcrumb\":{\"@id\":\"https:\\\/\\\/www.gold.fr\\\/news\\\/2015\\\/03\\\/31\\\/marches-attentistes-et-courte-semaine-boursiere\\\/#breadcrumb\"},\"inLanguage\":\"fr-FR\",\"potentialAction\":[{\"@type\":\"ReadAction\",\"target\":[\"https:\\\/\\\/www.gold.fr\\\/news\\\/2015\\\/03\\\/31\\\/marches-attentistes-et-courte-semaine-boursiere\\\/\"]}]},{\"@type\":\"ImageObject\",\"inLanguage\":\"fr-FR\",\"@id\":\"https:\\\/\\\/www.gold.fr\\\/news\\\/2015\\\/03\\\/31\\\/marches-attentistes-et-courte-semaine-boursiere\\\/#primaryimage\",\"url\":\"https:\\\/\\\/www.gold.fr\\\/news\\\/wp-content\\\/uploads\\\/2012\\\/05\\\/Achat-Or.jpg\",\"contentUrl\":\"https:\\\/\\\/www.gold.fr\\\/news\\\/wp-content\\\/uploads\\\/2012\\\/05\\\/Achat-Or.jpg\",\"width\":\"600\",\"height\":\"400\",\"caption\":\"Baisse conjoncturelle de l'once\"},{\"@type\":\"BreadcrumbList\",\"@id\":\"https:\\\/\\\/www.gold.fr\\\/news\\\/2015\\\/03\\\/31\\\/marches-attentistes-et-courte-semaine-boursiere\\\/#breadcrumb\",\"itemListElement\":[{\"@type\":\"ListItem\",\"position\":1,\"name\":\"Accueil\",\"item\":\"https:\\\/\\\/www.gold.fr\\\/\"},{\"@type\":\"ListItem\",\"position\":2,\"name\":\"Actualit\u00e9s\",\"item\":\"https:\\\/\\\/www.gold.fr\\\/news\\\/\"},{\"@type\":\"ListItem\",\"position\":3,\"name\":\"March\u00e9s attentistes et courte semaine boursi\u00e8re\"}]},{\"@type\":\"WebSite\",\"@id\":\"https:\\\/\\\/www.gold.fr\\\/news\\\/#website\",\"url\":\"https:\\\/\\\/www.gold.fr\\\/news\\\/\",\"name\":\"Gold.fr\",\"description\":\"Actualit\u00e9s de l&#039;Or et des m\u00e9taux pr\u00e9cieux\",\"potentialAction\":[{\"@type\":\"SearchAction\",\"target\":{\"@type\":\"EntryPoint\",\"urlTemplate\":\"https:\\\/\\\/www.gold.fr\\\/news\\\/?s={search_term_string}\"},\"query-input\":{\"@type\":\"PropertyValueSpecification\",\"valueRequired\":true,\"valueName\":\"search_term_string\"}}],\"inLanguage\":\"fr-FR\"},{\"@type\":\"Person\",\"@id\":\"https:\\\/\\\/www.gold.fr\\\/news\\\/#\\\/schema\\\/person\\\/070491b4b4fb7671bf59b3be20302ce9\",\"name\":\"Comptoir National de l'Or\",\"image\":{\"@type\":\"ImageObject\",\"inLanguage\":\"fr-FR\",\"@id\":\"https:\\\/\\\/secure.gravatar.com\\\/avatar\\\/0a2867fd5abe37bed95d5a65e9d58f01756e11efc68af9888dfc50cfa7f65948?s=96&d=mm&r=gb490554db0a38188709de567aa58480d\",\"url\":\"https:\\\/\\\/secure.gravatar.com\\\/avatar\\\/0a2867fd5abe37bed95d5a65e9d58f01756e11efc68af9888dfc50cfa7f65948?s=96&d=mm&r=g\",\"contentUrl\":\"https:\\\/\\\/secure.gravatar.com\\\/avatar\\\/0a2867fd5abe37bed95d5a65e9d58f01756e11efc68af9888dfc50cfa7f65948?s=96&d=mm&r=g\",\"caption\":\"Comptoir National de l'Or\"},\"description\":\"Notre r\u00e9daction est constitu\u00e9e de membres experts dans les m\u00e9tiers de l'\u00e9conomie et la gestion, des Responsables d'agence Comptoir National de l'Or, des analystes financiers qui publient r\u00e9guli\u00e8rement des \u00e9tudes sur les politiques des banques centrales, le cours de l'or, prix de l'or, cours de l'argent, prix de l'argent, cours du platine, cours du palladium,... la situation en zone euro et l'impact de la strat\u00e9gie mon\u00e9taire de la FED. Notre \u00e9quipe scrute \u00e9galement une information plus g\u00e9n\u00e9raliste \u00e0 la recherche d'actualit\u00e9 \\\"p\u00e9pite\\\" \u00e0 vous partager. Depuis 5 ans, nous avons publi\u00e9 un peu plus de 4000 articles qui s'adressent \u00e0 un public large et vari\u00e9 ayant pour objectif de satisfaire votre curiosit\u00e9 et de partager avec vous une certaine fascination pour le m\u00e9tal jaune, le rachat d'or, et pour ceux qui veulent investir dans l'or, vendre leur or tout simplement en savoir plus... Pour tous vos achat or et argent, n'h\u00e9sitez pas \u00e0 prendre rendez-vous dans l'un de nos nombreux comptoirs.\",\"sameAs\":[\"https:\\\/\\\/www.gold.fr\"]}]}<\/script>\n<!-- \/ Yoast SEO plugin. -->","yoast_head_json":{"title":"March\u00e9s attentistes et courte semaine boursi\u00e8re - Gold.fr","robots":{"index":"index","follow":"follow","max-snippet":"max-snippet:-1","max-image-preview":"max-image-preview:large","max-video-preview":"max-video-preview:-1"},"canonical":"https:\/\/www.gold.fr\/news\/2015\/03\/31\/marches-attentistes-et-courte-semaine-boursiere\/","og_locale":"fr_FR","og_type":"article","og_title":"March\u00e9s attentistes et courte semaine boursi\u00e8re - Gold.fr","og_description":"Cette semaine boursi\u00e8re s&rsquo;annonce aussi br\u00e8ve qu&rsquo;attentiste ; \u00e9court\u00e9e par le Vendredi Saint et domin\u00e9e par une h\u00e9sitation globale autour des dossiers de la Gr\u00e8ce, du Moyen-Orient et de la FED, les march\u00e9s avancent \u00e0 pas [&hellip;]","og_url":"https:\/\/www.gold.fr\/news\/2015\/03\/31\/marches-attentistes-et-courte-semaine-boursiere\/","og_site_name":"Gold.fr","article_publisher":"https:\/\/www.facebook.com\/Goldfr\/","article_published_time":"2015-03-31T07:00:12+00:00","article_modified_time":"2018-02-22T13:28:56+00:00","og_image":[{"width":600,"height":400,"url":"https:\/\/www.gold.fr\/news\/wp-content\/uploads\/2012\/05\/Achat-Or.jpg","type":"image\/jpeg"}],"author":"Comptoir National de l'Or","twitter_card":"summary_large_image","twitter_misc":{"\u00c9crit par":"Comptoir National de l'Or","Dur\u00e9e de lecture estim\u00e9e":"1 minute"},"schema":{"@context":"https:\/\/schema.org","@graph":[{"@type":"Article","@id":"https:\/\/www.gold.fr\/news\/2015\/03\/31\/marches-attentistes-et-courte-semaine-boursiere\/#article","isPartOf":{"@id":"https:\/\/www.gold.fr\/news\/2015\/03\/31\/marches-attentistes-et-courte-semaine-boursiere\/"},"author":{"name":"Comptoir National de l'Or","@id":"https:\/\/www.gold.fr\/news\/#\/schema\/person\/070491b4b4fb7671bf59b3be20302ce9"},"headline":"March\u00e9s attentistes et courte semaine boursi\u00e8re","datePublished":"2015-03-31T07:00:12+00:00","dateModified":"2018-02-22T13:28:56+00:00","mainEntityOfPage":{"@id":"https:\/\/www.gold.fr\/news\/2015\/03\/31\/marches-attentistes-et-courte-semaine-boursiere\/"},"wordCount":325,"commentCount":0,"image":{"@id":"https:\/\/www.gold.fr\/news\/2015\/03\/31\/marches-attentistes-et-courte-semaine-boursiere\/#primaryimage"},"thumbnailUrl":"https:\/\/www.gold.fr\/news\/wp-content\/uploads\/2012\/05\/Achat-Or.jpg","keywords":["bourse","fed","Gr\u00e8ce","Janet Yellen","march\u00e9s"],"articleSection":["Articles de presse"],"inLanguage":"fr-FR"},{"@type":"WebPage","@id":"https:\/\/www.gold.fr\/news\/2015\/03\/31\/marches-attentistes-et-courte-semaine-boursiere\/","url":"https:\/\/www.gold.fr\/news\/2015\/03\/31\/marches-attentistes-et-courte-semaine-boursiere\/","name":"March\u00e9s attentistes et courte semaine boursi\u00e8re - Gold.fr","isPartOf":{"@id":"https:\/\/www.gold.fr\/news\/#website"},"primaryImageOfPage":{"@id":"https:\/\/www.gold.fr\/news\/2015\/03\/31\/marches-attentistes-et-courte-semaine-boursiere\/#primaryimage"},"image":{"@id":"https:\/\/www.gold.fr\/news\/2015\/03\/31\/marches-attentistes-et-courte-semaine-boursiere\/#primaryimage"},"thumbnailUrl":"https:\/\/www.gold.fr\/news\/wp-content\/uploads\/2012\/05\/Achat-Or.jpg","datePublished":"2015-03-31T07:00:12+00:00","dateModified":"2018-02-22T13:28:56+00:00","author":{"@id":"https:\/\/www.gold.fr\/news\/#\/schema\/person\/070491b4b4fb7671bf59b3be20302ce9"},"breadcrumb":{"@id":"https:\/\/www.gold.fr\/news\/2015\/03\/31\/marches-attentistes-et-courte-semaine-boursiere\/#breadcrumb"},"inLanguage":"fr-FR","potentialAction":[{"@type":"ReadAction","target":["https:\/\/www.gold.fr\/news\/2015\/03\/31\/marches-attentistes-et-courte-semaine-boursiere\/"]}]},{"@type":"ImageObject","inLanguage":"fr-FR","@id":"https:\/\/www.gold.fr\/news\/2015\/03\/31\/marches-attentistes-et-courte-semaine-boursiere\/#primaryimage","url":"https:\/\/www.gold.fr\/news\/wp-content\/uploads\/2012\/05\/Achat-Or.jpg","contentUrl":"https:\/\/www.gold.fr\/news\/wp-content\/uploads\/2012\/05\/Achat-Or.jpg","width":"600","height":"400","caption":"Baisse conjoncturelle de l'once"},{"@type":"BreadcrumbList","@id":"https:\/\/www.gold.fr\/news\/2015\/03\/31\/marches-attentistes-et-courte-semaine-boursiere\/#breadcrumb","itemListElement":[{"@type":"ListItem","position":1,"name":"Accueil","item":"https:\/\/www.gold.fr\/"},{"@type":"ListItem","position":2,"name":"Actualit\u00e9s","item":"https:\/\/www.gold.fr\/news\/"},{"@type":"ListItem","position":3,"name":"March\u00e9s attentistes et courte semaine boursi\u00e8re"}]},{"@type":"WebSite","@id":"https:\/\/www.gold.fr\/news\/#website","url":"https:\/\/www.gold.fr\/news\/","name":"Gold.fr","description":"Actualit\u00e9s de l&#039;Or et des m\u00e9taux pr\u00e9cieux","potentialAction":[{"@type":"SearchAction","target":{"@type":"EntryPoint","urlTemplate":"https:\/\/www.gold.fr\/news\/?s={search_term_string}"},"query-input":{"@type":"PropertyValueSpecification","valueRequired":true,"valueName":"search_term_string"}}],"inLanguage":"fr-FR"},{"@type":"Person","@id":"https:\/\/www.gold.fr\/news\/#\/schema\/person\/070491b4b4fb7671bf59b3be20302ce9","name":"Comptoir National de l'Or","image":{"@type":"ImageObject","inLanguage":"fr-FR","@id":"https:\/\/secure.gravatar.com\/avatar\/0a2867fd5abe37bed95d5a65e9d58f01756e11efc68af9888dfc50cfa7f65948?s=96&d=mm&r=gb490554db0a38188709de567aa58480d","url":"https:\/\/secure.gravatar.com\/avatar\/0a2867fd5abe37bed95d5a65e9d58f01756e11efc68af9888dfc50cfa7f65948?s=96&d=mm&r=g","contentUrl":"https:\/\/secure.gravatar.com\/avatar\/0a2867fd5abe37bed95d5a65e9d58f01756e11efc68af9888dfc50cfa7f65948?s=96&d=mm&r=g","caption":"Comptoir National de l'Or"},"description":"Notre r\u00e9daction est constitu\u00e9e de membres experts dans les m\u00e9tiers de l'\u00e9conomie et la gestion, des Responsables d'agence Comptoir National de l'Or, des analystes financiers qui publient r\u00e9guli\u00e8rement des \u00e9tudes sur les politiques des banques centrales, le cours de l'or, prix de l'or, cours de l'argent, prix de l'argent, cours du platine, cours du palladium,... la situation en zone euro et l'impact de la strat\u00e9gie mon\u00e9taire de la FED. Notre \u00e9quipe scrute \u00e9galement une information plus g\u00e9n\u00e9raliste \u00e0 la recherche d'actualit\u00e9 \"p\u00e9pite\" \u00e0 vous partager. Depuis 5 ans, nous avons publi\u00e9 un peu plus de 4000 articles qui s'adressent \u00e0 un public large et vari\u00e9 ayant pour objectif de satisfaire votre curiosit\u00e9 et de partager avec vous une certaine fascination pour le m\u00e9tal jaune, le rachat d'or, et pour ceux qui veulent investir dans l'or, vendre leur or tout simplement en savoir plus... Pour tous vos achat or et argent, n'h\u00e9sitez pas \u00e0 prendre rendez-vous dans l'un de nos nombreux comptoirs.","sameAs":["https:\/\/www.gold.fr"]}]}},"authors":[{"term_id":2565,"user_id":18,"is_guest":0,"slug":"julie","display_name":"Comptoir National de l'Or","avatar_url":"https:\/\/secure.gravatar.com\/avatar\/713f289e398d35ead876c4a4cc08607f0d6d266058cfc25683fffb6092d0e572?s=96&d=mm&r=g","0":null,"1":"","2":"","3":"","4":"","5":"","6":"","7":"","8":""}],"_links":{"self":[{"href":"https:\/\/www.gold.fr\/news\/wp-json\/wp\/v2\/posts\/16897","targetHints":{"allow":["GET"]}}],"collection":[{"href":"https:\/\/www.gold.fr\/news\/wp-json\/wp\/v2\/posts"}],"about":[{"href":"https:\/\/www.gold.fr\/news\/wp-json\/wp\/v2\/types\/post"}],"author":[{"embeddable":true,"href":"https:\/\/www.gold.fr\/news\/wp-json\/wp\/v2\/users\/18"}],"replies":[{"embeddable":true,"href":"https:\/\/www.gold.fr\/news\/wp-json\/wp\/v2\/comments?post=16897"}],"version-history":[{"count":0,"href":"https:\/\/www.gold.fr\/news\/wp-json\/wp\/v2\/posts\/16897\/revisions"}],"wp:featuredmedia":[{"embeddable":true,"href":"https:\/\/www.gold.fr\/news\/wp-json\/wp\/v2\/media\/7719"}],"wp:attachment":[{"href":"https:\/\/www.gold.fr\/news\/wp-json\/wp\/v2\/media?parent=16897"}],"wp:term":[{"taxonomy":"category","embeddable":true,"href":"https:\/\/www.gold.fr\/news\/wp-json\/wp\/v2\/categories?post=16897"},{"taxonomy":"post_tag","embeddable":true,"href":"https:\/\/www.gold.fr\/news\/wp-json\/wp\/v2\/tags?post=16897"},{"taxonomy":"author","embeddable":true,"href":"https:\/\/www.gold.fr\/news\/wp-json\/wp\/v2\/ppma_author?post=16897"}],"curies":[{"name":"wp","href":"https:\/\/api.w.org\/{rel}","templated":true}]}}