{"id":16800,"date":"2015-03-12T09:00:50","date_gmt":"2015-03-12T08:00:50","guid":{"rendered":"https:\/\/www.gold.fr\/news\/?p=16800"},"modified":"2018-02-22T14:29:20","modified_gmt":"2018-02-22T13:29:20","slug":"leuro-croule-sous-sa-propre-conjoncture","status":"publish","type":"post","link":"https:\/\/www.gold.fr\/news\/2015\/03\/12\/leuro-croule-sous-sa-propre-conjoncture\/","title":{"rendered":"L\u2019euro croule sous sa propre conjoncture"},"content":{"rendered":"<p><img loading=\"lazy\" decoding=\"async\" class=\"alignleft size-thumbnail wp-image-8430\" title=\"L\u2019euro croule sous sa propre conjoncture\" src=\"https:\/\/www.gold.fr\/news\/wp-content\/uploads\/2012\/07\/europe-or-150x150.jpg\" alt=\"\" width=\"150\" height=\"150\" \/><span style=\"font-size: small;\">La monnaie unique traverse actuellement ce qui peut l\u00e9gitimement \u00eatre consid\u00e9r\u00e9 comme l\u2019une des phases les plus critiques et d\u00e9cisives de son histoire. Pris entre la crise grecque (toujours d\u2019actualit\u00e9, jusqu\u2019\u00e0 preuve d\u00e9finitive du contraire), et les cons\u00e9quences \u00e9conomiques de la nouvelle politique mon\u00e9taire de la banque centrale europ\u00e9enne, l\u2019euro se retrouve \u00e0 d\u00e9gringoler consid\u00e9rablement devant ses principaux concurrents, plus particuli\u00e8rement face au billet vert.<\/span>    <span style=\"font-size: small;\">Pour r\u00e9f\u00e9rence, la monnaie unique se traitait, mardi matin, \u00e0 <strong>1,075 dollar<\/strong> (contre<strong> 1,085 dollar<\/strong> lundi soir). Dans le m\u00eame contexte, l\u2019euro a perdu <strong>8%<\/strong> contre le yen, \u00e0 <strong>130,5<\/strong>, ainsi que <strong>0,4%<\/strong> contre le livre sterling (\u00e0<strong> 0,714<\/strong>), ou encore <strong>0,2%<\/strong> contre le franc suisse, \u00e0 <strong>1,067<\/strong>. Bref, un repli g\u00e9n\u00e9ral contre l\u2019ensemble des devises de r\u00e9f\u00e9rence.<\/span>    <span style=\"font-size: small;\">Et c\u2019est dans un contexte europ\u00e9en marqu\u00e9 par le retour en force <a title=\"Dossier grec : Le \u2018Grexit\u2019 est-il encore possible ?\" href=\"https:\/\/www.gold.fr\/news\/2015\/03\/11\/dossier-grec-le-grexit-est-il-encore-possible\/16798\/\" target=\"_blank\">des inqui\u00e9tudes relatives du dossier grec<\/a> que l\u2019euro tente actuellement de remonter la pente, m\u00eame si les experts eux-m\u00eames semblent tr\u00e8s partag\u00e9s sur la question.<\/span>    <span style=\"font-size: small;\"><strong>Saxo Banque<\/strong> rapporte en effet que \u00ab<em> le pr\u00e9sident de l&rsquo;Eurogroupe, Jeroen Dijsselbloem, a r\u00e9affirm\u00e9 la position forte des pays membres, \u00e0 savoir aucun d\u00e9blocage des fonds anticip\u00e9s avant la mise en \u0153uvre de r\u00e9formes<\/em> \u00bb, alors que <strong>Nour Al-Hammoury<\/strong>, strat\u00e9giste de march\u00e9s chez <strong>ADS Securities<\/strong>, souligne plut\u00f4t que \u00ab <em>de nombreux articles en circulation sugg\u00e8rent que la Gr\u00e8ce va manquer de liquidit\u00e9s dans les prochaines semaines si le budget n&rsquo;est pas approuv\u00e9<\/em> \u00bb.<\/span><\/p>\n<!-- AddThis Advanced Settings generic via filter on the_content --><!-- AddThis Share Buttons generic via filter on the_content -->","protected":false},"excerpt":{"rendered":"<p>La monnaie unique traverse actuellement ce qui peut l\u00e9gitimement \u00eatre consid\u00e9r\u00e9 comme l\u2019une des phases les plus critiques et d\u00e9cisives de son histoire. Pris entre la crise grecque (toujours d\u2019actualit\u00e9, jusqu\u2019\u00e0 preuve d\u00e9finitive du contraire), et [&hellip;]<\/p>\n","protected":false},"author":18,"featured_media":8430,"comment_status":"open","ping_status":"open","sticky":false,"template":"","format":"standard","meta":{"_mbp_gutenberg_autopost":false,"_pgmb_is_evergreen":false,"_pgmb_ap_template_id":0,"footnotes":""},"categories":[6],"tags":[1196,594,103],"ppma_author":[2565],"class_list":["post-16800","post","type-post","status-publish","format-standard","has-post-thumbnail","hentry","category-articles-de-presse","tag-billet-vert","tag-crise-grecque","tag-euro"],"yoast_head":"<!-- This site is optimized with the Yoast SEO plugin v26.9 - https:\/\/yoast.com\/product\/yoast-seo-wordpress\/ -->\n<title>L\u2019euro croule sous sa propre conjoncture - Gold.fr<\/title>\n<meta name=\"robots\" content=\"index, follow, max-snippet:-1, max-image-preview:large, max-video-preview:-1\" \/>\n<link rel=\"canonical\" href=\"https:\/\/www.gold.fr\/news\/2015\/03\/12\/leuro-croule-sous-sa-propre-conjoncture\/\" \/>\n<meta property=\"og:locale\" content=\"fr_FR\" \/>\n<meta property=\"og:type\" content=\"article\" \/>\n<meta property=\"og:title\" content=\"L\u2019euro croule sous sa propre conjoncture - Gold.fr\" \/>\n<meta property=\"og:description\" content=\"La monnaie unique traverse actuellement ce qui peut l\u00e9gitimement \u00eatre consid\u00e9r\u00e9 comme l\u2019une des phases les plus critiques et d\u00e9cisives de son histoire. Pris entre la crise grecque (toujours d\u2019actualit\u00e9, jusqu\u2019\u00e0 preuve d\u00e9finitive du contraire), et [&hellip;]\" \/>\n<meta property=\"og:url\" content=\"https:\/\/www.gold.fr\/news\/2015\/03\/12\/leuro-croule-sous-sa-propre-conjoncture\/\" \/>\n<meta property=\"og:site_name\" content=\"Gold.fr\" \/>\n<meta property=\"article:publisher\" content=\"https:\/\/www.facebook.com\/Goldfr\/\" \/>\n<meta property=\"article:published_time\" content=\"2015-03-12T08:00:50+00:00\" \/>\n<meta property=\"article:modified_time\" content=\"2018-02-22T13:29:20+00:00\" \/>\n<meta property=\"og:image\" content=\"https:\/\/www.gold.fr\/news\/wp-content\/uploads\/2012\/07\/europe-or.jpg\" \/>\n\t<meta property=\"og:image:width\" content=\"600\" \/>\n\t<meta property=\"og:image:height\" content=\"468\" \/>\n\t<meta property=\"og:image:type\" content=\"image\/jpeg\" \/>\n<meta name=\"author\" content=\"Comptoir National de l&#039;Or\" \/>\n<meta name=\"twitter:card\" content=\"summary_large_image\" \/>\n<meta name=\"twitter:label1\" content=\"\u00c9crit par\" \/>\n\t<meta name=\"twitter:data1\" content=\"Comptoir National de l&#039;Or\" \/>\n\t<meta name=\"twitter:label2\" content=\"Dur\u00e9e de lecture estim\u00e9e\" \/>\n\t<meta name=\"twitter:data2\" content=\"1 minute\" \/>\n<script type=\"application\/ld+json\" class=\"yoast-schema-graph\">{\"@context\":\"https:\/\/schema.org\",\"@graph\":[{\"@type\":\"Article\",\"@id\":\"https:\/\/www.gold.fr\/news\/2015\/03\/12\/leuro-croule-sous-sa-propre-conjoncture\/#article\",\"isPartOf\":{\"@id\":\"https:\/\/www.gold.fr\/news\/2015\/03\/12\/leuro-croule-sous-sa-propre-conjoncture\/\"},\"author\":{\"name\":\"Comptoir National de l'Or\",\"@id\":\"https:\/\/www.gold.fr\/news\/#\/schema\/person\/760ee7cec237915eebf2be78df0404c4\"},\"headline\":\"L\u2019euro croule sous sa propre conjoncture\",\"datePublished\":\"2015-03-12T08:00:50+00:00\",\"dateModified\":\"2018-02-22T13:29:20+00:00\",\"mainEntityOfPage\":{\"@id\":\"https:\/\/www.gold.fr\/news\/2015\/03\/12\/leuro-croule-sous-sa-propre-conjoncture\/\"},\"wordCount\":266,\"commentCount\":0,\"image\":{\"@id\":\"https:\/\/www.gold.fr\/news\/2015\/03\/12\/leuro-croule-sous-sa-propre-conjoncture\/#primaryimage\"},\"thumbnailUrl\":\"https:\/\/www.gold.fr\/news\/wp-content\/uploads\/2012\/07\/europe-or.jpg\",\"keywords\":[\"billet vert\",\"crise gr\u00e8cque\",\"euro\"],\"articleSection\":[\"Articles de presse\"],\"inLanguage\":\"fr-FR\"},{\"@type\":\"WebPage\",\"@id\":\"https:\/\/www.gold.fr\/news\/2015\/03\/12\/leuro-croule-sous-sa-propre-conjoncture\/\",\"url\":\"https:\/\/www.gold.fr\/news\/2015\/03\/12\/leuro-croule-sous-sa-propre-conjoncture\/\",\"name\":\"L\u2019euro croule sous sa propre conjoncture - Gold.fr\",\"isPartOf\":{\"@id\":\"https:\/\/www.gold.fr\/news\/#website\"},\"primaryImageOfPage\":{\"@id\":\"https:\/\/www.gold.fr\/news\/2015\/03\/12\/leuro-croule-sous-sa-propre-conjoncture\/#primaryimage\"},\"image\":{\"@id\":\"https:\/\/www.gold.fr\/news\/2015\/03\/12\/leuro-croule-sous-sa-propre-conjoncture\/#primaryimage\"},\"thumbnailUrl\":\"https:\/\/www.gold.fr\/news\/wp-content\/uploads\/2012\/07\/europe-or.jpg\",\"datePublished\":\"2015-03-12T08:00:50+00:00\",\"dateModified\":\"2018-02-22T13:29:20+00:00\",\"author\":{\"@id\":\"https:\/\/www.gold.fr\/news\/#\/schema\/person\/760ee7cec237915eebf2be78df0404c4\"},\"breadcrumb\":{\"@id\":\"https:\/\/www.gold.fr\/news\/2015\/03\/12\/leuro-croule-sous-sa-propre-conjoncture\/#breadcrumb\"},\"inLanguage\":\"fr-FR\",\"potentialAction\":[{\"@type\":\"ReadAction\",\"target\":[\"https:\/\/www.gold.fr\/news\/2015\/03\/12\/leuro-croule-sous-sa-propre-conjoncture\/\"]}]},{\"@type\":\"ImageObject\",\"inLanguage\":\"fr-FR\",\"@id\":\"https:\/\/www.gold.fr\/news\/2015\/03\/12\/leuro-croule-sous-sa-propre-conjoncture\/#primaryimage\",\"url\":\"https:\/\/www.gold.fr\/news\/wp-content\/uploads\/2012\/07\/europe-or.jpg\",\"contentUrl\":\"https:\/\/www.gold.fr\/news\/wp-content\/uploads\/2012\/07\/europe-or.jpg\",\"width\":\"600\",\"height\":\"468\",\"caption\":\"L\u2019once en \u00e9quilibre apr\u00e8s le long week-end de P\u00e2ques\"},{\"@type\":\"BreadcrumbList\",\"@id\":\"https:\/\/www.gold.fr\/news\/2015\/03\/12\/leuro-croule-sous-sa-propre-conjoncture\/#breadcrumb\",\"itemListElement\":[{\"@type\":\"ListItem\",\"position\":1,\"name\":\"Accueil\",\"item\":\"https:\/\/www.gold.fr\/\"},{\"@type\":\"ListItem\",\"position\":2,\"name\":\"Actualit\u00e9s\",\"item\":\"https:\/\/www.gold.fr\/news\/\"},{\"@type\":\"ListItem\",\"position\":3,\"name\":\"L\u2019euro croule sous sa propre conjoncture\"}]},{\"@type\":\"WebSite\",\"@id\":\"https:\/\/www.gold.fr\/news\/#website\",\"url\":\"https:\/\/www.gold.fr\/news\/\",\"name\":\"Gold.fr\",\"description\":\"Actualit\u00e9s de l&#039;Or et des m\u00e9taux pr\u00e9cieux\",\"potentialAction\":[{\"@type\":\"SearchAction\",\"target\":{\"@type\":\"EntryPoint\",\"urlTemplate\":\"https:\/\/www.gold.fr\/news\/?s={search_term_string}\"},\"query-input\":{\"@type\":\"PropertyValueSpecification\",\"valueRequired\":true,\"valueName\":\"search_term_string\"}}],\"inLanguage\":\"fr-FR\"},{\"@type\":\"Person\",\"@id\":\"https:\/\/www.gold.fr\/news\/#\/schema\/person\/760ee7cec237915eebf2be78df0404c4\",\"name\":\"Comptoir National de l'Or\",\"image\":{\"@type\":\"ImageObject\",\"inLanguage\":\"fr-FR\",\"@id\":\"https:\/\/www.gold.fr\/news\/#\/schema\/person\/image\/c36675942654553a86039d2dfa93c740\",\"url\":\"https:\/\/secure.gravatar.com\/avatar\/713f289e398d35ead876c4a4cc08607f0d6d266058cfc25683fffb6092d0e572?s=96&d=mm&r=g\",\"contentUrl\":\"https:\/\/secure.gravatar.com\/avatar\/713f289e398d35ead876c4a4cc08607f0d6d266058cfc25683fffb6092d0e572?s=96&d=mm&r=g\",\"caption\":\"Comptoir National de l'Or\"},\"description\":\"Notre r\u00e9daction est constitu\u00e9e de membres experts dans les m\u00e9tiers de l'\u00e9conomie et la gestion, des Responsables d'agence Comptoir National de l'Or, des analystes financiers qui publient r\u00e9guli\u00e8rement des \u00e9tudes sur les politiques des banques centrales, le cours de l'or, prix de l'or, cours de l'argent, prix de l'argent, cours du platine, cours du palladium,... la situation en zone euro et l'impact de la strat\u00e9gie mon\u00e9taire de la FED. Notre \u00e9quipe scrute \u00e9galement une information plus g\u00e9n\u00e9raliste \u00e0 la recherche d'actualit\u00e9 \\\"p\u00e9pite\\\" \u00e0 vous partager. Depuis 5 ans, nous avons publi\u00e9 un peu plus de 4000 articles qui s'adressent \u00e0 un public large et vari\u00e9 ayant pour objectif de satisfaire votre curiosit\u00e9 et de partager avec vous une certaine fascination pour le m\u00e9tal jaune, le rachat d'or, et pour ceux qui veulent investir dans l'or, vendre leur or tout simplement en savoir plus... Pour tous vos achat or et argent, n'h\u00e9sitez pas \u00e0 prendre rendez-vous dans l'un de nos nombreux comptoirs.\",\"sameAs\":[\"https:\/\/www.gold.fr\"]}]}<\/script>\n<!-- \/ Yoast SEO plugin. -->","yoast_head_json":{"title":"L\u2019euro croule sous sa propre conjoncture - Gold.fr","robots":{"index":"index","follow":"follow","max-snippet":"max-snippet:-1","max-image-preview":"max-image-preview:large","max-video-preview":"max-video-preview:-1"},"canonical":"https:\/\/www.gold.fr\/news\/2015\/03\/12\/leuro-croule-sous-sa-propre-conjoncture\/","og_locale":"fr_FR","og_type":"article","og_title":"L\u2019euro croule sous sa propre conjoncture - Gold.fr","og_description":"La monnaie unique traverse actuellement ce qui peut l\u00e9gitimement \u00eatre consid\u00e9r\u00e9 comme l\u2019une des phases les plus critiques et d\u00e9cisives de son histoire. Pris entre la crise grecque (toujours d\u2019actualit\u00e9, jusqu\u2019\u00e0 preuve d\u00e9finitive du contraire), et [&hellip;]","og_url":"https:\/\/www.gold.fr\/news\/2015\/03\/12\/leuro-croule-sous-sa-propre-conjoncture\/","og_site_name":"Gold.fr","article_publisher":"https:\/\/www.facebook.com\/Goldfr\/","article_published_time":"2015-03-12T08:00:50+00:00","article_modified_time":"2018-02-22T13:29:20+00:00","og_image":[{"width":600,"height":468,"url":"https:\/\/www.gold.fr\/news\/wp-content\/uploads\/2012\/07\/europe-or.jpg","type":"image\/jpeg"}],"author":"Comptoir National de l'Or","twitter_card":"summary_large_image","twitter_misc":{"\u00c9crit par":"Comptoir National de l'Or","Dur\u00e9e de lecture estim\u00e9e":"1 minute"},"schema":{"@context":"https:\/\/schema.org","@graph":[{"@type":"Article","@id":"https:\/\/www.gold.fr\/news\/2015\/03\/12\/leuro-croule-sous-sa-propre-conjoncture\/#article","isPartOf":{"@id":"https:\/\/www.gold.fr\/news\/2015\/03\/12\/leuro-croule-sous-sa-propre-conjoncture\/"},"author":{"name":"Comptoir National de l'Or","@id":"https:\/\/www.gold.fr\/news\/#\/schema\/person\/760ee7cec237915eebf2be78df0404c4"},"headline":"L\u2019euro croule sous sa propre conjoncture","datePublished":"2015-03-12T08:00:50+00:00","dateModified":"2018-02-22T13:29:20+00:00","mainEntityOfPage":{"@id":"https:\/\/www.gold.fr\/news\/2015\/03\/12\/leuro-croule-sous-sa-propre-conjoncture\/"},"wordCount":266,"commentCount":0,"image":{"@id":"https:\/\/www.gold.fr\/news\/2015\/03\/12\/leuro-croule-sous-sa-propre-conjoncture\/#primaryimage"},"thumbnailUrl":"https:\/\/www.gold.fr\/news\/wp-content\/uploads\/2012\/07\/europe-or.jpg","keywords":["billet vert","crise gr\u00e8cque","euro"],"articleSection":["Articles de presse"],"inLanguage":"fr-FR"},{"@type":"WebPage","@id":"https:\/\/www.gold.fr\/news\/2015\/03\/12\/leuro-croule-sous-sa-propre-conjoncture\/","url":"https:\/\/www.gold.fr\/news\/2015\/03\/12\/leuro-croule-sous-sa-propre-conjoncture\/","name":"L\u2019euro croule sous sa propre conjoncture - Gold.fr","isPartOf":{"@id":"https:\/\/www.gold.fr\/news\/#website"},"primaryImageOfPage":{"@id":"https:\/\/www.gold.fr\/news\/2015\/03\/12\/leuro-croule-sous-sa-propre-conjoncture\/#primaryimage"},"image":{"@id":"https:\/\/www.gold.fr\/news\/2015\/03\/12\/leuro-croule-sous-sa-propre-conjoncture\/#primaryimage"},"thumbnailUrl":"https:\/\/www.gold.fr\/news\/wp-content\/uploads\/2012\/07\/europe-or.jpg","datePublished":"2015-03-12T08:00:50+00:00","dateModified":"2018-02-22T13:29:20+00:00","author":{"@id":"https:\/\/www.gold.fr\/news\/#\/schema\/person\/760ee7cec237915eebf2be78df0404c4"},"breadcrumb":{"@id":"https:\/\/www.gold.fr\/news\/2015\/03\/12\/leuro-croule-sous-sa-propre-conjoncture\/#breadcrumb"},"inLanguage":"fr-FR","potentialAction":[{"@type":"ReadAction","target":["https:\/\/www.gold.fr\/news\/2015\/03\/12\/leuro-croule-sous-sa-propre-conjoncture\/"]}]},{"@type":"ImageObject","inLanguage":"fr-FR","@id":"https:\/\/www.gold.fr\/news\/2015\/03\/12\/leuro-croule-sous-sa-propre-conjoncture\/#primaryimage","url":"https:\/\/www.gold.fr\/news\/wp-content\/uploads\/2012\/07\/europe-or.jpg","contentUrl":"https:\/\/www.gold.fr\/news\/wp-content\/uploads\/2012\/07\/europe-or.jpg","width":"600","height":"468","caption":"L\u2019once en \u00e9quilibre apr\u00e8s le long week-end de P\u00e2ques"},{"@type":"BreadcrumbList","@id":"https:\/\/www.gold.fr\/news\/2015\/03\/12\/leuro-croule-sous-sa-propre-conjoncture\/#breadcrumb","itemListElement":[{"@type":"ListItem","position":1,"name":"Accueil","item":"https:\/\/www.gold.fr\/"},{"@type":"ListItem","position":2,"name":"Actualit\u00e9s","item":"https:\/\/www.gold.fr\/news\/"},{"@type":"ListItem","position":3,"name":"L\u2019euro croule sous sa propre conjoncture"}]},{"@type":"WebSite","@id":"https:\/\/www.gold.fr\/news\/#website","url":"https:\/\/www.gold.fr\/news\/","name":"Gold.fr","description":"Actualit\u00e9s de l&#039;Or et des m\u00e9taux pr\u00e9cieux","potentialAction":[{"@type":"SearchAction","target":{"@type":"EntryPoint","urlTemplate":"https:\/\/www.gold.fr\/news\/?s={search_term_string}"},"query-input":{"@type":"PropertyValueSpecification","valueRequired":true,"valueName":"search_term_string"}}],"inLanguage":"fr-FR"},{"@type":"Person","@id":"https:\/\/www.gold.fr\/news\/#\/schema\/person\/760ee7cec237915eebf2be78df0404c4","name":"Comptoir National de l'Or","image":{"@type":"ImageObject","inLanguage":"fr-FR","@id":"https:\/\/www.gold.fr\/news\/#\/schema\/person\/image\/c36675942654553a86039d2dfa93c740","url":"https:\/\/secure.gravatar.com\/avatar\/713f289e398d35ead876c4a4cc08607f0d6d266058cfc25683fffb6092d0e572?s=96&d=mm&r=g","contentUrl":"https:\/\/secure.gravatar.com\/avatar\/713f289e398d35ead876c4a4cc08607f0d6d266058cfc25683fffb6092d0e572?s=96&d=mm&r=g","caption":"Comptoir National de l'Or"},"description":"Notre r\u00e9daction est constitu\u00e9e de membres experts dans les m\u00e9tiers de l'\u00e9conomie et la gestion, des Responsables d'agence Comptoir National de l'Or, des analystes financiers qui publient r\u00e9guli\u00e8rement des \u00e9tudes sur les politiques des banques centrales, le cours de l'or, prix de l'or, cours de l'argent, prix de l'argent, cours du platine, cours du palladium,... la situation en zone euro et l'impact de la strat\u00e9gie mon\u00e9taire de la FED. Notre \u00e9quipe scrute \u00e9galement une information plus g\u00e9n\u00e9raliste \u00e0 la recherche d'actualit\u00e9 \"p\u00e9pite\" \u00e0 vous partager. Depuis 5 ans, nous avons publi\u00e9 un peu plus de 4000 articles qui s'adressent \u00e0 un public large et vari\u00e9 ayant pour objectif de satisfaire votre curiosit\u00e9 et de partager avec vous une certaine fascination pour le m\u00e9tal jaune, le rachat d'or, et pour ceux qui veulent investir dans l'or, vendre leur or tout simplement en savoir plus... Pour tous vos achat or et argent, n'h\u00e9sitez pas \u00e0 prendre rendez-vous dans l'un de nos nombreux comptoirs.","sameAs":["https:\/\/www.gold.fr"]}]}},"authors":[{"term_id":2565,"user_id":18,"is_guest":0,"slug":"julie","display_name":"Comptoir National de l'Or","avatar_url":"https:\/\/secure.gravatar.com\/avatar\/713f289e398d35ead876c4a4cc08607f0d6d266058cfc25683fffb6092d0e572?s=96&d=mm&r=g","0":null,"1":"","2":"","3":"","4":"","5":"","6":"","7":"","8":""}],"_links":{"self":[{"href":"https:\/\/www.gold.fr\/news\/wp-json\/wp\/v2\/posts\/16800","targetHints":{"allow":["GET"]}}],"collection":[{"href":"https:\/\/www.gold.fr\/news\/wp-json\/wp\/v2\/posts"}],"about":[{"href":"https:\/\/www.gold.fr\/news\/wp-json\/wp\/v2\/types\/post"}],"author":[{"embeddable":true,"href":"https:\/\/www.gold.fr\/news\/wp-json\/wp\/v2\/users\/18"}],"replies":[{"embeddable":true,"href":"https:\/\/www.gold.fr\/news\/wp-json\/wp\/v2\/comments?post=16800"}],"version-history":[{"count":0,"href":"https:\/\/www.gold.fr\/news\/wp-json\/wp\/v2\/posts\/16800\/revisions"}],"wp:featuredmedia":[{"embeddable":true,"href":"https:\/\/www.gold.fr\/news\/wp-json\/wp\/v2\/media\/8430"}],"wp:attachment":[{"href":"https:\/\/www.gold.fr\/news\/wp-json\/wp\/v2\/media?parent=16800"}],"wp:term":[{"taxonomy":"category","embeddable":true,"href":"https:\/\/www.gold.fr\/news\/wp-json\/wp\/v2\/categories?post=16800"},{"taxonomy":"post_tag","embeddable":true,"href":"https:\/\/www.gold.fr\/news\/wp-json\/wp\/v2\/tags?post=16800"},{"taxonomy":"author","embeddable":true,"href":"https:\/\/www.gold.fr\/news\/wp-json\/wp\/v2\/ppma_author?post=16800"}],"curies":[{"name":"wp","href":"https:\/\/api.w.org\/{rel}","templated":true}]}}