{"id":16787,"date":"2015-03-10T09:00:27","date_gmt":"2015-03-10T08:00:27","guid":{"rendered":"https:\/\/www.gold.fr\/news\/?p=16787"},"modified":"2018-02-22T14:29:24","modified_gmt":"2018-02-22T13:29:24","slug":"leger-calendrier-pour-une-semaine-tendue","status":"publish","type":"post","link":"https:\/\/www.gold.fr\/news\/2015\/03\/10\/leger-calendrier-pour-une-semaine-tendue\/","title":{"rendered":"L\u00e9ger calendrier  pour une semaine tendue"},"content":{"rendered":"<p><img loading=\"lazy\" decoding=\"async\" class=\"alignleft size-thumbnail wp-image-2830\" title=\"L\u00e9ger calendrier  pour une semaine tendue\" src=\"https:\/\/www.gold.fr\/news\/wp-content\/uploads\/2011\/10\/gold-150x150.jpg\" alt=\"\" width=\"150\" height=\"150\" \/><span style=\"font-size: small;\">Tr\u00e8s peu d\u2019indicateurs \u00e9conomiques sont pr\u00e9vus pour cette semaine boursi\u00e8re, \u00e0 l\u2019exception des derniers chiffres relatifs aux ventes de d\u00e9tail aux <strong>Etats-Unis<\/strong> et \u00e0 la production industrielle en zone euro qui seront r\u00e9v\u00e9l\u00e9s jeudi prochain. Apr\u00e8s la seconde s\u00e9ance cons\u00e9cutive de correction, enregistr\u00e9e par <strong>Wall Street<\/strong>, vendredi dernier, les march\u00e9s profiteront probablement du calme relatif de cette semaine pour reprendre leur souffle et jouer la carte de l\u2019attentisme.<\/span>    <span style=\"font-size: small;\">Du c\u00f4t\u00e9 europ\u00e9en, la s\u00e9rie rose continue, avec la publication du rapport concernant la production industrielle allemande qui a enregistr\u00e9 une hausse de<strong> 0,6%<\/strong> (au mois de janvier), un rebond que ce bilan doit essentiellement \u00e0 la hausse de <strong>5%<\/strong> du secteur de la construction. <strong>Natixis<\/strong> commente ces chiffres en affirmant s\u2019attendre \u00e0 ce que \u00ab <em>la construction demeure vigoureuse dans les mois \u00e0 venir, gr\u00e2ce \u00e0 des fondamentaux tr\u00e8s solides comme les taux d&rsquo;int\u00e9r\u00eat extr\u00eamement bas, le march\u00e9 du travail robuste et l&rsquo;afflux \u00e9lev\u00e9 d&rsquo;immigrants<\/em> \u00bb.<\/span>    <span style=\"font-size: small;\">En tout cas, en l\u2019absence de catalyseurs \u00e9conomiques majeurs, cette semaine, les op\u00e9rateurs vont choisir de s\u2019appuyer sur les annonces faites la semaine derni\u00e8re ; <a title=\"March\u00e9s euro : D\u00e9but du QE et statut-quo de la BoE\" href=\"https:\/\/www.gold.fr\/news\/2015\/03\/09\/marches-euro-debut-du-qe-et-statut-quo-de-la-boe\/16780\/\" target=\"_blank\">le lancement du <strong>QE<\/strong> de la <strong>BCE<\/strong><\/a> et le rapport am\u00e9ricain sur l\u2019emploi. Et ce sont globalement deux bonnes nouvelles que seul le ralentissement d\u00e9cevant de revenus horaires moyens (dans le rapport de l\u2019emploi US) arrive \u00e0 ternir. Toutefois, les analystes soulignent que \u00ab<em> m\u00eame si la dynamique des salaires demeure terne, les bonnes surprises r\u00e9guli\u00e8res sur les cr\u00e9ations de postes signifient que l&rsquo;absorption (du creux restant sur le march\u00e9 du travail) est plus rapide que ce que nous attendions pr\u00e9c\u00e9demment<\/em> \u00bb. <\/span><\/p>\n<!-- AddThis Advanced Settings generic via filter on the_content --><!-- AddThis Share Buttons generic via filter on the_content -->","protected":false},"excerpt":{"rendered":"<p>Tr\u00e8s peu d\u2019indicateurs \u00e9conomiques sont pr\u00e9vus pour cette semaine boursi\u00e8re, \u00e0 l\u2019exception des derniers chiffres relatifs aux ventes de d\u00e9tail aux Etats-Unis et \u00e0 la production industrielle en zone euro qui seront r\u00e9v\u00e9l\u00e9s jeudi prochain. Apr\u00e8s [&hellip;]<\/p>\n","protected":false},"author":18,"featured_media":2830,"comment_status":"open","ping_status":"open","sticky":false,"template":"","format":"standard","meta":{"_mbp_gutenberg_autopost":false,"_pgmb_is_evergreen":false,"_pgmb_ap_template_id":0,"footnotes":""},"categories":[6],"tags":[143,1105,494,534],"ppma_author":[2565],"class_list":["post-16787","post","type-post","status-publish","format-standard","has-post-thumbnail","hentry","category-articles-de-presse","tag-bce","tag-emploi-us","tag-qe","tag-wall-street"],"yoast_head":"<!-- This site is optimized with the Yoast SEO plugin v27.5 - https:\/\/yoast.com\/product\/yoast-seo-wordpress\/ -->\n<title>L\u00e9ger calendrier pour une semaine tendue - Gold.fr<\/title>\n<meta name=\"robots\" content=\"index, follow, max-snippet:-1, max-image-preview:large, max-video-preview:-1\" \/>\n<link rel=\"canonical\" href=\"https:\/\/www.gold.fr\/news\/2015\/03\/10\/leger-calendrier-pour-une-semaine-tendue\/\" \/>\n<meta property=\"og:locale\" content=\"fr_FR\" \/>\n<meta property=\"og:type\" content=\"article\" \/>\n<meta property=\"og:title\" content=\"L\u00e9ger calendrier pour une semaine tendue - Gold.fr\" \/>\n<meta property=\"og:description\" content=\"Tr\u00e8s peu d\u2019indicateurs \u00e9conomiques sont pr\u00e9vus pour cette semaine boursi\u00e8re, \u00e0 l\u2019exception des derniers chiffres relatifs aux ventes de d\u00e9tail aux Etats-Unis et \u00e0 la production industrielle en zone euro qui seront r\u00e9v\u00e9l\u00e9s jeudi prochain. Apr\u00e8s [&hellip;]\" \/>\n<meta property=\"og:url\" content=\"https:\/\/www.gold.fr\/news\/2015\/03\/10\/leger-calendrier-pour-une-semaine-tendue\/\" \/>\n<meta property=\"og:site_name\" content=\"Gold.fr\" \/>\n<meta property=\"article:publisher\" content=\"https:\/\/www.facebook.com\/Goldfr\/\" \/>\n<meta property=\"article:published_time\" content=\"2015-03-10T08:00:27+00:00\" \/>\n<meta property=\"article:modified_time\" content=\"2018-02-22T13:29:24+00:00\" \/>\n<meta property=\"og:image\" content=\"https:\/\/www.gold.fr\/news\/wp-content\/uploads\/2011\/10\/gold.jpg\" \/>\n\t<meta property=\"og:image:width\" content=\"600\" \/>\n\t<meta property=\"og:image:height\" content=\"597\" \/>\n\t<meta property=\"og:image:type\" content=\"image\/jpeg\" \/>\n<meta name=\"author\" content=\"Comptoir National de l&#039;Or\" \/>\n<meta name=\"twitter:card\" content=\"summary_large_image\" \/>\n<meta name=\"twitter:label1\" content=\"\u00c9crit par\" \/>\n\t<meta name=\"twitter:data1\" content=\"Comptoir National de l&#039;Or\" \/>\n\t<meta name=\"twitter:label2\" content=\"Dur\u00e9e de lecture estim\u00e9e\" \/>\n\t<meta name=\"twitter:data2\" content=\"1 minute\" \/>\n<script type=\"application\/ld+json\" class=\"yoast-schema-graph\">{\"@context\":\"https:\\\/\\\/schema.org\",\"@graph\":[{\"@type\":\"Article\",\"@id\":\"https:\\\/\\\/www.gold.fr\\\/news\\\/2015\\\/03\\\/10\\\/leger-calendrier-pour-une-semaine-tendue\\\/#article\",\"isPartOf\":{\"@id\":\"https:\\\/\\\/www.gold.fr\\\/news\\\/2015\\\/03\\\/10\\\/leger-calendrier-pour-une-semaine-tendue\\\/\"},\"author\":{\"name\":\"Comptoir National de l'Or\",\"@id\":\"https:\\\/\\\/www.gold.fr\\\/news\\\/#\\\/schema\\\/person\\\/070491b4b4fb7671bf59b3be20302ce9\"},\"headline\":\"L\u00e9ger calendrier pour une semaine tendue\",\"datePublished\":\"2015-03-10T08:00:27+00:00\",\"dateModified\":\"2018-02-22T13:29:24+00:00\",\"mainEntityOfPage\":{\"@id\":\"https:\\\/\\\/www.gold.fr\\\/news\\\/2015\\\/03\\\/10\\\/leger-calendrier-pour-une-semaine-tendue\\\/\"},\"wordCount\":297,\"commentCount\":0,\"image\":{\"@id\":\"https:\\\/\\\/www.gold.fr\\\/news\\\/2015\\\/03\\\/10\\\/leger-calendrier-pour-une-semaine-tendue\\\/#primaryimage\"},\"thumbnailUrl\":\"https:\\\/\\\/www.gold.fr\\\/news\\\/wp-content\\\/uploads\\\/2011\\\/10\\\/gold.jpg\",\"keywords\":[\"bce\",\"emploi US\",\"QE\",\"wall street\"],\"articleSection\":[\"Articles de presse\"],\"inLanguage\":\"fr-FR\"},{\"@type\":\"WebPage\",\"@id\":\"https:\\\/\\\/www.gold.fr\\\/news\\\/2015\\\/03\\\/10\\\/leger-calendrier-pour-une-semaine-tendue\\\/\",\"url\":\"https:\\\/\\\/www.gold.fr\\\/news\\\/2015\\\/03\\\/10\\\/leger-calendrier-pour-une-semaine-tendue\\\/\",\"name\":\"L\u00e9ger calendrier pour une semaine tendue - Gold.fr\",\"isPartOf\":{\"@id\":\"https:\\\/\\\/www.gold.fr\\\/news\\\/#website\"},\"primaryImageOfPage\":{\"@id\":\"https:\\\/\\\/www.gold.fr\\\/news\\\/2015\\\/03\\\/10\\\/leger-calendrier-pour-une-semaine-tendue\\\/#primaryimage\"},\"image\":{\"@id\":\"https:\\\/\\\/www.gold.fr\\\/news\\\/2015\\\/03\\\/10\\\/leger-calendrier-pour-une-semaine-tendue\\\/#primaryimage\"},\"thumbnailUrl\":\"https:\\\/\\\/www.gold.fr\\\/news\\\/wp-content\\\/uploads\\\/2011\\\/10\\\/gold.jpg\",\"datePublished\":\"2015-03-10T08:00:27+00:00\",\"dateModified\":\"2018-02-22T13:29:24+00:00\",\"author\":{\"@id\":\"https:\\\/\\\/www.gold.fr\\\/news\\\/#\\\/schema\\\/person\\\/070491b4b4fb7671bf59b3be20302ce9\"},\"breadcrumb\":{\"@id\":\"https:\\\/\\\/www.gold.fr\\\/news\\\/2015\\\/03\\\/10\\\/leger-calendrier-pour-une-semaine-tendue\\\/#breadcrumb\"},\"inLanguage\":\"fr-FR\",\"potentialAction\":[{\"@type\":\"ReadAction\",\"target\":[\"https:\\\/\\\/www.gold.fr\\\/news\\\/2015\\\/03\\\/10\\\/leger-calendrier-pour-une-semaine-tendue\\\/\"]}]},{\"@type\":\"ImageObject\",\"inLanguage\":\"fr-FR\",\"@id\":\"https:\\\/\\\/www.gold.fr\\\/news\\\/2015\\\/03\\\/10\\\/leger-calendrier-pour-une-semaine-tendue\\\/#primaryimage\",\"url\":\"https:\\\/\\\/www.gold.fr\\\/news\\\/wp-content\\\/uploads\\\/2011\\\/10\\\/gold.jpg\",\"contentUrl\":\"https:\\\/\\\/www.gold.fr\\\/news\\\/wp-content\\\/uploads\\\/2011\\\/10\\\/gold.jpg\",\"width\":\"600\",\"height\":\"597\",\"caption\":\"Un d\u00e9but de semaine prometteur pour l\u2019once\"},{\"@type\":\"BreadcrumbList\",\"@id\":\"https:\\\/\\\/www.gold.fr\\\/news\\\/2015\\\/03\\\/10\\\/leger-calendrier-pour-une-semaine-tendue\\\/#breadcrumb\",\"itemListElement\":[{\"@type\":\"ListItem\",\"position\":1,\"name\":\"Accueil\",\"item\":\"https:\\\/\\\/www.gold.fr\\\/\"},{\"@type\":\"ListItem\",\"position\":2,\"name\":\"Actualit\u00e9s\",\"item\":\"https:\\\/\\\/www.gold.fr\\\/news\\\/\"},{\"@type\":\"ListItem\",\"position\":3,\"name\":\"L\u00e9ger calendrier pour une semaine tendue\"}]},{\"@type\":\"WebSite\",\"@id\":\"https:\\\/\\\/www.gold.fr\\\/news\\\/#website\",\"url\":\"https:\\\/\\\/www.gold.fr\\\/news\\\/\",\"name\":\"Gold.fr\",\"description\":\"Actualit\u00e9s de l&#039;Or et des m\u00e9taux pr\u00e9cieux\",\"potentialAction\":[{\"@type\":\"SearchAction\",\"target\":{\"@type\":\"EntryPoint\",\"urlTemplate\":\"https:\\\/\\\/www.gold.fr\\\/news\\\/?s={search_term_string}\"},\"query-input\":{\"@type\":\"PropertyValueSpecification\",\"valueRequired\":true,\"valueName\":\"search_term_string\"}}],\"inLanguage\":\"fr-FR\"},{\"@type\":\"Person\",\"@id\":\"https:\\\/\\\/www.gold.fr\\\/news\\\/#\\\/schema\\\/person\\\/070491b4b4fb7671bf59b3be20302ce9\",\"name\":\"Comptoir National de l'Or\",\"image\":{\"@type\":\"ImageObject\",\"inLanguage\":\"fr-FR\",\"@id\":\"https:\\\/\\\/secure.gravatar.com\\\/avatar\\\/0a2867fd5abe37bed95d5a65e9d58f01756e11efc68af9888dfc50cfa7f65948?s=96&d=mm&r=gb490554db0a38188709de567aa58480d\",\"url\":\"https:\\\/\\\/secure.gravatar.com\\\/avatar\\\/0a2867fd5abe37bed95d5a65e9d58f01756e11efc68af9888dfc50cfa7f65948?s=96&d=mm&r=g\",\"contentUrl\":\"https:\\\/\\\/secure.gravatar.com\\\/avatar\\\/0a2867fd5abe37bed95d5a65e9d58f01756e11efc68af9888dfc50cfa7f65948?s=96&d=mm&r=g\",\"caption\":\"Comptoir National de l'Or\"},\"description\":\"Notre r\u00e9daction est constitu\u00e9e de membres experts dans les m\u00e9tiers de l'\u00e9conomie et la gestion, des Responsables d'agence Comptoir National de l'Or, des analystes financiers qui publient r\u00e9guli\u00e8rement des \u00e9tudes sur les politiques des banques centrales, le cours de l'or, prix de l'or, cours de l'argent, prix de l'argent, cours du platine, cours du palladium,... la situation en zone euro et l'impact de la strat\u00e9gie mon\u00e9taire de la FED. Notre \u00e9quipe scrute \u00e9galement une information plus g\u00e9n\u00e9raliste \u00e0 la recherche d'actualit\u00e9 \\\"p\u00e9pite\\\" \u00e0 vous partager. Depuis 5 ans, nous avons publi\u00e9 un peu plus de 4000 articles qui s'adressent \u00e0 un public large et vari\u00e9 ayant pour objectif de satisfaire votre curiosit\u00e9 et de partager avec vous une certaine fascination pour le m\u00e9tal jaune, le rachat d'or, et pour ceux qui veulent investir dans l'or, vendre leur or tout simplement en savoir plus... Pour tous vos achat or et argent, n'h\u00e9sitez pas \u00e0 prendre rendez-vous dans l'un de nos nombreux comptoirs.\",\"sameAs\":[\"https:\\\/\\\/www.gold.fr\"]}]}<\/script>\n<!-- \/ Yoast SEO plugin. -->","yoast_head_json":{"title":"L\u00e9ger calendrier pour une semaine tendue - Gold.fr","robots":{"index":"index","follow":"follow","max-snippet":"max-snippet:-1","max-image-preview":"max-image-preview:large","max-video-preview":"max-video-preview:-1"},"canonical":"https:\/\/www.gold.fr\/news\/2015\/03\/10\/leger-calendrier-pour-une-semaine-tendue\/","og_locale":"fr_FR","og_type":"article","og_title":"L\u00e9ger calendrier pour une semaine tendue - Gold.fr","og_description":"Tr\u00e8s peu d\u2019indicateurs \u00e9conomiques sont pr\u00e9vus pour cette semaine boursi\u00e8re, \u00e0 l\u2019exception des derniers chiffres relatifs aux ventes de d\u00e9tail aux Etats-Unis et \u00e0 la production industrielle en zone euro qui seront r\u00e9v\u00e9l\u00e9s jeudi prochain. Apr\u00e8s [&hellip;]","og_url":"https:\/\/www.gold.fr\/news\/2015\/03\/10\/leger-calendrier-pour-une-semaine-tendue\/","og_site_name":"Gold.fr","article_publisher":"https:\/\/www.facebook.com\/Goldfr\/","article_published_time":"2015-03-10T08:00:27+00:00","article_modified_time":"2018-02-22T13:29:24+00:00","og_image":[{"width":600,"height":597,"url":"https:\/\/www.gold.fr\/news\/wp-content\/uploads\/2011\/10\/gold.jpg","type":"image\/jpeg"}],"author":"Comptoir National de l'Or","twitter_card":"summary_large_image","twitter_misc":{"\u00c9crit par":"Comptoir National de l'Or","Dur\u00e9e de lecture estim\u00e9e":"1 minute"},"schema":{"@context":"https:\/\/schema.org","@graph":[{"@type":"Article","@id":"https:\/\/www.gold.fr\/news\/2015\/03\/10\/leger-calendrier-pour-une-semaine-tendue\/#article","isPartOf":{"@id":"https:\/\/www.gold.fr\/news\/2015\/03\/10\/leger-calendrier-pour-une-semaine-tendue\/"},"author":{"name":"Comptoir National de l'Or","@id":"https:\/\/www.gold.fr\/news\/#\/schema\/person\/070491b4b4fb7671bf59b3be20302ce9"},"headline":"L\u00e9ger calendrier pour une semaine tendue","datePublished":"2015-03-10T08:00:27+00:00","dateModified":"2018-02-22T13:29:24+00:00","mainEntityOfPage":{"@id":"https:\/\/www.gold.fr\/news\/2015\/03\/10\/leger-calendrier-pour-une-semaine-tendue\/"},"wordCount":297,"commentCount":0,"image":{"@id":"https:\/\/www.gold.fr\/news\/2015\/03\/10\/leger-calendrier-pour-une-semaine-tendue\/#primaryimage"},"thumbnailUrl":"https:\/\/www.gold.fr\/news\/wp-content\/uploads\/2011\/10\/gold.jpg","keywords":["bce","emploi US","QE","wall street"],"articleSection":["Articles de presse"],"inLanguage":"fr-FR"},{"@type":"WebPage","@id":"https:\/\/www.gold.fr\/news\/2015\/03\/10\/leger-calendrier-pour-une-semaine-tendue\/","url":"https:\/\/www.gold.fr\/news\/2015\/03\/10\/leger-calendrier-pour-une-semaine-tendue\/","name":"L\u00e9ger calendrier pour une semaine tendue - Gold.fr","isPartOf":{"@id":"https:\/\/www.gold.fr\/news\/#website"},"primaryImageOfPage":{"@id":"https:\/\/www.gold.fr\/news\/2015\/03\/10\/leger-calendrier-pour-une-semaine-tendue\/#primaryimage"},"image":{"@id":"https:\/\/www.gold.fr\/news\/2015\/03\/10\/leger-calendrier-pour-une-semaine-tendue\/#primaryimage"},"thumbnailUrl":"https:\/\/www.gold.fr\/news\/wp-content\/uploads\/2011\/10\/gold.jpg","datePublished":"2015-03-10T08:00:27+00:00","dateModified":"2018-02-22T13:29:24+00:00","author":{"@id":"https:\/\/www.gold.fr\/news\/#\/schema\/person\/070491b4b4fb7671bf59b3be20302ce9"},"breadcrumb":{"@id":"https:\/\/www.gold.fr\/news\/2015\/03\/10\/leger-calendrier-pour-une-semaine-tendue\/#breadcrumb"},"inLanguage":"fr-FR","potentialAction":[{"@type":"ReadAction","target":["https:\/\/www.gold.fr\/news\/2015\/03\/10\/leger-calendrier-pour-une-semaine-tendue\/"]}]},{"@type":"ImageObject","inLanguage":"fr-FR","@id":"https:\/\/www.gold.fr\/news\/2015\/03\/10\/leger-calendrier-pour-une-semaine-tendue\/#primaryimage","url":"https:\/\/www.gold.fr\/news\/wp-content\/uploads\/2011\/10\/gold.jpg","contentUrl":"https:\/\/www.gold.fr\/news\/wp-content\/uploads\/2011\/10\/gold.jpg","width":"600","height":"597","caption":"Un d\u00e9but de semaine prometteur pour l\u2019once"},{"@type":"BreadcrumbList","@id":"https:\/\/www.gold.fr\/news\/2015\/03\/10\/leger-calendrier-pour-une-semaine-tendue\/#breadcrumb","itemListElement":[{"@type":"ListItem","position":1,"name":"Accueil","item":"https:\/\/www.gold.fr\/"},{"@type":"ListItem","position":2,"name":"Actualit\u00e9s","item":"https:\/\/www.gold.fr\/news\/"},{"@type":"ListItem","position":3,"name":"L\u00e9ger calendrier pour une semaine tendue"}]},{"@type":"WebSite","@id":"https:\/\/www.gold.fr\/news\/#website","url":"https:\/\/www.gold.fr\/news\/","name":"Gold.fr","description":"Actualit\u00e9s de l&#039;Or et des m\u00e9taux pr\u00e9cieux","potentialAction":[{"@type":"SearchAction","target":{"@type":"EntryPoint","urlTemplate":"https:\/\/www.gold.fr\/news\/?s={search_term_string}"},"query-input":{"@type":"PropertyValueSpecification","valueRequired":true,"valueName":"search_term_string"}}],"inLanguage":"fr-FR"},{"@type":"Person","@id":"https:\/\/www.gold.fr\/news\/#\/schema\/person\/070491b4b4fb7671bf59b3be20302ce9","name":"Comptoir National de l'Or","image":{"@type":"ImageObject","inLanguage":"fr-FR","@id":"https:\/\/secure.gravatar.com\/avatar\/0a2867fd5abe37bed95d5a65e9d58f01756e11efc68af9888dfc50cfa7f65948?s=96&d=mm&r=gb490554db0a38188709de567aa58480d","url":"https:\/\/secure.gravatar.com\/avatar\/0a2867fd5abe37bed95d5a65e9d58f01756e11efc68af9888dfc50cfa7f65948?s=96&d=mm&r=g","contentUrl":"https:\/\/secure.gravatar.com\/avatar\/0a2867fd5abe37bed95d5a65e9d58f01756e11efc68af9888dfc50cfa7f65948?s=96&d=mm&r=g","caption":"Comptoir National de l'Or"},"description":"Notre r\u00e9daction est constitu\u00e9e de membres experts dans les m\u00e9tiers de l'\u00e9conomie et la gestion, des Responsables d'agence Comptoir National de l'Or, des analystes financiers qui publient r\u00e9guli\u00e8rement des \u00e9tudes sur les politiques des banques centrales, le cours de l'or, prix de l'or, cours de l'argent, prix de l'argent, cours du platine, cours du palladium,... la situation en zone euro et l'impact de la strat\u00e9gie mon\u00e9taire de la FED. Notre \u00e9quipe scrute \u00e9galement une information plus g\u00e9n\u00e9raliste \u00e0 la recherche d'actualit\u00e9 \"p\u00e9pite\" \u00e0 vous partager. Depuis 5 ans, nous avons publi\u00e9 un peu plus de 4000 articles qui s'adressent \u00e0 un public large et vari\u00e9 ayant pour objectif de satisfaire votre curiosit\u00e9 et de partager avec vous une certaine fascination pour le m\u00e9tal jaune, le rachat d'or, et pour ceux qui veulent investir dans l'or, vendre leur or tout simplement en savoir plus... Pour tous vos achat or et argent, n'h\u00e9sitez pas \u00e0 prendre rendez-vous dans l'un de nos nombreux comptoirs.","sameAs":["https:\/\/www.gold.fr"]}]}},"authors":[{"term_id":2565,"user_id":18,"is_guest":0,"slug":"julie","display_name":"Comptoir National de l'Or","avatar_url":"https:\/\/secure.gravatar.com\/avatar\/713f289e398d35ead876c4a4cc08607f0d6d266058cfc25683fffb6092d0e572?s=96&d=mm&r=g","0":null,"1":"","2":"","3":"","4":"","5":"","6":"","7":"","8":""}],"_links":{"self":[{"href":"https:\/\/www.gold.fr\/news\/wp-json\/wp\/v2\/posts\/16787","targetHints":{"allow":["GET"]}}],"collection":[{"href":"https:\/\/www.gold.fr\/news\/wp-json\/wp\/v2\/posts"}],"about":[{"href":"https:\/\/www.gold.fr\/news\/wp-json\/wp\/v2\/types\/post"}],"author":[{"embeddable":true,"href":"https:\/\/www.gold.fr\/news\/wp-json\/wp\/v2\/users\/18"}],"replies":[{"embeddable":true,"href":"https:\/\/www.gold.fr\/news\/wp-json\/wp\/v2\/comments?post=16787"}],"version-history":[{"count":0,"href":"https:\/\/www.gold.fr\/news\/wp-json\/wp\/v2\/posts\/16787\/revisions"}],"wp:featuredmedia":[{"embeddable":true,"href":"https:\/\/www.gold.fr\/news\/wp-json\/wp\/v2\/media\/2830"}],"wp:attachment":[{"href":"https:\/\/www.gold.fr\/news\/wp-json\/wp\/v2\/media?parent=16787"}],"wp:term":[{"taxonomy":"category","embeddable":true,"href":"https:\/\/www.gold.fr\/news\/wp-json\/wp\/v2\/categories?post=16787"},{"taxonomy":"post_tag","embeddable":true,"href":"https:\/\/www.gold.fr\/news\/wp-json\/wp\/v2\/tags?post=16787"},{"taxonomy":"author","embeddable":true,"href":"https:\/\/www.gold.fr\/news\/wp-json\/wp\/v2\/ppma_author?post=16787"}],"curies":[{"name":"wp","href":"https:\/\/api.w.org\/{rel}","templated":true}]}}