{"id":16773,"date":"2015-03-06T09:00:31","date_gmt":"2015-03-06T08:00:31","guid":{"rendered":"https:\/\/www.gold.fr\/news\/?p=16773"},"modified":"2018-02-22T14:29:31","modified_gmt":"2018-02-22T13:29:31","slug":"optimisme-general-en-attendant-la-bce","status":"publish","type":"post","link":"https:\/\/www.gold.fr\/news\/2015\/03\/06\/optimisme-general-en-attendant-la-bce\/","title":{"rendered":"Optimisme g\u00e9n\u00e9ral, en attendant la BCE"},"content":{"rendered":"<p><img loading=\"lazy\" decoding=\"async\" class=\"alignleft size-thumbnail wp-image-5011\" title=\"Optimisme g\u00e9n\u00e9ral, en attendant la BCE\" src=\"https:\/\/www.gold.fr\/news\/wp-content\/uploads\/2012\/01\/Europe-150x150.jpg\" alt=\"\" width=\"150\" height=\"150\" \/><span style=\"font-size: small;\">La r\u00e9union du conseil des gouverneurs de la banque centrale europ\u00e9enne \u00e9tait dans le collimateur de l&rsquo;ensemble des march\u00e9s financiers, des deux c\u00f4t\u00e9s de l&rsquo;Atlantique, depuis le d\u00e9but de la semaine. D\u00e9sormais, les regards se tournent vers le rapport d\u00e9taill\u00e9 du discours du pr\u00e9sident de l&rsquo;institution, <strong>Mario Draghi<\/strong>, avec un sentiment g\u00e9n\u00e9ral d&rsquo;optimisme clairement traduit par les records accumul\u00e9s sur les principales places boursi\u00e8res am\u00e9ricaines et europ\u00e9ennes, depuis la s\u00e9ance de mardi.<\/span>    <span style=\"font-size: small;\">Le chef de la banque centrale europ\u00e9enne a tenu sa traditionnelle conf\u00e9rence de presse officielle \u00e0 Chypre, et op\u00e9rateurs et observateurs guettent d\u00e9sormais le d\u00e9tail de ses annonces officielles. Pourtant, pour les experts de <strong>Barclays Bourse<\/strong>, \u00ab<em> ce n&rsquo;est pas l&rsquo;intervention de Mario Draghi (tenue hier, jeudi, apr\u00e8s-midi), lors de son exercice pr\u00e9f\u00e9r\u00e9, qui devrait inverser la tendance haussi\u00e8re des march\u00e9s <a href='https:\/\/www.gold.fr\/news\/tags\/investissement' class='esk-seo-plu-link'>actions<\/a> et alt\u00e9rer l&rsquo;\u00e9lan des intervenants<\/em> \u00bb. Rappelons que le conseil des gouverneurs est sens\u00e9 donner son OK officiel pour mettre en application quasi-imm\u00e9diate le programme de rachats d&rsquo;actifs (QE), avec une somme mensuelle de <strong>60 milliards d&rsquo;<a href='https:\/\/www.gold.fr\/news\/tags\/investissement' class='esk-seo-plu-link'>euros<\/a><\/strong>.<\/span>    <span style=\"font-size: small;\">Les analystes d&rsquo;<strong>Eiffel Investment Group<\/strong> estiment d&rsquo;ailleurs que \u00ab<em> tous les intervenants du march\u00e9 n&rsquo;ont pas encore pris la juste mesure du <strong>QE<\/strong> de la <strong>BCE<\/strong><\/em> \u00bb, soulignant \u00e0 ce propos que, \u00ab <em>\u00e0 bien des \u00e9gards la d\u00e9cision annonc\u00e9e par la banque centrale europ\u00e9enne va au-del\u00e0 de ce que la <strong>Fed<\/strong> a mis en \u0153uvre<\/em> \u00bb.<\/span>    <span style=\"font-size: small;\">Notons enfin que, \u00e0 \u00e9chelle relativement moindre, la banque d&rsquo;Angleterre devrait aussi annoncer ses propres d\u00e9cisions, dans le courant de la journ\u00e9e.<\/span><\/p>\n<!-- AddThis Advanced Settings generic via filter on the_content --><!-- AddThis Share Buttons generic via filter on the_content -->","protected":false},"excerpt":{"rendered":"<p>La r\u00e9union du conseil des gouverneurs de la banque centrale europ\u00e9enne \u00e9tait dans le collimateur de l&rsquo;ensemble des march\u00e9s financiers, des deux c\u00f4t\u00e9s de l&rsquo;Atlantique, depuis le d\u00e9but de la semaine. D\u00e9sormais, les regards se tournent [&hellip;]<\/p>\n","protected":false},"author":18,"featured_media":5011,"comment_status":"open","ping_status":"open","sticky":false,"template":"","format":"standard","meta":{"_mbp_gutenberg_autopost":false,"_pgmb_is_evergreen":false,"_pgmb_ap_template_id":0,"footnotes":""},"categories":[6],"tags":[143,144,1410,495,494],"ppma_author":[2565],"class_list":["post-16773","post","type-post","status-publish","format-standard","has-post-thumbnail","hentry","category-articles-de-presse","tag-bce","tag-fed","tag-marches-financiers","tag-mario-draghi","tag-qe"],"yoast_head":"<!-- This site is optimized with the Yoast SEO plugin v27.5 - https:\/\/yoast.com\/product\/yoast-seo-wordpress\/ -->\n<title>Optimisme g\u00e9n\u00e9ral, en attendant la BCE - Gold.fr<\/title>\n<meta name=\"robots\" content=\"index, follow, max-snippet:-1, max-image-preview:large, max-video-preview:-1\" \/>\n<link rel=\"canonical\" href=\"https:\/\/www.gold.fr\/news\/2015\/03\/06\/optimisme-general-en-attendant-la-bce\/\" \/>\n<meta property=\"og:locale\" content=\"fr_FR\" \/>\n<meta property=\"og:type\" content=\"article\" \/>\n<meta property=\"og:title\" content=\"Optimisme g\u00e9n\u00e9ral, en attendant la BCE - Gold.fr\" \/>\n<meta property=\"og:description\" content=\"La r\u00e9union du conseil des gouverneurs de la banque centrale europ\u00e9enne \u00e9tait dans le collimateur de l&rsquo;ensemble des march\u00e9s financiers, des deux c\u00f4t\u00e9s de l&rsquo;Atlantique, depuis le d\u00e9but de la semaine. D\u00e9sormais, les regards se tournent [&hellip;]\" \/>\n<meta property=\"og:url\" content=\"https:\/\/www.gold.fr\/news\/2015\/03\/06\/optimisme-general-en-attendant-la-bce\/\" \/>\n<meta property=\"og:site_name\" content=\"Gold.fr\" \/>\n<meta property=\"article:publisher\" content=\"https:\/\/www.facebook.com\/Goldfr\/\" \/>\n<meta property=\"article:published_time\" content=\"2015-03-06T08:00:31+00:00\" \/>\n<meta property=\"article:modified_time\" content=\"2018-02-22T13:29:31+00:00\" \/>\n<meta property=\"og:image\" content=\"https:\/\/www.gold.fr\/news\/wp-content\/uploads\/2012\/01\/Europe.jpg\" \/>\n\t<meta property=\"og:image:width\" content=\"600\" \/>\n\t<meta property=\"og:image:height\" content=\"417\" \/>\n\t<meta property=\"og:image:type\" content=\"image\/jpeg\" \/>\n<meta name=\"author\" content=\"Comptoir National de l&#039;Or\" \/>\n<meta name=\"twitter:card\" content=\"summary_large_image\" \/>\n<meta name=\"twitter:label1\" content=\"\u00c9crit par\" \/>\n\t<meta name=\"twitter:data1\" content=\"Comptoir National de l&#039;Or\" \/>\n\t<meta name=\"twitter:label2\" content=\"Dur\u00e9e de lecture estim\u00e9e\" \/>\n\t<meta name=\"twitter:data2\" content=\"1 minute\" \/>\n<script type=\"application\/ld+json\" class=\"yoast-schema-graph\">{\"@context\":\"https:\\\/\\\/schema.org\",\"@graph\":[{\"@type\":\"Article\",\"@id\":\"https:\\\/\\\/www.gold.fr\\\/news\\\/2015\\\/03\\\/06\\\/optimisme-general-en-attendant-la-bce\\\/#article\",\"isPartOf\":{\"@id\":\"https:\\\/\\\/www.gold.fr\\\/news\\\/2015\\\/03\\\/06\\\/optimisme-general-en-attendant-la-bce\\\/\"},\"author\":{\"name\":\"Comptoir National de l'Or\",\"@id\":\"https:\\\/\\\/www.gold.fr\\\/news\\\/#\\\/schema\\\/person\\\/070491b4b4fb7671bf59b3be20302ce9\"},\"headline\":\"Optimisme g\u00e9n\u00e9ral, en attendant la BCE\",\"datePublished\":\"2015-03-06T08:00:31+00:00\",\"dateModified\":\"2018-02-22T13:29:31+00:00\",\"mainEntityOfPage\":{\"@id\":\"https:\\\/\\\/www.gold.fr\\\/news\\\/2015\\\/03\\\/06\\\/optimisme-general-en-attendant-la-bce\\\/\"},\"wordCount\":293,\"commentCount\":0,\"image\":{\"@id\":\"https:\\\/\\\/www.gold.fr\\\/news\\\/2015\\\/03\\\/06\\\/optimisme-general-en-attendant-la-bce\\\/#primaryimage\"},\"thumbnailUrl\":\"https:\\\/\\\/www.gold.fr\\\/news\\\/wp-content\\\/uploads\\\/2012\\\/01\\\/Europe.jpg\",\"keywords\":[\"bce\",\"fed\",\"march\u00e9s financiers\",\"mario draghi\",\"QE\"],\"articleSection\":[\"Articles de presse\"],\"inLanguage\":\"fr-FR\"},{\"@type\":\"WebPage\",\"@id\":\"https:\\\/\\\/www.gold.fr\\\/news\\\/2015\\\/03\\\/06\\\/optimisme-general-en-attendant-la-bce\\\/\",\"url\":\"https:\\\/\\\/www.gold.fr\\\/news\\\/2015\\\/03\\\/06\\\/optimisme-general-en-attendant-la-bce\\\/\",\"name\":\"Optimisme g\u00e9n\u00e9ral, en attendant la BCE - Gold.fr\",\"isPartOf\":{\"@id\":\"https:\\\/\\\/www.gold.fr\\\/news\\\/#website\"},\"primaryImageOfPage\":{\"@id\":\"https:\\\/\\\/www.gold.fr\\\/news\\\/2015\\\/03\\\/06\\\/optimisme-general-en-attendant-la-bce\\\/#primaryimage\"},\"image\":{\"@id\":\"https:\\\/\\\/www.gold.fr\\\/news\\\/2015\\\/03\\\/06\\\/optimisme-general-en-attendant-la-bce\\\/#primaryimage\"},\"thumbnailUrl\":\"https:\\\/\\\/www.gold.fr\\\/news\\\/wp-content\\\/uploads\\\/2012\\\/01\\\/Europe.jpg\",\"datePublished\":\"2015-03-06T08:00:31+00:00\",\"dateModified\":\"2018-02-22T13:29:31+00:00\",\"author\":{\"@id\":\"https:\\\/\\\/www.gold.fr\\\/news\\\/#\\\/schema\\\/person\\\/070491b4b4fb7671bf59b3be20302ce9\"},\"breadcrumb\":{\"@id\":\"https:\\\/\\\/www.gold.fr\\\/news\\\/2015\\\/03\\\/06\\\/optimisme-general-en-attendant-la-bce\\\/#breadcrumb\"},\"inLanguage\":\"fr-FR\",\"potentialAction\":[{\"@type\":\"ReadAction\",\"target\":[\"https:\\\/\\\/www.gold.fr\\\/news\\\/2015\\\/03\\\/06\\\/optimisme-general-en-attendant-la-bce\\\/\"]}]},{\"@type\":\"ImageObject\",\"inLanguage\":\"fr-FR\",\"@id\":\"https:\\\/\\\/www.gold.fr\\\/news\\\/2015\\\/03\\\/06\\\/optimisme-general-en-attendant-la-bce\\\/#primaryimage\",\"url\":\"https:\\\/\\\/www.gold.fr\\\/news\\\/wp-content\\\/uploads\\\/2012\\\/01\\\/Europe.jpg\",\"contentUrl\":\"https:\\\/\\\/www.gold.fr\\\/news\\\/wp-content\\\/uploads\\\/2012\\\/01\\\/Europe.jpg\",\"width\":\"600\",\"height\":\"417\"},{\"@type\":\"BreadcrumbList\",\"@id\":\"https:\\\/\\\/www.gold.fr\\\/news\\\/2015\\\/03\\\/06\\\/optimisme-general-en-attendant-la-bce\\\/#breadcrumb\",\"itemListElement\":[{\"@type\":\"ListItem\",\"position\":1,\"name\":\"Accueil\",\"item\":\"https:\\\/\\\/www.gold.fr\\\/\"},{\"@type\":\"ListItem\",\"position\":2,\"name\":\"Actualit\u00e9s\",\"item\":\"https:\\\/\\\/www.gold.fr\\\/news\\\/\"},{\"@type\":\"ListItem\",\"position\":3,\"name\":\"Optimisme g\u00e9n\u00e9ral, en attendant la BCE\"}]},{\"@type\":\"WebSite\",\"@id\":\"https:\\\/\\\/www.gold.fr\\\/news\\\/#website\",\"url\":\"https:\\\/\\\/www.gold.fr\\\/news\\\/\",\"name\":\"Gold.fr\",\"description\":\"Actualit\u00e9s de l&#039;Or et des m\u00e9taux pr\u00e9cieux\",\"potentialAction\":[{\"@type\":\"SearchAction\",\"target\":{\"@type\":\"EntryPoint\",\"urlTemplate\":\"https:\\\/\\\/www.gold.fr\\\/news\\\/?s={search_term_string}\"},\"query-input\":{\"@type\":\"PropertyValueSpecification\",\"valueRequired\":true,\"valueName\":\"search_term_string\"}}],\"inLanguage\":\"fr-FR\"},{\"@type\":\"Person\",\"@id\":\"https:\\\/\\\/www.gold.fr\\\/news\\\/#\\\/schema\\\/person\\\/070491b4b4fb7671bf59b3be20302ce9\",\"name\":\"Comptoir National de l'Or\",\"image\":{\"@type\":\"ImageObject\",\"inLanguage\":\"fr-FR\",\"@id\":\"https:\\\/\\\/secure.gravatar.com\\\/avatar\\\/0a2867fd5abe37bed95d5a65e9d58f01756e11efc68af9888dfc50cfa7f65948?s=96&d=mm&r=gb490554db0a38188709de567aa58480d\",\"url\":\"https:\\\/\\\/secure.gravatar.com\\\/avatar\\\/0a2867fd5abe37bed95d5a65e9d58f01756e11efc68af9888dfc50cfa7f65948?s=96&d=mm&r=g\",\"contentUrl\":\"https:\\\/\\\/secure.gravatar.com\\\/avatar\\\/0a2867fd5abe37bed95d5a65e9d58f01756e11efc68af9888dfc50cfa7f65948?s=96&d=mm&r=g\",\"caption\":\"Comptoir National de l'Or\"},\"description\":\"Notre r\u00e9daction est constitu\u00e9e de membres experts dans les m\u00e9tiers de l'\u00e9conomie et la gestion, des Responsables d'agence Comptoir National de l'Or, des analystes financiers qui publient r\u00e9guli\u00e8rement des \u00e9tudes sur les politiques des banques centrales, le cours de l'or, prix de l'or, cours de l'argent, prix de l'argent, cours du platine, cours du palladium,... la situation en zone euro et l'impact de la strat\u00e9gie mon\u00e9taire de la FED. Notre \u00e9quipe scrute \u00e9galement une information plus g\u00e9n\u00e9raliste \u00e0 la recherche d'actualit\u00e9 \\\"p\u00e9pite\\\" \u00e0 vous partager. Depuis 5 ans, nous avons publi\u00e9 un peu plus de 4000 articles qui s'adressent \u00e0 un public large et vari\u00e9 ayant pour objectif de satisfaire votre curiosit\u00e9 et de partager avec vous une certaine fascination pour le m\u00e9tal jaune, le rachat d'or, et pour ceux qui veulent investir dans l'or, vendre leur or tout simplement en savoir plus... Pour tous vos achat or et argent, n'h\u00e9sitez pas \u00e0 prendre rendez-vous dans l'un de nos nombreux comptoirs.\",\"sameAs\":[\"https:\\\/\\\/www.gold.fr\"]}]}<\/script>\n<!-- \/ Yoast SEO plugin. -->","yoast_head_json":{"title":"Optimisme g\u00e9n\u00e9ral, en attendant la BCE - Gold.fr","robots":{"index":"index","follow":"follow","max-snippet":"max-snippet:-1","max-image-preview":"max-image-preview:large","max-video-preview":"max-video-preview:-1"},"canonical":"https:\/\/www.gold.fr\/news\/2015\/03\/06\/optimisme-general-en-attendant-la-bce\/","og_locale":"fr_FR","og_type":"article","og_title":"Optimisme g\u00e9n\u00e9ral, en attendant la BCE - Gold.fr","og_description":"La r\u00e9union du conseil des gouverneurs de la banque centrale europ\u00e9enne \u00e9tait dans le collimateur de l&rsquo;ensemble des march\u00e9s financiers, des deux c\u00f4t\u00e9s de l&rsquo;Atlantique, depuis le d\u00e9but de la semaine. D\u00e9sormais, les regards se tournent [&hellip;]","og_url":"https:\/\/www.gold.fr\/news\/2015\/03\/06\/optimisme-general-en-attendant-la-bce\/","og_site_name":"Gold.fr","article_publisher":"https:\/\/www.facebook.com\/Goldfr\/","article_published_time":"2015-03-06T08:00:31+00:00","article_modified_time":"2018-02-22T13:29:31+00:00","og_image":[{"width":600,"height":417,"url":"https:\/\/www.gold.fr\/news\/wp-content\/uploads\/2012\/01\/Europe.jpg","type":"image\/jpeg"}],"author":"Comptoir National de l'Or","twitter_card":"summary_large_image","twitter_misc":{"\u00c9crit par":"Comptoir National de l'Or","Dur\u00e9e de lecture estim\u00e9e":"1 minute"},"schema":{"@context":"https:\/\/schema.org","@graph":[{"@type":"Article","@id":"https:\/\/www.gold.fr\/news\/2015\/03\/06\/optimisme-general-en-attendant-la-bce\/#article","isPartOf":{"@id":"https:\/\/www.gold.fr\/news\/2015\/03\/06\/optimisme-general-en-attendant-la-bce\/"},"author":{"name":"Comptoir National de l'Or","@id":"https:\/\/www.gold.fr\/news\/#\/schema\/person\/070491b4b4fb7671bf59b3be20302ce9"},"headline":"Optimisme g\u00e9n\u00e9ral, en attendant la BCE","datePublished":"2015-03-06T08:00:31+00:00","dateModified":"2018-02-22T13:29:31+00:00","mainEntityOfPage":{"@id":"https:\/\/www.gold.fr\/news\/2015\/03\/06\/optimisme-general-en-attendant-la-bce\/"},"wordCount":293,"commentCount":0,"image":{"@id":"https:\/\/www.gold.fr\/news\/2015\/03\/06\/optimisme-general-en-attendant-la-bce\/#primaryimage"},"thumbnailUrl":"https:\/\/www.gold.fr\/news\/wp-content\/uploads\/2012\/01\/Europe.jpg","keywords":["bce","fed","march\u00e9s financiers","mario draghi","QE"],"articleSection":["Articles de presse"],"inLanguage":"fr-FR"},{"@type":"WebPage","@id":"https:\/\/www.gold.fr\/news\/2015\/03\/06\/optimisme-general-en-attendant-la-bce\/","url":"https:\/\/www.gold.fr\/news\/2015\/03\/06\/optimisme-general-en-attendant-la-bce\/","name":"Optimisme g\u00e9n\u00e9ral, en attendant la BCE - Gold.fr","isPartOf":{"@id":"https:\/\/www.gold.fr\/news\/#website"},"primaryImageOfPage":{"@id":"https:\/\/www.gold.fr\/news\/2015\/03\/06\/optimisme-general-en-attendant-la-bce\/#primaryimage"},"image":{"@id":"https:\/\/www.gold.fr\/news\/2015\/03\/06\/optimisme-general-en-attendant-la-bce\/#primaryimage"},"thumbnailUrl":"https:\/\/www.gold.fr\/news\/wp-content\/uploads\/2012\/01\/Europe.jpg","datePublished":"2015-03-06T08:00:31+00:00","dateModified":"2018-02-22T13:29:31+00:00","author":{"@id":"https:\/\/www.gold.fr\/news\/#\/schema\/person\/070491b4b4fb7671bf59b3be20302ce9"},"breadcrumb":{"@id":"https:\/\/www.gold.fr\/news\/2015\/03\/06\/optimisme-general-en-attendant-la-bce\/#breadcrumb"},"inLanguage":"fr-FR","potentialAction":[{"@type":"ReadAction","target":["https:\/\/www.gold.fr\/news\/2015\/03\/06\/optimisme-general-en-attendant-la-bce\/"]}]},{"@type":"ImageObject","inLanguage":"fr-FR","@id":"https:\/\/www.gold.fr\/news\/2015\/03\/06\/optimisme-general-en-attendant-la-bce\/#primaryimage","url":"https:\/\/www.gold.fr\/news\/wp-content\/uploads\/2012\/01\/Europe.jpg","contentUrl":"https:\/\/www.gold.fr\/news\/wp-content\/uploads\/2012\/01\/Europe.jpg","width":"600","height":"417"},{"@type":"BreadcrumbList","@id":"https:\/\/www.gold.fr\/news\/2015\/03\/06\/optimisme-general-en-attendant-la-bce\/#breadcrumb","itemListElement":[{"@type":"ListItem","position":1,"name":"Accueil","item":"https:\/\/www.gold.fr\/"},{"@type":"ListItem","position":2,"name":"Actualit\u00e9s","item":"https:\/\/www.gold.fr\/news\/"},{"@type":"ListItem","position":3,"name":"Optimisme g\u00e9n\u00e9ral, en attendant la BCE"}]},{"@type":"WebSite","@id":"https:\/\/www.gold.fr\/news\/#website","url":"https:\/\/www.gold.fr\/news\/","name":"Gold.fr","description":"Actualit\u00e9s de l&#039;Or et des m\u00e9taux pr\u00e9cieux","potentialAction":[{"@type":"SearchAction","target":{"@type":"EntryPoint","urlTemplate":"https:\/\/www.gold.fr\/news\/?s={search_term_string}"},"query-input":{"@type":"PropertyValueSpecification","valueRequired":true,"valueName":"search_term_string"}}],"inLanguage":"fr-FR"},{"@type":"Person","@id":"https:\/\/www.gold.fr\/news\/#\/schema\/person\/070491b4b4fb7671bf59b3be20302ce9","name":"Comptoir National de l'Or","image":{"@type":"ImageObject","inLanguage":"fr-FR","@id":"https:\/\/secure.gravatar.com\/avatar\/0a2867fd5abe37bed95d5a65e9d58f01756e11efc68af9888dfc50cfa7f65948?s=96&d=mm&r=gb490554db0a38188709de567aa58480d","url":"https:\/\/secure.gravatar.com\/avatar\/0a2867fd5abe37bed95d5a65e9d58f01756e11efc68af9888dfc50cfa7f65948?s=96&d=mm&r=g","contentUrl":"https:\/\/secure.gravatar.com\/avatar\/0a2867fd5abe37bed95d5a65e9d58f01756e11efc68af9888dfc50cfa7f65948?s=96&d=mm&r=g","caption":"Comptoir National de l'Or"},"description":"Notre r\u00e9daction est constitu\u00e9e de membres experts dans les m\u00e9tiers de l'\u00e9conomie et la gestion, des Responsables d'agence Comptoir National de l'Or, des analystes financiers qui publient r\u00e9guli\u00e8rement des \u00e9tudes sur les politiques des banques centrales, le cours de l'or, prix de l'or, cours de l'argent, prix de l'argent, cours du platine, cours du palladium,... la situation en zone euro et l'impact de la strat\u00e9gie mon\u00e9taire de la FED. Notre \u00e9quipe scrute \u00e9galement une information plus g\u00e9n\u00e9raliste \u00e0 la recherche d'actualit\u00e9 \"p\u00e9pite\" \u00e0 vous partager. Depuis 5 ans, nous avons publi\u00e9 un peu plus de 4000 articles qui s'adressent \u00e0 un public large et vari\u00e9 ayant pour objectif de satisfaire votre curiosit\u00e9 et de partager avec vous une certaine fascination pour le m\u00e9tal jaune, le rachat d'or, et pour ceux qui veulent investir dans l'or, vendre leur or tout simplement en savoir plus... Pour tous vos achat or et argent, n'h\u00e9sitez pas \u00e0 prendre rendez-vous dans l'un de nos nombreux comptoirs.","sameAs":["https:\/\/www.gold.fr"]}]}},"authors":[{"term_id":2565,"user_id":18,"is_guest":0,"slug":"julie","display_name":"Comptoir National de l'Or","avatar_url":"https:\/\/secure.gravatar.com\/avatar\/713f289e398d35ead876c4a4cc08607f0d6d266058cfc25683fffb6092d0e572?s=96&d=mm&r=g","0":null,"1":"","2":"","3":"","4":"","5":"","6":"","7":"","8":""}],"_links":{"self":[{"href":"https:\/\/www.gold.fr\/news\/wp-json\/wp\/v2\/posts\/16773","targetHints":{"allow":["GET"]}}],"collection":[{"href":"https:\/\/www.gold.fr\/news\/wp-json\/wp\/v2\/posts"}],"about":[{"href":"https:\/\/www.gold.fr\/news\/wp-json\/wp\/v2\/types\/post"}],"author":[{"embeddable":true,"href":"https:\/\/www.gold.fr\/news\/wp-json\/wp\/v2\/users\/18"}],"replies":[{"embeddable":true,"href":"https:\/\/www.gold.fr\/news\/wp-json\/wp\/v2\/comments?post=16773"}],"version-history":[{"count":0,"href":"https:\/\/www.gold.fr\/news\/wp-json\/wp\/v2\/posts\/16773\/revisions"}],"wp:featuredmedia":[{"embeddable":true,"href":"https:\/\/www.gold.fr\/news\/wp-json\/wp\/v2\/media\/5011"}],"wp:attachment":[{"href":"https:\/\/www.gold.fr\/news\/wp-json\/wp\/v2\/media?parent=16773"}],"wp:term":[{"taxonomy":"category","embeddable":true,"href":"https:\/\/www.gold.fr\/news\/wp-json\/wp\/v2\/categories?post=16773"},{"taxonomy":"post_tag","embeddable":true,"href":"https:\/\/www.gold.fr\/news\/wp-json\/wp\/v2\/tags?post=16773"},{"taxonomy":"author","embeddable":true,"href":"https:\/\/www.gold.fr\/news\/wp-json\/wp\/v2\/ppma_author?post=16773"}],"curies":[{"name":"wp","href":"https:\/\/api.w.org\/{rel}","templated":true}]}}