{"id":16766,"date":"2015-03-05T09:00:22","date_gmt":"2015-03-05T08:00:22","guid":{"rendered":"https:\/\/www.gold.fr\/news\/?p=16766"},"modified":"2021-09-09T13:59:10","modified_gmt":"2021-09-09T11:59:10","slug":"or-en-2015-retour-dappetit-pour-les-acheteurs-miniers","status":"publish","type":"post","link":"https:\/\/www.gold.fr\/news\/2015\/03\/05\/or-en-2015-retour-dappetit-pour-les-acheteurs-miniers\/","title":{"rendered":"Or en 2015 : Retour d\u2019app\u00e9tit pour les acheteurs miniers"},"content":{"rendered":"<p><img loading=\"lazy\" decoding=\"async\" class=\"alignleft size-thumbnail wp-image-3742\" title=\"Or en 2015 : Retour d\u2019app\u00e9tit pour les acheteurs miniers\" src=\"https:\/\/www.gold.fr\/news\/wp-content\/uploads\/2010\/12\/societe_minieres.jpg\" alt=\"\" width=\"150\" height=\"150\" \/><span style=\"font-size: small;\">Avec la chute marqu\u00e9e des prix du march\u00e9 aurif\u00e8re, durant les trois derni\u00e8res ann\u00e9es, et leur \u00e9volution en dents de scie, depuis le deuxi\u00e8me semestre <strong>2014<\/strong>, les soci\u00e9t\u00e9s mini\u00e8res de l&rsquo;<a class=\"esk-seo-plu-link\" href=\"https:\/\/www.gold.fr\/news\/tags\/or\">or<\/a> voient naturellement leurs cours peiner grandement \u00e0 maintenir le cap et garder la t\u00eate hors de l&rsquo;eau. L&rsquo;occasion id\u00e9ale donc, selon les experts, de raviver l&rsquo;app\u00e9tit des acheteurs.<\/span> <span style=\"font-size: small;\">Depuis <strong>2011<\/strong>, \u00e9poque \u00e0 laquelle le march\u00e9 aurif\u00e8re avait enregistr\u00e9 des pics historiques (pr\u00e8s de <strong>2 000 <a class=\"esk-seo-plu-link\" href=\"https:\/\/www.gold.fr\/news\/tags\/investissement\">dollars<\/a><\/strong> <a title=\"Prix de l'Once d'or\" href=\"https:\/\/www.gold.fr\/once-or-nyc\/\" target=\"_blank\" rel=\"noopener\">l\u2019once<\/a>), <a title=\"Prix de l'Or\" href=\"https:\/\/www.gold.fr\/cours-or-prix-de-l-or\/\" target=\"_blank\" rel=\"noopener\">les cours du m\u00e9tal jaune<\/a> ont amorc\u00e9 une course baissi\u00e8re qui s&rsquo;est prolong\u00e9e jusqu&rsquo;\u00e0 la mi-<strong>2014<\/strong>. Une chute qui trouve racine dans trois principaux facteurs ; correction des exc\u00e8s (multiplication du prix de l&rsquo;once par pr\u00e8s de 8, en billet vert, durant la p\u00e9riode allant du creux de la fin des ann\u00e9es <strong>1990<\/strong> \u00e0 l&rsquo;\u00e9t\u00e9 de l&rsquo;ann\u00e9e <strong>2011<\/strong>), repli consid\u00e9rable de l&rsquo;aversion au risque (et donc ternissement automatique des <a class=\"esk-seo-plu-link\" href=\"https:\/\/www.gold.fr\/news\/tags\/investissement\">valeurs refuge<\/a>), ainsi que l&rsquo;appr\u00e9ciation du dollar (ce qui a pour effet de plomber aussit\u00f4t l&rsquo;ensemble des valeurs qui y sont libell\u00e9es).<\/span> <span style=\"font-size: small;\">Du coup, les <a class=\"esk-seo-plu-link\" href=\"https:\/\/www.gold.fr\/news\/tags\/investissement\">actions<\/a> mini\u00e8res p\u00e2tissent \u00e9galement de cette chute, c\u00e9dant sous le poids inflationniste de leurs co\u00fbts, tout au long de la d\u00e9cennie \u00e9coul\u00e9e, et \u00ab<em> l&rsquo;indice de r\u00e9f\u00e9rence du secteur, le <strong>NYSE Arca Gold Bugs Index<\/strong>, cot\u00e9 \u00e0 <strong>Wall Street<\/strong>, a en effet \u00e9t\u00e9 divis\u00e9 par plus de 4<\/em> \u00bb, depuis le glorieux dernier trimestre <strong>2011<\/strong>.<\/span> <span style=\"font-size: small;\">Mais les \u00e9conomistes estiment aujourd&rsquo;hui que le retour de cet indice vers ses anciens planchers (d&rsquo;avant <strong>2011<\/strong>) est largement susceptible de provoquer, durant l&rsquo;ann\u00e9e <strong>2015<\/strong>, un retour cons\u00e9quent de l&rsquo;app\u00e9tit des acheteurs. Surtout avec le soutien solide de facteurs tels que \u00ab l&rsquo;int\u00e9r\u00eat des banques centrales et des asiatiques pour le <a class=\"esk-seo-plu-link\" href=\"https:\/\/www.gold.fr\/news\/tags\/or\">m\u00e9tal jaune<\/a>, et les mesures de r\u00e9duction des co\u00fbts des soci\u00e9t\u00e9s mini\u00e8res devraient avoir un impact positif sur les marges \u00bb.<\/span><\/p>\n<!-- AddThis Advanced Settings generic via filter on the_content --><!-- AddThis Share Buttons generic via filter on the_content -->","protected":false},"excerpt":{"rendered":"<p>Avec la chute marqu\u00e9e des prix du march\u00e9 aurif\u00e8re, durant les trois derni\u00e8res ann\u00e9es, et leur \u00e9volution en dents de scie, depuis le deuxi\u00e8me semestre 2014, les soci\u00e9t\u00e9s mini\u00e8res de l&rsquo;or voient naturellement leurs cours peiner [&hellip;]<\/p>\n","protected":false},"author":18,"featured_media":10155,"comment_status":"closed","ping_status":"closed","sticky":false,"template":"","format":"standard","meta":{"_mbp_gutenberg_autopost":false,"_pgmb_is_evergreen":false,"_pgmb_ap_template_id":0,"footnotes":""},"categories":[6],"tags":[231,1047,1991,1268,534],"ppma_author":[2565],"class_list":["post-16766","post","type-post","status-publish","format-standard","has-post-thumbnail","hentry","category-articles-de-presse","tag-achat-or","tag-marche-aurifere","tag-or-2015","tag-prix-once","tag-wall-street"],"yoast_head":"<!-- This site is optimized with the Yoast SEO plugin v27.5 - https:\/\/yoast.com\/product\/yoast-seo-wordpress\/ -->\n<title>Or en 2015 : Retour d\u2019app\u00e9tit pour les acheteurs miniers - Gold.fr<\/title>\n<meta name=\"robots\" content=\"index, follow, max-snippet:-1, max-image-preview:large, max-video-preview:-1\" \/>\n<link rel=\"canonical\" href=\"https:\/\/www.gold.fr\/news\/2015\/03\/05\/or-en-2015-retour-dappetit-pour-les-acheteurs-miniers\/\" \/>\n<meta property=\"og:locale\" content=\"fr_FR\" \/>\n<meta property=\"og:type\" content=\"article\" \/>\n<meta property=\"og:title\" content=\"Or en 2015 : Retour d\u2019app\u00e9tit pour les acheteurs miniers - Gold.fr\" \/>\n<meta property=\"og:description\" content=\"Avec la chute marqu\u00e9e des prix du march\u00e9 aurif\u00e8re, durant les trois derni\u00e8res ann\u00e9es, et leur \u00e9volution en dents de scie, depuis le deuxi\u00e8me semestre 2014, les soci\u00e9t\u00e9s mini\u00e8res de l&rsquo;or voient naturellement leurs cours peiner [&hellip;]\" \/>\n<meta property=\"og:url\" content=\"https:\/\/www.gold.fr\/news\/2015\/03\/05\/or-en-2015-retour-dappetit-pour-les-acheteurs-miniers\/\" \/>\n<meta property=\"og:site_name\" content=\"Gold.fr\" \/>\n<meta property=\"article:publisher\" content=\"https:\/\/www.facebook.com\/Goldfr\/\" \/>\n<meta property=\"article:published_time\" content=\"2015-03-05T08:00:22+00:00\" \/>\n<meta property=\"article:modified_time\" content=\"2021-09-09T11:59:10+00:00\" \/>\n<meta property=\"og:image\" content=\"https:\/\/www.gold.fr\/news\/wp-content\/uploads\/2010\/12\/societe_minieres.jpg\" \/>\n\t<meta property=\"og:image:width\" content=\"600\" \/>\n\t<meta property=\"og:image:height\" content=\"399\" \/>\n\t<meta property=\"og:image:type\" content=\"image\/jpeg\" \/>\n<meta name=\"author\" content=\"Comptoir National de l&#039;Or\" \/>\n<meta name=\"twitter:card\" content=\"summary_large_image\" \/>\n<meta name=\"twitter:label1\" content=\"\u00c9crit par\" \/>\n\t<meta name=\"twitter:data1\" content=\"Comptoir National de l&#039;Or\" \/>\n\t<meta name=\"twitter:label2\" content=\"Dur\u00e9e de lecture estim\u00e9e\" \/>\n\t<meta name=\"twitter:data2\" content=\"2 minutes\" \/>\n<script type=\"application\/ld+json\" class=\"yoast-schema-graph\">{\"@context\":\"https:\\\/\\\/schema.org\",\"@graph\":[{\"@type\":\"Article\",\"@id\":\"https:\\\/\\\/www.gold.fr\\\/news\\\/2015\\\/03\\\/05\\\/or-en-2015-retour-dappetit-pour-les-acheteurs-miniers\\\/#article\",\"isPartOf\":{\"@id\":\"https:\\\/\\\/www.gold.fr\\\/news\\\/2015\\\/03\\\/05\\\/or-en-2015-retour-dappetit-pour-les-acheteurs-miniers\\\/\"},\"author\":{\"name\":\"Comptoir National de l'Or\",\"@id\":\"https:\\\/\\\/www.gold.fr\\\/news\\\/#\\\/schema\\\/person\\\/070491b4b4fb7671bf59b3be20302ce9\"},\"headline\":\"Or en 2015 : Retour d\u2019app\u00e9tit pour les acheteurs miniers\",\"datePublished\":\"2015-03-05T08:00:22+00:00\",\"dateModified\":\"2021-09-09T11:59:10+00:00\",\"mainEntityOfPage\":{\"@id\":\"https:\\\/\\\/www.gold.fr\\\/news\\\/2015\\\/03\\\/05\\\/or-en-2015-retour-dappetit-pour-les-acheteurs-miniers\\\/\"},\"wordCount\":351,\"image\":{\"@id\":\"https:\\\/\\\/www.gold.fr\\\/news\\\/2015\\\/03\\\/05\\\/or-en-2015-retour-dappetit-pour-les-acheteurs-miniers\\\/#primaryimage\"},\"thumbnailUrl\":\"https:\\\/\\\/www.gold.fr\\\/news\\\/wp-content\\\/uploads\\\/2010\\\/12\\\/societe_minieres.jpg\",\"keywords\":[\"Achat or\",\"march\u00e9 aurif\u00e8re\",\"or 2015\",\"prix once\",\"wall street\"],\"articleSection\":[\"Articles de presse\"],\"inLanguage\":\"fr-FR\"},{\"@type\":\"WebPage\",\"@id\":\"https:\\\/\\\/www.gold.fr\\\/news\\\/2015\\\/03\\\/05\\\/or-en-2015-retour-dappetit-pour-les-acheteurs-miniers\\\/\",\"url\":\"https:\\\/\\\/www.gold.fr\\\/news\\\/2015\\\/03\\\/05\\\/or-en-2015-retour-dappetit-pour-les-acheteurs-miniers\\\/\",\"name\":\"Or en 2015 : Retour d\u2019app\u00e9tit pour les acheteurs miniers - Gold.fr\",\"isPartOf\":{\"@id\":\"https:\\\/\\\/www.gold.fr\\\/news\\\/#website\"},\"primaryImageOfPage\":{\"@id\":\"https:\\\/\\\/www.gold.fr\\\/news\\\/2015\\\/03\\\/05\\\/or-en-2015-retour-dappetit-pour-les-acheteurs-miniers\\\/#primaryimage\"},\"image\":{\"@id\":\"https:\\\/\\\/www.gold.fr\\\/news\\\/2015\\\/03\\\/05\\\/or-en-2015-retour-dappetit-pour-les-acheteurs-miniers\\\/#primaryimage\"},\"thumbnailUrl\":\"https:\\\/\\\/www.gold.fr\\\/news\\\/wp-content\\\/uploads\\\/2010\\\/12\\\/societe_minieres.jpg\",\"datePublished\":\"2015-03-05T08:00:22+00:00\",\"dateModified\":\"2021-09-09T11:59:10+00:00\",\"author\":{\"@id\":\"https:\\\/\\\/www.gold.fr\\\/news\\\/#\\\/schema\\\/person\\\/070491b4b4fb7671bf59b3be20302ce9\"},\"breadcrumb\":{\"@id\":\"https:\\\/\\\/www.gold.fr\\\/news\\\/2015\\\/03\\\/05\\\/or-en-2015-retour-dappetit-pour-les-acheteurs-miniers\\\/#breadcrumb\"},\"inLanguage\":\"fr-FR\",\"potentialAction\":[{\"@type\":\"ReadAction\",\"target\":[\"https:\\\/\\\/www.gold.fr\\\/news\\\/2015\\\/03\\\/05\\\/or-en-2015-retour-dappetit-pour-les-acheteurs-miniers\\\/\"]}]},{\"@type\":\"ImageObject\",\"inLanguage\":\"fr-FR\",\"@id\":\"https:\\\/\\\/www.gold.fr\\\/news\\\/2015\\\/03\\\/05\\\/or-en-2015-retour-dappetit-pour-les-acheteurs-miniers\\\/#primaryimage\",\"url\":\"https:\\\/\\\/www.gold.fr\\\/news\\\/wp-content\\\/uploads\\\/2010\\\/12\\\/societe_minieres.jpg\",\"contentUrl\":\"https:\\\/\\\/www.gold.fr\\\/news\\\/wp-content\\\/uploads\\\/2010\\\/12\\\/societe_minieres.jpg\",\"width\":\"600\",\"height\":\"399\",\"caption\":\"Crise des soci\u00e9t\u00e9s mini\u00e8res d\u2019or : Comment survivre ?\"},{\"@type\":\"BreadcrumbList\",\"@id\":\"https:\\\/\\\/www.gold.fr\\\/news\\\/2015\\\/03\\\/05\\\/or-en-2015-retour-dappetit-pour-les-acheteurs-miniers\\\/#breadcrumb\",\"itemListElement\":[{\"@type\":\"ListItem\",\"position\":1,\"name\":\"Accueil\",\"item\":\"https:\\\/\\\/www.gold.fr\\\/\"},{\"@type\":\"ListItem\",\"position\":2,\"name\":\"Actualit\u00e9s\",\"item\":\"https:\\\/\\\/www.gold.fr\\\/news\\\/\"},{\"@type\":\"ListItem\",\"position\":3,\"name\":\"Or en 2015 : Retour d\u2019app\u00e9tit pour les acheteurs miniers\"}]},{\"@type\":\"WebSite\",\"@id\":\"https:\\\/\\\/www.gold.fr\\\/news\\\/#website\",\"url\":\"https:\\\/\\\/www.gold.fr\\\/news\\\/\",\"name\":\"Gold.fr\",\"description\":\"Actualit\u00e9s de l&#039;Or et des m\u00e9taux pr\u00e9cieux\",\"potentialAction\":[{\"@type\":\"SearchAction\",\"target\":{\"@type\":\"EntryPoint\",\"urlTemplate\":\"https:\\\/\\\/www.gold.fr\\\/news\\\/?s={search_term_string}\"},\"query-input\":{\"@type\":\"PropertyValueSpecification\",\"valueRequired\":true,\"valueName\":\"search_term_string\"}}],\"inLanguage\":\"fr-FR\"},{\"@type\":\"Person\",\"@id\":\"https:\\\/\\\/www.gold.fr\\\/news\\\/#\\\/schema\\\/person\\\/070491b4b4fb7671bf59b3be20302ce9\",\"name\":\"Comptoir National de l'Or\",\"image\":{\"@type\":\"ImageObject\",\"inLanguage\":\"fr-FR\",\"@id\":\"https:\\\/\\\/secure.gravatar.com\\\/avatar\\\/0a2867fd5abe37bed95d5a65e9d58f01756e11efc68af9888dfc50cfa7f65948?s=96&d=mm&r=gb490554db0a38188709de567aa58480d\",\"url\":\"https:\\\/\\\/secure.gravatar.com\\\/avatar\\\/0a2867fd5abe37bed95d5a65e9d58f01756e11efc68af9888dfc50cfa7f65948?s=96&d=mm&r=g\",\"contentUrl\":\"https:\\\/\\\/secure.gravatar.com\\\/avatar\\\/0a2867fd5abe37bed95d5a65e9d58f01756e11efc68af9888dfc50cfa7f65948?s=96&d=mm&r=g\",\"caption\":\"Comptoir National de l'Or\"},\"description\":\"Notre r\u00e9daction est constitu\u00e9e de membres experts dans les m\u00e9tiers de l'\u00e9conomie et la gestion, des Responsables d'agence Comptoir National de l'Or, des analystes financiers qui publient r\u00e9guli\u00e8rement des \u00e9tudes sur les politiques des banques centrales, le cours de l'or, prix de l'or, cours de l'argent, prix de l'argent, cours du platine, cours du palladium,... la situation en zone euro et l'impact de la strat\u00e9gie mon\u00e9taire de la FED. Notre \u00e9quipe scrute \u00e9galement une information plus g\u00e9n\u00e9raliste \u00e0 la recherche d'actualit\u00e9 \\\"p\u00e9pite\\\" \u00e0 vous partager. Depuis 5 ans, nous avons publi\u00e9 un peu plus de 4000 articles qui s'adressent \u00e0 un public large et vari\u00e9 ayant pour objectif de satisfaire votre curiosit\u00e9 et de partager avec vous une certaine fascination pour le m\u00e9tal jaune, le rachat d'or, et pour ceux qui veulent investir dans l'or, vendre leur or tout simplement en savoir plus... Pour tous vos achat or et argent, n'h\u00e9sitez pas \u00e0 prendre rendez-vous dans l'un de nos nombreux comptoirs.\",\"sameAs\":[\"https:\\\/\\\/www.gold.fr\"]}]}<\/script>\n<!-- \/ Yoast SEO plugin. -->","yoast_head_json":{"title":"Or en 2015 : Retour d\u2019app\u00e9tit pour les acheteurs miniers - Gold.fr","robots":{"index":"index","follow":"follow","max-snippet":"max-snippet:-1","max-image-preview":"max-image-preview:large","max-video-preview":"max-video-preview:-1"},"canonical":"https:\/\/www.gold.fr\/news\/2015\/03\/05\/or-en-2015-retour-dappetit-pour-les-acheteurs-miniers\/","og_locale":"fr_FR","og_type":"article","og_title":"Or en 2015 : Retour d\u2019app\u00e9tit pour les acheteurs miniers - Gold.fr","og_description":"Avec la chute marqu\u00e9e des prix du march\u00e9 aurif\u00e8re, durant les trois derni\u00e8res ann\u00e9es, et leur \u00e9volution en dents de scie, depuis le deuxi\u00e8me semestre 2014, les soci\u00e9t\u00e9s mini\u00e8res de l&rsquo;or voient naturellement leurs cours peiner [&hellip;]","og_url":"https:\/\/www.gold.fr\/news\/2015\/03\/05\/or-en-2015-retour-dappetit-pour-les-acheteurs-miniers\/","og_site_name":"Gold.fr","article_publisher":"https:\/\/www.facebook.com\/Goldfr\/","article_published_time":"2015-03-05T08:00:22+00:00","article_modified_time":"2021-09-09T11:59:10+00:00","og_image":[{"width":600,"height":399,"url":"https:\/\/www.gold.fr\/news\/wp-content\/uploads\/2010\/12\/societe_minieres.jpg","type":"image\/jpeg"}],"author":"Comptoir National de l'Or","twitter_card":"summary_large_image","twitter_misc":{"\u00c9crit par":"Comptoir National de l'Or","Dur\u00e9e de lecture estim\u00e9e":"2 minutes"},"schema":{"@context":"https:\/\/schema.org","@graph":[{"@type":"Article","@id":"https:\/\/www.gold.fr\/news\/2015\/03\/05\/or-en-2015-retour-dappetit-pour-les-acheteurs-miniers\/#article","isPartOf":{"@id":"https:\/\/www.gold.fr\/news\/2015\/03\/05\/or-en-2015-retour-dappetit-pour-les-acheteurs-miniers\/"},"author":{"name":"Comptoir National de l'Or","@id":"https:\/\/www.gold.fr\/news\/#\/schema\/person\/070491b4b4fb7671bf59b3be20302ce9"},"headline":"Or en 2015 : Retour d\u2019app\u00e9tit pour les acheteurs miniers","datePublished":"2015-03-05T08:00:22+00:00","dateModified":"2021-09-09T11:59:10+00:00","mainEntityOfPage":{"@id":"https:\/\/www.gold.fr\/news\/2015\/03\/05\/or-en-2015-retour-dappetit-pour-les-acheteurs-miniers\/"},"wordCount":351,"image":{"@id":"https:\/\/www.gold.fr\/news\/2015\/03\/05\/or-en-2015-retour-dappetit-pour-les-acheteurs-miniers\/#primaryimage"},"thumbnailUrl":"https:\/\/www.gold.fr\/news\/wp-content\/uploads\/2010\/12\/societe_minieres.jpg","keywords":["Achat or","march\u00e9 aurif\u00e8re","or 2015","prix once","wall street"],"articleSection":["Articles de presse"],"inLanguage":"fr-FR"},{"@type":"WebPage","@id":"https:\/\/www.gold.fr\/news\/2015\/03\/05\/or-en-2015-retour-dappetit-pour-les-acheteurs-miniers\/","url":"https:\/\/www.gold.fr\/news\/2015\/03\/05\/or-en-2015-retour-dappetit-pour-les-acheteurs-miniers\/","name":"Or en 2015 : Retour d\u2019app\u00e9tit pour les acheteurs miniers - Gold.fr","isPartOf":{"@id":"https:\/\/www.gold.fr\/news\/#website"},"primaryImageOfPage":{"@id":"https:\/\/www.gold.fr\/news\/2015\/03\/05\/or-en-2015-retour-dappetit-pour-les-acheteurs-miniers\/#primaryimage"},"image":{"@id":"https:\/\/www.gold.fr\/news\/2015\/03\/05\/or-en-2015-retour-dappetit-pour-les-acheteurs-miniers\/#primaryimage"},"thumbnailUrl":"https:\/\/www.gold.fr\/news\/wp-content\/uploads\/2010\/12\/societe_minieres.jpg","datePublished":"2015-03-05T08:00:22+00:00","dateModified":"2021-09-09T11:59:10+00:00","author":{"@id":"https:\/\/www.gold.fr\/news\/#\/schema\/person\/070491b4b4fb7671bf59b3be20302ce9"},"breadcrumb":{"@id":"https:\/\/www.gold.fr\/news\/2015\/03\/05\/or-en-2015-retour-dappetit-pour-les-acheteurs-miniers\/#breadcrumb"},"inLanguage":"fr-FR","potentialAction":[{"@type":"ReadAction","target":["https:\/\/www.gold.fr\/news\/2015\/03\/05\/or-en-2015-retour-dappetit-pour-les-acheteurs-miniers\/"]}]},{"@type":"ImageObject","inLanguage":"fr-FR","@id":"https:\/\/www.gold.fr\/news\/2015\/03\/05\/or-en-2015-retour-dappetit-pour-les-acheteurs-miniers\/#primaryimage","url":"https:\/\/www.gold.fr\/news\/wp-content\/uploads\/2010\/12\/societe_minieres.jpg","contentUrl":"https:\/\/www.gold.fr\/news\/wp-content\/uploads\/2010\/12\/societe_minieres.jpg","width":"600","height":"399","caption":"Crise des soci\u00e9t\u00e9s mini\u00e8res d\u2019or : Comment survivre ?"},{"@type":"BreadcrumbList","@id":"https:\/\/www.gold.fr\/news\/2015\/03\/05\/or-en-2015-retour-dappetit-pour-les-acheteurs-miniers\/#breadcrumb","itemListElement":[{"@type":"ListItem","position":1,"name":"Accueil","item":"https:\/\/www.gold.fr\/"},{"@type":"ListItem","position":2,"name":"Actualit\u00e9s","item":"https:\/\/www.gold.fr\/news\/"},{"@type":"ListItem","position":3,"name":"Or en 2015 : Retour d\u2019app\u00e9tit pour les acheteurs miniers"}]},{"@type":"WebSite","@id":"https:\/\/www.gold.fr\/news\/#website","url":"https:\/\/www.gold.fr\/news\/","name":"Gold.fr","description":"Actualit\u00e9s de l&#039;Or et des m\u00e9taux pr\u00e9cieux","potentialAction":[{"@type":"SearchAction","target":{"@type":"EntryPoint","urlTemplate":"https:\/\/www.gold.fr\/news\/?s={search_term_string}"},"query-input":{"@type":"PropertyValueSpecification","valueRequired":true,"valueName":"search_term_string"}}],"inLanguage":"fr-FR"},{"@type":"Person","@id":"https:\/\/www.gold.fr\/news\/#\/schema\/person\/070491b4b4fb7671bf59b3be20302ce9","name":"Comptoir National de l'Or","image":{"@type":"ImageObject","inLanguage":"fr-FR","@id":"https:\/\/secure.gravatar.com\/avatar\/0a2867fd5abe37bed95d5a65e9d58f01756e11efc68af9888dfc50cfa7f65948?s=96&d=mm&r=gb490554db0a38188709de567aa58480d","url":"https:\/\/secure.gravatar.com\/avatar\/0a2867fd5abe37bed95d5a65e9d58f01756e11efc68af9888dfc50cfa7f65948?s=96&d=mm&r=g","contentUrl":"https:\/\/secure.gravatar.com\/avatar\/0a2867fd5abe37bed95d5a65e9d58f01756e11efc68af9888dfc50cfa7f65948?s=96&d=mm&r=g","caption":"Comptoir National de l'Or"},"description":"Notre r\u00e9daction est constitu\u00e9e de membres experts dans les m\u00e9tiers de l'\u00e9conomie et la gestion, des Responsables d'agence Comptoir National de l'Or, des analystes financiers qui publient r\u00e9guli\u00e8rement des \u00e9tudes sur les politiques des banques centrales, le cours de l'or, prix de l'or, cours de l'argent, prix de l'argent, cours du platine, cours du palladium,... la situation en zone euro et l'impact de la strat\u00e9gie mon\u00e9taire de la FED. Notre \u00e9quipe scrute \u00e9galement une information plus g\u00e9n\u00e9raliste \u00e0 la recherche d'actualit\u00e9 \"p\u00e9pite\" \u00e0 vous partager. Depuis 5 ans, nous avons publi\u00e9 un peu plus de 4000 articles qui s'adressent \u00e0 un public large et vari\u00e9 ayant pour objectif de satisfaire votre curiosit\u00e9 et de partager avec vous une certaine fascination pour le m\u00e9tal jaune, le rachat d'or, et pour ceux qui veulent investir dans l'or, vendre leur or tout simplement en savoir plus... Pour tous vos achat or et argent, n'h\u00e9sitez pas \u00e0 prendre rendez-vous dans l'un de nos nombreux comptoirs.","sameAs":["https:\/\/www.gold.fr"]}]}},"authors":[{"term_id":2565,"user_id":18,"is_guest":0,"slug":"julie","display_name":"Comptoir National de l'Or","avatar_url":"https:\/\/secure.gravatar.com\/avatar\/713f289e398d35ead876c4a4cc08607f0d6d266058cfc25683fffb6092d0e572?s=96&d=mm&r=g","0":null,"1":"","2":"","3":"","4":"","5":"","6":"","7":"","8":""}],"_links":{"self":[{"href":"https:\/\/www.gold.fr\/news\/wp-json\/wp\/v2\/posts\/16766","targetHints":{"allow":["GET"]}}],"collection":[{"href":"https:\/\/www.gold.fr\/news\/wp-json\/wp\/v2\/posts"}],"about":[{"href":"https:\/\/www.gold.fr\/news\/wp-json\/wp\/v2\/types\/post"}],"author":[{"embeddable":true,"href":"https:\/\/www.gold.fr\/news\/wp-json\/wp\/v2\/users\/18"}],"replies":[{"embeddable":true,"href":"https:\/\/www.gold.fr\/news\/wp-json\/wp\/v2\/comments?post=16766"}],"version-history":[{"count":0,"href":"https:\/\/www.gold.fr\/news\/wp-json\/wp\/v2\/posts\/16766\/revisions"}],"wp:featuredmedia":[{"embeddable":true,"href":"https:\/\/www.gold.fr\/news\/wp-json\/wp\/v2\/media\/10155"}],"wp:attachment":[{"href":"https:\/\/www.gold.fr\/news\/wp-json\/wp\/v2\/media?parent=16766"}],"wp:term":[{"taxonomy":"category","embeddable":true,"href":"https:\/\/www.gold.fr\/news\/wp-json\/wp\/v2\/categories?post=16766"},{"taxonomy":"post_tag","embeddable":true,"href":"https:\/\/www.gold.fr\/news\/wp-json\/wp\/v2\/tags?post=16766"},{"taxonomy":"author","embeddable":true,"href":"https:\/\/www.gold.fr\/news\/wp-json\/wp\/v2\/ppma_author?post=16766"}],"curies":[{"name":"wp","href":"https:\/\/api.w.org\/{rel}","templated":true}]}}