{"id":16764,"date":"2015-03-04T17:00:39","date_gmt":"2015-03-04T16:00:39","guid":{"rendered":"https:\/\/www.gold.fr\/news\/?p=16764"},"modified":"2018-02-22T14:29:37","modified_gmt":"2018-02-22T13:29:37","slug":"levolution-du-petrole-affecte-t-elle-le-marche-de-lor","status":"publish","type":"post","link":"https:\/\/www.gold.fr\/news\/2015\/03\/04\/levolution-du-petrole-affecte-t-elle-le-marche-de-lor\/","title":{"rendered":"L\u2019\u00e9volution du p\u00e9trole affecte-t-elle le march\u00e9 de l\u2019or ?"},"content":{"rendered":"<p><img loading=\"lazy\" decoding=\"async\" class=\"alignleft size-thumbnail wp-image-14237\" title=\"L\u2019\u00e9volution du p\u00e9trole affecte-t-elle le march\u00e9 de l\u2019or ?\" src=\"https:\/\/www.gold.fr\/news\/wp-content\/uploads\/2014\/03\/image21-150x150.jpg\" alt=\"\" width=\"150\" height=\"150\" \/><span style=\"font-size: small;\">De mani\u00e8re g\u00e9n\u00e9rale, l&rsquo;\u00e9volution du march\u00e9 p\u00e9trolier a traditionnellement le pouvoir d&rsquo;influer (plus ou moins, et \u00e0 un niveau comme \u00e0 un autre) sur la quasi-totalit\u00e9 des march\u00e9s financiers et d&rsquo;<a href='https:\/\/www.gold.fr\/news\/tags\/investissement' class='esk-seo-plu-link'>actions<\/a>. Et c&rsquo;est un fait qui a \u00e9t\u00e9 largement v\u00e9rifi\u00e9 au dernier trimestre de l&rsquo;ann\u00e9e <strong>2014<\/strong>, puisque la d\u00e9gringolade de l&rsquo;<a href='https:\/\/www.gold.fr\/news\/tags\/or' class='esk-seo-plu-link'>or<\/a> noir a automatiquement tir\u00e9 dans son sillage les march\u00e9s d&rsquo;<a href='https:\/\/www.gold.fr\/news\/tags\/investissement' class='esk-seo-plu-link'>investissement<\/a> am\u00e9ricains, europ\u00e9ens, asiatiques et bien d&rsquo;autres. Rappelons d&rsquo;ailleurs que le bilan annuel de la performance p\u00e9troli\u00e8re est tr\u00e8s lourd ; des pertes de l&rsquo;ordre d&rsquo;environ <strong>50%<\/strong> durant le deuxi\u00e8me semestre de l&rsquo;ann\u00e9e <strong>2014<\/strong>, et <strong>45%<\/strong> sur l&rsquo;ensemble de l&rsquo;ann\u00e9e.<\/span>    <span style=\"font-size: small;\">Pourtant, l&rsquo;effet de cette fameuse chute p\u00e9troli\u00e8re sur le march\u00e9 de l&rsquo;<a href='https:\/\/www.gold.fr\/news\/tags\/or' class='esk-seo-plu-link'>or<\/a> a \u00e9t\u00e9 tr\u00e8s relatif et surtout largement mitig\u00e9. Un ph\u00e9nom\u00e8ne dont les experts confirment l&rsquo;effet partag\u00e9, notant que la baisse de l&rsquo;<a href='https:\/\/www.gold.fr\/news\/tags\/or' class='esk-seo-plu-link'>or<\/a> noir est susceptible d&rsquo;avoir un impact positif ou n\u00e9gatif sur le <a href='https:\/\/www.gold.fr\/news\/tags\/or' class='esk-seo-plu-link'>m\u00e9tal jaune<\/a>, en fonction de la conjoncture du moment. <\/span>    <span style=\"font-size: small;\">Par exemple, les analystes de <strong>Capital Economics<\/strong> soulignent que \u00ab<em> la chute du p\u00e9trole pourrait r\u00e9duire la demande de mati\u00e8res premi\u00e8res en g\u00e9n\u00e9ral, et particuli\u00e8rement l&rsquo;<a href='https:\/\/www.gold.fr\/news\/tags\/or' class='esk-seo-plu-link'>or<\/a>, (&#8230;) car le p\u00e9trole a un gros poids dans les indices de mati\u00e8res premi\u00e8res, ce qui va globalement affaiblir l&rsquo;int\u00e9r\u00eat des investisseurs pour cette classe d&rsquo;actifs<\/em> \u00bb. Toutefois, l&rsquo;\u00e9quipe d&rsquo;analystes rappelle \u00e9galement que \u00ab <em>la baisse des prix du p\u00e9trole pourrait avoir un effet b\u00e9n\u00e9fique sur l&rsquo;activit\u00e9 \u00e9conomique, notamment en Chine et en Inde<\/em> \u00bb qui figurent en t\u00eate de liste des march\u00e9s consommateurs et producteurs d&rsquo;<a href='https:\/\/www.gold.fr\/news\/tags\/or' class='esk-seo-plu-link'>or<\/a>.<\/span>    <span style=\"font-size: small;\">Chez <strong>Commerzbank<\/strong>, on pr\u00e9voit de voir <a title=\"Prix de l'Or\" href=\"https:\/\/www.gold.fr\/cours-or-prix-de-l-or\/\" target=\"_blank\">le prix de l\u2019or<\/a>, au terme de l&rsquo;ann\u00e9e <strong>2015<\/strong>, \u00ab <em>grimper \u00e0 <strong>1250 <a href='https:\/\/www.gold.fr\/news\/tags\/investissement' class='esk-seo-plu-link'>dollars<\/a><\/strong> <a title=\"Prix de l'Once d'or\" href=\"https:\/\/www.gold.fr\/once-or-nyc\/\" target=\"_blank\">l&rsquo;once<\/a>, soutenu par une demande raviv\u00e9e en <strong>Chine<\/strong><\/em> \u00bb.<\/span><\/p>\n<!-- AddThis Advanced Settings generic via filter on the_content --><!-- AddThis Share Buttons generic via filter on the_content -->","protected":false},"excerpt":{"rendered":"<p>De mani\u00e8re g\u00e9n\u00e9rale, l&rsquo;\u00e9volution du march\u00e9 p\u00e9trolier a traditionnellement le pouvoir d&rsquo;influer (plus ou moins, et \u00e0 un niveau comme \u00e0 un autre) sur la quasi-totalit\u00e9 des march\u00e9s financiers et d&rsquo;actions. Et c&rsquo;est un fait qui [&hellip;]<\/p>\n","protected":false},"author":18,"featured_media":14237,"comment_status":"open","ping_status":"open","sticky":false,"template":"","format":"standard","meta":{"_mbp_gutenberg_autopost":false,"_pgmb_is_evergreen":false,"_pgmb_ap_template_id":0,"footnotes":""},"categories":[6],"tags":[146,95,2009,900,962],"ppma_author":[2565],"class_list":["post-16764","post","type-post","status-publish","format-standard","has-post-thumbnail","hentry","category-articles-de-presse","tag-chine","tag-marche-de-lor","tag-marche-petrolier","tag-once-or","tag-prix-or"],"yoast_head":"<!-- This site is optimized with the Yoast SEO plugin v27.5 - https:\/\/yoast.com\/product\/yoast-seo-wordpress\/ -->\n<title>L\u2019\u00e9volution du p\u00e9trole affecte-t-elle le march\u00e9 de l\u2019or ? - Gold.fr<\/title>\n<meta name=\"robots\" content=\"index, follow, max-snippet:-1, max-image-preview:large, max-video-preview:-1\" \/>\n<link rel=\"canonical\" href=\"https:\/\/www.gold.fr\/news\/2015\/03\/04\/levolution-du-petrole-affecte-t-elle-le-marche-de-lor\/\" \/>\n<meta property=\"og:locale\" content=\"fr_FR\" \/>\n<meta property=\"og:type\" content=\"article\" \/>\n<meta property=\"og:title\" content=\"L\u2019\u00e9volution du p\u00e9trole affecte-t-elle le march\u00e9 de l\u2019or ? - Gold.fr\" \/>\n<meta property=\"og:description\" content=\"De mani\u00e8re g\u00e9n\u00e9rale, l&rsquo;\u00e9volution du march\u00e9 p\u00e9trolier a traditionnellement le pouvoir d&rsquo;influer (plus ou moins, et \u00e0 un niveau comme \u00e0 un autre) sur la quasi-totalit\u00e9 des march\u00e9s financiers et d&rsquo;actions. Et c&rsquo;est un fait qui [&hellip;]\" \/>\n<meta property=\"og:url\" content=\"https:\/\/www.gold.fr\/news\/2015\/03\/04\/levolution-du-petrole-affecte-t-elle-le-marche-de-lor\/\" \/>\n<meta property=\"og:site_name\" content=\"Gold.fr\" \/>\n<meta property=\"article:publisher\" content=\"https:\/\/www.facebook.com\/Goldfr\/\" \/>\n<meta property=\"article:published_time\" content=\"2015-03-04T16:00:39+00:00\" \/>\n<meta property=\"article:modified_time\" content=\"2018-02-22T13:29:37+00:00\" \/>\n<meta property=\"og:image\" content=\"https:\/\/www.gold.fr\/news\/wp-content\/uploads\/2014\/03\/image21.jpeg\" \/>\n\t<meta property=\"og:image:width\" content=\"614\" \/>\n\t<meta property=\"og:image:height\" content=\"669\" \/>\n\t<meta property=\"og:image:type\" content=\"image\/jpeg\" \/>\n<meta name=\"author\" content=\"Comptoir National de l&#039;Or\" \/>\n<meta name=\"twitter:card\" content=\"summary_large_image\" \/>\n<meta name=\"twitter:label1\" content=\"\u00c9crit par\" \/>\n\t<meta name=\"twitter:data1\" content=\"Comptoir National de l&#039;Or\" \/>\n\t<meta name=\"twitter:label2\" content=\"Dur\u00e9e de lecture estim\u00e9e\" \/>\n\t<meta name=\"twitter:data2\" content=\"2 minutes\" \/>\n<script type=\"application\/ld+json\" class=\"yoast-schema-graph\">{\"@context\":\"https:\\\/\\\/schema.org\",\"@graph\":[{\"@type\":\"Article\",\"@id\":\"https:\\\/\\\/www.gold.fr\\\/news\\\/2015\\\/03\\\/04\\\/levolution-du-petrole-affecte-t-elle-le-marche-de-lor\\\/#article\",\"isPartOf\":{\"@id\":\"https:\\\/\\\/www.gold.fr\\\/news\\\/2015\\\/03\\\/04\\\/levolution-du-petrole-affecte-t-elle-le-marche-de-lor\\\/\"},\"author\":{\"name\":\"Comptoir National de l'Or\",\"@id\":\"https:\\\/\\\/www.gold.fr\\\/news\\\/#\\\/schema\\\/person\\\/070491b4b4fb7671bf59b3be20302ce9\"},\"headline\":\"L\u2019\u00e9volution du p\u00e9trole affecte-t-elle le march\u00e9 de l\u2019or ?\",\"datePublished\":\"2015-03-04T16:00:39+00:00\",\"dateModified\":\"2018-02-22T13:29:37+00:00\",\"mainEntityOfPage\":{\"@id\":\"https:\\\/\\\/www.gold.fr\\\/news\\\/2015\\\/03\\\/04\\\/levolution-du-petrole-affecte-t-elle-le-marche-de-lor\\\/\"},\"wordCount\":343,\"commentCount\":0,\"image\":{\"@id\":\"https:\\\/\\\/www.gold.fr\\\/news\\\/2015\\\/03\\\/04\\\/levolution-du-petrole-affecte-t-elle-le-marche-de-lor\\\/#primaryimage\"},\"thumbnailUrl\":\"https:\\\/\\\/www.gold.fr\\\/news\\\/wp-content\\\/uploads\\\/2014\\\/03\\\/image21.jpeg\",\"keywords\":[\"chine\",\"march\u00e9 de l'or\",\"march\u00e9 p\u00e9trolier\",\"Once or\",\"prix or\"],\"articleSection\":[\"Articles de presse\"],\"inLanguage\":\"fr-FR\"},{\"@type\":\"WebPage\",\"@id\":\"https:\\\/\\\/www.gold.fr\\\/news\\\/2015\\\/03\\\/04\\\/levolution-du-petrole-affecte-t-elle-le-marche-de-lor\\\/\",\"url\":\"https:\\\/\\\/www.gold.fr\\\/news\\\/2015\\\/03\\\/04\\\/levolution-du-petrole-affecte-t-elle-le-marche-de-lor\\\/\",\"name\":\"L\u2019\u00e9volution du p\u00e9trole affecte-t-elle le march\u00e9 de l\u2019or ? - Gold.fr\",\"isPartOf\":{\"@id\":\"https:\\\/\\\/www.gold.fr\\\/news\\\/#website\"},\"primaryImageOfPage\":{\"@id\":\"https:\\\/\\\/www.gold.fr\\\/news\\\/2015\\\/03\\\/04\\\/levolution-du-petrole-affecte-t-elle-le-marche-de-lor\\\/#primaryimage\"},\"image\":{\"@id\":\"https:\\\/\\\/www.gold.fr\\\/news\\\/2015\\\/03\\\/04\\\/levolution-du-petrole-affecte-t-elle-le-marche-de-lor\\\/#primaryimage\"},\"thumbnailUrl\":\"https:\\\/\\\/www.gold.fr\\\/news\\\/wp-content\\\/uploads\\\/2014\\\/03\\\/image21.jpeg\",\"datePublished\":\"2015-03-04T16:00:39+00:00\",\"dateModified\":\"2018-02-22T13:29:37+00:00\",\"author\":{\"@id\":\"https:\\\/\\\/www.gold.fr\\\/news\\\/#\\\/schema\\\/person\\\/070491b4b4fb7671bf59b3be20302ce9\"},\"breadcrumb\":{\"@id\":\"https:\\\/\\\/www.gold.fr\\\/news\\\/2015\\\/03\\\/04\\\/levolution-du-petrole-affecte-t-elle-le-marche-de-lor\\\/#breadcrumb\"},\"inLanguage\":\"fr-FR\",\"potentialAction\":[{\"@type\":\"ReadAction\",\"target\":[\"https:\\\/\\\/www.gold.fr\\\/news\\\/2015\\\/03\\\/04\\\/levolution-du-petrole-affecte-t-elle-le-marche-de-lor\\\/\"]}]},{\"@type\":\"ImageObject\",\"inLanguage\":\"fr-FR\",\"@id\":\"https:\\\/\\\/www.gold.fr\\\/news\\\/2015\\\/03\\\/04\\\/levolution-du-petrole-affecte-t-elle-le-marche-de-lor\\\/#primaryimage\",\"url\":\"https:\\\/\\\/www.gold.fr\\\/news\\\/wp-content\\\/uploads\\\/2014\\\/03\\\/image21.jpeg\",\"contentUrl\":\"https:\\\/\\\/www.gold.fr\\\/news\\\/wp-content\\\/uploads\\\/2014\\\/03\\\/image21.jpeg\",\"width\":\"614\",\"height\":\"669\",\"caption\":\"L\u2019once en \u00e9quilibre face \u00e0 l\u2019envol\u00e9e des indices boursiers\"},{\"@type\":\"BreadcrumbList\",\"@id\":\"https:\\\/\\\/www.gold.fr\\\/news\\\/2015\\\/03\\\/04\\\/levolution-du-petrole-affecte-t-elle-le-marche-de-lor\\\/#breadcrumb\",\"itemListElement\":[{\"@type\":\"ListItem\",\"position\":1,\"name\":\"Accueil\",\"item\":\"https:\\\/\\\/www.gold.fr\\\/\"},{\"@type\":\"ListItem\",\"position\":2,\"name\":\"Actualit\u00e9s\",\"item\":\"https:\\\/\\\/www.gold.fr\\\/news\\\/\"},{\"@type\":\"ListItem\",\"position\":3,\"name\":\"L\u2019\u00e9volution du p\u00e9trole affecte-t-elle le march\u00e9 de l\u2019or ?\"}]},{\"@type\":\"WebSite\",\"@id\":\"https:\\\/\\\/www.gold.fr\\\/news\\\/#website\",\"url\":\"https:\\\/\\\/www.gold.fr\\\/news\\\/\",\"name\":\"Gold.fr\",\"description\":\"Actualit\u00e9s de l&#039;Or et des m\u00e9taux pr\u00e9cieux\",\"potentialAction\":[{\"@type\":\"SearchAction\",\"target\":{\"@type\":\"EntryPoint\",\"urlTemplate\":\"https:\\\/\\\/www.gold.fr\\\/news\\\/?s={search_term_string}\"},\"query-input\":{\"@type\":\"PropertyValueSpecification\",\"valueRequired\":true,\"valueName\":\"search_term_string\"}}],\"inLanguage\":\"fr-FR\"},{\"@type\":\"Person\",\"@id\":\"https:\\\/\\\/www.gold.fr\\\/news\\\/#\\\/schema\\\/person\\\/070491b4b4fb7671bf59b3be20302ce9\",\"name\":\"Comptoir National de l'Or\",\"image\":{\"@type\":\"ImageObject\",\"inLanguage\":\"fr-FR\",\"@id\":\"https:\\\/\\\/secure.gravatar.com\\\/avatar\\\/0a2867fd5abe37bed95d5a65e9d58f01756e11efc68af9888dfc50cfa7f65948?s=96&d=mm&r=gb490554db0a38188709de567aa58480d\",\"url\":\"https:\\\/\\\/secure.gravatar.com\\\/avatar\\\/0a2867fd5abe37bed95d5a65e9d58f01756e11efc68af9888dfc50cfa7f65948?s=96&d=mm&r=g\",\"contentUrl\":\"https:\\\/\\\/secure.gravatar.com\\\/avatar\\\/0a2867fd5abe37bed95d5a65e9d58f01756e11efc68af9888dfc50cfa7f65948?s=96&d=mm&r=g\",\"caption\":\"Comptoir National de l'Or\"},\"description\":\"Notre r\u00e9daction est constitu\u00e9e de membres experts dans les m\u00e9tiers de l'\u00e9conomie et la gestion, des Responsables d'agence Comptoir National de l'Or, des analystes financiers qui publient r\u00e9guli\u00e8rement des \u00e9tudes sur les politiques des banques centrales, le cours de l'or, prix de l'or, cours de l'argent, prix de l'argent, cours du platine, cours du palladium,... la situation en zone euro et l'impact de la strat\u00e9gie mon\u00e9taire de la FED. Notre \u00e9quipe scrute \u00e9galement une information plus g\u00e9n\u00e9raliste \u00e0 la recherche d'actualit\u00e9 \\\"p\u00e9pite\\\" \u00e0 vous partager. Depuis 5 ans, nous avons publi\u00e9 un peu plus de 4000 articles qui s'adressent \u00e0 un public large et vari\u00e9 ayant pour objectif de satisfaire votre curiosit\u00e9 et de partager avec vous une certaine fascination pour le m\u00e9tal jaune, le rachat d'or, et pour ceux qui veulent investir dans l'or, vendre leur or tout simplement en savoir plus... Pour tous vos achat or et argent, n'h\u00e9sitez pas \u00e0 prendre rendez-vous dans l'un de nos nombreux comptoirs.\",\"sameAs\":[\"https:\\\/\\\/www.gold.fr\"]}]}<\/script>\n<!-- \/ Yoast SEO plugin. -->","yoast_head_json":{"title":"L\u2019\u00e9volution du p\u00e9trole affecte-t-elle le march\u00e9 de l\u2019or ? - Gold.fr","robots":{"index":"index","follow":"follow","max-snippet":"max-snippet:-1","max-image-preview":"max-image-preview:large","max-video-preview":"max-video-preview:-1"},"canonical":"https:\/\/www.gold.fr\/news\/2015\/03\/04\/levolution-du-petrole-affecte-t-elle-le-marche-de-lor\/","og_locale":"fr_FR","og_type":"article","og_title":"L\u2019\u00e9volution du p\u00e9trole affecte-t-elle le march\u00e9 de l\u2019or ? - Gold.fr","og_description":"De mani\u00e8re g\u00e9n\u00e9rale, l&rsquo;\u00e9volution du march\u00e9 p\u00e9trolier a traditionnellement le pouvoir d&rsquo;influer (plus ou moins, et \u00e0 un niveau comme \u00e0 un autre) sur la quasi-totalit\u00e9 des march\u00e9s financiers et d&rsquo;actions. Et c&rsquo;est un fait qui [&hellip;]","og_url":"https:\/\/www.gold.fr\/news\/2015\/03\/04\/levolution-du-petrole-affecte-t-elle-le-marche-de-lor\/","og_site_name":"Gold.fr","article_publisher":"https:\/\/www.facebook.com\/Goldfr\/","article_published_time":"2015-03-04T16:00:39+00:00","article_modified_time":"2018-02-22T13:29:37+00:00","og_image":[{"width":614,"height":669,"url":"https:\/\/www.gold.fr\/news\/wp-content\/uploads\/2014\/03\/image21.jpeg","type":"image\/jpeg"}],"author":"Comptoir National de l'Or","twitter_card":"summary_large_image","twitter_misc":{"\u00c9crit par":"Comptoir National de l'Or","Dur\u00e9e de lecture estim\u00e9e":"2 minutes"},"schema":{"@context":"https:\/\/schema.org","@graph":[{"@type":"Article","@id":"https:\/\/www.gold.fr\/news\/2015\/03\/04\/levolution-du-petrole-affecte-t-elle-le-marche-de-lor\/#article","isPartOf":{"@id":"https:\/\/www.gold.fr\/news\/2015\/03\/04\/levolution-du-petrole-affecte-t-elle-le-marche-de-lor\/"},"author":{"name":"Comptoir National de l'Or","@id":"https:\/\/www.gold.fr\/news\/#\/schema\/person\/070491b4b4fb7671bf59b3be20302ce9"},"headline":"L\u2019\u00e9volution du p\u00e9trole affecte-t-elle le march\u00e9 de l\u2019or ?","datePublished":"2015-03-04T16:00:39+00:00","dateModified":"2018-02-22T13:29:37+00:00","mainEntityOfPage":{"@id":"https:\/\/www.gold.fr\/news\/2015\/03\/04\/levolution-du-petrole-affecte-t-elle-le-marche-de-lor\/"},"wordCount":343,"commentCount":0,"image":{"@id":"https:\/\/www.gold.fr\/news\/2015\/03\/04\/levolution-du-petrole-affecte-t-elle-le-marche-de-lor\/#primaryimage"},"thumbnailUrl":"https:\/\/www.gold.fr\/news\/wp-content\/uploads\/2014\/03\/image21.jpeg","keywords":["chine","march\u00e9 de l'or","march\u00e9 p\u00e9trolier","Once or","prix or"],"articleSection":["Articles de presse"],"inLanguage":"fr-FR"},{"@type":"WebPage","@id":"https:\/\/www.gold.fr\/news\/2015\/03\/04\/levolution-du-petrole-affecte-t-elle-le-marche-de-lor\/","url":"https:\/\/www.gold.fr\/news\/2015\/03\/04\/levolution-du-petrole-affecte-t-elle-le-marche-de-lor\/","name":"L\u2019\u00e9volution du p\u00e9trole affecte-t-elle le march\u00e9 de l\u2019or ? - Gold.fr","isPartOf":{"@id":"https:\/\/www.gold.fr\/news\/#website"},"primaryImageOfPage":{"@id":"https:\/\/www.gold.fr\/news\/2015\/03\/04\/levolution-du-petrole-affecte-t-elle-le-marche-de-lor\/#primaryimage"},"image":{"@id":"https:\/\/www.gold.fr\/news\/2015\/03\/04\/levolution-du-petrole-affecte-t-elle-le-marche-de-lor\/#primaryimage"},"thumbnailUrl":"https:\/\/www.gold.fr\/news\/wp-content\/uploads\/2014\/03\/image21.jpeg","datePublished":"2015-03-04T16:00:39+00:00","dateModified":"2018-02-22T13:29:37+00:00","author":{"@id":"https:\/\/www.gold.fr\/news\/#\/schema\/person\/070491b4b4fb7671bf59b3be20302ce9"},"breadcrumb":{"@id":"https:\/\/www.gold.fr\/news\/2015\/03\/04\/levolution-du-petrole-affecte-t-elle-le-marche-de-lor\/#breadcrumb"},"inLanguage":"fr-FR","potentialAction":[{"@type":"ReadAction","target":["https:\/\/www.gold.fr\/news\/2015\/03\/04\/levolution-du-petrole-affecte-t-elle-le-marche-de-lor\/"]}]},{"@type":"ImageObject","inLanguage":"fr-FR","@id":"https:\/\/www.gold.fr\/news\/2015\/03\/04\/levolution-du-petrole-affecte-t-elle-le-marche-de-lor\/#primaryimage","url":"https:\/\/www.gold.fr\/news\/wp-content\/uploads\/2014\/03\/image21.jpeg","contentUrl":"https:\/\/www.gold.fr\/news\/wp-content\/uploads\/2014\/03\/image21.jpeg","width":"614","height":"669","caption":"L\u2019once en \u00e9quilibre face \u00e0 l\u2019envol\u00e9e des indices boursiers"},{"@type":"BreadcrumbList","@id":"https:\/\/www.gold.fr\/news\/2015\/03\/04\/levolution-du-petrole-affecte-t-elle-le-marche-de-lor\/#breadcrumb","itemListElement":[{"@type":"ListItem","position":1,"name":"Accueil","item":"https:\/\/www.gold.fr\/"},{"@type":"ListItem","position":2,"name":"Actualit\u00e9s","item":"https:\/\/www.gold.fr\/news\/"},{"@type":"ListItem","position":3,"name":"L\u2019\u00e9volution du p\u00e9trole affecte-t-elle le march\u00e9 de l\u2019or ?"}]},{"@type":"WebSite","@id":"https:\/\/www.gold.fr\/news\/#website","url":"https:\/\/www.gold.fr\/news\/","name":"Gold.fr","description":"Actualit\u00e9s de l&#039;Or et des m\u00e9taux pr\u00e9cieux","potentialAction":[{"@type":"SearchAction","target":{"@type":"EntryPoint","urlTemplate":"https:\/\/www.gold.fr\/news\/?s={search_term_string}"},"query-input":{"@type":"PropertyValueSpecification","valueRequired":true,"valueName":"search_term_string"}}],"inLanguage":"fr-FR"},{"@type":"Person","@id":"https:\/\/www.gold.fr\/news\/#\/schema\/person\/070491b4b4fb7671bf59b3be20302ce9","name":"Comptoir National de l'Or","image":{"@type":"ImageObject","inLanguage":"fr-FR","@id":"https:\/\/secure.gravatar.com\/avatar\/0a2867fd5abe37bed95d5a65e9d58f01756e11efc68af9888dfc50cfa7f65948?s=96&d=mm&r=gb490554db0a38188709de567aa58480d","url":"https:\/\/secure.gravatar.com\/avatar\/0a2867fd5abe37bed95d5a65e9d58f01756e11efc68af9888dfc50cfa7f65948?s=96&d=mm&r=g","contentUrl":"https:\/\/secure.gravatar.com\/avatar\/0a2867fd5abe37bed95d5a65e9d58f01756e11efc68af9888dfc50cfa7f65948?s=96&d=mm&r=g","caption":"Comptoir National de l'Or"},"description":"Notre r\u00e9daction est constitu\u00e9e de membres experts dans les m\u00e9tiers de l'\u00e9conomie et la gestion, des Responsables d'agence Comptoir National de l'Or, des analystes financiers qui publient r\u00e9guli\u00e8rement des \u00e9tudes sur les politiques des banques centrales, le cours de l'or, prix de l'or, cours de l'argent, prix de l'argent, cours du platine, cours du palladium,... la situation en zone euro et l'impact de la strat\u00e9gie mon\u00e9taire de la FED. Notre \u00e9quipe scrute \u00e9galement une information plus g\u00e9n\u00e9raliste \u00e0 la recherche d'actualit\u00e9 \"p\u00e9pite\" \u00e0 vous partager. Depuis 5 ans, nous avons publi\u00e9 un peu plus de 4000 articles qui s'adressent \u00e0 un public large et vari\u00e9 ayant pour objectif de satisfaire votre curiosit\u00e9 et de partager avec vous une certaine fascination pour le m\u00e9tal jaune, le rachat d'or, et pour ceux qui veulent investir dans l'or, vendre leur or tout simplement en savoir plus... Pour tous vos achat or et argent, n'h\u00e9sitez pas \u00e0 prendre rendez-vous dans l'un de nos nombreux comptoirs.","sameAs":["https:\/\/www.gold.fr"]}]}},"authors":[{"term_id":2565,"user_id":18,"is_guest":0,"slug":"julie","display_name":"Comptoir National de l'Or","avatar_url":"https:\/\/secure.gravatar.com\/avatar\/713f289e398d35ead876c4a4cc08607f0d6d266058cfc25683fffb6092d0e572?s=96&d=mm&r=g","0":null,"1":"","2":"","3":"","4":"","5":"","6":"","7":"","8":""}],"_links":{"self":[{"href":"https:\/\/www.gold.fr\/news\/wp-json\/wp\/v2\/posts\/16764","targetHints":{"allow":["GET"]}}],"collection":[{"href":"https:\/\/www.gold.fr\/news\/wp-json\/wp\/v2\/posts"}],"about":[{"href":"https:\/\/www.gold.fr\/news\/wp-json\/wp\/v2\/types\/post"}],"author":[{"embeddable":true,"href":"https:\/\/www.gold.fr\/news\/wp-json\/wp\/v2\/users\/18"}],"replies":[{"embeddable":true,"href":"https:\/\/www.gold.fr\/news\/wp-json\/wp\/v2\/comments?post=16764"}],"version-history":[{"count":0,"href":"https:\/\/www.gold.fr\/news\/wp-json\/wp\/v2\/posts\/16764\/revisions"}],"wp:featuredmedia":[{"embeddable":true,"href":"https:\/\/www.gold.fr\/news\/wp-json\/wp\/v2\/media\/14237"}],"wp:attachment":[{"href":"https:\/\/www.gold.fr\/news\/wp-json\/wp\/v2\/media?parent=16764"}],"wp:term":[{"taxonomy":"category","embeddable":true,"href":"https:\/\/www.gold.fr\/news\/wp-json\/wp\/v2\/categories?post=16764"},{"taxonomy":"post_tag","embeddable":true,"href":"https:\/\/www.gold.fr\/news\/wp-json\/wp\/v2\/tags?post=16764"},{"taxonomy":"author","embeddable":true,"href":"https:\/\/www.gold.fr\/news\/wp-json\/wp\/v2\/ppma_author?post=16764"}],"curies":[{"name":"wp","href":"https:\/\/api.w.org\/{rel}","templated":true}]}}