{"id":16693,"date":"2015-02-18T17:00:43","date_gmt":"2015-02-18T16:00:43","guid":{"rendered":"https:\/\/www.gold.fr\/news\/?p=16693"},"modified":"2018-02-22T14:30:18","modified_gmt":"2018-02-22T13:30:18","slug":"la-crise-grecque-eclipse-les-conflits-internationaux","status":"publish","type":"post","link":"https:\/\/www.gold.fr\/news\/2015\/02\/18\/la-crise-grecque-eclipse-les-conflits-internationaux\/","title":{"rendered":"La crise grecque \u00e9clipse les conflits internationaux"},"content":{"rendered":"<p><img loading=\"lazy\" decoding=\"async\" class=\"alignleft size-thumbnail wp-image-5788\" title=\"La crise grecque \u00e9clipse les conflits internationaux\" src=\"https:\/\/www.gold.fr\/news\/wp-content\/uploads\/2012\/02\/Lingot-piece-or-150x150.jpg\" alt=\"\" width=\"150\" height=\"150\" \/><span style=\"font-size: small;\">Ce ne sont pourtant pas les conflits internationaux qui manquent \u00e0 l\u2019appel, en ce moment. En Ukraine, \u00e0 titre d\u2019exemple, et en d\u00e9pit du r\u00e9cent cessez-le-feu, des batailles dispers\u00e9es demeurent actives \u00e0 l&rsquo;Est de l&rsquo;Ukraine, avec des s\u00e9paratistes pro-russes qui maintiennent fermement leur progression. Autre sujet de crise internationale ; l\u2019impact de la menace de l\u2019Etat Islamique sur le march\u00e9 p\u00e9trolier du Moyen-Orient. <strong>Fatih Birol<\/strong>, nouveau directeur g\u00e9n\u00e9ral de l&rsquo;Agence internationale de l&rsquo;Energie en attente d\u2019assumer officiellement ses fonctions, a mis en garde cette semaine contre \u00ab <em>la mont\u00e9e en puissance<\/em> \u00bb d\u2019<strong>ISIS<\/strong> et le risque \u00e9conomique et g\u00e9opolitique consid\u00e9rable que cela repr\u00e9sente pour l\u2019ensemble du march\u00e9 p\u00e9trolier de la r\u00e9gion, arguant que \u00ab<em> non seulement l&rsquo;organisation fondamentaliste occupe une partie de l&rsquo;Irak, mais elle menace maintenant de faire de m\u00eame en Libye<\/em> \u00bb.<\/span>    <span style=\"font-size: small;\">Bref ; des conflits et crises en profusion. De quoi peser lourdement sur l\u2019\u00e9volution des march\u00e9s financiers internationaux. Pourtant, c\u2019est surtout la nouvelle impasse du dossier grec qui monopolise l\u2019attention et semble influencer le plus l\u2019orientation des principales places boursi\u00e8res mondiales. Les march\u00e9s europ\u00e9ens sont particuli\u00e8rement touch\u00e9s et enregistrent une s\u00e9rie noire de performance dans un rouge plus ou moins prononc\u00e9, m\u00eame si le march\u00e9 grec demeure \u2013assez logiquement- le plus atteint et celui qui peine le plus \u00e0 sauver les meubles.<\/span>    <span style=\"font-size: small;\">Rappelons en effet que la r\u00e9union des ministres des Finances de la zone euro, relative \u00e0 la dette grecque, a connu une issue n\u00e9gative, avec des ministres qui semblent \u00ab<em> pour le moment faire bloc pour d\u00e9fendre une position de fermet\u00e9 face \u00e0 Ath\u00e8nes<\/em>\u00ab\u00a0, selon l\u2019analyse de <strong>Stan Shamu<\/strong>, strat\u00e9giste de march\u00e9s chez <strong>IG<\/strong>. <\/span><\/p>\n<!-- AddThis Advanced Settings generic via filter on the_content --><!-- AddThis Share Buttons generic via filter on the_content -->","protected":false},"excerpt":{"rendered":"<p>Ce ne sont pourtant pas les conflits internationaux qui manquent \u00e0 l\u2019appel, en ce moment. En Ukraine, \u00e0 titre d\u2019exemple, et en d\u00e9pit du r\u00e9cent cessez-le-feu, des batailles dispers\u00e9es demeurent actives \u00e0 l&rsquo;Est de l&rsquo;Ukraine, avec [&hellip;]<\/p>\n","protected":false},"author":18,"featured_media":5788,"comment_status":"open","ping_status":"open","sticky":false,"template":"","format":"standard","meta":{"_mbp_gutenberg_autopost":false,"_pgmb_is_evergreen":false,"_pgmb_ap_template_id":0,"footnotes":""},"categories":[6],"tags":[594,2018,2009],"ppma_author":[2565],"class_list":["post-16693","post","type-post","status-publish","format-standard","has-post-thumbnail","hentry","category-articles-de-presse","tag-crise-grecque","tag-isis","tag-marche-petrolier"],"yoast_head":"<!-- This site is optimized with the Yoast SEO plugin v27.5 - https:\/\/yoast.com\/product\/yoast-seo-wordpress\/ -->\n<title>La crise grecque \u00e9clipse les conflits internationaux - Gold.fr<\/title>\n<meta name=\"robots\" content=\"index, follow, max-snippet:-1, max-image-preview:large, max-video-preview:-1\" \/>\n<link rel=\"canonical\" href=\"https:\/\/www.gold.fr\/news\/2015\/02\/18\/la-crise-grecque-eclipse-les-conflits-internationaux\/\" \/>\n<meta property=\"og:locale\" content=\"fr_FR\" \/>\n<meta property=\"og:type\" content=\"article\" \/>\n<meta property=\"og:title\" content=\"La crise grecque \u00e9clipse les conflits internationaux - Gold.fr\" \/>\n<meta property=\"og:description\" content=\"Ce ne sont pourtant pas les conflits internationaux qui manquent \u00e0 l\u2019appel, en ce moment. En Ukraine, \u00e0 titre d\u2019exemple, et en d\u00e9pit du r\u00e9cent cessez-le-feu, des batailles dispers\u00e9es demeurent actives \u00e0 l&rsquo;Est de l&rsquo;Ukraine, avec [&hellip;]\" \/>\n<meta property=\"og:url\" content=\"https:\/\/www.gold.fr\/news\/2015\/02\/18\/la-crise-grecque-eclipse-les-conflits-internationaux\/\" \/>\n<meta property=\"og:site_name\" content=\"Gold.fr\" \/>\n<meta property=\"article:publisher\" content=\"https:\/\/www.facebook.com\/Goldfr\/\" \/>\n<meta property=\"article:published_time\" content=\"2015-02-18T16:00:43+00:00\" \/>\n<meta property=\"article:modified_time\" content=\"2018-02-22T13:30:18+00:00\" \/>\n<meta property=\"og:image\" content=\"https:\/\/www.gold.fr\/news\/wp-content\/uploads\/2012\/02\/Lingot-piece-or.jpg\" \/>\n\t<meta property=\"og:image:width\" content=\"600\" \/>\n\t<meta property=\"og:image:height\" content=\"469\" \/>\n\t<meta property=\"og:image:type\" content=\"image\/jpeg\" \/>\n<meta name=\"author\" content=\"Comptoir National de l&#039;Or\" \/>\n<meta name=\"twitter:card\" content=\"summary_large_image\" \/>\n<meta name=\"twitter:label1\" content=\"\u00c9crit par\" \/>\n\t<meta name=\"twitter:data1\" content=\"Comptoir National de l&#039;Or\" \/>\n\t<meta name=\"twitter:label2\" content=\"Dur\u00e9e de lecture estim\u00e9e\" \/>\n\t<meta name=\"twitter:data2\" content=\"1 minute\" \/>\n<script type=\"application\/ld+json\" class=\"yoast-schema-graph\">{\"@context\":\"https:\\\/\\\/schema.org\",\"@graph\":[{\"@type\":\"Article\",\"@id\":\"https:\\\/\\\/www.gold.fr\\\/news\\\/2015\\\/02\\\/18\\\/la-crise-grecque-eclipse-les-conflits-internationaux\\\/#article\",\"isPartOf\":{\"@id\":\"https:\\\/\\\/www.gold.fr\\\/news\\\/2015\\\/02\\\/18\\\/la-crise-grecque-eclipse-les-conflits-internationaux\\\/\"},\"author\":{\"name\":\"Comptoir National de l'Or\",\"@id\":\"https:\\\/\\\/www.gold.fr\\\/news\\\/#\\\/schema\\\/person\\\/070491b4b4fb7671bf59b3be20302ce9\"},\"headline\":\"La crise grecque \u00e9clipse les conflits internationaux\",\"datePublished\":\"2015-02-18T16:00:43+00:00\",\"dateModified\":\"2018-02-22T13:30:18+00:00\",\"mainEntityOfPage\":{\"@id\":\"https:\\\/\\\/www.gold.fr\\\/news\\\/2015\\\/02\\\/18\\\/la-crise-grecque-eclipse-les-conflits-internationaux\\\/\"},\"wordCount\":310,\"commentCount\":0,\"image\":{\"@id\":\"https:\\\/\\\/www.gold.fr\\\/news\\\/2015\\\/02\\\/18\\\/la-crise-grecque-eclipse-les-conflits-internationaux\\\/#primaryimage\"},\"thumbnailUrl\":\"https:\\\/\\\/www.gold.fr\\\/news\\\/wp-content\\\/uploads\\\/2012\\\/02\\\/Lingot-piece-or.jpg\",\"keywords\":[\"crise gr\u00e8cque\",\"ISIS\",\"march\u00e9 p\u00e9trolier\"],\"articleSection\":[\"Articles de presse\"],\"inLanguage\":\"fr-FR\"},{\"@type\":\"WebPage\",\"@id\":\"https:\\\/\\\/www.gold.fr\\\/news\\\/2015\\\/02\\\/18\\\/la-crise-grecque-eclipse-les-conflits-internationaux\\\/\",\"url\":\"https:\\\/\\\/www.gold.fr\\\/news\\\/2015\\\/02\\\/18\\\/la-crise-grecque-eclipse-les-conflits-internationaux\\\/\",\"name\":\"La crise grecque \u00e9clipse les conflits internationaux - Gold.fr\",\"isPartOf\":{\"@id\":\"https:\\\/\\\/www.gold.fr\\\/news\\\/#website\"},\"primaryImageOfPage\":{\"@id\":\"https:\\\/\\\/www.gold.fr\\\/news\\\/2015\\\/02\\\/18\\\/la-crise-grecque-eclipse-les-conflits-internationaux\\\/#primaryimage\"},\"image\":{\"@id\":\"https:\\\/\\\/www.gold.fr\\\/news\\\/2015\\\/02\\\/18\\\/la-crise-grecque-eclipse-les-conflits-internationaux\\\/#primaryimage\"},\"thumbnailUrl\":\"https:\\\/\\\/www.gold.fr\\\/news\\\/wp-content\\\/uploads\\\/2012\\\/02\\\/Lingot-piece-or.jpg\",\"datePublished\":\"2015-02-18T16:00:43+00:00\",\"dateModified\":\"2018-02-22T13:30:18+00:00\",\"author\":{\"@id\":\"https:\\\/\\\/www.gold.fr\\\/news\\\/#\\\/schema\\\/person\\\/070491b4b4fb7671bf59b3be20302ce9\"},\"breadcrumb\":{\"@id\":\"https:\\\/\\\/www.gold.fr\\\/news\\\/2015\\\/02\\\/18\\\/la-crise-grecque-eclipse-les-conflits-internationaux\\\/#breadcrumb\"},\"inLanguage\":\"fr-FR\",\"potentialAction\":[{\"@type\":\"ReadAction\",\"target\":[\"https:\\\/\\\/www.gold.fr\\\/news\\\/2015\\\/02\\\/18\\\/la-crise-grecque-eclipse-les-conflits-internationaux\\\/\"]}]},{\"@type\":\"ImageObject\",\"inLanguage\":\"fr-FR\",\"@id\":\"https:\\\/\\\/www.gold.fr\\\/news\\\/2015\\\/02\\\/18\\\/la-crise-grecque-eclipse-les-conflits-internationaux\\\/#primaryimage\",\"url\":\"https:\\\/\\\/www.gold.fr\\\/news\\\/wp-content\\\/uploads\\\/2012\\\/02\\\/Lingot-piece-or.jpg\",\"contentUrl\":\"https:\\\/\\\/www.gold.fr\\\/news\\\/wp-content\\\/uploads\\\/2012\\\/02\\\/Lingot-piece-or.jpg\",\"width\":\"600\",\"height\":\"469\",\"caption\":\"L\u2019once progresse suite aux frappes am\u00e9ricaines en Syrie\"},{\"@type\":\"BreadcrumbList\",\"@id\":\"https:\\\/\\\/www.gold.fr\\\/news\\\/2015\\\/02\\\/18\\\/la-crise-grecque-eclipse-les-conflits-internationaux\\\/#breadcrumb\",\"itemListElement\":[{\"@type\":\"ListItem\",\"position\":1,\"name\":\"Accueil\",\"item\":\"https:\\\/\\\/www.gold.fr\\\/\"},{\"@type\":\"ListItem\",\"position\":2,\"name\":\"Actualit\u00e9s\",\"item\":\"https:\\\/\\\/www.gold.fr\\\/news\\\/\"},{\"@type\":\"ListItem\",\"position\":3,\"name\":\"La crise grecque \u00e9clipse les conflits internationaux\"}]},{\"@type\":\"WebSite\",\"@id\":\"https:\\\/\\\/www.gold.fr\\\/news\\\/#website\",\"url\":\"https:\\\/\\\/www.gold.fr\\\/news\\\/\",\"name\":\"Gold.fr\",\"description\":\"Actualit\u00e9s de l&#039;Or et des m\u00e9taux pr\u00e9cieux\",\"potentialAction\":[{\"@type\":\"SearchAction\",\"target\":{\"@type\":\"EntryPoint\",\"urlTemplate\":\"https:\\\/\\\/www.gold.fr\\\/news\\\/?s={search_term_string}\"},\"query-input\":{\"@type\":\"PropertyValueSpecification\",\"valueRequired\":true,\"valueName\":\"search_term_string\"}}],\"inLanguage\":\"fr-FR\"},{\"@type\":\"Person\",\"@id\":\"https:\\\/\\\/www.gold.fr\\\/news\\\/#\\\/schema\\\/person\\\/070491b4b4fb7671bf59b3be20302ce9\",\"name\":\"Comptoir National de l'Or\",\"image\":{\"@type\":\"ImageObject\",\"inLanguage\":\"fr-FR\",\"@id\":\"https:\\\/\\\/secure.gravatar.com\\\/avatar\\\/0a2867fd5abe37bed95d5a65e9d58f01756e11efc68af9888dfc50cfa7f65948?s=96&d=mm&r=gb490554db0a38188709de567aa58480d\",\"url\":\"https:\\\/\\\/secure.gravatar.com\\\/avatar\\\/0a2867fd5abe37bed95d5a65e9d58f01756e11efc68af9888dfc50cfa7f65948?s=96&d=mm&r=g\",\"contentUrl\":\"https:\\\/\\\/secure.gravatar.com\\\/avatar\\\/0a2867fd5abe37bed95d5a65e9d58f01756e11efc68af9888dfc50cfa7f65948?s=96&d=mm&r=g\",\"caption\":\"Comptoir National de l'Or\"},\"description\":\"Notre r\u00e9daction est constitu\u00e9e de membres experts dans les m\u00e9tiers de l'\u00e9conomie et la gestion, des Responsables d'agence Comptoir National de l'Or, des analystes financiers qui publient r\u00e9guli\u00e8rement des \u00e9tudes sur les politiques des banques centrales, le cours de l'or, prix de l'or, cours de l'argent, prix de l'argent, cours du platine, cours du palladium,... la situation en zone euro et l'impact de la strat\u00e9gie mon\u00e9taire de la FED. Notre \u00e9quipe scrute \u00e9galement une information plus g\u00e9n\u00e9raliste \u00e0 la recherche d'actualit\u00e9 \\\"p\u00e9pite\\\" \u00e0 vous partager. Depuis 5 ans, nous avons publi\u00e9 un peu plus de 4000 articles qui s'adressent \u00e0 un public large et vari\u00e9 ayant pour objectif de satisfaire votre curiosit\u00e9 et de partager avec vous une certaine fascination pour le m\u00e9tal jaune, le rachat d'or, et pour ceux qui veulent investir dans l'or, vendre leur or tout simplement en savoir plus... Pour tous vos achat or et argent, n'h\u00e9sitez pas \u00e0 prendre rendez-vous dans l'un de nos nombreux comptoirs.\",\"sameAs\":[\"https:\\\/\\\/www.gold.fr\"]}]}<\/script>\n<!-- \/ Yoast SEO plugin. -->","yoast_head_json":{"title":"La crise grecque \u00e9clipse les conflits internationaux - Gold.fr","robots":{"index":"index","follow":"follow","max-snippet":"max-snippet:-1","max-image-preview":"max-image-preview:large","max-video-preview":"max-video-preview:-1"},"canonical":"https:\/\/www.gold.fr\/news\/2015\/02\/18\/la-crise-grecque-eclipse-les-conflits-internationaux\/","og_locale":"fr_FR","og_type":"article","og_title":"La crise grecque \u00e9clipse les conflits internationaux - Gold.fr","og_description":"Ce ne sont pourtant pas les conflits internationaux qui manquent \u00e0 l\u2019appel, en ce moment. En Ukraine, \u00e0 titre d\u2019exemple, et en d\u00e9pit du r\u00e9cent cessez-le-feu, des batailles dispers\u00e9es demeurent actives \u00e0 l&rsquo;Est de l&rsquo;Ukraine, avec [&hellip;]","og_url":"https:\/\/www.gold.fr\/news\/2015\/02\/18\/la-crise-grecque-eclipse-les-conflits-internationaux\/","og_site_name":"Gold.fr","article_publisher":"https:\/\/www.facebook.com\/Goldfr\/","article_published_time":"2015-02-18T16:00:43+00:00","article_modified_time":"2018-02-22T13:30:18+00:00","og_image":[{"width":600,"height":469,"url":"https:\/\/www.gold.fr\/news\/wp-content\/uploads\/2012\/02\/Lingot-piece-or.jpg","type":"image\/jpeg"}],"author":"Comptoir National de l'Or","twitter_card":"summary_large_image","twitter_misc":{"\u00c9crit par":"Comptoir National de l'Or","Dur\u00e9e de lecture estim\u00e9e":"1 minute"},"schema":{"@context":"https:\/\/schema.org","@graph":[{"@type":"Article","@id":"https:\/\/www.gold.fr\/news\/2015\/02\/18\/la-crise-grecque-eclipse-les-conflits-internationaux\/#article","isPartOf":{"@id":"https:\/\/www.gold.fr\/news\/2015\/02\/18\/la-crise-grecque-eclipse-les-conflits-internationaux\/"},"author":{"name":"Comptoir National de l'Or","@id":"https:\/\/www.gold.fr\/news\/#\/schema\/person\/070491b4b4fb7671bf59b3be20302ce9"},"headline":"La crise grecque \u00e9clipse les conflits internationaux","datePublished":"2015-02-18T16:00:43+00:00","dateModified":"2018-02-22T13:30:18+00:00","mainEntityOfPage":{"@id":"https:\/\/www.gold.fr\/news\/2015\/02\/18\/la-crise-grecque-eclipse-les-conflits-internationaux\/"},"wordCount":310,"commentCount":0,"image":{"@id":"https:\/\/www.gold.fr\/news\/2015\/02\/18\/la-crise-grecque-eclipse-les-conflits-internationaux\/#primaryimage"},"thumbnailUrl":"https:\/\/www.gold.fr\/news\/wp-content\/uploads\/2012\/02\/Lingot-piece-or.jpg","keywords":["crise gr\u00e8cque","ISIS","march\u00e9 p\u00e9trolier"],"articleSection":["Articles de presse"],"inLanguage":"fr-FR"},{"@type":"WebPage","@id":"https:\/\/www.gold.fr\/news\/2015\/02\/18\/la-crise-grecque-eclipse-les-conflits-internationaux\/","url":"https:\/\/www.gold.fr\/news\/2015\/02\/18\/la-crise-grecque-eclipse-les-conflits-internationaux\/","name":"La crise grecque \u00e9clipse les conflits internationaux - Gold.fr","isPartOf":{"@id":"https:\/\/www.gold.fr\/news\/#website"},"primaryImageOfPage":{"@id":"https:\/\/www.gold.fr\/news\/2015\/02\/18\/la-crise-grecque-eclipse-les-conflits-internationaux\/#primaryimage"},"image":{"@id":"https:\/\/www.gold.fr\/news\/2015\/02\/18\/la-crise-grecque-eclipse-les-conflits-internationaux\/#primaryimage"},"thumbnailUrl":"https:\/\/www.gold.fr\/news\/wp-content\/uploads\/2012\/02\/Lingot-piece-or.jpg","datePublished":"2015-02-18T16:00:43+00:00","dateModified":"2018-02-22T13:30:18+00:00","author":{"@id":"https:\/\/www.gold.fr\/news\/#\/schema\/person\/070491b4b4fb7671bf59b3be20302ce9"},"breadcrumb":{"@id":"https:\/\/www.gold.fr\/news\/2015\/02\/18\/la-crise-grecque-eclipse-les-conflits-internationaux\/#breadcrumb"},"inLanguage":"fr-FR","potentialAction":[{"@type":"ReadAction","target":["https:\/\/www.gold.fr\/news\/2015\/02\/18\/la-crise-grecque-eclipse-les-conflits-internationaux\/"]}]},{"@type":"ImageObject","inLanguage":"fr-FR","@id":"https:\/\/www.gold.fr\/news\/2015\/02\/18\/la-crise-grecque-eclipse-les-conflits-internationaux\/#primaryimage","url":"https:\/\/www.gold.fr\/news\/wp-content\/uploads\/2012\/02\/Lingot-piece-or.jpg","contentUrl":"https:\/\/www.gold.fr\/news\/wp-content\/uploads\/2012\/02\/Lingot-piece-or.jpg","width":"600","height":"469","caption":"L\u2019once progresse suite aux frappes am\u00e9ricaines en Syrie"},{"@type":"BreadcrumbList","@id":"https:\/\/www.gold.fr\/news\/2015\/02\/18\/la-crise-grecque-eclipse-les-conflits-internationaux\/#breadcrumb","itemListElement":[{"@type":"ListItem","position":1,"name":"Accueil","item":"https:\/\/www.gold.fr\/"},{"@type":"ListItem","position":2,"name":"Actualit\u00e9s","item":"https:\/\/www.gold.fr\/news\/"},{"@type":"ListItem","position":3,"name":"La crise grecque \u00e9clipse les conflits internationaux"}]},{"@type":"WebSite","@id":"https:\/\/www.gold.fr\/news\/#website","url":"https:\/\/www.gold.fr\/news\/","name":"Gold.fr","description":"Actualit\u00e9s de l&#039;Or et des m\u00e9taux pr\u00e9cieux","potentialAction":[{"@type":"SearchAction","target":{"@type":"EntryPoint","urlTemplate":"https:\/\/www.gold.fr\/news\/?s={search_term_string}"},"query-input":{"@type":"PropertyValueSpecification","valueRequired":true,"valueName":"search_term_string"}}],"inLanguage":"fr-FR"},{"@type":"Person","@id":"https:\/\/www.gold.fr\/news\/#\/schema\/person\/070491b4b4fb7671bf59b3be20302ce9","name":"Comptoir National de l'Or","image":{"@type":"ImageObject","inLanguage":"fr-FR","@id":"https:\/\/secure.gravatar.com\/avatar\/0a2867fd5abe37bed95d5a65e9d58f01756e11efc68af9888dfc50cfa7f65948?s=96&d=mm&r=gb490554db0a38188709de567aa58480d","url":"https:\/\/secure.gravatar.com\/avatar\/0a2867fd5abe37bed95d5a65e9d58f01756e11efc68af9888dfc50cfa7f65948?s=96&d=mm&r=g","contentUrl":"https:\/\/secure.gravatar.com\/avatar\/0a2867fd5abe37bed95d5a65e9d58f01756e11efc68af9888dfc50cfa7f65948?s=96&d=mm&r=g","caption":"Comptoir National de l'Or"},"description":"Notre r\u00e9daction est constitu\u00e9e de membres experts dans les m\u00e9tiers de l'\u00e9conomie et la gestion, des Responsables d'agence Comptoir National de l'Or, des analystes financiers qui publient r\u00e9guli\u00e8rement des \u00e9tudes sur les politiques des banques centrales, le cours de l'or, prix de l'or, cours de l'argent, prix de l'argent, cours du platine, cours du palladium,... la situation en zone euro et l'impact de la strat\u00e9gie mon\u00e9taire de la FED. Notre \u00e9quipe scrute \u00e9galement une information plus g\u00e9n\u00e9raliste \u00e0 la recherche d'actualit\u00e9 \"p\u00e9pite\" \u00e0 vous partager. Depuis 5 ans, nous avons publi\u00e9 un peu plus de 4000 articles qui s'adressent \u00e0 un public large et vari\u00e9 ayant pour objectif de satisfaire votre curiosit\u00e9 et de partager avec vous une certaine fascination pour le m\u00e9tal jaune, le rachat d'or, et pour ceux qui veulent investir dans l'or, vendre leur or tout simplement en savoir plus... Pour tous vos achat or et argent, n'h\u00e9sitez pas \u00e0 prendre rendez-vous dans l'un de nos nombreux comptoirs.","sameAs":["https:\/\/www.gold.fr"]}]}},"authors":[{"term_id":2565,"user_id":18,"is_guest":0,"slug":"julie","display_name":"Comptoir National de l'Or","avatar_url":"https:\/\/secure.gravatar.com\/avatar\/713f289e398d35ead876c4a4cc08607f0d6d266058cfc25683fffb6092d0e572?s=96&d=mm&r=g","0":null,"1":"","2":"","3":"","4":"","5":"","6":"","7":"","8":""}],"_links":{"self":[{"href":"https:\/\/www.gold.fr\/news\/wp-json\/wp\/v2\/posts\/16693","targetHints":{"allow":["GET"]}}],"collection":[{"href":"https:\/\/www.gold.fr\/news\/wp-json\/wp\/v2\/posts"}],"about":[{"href":"https:\/\/www.gold.fr\/news\/wp-json\/wp\/v2\/types\/post"}],"author":[{"embeddable":true,"href":"https:\/\/www.gold.fr\/news\/wp-json\/wp\/v2\/users\/18"}],"replies":[{"embeddable":true,"href":"https:\/\/www.gold.fr\/news\/wp-json\/wp\/v2\/comments?post=16693"}],"version-history":[{"count":0,"href":"https:\/\/www.gold.fr\/news\/wp-json\/wp\/v2\/posts\/16693\/revisions"}],"wp:featuredmedia":[{"embeddable":true,"href":"https:\/\/www.gold.fr\/news\/wp-json\/wp\/v2\/media\/5788"}],"wp:attachment":[{"href":"https:\/\/www.gold.fr\/news\/wp-json\/wp\/v2\/media?parent=16693"}],"wp:term":[{"taxonomy":"category","embeddable":true,"href":"https:\/\/www.gold.fr\/news\/wp-json\/wp\/v2\/categories?post=16693"},{"taxonomy":"post_tag","embeddable":true,"href":"https:\/\/www.gold.fr\/news\/wp-json\/wp\/v2\/tags?post=16693"},{"taxonomy":"author","embeddable":true,"href":"https:\/\/www.gold.fr\/news\/wp-json\/wp\/v2\/ppma_author?post=16693"}],"curies":[{"name":"wp","href":"https:\/\/api.w.org\/{rel}","templated":true}]}}