{"id":16686,"date":"2015-02-17T13:00:45","date_gmt":"2015-02-17T12:00:45","guid":{"rendered":"https:\/\/www.gold.fr\/news\/?p=16686"},"modified":"2018-02-22T14:30:23","modified_gmt":"2018-02-22T13:30:23","slug":"des-marches-mitiges-athenes-en-vue","status":"publish","type":"post","link":"https:\/\/www.gold.fr\/news\/2015\/02\/17\/des-marches-mitiges-athenes-en-vue\/","title":{"rendered":"Des march\u00e9s mitig\u00e9s, Ath\u00e8nes en vue"},"content":{"rendered":"<p><img loading=\"lazy\" decoding=\"async\" class=\"alignleft size-thumbnail wp-image-2682\" title=\"Des march\u00e9s mitig\u00e9s, Ath\u00e8nes en vue\" src=\"https:\/\/www.gold.fr\/news\/wp-content\/uploads\/2011\/10\/Graphique-pieces-150x150.jpg\" alt=\"\" width=\"150\" height=\"150\" \/><span style=\"font-size: small;\">Le bilan de ce d\u00e9but de semaine est tr\u00e8s partag\u00e9, marqu\u00e9 notamment par l&rsquo;h\u00e9sitation manifeste des principales places boursi\u00e8res \u00e0 afficher une <a href='https:\/\/www.gold.fr\/news\/tags\/investissement' class='esk-seo-plu-link'>tendance<\/a> \u2013g\u00e9n\u00e9rale ou individuelle- bien pr\u00e9cise. Dans l&rsquo;attente d&rsquo;un avancement solide et officiel du dossier grec (voire, id\u00e9alement, sa r\u00e9solution d\u00e9finitive), les march\u00e9s d&rsquo;<a href='https:\/\/www.gold.fr\/news\/tags\/investissement' class='esk-seo-plu-link'>investissement<\/a>, d&rsquo;un c\u00f4t\u00e9 comme de l&rsquo;autre de l&rsquo;Atlantique, semblent d\u00e9termin\u00e9s \u00e0 jouer la carte de la m\u00e9fiance.<\/span>    <span style=\"font-size: small;\">Tour d&rsquo;horizon des <a href='https:\/\/www.gold.fr\/news\/tags\/investissement' class='esk-seo-plu-link'>tendances<\/a> des principaux march\u00e9s boursiers ; <strong>Amsterdam<\/strong> perd <strong>0,5%<\/strong>, <strong>Madrid<\/strong> et <strong>Bruxelles<\/strong> abandonnent <strong>0,4%<\/strong>, <strong>Londres<\/strong> et <strong>Francfort<\/strong> c\u00e8dent <strong>0,3%<\/strong>, <strong>Milan<\/strong> et <strong>Paris<\/strong> perdent <strong>0,2%<\/strong>, et seule <strong>Lisbonne<\/strong> gagne <strong>0,4%<\/strong>, ainsi que <strong>Zurich<\/strong> qui accumule <strong>0,7%<\/strong>. Sur la rive am\u00e9ricaine, le <strong>Dow Jones<\/strong> gagne 0,3% et le <strong>Nasdaq<\/strong>, plus de<strong> 0,7%<\/strong>. Du coup, les observateurs en concluent naturellement que si <strong>Wall Street<\/strong> maintient fermement ses \u00ab <em>portes closes<\/em> \u00bb, les indices <a href='https:\/\/www.gold.fr\/news\/tags\/investissement' class='esk-seo-plu-link'>actions<\/a> en Europe, eux, \u00ab <em>s&rsquo;inscrivent majoritairement en correction, la prudence r\u00e9gnant dans l&rsquo;attente de nouvelles au sujet des n\u00e9gociations en cours sur la dette de la Gr\u00e8ce<\/em> \u00bb. <\/span>    <span style=\"font-size: small;\">En tout cas, les investisseurs penchent clairement, en ce d\u00e9but de semaine, vers la strat\u00e9gie prudente de la prise de b\u00e9n\u00e9fices, en attendant de conna\u00eetre l&rsquo;issue des derniers pourparlers entre le gouvernement grec et ses partenaires financiers euro, concernant sa dette nationale.<\/span>    <span style=\"font-size: small;\">Chez <strong>Saxo Banque<\/strong>, les analystes soulignent que \u00ab <em>si aucun accord n&rsquo;est trouv\u00e9, le pays risque de se retrouver \u00e0 cours d&rsquo;<a href='https:\/\/www.gold.fr\/news\/tags\/argent' class='esk-seo-plu-link'>argent<\/a>, sans possibilit\u00e9 d&#8217;emprunt, avec un risque d&rsquo;une sortie de l&rsquo;euro qui viendrait d\u00e9stabiliser la zone euro et sa monnaie<\/em> \u00bb. <\/span><\/p>\n<!-- AddThis Advanced Settings generic via filter on the_content --><!-- AddThis Share Buttons generic via filter on the_content -->","protected":false},"excerpt":{"rendered":"<p>Le bilan de ce d\u00e9but de semaine est tr\u00e8s partag\u00e9, marqu\u00e9 notamment par l&rsquo;h\u00e9sitation manifeste des principales places boursi\u00e8res \u00e0 afficher une tendance \u2013g\u00e9n\u00e9rale ou individuelle- bien pr\u00e9cise. Dans l&rsquo;attente d&rsquo;un avancement solide et officiel du [&hellip;]<\/p>\n","protected":false},"author":18,"featured_media":2682,"comment_status":"open","ping_status":"open","sticky":false,"template":"","format":"standard","meta":{"_mbp_gutenberg_autopost":false,"_pgmb_is_evergreen":false,"_pgmb_ap_template_id":0,"footnotes":""},"categories":[6],"tags":[1188,1649,534],"ppma_author":[2565],"class_list":["post-16686","post","type-post","status-publish","format-standard","has-post-thumbnail","hentry","category-articles-de-presse","tag-bourse","tag-marches","tag-wall-street"],"yoast_head":"<!-- This site is optimized with the Yoast SEO plugin v27.5 - https:\/\/yoast.com\/product\/yoast-seo-wordpress\/ -->\n<title>Des march\u00e9s mitig\u00e9s, Ath\u00e8nes en vue - Gold.fr<\/title>\n<meta name=\"robots\" content=\"index, follow, max-snippet:-1, max-image-preview:large, max-video-preview:-1\" \/>\n<link rel=\"canonical\" href=\"https:\/\/www.gold.fr\/news\/2015\/02\/17\/des-marches-mitiges-athenes-en-vue\/\" \/>\n<meta property=\"og:locale\" content=\"fr_FR\" \/>\n<meta property=\"og:type\" content=\"article\" \/>\n<meta property=\"og:title\" content=\"Des march\u00e9s mitig\u00e9s, Ath\u00e8nes en vue - Gold.fr\" \/>\n<meta property=\"og:description\" content=\"Le bilan de ce d\u00e9but de semaine est tr\u00e8s partag\u00e9, marqu\u00e9 notamment par l&rsquo;h\u00e9sitation manifeste des principales places boursi\u00e8res \u00e0 afficher une tendance \u2013g\u00e9n\u00e9rale ou individuelle- bien pr\u00e9cise. Dans l&rsquo;attente d&rsquo;un avancement solide et officiel du [&hellip;]\" \/>\n<meta property=\"og:url\" content=\"https:\/\/www.gold.fr\/news\/2015\/02\/17\/des-marches-mitiges-athenes-en-vue\/\" \/>\n<meta property=\"og:site_name\" content=\"Gold.fr\" \/>\n<meta property=\"article:publisher\" content=\"https:\/\/www.facebook.com\/Goldfr\/\" \/>\n<meta property=\"article:published_time\" content=\"2015-02-17T12:00:45+00:00\" \/>\n<meta property=\"article:modified_time\" content=\"2018-02-22T13:30:23+00:00\" \/>\n<meta property=\"og:image\" content=\"https:\/\/www.gold.fr\/news\/wp-content\/uploads\/2011\/10\/Graphique-pieces-e1325701644436.jpg\" \/>\n\t<meta property=\"og:image:width\" content=\"609\" \/>\n\t<meta property=\"og:image:height\" content=\"400\" \/>\n\t<meta property=\"og:image:type\" content=\"image\/jpeg\" \/>\n<meta name=\"author\" content=\"Comptoir National de l&#039;Or\" \/>\n<meta name=\"twitter:card\" content=\"summary_large_image\" \/>\n<meta name=\"twitter:label1\" content=\"\u00c9crit par\" \/>\n\t<meta name=\"twitter:data1\" content=\"Comptoir National de l&#039;Or\" \/>\n\t<meta name=\"twitter:label2\" content=\"Dur\u00e9e de lecture estim\u00e9e\" \/>\n\t<meta name=\"twitter:data2\" content=\"1 minute\" \/>\n<script type=\"application\/ld+json\" class=\"yoast-schema-graph\">{\"@context\":\"https:\\\/\\\/schema.org\",\"@graph\":[{\"@type\":\"Article\",\"@id\":\"https:\\\/\\\/www.gold.fr\\\/news\\\/2015\\\/02\\\/17\\\/des-marches-mitiges-athenes-en-vue\\\/#article\",\"isPartOf\":{\"@id\":\"https:\\\/\\\/www.gold.fr\\\/news\\\/2015\\\/02\\\/17\\\/des-marches-mitiges-athenes-en-vue\\\/\"},\"author\":{\"name\":\"Comptoir National de l'Or\",\"@id\":\"https:\\\/\\\/www.gold.fr\\\/news\\\/#\\\/schema\\\/person\\\/070491b4b4fb7671bf59b3be20302ce9\"},\"headline\":\"Des march\u00e9s mitig\u00e9s, Ath\u00e8nes en vue\",\"datePublished\":\"2015-02-17T12:00:45+00:00\",\"dateModified\":\"2018-02-22T13:30:23+00:00\",\"mainEntityOfPage\":{\"@id\":\"https:\\\/\\\/www.gold.fr\\\/news\\\/2015\\\/02\\\/17\\\/des-marches-mitiges-athenes-en-vue\\\/\"},\"wordCount\":282,\"commentCount\":0,\"image\":{\"@id\":\"https:\\\/\\\/www.gold.fr\\\/news\\\/2015\\\/02\\\/17\\\/des-marches-mitiges-athenes-en-vue\\\/#primaryimage\"},\"thumbnailUrl\":\"https:\\\/\\\/www.gold.fr\\\/news\\\/wp-content\\\/uploads\\\/2011\\\/10\\\/Graphique-pieces-e1325701644436.jpg\",\"keywords\":[\"bourse\",\"march\u00e9s\",\"wall street\"],\"articleSection\":[\"Articles de presse\"],\"inLanguage\":\"fr-FR\"},{\"@type\":\"WebPage\",\"@id\":\"https:\\\/\\\/www.gold.fr\\\/news\\\/2015\\\/02\\\/17\\\/des-marches-mitiges-athenes-en-vue\\\/\",\"url\":\"https:\\\/\\\/www.gold.fr\\\/news\\\/2015\\\/02\\\/17\\\/des-marches-mitiges-athenes-en-vue\\\/\",\"name\":\"Des march\u00e9s mitig\u00e9s, Ath\u00e8nes en vue - Gold.fr\",\"isPartOf\":{\"@id\":\"https:\\\/\\\/www.gold.fr\\\/news\\\/#website\"},\"primaryImageOfPage\":{\"@id\":\"https:\\\/\\\/www.gold.fr\\\/news\\\/2015\\\/02\\\/17\\\/des-marches-mitiges-athenes-en-vue\\\/#primaryimage\"},\"image\":{\"@id\":\"https:\\\/\\\/www.gold.fr\\\/news\\\/2015\\\/02\\\/17\\\/des-marches-mitiges-athenes-en-vue\\\/#primaryimage\"},\"thumbnailUrl\":\"https:\\\/\\\/www.gold.fr\\\/news\\\/wp-content\\\/uploads\\\/2011\\\/10\\\/Graphique-pieces-e1325701644436.jpg\",\"datePublished\":\"2015-02-17T12:00:45+00:00\",\"dateModified\":\"2018-02-22T13:30:23+00:00\",\"author\":{\"@id\":\"https:\\\/\\\/www.gold.fr\\\/news\\\/#\\\/schema\\\/person\\\/070491b4b4fb7671bf59b3be20302ce9\"},\"breadcrumb\":{\"@id\":\"https:\\\/\\\/www.gold.fr\\\/news\\\/2015\\\/02\\\/17\\\/des-marches-mitiges-athenes-en-vue\\\/#breadcrumb\"},\"inLanguage\":\"fr-FR\",\"potentialAction\":[{\"@type\":\"ReadAction\",\"target\":[\"https:\\\/\\\/www.gold.fr\\\/news\\\/2015\\\/02\\\/17\\\/des-marches-mitiges-athenes-en-vue\\\/\"]}]},{\"@type\":\"ImageObject\",\"inLanguage\":\"fr-FR\",\"@id\":\"https:\\\/\\\/www.gold.fr\\\/news\\\/2015\\\/02\\\/17\\\/des-marches-mitiges-athenes-en-vue\\\/#primaryimage\",\"url\":\"https:\\\/\\\/www.gold.fr\\\/news\\\/wp-content\\\/uploads\\\/2011\\\/10\\\/Graphique-pieces-e1325701644436.jpg\",\"contentUrl\":\"https:\\\/\\\/www.gold.fr\\\/news\\\/wp-content\\\/uploads\\\/2011\\\/10\\\/Graphique-pieces-e1325701644436.jpg\",\"width\":\"609\",\"height\":\"400\",\"caption\":\"BCE : Une politique mon\u00e9taire dans le collimateur\"},{\"@type\":\"BreadcrumbList\",\"@id\":\"https:\\\/\\\/www.gold.fr\\\/news\\\/2015\\\/02\\\/17\\\/des-marches-mitiges-athenes-en-vue\\\/#breadcrumb\",\"itemListElement\":[{\"@type\":\"ListItem\",\"position\":1,\"name\":\"Accueil\",\"item\":\"https:\\\/\\\/www.gold.fr\\\/\"},{\"@type\":\"ListItem\",\"position\":2,\"name\":\"Actualit\u00e9s\",\"item\":\"https:\\\/\\\/www.gold.fr\\\/news\\\/\"},{\"@type\":\"ListItem\",\"position\":3,\"name\":\"Des march\u00e9s mitig\u00e9s, Ath\u00e8nes en vue\"}]},{\"@type\":\"WebSite\",\"@id\":\"https:\\\/\\\/www.gold.fr\\\/news\\\/#website\",\"url\":\"https:\\\/\\\/www.gold.fr\\\/news\\\/\",\"name\":\"Gold.fr\",\"description\":\"Actualit\u00e9s de l&#039;Or et des m\u00e9taux pr\u00e9cieux\",\"potentialAction\":[{\"@type\":\"SearchAction\",\"target\":{\"@type\":\"EntryPoint\",\"urlTemplate\":\"https:\\\/\\\/www.gold.fr\\\/news\\\/?s={search_term_string}\"},\"query-input\":{\"@type\":\"PropertyValueSpecification\",\"valueRequired\":true,\"valueName\":\"search_term_string\"}}],\"inLanguage\":\"fr-FR\"},{\"@type\":\"Person\",\"@id\":\"https:\\\/\\\/www.gold.fr\\\/news\\\/#\\\/schema\\\/person\\\/070491b4b4fb7671bf59b3be20302ce9\",\"name\":\"Comptoir National de l'Or\",\"image\":{\"@type\":\"ImageObject\",\"inLanguage\":\"fr-FR\",\"@id\":\"https:\\\/\\\/secure.gravatar.com\\\/avatar\\\/0a2867fd5abe37bed95d5a65e9d58f01756e11efc68af9888dfc50cfa7f65948?s=96&d=mm&r=gb490554db0a38188709de567aa58480d\",\"url\":\"https:\\\/\\\/secure.gravatar.com\\\/avatar\\\/0a2867fd5abe37bed95d5a65e9d58f01756e11efc68af9888dfc50cfa7f65948?s=96&d=mm&r=g\",\"contentUrl\":\"https:\\\/\\\/secure.gravatar.com\\\/avatar\\\/0a2867fd5abe37bed95d5a65e9d58f01756e11efc68af9888dfc50cfa7f65948?s=96&d=mm&r=g\",\"caption\":\"Comptoir National de l'Or\"},\"description\":\"Notre r\u00e9daction est constitu\u00e9e de membres experts dans les m\u00e9tiers de l'\u00e9conomie et la gestion, des Responsables d'agence Comptoir National de l'Or, des analystes financiers qui publient r\u00e9guli\u00e8rement des \u00e9tudes sur les politiques des banques centrales, le cours de l'or, prix de l'or, cours de l'argent, prix de l'argent, cours du platine, cours du palladium,... la situation en zone euro et l'impact de la strat\u00e9gie mon\u00e9taire de la FED. Notre \u00e9quipe scrute \u00e9galement une information plus g\u00e9n\u00e9raliste \u00e0 la recherche d'actualit\u00e9 \\\"p\u00e9pite\\\" \u00e0 vous partager. Depuis 5 ans, nous avons publi\u00e9 un peu plus de 4000 articles qui s'adressent \u00e0 un public large et vari\u00e9 ayant pour objectif de satisfaire votre curiosit\u00e9 et de partager avec vous une certaine fascination pour le m\u00e9tal jaune, le rachat d'or, et pour ceux qui veulent investir dans l'or, vendre leur or tout simplement en savoir plus... Pour tous vos achat or et argent, n'h\u00e9sitez pas \u00e0 prendre rendez-vous dans l'un de nos nombreux comptoirs.\",\"sameAs\":[\"https:\\\/\\\/www.gold.fr\"]}]}<\/script>\n<!-- \/ Yoast SEO plugin. -->","yoast_head_json":{"title":"Des march\u00e9s mitig\u00e9s, Ath\u00e8nes en vue - Gold.fr","robots":{"index":"index","follow":"follow","max-snippet":"max-snippet:-1","max-image-preview":"max-image-preview:large","max-video-preview":"max-video-preview:-1"},"canonical":"https:\/\/www.gold.fr\/news\/2015\/02\/17\/des-marches-mitiges-athenes-en-vue\/","og_locale":"fr_FR","og_type":"article","og_title":"Des march\u00e9s mitig\u00e9s, Ath\u00e8nes en vue - Gold.fr","og_description":"Le bilan de ce d\u00e9but de semaine est tr\u00e8s partag\u00e9, marqu\u00e9 notamment par l&rsquo;h\u00e9sitation manifeste des principales places boursi\u00e8res \u00e0 afficher une tendance \u2013g\u00e9n\u00e9rale ou individuelle- bien pr\u00e9cise. Dans l&rsquo;attente d&rsquo;un avancement solide et officiel du [&hellip;]","og_url":"https:\/\/www.gold.fr\/news\/2015\/02\/17\/des-marches-mitiges-athenes-en-vue\/","og_site_name":"Gold.fr","article_publisher":"https:\/\/www.facebook.com\/Goldfr\/","article_published_time":"2015-02-17T12:00:45+00:00","article_modified_time":"2018-02-22T13:30:23+00:00","og_image":[{"width":609,"height":400,"url":"https:\/\/www.gold.fr\/news\/wp-content\/uploads\/2011\/10\/Graphique-pieces-e1325701644436.jpg","type":"image\/jpeg"}],"author":"Comptoir National de l'Or","twitter_card":"summary_large_image","twitter_misc":{"\u00c9crit par":"Comptoir National de l'Or","Dur\u00e9e de lecture estim\u00e9e":"1 minute"},"schema":{"@context":"https:\/\/schema.org","@graph":[{"@type":"Article","@id":"https:\/\/www.gold.fr\/news\/2015\/02\/17\/des-marches-mitiges-athenes-en-vue\/#article","isPartOf":{"@id":"https:\/\/www.gold.fr\/news\/2015\/02\/17\/des-marches-mitiges-athenes-en-vue\/"},"author":{"name":"Comptoir National de l'Or","@id":"https:\/\/www.gold.fr\/news\/#\/schema\/person\/070491b4b4fb7671bf59b3be20302ce9"},"headline":"Des march\u00e9s mitig\u00e9s, Ath\u00e8nes en vue","datePublished":"2015-02-17T12:00:45+00:00","dateModified":"2018-02-22T13:30:23+00:00","mainEntityOfPage":{"@id":"https:\/\/www.gold.fr\/news\/2015\/02\/17\/des-marches-mitiges-athenes-en-vue\/"},"wordCount":282,"commentCount":0,"image":{"@id":"https:\/\/www.gold.fr\/news\/2015\/02\/17\/des-marches-mitiges-athenes-en-vue\/#primaryimage"},"thumbnailUrl":"https:\/\/www.gold.fr\/news\/wp-content\/uploads\/2011\/10\/Graphique-pieces-e1325701644436.jpg","keywords":["bourse","march\u00e9s","wall street"],"articleSection":["Articles de presse"],"inLanguage":"fr-FR"},{"@type":"WebPage","@id":"https:\/\/www.gold.fr\/news\/2015\/02\/17\/des-marches-mitiges-athenes-en-vue\/","url":"https:\/\/www.gold.fr\/news\/2015\/02\/17\/des-marches-mitiges-athenes-en-vue\/","name":"Des march\u00e9s mitig\u00e9s, Ath\u00e8nes en vue - Gold.fr","isPartOf":{"@id":"https:\/\/www.gold.fr\/news\/#website"},"primaryImageOfPage":{"@id":"https:\/\/www.gold.fr\/news\/2015\/02\/17\/des-marches-mitiges-athenes-en-vue\/#primaryimage"},"image":{"@id":"https:\/\/www.gold.fr\/news\/2015\/02\/17\/des-marches-mitiges-athenes-en-vue\/#primaryimage"},"thumbnailUrl":"https:\/\/www.gold.fr\/news\/wp-content\/uploads\/2011\/10\/Graphique-pieces-e1325701644436.jpg","datePublished":"2015-02-17T12:00:45+00:00","dateModified":"2018-02-22T13:30:23+00:00","author":{"@id":"https:\/\/www.gold.fr\/news\/#\/schema\/person\/070491b4b4fb7671bf59b3be20302ce9"},"breadcrumb":{"@id":"https:\/\/www.gold.fr\/news\/2015\/02\/17\/des-marches-mitiges-athenes-en-vue\/#breadcrumb"},"inLanguage":"fr-FR","potentialAction":[{"@type":"ReadAction","target":["https:\/\/www.gold.fr\/news\/2015\/02\/17\/des-marches-mitiges-athenes-en-vue\/"]}]},{"@type":"ImageObject","inLanguage":"fr-FR","@id":"https:\/\/www.gold.fr\/news\/2015\/02\/17\/des-marches-mitiges-athenes-en-vue\/#primaryimage","url":"https:\/\/www.gold.fr\/news\/wp-content\/uploads\/2011\/10\/Graphique-pieces-e1325701644436.jpg","contentUrl":"https:\/\/www.gold.fr\/news\/wp-content\/uploads\/2011\/10\/Graphique-pieces-e1325701644436.jpg","width":"609","height":"400","caption":"BCE : Une politique mon\u00e9taire dans le collimateur"},{"@type":"BreadcrumbList","@id":"https:\/\/www.gold.fr\/news\/2015\/02\/17\/des-marches-mitiges-athenes-en-vue\/#breadcrumb","itemListElement":[{"@type":"ListItem","position":1,"name":"Accueil","item":"https:\/\/www.gold.fr\/"},{"@type":"ListItem","position":2,"name":"Actualit\u00e9s","item":"https:\/\/www.gold.fr\/news\/"},{"@type":"ListItem","position":3,"name":"Des march\u00e9s mitig\u00e9s, Ath\u00e8nes en vue"}]},{"@type":"WebSite","@id":"https:\/\/www.gold.fr\/news\/#website","url":"https:\/\/www.gold.fr\/news\/","name":"Gold.fr","description":"Actualit\u00e9s de l&#039;Or et des m\u00e9taux pr\u00e9cieux","potentialAction":[{"@type":"SearchAction","target":{"@type":"EntryPoint","urlTemplate":"https:\/\/www.gold.fr\/news\/?s={search_term_string}"},"query-input":{"@type":"PropertyValueSpecification","valueRequired":true,"valueName":"search_term_string"}}],"inLanguage":"fr-FR"},{"@type":"Person","@id":"https:\/\/www.gold.fr\/news\/#\/schema\/person\/070491b4b4fb7671bf59b3be20302ce9","name":"Comptoir National de l'Or","image":{"@type":"ImageObject","inLanguage":"fr-FR","@id":"https:\/\/secure.gravatar.com\/avatar\/0a2867fd5abe37bed95d5a65e9d58f01756e11efc68af9888dfc50cfa7f65948?s=96&d=mm&r=gb490554db0a38188709de567aa58480d","url":"https:\/\/secure.gravatar.com\/avatar\/0a2867fd5abe37bed95d5a65e9d58f01756e11efc68af9888dfc50cfa7f65948?s=96&d=mm&r=g","contentUrl":"https:\/\/secure.gravatar.com\/avatar\/0a2867fd5abe37bed95d5a65e9d58f01756e11efc68af9888dfc50cfa7f65948?s=96&d=mm&r=g","caption":"Comptoir National de l'Or"},"description":"Notre r\u00e9daction est constitu\u00e9e de membres experts dans les m\u00e9tiers de l'\u00e9conomie et la gestion, des Responsables d'agence Comptoir National de l'Or, des analystes financiers qui publient r\u00e9guli\u00e8rement des \u00e9tudes sur les politiques des banques centrales, le cours de l'or, prix de l'or, cours de l'argent, prix de l'argent, cours du platine, cours du palladium,... la situation en zone euro et l'impact de la strat\u00e9gie mon\u00e9taire de la FED. Notre \u00e9quipe scrute \u00e9galement une information plus g\u00e9n\u00e9raliste \u00e0 la recherche d'actualit\u00e9 \"p\u00e9pite\" \u00e0 vous partager. Depuis 5 ans, nous avons publi\u00e9 un peu plus de 4000 articles qui s'adressent \u00e0 un public large et vari\u00e9 ayant pour objectif de satisfaire votre curiosit\u00e9 et de partager avec vous une certaine fascination pour le m\u00e9tal jaune, le rachat d'or, et pour ceux qui veulent investir dans l'or, vendre leur or tout simplement en savoir plus... Pour tous vos achat or et argent, n'h\u00e9sitez pas \u00e0 prendre rendez-vous dans l'un de nos nombreux comptoirs.","sameAs":["https:\/\/www.gold.fr"]}]}},"authors":[{"term_id":2565,"user_id":18,"is_guest":0,"slug":"julie","display_name":"Comptoir National de l'Or","avatar_url":"https:\/\/secure.gravatar.com\/avatar\/713f289e398d35ead876c4a4cc08607f0d6d266058cfc25683fffb6092d0e572?s=96&d=mm&r=g","0":null,"1":"","2":"","3":"","4":"","5":"","6":"","7":"","8":""}],"_links":{"self":[{"href":"https:\/\/www.gold.fr\/news\/wp-json\/wp\/v2\/posts\/16686","targetHints":{"allow":["GET"]}}],"collection":[{"href":"https:\/\/www.gold.fr\/news\/wp-json\/wp\/v2\/posts"}],"about":[{"href":"https:\/\/www.gold.fr\/news\/wp-json\/wp\/v2\/types\/post"}],"author":[{"embeddable":true,"href":"https:\/\/www.gold.fr\/news\/wp-json\/wp\/v2\/users\/18"}],"replies":[{"embeddable":true,"href":"https:\/\/www.gold.fr\/news\/wp-json\/wp\/v2\/comments?post=16686"}],"version-history":[{"count":0,"href":"https:\/\/www.gold.fr\/news\/wp-json\/wp\/v2\/posts\/16686\/revisions"}],"wp:featuredmedia":[{"embeddable":true,"href":"https:\/\/www.gold.fr\/news\/wp-json\/wp\/v2\/media\/2682"}],"wp:attachment":[{"href":"https:\/\/www.gold.fr\/news\/wp-json\/wp\/v2\/media?parent=16686"}],"wp:term":[{"taxonomy":"category","embeddable":true,"href":"https:\/\/www.gold.fr\/news\/wp-json\/wp\/v2\/categories?post=16686"},{"taxonomy":"post_tag","embeddable":true,"href":"https:\/\/www.gold.fr\/news\/wp-json\/wp\/v2\/tags?post=16686"},{"taxonomy":"author","embeddable":true,"href":"https:\/\/www.gold.fr\/news\/wp-json\/wp\/v2\/ppma_author?post=16686"}],"curies":[{"name":"wp","href":"https:\/\/api.w.org\/{rel}","templated":true}]}}