{"id":16684,"date":"2015-02-17T13:00:31","date_gmt":"2015-02-17T12:00:31","guid":{"rendered":"https:\/\/www.gold.fr\/news\/?p=16684"},"modified":"2018-02-22T14:30:24","modified_gmt":"2018-02-22T13:30:24","slug":"lor-fige-la-grece-dans-le-collimateur-a-nouveau","status":"publish","type":"post","link":"https:\/\/www.gold.fr\/news\/2015\/02\/17\/lor-fige-la-grece-dans-le-collimateur-a-nouveau\/","title":{"rendered":"L&rsquo;or fig\u00e9, la Gr\u00e8ce dans le collimateur&#8230;\u00e0 nouveau"},"content":{"rendered":"<p><img loading=\"lazy\" decoding=\"async\" class=\"alignleft size-thumbnail wp-image-6061\" title=\"Cours de l'Or de Bourse\" src=\"https:\/\/www.gold.fr\/news\/wp-content\/uploads\/2012\/02\/cours-de-lOr-150x150.jpg\" alt=\"\" width=\"150\" height=\"150\" \/><span style=\"font-size: small;\"><a title=\"L\u2019\u00e9volution de l\u2019or, entre CMO et Ath\u00e8nes\" href=\"https:\/\/www.gold.fr\/news\/2015\/02\/16\/levolution-de-lor-entre-cmo-et-athenes\/16672\/\" target=\"_blank\">Le dossier grec se retrouve encore au centre de toutes les attentions<\/a>, orientant massivement l&rsquo;ensemble des march\u00e9s financiers, des deux c\u00f4t\u00e9s de l&rsquo;Atlantique. Les op\u00e9rateurs tablent actuellement sur la strat\u00e9gie de la prudence totale, optant pour une prise de b\u00e9n\u00e9fice g\u00e9n\u00e9ralis\u00e9e qui fige automatiquement bon nombre de march\u00e9s d&rsquo;<a href='https:\/\/www.gold.fr\/news\/tags\/investissement' class='esk-seo-plu-link'>investissement<\/a>. Et le march\u00e9 de l&rsquo;<a href='https:\/\/www.gold.fr\/news\/tags\/or' class='esk-seo-plu-link'>or<\/a> ne semble pas faire exception, pour le moment. <\/span>    <span style=\"font-size: small;\">La veille, au d\u00e9but d&rsquo;apr\u00e8s-midi, les n\u00e9gociations avaient repris entre les Ministres des Finances des diff\u00e9rents pays de la zone euro, et <strong>Saxo Banque<\/strong> rappelait d&rsquo;ailleurs que \u00ab\u00a0<em>le temps presse pour la Gr\u00e8ce alors que son programme d&rsquo;aide prend fin dans seulement deux semaines<\/em>\u00ab\u00a0. L&rsquo;\u00e9quipe d&rsquo;experts souligne \u00e9galement qu&rsquo;un potentiel \u00e9chec de ces n\u00e9gociations pourrait tr\u00e8s bien signifier la faillite officieuse du pays, en l&rsquo;absence de toute \u00ab\u00a0<em>possibilit\u00e9 d&#8217;emprunt, avec un risque d&rsquo;une sortie de l&rsquo;euro qui viendrait d\u00e9stabiliser la zone euro et sa monnaie\u00a0\u00bb<\/em>. <\/span>    <span style=\"font-size: small;\">En attendant, l&rsquo;<a href='https:\/\/www.gold.fr\/news\/tags\/or' class='esk-seo-plu-link'>or<\/a> ouvre la s\u00e9ance de ce <strong>mardi 17 f\u00e9vrier 2015<\/strong> avec <a title=\"Prix de l'Or\" href=\"https:\/\/www.gold.fr\/cours-or-prix-de-l-or\/\" target=\"_blank\">un cours<\/a> fig\u00e9 de <strong>1,228.90 <a href='https:\/\/www.gold.fr\/news\/tags\/investissement' class='esk-seo-plu-link'>dollars<\/a><\/strong> <a title=\"Prix de l'Once d'or\" href=\"https:\/\/www.gold.fr\/once-en\/\" target=\"_blank\">l&rsquo;once<\/a>. <\/span><\/p>\n<!-- AddThis Advanced Settings generic via filter on the_content --><!-- AddThis Share Buttons generic via filter on the_content -->","protected":false},"excerpt":{"rendered":"<p>Le dossier grec se retrouve encore au centre de toutes les attentions, orientant massivement l&rsquo;ensemble des march\u00e9s financiers, des deux c\u00f4t\u00e9s de l&rsquo;Atlantique. Les op\u00e9rateurs tablent actuellement sur la strat\u00e9gie de la prudence totale, optant pour [&hellip;]<\/p>\n","protected":false},"author":18,"featured_media":6061,"comment_status":"open","ping_status":"open","sticky":false,"template":"","format":"standard","meta":{"_mbp_gutenberg_autopost":false,"_pgmb_is_evergreen":false,"_pgmb_ap_template_id":0,"footnotes":""},"categories":[5],"tags":[385,84,210,74],"ppma_author":[2565],"class_list":["post-16684","post","type-post","status-publish","format-standard","has-post-thumbnail","hentry","category-flash-infos","tag-cours-de-lor-de-bourse","tag-cours-de-lor","tag-_cours-de-lor_footer_","tag-_home-page_footer_"],"yoast_head":"<!-- This site is optimized with the Yoast SEO plugin v27.5 - https:\/\/yoast.com\/product\/yoast-seo-wordpress\/ -->\n<title>L&#039;or fig\u00e9, la Gr\u00e8ce dans le collimateur...\u00e0 nouveau - Gold.fr<\/title>\n<meta name=\"robots\" content=\"index, follow, max-snippet:-1, max-image-preview:large, max-video-preview:-1\" \/>\n<link rel=\"canonical\" href=\"https:\/\/www.gold.fr\/news\/2015\/02\/17\/lor-fige-la-grece-dans-le-collimateur-a-nouveau\/\" \/>\n<meta property=\"og:locale\" content=\"fr_FR\" \/>\n<meta property=\"og:type\" content=\"article\" \/>\n<meta property=\"og:title\" content=\"L&#039;or fig\u00e9, la Gr\u00e8ce dans le collimateur...\u00e0 nouveau - Gold.fr\" \/>\n<meta property=\"og:description\" content=\"Le dossier grec se retrouve encore au centre de toutes les attentions, orientant massivement l&rsquo;ensemble des march\u00e9s financiers, des deux c\u00f4t\u00e9s de l&rsquo;Atlantique. Les op\u00e9rateurs tablent actuellement sur la strat\u00e9gie de la prudence totale, optant pour [&hellip;]\" \/>\n<meta property=\"og:url\" content=\"https:\/\/www.gold.fr\/news\/2015\/02\/17\/lor-fige-la-grece-dans-le-collimateur-a-nouveau\/\" \/>\n<meta property=\"og:site_name\" content=\"Gold.fr\" \/>\n<meta property=\"article:publisher\" content=\"https:\/\/www.facebook.com\/Goldfr\/\" \/>\n<meta property=\"article:published_time\" content=\"2015-02-17T12:00:31+00:00\" \/>\n<meta property=\"article:modified_time\" content=\"2018-02-22T13:30:24+00:00\" \/>\n<meta property=\"og:image\" content=\"https:\/\/www.gold.fr\/news\/wp-content\/uploads\/2012\/02\/cours-de-lOr.jpg\" \/>\n\t<meta property=\"og:image:width\" content=\"600\" \/>\n\t<meta property=\"og:image:height\" content=\"450\" \/>\n\t<meta property=\"og:image:type\" content=\"image\/jpeg\" \/>\n<meta name=\"author\" content=\"Comptoir National de l&#039;Or\" \/>\n<meta name=\"twitter:card\" content=\"summary_large_image\" \/>\n<meta name=\"twitter:label1\" content=\"\u00c9crit par\" \/>\n\t<meta name=\"twitter:data1\" content=\"Comptoir National de l&#039;Or\" \/>\n\t<meta name=\"twitter:label2\" content=\"Dur\u00e9e de lecture estim\u00e9e\" \/>\n\t<meta name=\"twitter:data2\" content=\"1 minute\" \/>\n<script type=\"application\/ld+json\" class=\"yoast-schema-graph\">{\"@context\":\"https:\\\/\\\/schema.org\",\"@graph\":[{\"@type\":\"Article\",\"@id\":\"https:\\\/\\\/www.gold.fr\\\/news\\\/2015\\\/02\\\/17\\\/lor-fige-la-grece-dans-le-collimateur-a-nouveau\\\/#article\",\"isPartOf\":{\"@id\":\"https:\\\/\\\/www.gold.fr\\\/news\\\/2015\\\/02\\\/17\\\/lor-fige-la-grece-dans-le-collimateur-a-nouveau\\\/\"},\"author\":{\"name\":\"Comptoir National de l'Or\",\"@id\":\"https:\\\/\\\/www.gold.fr\\\/news\\\/#\\\/schema\\\/person\\\/070491b4b4fb7671bf59b3be20302ce9\"},\"headline\":\"L&rsquo;or fig\u00e9, la Gr\u00e8ce dans le collimateur&#8230;\u00e0 nouveau\",\"datePublished\":\"2015-02-17T12:00:31+00:00\",\"dateModified\":\"2018-02-22T13:30:24+00:00\",\"mainEntityOfPage\":{\"@id\":\"https:\\\/\\\/www.gold.fr\\\/news\\\/2015\\\/02\\\/17\\\/lor-fige-la-grece-dans-le-collimateur-a-nouveau\\\/\"},\"wordCount\":211,\"commentCount\":0,\"image\":{\"@id\":\"https:\\\/\\\/www.gold.fr\\\/news\\\/2015\\\/02\\\/17\\\/lor-fige-la-grece-dans-le-collimateur-a-nouveau\\\/#primaryimage\"},\"thumbnailUrl\":\"https:\\\/\\\/www.gold.fr\\\/news\\\/wp-content\\\/uploads\\\/2012\\\/02\\\/cours-de-lOr.jpg\",\"keywords\":[\"cours de l'or de bourse\",\"Tout Cours de l'Or\",\"_Cours de l\u2019Or_Footer_\",\"_Home page Footer_\"],\"articleSection\":[\"Flash infos\"],\"inLanguage\":\"fr-FR\"},{\"@type\":\"WebPage\",\"@id\":\"https:\\\/\\\/www.gold.fr\\\/news\\\/2015\\\/02\\\/17\\\/lor-fige-la-grece-dans-le-collimateur-a-nouveau\\\/\",\"url\":\"https:\\\/\\\/www.gold.fr\\\/news\\\/2015\\\/02\\\/17\\\/lor-fige-la-grece-dans-le-collimateur-a-nouveau\\\/\",\"name\":\"L'or fig\u00e9, la Gr\u00e8ce dans le collimateur...\u00e0 nouveau - Gold.fr\",\"isPartOf\":{\"@id\":\"https:\\\/\\\/www.gold.fr\\\/news\\\/#website\"},\"primaryImageOfPage\":{\"@id\":\"https:\\\/\\\/www.gold.fr\\\/news\\\/2015\\\/02\\\/17\\\/lor-fige-la-grece-dans-le-collimateur-a-nouveau\\\/#primaryimage\"},\"image\":{\"@id\":\"https:\\\/\\\/www.gold.fr\\\/news\\\/2015\\\/02\\\/17\\\/lor-fige-la-grece-dans-le-collimateur-a-nouveau\\\/#primaryimage\"},\"thumbnailUrl\":\"https:\\\/\\\/www.gold.fr\\\/news\\\/wp-content\\\/uploads\\\/2012\\\/02\\\/cours-de-lOr.jpg\",\"datePublished\":\"2015-02-17T12:00:31+00:00\",\"dateModified\":\"2018-02-22T13:30:24+00:00\",\"author\":{\"@id\":\"https:\\\/\\\/www.gold.fr\\\/news\\\/#\\\/schema\\\/person\\\/070491b4b4fb7671bf59b3be20302ce9\"},\"breadcrumb\":{\"@id\":\"https:\\\/\\\/www.gold.fr\\\/news\\\/2015\\\/02\\\/17\\\/lor-fige-la-grece-dans-le-collimateur-a-nouveau\\\/#breadcrumb\"},\"inLanguage\":\"fr-FR\",\"potentialAction\":[{\"@type\":\"ReadAction\",\"target\":[\"https:\\\/\\\/www.gold.fr\\\/news\\\/2015\\\/02\\\/17\\\/lor-fige-la-grece-dans-le-collimateur-a-nouveau\\\/\"]}]},{\"@type\":\"ImageObject\",\"inLanguage\":\"fr-FR\",\"@id\":\"https:\\\/\\\/www.gold.fr\\\/news\\\/2015\\\/02\\\/17\\\/lor-fige-la-grece-dans-le-collimateur-a-nouveau\\\/#primaryimage\",\"url\":\"https:\\\/\\\/www.gold.fr\\\/news\\\/wp-content\\\/uploads\\\/2012\\\/02\\\/cours-de-lOr.jpg\",\"contentUrl\":\"https:\\\/\\\/www.gold.fr\\\/news\\\/wp-content\\\/uploads\\\/2012\\\/02\\\/cours-de-lOr.jpg\",\"width\":\"600\",\"height\":\"450\",\"caption\":\"March\u00e9s : Draghi tire l\u2019ensemble des bourses vers le bas\"},{\"@type\":\"BreadcrumbList\",\"@id\":\"https:\\\/\\\/www.gold.fr\\\/news\\\/2015\\\/02\\\/17\\\/lor-fige-la-grece-dans-le-collimateur-a-nouveau\\\/#breadcrumb\",\"itemListElement\":[{\"@type\":\"ListItem\",\"position\":1,\"name\":\"Accueil\",\"item\":\"https:\\\/\\\/www.gold.fr\\\/\"},{\"@type\":\"ListItem\",\"position\":2,\"name\":\"Actualit\u00e9s\",\"item\":\"https:\\\/\\\/www.gold.fr\\\/news\\\/\"},{\"@type\":\"ListItem\",\"position\":3,\"name\":\"L&rsquo;or fig\u00e9, la Gr\u00e8ce dans le collimateur&#8230;\u00e0 nouveau\"}]},{\"@type\":\"WebSite\",\"@id\":\"https:\\\/\\\/www.gold.fr\\\/news\\\/#website\",\"url\":\"https:\\\/\\\/www.gold.fr\\\/news\\\/\",\"name\":\"Gold.fr\",\"description\":\"Actualit\u00e9s de l&#039;Or et des m\u00e9taux pr\u00e9cieux\",\"potentialAction\":[{\"@type\":\"SearchAction\",\"target\":{\"@type\":\"EntryPoint\",\"urlTemplate\":\"https:\\\/\\\/www.gold.fr\\\/news\\\/?s={search_term_string}\"},\"query-input\":{\"@type\":\"PropertyValueSpecification\",\"valueRequired\":true,\"valueName\":\"search_term_string\"}}],\"inLanguage\":\"fr-FR\"},{\"@type\":\"Person\",\"@id\":\"https:\\\/\\\/www.gold.fr\\\/news\\\/#\\\/schema\\\/person\\\/070491b4b4fb7671bf59b3be20302ce9\",\"name\":\"Comptoir National de l'Or\",\"image\":{\"@type\":\"ImageObject\",\"inLanguage\":\"fr-FR\",\"@id\":\"https:\\\/\\\/secure.gravatar.com\\\/avatar\\\/0a2867fd5abe37bed95d5a65e9d58f01756e11efc68af9888dfc50cfa7f65948?s=96&d=mm&r=gb490554db0a38188709de567aa58480d\",\"url\":\"https:\\\/\\\/secure.gravatar.com\\\/avatar\\\/0a2867fd5abe37bed95d5a65e9d58f01756e11efc68af9888dfc50cfa7f65948?s=96&d=mm&r=g\",\"contentUrl\":\"https:\\\/\\\/secure.gravatar.com\\\/avatar\\\/0a2867fd5abe37bed95d5a65e9d58f01756e11efc68af9888dfc50cfa7f65948?s=96&d=mm&r=g\",\"caption\":\"Comptoir National de l'Or\"},\"description\":\"Notre r\u00e9daction est constitu\u00e9e de membres experts dans les m\u00e9tiers de l'\u00e9conomie et la gestion, des Responsables d'agence Comptoir National de l'Or, des analystes financiers qui publient r\u00e9guli\u00e8rement des \u00e9tudes sur les politiques des banques centrales, le cours de l'or, prix de l'or, cours de l'argent, prix de l'argent, cours du platine, cours du palladium,... la situation en zone euro et l'impact de la strat\u00e9gie mon\u00e9taire de la FED. Notre \u00e9quipe scrute \u00e9galement une information plus g\u00e9n\u00e9raliste \u00e0 la recherche d'actualit\u00e9 \\\"p\u00e9pite\\\" \u00e0 vous partager. Depuis 5 ans, nous avons publi\u00e9 un peu plus de 4000 articles qui s'adressent \u00e0 un public large et vari\u00e9 ayant pour objectif de satisfaire votre curiosit\u00e9 et de partager avec vous une certaine fascination pour le m\u00e9tal jaune, le rachat d'or, et pour ceux qui veulent investir dans l'or, vendre leur or tout simplement en savoir plus... Pour tous vos achat or et argent, n'h\u00e9sitez pas \u00e0 prendre rendez-vous dans l'un de nos nombreux comptoirs.\",\"sameAs\":[\"https:\\\/\\\/www.gold.fr\"]}]}<\/script>\n<!-- \/ Yoast SEO plugin. -->","yoast_head_json":{"title":"L'or fig\u00e9, la Gr\u00e8ce dans le collimateur...\u00e0 nouveau - Gold.fr","robots":{"index":"index","follow":"follow","max-snippet":"max-snippet:-1","max-image-preview":"max-image-preview:large","max-video-preview":"max-video-preview:-1"},"canonical":"https:\/\/www.gold.fr\/news\/2015\/02\/17\/lor-fige-la-grece-dans-le-collimateur-a-nouveau\/","og_locale":"fr_FR","og_type":"article","og_title":"L'or fig\u00e9, la Gr\u00e8ce dans le collimateur...\u00e0 nouveau - Gold.fr","og_description":"Le dossier grec se retrouve encore au centre de toutes les attentions, orientant massivement l&rsquo;ensemble des march\u00e9s financiers, des deux c\u00f4t\u00e9s de l&rsquo;Atlantique. Les op\u00e9rateurs tablent actuellement sur la strat\u00e9gie de la prudence totale, optant pour [&hellip;]","og_url":"https:\/\/www.gold.fr\/news\/2015\/02\/17\/lor-fige-la-grece-dans-le-collimateur-a-nouveau\/","og_site_name":"Gold.fr","article_publisher":"https:\/\/www.facebook.com\/Goldfr\/","article_published_time":"2015-02-17T12:00:31+00:00","article_modified_time":"2018-02-22T13:30:24+00:00","og_image":[{"width":600,"height":450,"url":"https:\/\/www.gold.fr\/news\/wp-content\/uploads\/2012\/02\/cours-de-lOr.jpg","type":"image\/jpeg"}],"author":"Comptoir National de l'Or","twitter_card":"summary_large_image","twitter_misc":{"\u00c9crit par":"Comptoir National de l'Or","Dur\u00e9e de lecture estim\u00e9e":"1 minute"},"schema":{"@context":"https:\/\/schema.org","@graph":[{"@type":"Article","@id":"https:\/\/www.gold.fr\/news\/2015\/02\/17\/lor-fige-la-grece-dans-le-collimateur-a-nouveau\/#article","isPartOf":{"@id":"https:\/\/www.gold.fr\/news\/2015\/02\/17\/lor-fige-la-grece-dans-le-collimateur-a-nouveau\/"},"author":{"name":"Comptoir National de l'Or","@id":"https:\/\/www.gold.fr\/news\/#\/schema\/person\/070491b4b4fb7671bf59b3be20302ce9"},"headline":"L&rsquo;or fig\u00e9, la Gr\u00e8ce dans le collimateur&#8230;\u00e0 nouveau","datePublished":"2015-02-17T12:00:31+00:00","dateModified":"2018-02-22T13:30:24+00:00","mainEntityOfPage":{"@id":"https:\/\/www.gold.fr\/news\/2015\/02\/17\/lor-fige-la-grece-dans-le-collimateur-a-nouveau\/"},"wordCount":211,"commentCount":0,"image":{"@id":"https:\/\/www.gold.fr\/news\/2015\/02\/17\/lor-fige-la-grece-dans-le-collimateur-a-nouveau\/#primaryimage"},"thumbnailUrl":"https:\/\/www.gold.fr\/news\/wp-content\/uploads\/2012\/02\/cours-de-lOr.jpg","keywords":["cours de l'or de bourse","Tout Cours de l'Or","_Cours de l\u2019Or_Footer_","_Home page Footer_"],"articleSection":["Flash infos"],"inLanguage":"fr-FR"},{"@type":"WebPage","@id":"https:\/\/www.gold.fr\/news\/2015\/02\/17\/lor-fige-la-grece-dans-le-collimateur-a-nouveau\/","url":"https:\/\/www.gold.fr\/news\/2015\/02\/17\/lor-fige-la-grece-dans-le-collimateur-a-nouveau\/","name":"L'or fig\u00e9, la Gr\u00e8ce dans le collimateur...\u00e0 nouveau - Gold.fr","isPartOf":{"@id":"https:\/\/www.gold.fr\/news\/#website"},"primaryImageOfPage":{"@id":"https:\/\/www.gold.fr\/news\/2015\/02\/17\/lor-fige-la-grece-dans-le-collimateur-a-nouveau\/#primaryimage"},"image":{"@id":"https:\/\/www.gold.fr\/news\/2015\/02\/17\/lor-fige-la-grece-dans-le-collimateur-a-nouveau\/#primaryimage"},"thumbnailUrl":"https:\/\/www.gold.fr\/news\/wp-content\/uploads\/2012\/02\/cours-de-lOr.jpg","datePublished":"2015-02-17T12:00:31+00:00","dateModified":"2018-02-22T13:30:24+00:00","author":{"@id":"https:\/\/www.gold.fr\/news\/#\/schema\/person\/070491b4b4fb7671bf59b3be20302ce9"},"breadcrumb":{"@id":"https:\/\/www.gold.fr\/news\/2015\/02\/17\/lor-fige-la-grece-dans-le-collimateur-a-nouveau\/#breadcrumb"},"inLanguage":"fr-FR","potentialAction":[{"@type":"ReadAction","target":["https:\/\/www.gold.fr\/news\/2015\/02\/17\/lor-fige-la-grece-dans-le-collimateur-a-nouveau\/"]}]},{"@type":"ImageObject","inLanguage":"fr-FR","@id":"https:\/\/www.gold.fr\/news\/2015\/02\/17\/lor-fige-la-grece-dans-le-collimateur-a-nouveau\/#primaryimage","url":"https:\/\/www.gold.fr\/news\/wp-content\/uploads\/2012\/02\/cours-de-lOr.jpg","contentUrl":"https:\/\/www.gold.fr\/news\/wp-content\/uploads\/2012\/02\/cours-de-lOr.jpg","width":"600","height":"450","caption":"March\u00e9s : Draghi tire l\u2019ensemble des bourses vers le bas"},{"@type":"BreadcrumbList","@id":"https:\/\/www.gold.fr\/news\/2015\/02\/17\/lor-fige-la-grece-dans-le-collimateur-a-nouveau\/#breadcrumb","itemListElement":[{"@type":"ListItem","position":1,"name":"Accueil","item":"https:\/\/www.gold.fr\/"},{"@type":"ListItem","position":2,"name":"Actualit\u00e9s","item":"https:\/\/www.gold.fr\/news\/"},{"@type":"ListItem","position":3,"name":"L&rsquo;or fig\u00e9, la Gr\u00e8ce dans le collimateur&#8230;\u00e0 nouveau"}]},{"@type":"WebSite","@id":"https:\/\/www.gold.fr\/news\/#website","url":"https:\/\/www.gold.fr\/news\/","name":"Gold.fr","description":"Actualit\u00e9s de l&#039;Or et des m\u00e9taux pr\u00e9cieux","potentialAction":[{"@type":"SearchAction","target":{"@type":"EntryPoint","urlTemplate":"https:\/\/www.gold.fr\/news\/?s={search_term_string}"},"query-input":{"@type":"PropertyValueSpecification","valueRequired":true,"valueName":"search_term_string"}}],"inLanguage":"fr-FR"},{"@type":"Person","@id":"https:\/\/www.gold.fr\/news\/#\/schema\/person\/070491b4b4fb7671bf59b3be20302ce9","name":"Comptoir National de l'Or","image":{"@type":"ImageObject","inLanguage":"fr-FR","@id":"https:\/\/secure.gravatar.com\/avatar\/0a2867fd5abe37bed95d5a65e9d58f01756e11efc68af9888dfc50cfa7f65948?s=96&d=mm&r=gb490554db0a38188709de567aa58480d","url":"https:\/\/secure.gravatar.com\/avatar\/0a2867fd5abe37bed95d5a65e9d58f01756e11efc68af9888dfc50cfa7f65948?s=96&d=mm&r=g","contentUrl":"https:\/\/secure.gravatar.com\/avatar\/0a2867fd5abe37bed95d5a65e9d58f01756e11efc68af9888dfc50cfa7f65948?s=96&d=mm&r=g","caption":"Comptoir National de l'Or"},"description":"Notre r\u00e9daction est constitu\u00e9e de membres experts dans les m\u00e9tiers de l'\u00e9conomie et la gestion, des Responsables d'agence Comptoir National de l'Or, des analystes financiers qui publient r\u00e9guli\u00e8rement des \u00e9tudes sur les politiques des banques centrales, le cours de l'or, prix de l'or, cours de l'argent, prix de l'argent, cours du platine, cours du palladium,... la situation en zone euro et l'impact de la strat\u00e9gie mon\u00e9taire de la FED. Notre \u00e9quipe scrute \u00e9galement une information plus g\u00e9n\u00e9raliste \u00e0 la recherche d'actualit\u00e9 \"p\u00e9pite\" \u00e0 vous partager. Depuis 5 ans, nous avons publi\u00e9 un peu plus de 4000 articles qui s'adressent \u00e0 un public large et vari\u00e9 ayant pour objectif de satisfaire votre curiosit\u00e9 et de partager avec vous une certaine fascination pour le m\u00e9tal jaune, le rachat d'or, et pour ceux qui veulent investir dans l'or, vendre leur or tout simplement en savoir plus... Pour tous vos achat or et argent, n'h\u00e9sitez pas \u00e0 prendre rendez-vous dans l'un de nos nombreux comptoirs.","sameAs":["https:\/\/www.gold.fr"]}]}},"authors":[{"term_id":2565,"user_id":18,"is_guest":0,"slug":"julie","display_name":"Comptoir National de l'Or","avatar_url":"https:\/\/secure.gravatar.com\/avatar\/713f289e398d35ead876c4a4cc08607f0d6d266058cfc25683fffb6092d0e572?s=96&d=mm&r=g","0":null,"1":"","2":"","3":"","4":"","5":"","6":"","7":"","8":""}],"_links":{"self":[{"href":"https:\/\/www.gold.fr\/news\/wp-json\/wp\/v2\/posts\/16684","targetHints":{"allow":["GET"]}}],"collection":[{"href":"https:\/\/www.gold.fr\/news\/wp-json\/wp\/v2\/posts"}],"about":[{"href":"https:\/\/www.gold.fr\/news\/wp-json\/wp\/v2\/types\/post"}],"author":[{"embeddable":true,"href":"https:\/\/www.gold.fr\/news\/wp-json\/wp\/v2\/users\/18"}],"replies":[{"embeddable":true,"href":"https:\/\/www.gold.fr\/news\/wp-json\/wp\/v2\/comments?post=16684"}],"version-history":[{"count":0,"href":"https:\/\/www.gold.fr\/news\/wp-json\/wp\/v2\/posts\/16684\/revisions"}],"wp:featuredmedia":[{"embeddable":true,"href":"https:\/\/www.gold.fr\/news\/wp-json\/wp\/v2\/media\/6061"}],"wp:attachment":[{"href":"https:\/\/www.gold.fr\/news\/wp-json\/wp\/v2\/media?parent=16684"}],"wp:term":[{"taxonomy":"category","embeddable":true,"href":"https:\/\/www.gold.fr\/news\/wp-json\/wp\/v2\/categories?post=16684"},{"taxonomy":"post_tag","embeddable":true,"href":"https:\/\/www.gold.fr\/news\/wp-json\/wp\/v2\/tags?post=16684"},{"taxonomy":"author","embeddable":true,"href":"https:\/\/www.gold.fr\/news\/wp-json\/wp\/v2\/ppma_author?post=16684"}],"curies":[{"name":"wp","href":"https:\/\/api.w.org\/{rel}","templated":true}]}}