{"id":16672,"date":"2015-02-16T09:00:59","date_gmt":"2015-02-16T08:00:59","guid":{"rendered":"https:\/\/www.gold.fr\/news\/?p=16672"},"modified":"2021-09-09T14:08:18","modified_gmt":"2021-09-09T12:08:18","slug":"levolution-de-lor-entre-cmo-et-athenes","status":"publish","type":"post","link":"https:\/\/www.gold.fr\/news\/2015\/02\/16\/levolution-de-lor-entre-cmo-et-athenes\/","title":{"rendered":"L\u2019\u00e9volution de l\u2019or, entre CMO et Ath\u00e8nes"},"content":{"rendered":"<p><img loading=\"lazy\" decoding=\"async\" class=\"alignleft size-thumbnail wp-image-2846\" title=\"L\u2019\u00e9volution de l\u2019or, entre CMO et Ath\u00e8nes\" src=\"https:\/\/www.gold.fr\/news\/wp-content\/uploads\/2011\/04\/antiquite.jpg\" alt=\"\" width=\"150\" height=\"150\" \/><span style=\"font-size: small;\"><a title=\"Un regain d\u2019optimisme pour le dossier grec\" href=\"https:\/\/www.gold.fr\/news\/2015\/02\/12\/un-regain-doptimisme-pour-le-dossier-grec\/16659\/\" target=\"_blank\" rel=\"noopener\">Le pi\u00e9tinement du dossier grec<\/a> pourrait bien fournir au march\u00e9 aurif\u00e8re le tremplin n\u00e9cessaire pour rebondir et s&rsquo;extirper de la charni\u00e8re correctionnelle dans laquelle il s&rsquo;est retrouv\u00e9, suite aux espoirs diffus\u00e9s dans les march\u00e9s par la reprise US et le vent d&rsquo;optimisme qui a fortement souffl\u00e9 en provenance de Minsk. Toutefois, une nouvelle pression baissi\u00e8re p\u00e8se actuellement sur les prix du march\u00e9, impos\u00e9e par le dernier rapport du <strong>CMO<\/strong> (conseil mondial de l&rsquo;<a class=\"esk-seo-plu-link\" href=\"https:\/\/www.gold.fr\/news\/tags\/or\">or<\/a>) qui r\u00e9v\u00e8le une nouvelle baisse de la demande mondiale.<\/span> <span style=\"font-size: small;\">Bon nombre d&rsquo;experts ne sont nullement convaincus par une potentielle r\u00e9solution imminente du dossier grec. A l&rsquo;image des sp\u00e9cialistes de la banque priv\u00e9e allemande <strong>Berenberg<\/strong> qui admettent que \u00ab<em> la position grecque semble avoir \u00e9volu\u00e9, et c&rsquo;est une bonne nouvelle<\/em> \u00bb, mais rappellent \u00e9galement que \u00ab <em>Tsipras ne semble pas pour autant avoir adopt\u00e9 une position que ses cr\u00e9anciers soient en mesure d&rsquo;accepter<\/em> \u00bb. M\u00eame ton sceptique chez IG, o\u00f9 les analystes soulignent surtout que \u00ab <em>le ministre allemand des finances Wolfgang Sch\u00e4uble a sugg\u00e9r\u00e9 que les marges pour des n\u00e9gociations \u00e9taient \u00e9troites<\/em> \u00bb, insistant sur l&rsquo;inqui\u00e9tude des dirigeants qui ne souhaitent pas instaurer, avec ce dossier, un pr\u00e9c\u00e9dent pour d&rsquo;autres pays qui seraient tent\u00e9s de prendre le m\u00eame chemin. <\/span> <span style=\"font-size: small;\">Par ailleurs, le <strong>CMO<\/strong> vient de publier un rapport, sous forme de bilan, de l&rsquo;ann\u00e9e aurif\u00e8re <strong>2014<\/strong>. Le constat est assez morose ; la demande mondiale a enregistr\u00e9 une baisse de<strong> 4%<\/strong> \u00e0<strong> 3.924 tonnes<\/strong>, marquant ainsi \u00ab<em> le troisi\u00e8me d\u00e9clin annuel cons\u00e9cutif, et le niveau le plus bas en cinq ans<\/em> \u00bb. <\/span><\/p>\n<!-- AddThis Advanced Settings generic via filter on the_content --><!-- AddThis Share Buttons generic via filter on the_content -->","protected":false},"excerpt":{"rendered":"<p>Le pi\u00e9tinement du dossier grec pourrait bien fournir au march\u00e9 aurif\u00e8re le tremplin n\u00e9cessaire pour rebondir et s&rsquo;extirper de la charni\u00e8re correctionnelle dans laquelle il s&rsquo;est retrouv\u00e9, suite aux espoirs diffus\u00e9s dans les march\u00e9s par la [&hellip;]<\/p>\n","protected":false},"author":18,"featured_media":40166,"comment_status":"closed","ping_status":"closed","sticky":false,"template":"","format":"standard","meta":{"_mbp_gutenberg_autopost":false,"_pgmb_is_evergreen":false,"_pgmb_ap_template_id":0,"footnotes":""},"categories":[6],"tags":[1219,2010,1167,1047],"ppma_author":[2565],"class_list":["post-16672","post","type-post","status-publish","format-standard","has-post-thumbnail","hentry","category-articles-de-presse","tag-cmo","tag-dossier-grec","tag-evolution-or","tag-marche-aurifere"],"yoast_head":"<!-- This site is optimized with the Yoast SEO plugin v27.5 - https:\/\/yoast.com\/product\/yoast-seo-wordpress\/ -->\n<title>L\u2019\u00e9volution de l\u2019or, entre CMO et Ath\u00e8nes - Gold.fr<\/title>\n<meta name=\"robots\" content=\"index, follow, max-snippet:-1, max-image-preview:large, max-video-preview:-1\" \/>\n<link rel=\"canonical\" href=\"https:\/\/www.gold.fr\/news\/2015\/02\/16\/levolution-de-lor-entre-cmo-et-athenes\/\" \/>\n<meta property=\"og:locale\" content=\"fr_FR\" \/>\n<meta property=\"og:type\" content=\"article\" \/>\n<meta property=\"og:title\" content=\"L\u2019\u00e9volution de l\u2019or, entre CMO et Ath\u00e8nes - Gold.fr\" \/>\n<meta property=\"og:description\" content=\"Le pi\u00e9tinement du dossier grec pourrait bien fournir au march\u00e9 aurif\u00e8re le tremplin n\u00e9cessaire pour rebondir et s&rsquo;extirper de la charni\u00e8re correctionnelle dans laquelle il s&rsquo;est retrouv\u00e9, suite aux espoirs diffus\u00e9s dans les march\u00e9s par la [&hellip;]\" \/>\n<meta property=\"og:url\" content=\"https:\/\/www.gold.fr\/news\/2015\/02\/16\/levolution-de-lor-entre-cmo-et-athenes\/\" \/>\n<meta property=\"og:site_name\" content=\"Gold.fr\" \/>\n<meta property=\"article:publisher\" content=\"https:\/\/www.facebook.com\/Goldfr\/\" \/>\n<meta property=\"article:published_time\" content=\"2015-02-16T08:00:59+00:00\" \/>\n<meta property=\"article:modified_time\" content=\"2021-09-09T12:08:18+00:00\" \/>\n<meta property=\"og:image\" content=\"https:\/\/www.gold.fr\/news\/wp-content\/uploads\/2011\/04\/antiquite.jpg\" \/>\n\t<meta property=\"og:image:width\" content=\"626\" \/>\n\t<meta property=\"og:image:height\" content=\"406\" \/>\n\t<meta property=\"og:image:type\" content=\"image\/jpeg\" \/>\n<meta name=\"author\" content=\"Comptoir National de l&#039;Or\" \/>\n<meta name=\"twitter:card\" content=\"summary_large_image\" \/>\n<meta name=\"twitter:label1\" content=\"\u00c9crit par\" \/>\n\t<meta name=\"twitter:data1\" content=\"Comptoir National de l&#039;Or\" \/>\n\t<meta name=\"twitter:label2\" content=\"Dur\u00e9e de lecture estim\u00e9e\" \/>\n\t<meta name=\"twitter:data2\" content=\"1 minute\" \/>\n<script type=\"application\/ld+json\" class=\"yoast-schema-graph\">{\"@context\":\"https:\\\/\\\/schema.org\",\"@graph\":[{\"@type\":\"Article\",\"@id\":\"https:\\\/\\\/www.gold.fr\\\/news\\\/2015\\\/02\\\/16\\\/levolution-de-lor-entre-cmo-et-athenes\\\/#article\",\"isPartOf\":{\"@id\":\"https:\\\/\\\/www.gold.fr\\\/news\\\/2015\\\/02\\\/16\\\/levolution-de-lor-entre-cmo-et-athenes\\\/\"},\"author\":{\"name\":\"Comptoir National de l'Or\",\"@id\":\"https:\\\/\\\/www.gold.fr\\\/news\\\/#\\\/schema\\\/person\\\/070491b4b4fb7671bf59b3be20302ce9\"},\"headline\":\"L\u2019\u00e9volution de l\u2019or, entre CMO et Ath\u00e8nes\",\"datePublished\":\"2015-02-16T08:00:59+00:00\",\"dateModified\":\"2021-09-09T12:08:18+00:00\",\"mainEntityOfPage\":{\"@id\":\"https:\\\/\\\/www.gold.fr\\\/news\\\/2015\\\/02\\\/16\\\/levolution-de-lor-entre-cmo-et-athenes\\\/\"},\"wordCount\":292,\"image\":{\"@id\":\"https:\\\/\\\/www.gold.fr\\\/news\\\/2015\\\/02\\\/16\\\/levolution-de-lor-entre-cmo-et-athenes\\\/#primaryimage\"},\"thumbnailUrl\":\"https:\\\/\\\/www.gold.fr\\\/news\\\/wp-content\\\/uploads\\\/2011\\\/04\\\/antiquite.jpg\",\"keywords\":[\"CMO\",\"dossier grec\",\"evolution or\",\"march\u00e9 aurif\u00e8re\"],\"articleSection\":[\"Articles de presse\"],\"inLanguage\":\"fr-FR\"},{\"@type\":\"WebPage\",\"@id\":\"https:\\\/\\\/www.gold.fr\\\/news\\\/2015\\\/02\\\/16\\\/levolution-de-lor-entre-cmo-et-athenes\\\/\",\"url\":\"https:\\\/\\\/www.gold.fr\\\/news\\\/2015\\\/02\\\/16\\\/levolution-de-lor-entre-cmo-et-athenes\\\/\",\"name\":\"L\u2019\u00e9volution de l\u2019or, entre CMO et Ath\u00e8nes - Gold.fr\",\"isPartOf\":{\"@id\":\"https:\\\/\\\/www.gold.fr\\\/news\\\/#website\"},\"primaryImageOfPage\":{\"@id\":\"https:\\\/\\\/www.gold.fr\\\/news\\\/2015\\\/02\\\/16\\\/levolution-de-lor-entre-cmo-et-athenes\\\/#primaryimage\"},\"image\":{\"@id\":\"https:\\\/\\\/www.gold.fr\\\/news\\\/2015\\\/02\\\/16\\\/levolution-de-lor-entre-cmo-et-athenes\\\/#primaryimage\"},\"thumbnailUrl\":\"https:\\\/\\\/www.gold.fr\\\/news\\\/wp-content\\\/uploads\\\/2011\\\/04\\\/antiquite.jpg\",\"datePublished\":\"2015-02-16T08:00:59+00:00\",\"dateModified\":\"2021-09-09T12:08:18+00:00\",\"author\":{\"@id\":\"https:\\\/\\\/www.gold.fr\\\/news\\\/#\\\/schema\\\/person\\\/070491b4b4fb7671bf59b3be20302ce9\"},\"breadcrumb\":{\"@id\":\"https:\\\/\\\/www.gold.fr\\\/news\\\/2015\\\/02\\\/16\\\/levolution-de-lor-entre-cmo-et-athenes\\\/#breadcrumb\"},\"inLanguage\":\"fr-FR\",\"potentialAction\":[{\"@type\":\"ReadAction\",\"target\":[\"https:\\\/\\\/www.gold.fr\\\/news\\\/2015\\\/02\\\/16\\\/levolution-de-lor-entre-cmo-et-athenes\\\/\"]}]},{\"@type\":\"ImageObject\",\"inLanguage\":\"fr-FR\",\"@id\":\"https:\\\/\\\/www.gold.fr\\\/news\\\/2015\\\/02\\\/16\\\/levolution-de-lor-entre-cmo-et-athenes\\\/#primaryimage\",\"url\":\"https:\\\/\\\/www.gold.fr\\\/news\\\/wp-content\\\/uploads\\\/2011\\\/04\\\/antiquite.jpg\",\"contentUrl\":\"https:\\\/\\\/www.gold.fr\\\/news\\\/wp-content\\\/uploads\\\/2011\\\/04\\\/antiquite.jpg\",\"width\":626,\"height\":406,\"caption\":\"antiquite\"},{\"@type\":\"BreadcrumbList\",\"@id\":\"https:\\\/\\\/www.gold.fr\\\/news\\\/2015\\\/02\\\/16\\\/levolution-de-lor-entre-cmo-et-athenes\\\/#breadcrumb\",\"itemListElement\":[{\"@type\":\"ListItem\",\"position\":1,\"name\":\"Accueil\",\"item\":\"https:\\\/\\\/www.gold.fr\\\/\"},{\"@type\":\"ListItem\",\"position\":2,\"name\":\"Actualit\u00e9s\",\"item\":\"https:\\\/\\\/www.gold.fr\\\/news\\\/\"},{\"@type\":\"ListItem\",\"position\":3,\"name\":\"L\u2019\u00e9volution de l\u2019or, entre CMO et Ath\u00e8nes\"}]},{\"@type\":\"WebSite\",\"@id\":\"https:\\\/\\\/www.gold.fr\\\/news\\\/#website\",\"url\":\"https:\\\/\\\/www.gold.fr\\\/news\\\/\",\"name\":\"Gold.fr\",\"description\":\"Actualit\u00e9s de l&#039;Or et des m\u00e9taux pr\u00e9cieux\",\"potentialAction\":[{\"@type\":\"SearchAction\",\"target\":{\"@type\":\"EntryPoint\",\"urlTemplate\":\"https:\\\/\\\/www.gold.fr\\\/news\\\/?s={search_term_string}\"},\"query-input\":{\"@type\":\"PropertyValueSpecification\",\"valueRequired\":true,\"valueName\":\"search_term_string\"}}],\"inLanguage\":\"fr-FR\"},{\"@type\":\"Person\",\"@id\":\"https:\\\/\\\/www.gold.fr\\\/news\\\/#\\\/schema\\\/person\\\/070491b4b4fb7671bf59b3be20302ce9\",\"name\":\"Comptoir National de l'Or\",\"image\":{\"@type\":\"ImageObject\",\"inLanguage\":\"fr-FR\",\"@id\":\"https:\\\/\\\/secure.gravatar.com\\\/avatar\\\/0a2867fd5abe37bed95d5a65e9d58f01756e11efc68af9888dfc50cfa7f65948?s=96&d=mm&r=gb490554db0a38188709de567aa58480d\",\"url\":\"https:\\\/\\\/secure.gravatar.com\\\/avatar\\\/0a2867fd5abe37bed95d5a65e9d58f01756e11efc68af9888dfc50cfa7f65948?s=96&d=mm&r=g\",\"contentUrl\":\"https:\\\/\\\/secure.gravatar.com\\\/avatar\\\/0a2867fd5abe37bed95d5a65e9d58f01756e11efc68af9888dfc50cfa7f65948?s=96&d=mm&r=g\",\"caption\":\"Comptoir National de l'Or\"},\"description\":\"Notre r\u00e9daction est constitu\u00e9e de membres experts dans les m\u00e9tiers de l'\u00e9conomie et la gestion, des Responsables d'agence Comptoir National de l'Or, des analystes financiers qui publient r\u00e9guli\u00e8rement des \u00e9tudes sur les politiques des banques centrales, le cours de l'or, prix de l'or, cours de l'argent, prix de l'argent, cours du platine, cours du palladium,... la situation en zone euro et l'impact de la strat\u00e9gie mon\u00e9taire de la FED. Notre \u00e9quipe scrute \u00e9galement une information plus g\u00e9n\u00e9raliste \u00e0 la recherche d'actualit\u00e9 \\\"p\u00e9pite\\\" \u00e0 vous partager. Depuis 5 ans, nous avons publi\u00e9 un peu plus de 4000 articles qui s'adressent \u00e0 un public large et vari\u00e9 ayant pour objectif de satisfaire votre curiosit\u00e9 et de partager avec vous une certaine fascination pour le m\u00e9tal jaune, le rachat d'or, et pour ceux qui veulent investir dans l'or, vendre leur or tout simplement en savoir plus... Pour tous vos achat or et argent, n'h\u00e9sitez pas \u00e0 prendre rendez-vous dans l'un de nos nombreux comptoirs.\",\"sameAs\":[\"https:\\\/\\\/www.gold.fr\"]}]}<\/script>\n<!-- \/ Yoast SEO plugin. -->","yoast_head_json":{"title":"L\u2019\u00e9volution de l\u2019or, entre CMO et Ath\u00e8nes - Gold.fr","robots":{"index":"index","follow":"follow","max-snippet":"max-snippet:-1","max-image-preview":"max-image-preview:large","max-video-preview":"max-video-preview:-1"},"canonical":"https:\/\/www.gold.fr\/news\/2015\/02\/16\/levolution-de-lor-entre-cmo-et-athenes\/","og_locale":"fr_FR","og_type":"article","og_title":"L\u2019\u00e9volution de l\u2019or, entre CMO et Ath\u00e8nes - Gold.fr","og_description":"Le pi\u00e9tinement du dossier grec pourrait bien fournir au march\u00e9 aurif\u00e8re le tremplin n\u00e9cessaire pour rebondir et s&rsquo;extirper de la charni\u00e8re correctionnelle dans laquelle il s&rsquo;est retrouv\u00e9, suite aux espoirs diffus\u00e9s dans les march\u00e9s par la [&hellip;]","og_url":"https:\/\/www.gold.fr\/news\/2015\/02\/16\/levolution-de-lor-entre-cmo-et-athenes\/","og_site_name":"Gold.fr","article_publisher":"https:\/\/www.facebook.com\/Goldfr\/","article_published_time":"2015-02-16T08:00:59+00:00","article_modified_time":"2021-09-09T12:08:18+00:00","og_image":[{"width":626,"height":406,"url":"https:\/\/www.gold.fr\/news\/wp-content\/uploads\/2011\/04\/antiquite.jpg","type":"image\/jpeg"}],"author":"Comptoir National de l'Or","twitter_card":"summary_large_image","twitter_misc":{"\u00c9crit par":"Comptoir National de l'Or","Dur\u00e9e de lecture estim\u00e9e":"1 minute"},"schema":{"@context":"https:\/\/schema.org","@graph":[{"@type":"Article","@id":"https:\/\/www.gold.fr\/news\/2015\/02\/16\/levolution-de-lor-entre-cmo-et-athenes\/#article","isPartOf":{"@id":"https:\/\/www.gold.fr\/news\/2015\/02\/16\/levolution-de-lor-entre-cmo-et-athenes\/"},"author":{"name":"Comptoir National de l'Or","@id":"https:\/\/www.gold.fr\/news\/#\/schema\/person\/070491b4b4fb7671bf59b3be20302ce9"},"headline":"L\u2019\u00e9volution de l\u2019or, entre CMO et Ath\u00e8nes","datePublished":"2015-02-16T08:00:59+00:00","dateModified":"2021-09-09T12:08:18+00:00","mainEntityOfPage":{"@id":"https:\/\/www.gold.fr\/news\/2015\/02\/16\/levolution-de-lor-entre-cmo-et-athenes\/"},"wordCount":292,"image":{"@id":"https:\/\/www.gold.fr\/news\/2015\/02\/16\/levolution-de-lor-entre-cmo-et-athenes\/#primaryimage"},"thumbnailUrl":"https:\/\/www.gold.fr\/news\/wp-content\/uploads\/2011\/04\/antiquite.jpg","keywords":["CMO","dossier grec","evolution or","march\u00e9 aurif\u00e8re"],"articleSection":["Articles de presse"],"inLanguage":"fr-FR"},{"@type":"WebPage","@id":"https:\/\/www.gold.fr\/news\/2015\/02\/16\/levolution-de-lor-entre-cmo-et-athenes\/","url":"https:\/\/www.gold.fr\/news\/2015\/02\/16\/levolution-de-lor-entre-cmo-et-athenes\/","name":"L\u2019\u00e9volution de l\u2019or, entre CMO et Ath\u00e8nes - Gold.fr","isPartOf":{"@id":"https:\/\/www.gold.fr\/news\/#website"},"primaryImageOfPage":{"@id":"https:\/\/www.gold.fr\/news\/2015\/02\/16\/levolution-de-lor-entre-cmo-et-athenes\/#primaryimage"},"image":{"@id":"https:\/\/www.gold.fr\/news\/2015\/02\/16\/levolution-de-lor-entre-cmo-et-athenes\/#primaryimage"},"thumbnailUrl":"https:\/\/www.gold.fr\/news\/wp-content\/uploads\/2011\/04\/antiquite.jpg","datePublished":"2015-02-16T08:00:59+00:00","dateModified":"2021-09-09T12:08:18+00:00","author":{"@id":"https:\/\/www.gold.fr\/news\/#\/schema\/person\/070491b4b4fb7671bf59b3be20302ce9"},"breadcrumb":{"@id":"https:\/\/www.gold.fr\/news\/2015\/02\/16\/levolution-de-lor-entre-cmo-et-athenes\/#breadcrumb"},"inLanguage":"fr-FR","potentialAction":[{"@type":"ReadAction","target":["https:\/\/www.gold.fr\/news\/2015\/02\/16\/levolution-de-lor-entre-cmo-et-athenes\/"]}]},{"@type":"ImageObject","inLanguage":"fr-FR","@id":"https:\/\/www.gold.fr\/news\/2015\/02\/16\/levolution-de-lor-entre-cmo-et-athenes\/#primaryimage","url":"https:\/\/www.gold.fr\/news\/wp-content\/uploads\/2011\/04\/antiquite.jpg","contentUrl":"https:\/\/www.gold.fr\/news\/wp-content\/uploads\/2011\/04\/antiquite.jpg","width":626,"height":406,"caption":"antiquite"},{"@type":"BreadcrumbList","@id":"https:\/\/www.gold.fr\/news\/2015\/02\/16\/levolution-de-lor-entre-cmo-et-athenes\/#breadcrumb","itemListElement":[{"@type":"ListItem","position":1,"name":"Accueil","item":"https:\/\/www.gold.fr\/"},{"@type":"ListItem","position":2,"name":"Actualit\u00e9s","item":"https:\/\/www.gold.fr\/news\/"},{"@type":"ListItem","position":3,"name":"L\u2019\u00e9volution de l\u2019or, entre CMO et Ath\u00e8nes"}]},{"@type":"WebSite","@id":"https:\/\/www.gold.fr\/news\/#website","url":"https:\/\/www.gold.fr\/news\/","name":"Gold.fr","description":"Actualit\u00e9s de l&#039;Or et des m\u00e9taux pr\u00e9cieux","potentialAction":[{"@type":"SearchAction","target":{"@type":"EntryPoint","urlTemplate":"https:\/\/www.gold.fr\/news\/?s={search_term_string}"},"query-input":{"@type":"PropertyValueSpecification","valueRequired":true,"valueName":"search_term_string"}}],"inLanguage":"fr-FR"},{"@type":"Person","@id":"https:\/\/www.gold.fr\/news\/#\/schema\/person\/070491b4b4fb7671bf59b3be20302ce9","name":"Comptoir National de l'Or","image":{"@type":"ImageObject","inLanguage":"fr-FR","@id":"https:\/\/secure.gravatar.com\/avatar\/0a2867fd5abe37bed95d5a65e9d58f01756e11efc68af9888dfc50cfa7f65948?s=96&d=mm&r=gb490554db0a38188709de567aa58480d","url":"https:\/\/secure.gravatar.com\/avatar\/0a2867fd5abe37bed95d5a65e9d58f01756e11efc68af9888dfc50cfa7f65948?s=96&d=mm&r=g","contentUrl":"https:\/\/secure.gravatar.com\/avatar\/0a2867fd5abe37bed95d5a65e9d58f01756e11efc68af9888dfc50cfa7f65948?s=96&d=mm&r=g","caption":"Comptoir National de l'Or"},"description":"Notre r\u00e9daction est constitu\u00e9e de membres experts dans les m\u00e9tiers de l'\u00e9conomie et la gestion, des Responsables d'agence Comptoir National de l'Or, des analystes financiers qui publient r\u00e9guli\u00e8rement des \u00e9tudes sur les politiques des banques centrales, le cours de l'or, prix de l'or, cours de l'argent, prix de l'argent, cours du platine, cours du palladium,... la situation en zone euro et l'impact de la strat\u00e9gie mon\u00e9taire de la FED. Notre \u00e9quipe scrute \u00e9galement une information plus g\u00e9n\u00e9raliste \u00e0 la recherche d'actualit\u00e9 \"p\u00e9pite\" \u00e0 vous partager. Depuis 5 ans, nous avons publi\u00e9 un peu plus de 4000 articles qui s'adressent \u00e0 un public large et vari\u00e9 ayant pour objectif de satisfaire votre curiosit\u00e9 et de partager avec vous une certaine fascination pour le m\u00e9tal jaune, le rachat d'or, et pour ceux qui veulent investir dans l'or, vendre leur or tout simplement en savoir plus... Pour tous vos achat or et argent, n'h\u00e9sitez pas \u00e0 prendre rendez-vous dans l'un de nos nombreux comptoirs.","sameAs":["https:\/\/www.gold.fr"]}]}},"authors":[{"term_id":2565,"user_id":18,"is_guest":0,"slug":"julie","display_name":"Comptoir National de l'Or","avatar_url":"https:\/\/secure.gravatar.com\/avatar\/713f289e398d35ead876c4a4cc08607f0d6d266058cfc25683fffb6092d0e572?s=96&d=mm&r=g","0":null,"1":"","2":"","3":"","4":"","5":"","6":"","7":"","8":""}],"_links":{"self":[{"href":"https:\/\/www.gold.fr\/news\/wp-json\/wp\/v2\/posts\/16672","targetHints":{"allow":["GET"]}}],"collection":[{"href":"https:\/\/www.gold.fr\/news\/wp-json\/wp\/v2\/posts"}],"about":[{"href":"https:\/\/www.gold.fr\/news\/wp-json\/wp\/v2\/types\/post"}],"author":[{"embeddable":true,"href":"https:\/\/www.gold.fr\/news\/wp-json\/wp\/v2\/users\/18"}],"replies":[{"embeddable":true,"href":"https:\/\/www.gold.fr\/news\/wp-json\/wp\/v2\/comments?post=16672"}],"version-history":[{"count":0,"href":"https:\/\/www.gold.fr\/news\/wp-json\/wp\/v2\/posts\/16672\/revisions"}],"wp:featuredmedia":[{"embeddable":true,"href":"https:\/\/www.gold.fr\/news\/wp-json\/wp\/v2\/media\/40166"}],"wp:attachment":[{"href":"https:\/\/www.gold.fr\/news\/wp-json\/wp\/v2\/media?parent=16672"}],"wp:term":[{"taxonomy":"category","embeddable":true,"href":"https:\/\/www.gold.fr\/news\/wp-json\/wp\/v2\/categories?post=16672"},{"taxonomy":"post_tag","embeddable":true,"href":"https:\/\/www.gold.fr\/news\/wp-json\/wp\/v2\/tags?post=16672"},{"taxonomy":"author","embeddable":true,"href":"https:\/\/www.gold.fr\/news\/wp-json\/wp\/v2\/ppma_author?post=16672"}],"curies":[{"name":"wp","href":"https:\/\/api.w.org\/{rel}","templated":true}]}}