{"id":16670,"date":"2015-02-13T17:00:31","date_gmt":"2015-02-13T16:00:31","guid":{"rendered":"https:\/\/www.gold.fr\/news\/?p=16670"},"modified":"2018-02-22T14:30:31","modified_gmt":"2018-02-22T13:30:31","slug":"europgroupe-et-minsk-plombent-le-prix-de-lonce","status":"publish","type":"post","link":"https:\/\/www.gold.fr\/news\/2015\/02\/13\/europgroupe-et-minsk-plombent-le-prix-de-lonce\/","title":{"rendered":"Europgroupe et Minsk plombent le prix de l\u2019once"},"content":{"rendered":"<p><img loading=\"lazy\" decoding=\"async\" class=\"alignleft size-thumbnail wp-image-2925\" title=\"Europgroupe et Minsk plombent le prix de l\u2019once\" src=\"https:\/\/www.gold.fr\/news\/wp-content\/uploads\/2011\/10\/974582111-150x150.jpg\" alt=\"\" width=\"150\" height=\"150\" \/><span style=\"font-size: small;\">L&rsquo;optimisme des march\u00e9s aura finalement eu raison des <a title=\"L\u2019or stagne, l\u2019Ukraine en vue\" href=\"https:\/\/www.gold.fr\/news\/2015\/02\/12\/lor-stagne-lukraine-en-vue\/16661\/\" target=\"_blank\">tentatives de reprise de l\u2019once<\/a>. Pris entre l&rsquo;Eurogroupe et le Minsk, le <a href='https:\/\/www.gold.fr\/news\/tags\/or' class='esk-seo-plu-link'>m\u00e9tal jaune<\/a> a fini par c\u00e9der sous le poids des pressions impos\u00e9es par l&rsquo;accumulation des facteurs baissiers.<\/span>    <span style=\"font-size: small;\">Certes, rien n&rsquo;est encore d\u00e9cid\u00e9 dans le dossier grec et les d\u00e9clarations de l&rsquo;<strong>Europgroupe<\/strong> ont essentiellement d\u00e9partag\u00e9 les avis experts, entre ceux qui y per\u00e7oivent un d\u00e9but de r\u00e9elle r\u00e9solution du probl\u00e8me persistant, et ceux qui demeurent sceptiques quant aux v\u00e9ritables intentions de l&rsquo;institution. Chez <strong>Barclays Bourse<\/strong>, c&rsquo;est justement le scepticisme qui domine, puisque l&rsquo;\u00e9quipe d&rsquo;analystes souligne que \u00ab<em> c\u00f4t\u00e9 Eurogroupe (\u2026), Ath\u00e8nes et ses partenaires europ\u00e9ens n&rsquo;ont pas pu se mettre d&rsquo;accord et nous consid\u00e9rons que les points de vue sont encore tr\u00e8s divergents \u00e0 ce jour<\/em> \u00bb, m\u00eame s&rsquo;ils ne manquent pas de noter que les n\u00e9gociations sont encore maintenues.<\/span>    <span style=\"font-size: small;\">Du coup, et \u00e9tant donn\u00e9 <a title=\"Des march\u00e9s m\u00e9fiants, Ath\u00e8nes dans le collimateur\" href=\"https:\/\/www.gold.fr\/news\/2015\/02\/12\/des-marches-mefiants-athenes-dans-le-collimateur\/16663\/\" target=\"_blank\">les r\u00e9actions mitig\u00e9es concernant le dossier grec<\/a>, c&rsquo;est surtout le dossier ukrainien qui explique la vague d&rsquo;optimisme qui a travers\u00e9 l&rsquo;ensemble des march\u00e9s internationaux, et notamment les places boursi\u00e8res europ\u00e9ennes. La rumeur (relativement officielle) court concernant le succ\u00e8s \u2013assez inattendu- des n\u00e9gociations \u00e0 <strong>Minsk<\/strong>. Les observateurs rapportent en effet qu&rsquo;un \u00ab <em>accord de cessez-le-feu a \u00e9t\u00e9 conclu \u00e0 Minsk entre les chefs d&rsquo;Etat et de gouvernement russe, ukrainien, allemand et fran\u00e7ais<\/em> \u00bb, et sera appliqu\u00e9 d\u00e8s dimanche. <\/span><\/p>\n<!-- AddThis Advanced Settings generic via filter on the_content --><!-- AddThis Share Buttons generic via filter on the_content -->","protected":false},"excerpt":{"rendered":"<p>L&rsquo;optimisme des march\u00e9s aura finalement eu raison des tentatives de reprise de l\u2019once. Pris entre l&rsquo;Eurogroupe et le Minsk, le m\u00e9tal jaune a fini par c\u00e9der sous le poids des pressions impos\u00e9es par l&rsquo;accumulation des facteurs [&hellip;]<\/p>\n","protected":false},"author":18,"featured_media":2925,"comment_status":"open","ping_status":"open","sticky":false,"template":"","format":"standard","meta":{"_mbp_gutenberg_autopost":false,"_pgmb_is_evergreen":false,"_pgmb_ap_template_id":0,"footnotes":""},"categories":[6],"tags":[2010,2017,932,927],"ppma_author":[2565],"class_list":["post-16670","post","type-post","status-publish","format-standard","has-post-thumbnail","hentry","category-articles-de-presse","tag-dossier-grec","tag-europgroupe","tag-metal-jaune","tag-prix-de-lonce"],"yoast_head":"<!-- This site is optimized with the Yoast SEO plugin v27.5 - https:\/\/yoast.com\/product\/yoast-seo-wordpress\/ -->\n<title>Europgroupe et Minsk plombent le prix de l\u2019once - Gold.fr<\/title>\n<meta name=\"robots\" content=\"index, follow, max-snippet:-1, max-image-preview:large, max-video-preview:-1\" \/>\n<link rel=\"canonical\" href=\"https:\/\/www.gold.fr\/news\/2015\/02\/13\/europgroupe-et-minsk-plombent-le-prix-de-lonce\/\" \/>\n<meta property=\"og:locale\" content=\"fr_FR\" \/>\n<meta property=\"og:type\" content=\"article\" \/>\n<meta property=\"og:title\" content=\"Europgroupe et Minsk plombent le prix de l\u2019once - Gold.fr\" \/>\n<meta property=\"og:description\" content=\"L&rsquo;optimisme des march\u00e9s aura finalement eu raison des tentatives de reprise de l\u2019once. Pris entre l&rsquo;Eurogroupe et le Minsk, le m\u00e9tal jaune a fini par c\u00e9der sous le poids des pressions impos\u00e9es par l&rsquo;accumulation des facteurs [&hellip;]\" \/>\n<meta property=\"og:url\" content=\"https:\/\/www.gold.fr\/news\/2015\/02\/13\/europgroupe-et-minsk-plombent-le-prix-de-lonce\/\" \/>\n<meta property=\"og:site_name\" content=\"Gold.fr\" \/>\n<meta property=\"article:publisher\" content=\"https:\/\/www.facebook.com\/Goldfr\/\" \/>\n<meta property=\"article:published_time\" content=\"2015-02-13T16:00:31+00:00\" \/>\n<meta property=\"article:modified_time\" content=\"2018-02-22T13:30:31+00:00\" \/>\n<meta property=\"og:image\" content=\"https:\/\/www.gold.fr\/news\/wp-content\/uploads\/2011\/10\/974582111.jpg\" \/>\n\t<meta property=\"og:image:width\" content=\"600\" \/>\n\t<meta property=\"og:image:height\" content=\"407\" \/>\n\t<meta property=\"og:image:type\" content=\"image\/jpeg\" \/>\n<meta name=\"author\" content=\"Comptoir National de l&#039;Or\" \/>\n<meta name=\"twitter:card\" content=\"summary_large_image\" \/>\n<meta name=\"twitter:label1\" content=\"\u00c9crit par\" \/>\n\t<meta name=\"twitter:data1\" content=\"Comptoir National de l&#039;Or\" \/>\n\t<meta name=\"twitter:label2\" content=\"Dur\u00e9e de lecture estim\u00e9e\" \/>\n\t<meta name=\"twitter:data2\" content=\"1 minute\" \/>\n<script type=\"application\/ld+json\" class=\"yoast-schema-graph\">{\"@context\":\"https:\\\/\\\/schema.org\",\"@graph\":[{\"@type\":\"Article\",\"@id\":\"https:\\\/\\\/www.gold.fr\\\/news\\\/2015\\\/02\\\/13\\\/europgroupe-et-minsk-plombent-le-prix-de-lonce\\\/#article\",\"isPartOf\":{\"@id\":\"https:\\\/\\\/www.gold.fr\\\/news\\\/2015\\\/02\\\/13\\\/europgroupe-et-minsk-plombent-le-prix-de-lonce\\\/\"},\"author\":{\"name\":\"Comptoir National de l'Or\",\"@id\":\"https:\\\/\\\/www.gold.fr\\\/news\\\/#\\\/schema\\\/person\\\/070491b4b4fb7671bf59b3be20302ce9\"},\"headline\":\"Europgroupe et Minsk plombent le prix de l\u2019once\",\"datePublished\":\"2015-02-13T16:00:31+00:00\",\"dateModified\":\"2018-02-22T13:30:31+00:00\",\"mainEntityOfPage\":{\"@id\":\"https:\\\/\\\/www.gold.fr\\\/news\\\/2015\\\/02\\\/13\\\/europgroupe-et-minsk-plombent-le-prix-de-lonce\\\/\"},\"wordCount\":269,\"commentCount\":0,\"image\":{\"@id\":\"https:\\\/\\\/www.gold.fr\\\/news\\\/2015\\\/02\\\/13\\\/europgroupe-et-minsk-plombent-le-prix-de-lonce\\\/#primaryimage\"},\"thumbnailUrl\":\"https:\\\/\\\/www.gold.fr\\\/news\\\/wp-content\\\/uploads\\\/2011\\\/10\\\/974582111.jpg\",\"keywords\":[\"dossier grec\",\"Europgroupe\",\"M\u00e9tal jaune\",\"prix de l'once\"],\"articleSection\":[\"Articles de presse\"],\"inLanguage\":\"fr-FR\"},{\"@type\":\"WebPage\",\"@id\":\"https:\\\/\\\/www.gold.fr\\\/news\\\/2015\\\/02\\\/13\\\/europgroupe-et-minsk-plombent-le-prix-de-lonce\\\/\",\"url\":\"https:\\\/\\\/www.gold.fr\\\/news\\\/2015\\\/02\\\/13\\\/europgroupe-et-minsk-plombent-le-prix-de-lonce\\\/\",\"name\":\"Europgroupe et Minsk plombent le prix de l\u2019once - Gold.fr\",\"isPartOf\":{\"@id\":\"https:\\\/\\\/www.gold.fr\\\/news\\\/#website\"},\"primaryImageOfPage\":{\"@id\":\"https:\\\/\\\/www.gold.fr\\\/news\\\/2015\\\/02\\\/13\\\/europgroupe-et-minsk-plombent-le-prix-de-lonce\\\/#primaryimage\"},\"image\":{\"@id\":\"https:\\\/\\\/www.gold.fr\\\/news\\\/2015\\\/02\\\/13\\\/europgroupe-et-minsk-plombent-le-prix-de-lonce\\\/#primaryimage\"},\"thumbnailUrl\":\"https:\\\/\\\/www.gold.fr\\\/news\\\/wp-content\\\/uploads\\\/2011\\\/10\\\/974582111.jpg\",\"datePublished\":\"2015-02-13T16:00:31+00:00\",\"dateModified\":\"2018-02-22T13:30:31+00:00\",\"author\":{\"@id\":\"https:\\\/\\\/www.gold.fr\\\/news\\\/#\\\/schema\\\/person\\\/070491b4b4fb7671bf59b3be20302ce9\"},\"breadcrumb\":{\"@id\":\"https:\\\/\\\/www.gold.fr\\\/news\\\/2015\\\/02\\\/13\\\/europgroupe-et-minsk-plombent-le-prix-de-lonce\\\/#breadcrumb\"},\"inLanguage\":\"fr-FR\",\"potentialAction\":[{\"@type\":\"ReadAction\",\"target\":[\"https:\\\/\\\/www.gold.fr\\\/news\\\/2015\\\/02\\\/13\\\/europgroupe-et-minsk-plombent-le-prix-de-lonce\\\/\"]}]},{\"@type\":\"ImageObject\",\"inLanguage\":\"fr-FR\",\"@id\":\"https:\\\/\\\/www.gold.fr\\\/news\\\/2015\\\/02\\\/13\\\/europgroupe-et-minsk-plombent-le-prix-de-lonce\\\/#primaryimage\",\"url\":\"https:\\\/\\\/www.gold.fr\\\/news\\\/wp-content\\\/uploads\\\/2011\\\/10\\\/974582111.jpg\",\"contentUrl\":\"https:\\\/\\\/www.gold.fr\\\/news\\\/wp-content\\\/uploads\\\/2011\\\/10\\\/974582111.jpg\",\"width\":\"600\",\"height\":\"407\",\"caption\":\"March\u00e9 de l\u2019or : Une hausse semestrielle de 30%\"},{\"@type\":\"BreadcrumbList\",\"@id\":\"https:\\\/\\\/www.gold.fr\\\/news\\\/2015\\\/02\\\/13\\\/europgroupe-et-minsk-plombent-le-prix-de-lonce\\\/#breadcrumb\",\"itemListElement\":[{\"@type\":\"ListItem\",\"position\":1,\"name\":\"Accueil\",\"item\":\"https:\\\/\\\/www.gold.fr\\\/\"},{\"@type\":\"ListItem\",\"position\":2,\"name\":\"Actualit\u00e9s\",\"item\":\"https:\\\/\\\/www.gold.fr\\\/news\\\/\"},{\"@type\":\"ListItem\",\"position\":3,\"name\":\"Europgroupe et Minsk plombent le prix de l\u2019once\"}]},{\"@type\":\"WebSite\",\"@id\":\"https:\\\/\\\/www.gold.fr\\\/news\\\/#website\",\"url\":\"https:\\\/\\\/www.gold.fr\\\/news\\\/\",\"name\":\"Gold.fr\",\"description\":\"Actualit\u00e9s de l&#039;Or et des m\u00e9taux pr\u00e9cieux\",\"potentialAction\":[{\"@type\":\"SearchAction\",\"target\":{\"@type\":\"EntryPoint\",\"urlTemplate\":\"https:\\\/\\\/www.gold.fr\\\/news\\\/?s={search_term_string}\"},\"query-input\":{\"@type\":\"PropertyValueSpecification\",\"valueRequired\":true,\"valueName\":\"search_term_string\"}}],\"inLanguage\":\"fr-FR\"},{\"@type\":\"Person\",\"@id\":\"https:\\\/\\\/www.gold.fr\\\/news\\\/#\\\/schema\\\/person\\\/070491b4b4fb7671bf59b3be20302ce9\",\"name\":\"Comptoir National de l'Or\",\"image\":{\"@type\":\"ImageObject\",\"inLanguage\":\"fr-FR\",\"@id\":\"https:\\\/\\\/secure.gravatar.com\\\/avatar\\\/0a2867fd5abe37bed95d5a65e9d58f01756e11efc68af9888dfc50cfa7f65948?s=96&d=mm&r=gb490554db0a38188709de567aa58480d\",\"url\":\"https:\\\/\\\/secure.gravatar.com\\\/avatar\\\/0a2867fd5abe37bed95d5a65e9d58f01756e11efc68af9888dfc50cfa7f65948?s=96&d=mm&r=g\",\"contentUrl\":\"https:\\\/\\\/secure.gravatar.com\\\/avatar\\\/0a2867fd5abe37bed95d5a65e9d58f01756e11efc68af9888dfc50cfa7f65948?s=96&d=mm&r=g\",\"caption\":\"Comptoir National de l'Or\"},\"description\":\"Notre r\u00e9daction est constitu\u00e9e de membres experts dans les m\u00e9tiers de l'\u00e9conomie et la gestion, des Responsables d'agence Comptoir National de l'Or, des analystes financiers qui publient r\u00e9guli\u00e8rement des \u00e9tudes sur les politiques des banques centrales, le cours de l'or, prix de l'or, cours de l'argent, prix de l'argent, cours du platine, cours du palladium,... la situation en zone euro et l'impact de la strat\u00e9gie mon\u00e9taire de la FED. Notre \u00e9quipe scrute \u00e9galement une information plus g\u00e9n\u00e9raliste \u00e0 la recherche d'actualit\u00e9 \\\"p\u00e9pite\\\" \u00e0 vous partager. Depuis 5 ans, nous avons publi\u00e9 un peu plus de 4000 articles qui s'adressent \u00e0 un public large et vari\u00e9 ayant pour objectif de satisfaire votre curiosit\u00e9 et de partager avec vous une certaine fascination pour le m\u00e9tal jaune, le rachat d'or, et pour ceux qui veulent investir dans l'or, vendre leur or tout simplement en savoir plus... Pour tous vos achat or et argent, n'h\u00e9sitez pas \u00e0 prendre rendez-vous dans l'un de nos nombreux comptoirs.\",\"sameAs\":[\"https:\\\/\\\/www.gold.fr\"]}]}<\/script>\n<!-- \/ Yoast SEO plugin. -->","yoast_head_json":{"title":"Europgroupe et Minsk plombent le prix de l\u2019once - Gold.fr","robots":{"index":"index","follow":"follow","max-snippet":"max-snippet:-1","max-image-preview":"max-image-preview:large","max-video-preview":"max-video-preview:-1"},"canonical":"https:\/\/www.gold.fr\/news\/2015\/02\/13\/europgroupe-et-minsk-plombent-le-prix-de-lonce\/","og_locale":"fr_FR","og_type":"article","og_title":"Europgroupe et Minsk plombent le prix de l\u2019once - Gold.fr","og_description":"L&rsquo;optimisme des march\u00e9s aura finalement eu raison des tentatives de reprise de l\u2019once. Pris entre l&rsquo;Eurogroupe et le Minsk, le m\u00e9tal jaune a fini par c\u00e9der sous le poids des pressions impos\u00e9es par l&rsquo;accumulation des facteurs [&hellip;]","og_url":"https:\/\/www.gold.fr\/news\/2015\/02\/13\/europgroupe-et-minsk-plombent-le-prix-de-lonce\/","og_site_name":"Gold.fr","article_publisher":"https:\/\/www.facebook.com\/Goldfr\/","article_published_time":"2015-02-13T16:00:31+00:00","article_modified_time":"2018-02-22T13:30:31+00:00","og_image":[{"width":600,"height":407,"url":"https:\/\/www.gold.fr\/news\/wp-content\/uploads\/2011\/10\/974582111.jpg","type":"image\/jpeg"}],"author":"Comptoir National de l'Or","twitter_card":"summary_large_image","twitter_misc":{"\u00c9crit par":"Comptoir National de l'Or","Dur\u00e9e de lecture estim\u00e9e":"1 minute"},"schema":{"@context":"https:\/\/schema.org","@graph":[{"@type":"Article","@id":"https:\/\/www.gold.fr\/news\/2015\/02\/13\/europgroupe-et-minsk-plombent-le-prix-de-lonce\/#article","isPartOf":{"@id":"https:\/\/www.gold.fr\/news\/2015\/02\/13\/europgroupe-et-minsk-plombent-le-prix-de-lonce\/"},"author":{"name":"Comptoir National de l'Or","@id":"https:\/\/www.gold.fr\/news\/#\/schema\/person\/070491b4b4fb7671bf59b3be20302ce9"},"headline":"Europgroupe et Minsk plombent le prix de l\u2019once","datePublished":"2015-02-13T16:00:31+00:00","dateModified":"2018-02-22T13:30:31+00:00","mainEntityOfPage":{"@id":"https:\/\/www.gold.fr\/news\/2015\/02\/13\/europgroupe-et-minsk-plombent-le-prix-de-lonce\/"},"wordCount":269,"commentCount":0,"image":{"@id":"https:\/\/www.gold.fr\/news\/2015\/02\/13\/europgroupe-et-minsk-plombent-le-prix-de-lonce\/#primaryimage"},"thumbnailUrl":"https:\/\/www.gold.fr\/news\/wp-content\/uploads\/2011\/10\/974582111.jpg","keywords":["dossier grec","Europgroupe","M\u00e9tal jaune","prix de l'once"],"articleSection":["Articles de presse"],"inLanguage":"fr-FR"},{"@type":"WebPage","@id":"https:\/\/www.gold.fr\/news\/2015\/02\/13\/europgroupe-et-minsk-plombent-le-prix-de-lonce\/","url":"https:\/\/www.gold.fr\/news\/2015\/02\/13\/europgroupe-et-minsk-plombent-le-prix-de-lonce\/","name":"Europgroupe et Minsk plombent le prix de l\u2019once - Gold.fr","isPartOf":{"@id":"https:\/\/www.gold.fr\/news\/#website"},"primaryImageOfPage":{"@id":"https:\/\/www.gold.fr\/news\/2015\/02\/13\/europgroupe-et-minsk-plombent-le-prix-de-lonce\/#primaryimage"},"image":{"@id":"https:\/\/www.gold.fr\/news\/2015\/02\/13\/europgroupe-et-minsk-plombent-le-prix-de-lonce\/#primaryimage"},"thumbnailUrl":"https:\/\/www.gold.fr\/news\/wp-content\/uploads\/2011\/10\/974582111.jpg","datePublished":"2015-02-13T16:00:31+00:00","dateModified":"2018-02-22T13:30:31+00:00","author":{"@id":"https:\/\/www.gold.fr\/news\/#\/schema\/person\/070491b4b4fb7671bf59b3be20302ce9"},"breadcrumb":{"@id":"https:\/\/www.gold.fr\/news\/2015\/02\/13\/europgroupe-et-minsk-plombent-le-prix-de-lonce\/#breadcrumb"},"inLanguage":"fr-FR","potentialAction":[{"@type":"ReadAction","target":["https:\/\/www.gold.fr\/news\/2015\/02\/13\/europgroupe-et-minsk-plombent-le-prix-de-lonce\/"]}]},{"@type":"ImageObject","inLanguage":"fr-FR","@id":"https:\/\/www.gold.fr\/news\/2015\/02\/13\/europgroupe-et-minsk-plombent-le-prix-de-lonce\/#primaryimage","url":"https:\/\/www.gold.fr\/news\/wp-content\/uploads\/2011\/10\/974582111.jpg","contentUrl":"https:\/\/www.gold.fr\/news\/wp-content\/uploads\/2011\/10\/974582111.jpg","width":"600","height":"407","caption":"March\u00e9 de l\u2019or : Une hausse semestrielle de 30%"},{"@type":"BreadcrumbList","@id":"https:\/\/www.gold.fr\/news\/2015\/02\/13\/europgroupe-et-minsk-plombent-le-prix-de-lonce\/#breadcrumb","itemListElement":[{"@type":"ListItem","position":1,"name":"Accueil","item":"https:\/\/www.gold.fr\/"},{"@type":"ListItem","position":2,"name":"Actualit\u00e9s","item":"https:\/\/www.gold.fr\/news\/"},{"@type":"ListItem","position":3,"name":"Europgroupe et Minsk plombent le prix de l\u2019once"}]},{"@type":"WebSite","@id":"https:\/\/www.gold.fr\/news\/#website","url":"https:\/\/www.gold.fr\/news\/","name":"Gold.fr","description":"Actualit\u00e9s de l&#039;Or et des m\u00e9taux pr\u00e9cieux","potentialAction":[{"@type":"SearchAction","target":{"@type":"EntryPoint","urlTemplate":"https:\/\/www.gold.fr\/news\/?s={search_term_string}"},"query-input":{"@type":"PropertyValueSpecification","valueRequired":true,"valueName":"search_term_string"}}],"inLanguage":"fr-FR"},{"@type":"Person","@id":"https:\/\/www.gold.fr\/news\/#\/schema\/person\/070491b4b4fb7671bf59b3be20302ce9","name":"Comptoir National de l'Or","image":{"@type":"ImageObject","inLanguage":"fr-FR","@id":"https:\/\/secure.gravatar.com\/avatar\/0a2867fd5abe37bed95d5a65e9d58f01756e11efc68af9888dfc50cfa7f65948?s=96&d=mm&r=gb490554db0a38188709de567aa58480d","url":"https:\/\/secure.gravatar.com\/avatar\/0a2867fd5abe37bed95d5a65e9d58f01756e11efc68af9888dfc50cfa7f65948?s=96&d=mm&r=g","contentUrl":"https:\/\/secure.gravatar.com\/avatar\/0a2867fd5abe37bed95d5a65e9d58f01756e11efc68af9888dfc50cfa7f65948?s=96&d=mm&r=g","caption":"Comptoir National de l'Or"},"description":"Notre r\u00e9daction est constitu\u00e9e de membres experts dans les m\u00e9tiers de l'\u00e9conomie et la gestion, des Responsables d'agence Comptoir National de l'Or, des analystes financiers qui publient r\u00e9guli\u00e8rement des \u00e9tudes sur les politiques des banques centrales, le cours de l'or, prix de l'or, cours de l'argent, prix de l'argent, cours du platine, cours du palladium,... la situation en zone euro et l'impact de la strat\u00e9gie mon\u00e9taire de la FED. Notre \u00e9quipe scrute \u00e9galement une information plus g\u00e9n\u00e9raliste \u00e0 la recherche d'actualit\u00e9 \"p\u00e9pite\" \u00e0 vous partager. Depuis 5 ans, nous avons publi\u00e9 un peu plus de 4000 articles qui s'adressent \u00e0 un public large et vari\u00e9 ayant pour objectif de satisfaire votre curiosit\u00e9 et de partager avec vous une certaine fascination pour le m\u00e9tal jaune, le rachat d'or, et pour ceux qui veulent investir dans l'or, vendre leur or tout simplement en savoir plus... Pour tous vos achat or et argent, n'h\u00e9sitez pas \u00e0 prendre rendez-vous dans l'un de nos nombreux comptoirs.","sameAs":["https:\/\/www.gold.fr"]}]}},"authors":[{"term_id":2565,"user_id":18,"is_guest":0,"slug":"julie","display_name":"Comptoir National de l'Or","avatar_url":"https:\/\/secure.gravatar.com\/avatar\/713f289e398d35ead876c4a4cc08607f0d6d266058cfc25683fffb6092d0e572?s=96&d=mm&r=g","0":null,"1":"","2":"","3":"","4":"","5":"","6":"","7":"","8":""}],"_links":{"self":[{"href":"https:\/\/www.gold.fr\/news\/wp-json\/wp\/v2\/posts\/16670","targetHints":{"allow":["GET"]}}],"collection":[{"href":"https:\/\/www.gold.fr\/news\/wp-json\/wp\/v2\/posts"}],"about":[{"href":"https:\/\/www.gold.fr\/news\/wp-json\/wp\/v2\/types\/post"}],"author":[{"embeddable":true,"href":"https:\/\/www.gold.fr\/news\/wp-json\/wp\/v2\/users\/18"}],"replies":[{"embeddable":true,"href":"https:\/\/www.gold.fr\/news\/wp-json\/wp\/v2\/comments?post=16670"}],"version-history":[{"count":0,"href":"https:\/\/www.gold.fr\/news\/wp-json\/wp\/v2\/posts\/16670\/revisions"}],"wp:featuredmedia":[{"embeddable":true,"href":"https:\/\/www.gold.fr\/news\/wp-json\/wp\/v2\/media\/2925"}],"wp:attachment":[{"href":"https:\/\/www.gold.fr\/news\/wp-json\/wp\/v2\/media?parent=16670"}],"wp:term":[{"taxonomy":"category","embeddable":true,"href":"https:\/\/www.gold.fr\/news\/wp-json\/wp\/v2\/categories?post=16670"},{"taxonomy":"post_tag","embeddable":true,"href":"https:\/\/www.gold.fr\/news\/wp-json\/wp\/v2\/tags?post=16670"},{"taxonomy":"author","embeddable":true,"href":"https:\/\/www.gold.fr\/news\/wp-json\/wp\/v2\/ppma_author?post=16670"}],"curies":[{"name":"wp","href":"https:\/\/api.w.org\/{rel}","templated":true}]}}