{"id":16663,"date":"2015-02-12T17:00:47","date_gmt":"2015-02-12T16:00:47","guid":{"rendered":"https:\/\/www.gold.fr\/news\/?p=16663"},"modified":"2018-02-22T14:30:36","modified_gmt":"2018-02-22T13:30:36","slug":"des-marches-mefiants-athenes-dans-le-collimateur","status":"publish","type":"post","link":"https:\/\/www.gold.fr\/news\/2015\/02\/12\/des-marches-mefiants-athenes-dans-le-collimateur\/","title":{"rendered":"Des march\u00e9s m\u00e9fiants, Ath\u00e8nes dans le collimateur"},"content":{"rendered":"<p><img loading=\"lazy\" decoding=\"async\" class=\"alignleft size-thumbnail wp-image-9348\" title=\"Des march\u00e9s m\u00e9fiants, Ath\u00e8nes dans le collimateur\" src=\"https:\/\/www.gold.fr\/news\/wp-content\/uploads\/2012\/09\/billet-euro-dollar-150x150.jpg\" alt=\"\" width=\"150\" height=\"150\" \/><span style=\"font-size: small;\">Les march\u00e9s europ\u00e9ens enregistrent peu de mouvements, <a title=\"L\u2019or tente de stabiliser, sur fond d\u2019impasse grecque\" href=\"https:\/\/www.gold.fr\/news\/2015\/02\/10\/lor-tente-de-stabiliser-sur-fond-dimpasse-grecque\/16648\/\" target=\"_blank\">depuis la s\u00e9ance de mardi<\/a>, pi\u00e9tinant notablement sur fond de m\u00e9fiance g\u00e9n\u00e9rale \u00e0 la veille de ce qui pourrait \u00eatre un tournant d\u00e9cisif dans l\u2019histoire de la <strong>zone euro<\/strong>. Le sommet hautement anticip\u00e9 de l\u2019<strong>Eurogroupe<\/strong> tournera essentiellement autour du dossier grec, et la perspective des d\u00e9cisions potentielles qui s\u2019en suivront font d\u00e9j\u00e0 souffler un vent de panique sur l\u2019ensemble des march\u00e9s euro.<\/span>    <span style=\"font-size: small;\">Dans un contexte \u00e9conomique o\u00f9 les publications, r\u00e9sultats et statistiques (\u00e9conomiques et macro\u00e9conomiques) se font de plus en plus rares, l\u2019issue de ce sommet occupe actuellement le devant de la sc\u00e8ne, \u00e9clipsant tout autre rendez-vous mineur pr\u00e9vu dans le calendrier \u00e9conomique mondial. Les experts de la <strong>Soci\u00e9t\u00e9 G\u00e9n\u00e9rale<\/strong> confirment d\u2019ailleurs l\u2019importance centrale de l\u2019\u00e9v\u00e9nement en soulignant que \u00ab<em>\u00a0l&rsquo;Eurogroupe n&rsquo;est pas seulement \u00e0 l&rsquo;honneur aujourd&rsquo;hui : il a pratiquement toute la sc\u00e8ne \u00e0 sa disposition, \u00e9tant donn\u00e9 l&rsquo;absence d&rsquo;autres annonces significatives\u00a0<\/em>\u00bb. L\u2019\u00e9quipe d\u2019analystes estiment \u00e9galement que \u00ab<em>\u00a0la position grecque sera intenable lors des discussions, et que de ce fait le risque d&rsquo;un d\u00e9sastre pur et simple ne fait qu&rsquo;augmenter<\/em>\u00a0\u00bb, bien que le ton et discours du gouvernement grec ait consid\u00e9rablement chang\u00e9, durant cette semaine, passant du refus cat\u00e9gorique de tout compromis \u00e0 une attitude bien plus apaisante et accommodante.<\/span>    <span style=\"font-size: small;\">Mais une question essentielle continue \u00e0 s\u2019imposer\u00a0; Ath\u00e8nes trouvera-t-elle le moyen d\u2019\u00e9viter un d\u00e9sastre financier et \u00e9conomique\u00a0? Une affaire \u00e0 suivre\u2026<\/span><\/p>\n<!-- AddThis Advanced Settings generic via filter on the_content --><!-- AddThis Share Buttons generic via filter on the_content -->","protected":false},"excerpt":{"rendered":"<p>Les march\u00e9s europ\u00e9ens enregistrent peu de mouvements, depuis la s\u00e9ance de mardi, pi\u00e9tinant notablement sur fond de m\u00e9fiance g\u00e9n\u00e9rale \u00e0 la veille de ce qui pourrait \u00eatre un tournant d\u00e9cisif dans l\u2019histoire de la zone euro. [&hellip;]<\/p>\n","protected":false},"author":18,"featured_media":9348,"comment_status":"open","ping_status":"open","sticky":false,"template":"","format":"standard","meta":{"_mbp_gutenberg_autopost":false,"_pgmb_is_evergreen":false,"_pgmb_ap_template_id":0,"footnotes":""},"categories":[6],"tags":[245,1649,1878,126],"ppma_author":[2565],"class_list":["post-16663","post","type-post","status-publish","format-standard","has-post-thumbnail","hentry","category-articles-de-presse","tag-athenes","tag-marches","tag-marches-euro","tag-zone-euro"],"yoast_head":"<!-- This site is optimized with the Yoast SEO plugin v27.5 - https:\/\/yoast.com\/product\/yoast-seo-wordpress\/ -->\n<title>Des march\u00e9s m\u00e9fiants, Ath\u00e8nes dans le collimateur - Gold.fr<\/title>\n<meta name=\"robots\" content=\"index, follow, max-snippet:-1, max-image-preview:large, max-video-preview:-1\" \/>\n<link rel=\"canonical\" href=\"https:\/\/www.gold.fr\/news\/2015\/02\/12\/des-marches-mefiants-athenes-dans-le-collimateur\/\" \/>\n<meta property=\"og:locale\" content=\"fr_FR\" \/>\n<meta property=\"og:type\" content=\"article\" \/>\n<meta property=\"og:title\" content=\"Des march\u00e9s m\u00e9fiants, Ath\u00e8nes dans le collimateur - Gold.fr\" \/>\n<meta property=\"og:description\" content=\"Les march\u00e9s europ\u00e9ens enregistrent peu de mouvements, depuis la s\u00e9ance de mardi, pi\u00e9tinant notablement sur fond de m\u00e9fiance g\u00e9n\u00e9rale \u00e0 la veille de ce qui pourrait \u00eatre un tournant d\u00e9cisif dans l\u2019histoire de la zone euro. [&hellip;]\" \/>\n<meta property=\"og:url\" content=\"https:\/\/www.gold.fr\/news\/2015\/02\/12\/des-marches-mefiants-athenes-dans-le-collimateur\/\" \/>\n<meta property=\"og:site_name\" content=\"Gold.fr\" \/>\n<meta property=\"article:publisher\" content=\"https:\/\/www.facebook.com\/Goldfr\/\" \/>\n<meta property=\"article:published_time\" content=\"2015-02-12T16:00:47+00:00\" \/>\n<meta property=\"article:modified_time\" content=\"2018-02-22T13:30:36+00:00\" \/>\n<meta property=\"og:image\" content=\"https:\/\/www.gold.fr\/news\/wp-content\/uploads\/2012\/09\/billet-euro-dollar.jpg\" \/>\n\t<meta property=\"og:image:width\" content=\"601\" \/>\n\t<meta property=\"og:image:height\" content=\"400\" \/>\n\t<meta property=\"og:image:type\" content=\"image\/jpeg\" \/>\n<meta name=\"author\" content=\"Comptoir National de l&#039;Or\" \/>\n<meta name=\"twitter:card\" content=\"summary_large_image\" \/>\n<meta name=\"twitter:label1\" content=\"\u00c9crit par\" \/>\n\t<meta name=\"twitter:data1\" content=\"Comptoir National de l&#039;Or\" \/>\n\t<meta name=\"twitter:label2\" content=\"Dur\u00e9e de lecture estim\u00e9e\" \/>\n\t<meta name=\"twitter:data2\" content=\"1 minute\" \/>\n<script type=\"application\/ld+json\" class=\"yoast-schema-graph\">{\"@context\":\"https:\\\/\\\/schema.org\",\"@graph\":[{\"@type\":\"Article\",\"@id\":\"https:\\\/\\\/www.gold.fr\\\/news\\\/2015\\\/02\\\/12\\\/des-marches-mefiants-athenes-dans-le-collimateur\\\/#article\",\"isPartOf\":{\"@id\":\"https:\\\/\\\/www.gold.fr\\\/news\\\/2015\\\/02\\\/12\\\/des-marches-mefiants-athenes-dans-le-collimateur\\\/\"},\"author\":{\"name\":\"Comptoir National de l'Or\",\"@id\":\"https:\\\/\\\/www.gold.fr\\\/news\\\/#\\\/schema\\\/person\\\/070491b4b4fb7671bf59b3be20302ce9\"},\"headline\":\"Des march\u00e9s m\u00e9fiants, Ath\u00e8nes dans le collimateur\",\"datePublished\":\"2015-02-12T16:00:47+00:00\",\"dateModified\":\"2018-02-22T13:30:36+00:00\",\"mainEntityOfPage\":{\"@id\":\"https:\\\/\\\/www.gold.fr\\\/news\\\/2015\\\/02\\\/12\\\/des-marches-mefiants-athenes-dans-le-collimateur\\\/\"},\"wordCount\":276,\"commentCount\":0,\"image\":{\"@id\":\"https:\\\/\\\/www.gold.fr\\\/news\\\/2015\\\/02\\\/12\\\/des-marches-mefiants-athenes-dans-le-collimateur\\\/#primaryimage\"},\"thumbnailUrl\":\"https:\\\/\\\/www.gold.fr\\\/news\\\/wp-content\\\/uploads\\\/2012\\\/09\\\/billet-euro-dollar.jpg\",\"keywords\":[\"ath\u00e8nes\",\"march\u00e9s\",\"March\u00e9s euro\",\"zone euro\"],\"articleSection\":[\"Articles de presse\"],\"inLanguage\":\"fr-FR\"},{\"@type\":\"WebPage\",\"@id\":\"https:\\\/\\\/www.gold.fr\\\/news\\\/2015\\\/02\\\/12\\\/des-marches-mefiants-athenes-dans-le-collimateur\\\/\",\"url\":\"https:\\\/\\\/www.gold.fr\\\/news\\\/2015\\\/02\\\/12\\\/des-marches-mefiants-athenes-dans-le-collimateur\\\/\",\"name\":\"Des march\u00e9s m\u00e9fiants, Ath\u00e8nes dans le collimateur - Gold.fr\",\"isPartOf\":{\"@id\":\"https:\\\/\\\/www.gold.fr\\\/news\\\/#website\"},\"primaryImageOfPage\":{\"@id\":\"https:\\\/\\\/www.gold.fr\\\/news\\\/2015\\\/02\\\/12\\\/des-marches-mefiants-athenes-dans-le-collimateur\\\/#primaryimage\"},\"image\":{\"@id\":\"https:\\\/\\\/www.gold.fr\\\/news\\\/2015\\\/02\\\/12\\\/des-marches-mefiants-athenes-dans-le-collimateur\\\/#primaryimage\"},\"thumbnailUrl\":\"https:\\\/\\\/www.gold.fr\\\/news\\\/wp-content\\\/uploads\\\/2012\\\/09\\\/billet-euro-dollar.jpg\",\"datePublished\":\"2015-02-12T16:00:47+00:00\",\"dateModified\":\"2018-02-22T13:30:36+00:00\",\"author\":{\"@id\":\"https:\\\/\\\/www.gold.fr\\\/news\\\/#\\\/schema\\\/person\\\/070491b4b4fb7671bf59b3be20302ce9\"},\"breadcrumb\":{\"@id\":\"https:\\\/\\\/www.gold.fr\\\/news\\\/2015\\\/02\\\/12\\\/des-marches-mefiants-athenes-dans-le-collimateur\\\/#breadcrumb\"},\"inLanguage\":\"fr-FR\",\"potentialAction\":[{\"@type\":\"ReadAction\",\"target\":[\"https:\\\/\\\/www.gold.fr\\\/news\\\/2015\\\/02\\\/12\\\/des-marches-mefiants-athenes-dans-le-collimateur\\\/\"]}]},{\"@type\":\"ImageObject\",\"inLanguage\":\"fr-FR\",\"@id\":\"https:\\\/\\\/www.gold.fr\\\/news\\\/2015\\\/02\\\/12\\\/des-marches-mefiants-athenes-dans-le-collimateur\\\/#primaryimage\",\"url\":\"https:\\\/\\\/www.gold.fr\\\/news\\\/wp-content\\\/uploads\\\/2012\\\/09\\\/billet-euro-dollar.jpg\",\"contentUrl\":\"https:\\\/\\\/www.gold.fr\\\/news\\\/wp-content\\\/uploads\\\/2012\\\/09\\\/billet-euro-dollar.jpg\",\"width\":\"601\",\"height\":\"400\",\"caption\":\"Or: R\u00e9union au sommet des g\u00e9ants du secteur minier\"},{\"@type\":\"BreadcrumbList\",\"@id\":\"https:\\\/\\\/www.gold.fr\\\/news\\\/2015\\\/02\\\/12\\\/des-marches-mefiants-athenes-dans-le-collimateur\\\/#breadcrumb\",\"itemListElement\":[{\"@type\":\"ListItem\",\"position\":1,\"name\":\"Accueil\",\"item\":\"https:\\\/\\\/www.gold.fr\\\/\"},{\"@type\":\"ListItem\",\"position\":2,\"name\":\"Actualit\u00e9s\",\"item\":\"https:\\\/\\\/www.gold.fr\\\/news\\\/\"},{\"@type\":\"ListItem\",\"position\":3,\"name\":\"Des march\u00e9s m\u00e9fiants, Ath\u00e8nes dans le collimateur\"}]},{\"@type\":\"WebSite\",\"@id\":\"https:\\\/\\\/www.gold.fr\\\/news\\\/#website\",\"url\":\"https:\\\/\\\/www.gold.fr\\\/news\\\/\",\"name\":\"Gold.fr\",\"description\":\"Actualit\u00e9s de l&#039;Or et des m\u00e9taux pr\u00e9cieux\",\"potentialAction\":[{\"@type\":\"SearchAction\",\"target\":{\"@type\":\"EntryPoint\",\"urlTemplate\":\"https:\\\/\\\/www.gold.fr\\\/news\\\/?s={search_term_string}\"},\"query-input\":{\"@type\":\"PropertyValueSpecification\",\"valueRequired\":true,\"valueName\":\"search_term_string\"}}],\"inLanguage\":\"fr-FR\"},{\"@type\":\"Person\",\"@id\":\"https:\\\/\\\/www.gold.fr\\\/news\\\/#\\\/schema\\\/person\\\/070491b4b4fb7671bf59b3be20302ce9\",\"name\":\"Comptoir National de l'Or\",\"image\":{\"@type\":\"ImageObject\",\"inLanguage\":\"fr-FR\",\"@id\":\"https:\\\/\\\/secure.gravatar.com\\\/avatar\\\/0a2867fd5abe37bed95d5a65e9d58f01756e11efc68af9888dfc50cfa7f65948?s=96&d=mm&r=gb490554db0a38188709de567aa58480d\",\"url\":\"https:\\\/\\\/secure.gravatar.com\\\/avatar\\\/0a2867fd5abe37bed95d5a65e9d58f01756e11efc68af9888dfc50cfa7f65948?s=96&d=mm&r=g\",\"contentUrl\":\"https:\\\/\\\/secure.gravatar.com\\\/avatar\\\/0a2867fd5abe37bed95d5a65e9d58f01756e11efc68af9888dfc50cfa7f65948?s=96&d=mm&r=g\",\"caption\":\"Comptoir National de l'Or\"},\"description\":\"Notre r\u00e9daction est constitu\u00e9e de membres experts dans les m\u00e9tiers de l'\u00e9conomie et la gestion, des Responsables d'agence Comptoir National de l'Or, des analystes financiers qui publient r\u00e9guli\u00e8rement des \u00e9tudes sur les politiques des banques centrales, le cours de l'or, prix de l'or, cours de l'argent, prix de l'argent, cours du platine, cours du palladium,... la situation en zone euro et l'impact de la strat\u00e9gie mon\u00e9taire de la FED. Notre \u00e9quipe scrute \u00e9galement une information plus g\u00e9n\u00e9raliste \u00e0 la recherche d'actualit\u00e9 \\\"p\u00e9pite\\\" \u00e0 vous partager. Depuis 5 ans, nous avons publi\u00e9 un peu plus de 4000 articles qui s'adressent \u00e0 un public large et vari\u00e9 ayant pour objectif de satisfaire votre curiosit\u00e9 et de partager avec vous une certaine fascination pour le m\u00e9tal jaune, le rachat d'or, et pour ceux qui veulent investir dans l'or, vendre leur or tout simplement en savoir plus... Pour tous vos achat or et argent, n'h\u00e9sitez pas \u00e0 prendre rendez-vous dans l'un de nos nombreux comptoirs.\",\"sameAs\":[\"https:\\\/\\\/www.gold.fr\"]}]}<\/script>\n<!-- \/ Yoast SEO plugin. -->","yoast_head_json":{"title":"Des march\u00e9s m\u00e9fiants, Ath\u00e8nes dans le collimateur - Gold.fr","robots":{"index":"index","follow":"follow","max-snippet":"max-snippet:-1","max-image-preview":"max-image-preview:large","max-video-preview":"max-video-preview:-1"},"canonical":"https:\/\/www.gold.fr\/news\/2015\/02\/12\/des-marches-mefiants-athenes-dans-le-collimateur\/","og_locale":"fr_FR","og_type":"article","og_title":"Des march\u00e9s m\u00e9fiants, Ath\u00e8nes dans le collimateur - Gold.fr","og_description":"Les march\u00e9s europ\u00e9ens enregistrent peu de mouvements, depuis la s\u00e9ance de mardi, pi\u00e9tinant notablement sur fond de m\u00e9fiance g\u00e9n\u00e9rale \u00e0 la veille de ce qui pourrait \u00eatre un tournant d\u00e9cisif dans l\u2019histoire de la zone euro. [&hellip;]","og_url":"https:\/\/www.gold.fr\/news\/2015\/02\/12\/des-marches-mefiants-athenes-dans-le-collimateur\/","og_site_name":"Gold.fr","article_publisher":"https:\/\/www.facebook.com\/Goldfr\/","article_published_time":"2015-02-12T16:00:47+00:00","article_modified_time":"2018-02-22T13:30:36+00:00","og_image":[{"width":601,"height":400,"url":"https:\/\/www.gold.fr\/news\/wp-content\/uploads\/2012\/09\/billet-euro-dollar.jpg","type":"image\/jpeg"}],"author":"Comptoir National de l'Or","twitter_card":"summary_large_image","twitter_misc":{"\u00c9crit par":"Comptoir National de l'Or","Dur\u00e9e de lecture estim\u00e9e":"1 minute"},"schema":{"@context":"https:\/\/schema.org","@graph":[{"@type":"Article","@id":"https:\/\/www.gold.fr\/news\/2015\/02\/12\/des-marches-mefiants-athenes-dans-le-collimateur\/#article","isPartOf":{"@id":"https:\/\/www.gold.fr\/news\/2015\/02\/12\/des-marches-mefiants-athenes-dans-le-collimateur\/"},"author":{"name":"Comptoir National de l'Or","@id":"https:\/\/www.gold.fr\/news\/#\/schema\/person\/070491b4b4fb7671bf59b3be20302ce9"},"headline":"Des march\u00e9s m\u00e9fiants, Ath\u00e8nes dans le collimateur","datePublished":"2015-02-12T16:00:47+00:00","dateModified":"2018-02-22T13:30:36+00:00","mainEntityOfPage":{"@id":"https:\/\/www.gold.fr\/news\/2015\/02\/12\/des-marches-mefiants-athenes-dans-le-collimateur\/"},"wordCount":276,"commentCount":0,"image":{"@id":"https:\/\/www.gold.fr\/news\/2015\/02\/12\/des-marches-mefiants-athenes-dans-le-collimateur\/#primaryimage"},"thumbnailUrl":"https:\/\/www.gold.fr\/news\/wp-content\/uploads\/2012\/09\/billet-euro-dollar.jpg","keywords":["ath\u00e8nes","march\u00e9s","March\u00e9s euro","zone euro"],"articleSection":["Articles de presse"],"inLanguage":"fr-FR"},{"@type":"WebPage","@id":"https:\/\/www.gold.fr\/news\/2015\/02\/12\/des-marches-mefiants-athenes-dans-le-collimateur\/","url":"https:\/\/www.gold.fr\/news\/2015\/02\/12\/des-marches-mefiants-athenes-dans-le-collimateur\/","name":"Des march\u00e9s m\u00e9fiants, Ath\u00e8nes dans le collimateur - Gold.fr","isPartOf":{"@id":"https:\/\/www.gold.fr\/news\/#website"},"primaryImageOfPage":{"@id":"https:\/\/www.gold.fr\/news\/2015\/02\/12\/des-marches-mefiants-athenes-dans-le-collimateur\/#primaryimage"},"image":{"@id":"https:\/\/www.gold.fr\/news\/2015\/02\/12\/des-marches-mefiants-athenes-dans-le-collimateur\/#primaryimage"},"thumbnailUrl":"https:\/\/www.gold.fr\/news\/wp-content\/uploads\/2012\/09\/billet-euro-dollar.jpg","datePublished":"2015-02-12T16:00:47+00:00","dateModified":"2018-02-22T13:30:36+00:00","author":{"@id":"https:\/\/www.gold.fr\/news\/#\/schema\/person\/070491b4b4fb7671bf59b3be20302ce9"},"breadcrumb":{"@id":"https:\/\/www.gold.fr\/news\/2015\/02\/12\/des-marches-mefiants-athenes-dans-le-collimateur\/#breadcrumb"},"inLanguage":"fr-FR","potentialAction":[{"@type":"ReadAction","target":["https:\/\/www.gold.fr\/news\/2015\/02\/12\/des-marches-mefiants-athenes-dans-le-collimateur\/"]}]},{"@type":"ImageObject","inLanguage":"fr-FR","@id":"https:\/\/www.gold.fr\/news\/2015\/02\/12\/des-marches-mefiants-athenes-dans-le-collimateur\/#primaryimage","url":"https:\/\/www.gold.fr\/news\/wp-content\/uploads\/2012\/09\/billet-euro-dollar.jpg","contentUrl":"https:\/\/www.gold.fr\/news\/wp-content\/uploads\/2012\/09\/billet-euro-dollar.jpg","width":"601","height":"400","caption":"Or: R\u00e9union au sommet des g\u00e9ants du secteur minier"},{"@type":"BreadcrumbList","@id":"https:\/\/www.gold.fr\/news\/2015\/02\/12\/des-marches-mefiants-athenes-dans-le-collimateur\/#breadcrumb","itemListElement":[{"@type":"ListItem","position":1,"name":"Accueil","item":"https:\/\/www.gold.fr\/"},{"@type":"ListItem","position":2,"name":"Actualit\u00e9s","item":"https:\/\/www.gold.fr\/news\/"},{"@type":"ListItem","position":3,"name":"Des march\u00e9s m\u00e9fiants, Ath\u00e8nes dans le collimateur"}]},{"@type":"WebSite","@id":"https:\/\/www.gold.fr\/news\/#website","url":"https:\/\/www.gold.fr\/news\/","name":"Gold.fr","description":"Actualit\u00e9s de l&#039;Or et des m\u00e9taux pr\u00e9cieux","potentialAction":[{"@type":"SearchAction","target":{"@type":"EntryPoint","urlTemplate":"https:\/\/www.gold.fr\/news\/?s={search_term_string}"},"query-input":{"@type":"PropertyValueSpecification","valueRequired":true,"valueName":"search_term_string"}}],"inLanguage":"fr-FR"},{"@type":"Person","@id":"https:\/\/www.gold.fr\/news\/#\/schema\/person\/070491b4b4fb7671bf59b3be20302ce9","name":"Comptoir National de l'Or","image":{"@type":"ImageObject","inLanguage":"fr-FR","@id":"https:\/\/secure.gravatar.com\/avatar\/0a2867fd5abe37bed95d5a65e9d58f01756e11efc68af9888dfc50cfa7f65948?s=96&d=mm&r=gb490554db0a38188709de567aa58480d","url":"https:\/\/secure.gravatar.com\/avatar\/0a2867fd5abe37bed95d5a65e9d58f01756e11efc68af9888dfc50cfa7f65948?s=96&d=mm&r=g","contentUrl":"https:\/\/secure.gravatar.com\/avatar\/0a2867fd5abe37bed95d5a65e9d58f01756e11efc68af9888dfc50cfa7f65948?s=96&d=mm&r=g","caption":"Comptoir National de l'Or"},"description":"Notre r\u00e9daction est constitu\u00e9e de membres experts dans les m\u00e9tiers de l'\u00e9conomie et la gestion, des Responsables d'agence Comptoir National de l'Or, des analystes financiers qui publient r\u00e9guli\u00e8rement des \u00e9tudes sur les politiques des banques centrales, le cours de l'or, prix de l'or, cours de l'argent, prix de l'argent, cours du platine, cours du palladium,... la situation en zone euro et l'impact de la strat\u00e9gie mon\u00e9taire de la FED. Notre \u00e9quipe scrute \u00e9galement une information plus g\u00e9n\u00e9raliste \u00e0 la recherche d'actualit\u00e9 \"p\u00e9pite\" \u00e0 vous partager. Depuis 5 ans, nous avons publi\u00e9 un peu plus de 4000 articles qui s'adressent \u00e0 un public large et vari\u00e9 ayant pour objectif de satisfaire votre curiosit\u00e9 et de partager avec vous une certaine fascination pour le m\u00e9tal jaune, le rachat d'or, et pour ceux qui veulent investir dans l'or, vendre leur or tout simplement en savoir plus... Pour tous vos achat or et argent, n'h\u00e9sitez pas \u00e0 prendre rendez-vous dans l'un de nos nombreux comptoirs.","sameAs":["https:\/\/www.gold.fr"]}]}},"authors":[{"term_id":2565,"user_id":18,"is_guest":0,"slug":"julie","display_name":"Comptoir National de l'Or","avatar_url":"https:\/\/secure.gravatar.com\/avatar\/713f289e398d35ead876c4a4cc08607f0d6d266058cfc25683fffb6092d0e572?s=96&d=mm&r=g","0":null,"1":"","2":"","3":"","4":"","5":"","6":"","7":"","8":""}],"_links":{"self":[{"href":"https:\/\/www.gold.fr\/news\/wp-json\/wp\/v2\/posts\/16663","targetHints":{"allow":["GET"]}}],"collection":[{"href":"https:\/\/www.gold.fr\/news\/wp-json\/wp\/v2\/posts"}],"about":[{"href":"https:\/\/www.gold.fr\/news\/wp-json\/wp\/v2\/types\/post"}],"author":[{"embeddable":true,"href":"https:\/\/www.gold.fr\/news\/wp-json\/wp\/v2\/users\/18"}],"replies":[{"embeddable":true,"href":"https:\/\/www.gold.fr\/news\/wp-json\/wp\/v2\/comments?post=16663"}],"version-history":[{"count":0,"href":"https:\/\/www.gold.fr\/news\/wp-json\/wp\/v2\/posts\/16663\/revisions"}],"wp:featuredmedia":[{"embeddable":true,"href":"https:\/\/www.gold.fr\/news\/wp-json\/wp\/v2\/media\/9348"}],"wp:attachment":[{"href":"https:\/\/www.gold.fr\/news\/wp-json\/wp\/v2\/media?parent=16663"}],"wp:term":[{"taxonomy":"category","embeddable":true,"href":"https:\/\/www.gold.fr\/news\/wp-json\/wp\/v2\/categories?post=16663"},{"taxonomy":"post_tag","embeddable":true,"href":"https:\/\/www.gold.fr\/news\/wp-json\/wp\/v2\/tags?post=16663"},{"taxonomy":"author","embeddable":true,"href":"https:\/\/www.gold.fr\/news\/wp-json\/wp\/v2\/ppma_author?post=16663"}],"curies":[{"name":"wp","href":"https:\/\/api.w.org\/{rel}","templated":true}]}}