{"id":16659,"date":"2015-02-12T09:00:43","date_gmt":"2015-02-12T08:00:43","guid":{"rendered":"https:\/\/www.gold.fr\/news\/?p=16659"},"modified":"2018-02-22T14:30:38","modified_gmt":"2018-02-22T13:30:38","slug":"un-regain-doptimisme-pour-le-dossier-grec","status":"publish","type":"post","link":"https:\/\/www.gold.fr\/news\/2015\/02\/12\/un-regain-doptimisme-pour-le-dossier-grec\/","title":{"rendered":"Un regain d\u2019optimisme pour le dossier grec"},"content":{"rendered":"<p><img loading=\"lazy\" decoding=\"async\" class=\"alignleft size-thumbnail wp-image-4547\" title=\"Un regain d\u2019optimisme pour le dossier grec\" src=\"https:\/\/www.gold.fr\/news\/wp-content\/uploads\/2011\/12\/87319963-150x150.jpg\" alt=\"\" width=\"150\" height=\"150\" \/><span style=\"font-size: small;\">Tout espoir n&rsquo;est peut-\u00eatre pas totalement perdu pour<strong> la Gr\u00e8ce<\/strong>. L&rsquo;impasse dans laquelle patauge <strong>Ath\u00e8nes<\/strong>, depuis deux semaines, pourrait finalement trouver r\u00e9solution sous peu. Les rumeurs vont en effet bon train, dans les couloirs des march\u00e9s financiers, concernant la possibilit\u00e9 d&rsquo;un accord imminent entre le gouvernement grec et <strong>Bruxelles<\/strong> au sujet de la dette du pays. Du coup, la Bourse d&rsquo;Ath\u00e8nes en profite pour accumuler, en l&rsquo;espace d&rsquo;une seule s\u00e9ance, des gains de l&rsquo;ordre de <strong>8,5%<\/strong>. Et dans la tradition europ\u00e9enne de l&rsquo;effet domino, l&rsquo;ensemble des principales places boursi\u00e8res de la zone des 18 affichent toutes des performances dans le vert. Seule <strong>Zurich<\/strong> baisse d&rsquo;un tr\u00e8s relatif <strong>0,1%<\/strong>.<\/span>    <span style=\"font-size: small;\">La rumeur est pourtant loin d&rsquo;\u00eatre d\u00e9finitivement confirm\u00e9e, puisque seules quelques sources (d\u00e9clar\u00e9es \u2018officielles&rsquo; par les experts) rapportent que \u00ab <em>Bruxelles s&rsquo;appr\u00eaterait \u00e0 proposer une rallonge de six mois dans le cadre du plan d&rsquo;aide \u00e0 la Gr\u00e8ce<\/em> \u00bb, ce qui aurait pour don d&rsquo;\u00e9pargner au pays le sc\u00e9nario-catastrophe du <strong>Grexit<\/strong> (sortie de la Gr\u00e8ce de la zone euro), d&rsquo;un isolement de son gouvernement, ainsi que d&rsquo;un in\u00e9vitable effondrement de l&rsquo;ensemble des banques nationales. <strong>Christopher Dembik<\/strong>, analyste chez Saxo Bank, souligne \u00e0 ce sujet qu&rsquo;un \u00ab <em>accord a minima parait probable \u00e0 l&rsquo;issue de la r\u00e9union de l&rsquo;Eurogroupe pr\u00e9vue demain<\/em> \u00bb, rappelant n\u00e9anmoins qu&rsquo;il va certainement falloir \u00ab<em> attendre plusieurs semaines avant d&rsquo;avoir un accord global<\/em> \u00bb.<\/span>    <span style=\"font-size: small;\">Avec les chiffres majeurs attendus, durant la journ\u00e9e de vendredi, les op\u00e9rateurs devraient donc avoir, au terme de la semaine en cours, des indicateurs suffisamment solides pour orienter la <a href='https:\/\/www.gold.fr\/news\/tags\/investissement' class='esk-seo-plu-link'>tendance<\/a> des march\u00e9s. <\/span><\/p>\n<!-- AddThis Advanced Settings generic via filter on the_content --><!-- AddThis Share Buttons generic via filter on the_content -->","protected":false},"excerpt":{"rendered":"<p>Tout espoir n&rsquo;est peut-\u00eatre pas totalement perdu pour la Gr\u00e8ce. L&rsquo;impasse dans laquelle patauge Ath\u00e8nes, depuis deux semaines, pourrait finalement trouver r\u00e9solution sous peu. Les rumeurs vont en effet bon train, dans les couloirs des march\u00e9s [&hellip;]<\/p>\n","protected":false},"author":18,"featured_media":4547,"comment_status":"open","ping_status":"open","sticky":false,"template":"","format":"standard","meta":{"_mbp_gutenberg_autopost":false,"_pgmb_is_evergreen":false,"_pgmb_ap_template_id":0,"footnotes":""},"categories":[6],"tags":[2015,2010,2016],"ppma_author":[2565],"class_list":["post-16659","post","type-post","status-publish","format-standard","has-post-thumbnail","hentry","category-articles-de-presse","tag-accord-grec","tag-dossier-grec","tag-grexit"],"yoast_head":"<!-- This site is optimized with the Yoast SEO plugin v27.5 - https:\/\/yoast.com\/product\/yoast-seo-wordpress\/ -->\n<title>Un regain d\u2019optimisme pour le dossier grec - Gold.fr<\/title>\n<meta name=\"robots\" content=\"index, follow, max-snippet:-1, max-image-preview:large, max-video-preview:-1\" \/>\n<link rel=\"canonical\" href=\"https:\/\/www.gold.fr\/news\/2015\/02\/12\/un-regain-doptimisme-pour-le-dossier-grec\/\" \/>\n<meta property=\"og:locale\" content=\"fr_FR\" \/>\n<meta property=\"og:type\" content=\"article\" \/>\n<meta property=\"og:title\" content=\"Un regain d\u2019optimisme pour le dossier grec - Gold.fr\" \/>\n<meta property=\"og:description\" content=\"Tout espoir n&rsquo;est peut-\u00eatre pas totalement perdu pour la Gr\u00e8ce. L&rsquo;impasse dans laquelle patauge Ath\u00e8nes, depuis deux semaines, pourrait finalement trouver r\u00e9solution sous peu. Les rumeurs vont en effet bon train, dans les couloirs des march\u00e9s [&hellip;]\" \/>\n<meta property=\"og:url\" content=\"https:\/\/www.gold.fr\/news\/2015\/02\/12\/un-regain-doptimisme-pour-le-dossier-grec\/\" \/>\n<meta property=\"og:site_name\" content=\"Gold.fr\" \/>\n<meta property=\"article:publisher\" content=\"https:\/\/www.facebook.com\/Goldfr\/\" \/>\n<meta property=\"article:published_time\" content=\"2015-02-12T08:00:43+00:00\" \/>\n<meta property=\"article:modified_time\" content=\"2018-02-22T13:30:38+00:00\" \/>\n<meta property=\"og:image\" content=\"https:\/\/www.gold.fr\/news\/wp-content\/uploads\/2011\/12\/87319963.jpg\" \/>\n\t<meta property=\"og:image:width\" content=\"600\" \/>\n\t<meta property=\"og:image:height\" content=\"400\" \/>\n\t<meta property=\"og:image:type\" content=\"image\/jpeg\" \/>\n<meta name=\"author\" content=\"Comptoir National de l&#039;Or\" \/>\n<meta name=\"twitter:card\" content=\"summary_large_image\" \/>\n<meta name=\"twitter:label1\" content=\"\u00c9crit par\" \/>\n\t<meta name=\"twitter:data1\" content=\"Comptoir National de l&#039;Or\" \/>\n\t<meta name=\"twitter:label2\" content=\"Dur\u00e9e de lecture estim\u00e9e\" \/>\n\t<meta name=\"twitter:data2\" content=\"1 minute\" \/>\n<script type=\"application\/ld+json\" class=\"yoast-schema-graph\">{\"@context\":\"https:\\\/\\\/schema.org\",\"@graph\":[{\"@type\":\"Article\",\"@id\":\"https:\\\/\\\/www.gold.fr\\\/news\\\/2015\\\/02\\\/12\\\/un-regain-doptimisme-pour-le-dossier-grec\\\/#article\",\"isPartOf\":{\"@id\":\"https:\\\/\\\/www.gold.fr\\\/news\\\/2015\\\/02\\\/12\\\/un-regain-doptimisme-pour-le-dossier-grec\\\/\"},\"author\":{\"name\":\"Comptoir National de l'Or\",\"@id\":\"https:\\\/\\\/www.gold.fr\\\/news\\\/#\\\/schema\\\/person\\\/070491b4b4fb7671bf59b3be20302ce9\"},\"headline\":\"Un regain d\u2019optimisme pour le dossier grec\",\"datePublished\":\"2015-02-12T08:00:43+00:00\",\"dateModified\":\"2018-02-22T13:30:38+00:00\",\"mainEntityOfPage\":{\"@id\":\"https:\\\/\\\/www.gold.fr\\\/news\\\/2015\\\/02\\\/12\\\/un-regain-doptimisme-pour-le-dossier-grec\\\/\"},\"wordCount\":299,\"commentCount\":0,\"image\":{\"@id\":\"https:\\\/\\\/www.gold.fr\\\/news\\\/2015\\\/02\\\/12\\\/un-regain-doptimisme-pour-le-dossier-grec\\\/#primaryimage\"},\"thumbnailUrl\":\"https:\\\/\\\/www.gold.fr\\\/news\\\/wp-content\\\/uploads\\\/2011\\\/12\\\/87319963.jpg\",\"keywords\":[\"accord grec\",\"dossier grec\",\"Grexit\"],\"articleSection\":[\"Articles de presse\"],\"inLanguage\":\"fr-FR\"},{\"@type\":\"WebPage\",\"@id\":\"https:\\\/\\\/www.gold.fr\\\/news\\\/2015\\\/02\\\/12\\\/un-regain-doptimisme-pour-le-dossier-grec\\\/\",\"url\":\"https:\\\/\\\/www.gold.fr\\\/news\\\/2015\\\/02\\\/12\\\/un-regain-doptimisme-pour-le-dossier-grec\\\/\",\"name\":\"Un regain d\u2019optimisme pour le dossier grec - Gold.fr\",\"isPartOf\":{\"@id\":\"https:\\\/\\\/www.gold.fr\\\/news\\\/#website\"},\"primaryImageOfPage\":{\"@id\":\"https:\\\/\\\/www.gold.fr\\\/news\\\/2015\\\/02\\\/12\\\/un-regain-doptimisme-pour-le-dossier-grec\\\/#primaryimage\"},\"image\":{\"@id\":\"https:\\\/\\\/www.gold.fr\\\/news\\\/2015\\\/02\\\/12\\\/un-regain-doptimisme-pour-le-dossier-grec\\\/#primaryimage\"},\"thumbnailUrl\":\"https:\\\/\\\/www.gold.fr\\\/news\\\/wp-content\\\/uploads\\\/2011\\\/12\\\/87319963.jpg\",\"datePublished\":\"2015-02-12T08:00:43+00:00\",\"dateModified\":\"2018-02-22T13:30:38+00:00\",\"author\":{\"@id\":\"https:\\\/\\\/www.gold.fr\\\/news\\\/#\\\/schema\\\/person\\\/070491b4b4fb7671bf59b3be20302ce9\"},\"breadcrumb\":{\"@id\":\"https:\\\/\\\/www.gold.fr\\\/news\\\/2015\\\/02\\\/12\\\/un-regain-doptimisme-pour-le-dossier-grec\\\/#breadcrumb\"},\"inLanguage\":\"fr-FR\",\"potentialAction\":[{\"@type\":\"ReadAction\",\"target\":[\"https:\\\/\\\/www.gold.fr\\\/news\\\/2015\\\/02\\\/12\\\/un-regain-doptimisme-pour-le-dossier-grec\\\/\"]}]},{\"@type\":\"ImageObject\",\"inLanguage\":\"fr-FR\",\"@id\":\"https:\\\/\\\/www.gold.fr\\\/news\\\/2015\\\/02\\\/12\\\/un-regain-doptimisme-pour-le-dossier-grec\\\/#primaryimage\",\"url\":\"https:\\\/\\\/www.gold.fr\\\/news\\\/wp-content\\\/uploads\\\/2011\\\/12\\\/87319963.jpg\",\"contentUrl\":\"https:\\\/\\\/www.gold.fr\\\/news\\\/wp-content\\\/uploads\\\/2011\\\/12\\\/87319963.jpg\",\"width\":\"600\",\"height\":\"400\",\"caption\":\"Dossier grec : La fin d\u2019une crise ?\"},{\"@type\":\"BreadcrumbList\",\"@id\":\"https:\\\/\\\/www.gold.fr\\\/news\\\/2015\\\/02\\\/12\\\/un-regain-doptimisme-pour-le-dossier-grec\\\/#breadcrumb\",\"itemListElement\":[{\"@type\":\"ListItem\",\"position\":1,\"name\":\"Accueil\",\"item\":\"https:\\\/\\\/www.gold.fr\\\/\"},{\"@type\":\"ListItem\",\"position\":2,\"name\":\"Actualit\u00e9s\",\"item\":\"https:\\\/\\\/www.gold.fr\\\/news\\\/\"},{\"@type\":\"ListItem\",\"position\":3,\"name\":\"Un regain d\u2019optimisme pour le dossier grec\"}]},{\"@type\":\"WebSite\",\"@id\":\"https:\\\/\\\/www.gold.fr\\\/news\\\/#website\",\"url\":\"https:\\\/\\\/www.gold.fr\\\/news\\\/\",\"name\":\"Gold.fr\",\"description\":\"Actualit\u00e9s de l&#039;Or et des m\u00e9taux pr\u00e9cieux\",\"potentialAction\":[{\"@type\":\"SearchAction\",\"target\":{\"@type\":\"EntryPoint\",\"urlTemplate\":\"https:\\\/\\\/www.gold.fr\\\/news\\\/?s={search_term_string}\"},\"query-input\":{\"@type\":\"PropertyValueSpecification\",\"valueRequired\":true,\"valueName\":\"search_term_string\"}}],\"inLanguage\":\"fr-FR\"},{\"@type\":\"Person\",\"@id\":\"https:\\\/\\\/www.gold.fr\\\/news\\\/#\\\/schema\\\/person\\\/070491b4b4fb7671bf59b3be20302ce9\",\"name\":\"Comptoir National de l'Or\",\"image\":{\"@type\":\"ImageObject\",\"inLanguage\":\"fr-FR\",\"@id\":\"https:\\\/\\\/secure.gravatar.com\\\/avatar\\\/0a2867fd5abe37bed95d5a65e9d58f01756e11efc68af9888dfc50cfa7f65948?s=96&d=mm&r=gb490554db0a38188709de567aa58480d\",\"url\":\"https:\\\/\\\/secure.gravatar.com\\\/avatar\\\/0a2867fd5abe37bed95d5a65e9d58f01756e11efc68af9888dfc50cfa7f65948?s=96&d=mm&r=g\",\"contentUrl\":\"https:\\\/\\\/secure.gravatar.com\\\/avatar\\\/0a2867fd5abe37bed95d5a65e9d58f01756e11efc68af9888dfc50cfa7f65948?s=96&d=mm&r=g\",\"caption\":\"Comptoir National de l'Or\"},\"description\":\"Notre r\u00e9daction est constitu\u00e9e de membres experts dans les m\u00e9tiers de l'\u00e9conomie et la gestion, des Responsables d'agence Comptoir National de l'Or, des analystes financiers qui publient r\u00e9guli\u00e8rement des \u00e9tudes sur les politiques des banques centrales, le cours de l'or, prix de l'or, cours de l'argent, prix de l'argent, cours du platine, cours du palladium,... la situation en zone euro et l'impact de la strat\u00e9gie mon\u00e9taire de la FED. Notre \u00e9quipe scrute \u00e9galement une information plus g\u00e9n\u00e9raliste \u00e0 la recherche d'actualit\u00e9 \\\"p\u00e9pite\\\" \u00e0 vous partager. Depuis 5 ans, nous avons publi\u00e9 un peu plus de 4000 articles qui s'adressent \u00e0 un public large et vari\u00e9 ayant pour objectif de satisfaire votre curiosit\u00e9 et de partager avec vous une certaine fascination pour le m\u00e9tal jaune, le rachat d'or, et pour ceux qui veulent investir dans l'or, vendre leur or tout simplement en savoir plus... Pour tous vos achat or et argent, n'h\u00e9sitez pas \u00e0 prendre rendez-vous dans l'un de nos nombreux comptoirs.\",\"sameAs\":[\"https:\\\/\\\/www.gold.fr\"]}]}<\/script>\n<!-- \/ Yoast SEO plugin. -->","yoast_head_json":{"title":"Un regain d\u2019optimisme pour le dossier grec - Gold.fr","robots":{"index":"index","follow":"follow","max-snippet":"max-snippet:-1","max-image-preview":"max-image-preview:large","max-video-preview":"max-video-preview:-1"},"canonical":"https:\/\/www.gold.fr\/news\/2015\/02\/12\/un-regain-doptimisme-pour-le-dossier-grec\/","og_locale":"fr_FR","og_type":"article","og_title":"Un regain d\u2019optimisme pour le dossier grec - Gold.fr","og_description":"Tout espoir n&rsquo;est peut-\u00eatre pas totalement perdu pour la Gr\u00e8ce. L&rsquo;impasse dans laquelle patauge Ath\u00e8nes, depuis deux semaines, pourrait finalement trouver r\u00e9solution sous peu. Les rumeurs vont en effet bon train, dans les couloirs des march\u00e9s [&hellip;]","og_url":"https:\/\/www.gold.fr\/news\/2015\/02\/12\/un-regain-doptimisme-pour-le-dossier-grec\/","og_site_name":"Gold.fr","article_publisher":"https:\/\/www.facebook.com\/Goldfr\/","article_published_time":"2015-02-12T08:00:43+00:00","article_modified_time":"2018-02-22T13:30:38+00:00","og_image":[{"width":600,"height":400,"url":"https:\/\/www.gold.fr\/news\/wp-content\/uploads\/2011\/12\/87319963.jpg","type":"image\/jpeg"}],"author":"Comptoir National de l'Or","twitter_card":"summary_large_image","twitter_misc":{"\u00c9crit par":"Comptoir National de l'Or","Dur\u00e9e de lecture estim\u00e9e":"1 minute"},"schema":{"@context":"https:\/\/schema.org","@graph":[{"@type":"Article","@id":"https:\/\/www.gold.fr\/news\/2015\/02\/12\/un-regain-doptimisme-pour-le-dossier-grec\/#article","isPartOf":{"@id":"https:\/\/www.gold.fr\/news\/2015\/02\/12\/un-regain-doptimisme-pour-le-dossier-grec\/"},"author":{"name":"Comptoir National de l'Or","@id":"https:\/\/www.gold.fr\/news\/#\/schema\/person\/070491b4b4fb7671bf59b3be20302ce9"},"headline":"Un regain d\u2019optimisme pour le dossier grec","datePublished":"2015-02-12T08:00:43+00:00","dateModified":"2018-02-22T13:30:38+00:00","mainEntityOfPage":{"@id":"https:\/\/www.gold.fr\/news\/2015\/02\/12\/un-regain-doptimisme-pour-le-dossier-grec\/"},"wordCount":299,"commentCount":0,"image":{"@id":"https:\/\/www.gold.fr\/news\/2015\/02\/12\/un-regain-doptimisme-pour-le-dossier-grec\/#primaryimage"},"thumbnailUrl":"https:\/\/www.gold.fr\/news\/wp-content\/uploads\/2011\/12\/87319963.jpg","keywords":["accord grec","dossier grec","Grexit"],"articleSection":["Articles de presse"],"inLanguage":"fr-FR"},{"@type":"WebPage","@id":"https:\/\/www.gold.fr\/news\/2015\/02\/12\/un-regain-doptimisme-pour-le-dossier-grec\/","url":"https:\/\/www.gold.fr\/news\/2015\/02\/12\/un-regain-doptimisme-pour-le-dossier-grec\/","name":"Un regain d\u2019optimisme pour le dossier grec - Gold.fr","isPartOf":{"@id":"https:\/\/www.gold.fr\/news\/#website"},"primaryImageOfPage":{"@id":"https:\/\/www.gold.fr\/news\/2015\/02\/12\/un-regain-doptimisme-pour-le-dossier-grec\/#primaryimage"},"image":{"@id":"https:\/\/www.gold.fr\/news\/2015\/02\/12\/un-regain-doptimisme-pour-le-dossier-grec\/#primaryimage"},"thumbnailUrl":"https:\/\/www.gold.fr\/news\/wp-content\/uploads\/2011\/12\/87319963.jpg","datePublished":"2015-02-12T08:00:43+00:00","dateModified":"2018-02-22T13:30:38+00:00","author":{"@id":"https:\/\/www.gold.fr\/news\/#\/schema\/person\/070491b4b4fb7671bf59b3be20302ce9"},"breadcrumb":{"@id":"https:\/\/www.gold.fr\/news\/2015\/02\/12\/un-regain-doptimisme-pour-le-dossier-grec\/#breadcrumb"},"inLanguage":"fr-FR","potentialAction":[{"@type":"ReadAction","target":["https:\/\/www.gold.fr\/news\/2015\/02\/12\/un-regain-doptimisme-pour-le-dossier-grec\/"]}]},{"@type":"ImageObject","inLanguage":"fr-FR","@id":"https:\/\/www.gold.fr\/news\/2015\/02\/12\/un-regain-doptimisme-pour-le-dossier-grec\/#primaryimage","url":"https:\/\/www.gold.fr\/news\/wp-content\/uploads\/2011\/12\/87319963.jpg","contentUrl":"https:\/\/www.gold.fr\/news\/wp-content\/uploads\/2011\/12\/87319963.jpg","width":"600","height":"400","caption":"Dossier grec : La fin d\u2019une crise ?"},{"@type":"BreadcrumbList","@id":"https:\/\/www.gold.fr\/news\/2015\/02\/12\/un-regain-doptimisme-pour-le-dossier-grec\/#breadcrumb","itemListElement":[{"@type":"ListItem","position":1,"name":"Accueil","item":"https:\/\/www.gold.fr\/"},{"@type":"ListItem","position":2,"name":"Actualit\u00e9s","item":"https:\/\/www.gold.fr\/news\/"},{"@type":"ListItem","position":3,"name":"Un regain d\u2019optimisme pour le dossier grec"}]},{"@type":"WebSite","@id":"https:\/\/www.gold.fr\/news\/#website","url":"https:\/\/www.gold.fr\/news\/","name":"Gold.fr","description":"Actualit\u00e9s de l&#039;Or et des m\u00e9taux pr\u00e9cieux","potentialAction":[{"@type":"SearchAction","target":{"@type":"EntryPoint","urlTemplate":"https:\/\/www.gold.fr\/news\/?s={search_term_string}"},"query-input":{"@type":"PropertyValueSpecification","valueRequired":true,"valueName":"search_term_string"}}],"inLanguage":"fr-FR"},{"@type":"Person","@id":"https:\/\/www.gold.fr\/news\/#\/schema\/person\/070491b4b4fb7671bf59b3be20302ce9","name":"Comptoir National de l'Or","image":{"@type":"ImageObject","inLanguage":"fr-FR","@id":"https:\/\/secure.gravatar.com\/avatar\/0a2867fd5abe37bed95d5a65e9d58f01756e11efc68af9888dfc50cfa7f65948?s=96&d=mm&r=gb490554db0a38188709de567aa58480d","url":"https:\/\/secure.gravatar.com\/avatar\/0a2867fd5abe37bed95d5a65e9d58f01756e11efc68af9888dfc50cfa7f65948?s=96&d=mm&r=g","contentUrl":"https:\/\/secure.gravatar.com\/avatar\/0a2867fd5abe37bed95d5a65e9d58f01756e11efc68af9888dfc50cfa7f65948?s=96&d=mm&r=g","caption":"Comptoir National de l'Or"},"description":"Notre r\u00e9daction est constitu\u00e9e de membres experts dans les m\u00e9tiers de l'\u00e9conomie et la gestion, des Responsables d'agence Comptoir National de l'Or, des analystes financiers qui publient r\u00e9guli\u00e8rement des \u00e9tudes sur les politiques des banques centrales, le cours de l'or, prix de l'or, cours de l'argent, prix de l'argent, cours du platine, cours du palladium,... la situation en zone euro et l'impact de la strat\u00e9gie mon\u00e9taire de la FED. Notre \u00e9quipe scrute \u00e9galement une information plus g\u00e9n\u00e9raliste \u00e0 la recherche d'actualit\u00e9 \"p\u00e9pite\" \u00e0 vous partager. Depuis 5 ans, nous avons publi\u00e9 un peu plus de 4000 articles qui s'adressent \u00e0 un public large et vari\u00e9 ayant pour objectif de satisfaire votre curiosit\u00e9 et de partager avec vous une certaine fascination pour le m\u00e9tal jaune, le rachat d'or, et pour ceux qui veulent investir dans l'or, vendre leur or tout simplement en savoir plus... Pour tous vos achat or et argent, n'h\u00e9sitez pas \u00e0 prendre rendez-vous dans l'un de nos nombreux comptoirs.","sameAs":["https:\/\/www.gold.fr"]}]}},"authors":[{"term_id":2565,"user_id":18,"is_guest":0,"slug":"julie","display_name":"Comptoir National de l'Or","avatar_url":"https:\/\/secure.gravatar.com\/avatar\/713f289e398d35ead876c4a4cc08607f0d6d266058cfc25683fffb6092d0e572?s=96&d=mm&r=g","0":null,"1":"","2":"","3":"","4":"","5":"","6":"","7":"","8":""}],"_links":{"self":[{"href":"https:\/\/www.gold.fr\/news\/wp-json\/wp\/v2\/posts\/16659","targetHints":{"allow":["GET"]}}],"collection":[{"href":"https:\/\/www.gold.fr\/news\/wp-json\/wp\/v2\/posts"}],"about":[{"href":"https:\/\/www.gold.fr\/news\/wp-json\/wp\/v2\/types\/post"}],"author":[{"embeddable":true,"href":"https:\/\/www.gold.fr\/news\/wp-json\/wp\/v2\/users\/18"}],"replies":[{"embeddable":true,"href":"https:\/\/www.gold.fr\/news\/wp-json\/wp\/v2\/comments?post=16659"}],"version-history":[{"count":0,"href":"https:\/\/www.gold.fr\/news\/wp-json\/wp\/v2\/posts\/16659\/revisions"}],"wp:featuredmedia":[{"embeddable":true,"href":"https:\/\/www.gold.fr\/news\/wp-json\/wp\/v2\/media\/4547"}],"wp:attachment":[{"href":"https:\/\/www.gold.fr\/news\/wp-json\/wp\/v2\/media?parent=16659"}],"wp:term":[{"taxonomy":"category","embeddable":true,"href":"https:\/\/www.gold.fr\/news\/wp-json\/wp\/v2\/categories?post=16659"},{"taxonomy":"post_tag","embeddable":true,"href":"https:\/\/www.gold.fr\/news\/wp-json\/wp\/v2\/tags?post=16659"},{"taxonomy":"author","embeddable":true,"href":"https:\/\/www.gold.fr\/news\/wp-json\/wp\/v2\/ppma_author?post=16659"}],"curies":[{"name":"wp","href":"https:\/\/api.w.org\/{rel}","templated":true}]}}