{"id":16646,"date":"2015-02-10T09:00:52","date_gmt":"2015-02-10T08:00:52","guid":{"rendered":"https:\/\/www.gold.fr\/news\/?p=16646"},"modified":"2018-02-22T14:30:46","modified_gmt":"2018-02-22T13:30:46","slug":"incertitude-et-mefiance-des-marches","status":"publish","type":"post","link":"https:\/\/www.gold.fr\/news\/2015\/02\/10\/incertitude-et-mefiance-des-marches\/","title":{"rendered":"Incertitude et m\u00e9fiance des march\u00e9s"},"content":{"rendered":"<p><img loading=\"lazy\" decoding=\"async\" class=\"alignleft size-thumbnail wp-image-9348\" title=\"Incertitude et m\u00e9fiance des march\u00e9s\" src=\"https:\/\/www.gold.fr\/news\/wp-content\/uploads\/2012\/09\/billet-euro-dollar-150x150.jpg\" alt=\"\" width=\"150\" height=\"150\" \/><span style=\"font-size: small;\">La semaine derni\u00e8re s&rsquo;\u00e9tait cl\u00f4tur\u00e9e sur une note particuli\u00e8rement ind\u00e9cise et domin\u00e9e par les doutes et les incertitudes, \u00e0 l&rsquo;image du dossier grec qui continue \u00e0 provoquer la m\u00e9fiance des op\u00e9rateurs, plombant bon nombre de march\u00e9s d&rsquo;<a href='https:\/\/www.gold.fr\/news\/tags\/investissement' class='esk-seo-plu-link'>investissement<\/a>, des deux c\u00f4t\u00e9s de l&rsquo;Atlantique. Cette situation est bien r\u00e9sum\u00e9e par <strong>Tony Cross<\/strong>, analyste march\u00e9 chez <strong>Trustnet<\/strong> Direct, qui souligne \u00e0 ce sujet qu&rsquo;on n&rsquo;a pas observ\u00e9 \u00ab<em> <a title=\"La Gr\u00e8ce impose une phase de \u2018r\u00e9flexion\u2019 ?\" href=\"https:\/\/www.gold.fr\/news\/2015\/02\/09\/la-grece-impose-une-phase-de-reflexion\/16644\/\" target=\"_blank\">de progr\u00e8s sur la dette grecque<\/a>, Ath\u00e8nes et Berlin semblant dans une impasse, tandis que le rebond des prix du p\u00e9trole n&rsquo;offre plus gu\u00e8re de soutien significatif aux valeurs \u00e9nerg\u00e9tiques<\/em> \u00bb.<\/span>    <span style=\"font-size: small;\">Du coup, la plupart des march\u00e9s financiers internationaux ont d\u00e9but\u00e9 cette nouvelle semaine boursi\u00e8re sur une note plus ou moins baissi\u00e8re, en fonction de leur corr\u00e9lation (directe et indirecte) avec le dossier grec mais aussi avec les places boursi\u00e8res am\u00e9ricaines qui accusent le contrecoup d&rsquo;une stagnation des indices macro\u00e9conomiques de l&rsquo;\u00e9conomie nationale. Le D\u00e9partement du Travail US avait pourtant cr\u00e9\u00e9 la (bonne) surprise, \u00e0 la fin de la semaine derni\u00e8re en annon\u00e7ant des chiffres meilleurs que pr\u00e9vu. Une nouvelle qui n&rsquo;a toutefois pas r\u00e9ussi \u00e0 am\u00e9liorer le niveau d&rsquo;optimisme des investisseurs.<\/span>    <span style=\"font-size: small;\">Par ailleurs, rappelons que la saison des publications relatives aux r\u00e9sultats trimestriels des g\u00e9ants \u00e9conomiques (am\u00e9ricains et europ\u00e9ens) touchera \u00e0 sa fin au terme de cette semaine. C\u00f4t\u00e9 am\u00e9ricain, on guettera notamment les r\u00e9sultats de <strong>Coca-Cola<\/strong> et <strong>Cisco<\/strong> qui seront les derniers \u00e0 publier leurs chiffres. Sur la rive europ\u00e9enne, <strong>Lagard\u00e8re<\/strong>, <strong>Michelin<\/strong>, <strong>EDF<\/strong>, <strong>L&rsquo;<a href='https:\/\/www.gold.fr\/news\/tags\/or' class='esk-seo-plu-link'>Or<\/a>\u00e9al<\/strong>, <strong>Publicis<\/strong> et <strong>Renault<\/strong> seront les points de focalisation de la semaine. <\/span><\/p>\n<!-- AddThis Advanced Settings generic via filter on the_content --><!-- AddThis Share Buttons generic via filter on the_content -->","protected":false},"excerpt":{"rendered":"<p>La semaine derni\u00e8re s&rsquo;\u00e9tait cl\u00f4tur\u00e9e sur une note particuli\u00e8rement ind\u00e9cise et domin\u00e9e par les doutes et les incertitudes, \u00e0 l&rsquo;image du dossier grec qui continue \u00e0 provoquer la m\u00e9fiance des op\u00e9rateurs, plombant bon nombre de march\u00e9s [&hellip;]<\/p>\n","protected":false},"author":18,"featured_media":9348,"comment_status":"open","ping_status":"open","sticky":false,"template":"","format":"standard","meta":{"_mbp_gutenberg_autopost":false,"_pgmb_is_evergreen":false,"_pgmb_ap_template_id":0,"footnotes":""},"categories":[6],"tags":[1188,290,1000,1649,1624,379],"ppma_author":[2565],"class_list":["post-16646","post","type-post","status-publish","format-standard","has-post-thumbnail","hentry","category-articles-de-presse","tag-bourse","tag-dette-grecque","tag-economie","tag-marches","tag-marches-dinvestissement","tag-prix-du-petrole"],"yoast_head":"<!-- This site is optimized with the Yoast SEO plugin v27.5 - https:\/\/yoast.com\/product\/yoast-seo-wordpress\/ -->\n<title>Incertitude et m\u00e9fiance des march\u00e9s - Gold.fr<\/title>\n<meta name=\"robots\" content=\"index, follow, max-snippet:-1, max-image-preview:large, max-video-preview:-1\" \/>\n<link rel=\"canonical\" href=\"https:\/\/www.gold.fr\/news\/2015\/02\/10\/incertitude-et-mefiance-des-marches\/\" \/>\n<meta property=\"og:locale\" content=\"fr_FR\" \/>\n<meta property=\"og:type\" content=\"article\" \/>\n<meta property=\"og:title\" content=\"Incertitude et m\u00e9fiance des march\u00e9s - Gold.fr\" \/>\n<meta property=\"og:description\" content=\"La semaine derni\u00e8re s&rsquo;\u00e9tait cl\u00f4tur\u00e9e sur une note particuli\u00e8rement ind\u00e9cise et domin\u00e9e par les doutes et les incertitudes, \u00e0 l&rsquo;image du dossier grec qui continue \u00e0 provoquer la m\u00e9fiance des op\u00e9rateurs, plombant bon nombre de march\u00e9s [&hellip;]\" \/>\n<meta property=\"og:url\" content=\"https:\/\/www.gold.fr\/news\/2015\/02\/10\/incertitude-et-mefiance-des-marches\/\" \/>\n<meta property=\"og:site_name\" content=\"Gold.fr\" \/>\n<meta property=\"article:publisher\" content=\"https:\/\/www.facebook.com\/Goldfr\/\" \/>\n<meta property=\"article:published_time\" content=\"2015-02-10T08:00:52+00:00\" \/>\n<meta property=\"article:modified_time\" content=\"2018-02-22T13:30:46+00:00\" \/>\n<meta property=\"og:image\" content=\"https:\/\/www.gold.fr\/news\/wp-content\/uploads\/2012\/09\/billet-euro-dollar.jpg\" \/>\n\t<meta property=\"og:image:width\" content=\"601\" \/>\n\t<meta property=\"og:image:height\" content=\"400\" \/>\n\t<meta property=\"og:image:type\" content=\"image\/jpeg\" \/>\n<meta name=\"author\" content=\"Comptoir National de l&#039;Or\" \/>\n<meta name=\"twitter:card\" content=\"summary_large_image\" \/>\n<meta name=\"twitter:label1\" content=\"\u00c9crit par\" \/>\n\t<meta name=\"twitter:data1\" content=\"Comptoir National de l&#039;Or\" \/>\n\t<meta name=\"twitter:label2\" content=\"Dur\u00e9e de lecture estim\u00e9e\" \/>\n\t<meta name=\"twitter:data2\" content=\"1 minute\" \/>\n<script type=\"application\/ld+json\" class=\"yoast-schema-graph\">{\"@context\":\"https:\\\/\\\/schema.org\",\"@graph\":[{\"@type\":\"Article\",\"@id\":\"https:\\\/\\\/www.gold.fr\\\/news\\\/2015\\\/02\\\/10\\\/incertitude-et-mefiance-des-marches\\\/#article\",\"isPartOf\":{\"@id\":\"https:\\\/\\\/www.gold.fr\\\/news\\\/2015\\\/02\\\/10\\\/incertitude-et-mefiance-des-marches\\\/\"},\"author\":{\"name\":\"Comptoir National de l'Or\",\"@id\":\"https:\\\/\\\/www.gold.fr\\\/news\\\/#\\\/schema\\\/person\\\/070491b4b4fb7671bf59b3be20302ce9\"},\"headline\":\"Incertitude et m\u00e9fiance des march\u00e9s\",\"datePublished\":\"2015-02-10T08:00:52+00:00\",\"dateModified\":\"2018-02-22T13:30:46+00:00\",\"mainEntityOfPage\":{\"@id\":\"https:\\\/\\\/www.gold.fr\\\/news\\\/2015\\\/02\\\/10\\\/incertitude-et-mefiance-des-marches\\\/\"},\"wordCount\":304,\"commentCount\":0,\"image\":{\"@id\":\"https:\\\/\\\/www.gold.fr\\\/news\\\/2015\\\/02\\\/10\\\/incertitude-et-mefiance-des-marches\\\/#primaryimage\"},\"thumbnailUrl\":\"https:\\\/\\\/www.gold.fr\\\/news\\\/wp-content\\\/uploads\\\/2012\\\/09\\\/billet-euro-dollar.jpg\",\"keywords\":[\"bourse\",\"dette grecque\",\"\u00e9conomie\",\"march\u00e9s\",\"march\u00e9s d\u2019investissement\",\"prix du p\u00e9trole\"],\"articleSection\":[\"Articles de presse\"],\"inLanguage\":\"fr-FR\"},{\"@type\":\"WebPage\",\"@id\":\"https:\\\/\\\/www.gold.fr\\\/news\\\/2015\\\/02\\\/10\\\/incertitude-et-mefiance-des-marches\\\/\",\"url\":\"https:\\\/\\\/www.gold.fr\\\/news\\\/2015\\\/02\\\/10\\\/incertitude-et-mefiance-des-marches\\\/\",\"name\":\"Incertitude et m\u00e9fiance des march\u00e9s - Gold.fr\",\"isPartOf\":{\"@id\":\"https:\\\/\\\/www.gold.fr\\\/news\\\/#website\"},\"primaryImageOfPage\":{\"@id\":\"https:\\\/\\\/www.gold.fr\\\/news\\\/2015\\\/02\\\/10\\\/incertitude-et-mefiance-des-marches\\\/#primaryimage\"},\"image\":{\"@id\":\"https:\\\/\\\/www.gold.fr\\\/news\\\/2015\\\/02\\\/10\\\/incertitude-et-mefiance-des-marches\\\/#primaryimage\"},\"thumbnailUrl\":\"https:\\\/\\\/www.gold.fr\\\/news\\\/wp-content\\\/uploads\\\/2012\\\/09\\\/billet-euro-dollar.jpg\",\"datePublished\":\"2015-02-10T08:00:52+00:00\",\"dateModified\":\"2018-02-22T13:30:46+00:00\",\"author\":{\"@id\":\"https:\\\/\\\/www.gold.fr\\\/news\\\/#\\\/schema\\\/person\\\/070491b4b4fb7671bf59b3be20302ce9\"},\"breadcrumb\":{\"@id\":\"https:\\\/\\\/www.gold.fr\\\/news\\\/2015\\\/02\\\/10\\\/incertitude-et-mefiance-des-marches\\\/#breadcrumb\"},\"inLanguage\":\"fr-FR\",\"potentialAction\":[{\"@type\":\"ReadAction\",\"target\":[\"https:\\\/\\\/www.gold.fr\\\/news\\\/2015\\\/02\\\/10\\\/incertitude-et-mefiance-des-marches\\\/\"]}]},{\"@type\":\"ImageObject\",\"inLanguage\":\"fr-FR\",\"@id\":\"https:\\\/\\\/www.gold.fr\\\/news\\\/2015\\\/02\\\/10\\\/incertitude-et-mefiance-des-marches\\\/#primaryimage\",\"url\":\"https:\\\/\\\/www.gold.fr\\\/news\\\/wp-content\\\/uploads\\\/2012\\\/09\\\/billet-euro-dollar.jpg\",\"contentUrl\":\"https:\\\/\\\/www.gold.fr\\\/news\\\/wp-content\\\/uploads\\\/2012\\\/09\\\/billet-euro-dollar.jpg\",\"width\":\"601\",\"height\":\"400\",\"caption\":\"Or: R\u00e9union au sommet des g\u00e9ants du secteur minier\"},{\"@type\":\"BreadcrumbList\",\"@id\":\"https:\\\/\\\/www.gold.fr\\\/news\\\/2015\\\/02\\\/10\\\/incertitude-et-mefiance-des-marches\\\/#breadcrumb\",\"itemListElement\":[{\"@type\":\"ListItem\",\"position\":1,\"name\":\"Accueil\",\"item\":\"https:\\\/\\\/www.gold.fr\\\/\"},{\"@type\":\"ListItem\",\"position\":2,\"name\":\"Actualit\u00e9s\",\"item\":\"https:\\\/\\\/www.gold.fr\\\/news\\\/\"},{\"@type\":\"ListItem\",\"position\":3,\"name\":\"Incertitude et m\u00e9fiance des march\u00e9s\"}]},{\"@type\":\"WebSite\",\"@id\":\"https:\\\/\\\/www.gold.fr\\\/news\\\/#website\",\"url\":\"https:\\\/\\\/www.gold.fr\\\/news\\\/\",\"name\":\"Gold.fr\",\"description\":\"Actualit\u00e9s de l&#039;Or et des m\u00e9taux pr\u00e9cieux\",\"potentialAction\":[{\"@type\":\"SearchAction\",\"target\":{\"@type\":\"EntryPoint\",\"urlTemplate\":\"https:\\\/\\\/www.gold.fr\\\/news\\\/?s={search_term_string}\"},\"query-input\":{\"@type\":\"PropertyValueSpecification\",\"valueRequired\":true,\"valueName\":\"search_term_string\"}}],\"inLanguage\":\"fr-FR\"},{\"@type\":\"Person\",\"@id\":\"https:\\\/\\\/www.gold.fr\\\/news\\\/#\\\/schema\\\/person\\\/070491b4b4fb7671bf59b3be20302ce9\",\"name\":\"Comptoir National de l'Or\",\"image\":{\"@type\":\"ImageObject\",\"inLanguage\":\"fr-FR\",\"@id\":\"https:\\\/\\\/secure.gravatar.com\\\/avatar\\\/0a2867fd5abe37bed95d5a65e9d58f01756e11efc68af9888dfc50cfa7f65948?s=96&d=mm&r=gb490554db0a38188709de567aa58480d\",\"url\":\"https:\\\/\\\/secure.gravatar.com\\\/avatar\\\/0a2867fd5abe37bed95d5a65e9d58f01756e11efc68af9888dfc50cfa7f65948?s=96&d=mm&r=g\",\"contentUrl\":\"https:\\\/\\\/secure.gravatar.com\\\/avatar\\\/0a2867fd5abe37bed95d5a65e9d58f01756e11efc68af9888dfc50cfa7f65948?s=96&d=mm&r=g\",\"caption\":\"Comptoir National de l'Or\"},\"description\":\"Notre r\u00e9daction est constitu\u00e9e de membres experts dans les m\u00e9tiers de l'\u00e9conomie et la gestion, des Responsables d'agence Comptoir National de l'Or, des analystes financiers qui publient r\u00e9guli\u00e8rement des \u00e9tudes sur les politiques des banques centrales, le cours de l'or, prix de l'or, cours de l'argent, prix de l'argent, cours du platine, cours du palladium,... la situation en zone euro et l'impact de la strat\u00e9gie mon\u00e9taire de la FED. Notre \u00e9quipe scrute \u00e9galement une information plus g\u00e9n\u00e9raliste \u00e0 la recherche d'actualit\u00e9 \\\"p\u00e9pite\\\" \u00e0 vous partager. Depuis 5 ans, nous avons publi\u00e9 un peu plus de 4000 articles qui s'adressent \u00e0 un public large et vari\u00e9 ayant pour objectif de satisfaire votre curiosit\u00e9 et de partager avec vous une certaine fascination pour le m\u00e9tal jaune, le rachat d'or, et pour ceux qui veulent investir dans l'or, vendre leur or tout simplement en savoir plus... Pour tous vos achat or et argent, n'h\u00e9sitez pas \u00e0 prendre rendez-vous dans l'un de nos nombreux comptoirs.\",\"sameAs\":[\"https:\\\/\\\/www.gold.fr\"]}]}<\/script>\n<!-- \/ Yoast SEO plugin. -->","yoast_head_json":{"title":"Incertitude et m\u00e9fiance des march\u00e9s - Gold.fr","robots":{"index":"index","follow":"follow","max-snippet":"max-snippet:-1","max-image-preview":"max-image-preview:large","max-video-preview":"max-video-preview:-1"},"canonical":"https:\/\/www.gold.fr\/news\/2015\/02\/10\/incertitude-et-mefiance-des-marches\/","og_locale":"fr_FR","og_type":"article","og_title":"Incertitude et m\u00e9fiance des march\u00e9s - Gold.fr","og_description":"La semaine derni\u00e8re s&rsquo;\u00e9tait cl\u00f4tur\u00e9e sur une note particuli\u00e8rement ind\u00e9cise et domin\u00e9e par les doutes et les incertitudes, \u00e0 l&rsquo;image du dossier grec qui continue \u00e0 provoquer la m\u00e9fiance des op\u00e9rateurs, plombant bon nombre de march\u00e9s [&hellip;]","og_url":"https:\/\/www.gold.fr\/news\/2015\/02\/10\/incertitude-et-mefiance-des-marches\/","og_site_name":"Gold.fr","article_publisher":"https:\/\/www.facebook.com\/Goldfr\/","article_published_time":"2015-02-10T08:00:52+00:00","article_modified_time":"2018-02-22T13:30:46+00:00","og_image":[{"width":601,"height":400,"url":"https:\/\/www.gold.fr\/news\/wp-content\/uploads\/2012\/09\/billet-euro-dollar.jpg","type":"image\/jpeg"}],"author":"Comptoir National de l'Or","twitter_card":"summary_large_image","twitter_misc":{"\u00c9crit par":"Comptoir National de l'Or","Dur\u00e9e de lecture estim\u00e9e":"1 minute"},"schema":{"@context":"https:\/\/schema.org","@graph":[{"@type":"Article","@id":"https:\/\/www.gold.fr\/news\/2015\/02\/10\/incertitude-et-mefiance-des-marches\/#article","isPartOf":{"@id":"https:\/\/www.gold.fr\/news\/2015\/02\/10\/incertitude-et-mefiance-des-marches\/"},"author":{"name":"Comptoir National de l'Or","@id":"https:\/\/www.gold.fr\/news\/#\/schema\/person\/070491b4b4fb7671bf59b3be20302ce9"},"headline":"Incertitude et m\u00e9fiance des march\u00e9s","datePublished":"2015-02-10T08:00:52+00:00","dateModified":"2018-02-22T13:30:46+00:00","mainEntityOfPage":{"@id":"https:\/\/www.gold.fr\/news\/2015\/02\/10\/incertitude-et-mefiance-des-marches\/"},"wordCount":304,"commentCount":0,"image":{"@id":"https:\/\/www.gold.fr\/news\/2015\/02\/10\/incertitude-et-mefiance-des-marches\/#primaryimage"},"thumbnailUrl":"https:\/\/www.gold.fr\/news\/wp-content\/uploads\/2012\/09\/billet-euro-dollar.jpg","keywords":["bourse","dette grecque","\u00e9conomie","march\u00e9s","march\u00e9s d\u2019investissement","prix du p\u00e9trole"],"articleSection":["Articles de presse"],"inLanguage":"fr-FR"},{"@type":"WebPage","@id":"https:\/\/www.gold.fr\/news\/2015\/02\/10\/incertitude-et-mefiance-des-marches\/","url":"https:\/\/www.gold.fr\/news\/2015\/02\/10\/incertitude-et-mefiance-des-marches\/","name":"Incertitude et m\u00e9fiance des march\u00e9s - Gold.fr","isPartOf":{"@id":"https:\/\/www.gold.fr\/news\/#website"},"primaryImageOfPage":{"@id":"https:\/\/www.gold.fr\/news\/2015\/02\/10\/incertitude-et-mefiance-des-marches\/#primaryimage"},"image":{"@id":"https:\/\/www.gold.fr\/news\/2015\/02\/10\/incertitude-et-mefiance-des-marches\/#primaryimage"},"thumbnailUrl":"https:\/\/www.gold.fr\/news\/wp-content\/uploads\/2012\/09\/billet-euro-dollar.jpg","datePublished":"2015-02-10T08:00:52+00:00","dateModified":"2018-02-22T13:30:46+00:00","author":{"@id":"https:\/\/www.gold.fr\/news\/#\/schema\/person\/070491b4b4fb7671bf59b3be20302ce9"},"breadcrumb":{"@id":"https:\/\/www.gold.fr\/news\/2015\/02\/10\/incertitude-et-mefiance-des-marches\/#breadcrumb"},"inLanguage":"fr-FR","potentialAction":[{"@type":"ReadAction","target":["https:\/\/www.gold.fr\/news\/2015\/02\/10\/incertitude-et-mefiance-des-marches\/"]}]},{"@type":"ImageObject","inLanguage":"fr-FR","@id":"https:\/\/www.gold.fr\/news\/2015\/02\/10\/incertitude-et-mefiance-des-marches\/#primaryimage","url":"https:\/\/www.gold.fr\/news\/wp-content\/uploads\/2012\/09\/billet-euro-dollar.jpg","contentUrl":"https:\/\/www.gold.fr\/news\/wp-content\/uploads\/2012\/09\/billet-euro-dollar.jpg","width":"601","height":"400","caption":"Or: R\u00e9union au sommet des g\u00e9ants du secteur minier"},{"@type":"BreadcrumbList","@id":"https:\/\/www.gold.fr\/news\/2015\/02\/10\/incertitude-et-mefiance-des-marches\/#breadcrumb","itemListElement":[{"@type":"ListItem","position":1,"name":"Accueil","item":"https:\/\/www.gold.fr\/"},{"@type":"ListItem","position":2,"name":"Actualit\u00e9s","item":"https:\/\/www.gold.fr\/news\/"},{"@type":"ListItem","position":3,"name":"Incertitude et m\u00e9fiance des march\u00e9s"}]},{"@type":"WebSite","@id":"https:\/\/www.gold.fr\/news\/#website","url":"https:\/\/www.gold.fr\/news\/","name":"Gold.fr","description":"Actualit\u00e9s de l&#039;Or et des m\u00e9taux pr\u00e9cieux","potentialAction":[{"@type":"SearchAction","target":{"@type":"EntryPoint","urlTemplate":"https:\/\/www.gold.fr\/news\/?s={search_term_string}"},"query-input":{"@type":"PropertyValueSpecification","valueRequired":true,"valueName":"search_term_string"}}],"inLanguage":"fr-FR"},{"@type":"Person","@id":"https:\/\/www.gold.fr\/news\/#\/schema\/person\/070491b4b4fb7671bf59b3be20302ce9","name":"Comptoir National de l'Or","image":{"@type":"ImageObject","inLanguage":"fr-FR","@id":"https:\/\/secure.gravatar.com\/avatar\/0a2867fd5abe37bed95d5a65e9d58f01756e11efc68af9888dfc50cfa7f65948?s=96&d=mm&r=gb490554db0a38188709de567aa58480d","url":"https:\/\/secure.gravatar.com\/avatar\/0a2867fd5abe37bed95d5a65e9d58f01756e11efc68af9888dfc50cfa7f65948?s=96&d=mm&r=g","contentUrl":"https:\/\/secure.gravatar.com\/avatar\/0a2867fd5abe37bed95d5a65e9d58f01756e11efc68af9888dfc50cfa7f65948?s=96&d=mm&r=g","caption":"Comptoir National de l'Or"},"description":"Notre r\u00e9daction est constitu\u00e9e de membres experts dans les m\u00e9tiers de l'\u00e9conomie et la gestion, des Responsables d'agence Comptoir National de l'Or, des analystes financiers qui publient r\u00e9guli\u00e8rement des \u00e9tudes sur les politiques des banques centrales, le cours de l'or, prix de l'or, cours de l'argent, prix de l'argent, cours du platine, cours du palladium,... la situation en zone euro et l'impact de la strat\u00e9gie mon\u00e9taire de la FED. Notre \u00e9quipe scrute \u00e9galement une information plus g\u00e9n\u00e9raliste \u00e0 la recherche d'actualit\u00e9 \"p\u00e9pite\" \u00e0 vous partager. Depuis 5 ans, nous avons publi\u00e9 un peu plus de 4000 articles qui s'adressent \u00e0 un public large et vari\u00e9 ayant pour objectif de satisfaire votre curiosit\u00e9 et de partager avec vous une certaine fascination pour le m\u00e9tal jaune, le rachat d'or, et pour ceux qui veulent investir dans l'or, vendre leur or tout simplement en savoir plus... Pour tous vos achat or et argent, n'h\u00e9sitez pas \u00e0 prendre rendez-vous dans l'un de nos nombreux comptoirs.","sameAs":["https:\/\/www.gold.fr"]}]}},"authors":[{"term_id":2565,"user_id":18,"is_guest":0,"slug":"julie","display_name":"Comptoir National de l'Or","avatar_url":"https:\/\/secure.gravatar.com\/avatar\/713f289e398d35ead876c4a4cc08607f0d6d266058cfc25683fffb6092d0e572?s=96&d=mm&r=g","0":null,"1":"","2":"","3":"","4":"","5":"","6":"","7":"","8":""}],"_links":{"self":[{"href":"https:\/\/www.gold.fr\/news\/wp-json\/wp\/v2\/posts\/16646","targetHints":{"allow":["GET"]}}],"collection":[{"href":"https:\/\/www.gold.fr\/news\/wp-json\/wp\/v2\/posts"}],"about":[{"href":"https:\/\/www.gold.fr\/news\/wp-json\/wp\/v2\/types\/post"}],"author":[{"embeddable":true,"href":"https:\/\/www.gold.fr\/news\/wp-json\/wp\/v2\/users\/18"}],"replies":[{"embeddable":true,"href":"https:\/\/www.gold.fr\/news\/wp-json\/wp\/v2\/comments?post=16646"}],"version-history":[{"count":0,"href":"https:\/\/www.gold.fr\/news\/wp-json\/wp\/v2\/posts\/16646\/revisions"}],"wp:featuredmedia":[{"embeddable":true,"href":"https:\/\/www.gold.fr\/news\/wp-json\/wp\/v2\/media\/9348"}],"wp:attachment":[{"href":"https:\/\/www.gold.fr\/news\/wp-json\/wp\/v2\/media?parent=16646"}],"wp:term":[{"taxonomy":"category","embeddable":true,"href":"https:\/\/www.gold.fr\/news\/wp-json\/wp\/v2\/categories?post=16646"},{"taxonomy":"post_tag","embeddable":true,"href":"https:\/\/www.gold.fr\/news\/wp-json\/wp\/v2\/tags?post=16646"},{"taxonomy":"author","embeddable":true,"href":"https:\/\/www.gold.fr\/news\/wp-json\/wp\/v2\/ppma_author?post=16646"}],"curies":[{"name":"wp","href":"https:\/\/api.w.org\/{rel}","templated":true}]}}