{"id":16631,"date":"2015-02-06T09:00:08","date_gmt":"2015-02-06T08:00:08","guid":{"rendered":"https:\/\/www.gold.fr\/news\/?p=16631"},"modified":"2018-02-22T14:30:54","modified_gmt":"2018-02-22T13:30:54","slug":"athenes-croule-sous-la-pression-bce","status":"publish","type":"post","link":"https:\/\/www.gold.fr\/news\/2015\/02\/06\/athenes-croule-sous-la-pression-bce\/","title":{"rendered":"Ath\u00e8nes croule sous la pression BCE"},"content":{"rendered":"<p><img loading=\"lazy\" decoding=\"async\" class=\"alignleft size-thumbnail wp-image-5011\" title=\"Ath\u00e8nes croule sous la pression BCE\" src=\"https:\/\/www.gold.fr\/news\/wp-content\/uploads\/2012\/01\/Europe-150x150.jpg\" alt=\"\" width=\"150\" height=\"150\" \/><span style=\"font-size: small;\">La d\u00e9cision vient d\u2019\u00eatre annonc\u00e9e et elle place d\u00e9lib\u00e9r\u00e9ment la Gr\u00e8ce dans une position bien difficile. La banque centrale europ\u00e9enne a d\u00e9cid\u00e9, de par les pouvoirs l\u00e9gaux qui lui sont attribu\u00e9s, de <a title=\"Une r\u00e9elle solution pour le dossier grec ?\" href=\"https:\/\/www.gold.fr\/news\/2015\/02\/04\/une-reelle-solution-pour-le-dossier-grec\/16616\/\" target=\"_blank\">rejeter le collat\u00e9ral de la dette grecque<\/a>, en contrepartie des injections mon\u00e9taires qu\u2019elle accordait jusque l\u00e0 aux \u00e9tablissements bancaires commerciaux.<\/span>    <span style=\"font-size: small;\">Dans le d\u00e9tail l\u00e9gal, la <strong>BCE<\/strong> a simplement annonc\u00e9 qu\u2019elle mettait un terme \u00e0 \u00ab<em> la d\u00e9rogation qui permettait \u00e0 des emprunts afflig\u00e9s d&rsquo;une notation \u00ab\u00a0<strong>Junk Bond<\/strong>\u00a0\u00bb de servir de contrepartie aux liquidit\u00e9s fournies par la BCE<\/em> \u00bb. Cette nouvelle mesure ne concernera essentiellement que les \u00e9tablissements bancaires grecs qui sont effectivement les principaux d\u00e9tenteurs de la dette souveraine \u00e9mise par le pays que les liquidit\u00e9s de la <strong>BCE<\/strong> leur permettaient de racheter. <\/span>    <span style=\"font-size: small;\">La question qui s\u2019impose aujourd\u2019hui tourne surtout autour de la dur\u00e9e et la nature de cette mesure drastique prise par la banque centrale europ\u00e9enne ; est-elle temporaire ou permanente ? Dans tous les cas, bon nombre d\u2019experts estiment que cette d\u00e9cision \u00ab<em> \u00e9quivaut \u00e0 une asphyxie d\u00e9lib\u00e9r\u00e9e<\/em> \u00bb et une pression titanesque impos\u00e9e par la premi\u00e8re institution financi\u00e8re de la zone \u00e0 la Gr\u00e8ce. Si cette mesure s\u2019av\u00e8re \u00eatre permanente, les analystes pr\u00e9voient qu\u2019Ath\u00e8nes, priv\u00e9e d\u2019un accord sur de nouvelles garanties capables de la sauver de la faillite, se verra oblig\u00e9e de quitter la zone des 18 (sc\u00e9nario catastrophe du <strong>Grexit<\/strong>).<\/span>    <span style=\"font-size: small;\">Rappelons enfin que l\u2019annonce de cette d\u00e9cision co\u00efncide avec la tourn\u00e9e du premier ministre grec, <strong>Alexis Tsipras<\/strong>, dans les diff\u00e9rentes capitales europ\u00e9ennes, lui imposant \u00e9galement une pression consid\u00e9rable pour cl\u00f4turer ce tour avec un succ\u00e8s \u00e9conomique d\u00e9sormais indispensable. <\/span><\/p>\n<!-- AddThis Advanced Settings generic via filter on the_content --><!-- AddThis Share Buttons generic via filter on the_content -->","protected":false},"excerpt":{"rendered":"<p>La d\u00e9cision vient d\u2019\u00eatre annonc\u00e9e et elle place d\u00e9lib\u00e9r\u00e9ment la Gr\u00e8ce dans une position bien difficile. La banque centrale europ\u00e9enne a d\u00e9cid\u00e9, de par les pouvoirs l\u00e9gaux qui lui sont attribu\u00e9s, de rejeter le collat\u00e9ral de [&hellip;]<\/p>\n","protected":false},"author":18,"featured_media":5011,"comment_status":"open","ping_status":"open","sticky":false,"template":"","format":"standard","meta":{"_mbp_gutenberg_autopost":false,"_pgmb_is_evergreen":false,"_pgmb_ap_template_id":0,"footnotes":""},"categories":[6],"tags":[245,143,290,2012],"ppma_author":[2565],"class_list":["post-16631","post","type-post","status-publish","format-standard","has-post-thumbnail","hentry","category-articles-de-presse","tag-athenes","tag-bce","tag-dette-grecque","tag-junk-bond"],"yoast_head":"<!-- This site is optimized with the Yoast SEO plugin v27.5 - https:\/\/yoast.com\/product\/yoast-seo-wordpress\/ -->\n<title>Ath\u00e8nes croule sous la pression BCE - Gold.fr<\/title>\n<meta name=\"robots\" content=\"index, follow, max-snippet:-1, max-image-preview:large, max-video-preview:-1\" \/>\n<link rel=\"canonical\" href=\"https:\/\/www.gold.fr\/news\/2015\/02\/06\/athenes-croule-sous-la-pression-bce\/\" \/>\n<meta property=\"og:locale\" content=\"fr_FR\" \/>\n<meta property=\"og:type\" content=\"article\" \/>\n<meta property=\"og:title\" content=\"Ath\u00e8nes croule sous la pression BCE - Gold.fr\" \/>\n<meta property=\"og:description\" content=\"La d\u00e9cision vient d\u2019\u00eatre annonc\u00e9e et elle place d\u00e9lib\u00e9r\u00e9ment la Gr\u00e8ce dans une position bien difficile. La banque centrale europ\u00e9enne a d\u00e9cid\u00e9, de par les pouvoirs l\u00e9gaux qui lui sont attribu\u00e9s, de rejeter le collat\u00e9ral de [&hellip;]\" \/>\n<meta property=\"og:url\" content=\"https:\/\/www.gold.fr\/news\/2015\/02\/06\/athenes-croule-sous-la-pression-bce\/\" \/>\n<meta property=\"og:site_name\" content=\"Gold.fr\" \/>\n<meta property=\"article:publisher\" content=\"https:\/\/www.facebook.com\/Goldfr\/\" \/>\n<meta property=\"article:published_time\" content=\"2015-02-06T08:00:08+00:00\" \/>\n<meta property=\"article:modified_time\" content=\"2018-02-22T13:30:54+00:00\" \/>\n<meta property=\"og:image\" content=\"https:\/\/www.gold.fr\/news\/wp-content\/uploads\/2012\/01\/Europe.jpg\" \/>\n\t<meta property=\"og:image:width\" content=\"600\" \/>\n\t<meta property=\"og:image:height\" content=\"417\" \/>\n\t<meta property=\"og:image:type\" content=\"image\/jpeg\" \/>\n<meta name=\"author\" content=\"Comptoir National de l&#039;Or\" \/>\n<meta name=\"twitter:card\" content=\"summary_large_image\" \/>\n<meta name=\"twitter:label1\" content=\"\u00c9crit par\" \/>\n\t<meta name=\"twitter:data1\" content=\"Comptoir National de l&#039;Or\" \/>\n\t<meta name=\"twitter:label2\" content=\"Dur\u00e9e de lecture estim\u00e9e\" \/>\n\t<meta name=\"twitter:data2\" content=\"2 minutes\" \/>\n<script type=\"application\/ld+json\" class=\"yoast-schema-graph\">{\"@context\":\"https:\\\/\\\/schema.org\",\"@graph\":[{\"@type\":\"Article\",\"@id\":\"https:\\\/\\\/www.gold.fr\\\/news\\\/2015\\\/02\\\/06\\\/athenes-croule-sous-la-pression-bce\\\/#article\",\"isPartOf\":{\"@id\":\"https:\\\/\\\/www.gold.fr\\\/news\\\/2015\\\/02\\\/06\\\/athenes-croule-sous-la-pression-bce\\\/\"},\"author\":{\"name\":\"Comptoir National de l'Or\",\"@id\":\"https:\\\/\\\/www.gold.fr\\\/news\\\/#\\\/schema\\\/person\\\/070491b4b4fb7671bf59b3be20302ce9\"},\"headline\":\"Ath\u00e8nes croule sous la pression BCE\",\"datePublished\":\"2015-02-06T08:00:08+00:00\",\"dateModified\":\"2018-02-22T13:30:54+00:00\",\"mainEntityOfPage\":{\"@id\":\"https:\\\/\\\/www.gold.fr\\\/news\\\/2015\\\/02\\\/06\\\/athenes-croule-sous-la-pression-bce\\\/\"},\"wordCount\":315,\"commentCount\":0,\"image\":{\"@id\":\"https:\\\/\\\/www.gold.fr\\\/news\\\/2015\\\/02\\\/06\\\/athenes-croule-sous-la-pression-bce\\\/#primaryimage\"},\"thumbnailUrl\":\"https:\\\/\\\/www.gold.fr\\\/news\\\/wp-content\\\/uploads\\\/2012\\\/01\\\/Europe.jpg\",\"keywords\":[\"ath\u00e8nes\",\"bce\",\"dette grecque\",\"Junk Bond\"],\"articleSection\":[\"Articles de presse\"],\"inLanguage\":\"fr-FR\"},{\"@type\":\"WebPage\",\"@id\":\"https:\\\/\\\/www.gold.fr\\\/news\\\/2015\\\/02\\\/06\\\/athenes-croule-sous-la-pression-bce\\\/\",\"url\":\"https:\\\/\\\/www.gold.fr\\\/news\\\/2015\\\/02\\\/06\\\/athenes-croule-sous-la-pression-bce\\\/\",\"name\":\"Ath\u00e8nes croule sous la pression BCE - Gold.fr\",\"isPartOf\":{\"@id\":\"https:\\\/\\\/www.gold.fr\\\/news\\\/#website\"},\"primaryImageOfPage\":{\"@id\":\"https:\\\/\\\/www.gold.fr\\\/news\\\/2015\\\/02\\\/06\\\/athenes-croule-sous-la-pression-bce\\\/#primaryimage\"},\"image\":{\"@id\":\"https:\\\/\\\/www.gold.fr\\\/news\\\/2015\\\/02\\\/06\\\/athenes-croule-sous-la-pression-bce\\\/#primaryimage\"},\"thumbnailUrl\":\"https:\\\/\\\/www.gold.fr\\\/news\\\/wp-content\\\/uploads\\\/2012\\\/01\\\/Europe.jpg\",\"datePublished\":\"2015-02-06T08:00:08+00:00\",\"dateModified\":\"2018-02-22T13:30:54+00:00\",\"author\":{\"@id\":\"https:\\\/\\\/www.gold.fr\\\/news\\\/#\\\/schema\\\/person\\\/070491b4b4fb7671bf59b3be20302ce9\"},\"breadcrumb\":{\"@id\":\"https:\\\/\\\/www.gold.fr\\\/news\\\/2015\\\/02\\\/06\\\/athenes-croule-sous-la-pression-bce\\\/#breadcrumb\"},\"inLanguage\":\"fr-FR\",\"potentialAction\":[{\"@type\":\"ReadAction\",\"target\":[\"https:\\\/\\\/www.gold.fr\\\/news\\\/2015\\\/02\\\/06\\\/athenes-croule-sous-la-pression-bce\\\/\"]}]},{\"@type\":\"ImageObject\",\"inLanguage\":\"fr-FR\",\"@id\":\"https:\\\/\\\/www.gold.fr\\\/news\\\/2015\\\/02\\\/06\\\/athenes-croule-sous-la-pression-bce\\\/#primaryimage\",\"url\":\"https:\\\/\\\/www.gold.fr\\\/news\\\/wp-content\\\/uploads\\\/2012\\\/01\\\/Europe.jpg\",\"contentUrl\":\"https:\\\/\\\/www.gold.fr\\\/news\\\/wp-content\\\/uploads\\\/2012\\\/01\\\/Europe.jpg\",\"width\":\"600\",\"height\":\"417\"},{\"@type\":\"BreadcrumbList\",\"@id\":\"https:\\\/\\\/www.gold.fr\\\/news\\\/2015\\\/02\\\/06\\\/athenes-croule-sous-la-pression-bce\\\/#breadcrumb\",\"itemListElement\":[{\"@type\":\"ListItem\",\"position\":1,\"name\":\"Accueil\",\"item\":\"https:\\\/\\\/www.gold.fr\\\/\"},{\"@type\":\"ListItem\",\"position\":2,\"name\":\"Actualit\u00e9s\",\"item\":\"https:\\\/\\\/www.gold.fr\\\/news\\\/\"},{\"@type\":\"ListItem\",\"position\":3,\"name\":\"Ath\u00e8nes croule sous la pression BCE\"}]},{\"@type\":\"WebSite\",\"@id\":\"https:\\\/\\\/www.gold.fr\\\/news\\\/#website\",\"url\":\"https:\\\/\\\/www.gold.fr\\\/news\\\/\",\"name\":\"Gold.fr\",\"description\":\"Actualit\u00e9s de l&#039;Or et des m\u00e9taux pr\u00e9cieux\",\"potentialAction\":[{\"@type\":\"SearchAction\",\"target\":{\"@type\":\"EntryPoint\",\"urlTemplate\":\"https:\\\/\\\/www.gold.fr\\\/news\\\/?s={search_term_string}\"},\"query-input\":{\"@type\":\"PropertyValueSpecification\",\"valueRequired\":true,\"valueName\":\"search_term_string\"}}],\"inLanguage\":\"fr-FR\"},{\"@type\":\"Person\",\"@id\":\"https:\\\/\\\/www.gold.fr\\\/news\\\/#\\\/schema\\\/person\\\/070491b4b4fb7671bf59b3be20302ce9\",\"name\":\"Comptoir National de l'Or\",\"image\":{\"@type\":\"ImageObject\",\"inLanguage\":\"fr-FR\",\"@id\":\"https:\\\/\\\/secure.gravatar.com\\\/avatar\\\/0a2867fd5abe37bed95d5a65e9d58f01756e11efc68af9888dfc50cfa7f65948?s=96&d=mm&r=gb490554db0a38188709de567aa58480d\",\"url\":\"https:\\\/\\\/secure.gravatar.com\\\/avatar\\\/0a2867fd5abe37bed95d5a65e9d58f01756e11efc68af9888dfc50cfa7f65948?s=96&d=mm&r=g\",\"contentUrl\":\"https:\\\/\\\/secure.gravatar.com\\\/avatar\\\/0a2867fd5abe37bed95d5a65e9d58f01756e11efc68af9888dfc50cfa7f65948?s=96&d=mm&r=g\",\"caption\":\"Comptoir National de l'Or\"},\"description\":\"Notre r\u00e9daction est constitu\u00e9e de membres experts dans les m\u00e9tiers de l'\u00e9conomie et la gestion, des Responsables d'agence Comptoir National de l'Or, des analystes financiers qui publient r\u00e9guli\u00e8rement des \u00e9tudes sur les politiques des banques centrales, le cours de l'or, prix de l'or, cours de l'argent, prix de l'argent, cours du platine, cours du palladium,... la situation en zone euro et l'impact de la strat\u00e9gie mon\u00e9taire de la FED. Notre \u00e9quipe scrute \u00e9galement une information plus g\u00e9n\u00e9raliste \u00e0 la recherche d'actualit\u00e9 \\\"p\u00e9pite\\\" \u00e0 vous partager. Depuis 5 ans, nous avons publi\u00e9 un peu plus de 4000 articles qui s'adressent \u00e0 un public large et vari\u00e9 ayant pour objectif de satisfaire votre curiosit\u00e9 et de partager avec vous une certaine fascination pour le m\u00e9tal jaune, le rachat d'or, et pour ceux qui veulent investir dans l'or, vendre leur or tout simplement en savoir plus... Pour tous vos achat or et argent, n'h\u00e9sitez pas \u00e0 prendre rendez-vous dans l'un de nos nombreux comptoirs.\",\"sameAs\":[\"https:\\\/\\\/www.gold.fr\"]}]}<\/script>\n<!-- \/ Yoast SEO plugin. -->","yoast_head_json":{"title":"Ath\u00e8nes croule sous la pression BCE - Gold.fr","robots":{"index":"index","follow":"follow","max-snippet":"max-snippet:-1","max-image-preview":"max-image-preview:large","max-video-preview":"max-video-preview:-1"},"canonical":"https:\/\/www.gold.fr\/news\/2015\/02\/06\/athenes-croule-sous-la-pression-bce\/","og_locale":"fr_FR","og_type":"article","og_title":"Ath\u00e8nes croule sous la pression BCE - Gold.fr","og_description":"La d\u00e9cision vient d\u2019\u00eatre annonc\u00e9e et elle place d\u00e9lib\u00e9r\u00e9ment la Gr\u00e8ce dans une position bien difficile. La banque centrale europ\u00e9enne a d\u00e9cid\u00e9, de par les pouvoirs l\u00e9gaux qui lui sont attribu\u00e9s, de rejeter le collat\u00e9ral de [&hellip;]","og_url":"https:\/\/www.gold.fr\/news\/2015\/02\/06\/athenes-croule-sous-la-pression-bce\/","og_site_name":"Gold.fr","article_publisher":"https:\/\/www.facebook.com\/Goldfr\/","article_published_time":"2015-02-06T08:00:08+00:00","article_modified_time":"2018-02-22T13:30:54+00:00","og_image":[{"width":600,"height":417,"url":"https:\/\/www.gold.fr\/news\/wp-content\/uploads\/2012\/01\/Europe.jpg","type":"image\/jpeg"}],"author":"Comptoir National de l'Or","twitter_card":"summary_large_image","twitter_misc":{"\u00c9crit par":"Comptoir National de l'Or","Dur\u00e9e de lecture estim\u00e9e":"2 minutes"},"schema":{"@context":"https:\/\/schema.org","@graph":[{"@type":"Article","@id":"https:\/\/www.gold.fr\/news\/2015\/02\/06\/athenes-croule-sous-la-pression-bce\/#article","isPartOf":{"@id":"https:\/\/www.gold.fr\/news\/2015\/02\/06\/athenes-croule-sous-la-pression-bce\/"},"author":{"name":"Comptoir National de l'Or","@id":"https:\/\/www.gold.fr\/news\/#\/schema\/person\/070491b4b4fb7671bf59b3be20302ce9"},"headline":"Ath\u00e8nes croule sous la pression BCE","datePublished":"2015-02-06T08:00:08+00:00","dateModified":"2018-02-22T13:30:54+00:00","mainEntityOfPage":{"@id":"https:\/\/www.gold.fr\/news\/2015\/02\/06\/athenes-croule-sous-la-pression-bce\/"},"wordCount":315,"commentCount":0,"image":{"@id":"https:\/\/www.gold.fr\/news\/2015\/02\/06\/athenes-croule-sous-la-pression-bce\/#primaryimage"},"thumbnailUrl":"https:\/\/www.gold.fr\/news\/wp-content\/uploads\/2012\/01\/Europe.jpg","keywords":["ath\u00e8nes","bce","dette grecque","Junk Bond"],"articleSection":["Articles de presse"],"inLanguage":"fr-FR"},{"@type":"WebPage","@id":"https:\/\/www.gold.fr\/news\/2015\/02\/06\/athenes-croule-sous-la-pression-bce\/","url":"https:\/\/www.gold.fr\/news\/2015\/02\/06\/athenes-croule-sous-la-pression-bce\/","name":"Ath\u00e8nes croule sous la pression BCE - Gold.fr","isPartOf":{"@id":"https:\/\/www.gold.fr\/news\/#website"},"primaryImageOfPage":{"@id":"https:\/\/www.gold.fr\/news\/2015\/02\/06\/athenes-croule-sous-la-pression-bce\/#primaryimage"},"image":{"@id":"https:\/\/www.gold.fr\/news\/2015\/02\/06\/athenes-croule-sous-la-pression-bce\/#primaryimage"},"thumbnailUrl":"https:\/\/www.gold.fr\/news\/wp-content\/uploads\/2012\/01\/Europe.jpg","datePublished":"2015-02-06T08:00:08+00:00","dateModified":"2018-02-22T13:30:54+00:00","author":{"@id":"https:\/\/www.gold.fr\/news\/#\/schema\/person\/070491b4b4fb7671bf59b3be20302ce9"},"breadcrumb":{"@id":"https:\/\/www.gold.fr\/news\/2015\/02\/06\/athenes-croule-sous-la-pression-bce\/#breadcrumb"},"inLanguage":"fr-FR","potentialAction":[{"@type":"ReadAction","target":["https:\/\/www.gold.fr\/news\/2015\/02\/06\/athenes-croule-sous-la-pression-bce\/"]}]},{"@type":"ImageObject","inLanguage":"fr-FR","@id":"https:\/\/www.gold.fr\/news\/2015\/02\/06\/athenes-croule-sous-la-pression-bce\/#primaryimage","url":"https:\/\/www.gold.fr\/news\/wp-content\/uploads\/2012\/01\/Europe.jpg","contentUrl":"https:\/\/www.gold.fr\/news\/wp-content\/uploads\/2012\/01\/Europe.jpg","width":"600","height":"417"},{"@type":"BreadcrumbList","@id":"https:\/\/www.gold.fr\/news\/2015\/02\/06\/athenes-croule-sous-la-pression-bce\/#breadcrumb","itemListElement":[{"@type":"ListItem","position":1,"name":"Accueil","item":"https:\/\/www.gold.fr\/"},{"@type":"ListItem","position":2,"name":"Actualit\u00e9s","item":"https:\/\/www.gold.fr\/news\/"},{"@type":"ListItem","position":3,"name":"Ath\u00e8nes croule sous la pression BCE"}]},{"@type":"WebSite","@id":"https:\/\/www.gold.fr\/news\/#website","url":"https:\/\/www.gold.fr\/news\/","name":"Gold.fr","description":"Actualit\u00e9s de l&#039;Or et des m\u00e9taux pr\u00e9cieux","potentialAction":[{"@type":"SearchAction","target":{"@type":"EntryPoint","urlTemplate":"https:\/\/www.gold.fr\/news\/?s={search_term_string}"},"query-input":{"@type":"PropertyValueSpecification","valueRequired":true,"valueName":"search_term_string"}}],"inLanguage":"fr-FR"},{"@type":"Person","@id":"https:\/\/www.gold.fr\/news\/#\/schema\/person\/070491b4b4fb7671bf59b3be20302ce9","name":"Comptoir National de l'Or","image":{"@type":"ImageObject","inLanguage":"fr-FR","@id":"https:\/\/secure.gravatar.com\/avatar\/0a2867fd5abe37bed95d5a65e9d58f01756e11efc68af9888dfc50cfa7f65948?s=96&d=mm&r=gb490554db0a38188709de567aa58480d","url":"https:\/\/secure.gravatar.com\/avatar\/0a2867fd5abe37bed95d5a65e9d58f01756e11efc68af9888dfc50cfa7f65948?s=96&d=mm&r=g","contentUrl":"https:\/\/secure.gravatar.com\/avatar\/0a2867fd5abe37bed95d5a65e9d58f01756e11efc68af9888dfc50cfa7f65948?s=96&d=mm&r=g","caption":"Comptoir National de l'Or"},"description":"Notre r\u00e9daction est constitu\u00e9e de membres experts dans les m\u00e9tiers de l'\u00e9conomie et la gestion, des Responsables d'agence Comptoir National de l'Or, des analystes financiers qui publient r\u00e9guli\u00e8rement des \u00e9tudes sur les politiques des banques centrales, le cours de l'or, prix de l'or, cours de l'argent, prix de l'argent, cours du platine, cours du palladium,... la situation en zone euro et l'impact de la strat\u00e9gie mon\u00e9taire de la FED. Notre \u00e9quipe scrute \u00e9galement une information plus g\u00e9n\u00e9raliste \u00e0 la recherche d'actualit\u00e9 \"p\u00e9pite\" \u00e0 vous partager. Depuis 5 ans, nous avons publi\u00e9 un peu plus de 4000 articles qui s'adressent \u00e0 un public large et vari\u00e9 ayant pour objectif de satisfaire votre curiosit\u00e9 et de partager avec vous une certaine fascination pour le m\u00e9tal jaune, le rachat d'or, et pour ceux qui veulent investir dans l'or, vendre leur or tout simplement en savoir plus... Pour tous vos achat or et argent, n'h\u00e9sitez pas \u00e0 prendre rendez-vous dans l'un de nos nombreux comptoirs.","sameAs":["https:\/\/www.gold.fr"]}]}},"authors":[{"term_id":2565,"user_id":18,"is_guest":0,"slug":"julie","display_name":"Comptoir National de l'Or","avatar_url":"https:\/\/secure.gravatar.com\/avatar\/713f289e398d35ead876c4a4cc08607f0d6d266058cfc25683fffb6092d0e572?s=96&d=mm&r=g","0":null,"1":"","2":"","3":"","4":"","5":"","6":"","7":"","8":""}],"_links":{"self":[{"href":"https:\/\/www.gold.fr\/news\/wp-json\/wp\/v2\/posts\/16631","targetHints":{"allow":["GET"]}}],"collection":[{"href":"https:\/\/www.gold.fr\/news\/wp-json\/wp\/v2\/posts"}],"about":[{"href":"https:\/\/www.gold.fr\/news\/wp-json\/wp\/v2\/types\/post"}],"author":[{"embeddable":true,"href":"https:\/\/www.gold.fr\/news\/wp-json\/wp\/v2\/users\/18"}],"replies":[{"embeddable":true,"href":"https:\/\/www.gold.fr\/news\/wp-json\/wp\/v2\/comments?post=16631"}],"version-history":[{"count":0,"href":"https:\/\/www.gold.fr\/news\/wp-json\/wp\/v2\/posts\/16631\/revisions"}],"wp:featuredmedia":[{"embeddable":true,"href":"https:\/\/www.gold.fr\/news\/wp-json\/wp\/v2\/media\/5011"}],"wp:attachment":[{"href":"https:\/\/www.gold.fr\/news\/wp-json\/wp\/v2\/media?parent=16631"}],"wp:term":[{"taxonomy":"category","embeddable":true,"href":"https:\/\/www.gold.fr\/news\/wp-json\/wp\/v2\/categories?post=16631"},{"taxonomy":"post_tag","embeddable":true,"href":"https:\/\/www.gold.fr\/news\/wp-json\/wp\/v2\/tags?post=16631"},{"taxonomy":"author","embeddable":true,"href":"https:\/\/www.gold.fr\/news\/wp-json\/wp\/v2\/ppma_author?post=16631"}],"curies":[{"name":"wp","href":"https:\/\/api.w.org\/{rel}","templated":true}]}}