{"id":16607,"date":"2015-02-02T17:00:17","date_gmt":"2015-02-02T16:00:17","guid":{"rendered":"https:\/\/www.gold.fr\/news\/?p=16607"},"modified":"2018-02-22T14:31:09","modified_gmt":"2018-02-22T13:31:09","slug":"les-marches-reprennent-un-rythme-de-croisiere","status":"publish","type":"post","link":"https:\/\/www.gold.fr\/news\/2015\/02\/02\/les-marches-reprennent-un-rythme-de-croisiere\/","title":{"rendered":"Les march\u00e9s reprennent un rythme de croisi\u00e8re"},"content":{"rendered":"<p><img loading=\"lazy\" decoding=\"async\" class=\"alignleft size-thumbnail wp-image-7642\" title=\"Les march\u00e9s reprennent un rythme de croisi\u00e8re\" src=\"https:\/\/www.gold.fr\/news\/wp-content\/uploads\/2012\/05\/Acheter-de-l-or-150x150.jpg\" alt=\"\" width=\"150\" height=\"150\" \/><span style=\"font-size: small;\">C&rsquo;est officiel ; le bilan du mois de janvier est d\u00e9sormais unanimement d\u00e9clar\u00e9 \u2018<em>historique<\/em>&lsquo; par les experts, sur la base d&rsquo;une s\u00e9rie euphorique de r\u00e9sultats boursiers et financiers au sommet de leur performance. Rappelons en effet que, \u00e0 l&rsquo;image de la majeure partie des march\u00e9s europ\u00e9ens, la Bourse de Paris avait \u00e9t\u00e9 consid\u00e9rablement boost\u00e9e par les r\u00e9centes et nouvelles mesures mon\u00e9taires prises par la banque centrale europ\u00e9enne qui a lanc\u00e9 un vaste et massif programme de soutien \u00e0 l&rsquo;\u00e9conomie de la zone. L&rsquo;euphorie insuffl\u00e9e par cette d\u00e9cision dans les places boursi\u00e8res de l&rsquo;UE aura donc dur\u00e9 des semaines ; la bourse parisienne seule a accumul\u00e9 des gains de l&rsquo;ordre de <strong>7,7%<\/strong>. Du coup, on escompte d\u00e9j\u00e0 largement un mois de f\u00e9vrier beaucoup plus calme, ou, en tout cas, nettement plus mod\u00e9r\u00e9.<\/span>    <span style=\"font-size: small;\">Chez la Soci\u00e9t\u00e9 G\u00e9n\u00e9rale, les analystes font leur propre calcul rapide et simple, estimant que \u00ab<em> baisse de l&rsquo;euro + chute des prix du p\u00e9trole + r\u00e9duction des taux d&rsquo;int\u00e9r\u00eat = march\u00e9s d&rsquo;<a href='https:\/\/www.gold.fr\/news\/tags\/investissement' class='esk-seo-plu-link'>actions<\/a> en hausse<\/em> \u00bb, pr\u00e9disant globalement un \u00ab <em>bon cru pour les <a href='https:\/\/www.gold.fr\/news\/tags\/investissement' class='esk-seo-plu-link'>actions<\/a> europ\u00e9ennes en 2015<\/em> \u00bb. Les sp\u00e9cialistes d&rsquo;<strong>IG<\/strong>, eux, mod\u00e8rent leur analyse ainsi que leurs pr\u00e9visions, rappelant surtout que \u00ab<em> les n\u00e9gociations avec la Gr\u00e8ce vont rester un th\u00e8me de choix et m\u00eame si le Premier ministre <strong>Alexis Tsipras<\/strong> a \u00e9voqu\u00e9 des discussions constructives, les investisseurs se montrent moins am\u00e8nes<\/em> \u00bb.<\/span>    <span style=\"font-size: small;\">Cette nouvelle semaine boursi\u00e8re sera marqu\u00e9e par plusieurs publications assez significatives, dont notamment les indices <strong>PMI<\/strong> de l&rsquo;activit\u00e9 manufacturi\u00e8re en Europe, mais \u00e9galement les r\u00e9sultats trimestriels d&rsquo;une nouvelle s\u00e9rie de diff\u00e9rents g\u00e9ants tels qu&rsquo;<strong>ExxonMobil<\/strong>, <strong>BP<\/strong>, <strong>LVMH<\/strong>, <strong>Thales<\/strong>, <strong>BNP Paribas<\/strong>, <strong>Alcatel-Lucent<\/strong>,&#8230;). la semaine se cl\u00f4turera en apoth\u00e9ose avec la publication, ce vendredi, des chiffres mensuels de l&#8217;emploi am\u00e9ricain. <\/span><\/p>\n<!-- AddThis Advanced Settings generic via filter on the_content --><!-- AddThis Share Buttons generic via filter on the_content -->","protected":false},"excerpt":{"rendered":"<p>C&rsquo;est officiel ; le bilan du mois de janvier est d\u00e9sormais unanimement d\u00e9clar\u00e9 \u2018historique&lsquo; par les experts, sur la base d&rsquo;une s\u00e9rie euphorique de r\u00e9sultats boursiers et financiers au sommet de leur performance. Rappelons en effet [&hellip;]<\/p>\n","protected":false},"author":18,"featured_media":7642,"comment_status":"open","ping_status":"open","sticky":false,"template":"","format":"standard","meta":{"_mbp_gutenberg_autopost":false,"_pgmb_is_evergreen":false,"_pgmb_ap_template_id":0,"footnotes":""},"categories":[6],"tags":[1043,1188,1000,105],"ppma_author":[2565],"class_list":["post-16607","post","type-post","status-publish","format-standard","has-post-thumbnail","hentry","category-articles-de-presse","tag-bilan","tag-bourse","tag-economie","tag-marche"],"yoast_head":"<!-- This site is optimized with the Yoast SEO plugin v27.5 - https:\/\/yoast.com\/product\/yoast-seo-wordpress\/ -->\n<title>Les march\u00e9s reprennent un rythme de croisi\u00e8re - Gold.fr<\/title>\n<meta name=\"robots\" content=\"index, follow, max-snippet:-1, max-image-preview:large, max-video-preview:-1\" \/>\n<link rel=\"canonical\" href=\"https:\/\/www.gold.fr\/news\/2015\/02\/02\/les-marches-reprennent-un-rythme-de-croisiere\/\" \/>\n<meta property=\"og:locale\" content=\"fr_FR\" \/>\n<meta property=\"og:type\" content=\"article\" \/>\n<meta property=\"og:title\" content=\"Les march\u00e9s reprennent un rythme de croisi\u00e8re - Gold.fr\" \/>\n<meta property=\"og:description\" content=\"C&rsquo;est officiel ; le bilan du mois de janvier est d\u00e9sormais unanimement d\u00e9clar\u00e9 \u2018historique&lsquo; par les experts, sur la base d&rsquo;une s\u00e9rie euphorique de r\u00e9sultats boursiers et financiers au sommet de leur performance. Rappelons en effet [&hellip;]\" \/>\n<meta property=\"og:url\" content=\"https:\/\/www.gold.fr\/news\/2015\/02\/02\/les-marches-reprennent-un-rythme-de-croisiere\/\" \/>\n<meta property=\"og:site_name\" content=\"Gold.fr\" \/>\n<meta property=\"article:publisher\" content=\"https:\/\/www.facebook.com\/Goldfr\/\" \/>\n<meta property=\"article:published_time\" content=\"2015-02-02T16:00:17+00:00\" \/>\n<meta property=\"article:modified_time\" content=\"2018-02-22T13:31:09+00:00\" \/>\n<meta property=\"og:image\" content=\"https:\/\/www.gold.fr\/news\/wp-content\/uploads\/2012\/05\/Acheter-de-l-or.jpg\" \/>\n\t<meta property=\"og:image:width\" content=\"600\" \/>\n\t<meta property=\"og:image:height\" content=\"398\" \/>\n\t<meta property=\"og:image:type\" content=\"image\/jpeg\" \/>\n<meta name=\"author\" content=\"Comptoir National de l&#039;Or\" \/>\n<meta name=\"twitter:card\" content=\"summary_large_image\" \/>\n<meta name=\"twitter:label1\" content=\"\u00c9crit par\" \/>\n\t<meta name=\"twitter:data1\" content=\"Comptoir National de l&#039;Or\" \/>\n\t<meta name=\"twitter:label2\" content=\"Dur\u00e9e de lecture estim\u00e9e\" \/>\n\t<meta name=\"twitter:data2\" content=\"2 minutes\" \/>\n<script type=\"application\/ld+json\" class=\"yoast-schema-graph\">{\"@context\":\"https:\\\/\\\/schema.org\",\"@graph\":[{\"@type\":\"Article\",\"@id\":\"https:\\\/\\\/www.gold.fr\\\/news\\\/2015\\\/02\\\/02\\\/les-marches-reprennent-un-rythme-de-croisiere\\\/#article\",\"isPartOf\":{\"@id\":\"https:\\\/\\\/www.gold.fr\\\/news\\\/2015\\\/02\\\/02\\\/les-marches-reprennent-un-rythme-de-croisiere\\\/\"},\"author\":{\"name\":\"Comptoir National de l'Or\",\"@id\":\"https:\\\/\\\/www.gold.fr\\\/news\\\/#\\\/schema\\\/person\\\/070491b4b4fb7671bf59b3be20302ce9\"},\"headline\":\"Les march\u00e9s reprennent un rythme de croisi\u00e8re\",\"datePublished\":\"2015-02-02T16:00:17+00:00\",\"dateModified\":\"2018-02-22T13:31:09+00:00\",\"mainEntityOfPage\":{\"@id\":\"https:\\\/\\\/www.gold.fr\\\/news\\\/2015\\\/02\\\/02\\\/les-marches-reprennent-un-rythme-de-croisiere\\\/\"},\"wordCount\":337,\"commentCount\":0,\"image\":{\"@id\":\"https:\\\/\\\/www.gold.fr\\\/news\\\/2015\\\/02\\\/02\\\/les-marches-reprennent-un-rythme-de-croisiere\\\/#primaryimage\"},\"thumbnailUrl\":\"https:\\\/\\\/www.gold.fr\\\/news\\\/wp-content\\\/uploads\\\/2012\\\/05\\\/Acheter-de-l-or.jpg\",\"keywords\":[\"Bilan\",\"bourse\",\"\u00e9conomie\",\"march\u00e9\"],\"articleSection\":[\"Articles de presse\"],\"inLanguage\":\"fr-FR\"},{\"@type\":\"WebPage\",\"@id\":\"https:\\\/\\\/www.gold.fr\\\/news\\\/2015\\\/02\\\/02\\\/les-marches-reprennent-un-rythme-de-croisiere\\\/\",\"url\":\"https:\\\/\\\/www.gold.fr\\\/news\\\/2015\\\/02\\\/02\\\/les-marches-reprennent-un-rythme-de-croisiere\\\/\",\"name\":\"Les march\u00e9s reprennent un rythme de croisi\u00e8re - Gold.fr\",\"isPartOf\":{\"@id\":\"https:\\\/\\\/www.gold.fr\\\/news\\\/#website\"},\"primaryImageOfPage\":{\"@id\":\"https:\\\/\\\/www.gold.fr\\\/news\\\/2015\\\/02\\\/02\\\/les-marches-reprennent-un-rythme-de-croisiere\\\/#primaryimage\"},\"image\":{\"@id\":\"https:\\\/\\\/www.gold.fr\\\/news\\\/2015\\\/02\\\/02\\\/les-marches-reprennent-un-rythme-de-croisiere\\\/#primaryimage\"},\"thumbnailUrl\":\"https:\\\/\\\/www.gold.fr\\\/news\\\/wp-content\\\/uploads\\\/2012\\\/05\\\/Acheter-de-l-or.jpg\",\"datePublished\":\"2015-02-02T16:00:17+00:00\",\"dateModified\":\"2018-02-22T13:31:09+00:00\",\"author\":{\"@id\":\"https:\\\/\\\/www.gold.fr\\\/news\\\/#\\\/schema\\\/person\\\/070491b4b4fb7671bf59b3be20302ce9\"},\"breadcrumb\":{\"@id\":\"https:\\\/\\\/www.gold.fr\\\/news\\\/2015\\\/02\\\/02\\\/les-marches-reprennent-un-rythme-de-croisiere\\\/#breadcrumb\"},\"inLanguage\":\"fr-FR\",\"potentialAction\":[{\"@type\":\"ReadAction\",\"target\":[\"https:\\\/\\\/www.gold.fr\\\/news\\\/2015\\\/02\\\/02\\\/les-marches-reprennent-un-rythme-de-croisiere\\\/\"]}]},{\"@type\":\"ImageObject\",\"inLanguage\":\"fr-FR\",\"@id\":\"https:\\\/\\\/www.gold.fr\\\/news\\\/2015\\\/02\\\/02\\\/les-marches-reprennent-un-rythme-de-croisiere\\\/#primaryimage\",\"url\":\"https:\\\/\\\/www.gold.fr\\\/news\\\/wp-content\\\/uploads\\\/2012\\\/05\\\/Acheter-de-l-or.jpg\",\"contentUrl\":\"https:\\\/\\\/www.gold.fr\\\/news\\\/wp-content\\\/uploads\\\/2012\\\/05\\\/Acheter-de-l-or.jpg\",\"width\":\"600\",\"height\":\"398\",\"caption\":\"Un d\u00e9but d\u2019ann\u00e9e prometteur pour la Bourse de Paris\"},{\"@type\":\"BreadcrumbList\",\"@id\":\"https:\\\/\\\/www.gold.fr\\\/news\\\/2015\\\/02\\\/02\\\/les-marches-reprennent-un-rythme-de-croisiere\\\/#breadcrumb\",\"itemListElement\":[{\"@type\":\"ListItem\",\"position\":1,\"name\":\"Accueil\",\"item\":\"https:\\\/\\\/www.gold.fr\\\/\"},{\"@type\":\"ListItem\",\"position\":2,\"name\":\"Actualit\u00e9s\",\"item\":\"https:\\\/\\\/www.gold.fr\\\/news\\\/\"},{\"@type\":\"ListItem\",\"position\":3,\"name\":\"Les march\u00e9s reprennent un rythme de croisi\u00e8re\"}]},{\"@type\":\"WebSite\",\"@id\":\"https:\\\/\\\/www.gold.fr\\\/news\\\/#website\",\"url\":\"https:\\\/\\\/www.gold.fr\\\/news\\\/\",\"name\":\"Gold.fr\",\"description\":\"Actualit\u00e9s de l&#039;Or et des m\u00e9taux pr\u00e9cieux\",\"potentialAction\":[{\"@type\":\"SearchAction\",\"target\":{\"@type\":\"EntryPoint\",\"urlTemplate\":\"https:\\\/\\\/www.gold.fr\\\/news\\\/?s={search_term_string}\"},\"query-input\":{\"@type\":\"PropertyValueSpecification\",\"valueRequired\":true,\"valueName\":\"search_term_string\"}}],\"inLanguage\":\"fr-FR\"},{\"@type\":\"Person\",\"@id\":\"https:\\\/\\\/www.gold.fr\\\/news\\\/#\\\/schema\\\/person\\\/070491b4b4fb7671bf59b3be20302ce9\",\"name\":\"Comptoir National de l'Or\",\"image\":{\"@type\":\"ImageObject\",\"inLanguage\":\"fr-FR\",\"@id\":\"https:\\\/\\\/secure.gravatar.com\\\/avatar\\\/0a2867fd5abe37bed95d5a65e9d58f01756e11efc68af9888dfc50cfa7f65948?s=96&d=mm&r=gb490554db0a38188709de567aa58480d\",\"url\":\"https:\\\/\\\/secure.gravatar.com\\\/avatar\\\/0a2867fd5abe37bed95d5a65e9d58f01756e11efc68af9888dfc50cfa7f65948?s=96&d=mm&r=g\",\"contentUrl\":\"https:\\\/\\\/secure.gravatar.com\\\/avatar\\\/0a2867fd5abe37bed95d5a65e9d58f01756e11efc68af9888dfc50cfa7f65948?s=96&d=mm&r=g\",\"caption\":\"Comptoir National de l'Or\"},\"description\":\"Notre r\u00e9daction est constitu\u00e9e de membres experts dans les m\u00e9tiers de l'\u00e9conomie et la gestion, des Responsables d'agence Comptoir National de l'Or, des analystes financiers qui publient r\u00e9guli\u00e8rement des \u00e9tudes sur les politiques des banques centrales, le cours de l'or, prix de l'or, cours de l'argent, prix de l'argent, cours du platine, cours du palladium,... la situation en zone euro et l'impact de la strat\u00e9gie mon\u00e9taire de la FED. Notre \u00e9quipe scrute \u00e9galement une information plus g\u00e9n\u00e9raliste \u00e0 la recherche d'actualit\u00e9 \\\"p\u00e9pite\\\" \u00e0 vous partager. Depuis 5 ans, nous avons publi\u00e9 un peu plus de 4000 articles qui s'adressent \u00e0 un public large et vari\u00e9 ayant pour objectif de satisfaire votre curiosit\u00e9 et de partager avec vous une certaine fascination pour le m\u00e9tal jaune, le rachat d'or, et pour ceux qui veulent investir dans l'or, vendre leur or tout simplement en savoir plus... Pour tous vos achat or et argent, n'h\u00e9sitez pas \u00e0 prendre rendez-vous dans l'un de nos nombreux comptoirs.\",\"sameAs\":[\"https:\\\/\\\/www.gold.fr\"]}]}<\/script>\n<!-- \/ Yoast SEO plugin. -->","yoast_head_json":{"title":"Les march\u00e9s reprennent un rythme de croisi\u00e8re - Gold.fr","robots":{"index":"index","follow":"follow","max-snippet":"max-snippet:-1","max-image-preview":"max-image-preview:large","max-video-preview":"max-video-preview:-1"},"canonical":"https:\/\/www.gold.fr\/news\/2015\/02\/02\/les-marches-reprennent-un-rythme-de-croisiere\/","og_locale":"fr_FR","og_type":"article","og_title":"Les march\u00e9s reprennent un rythme de croisi\u00e8re - Gold.fr","og_description":"C&rsquo;est officiel ; le bilan du mois de janvier est d\u00e9sormais unanimement d\u00e9clar\u00e9 \u2018historique&lsquo; par les experts, sur la base d&rsquo;une s\u00e9rie euphorique de r\u00e9sultats boursiers et financiers au sommet de leur performance. Rappelons en effet [&hellip;]","og_url":"https:\/\/www.gold.fr\/news\/2015\/02\/02\/les-marches-reprennent-un-rythme-de-croisiere\/","og_site_name":"Gold.fr","article_publisher":"https:\/\/www.facebook.com\/Goldfr\/","article_published_time":"2015-02-02T16:00:17+00:00","article_modified_time":"2018-02-22T13:31:09+00:00","og_image":[{"width":600,"height":398,"url":"https:\/\/www.gold.fr\/news\/wp-content\/uploads\/2012\/05\/Acheter-de-l-or.jpg","type":"image\/jpeg"}],"author":"Comptoir National de l'Or","twitter_card":"summary_large_image","twitter_misc":{"\u00c9crit par":"Comptoir National de l'Or","Dur\u00e9e de lecture estim\u00e9e":"2 minutes"},"schema":{"@context":"https:\/\/schema.org","@graph":[{"@type":"Article","@id":"https:\/\/www.gold.fr\/news\/2015\/02\/02\/les-marches-reprennent-un-rythme-de-croisiere\/#article","isPartOf":{"@id":"https:\/\/www.gold.fr\/news\/2015\/02\/02\/les-marches-reprennent-un-rythme-de-croisiere\/"},"author":{"name":"Comptoir National de l'Or","@id":"https:\/\/www.gold.fr\/news\/#\/schema\/person\/070491b4b4fb7671bf59b3be20302ce9"},"headline":"Les march\u00e9s reprennent un rythme de croisi\u00e8re","datePublished":"2015-02-02T16:00:17+00:00","dateModified":"2018-02-22T13:31:09+00:00","mainEntityOfPage":{"@id":"https:\/\/www.gold.fr\/news\/2015\/02\/02\/les-marches-reprennent-un-rythme-de-croisiere\/"},"wordCount":337,"commentCount":0,"image":{"@id":"https:\/\/www.gold.fr\/news\/2015\/02\/02\/les-marches-reprennent-un-rythme-de-croisiere\/#primaryimage"},"thumbnailUrl":"https:\/\/www.gold.fr\/news\/wp-content\/uploads\/2012\/05\/Acheter-de-l-or.jpg","keywords":["Bilan","bourse","\u00e9conomie","march\u00e9"],"articleSection":["Articles de presse"],"inLanguage":"fr-FR"},{"@type":"WebPage","@id":"https:\/\/www.gold.fr\/news\/2015\/02\/02\/les-marches-reprennent-un-rythme-de-croisiere\/","url":"https:\/\/www.gold.fr\/news\/2015\/02\/02\/les-marches-reprennent-un-rythme-de-croisiere\/","name":"Les march\u00e9s reprennent un rythme de croisi\u00e8re - Gold.fr","isPartOf":{"@id":"https:\/\/www.gold.fr\/news\/#website"},"primaryImageOfPage":{"@id":"https:\/\/www.gold.fr\/news\/2015\/02\/02\/les-marches-reprennent-un-rythme-de-croisiere\/#primaryimage"},"image":{"@id":"https:\/\/www.gold.fr\/news\/2015\/02\/02\/les-marches-reprennent-un-rythme-de-croisiere\/#primaryimage"},"thumbnailUrl":"https:\/\/www.gold.fr\/news\/wp-content\/uploads\/2012\/05\/Acheter-de-l-or.jpg","datePublished":"2015-02-02T16:00:17+00:00","dateModified":"2018-02-22T13:31:09+00:00","author":{"@id":"https:\/\/www.gold.fr\/news\/#\/schema\/person\/070491b4b4fb7671bf59b3be20302ce9"},"breadcrumb":{"@id":"https:\/\/www.gold.fr\/news\/2015\/02\/02\/les-marches-reprennent-un-rythme-de-croisiere\/#breadcrumb"},"inLanguage":"fr-FR","potentialAction":[{"@type":"ReadAction","target":["https:\/\/www.gold.fr\/news\/2015\/02\/02\/les-marches-reprennent-un-rythme-de-croisiere\/"]}]},{"@type":"ImageObject","inLanguage":"fr-FR","@id":"https:\/\/www.gold.fr\/news\/2015\/02\/02\/les-marches-reprennent-un-rythme-de-croisiere\/#primaryimage","url":"https:\/\/www.gold.fr\/news\/wp-content\/uploads\/2012\/05\/Acheter-de-l-or.jpg","contentUrl":"https:\/\/www.gold.fr\/news\/wp-content\/uploads\/2012\/05\/Acheter-de-l-or.jpg","width":"600","height":"398","caption":"Un d\u00e9but d\u2019ann\u00e9e prometteur pour la Bourse de Paris"},{"@type":"BreadcrumbList","@id":"https:\/\/www.gold.fr\/news\/2015\/02\/02\/les-marches-reprennent-un-rythme-de-croisiere\/#breadcrumb","itemListElement":[{"@type":"ListItem","position":1,"name":"Accueil","item":"https:\/\/www.gold.fr\/"},{"@type":"ListItem","position":2,"name":"Actualit\u00e9s","item":"https:\/\/www.gold.fr\/news\/"},{"@type":"ListItem","position":3,"name":"Les march\u00e9s reprennent un rythme de croisi\u00e8re"}]},{"@type":"WebSite","@id":"https:\/\/www.gold.fr\/news\/#website","url":"https:\/\/www.gold.fr\/news\/","name":"Gold.fr","description":"Actualit\u00e9s de l&#039;Or et des m\u00e9taux pr\u00e9cieux","potentialAction":[{"@type":"SearchAction","target":{"@type":"EntryPoint","urlTemplate":"https:\/\/www.gold.fr\/news\/?s={search_term_string}"},"query-input":{"@type":"PropertyValueSpecification","valueRequired":true,"valueName":"search_term_string"}}],"inLanguage":"fr-FR"},{"@type":"Person","@id":"https:\/\/www.gold.fr\/news\/#\/schema\/person\/070491b4b4fb7671bf59b3be20302ce9","name":"Comptoir National de l'Or","image":{"@type":"ImageObject","inLanguage":"fr-FR","@id":"https:\/\/secure.gravatar.com\/avatar\/0a2867fd5abe37bed95d5a65e9d58f01756e11efc68af9888dfc50cfa7f65948?s=96&d=mm&r=gb490554db0a38188709de567aa58480d","url":"https:\/\/secure.gravatar.com\/avatar\/0a2867fd5abe37bed95d5a65e9d58f01756e11efc68af9888dfc50cfa7f65948?s=96&d=mm&r=g","contentUrl":"https:\/\/secure.gravatar.com\/avatar\/0a2867fd5abe37bed95d5a65e9d58f01756e11efc68af9888dfc50cfa7f65948?s=96&d=mm&r=g","caption":"Comptoir National de l'Or"},"description":"Notre r\u00e9daction est constitu\u00e9e de membres experts dans les m\u00e9tiers de l'\u00e9conomie et la gestion, des Responsables d'agence Comptoir National de l'Or, des analystes financiers qui publient r\u00e9guli\u00e8rement des \u00e9tudes sur les politiques des banques centrales, le cours de l'or, prix de l'or, cours de l'argent, prix de l'argent, cours du platine, cours du palladium,... la situation en zone euro et l'impact de la strat\u00e9gie mon\u00e9taire de la FED. Notre \u00e9quipe scrute \u00e9galement une information plus g\u00e9n\u00e9raliste \u00e0 la recherche d'actualit\u00e9 \"p\u00e9pite\" \u00e0 vous partager. Depuis 5 ans, nous avons publi\u00e9 un peu plus de 4000 articles qui s'adressent \u00e0 un public large et vari\u00e9 ayant pour objectif de satisfaire votre curiosit\u00e9 et de partager avec vous une certaine fascination pour le m\u00e9tal jaune, le rachat d'or, et pour ceux qui veulent investir dans l'or, vendre leur or tout simplement en savoir plus... Pour tous vos achat or et argent, n'h\u00e9sitez pas \u00e0 prendre rendez-vous dans l'un de nos nombreux comptoirs.","sameAs":["https:\/\/www.gold.fr"]}]}},"authors":[{"term_id":2565,"user_id":18,"is_guest":0,"slug":"julie","display_name":"Comptoir National de l'Or","avatar_url":"https:\/\/secure.gravatar.com\/avatar\/713f289e398d35ead876c4a4cc08607f0d6d266058cfc25683fffb6092d0e572?s=96&d=mm&r=g","0":null,"1":"","2":"","3":"","4":"","5":"","6":"","7":"","8":""}],"_links":{"self":[{"href":"https:\/\/www.gold.fr\/news\/wp-json\/wp\/v2\/posts\/16607","targetHints":{"allow":["GET"]}}],"collection":[{"href":"https:\/\/www.gold.fr\/news\/wp-json\/wp\/v2\/posts"}],"about":[{"href":"https:\/\/www.gold.fr\/news\/wp-json\/wp\/v2\/types\/post"}],"author":[{"embeddable":true,"href":"https:\/\/www.gold.fr\/news\/wp-json\/wp\/v2\/users\/18"}],"replies":[{"embeddable":true,"href":"https:\/\/www.gold.fr\/news\/wp-json\/wp\/v2\/comments?post=16607"}],"version-history":[{"count":0,"href":"https:\/\/www.gold.fr\/news\/wp-json\/wp\/v2\/posts\/16607\/revisions"}],"wp:featuredmedia":[{"embeddable":true,"href":"https:\/\/www.gold.fr\/news\/wp-json\/wp\/v2\/media\/7642"}],"wp:attachment":[{"href":"https:\/\/www.gold.fr\/news\/wp-json\/wp\/v2\/media?parent=16607"}],"wp:term":[{"taxonomy":"category","embeddable":true,"href":"https:\/\/www.gold.fr\/news\/wp-json\/wp\/v2\/categories?post=16607"},{"taxonomy":"post_tag","embeddable":true,"href":"https:\/\/www.gold.fr\/news\/wp-json\/wp\/v2\/tags?post=16607"},{"taxonomy":"author","embeddable":true,"href":"https:\/\/www.gold.fr\/news\/wp-json\/wp\/v2\/ppma_author?post=16607"}],"curies":[{"name":"wp","href":"https:\/\/api.w.org\/{rel}","templated":true}]}}