{"id":16545,"date":"2015-01-22T09:00:20","date_gmt":"2015-01-22T08:00:20","guid":{"rendered":"https:\/\/www.gold.fr\/news\/?p=16545"},"modified":"2018-02-22T14:34:45","modified_gmt":"2018-02-22T13:34:45","slug":"eclat-de-lor-lexplication-atomique","status":"publish","type":"post","link":"https:\/\/www.gold.fr\/news\/2015\/01\/22\/eclat-de-lor-lexplication-atomique\/","title":{"rendered":"Eclat de l\u2019or : L\u2019explication \u2018atomique\u2019"},"content":{"rendered":"<p><img loading=\"lazy\" decoding=\"async\" class=\"alignleft size-thumbnail wp-image-444\" title=\"Eclat de l\u2019or : L\u2019explication \u2018atomique\u2019\" src=\"https:\/\/www.gold.fr\/news\/wp-content\/uploads\/2011\/07\/1-150x150.jpg\" alt=\"\" width=\"150\" height=\"150\" \/><span style=\"font-size: small;\">L&rsquo;\u00e9clat brillant de l&rsquo;<a href='https:\/\/www.gold.fr\/news\/tags\/or' class='esk-seo-plu-link'>or<\/a> fait l&rsquo;objet, depuis la nuit des temps, de diverses formes de convoitise par un nombre aussi solide que grandissant d&rsquo;adeptes qui cherchent \u00e0 tout prix \u00e0 s&rsquo;approprier sa valeur (surtout sous sa forme physique). Et si la <a href='https:\/\/www.gold.fr\/news\/tags\/investissement' class='esk-seo-plu-link'>valeur refuge<\/a> du <a href='https:\/\/www.gold.fr\/news\/tags\/or' class='esk-seo-plu-link'>m\u00e9tal jaune<\/a> explique en grande partie cet engouement aussi vieux que l&rsquo;existence de l&rsquo;homme m\u00eame, grand nombre de nos anc\u00eatres avait simplement form\u00e9 un attachement fascin\u00e9 \u00e0 l&rsquo;\u00e9clat et la brillance de la relique barbare, symbole historique de beaut\u00e9, de pouvoir et de richesse. Rapide explication scientifique de ce ph\u00e9nom\u00e8ne physique.<\/span>    <span style=\"font-size: small;\"> Le <a href='https:\/\/www.gold.fr\/news\/tags\/or' class='esk-seo-plu-link'>m\u00e9tal jaune<\/a> doit essentiellement sa brillance tr\u00e8s particuli\u00e8re \u00e0 la th\u00e9orie dite de la relativit\u00e9 restreinte. Mais commen\u00e7ons par le ph\u00e9nom\u00e8ne de base ; comment obtient-on la couleur caract\u00e9ristique \u00e0 chaque <a href='https:\/\/www.gold.fr\/news\/tags\/or' class='esk-seo-plu-link'>m\u00e9tal pr\u00e9cieux<\/a> ?<\/span>    <span style=\"font-size: small;\"><strong> Pekka Pyykk\u00f6<\/strong>, professeur de chimie \u00e0 l&rsquo;universit\u00e9 d&rsquo;Helsinki (Finlande), explique que \u00ab <em>lorsqu&rsquo;on lui envoie de la lumi\u00e8re blanche, tout solide absorbe une partie des rayons et en r\u00e9fl\u00e9chit une autre<\/em> \u00bb. Selon le scientifique, \u00ab <em>tout se d\u00e9cide vraiment au niveau atomique<\/em> \u00bb, puisque c&rsquo;est \u00ab<em> l&rsquo;\u00e9nergie n\u00e9cessaire pour mener un \u00e9lectron de l&rsquo;avant-derni\u00e8re \u00e0 la derni\u00e8re orbitale des atomes qui d\u00e9termine la portion de lumi\u00e8re absorb\u00e9e, et donc la couleur apparente du m\u00e9tal <\/em>\u00bb.<\/span>    <span style=\"font-size: small;\"> <a href='https:\/\/www.gold.fr\/news\/tags\/or' class='esk-seo-plu-link'>Or<\/a>, la majeure partie des m\u00e9taux (pr\u00e9cieux et non-pr\u00e9cieux) ont <a href='https:\/\/www.gold.fr\/news\/tags\/investissement' class='esk-seo-plu-link'>tendance<\/a> \u00e0 adopter une couleur grise-blanche et \u00ab<em> n&rsquo;ont pas de couleur d\u00e9finie<\/em> \u00bb, ce qui s&rsquo;explique par le fait que la portion de lumi\u00e8re qu&rsquo;ils absorbent \u00ab<em> correspond en g\u00e9n\u00e9ral aux ultraviolets, invisibles pour l&rsquo;\u0153il humain <\/em>\u00bb.<\/span>    <span style=\"font-size: small;\"> A cet \u00e9gard, l&rsquo;atome de <a href='https:\/\/www.gold.fr\/news\/tags\/or' class='esk-seo-plu-link'>m\u00e9tal jaune<\/a> est diff\u00e9rent. L&rsquo;<a href='https:\/\/www.gold.fr\/news\/tags\/or' class='esk-seo-plu-link'>or<\/a> poss\u00e8de un noyau de 79 protons et repr\u00e9sente ainsi l&rsquo;un des \u00e9l\u00e9ments stables les plus lourds sur terre, d\u00e9tenant par cons\u00e9quent une importante force qu&rsquo;il exerce sur les \u00e9lectrons, et \u00ab<em> leur vitesse de rotation est donc grandement acc\u00e9l\u00e9r\u00e9e\u2009: elle peut atteindre jusqu&rsquo;\u00e0 la moiti\u00e9 de celle de la lumi\u00e8re<\/em> \u00bb.<\/span><\/p>\n<!-- AddThis Advanced Settings generic via filter on the_content --><!-- AddThis Share Buttons generic via filter on the_content -->","protected":false},"excerpt":{"rendered":"<p>L&rsquo;\u00e9clat brillant de l&rsquo;or fait l&rsquo;objet, depuis la nuit des temps, de diverses formes de convoitise par un nombre aussi solide que grandissant d&rsquo;adeptes qui cherchent \u00e0 tout prix \u00e0 s&rsquo;approprier sa valeur (surtout sous sa [&hellip;]<\/p>\n","protected":false},"author":18,"featured_media":0,"comment_status":"open","ping_status":"open","sticky":false,"template":"","format":"standard","meta":{"_mbp_gutenberg_autopost":false,"_pgmb_is_evergreen":false,"_pgmb_ap_template_id":0,"footnotes":""},"categories":[6],"tags":[2004,932],"ppma_author":[2565],"class_list":["post-16545","post","type-post","status-publish","format-standard","hentry","category-articles-de-presse","tag-eclat-or","tag-metal-jaune"],"yoast_head":"<!-- This site is optimized with the Yoast SEO plugin v26.9 - https:\/\/yoast.com\/product\/yoast-seo-wordpress\/ -->\n<title>Eclat de l\u2019or : L\u2019explication \u2018atomique\u2019 - Gold.fr<\/title>\n<meta name=\"robots\" content=\"index, follow, max-snippet:-1, max-image-preview:large, max-video-preview:-1\" \/>\n<link rel=\"canonical\" href=\"https:\/\/www.gold.fr\/news\/2015\/01\/22\/eclat-de-lor-lexplication-atomique\/\" \/>\n<meta property=\"og:locale\" content=\"fr_FR\" \/>\n<meta property=\"og:type\" content=\"article\" \/>\n<meta property=\"og:title\" content=\"Eclat de l\u2019or : L\u2019explication \u2018atomique\u2019 - Gold.fr\" \/>\n<meta property=\"og:description\" content=\"L&rsquo;\u00e9clat brillant de l&rsquo;or fait l&rsquo;objet, depuis la nuit des temps, de diverses formes de convoitise par un nombre aussi solide que grandissant d&rsquo;adeptes qui cherchent \u00e0 tout prix \u00e0 s&rsquo;approprier sa valeur (surtout sous sa [&hellip;]\" \/>\n<meta property=\"og:url\" content=\"https:\/\/www.gold.fr\/news\/2015\/01\/22\/eclat-de-lor-lexplication-atomique\/\" \/>\n<meta property=\"og:site_name\" content=\"Gold.fr\" \/>\n<meta property=\"article:publisher\" content=\"https:\/\/www.facebook.com\/Goldfr\/\" \/>\n<meta property=\"article:published_time\" content=\"2015-01-22T08:00:20+00:00\" \/>\n<meta property=\"article:modified_time\" content=\"2018-02-22T13:34:45+00:00\" \/>\n<meta property=\"og:image\" content=\"https:\/\/www.gold.fr\/news\/wp-content\/uploads\/2011\/07\/1-150x150.jpg\" \/>\n<meta name=\"author\" content=\"Comptoir National de l&#039;Or\" \/>\n<meta name=\"twitter:card\" content=\"summary_large_image\" \/>\n<meta name=\"twitter:label1\" content=\"\u00c9crit par\" \/>\n\t<meta name=\"twitter:data1\" content=\"Comptoir National de l&#039;Or\" \/>\n\t<meta name=\"twitter:label2\" content=\"Dur\u00e9e de lecture estim\u00e9e\" \/>\n\t<meta name=\"twitter:data2\" content=\"2 minutes\" \/>\n<script type=\"application\/ld+json\" class=\"yoast-schema-graph\">{\"@context\":\"https:\/\/schema.org\",\"@graph\":[{\"@type\":\"Article\",\"@id\":\"https:\/\/www.gold.fr\/news\/2015\/01\/22\/eclat-de-lor-lexplication-atomique\/#article\",\"isPartOf\":{\"@id\":\"https:\/\/www.gold.fr\/news\/2015\/01\/22\/eclat-de-lor-lexplication-atomique\/\"},\"author\":{\"name\":\"Comptoir National de l'Or\",\"@id\":\"https:\/\/www.gold.fr\/news\/#\/schema\/person\/760ee7cec237915eebf2be78df0404c4\"},\"headline\":\"Eclat de l\u2019or : L\u2019explication \u2018atomique\u2019\",\"datePublished\":\"2015-01-22T08:00:20+00:00\",\"dateModified\":\"2018-02-22T13:34:45+00:00\",\"mainEntityOfPage\":{\"@id\":\"https:\/\/www.gold.fr\/news\/2015\/01\/22\/eclat-de-lor-lexplication-atomique\/\"},\"wordCount\":365,\"commentCount\":0,\"image\":{\"@id\":\"https:\/\/www.gold.fr\/news\/2015\/01\/22\/eclat-de-lor-lexplication-atomique\/#primaryimage\"},\"thumbnailUrl\":\"https:\/\/www.gold.fr\/news\/wp-content\/uploads\/2011\/07\/1-150x150.jpg\",\"keywords\":[\"\u00e9clat or\",\"M\u00e9tal jaune\"],\"articleSection\":[\"Articles de presse\"],\"inLanguage\":\"fr-FR\"},{\"@type\":\"WebPage\",\"@id\":\"https:\/\/www.gold.fr\/news\/2015\/01\/22\/eclat-de-lor-lexplication-atomique\/\",\"url\":\"https:\/\/www.gold.fr\/news\/2015\/01\/22\/eclat-de-lor-lexplication-atomique\/\",\"name\":\"Eclat de l\u2019or : L\u2019explication \u2018atomique\u2019 - Gold.fr\",\"isPartOf\":{\"@id\":\"https:\/\/www.gold.fr\/news\/#website\"},\"primaryImageOfPage\":{\"@id\":\"https:\/\/www.gold.fr\/news\/2015\/01\/22\/eclat-de-lor-lexplication-atomique\/#primaryimage\"},\"image\":{\"@id\":\"https:\/\/www.gold.fr\/news\/2015\/01\/22\/eclat-de-lor-lexplication-atomique\/#primaryimage\"},\"thumbnailUrl\":\"https:\/\/www.gold.fr\/news\/wp-content\/uploads\/2011\/07\/1-150x150.jpg\",\"datePublished\":\"2015-01-22T08:00:20+00:00\",\"dateModified\":\"2018-02-22T13:34:45+00:00\",\"author\":{\"@id\":\"https:\/\/www.gold.fr\/news\/#\/schema\/person\/760ee7cec237915eebf2be78df0404c4\"},\"breadcrumb\":{\"@id\":\"https:\/\/www.gold.fr\/news\/2015\/01\/22\/eclat-de-lor-lexplication-atomique\/#breadcrumb\"},\"inLanguage\":\"fr-FR\",\"potentialAction\":[{\"@type\":\"ReadAction\",\"target\":[\"https:\/\/www.gold.fr\/news\/2015\/01\/22\/eclat-de-lor-lexplication-atomique\/\"]}]},{\"@type\":\"ImageObject\",\"inLanguage\":\"fr-FR\",\"@id\":\"https:\/\/www.gold.fr\/news\/2015\/01\/22\/eclat-de-lor-lexplication-atomique\/#primaryimage\",\"url\":\"https:\/\/www.gold.fr\/news\/wp-content\/uploads\/2011\/07\/1-150x150.jpg\",\"contentUrl\":\"https:\/\/www.gold.fr\/news\/wp-content\/uploads\/2011\/07\/1-150x150.jpg\"},{\"@type\":\"BreadcrumbList\",\"@id\":\"https:\/\/www.gold.fr\/news\/2015\/01\/22\/eclat-de-lor-lexplication-atomique\/#breadcrumb\",\"itemListElement\":[{\"@type\":\"ListItem\",\"position\":1,\"name\":\"Accueil\",\"item\":\"https:\/\/www.gold.fr\/\"},{\"@type\":\"ListItem\",\"position\":2,\"name\":\"Actualit\u00e9s\",\"item\":\"https:\/\/www.gold.fr\/news\/\"},{\"@type\":\"ListItem\",\"position\":3,\"name\":\"Eclat de l\u2019or : L\u2019explication \u2018atomique\u2019\"}]},{\"@type\":\"WebSite\",\"@id\":\"https:\/\/www.gold.fr\/news\/#website\",\"url\":\"https:\/\/www.gold.fr\/news\/\",\"name\":\"Gold.fr\",\"description\":\"Actualit\u00e9s de l&#039;Or et des m\u00e9taux pr\u00e9cieux\",\"potentialAction\":[{\"@type\":\"SearchAction\",\"target\":{\"@type\":\"EntryPoint\",\"urlTemplate\":\"https:\/\/www.gold.fr\/news\/?s={search_term_string}\"},\"query-input\":{\"@type\":\"PropertyValueSpecification\",\"valueRequired\":true,\"valueName\":\"search_term_string\"}}],\"inLanguage\":\"fr-FR\"},{\"@type\":\"Person\",\"@id\":\"https:\/\/www.gold.fr\/news\/#\/schema\/person\/760ee7cec237915eebf2be78df0404c4\",\"name\":\"Comptoir National de l'Or\",\"image\":{\"@type\":\"ImageObject\",\"inLanguage\":\"fr-FR\",\"@id\":\"https:\/\/www.gold.fr\/news\/#\/schema\/person\/image\/c36675942654553a86039d2dfa93c740\",\"url\":\"https:\/\/secure.gravatar.com\/avatar\/713f289e398d35ead876c4a4cc08607f0d6d266058cfc25683fffb6092d0e572?s=96&d=mm&r=g\",\"contentUrl\":\"https:\/\/secure.gravatar.com\/avatar\/713f289e398d35ead876c4a4cc08607f0d6d266058cfc25683fffb6092d0e572?s=96&d=mm&r=g\",\"caption\":\"Comptoir National de l'Or\"},\"description\":\"Notre r\u00e9daction est constitu\u00e9e de membres experts dans les m\u00e9tiers de l'\u00e9conomie et la gestion, des Responsables d'agence Comptoir National de l'Or, des analystes financiers qui publient r\u00e9guli\u00e8rement des \u00e9tudes sur les politiques des banques centrales, le cours de l'or, prix de l'or, cours de l'argent, prix de l'argent, cours du platine, cours du palladium,... la situation en zone euro et l'impact de la strat\u00e9gie mon\u00e9taire de la FED. Notre \u00e9quipe scrute \u00e9galement une information plus g\u00e9n\u00e9raliste \u00e0 la recherche d'actualit\u00e9 \\\"p\u00e9pite\\\" \u00e0 vous partager. Depuis 5 ans, nous avons publi\u00e9 un peu plus de 4000 articles qui s'adressent \u00e0 un public large et vari\u00e9 ayant pour objectif de satisfaire votre curiosit\u00e9 et de partager avec vous une certaine fascination pour le m\u00e9tal jaune, le rachat d'or, et pour ceux qui veulent investir dans l'or, vendre leur or tout simplement en savoir plus... Pour tous vos achat or et argent, n'h\u00e9sitez pas \u00e0 prendre rendez-vous dans l'un de nos nombreux comptoirs.\",\"sameAs\":[\"https:\/\/www.gold.fr\"]}]}<\/script>\n<!-- \/ Yoast SEO plugin. -->","yoast_head_json":{"title":"Eclat de l\u2019or : L\u2019explication \u2018atomique\u2019 - Gold.fr","robots":{"index":"index","follow":"follow","max-snippet":"max-snippet:-1","max-image-preview":"max-image-preview:large","max-video-preview":"max-video-preview:-1"},"canonical":"https:\/\/www.gold.fr\/news\/2015\/01\/22\/eclat-de-lor-lexplication-atomique\/","og_locale":"fr_FR","og_type":"article","og_title":"Eclat de l\u2019or : L\u2019explication \u2018atomique\u2019 - Gold.fr","og_description":"L&rsquo;\u00e9clat brillant de l&rsquo;or fait l&rsquo;objet, depuis la nuit des temps, de diverses formes de convoitise par un nombre aussi solide que grandissant d&rsquo;adeptes qui cherchent \u00e0 tout prix \u00e0 s&rsquo;approprier sa valeur (surtout sous sa [&hellip;]","og_url":"https:\/\/www.gold.fr\/news\/2015\/01\/22\/eclat-de-lor-lexplication-atomique\/","og_site_name":"Gold.fr","article_publisher":"https:\/\/www.facebook.com\/Goldfr\/","article_published_time":"2015-01-22T08:00:20+00:00","article_modified_time":"2018-02-22T13:34:45+00:00","og_image":[{"url":"https:\/\/www.gold.fr\/news\/wp-content\/uploads\/2011\/07\/1-150x150.jpg","type":"","width":"","height":""}],"author":"Comptoir National de l'Or","twitter_card":"summary_large_image","twitter_misc":{"\u00c9crit par":"Comptoir National de l'Or","Dur\u00e9e de lecture estim\u00e9e":"2 minutes"},"schema":{"@context":"https:\/\/schema.org","@graph":[{"@type":"Article","@id":"https:\/\/www.gold.fr\/news\/2015\/01\/22\/eclat-de-lor-lexplication-atomique\/#article","isPartOf":{"@id":"https:\/\/www.gold.fr\/news\/2015\/01\/22\/eclat-de-lor-lexplication-atomique\/"},"author":{"name":"Comptoir National de l'Or","@id":"https:\/\/www.gold.fr\/news\/#\/schema\/person\/760ee7cec237915eebf2be78df0404c4"},"headline":"Eclat de l\u2019or : L\u2019explication \u2018atomique\u2019","datePublished":"2015-01-22T08:00:20+00:00","dateModified":"2018-02-22T13:34:45+00:00","mainEntityOfPage":{"@id":"https:\/\/www.gold.fr\/news\/2015\/01\/22\/eclat-de-lor-lexplication-atomique\/"},"wordCount":365,"commentCount":0,"image":{"@id":"https:\/\/www.gold.fr\/news\/2015\/01\/22\/eclat-de-lor-lexplication-atomique\/#primaryimage"},"thumbnailUrl":"https:\/\/www.gold.fr\/news\/wp-content\/uploads\/2011\/07\/1-150x150.jpg","keywords":["\u00e9clat or","M\u00e9tal jaune"],"articleSection":["Articles de presse"],"inLanguage":"fr-FR"},{"@type":"WebPage","@id":"https:\/\/www.gold.fr\/news\/2015\/01\/22\/eclat-de-lor-lexplication-atomique\/","url":"https:\/\/www.gold.fr\/news\/2015\/01\/22\/eclat-de-lor-lexplication-atomique\/","name":"Eclat de l\u2019or : L\u2019explication \u2018atomique\u2019 - Gold.fr","isPartOf":{"@id":"https:\/\/www.gold.fr\/news\/#website"},"primaryImageOfPage":{"@id":"https:\/\/www.gold.fr\/news\/2015\/01\/22\/eclat-de-lor-lexplication-atomique\/#primaryimage"},"image":{"@id":"https:\/\/www.gold.fr\/news\/2015\/01\/22\/eclat-de-lor-lexplication-atomique\/#primaryimage"},"thumbnailUrl":"https:\/\/www.gold.fr\/news\/wp-content\/uploads\/2011\/07\/1-150x150.jpg","datePublished":"2015-01-22T08:00:20+00:00","dateModified":"2018-02-22T13:34:45+00:00","author":{"@id":"https:\/\/www.gold.fr\/news\/#\/schema\/person\/760ee7cec237915eebf2be78df0404c4"},"breadcrumb":{"@id":"https:\/\/www.gold.fr\/news\/2015\/01\/22\/eclat-de-lor-lexplication-atomique\/#breadcrumb"},"inLanguage":"fr-FR","potentialAction":[{"@type":"ReadAction","target":["https:\/\/www.gold.fr\/news\/2015\/01\/22\/eclat-de-lor-lexplication-atomique\/"]}]},{"@type":"ImageObject","inLanguage":"fr-FR","@id":"https:\/\/www.gold.fr\/news\/2015\/01\/22\/eclat-de-lor-lexplication-atomique\/#primaryimage","url":"https:\/\/www.gold.fr\/news\/wp-content\/uploads\/2011\/07\/1-150x150.jpg","contentUrl":"https:\/\/www.gold.fr\/news\/wp-content\/uploads\/2011\/07\/1-150x150.jpg"},{"@type":"BreadcrumbList","@id":"https:\/\/www.gold.fr\/news\/2015\/01\/22\/eclat-de-lor-lexplication-atomique\/#breadcrumb","itemListElement":[{"@type":"ListItem","position":1,"name":"Accueil","item":"https:\/\/www.gold.fr\/"},{"@type":"ListItem","position":2,"name":"Actualit\u00e9s","item":"https:\/\/www.gold.fr\/news\/"},{"@type":"ListItem","position":3,"name":"Eclat de l\u2019or : L\u2019explication \u2018atomique\u2019"}]},{"@type":"WebSite","@id":"https:\/\/www.gold.fr\/news\/#website","url":"https:\/\/www.gold.fr\/news\/","name":"Gold.fr","description":"Actualit\u00e9s de l&#039;Or et des m\u00e9taux pr\u00e9cieux","potentialAction":[{"@type":"SearchAction","target":{"@type":"EntryPoint","urlTemplate":"https:\/\/www.gold.fr\/news\/?s={search_term_string}"},"query-input":{"@type":"PropertyValueSpecification","valueRequired":true,"valueName":"search_term_string"}}],"inLanguage":"fr-FR"},{"@type":"Person","@id":"https:\/\/www.gold.fr\/news\/#\/schema\/person\/760ee7cec237915eebf2be78df0404c4","name":"Comptoir National de l'Or","image":{"@type":"ImageObject","inLanguage":"fr-FR","@id":"https:\/\/www.gold.fr\/news\/#\/schema\/person\/image\/c36675942654553a86039d2dfa93c740","url":"https:\/\/secure.gravatar.com\/avatar\/713f289e398d35ead876c4a4cc08607f0d6d266058cfc25683fffb6092d0e572?s=96&d=mm&r=g","contentUrl":"https:\/\/secure.gravatar.com\/avatar\/713f289e398d35ead876c4a4cc08607f0d6d266058cfc25683fffb6092d0e572?s=96&d=mm&r=g","caption":"Comptoir National de l'Or"},"description":"Notre r\u00e9daction est constitu\u00e9e de membres experts dans les m\u00e9tiers de l'\u00e9conomie et la gestion, des Responsables d'agence Comptoir National de l'Or, des analystes financiers qui publient r\u00e9guli\u00e8rement des \u00e9tudes sur les politiques des banques centrales, le cours de l'or, prix de l'or, cours de l'argent, prix de l'argent, cours du platine, cours du palladium,... la situation en zone euro et l'impact de la strat\u00e9gie mon\u00e9taire de la FED. Notre \u00e9quipe scrute \u00e9galement une information plus g\u00e9n\u00e9raliste \u00e0 la recherche d'actualit\u00e9 \"p\u00e9pite\" \u00e0 vous partager. Depuis 5 ans, nous avons publi\u00e9 un peu plus de 4000 articles qui s'adressent \u00e0 un public large et vari\u00e9 ayant pour objectif de satisfaire votre curiosit\u00e9 et de partager avec vous une certaine fascination pour le m\u00e9tal jaune, le rachat d'or, et pour ceux qui veulent investir dans l'or, vendre leur or tout simplement en savoir plus... Pour tous vos achat or et argent, n'h\u00e9sitez pas \u00e0 prendre rendez-vous dans l'un de nos nombreux comptoirs.","sameAs":["https:\/\/www.gold.fr"]}]}},"authors":[{"term_id":2565,"user_id":18,"is_guest":0,"slug":"julie","display_name":"Comptoir National de l'Or","avatar_url":"https:\/\/secure.gravatar.com\/avatar\/713f289e398d35ead876c4a4cc08607f0d6d266058cfc25683fffb6092d0e572?s=96&d=mm&r=g","0":null,"1":"","2":"","3":"","4":"","5":"","6":"","7":"","8":""}],"_links":{"self":[{"href":"https:\/\/www.gold.fr\/news\/wp-json\/wp\/v2\/posts\/16545","targetHints":{"allow":["GET"]}}],"collection":[{"href":"https:\/\/www.gold.fr\/news\/wp-json\/wp\/v2\/posts"}],"about":[{"href":"https:\/\/www.gold.fr\/news\/wp-json\/wp\/v2\/types\/post"}],"author":[{"embeddable":true,"href":"https:\/\/www.gold.fr\/news\/wp-json\/wp\/v2\/users\/18"}],"replies":[{"embeddable":true,"href":"https:\/\/www.gold.fr\/news\/wp-json\/wp\/v2\/comments?post=16545"}],"version-history":[{"count":0,"href":"https:\/\/www.gold.fr\/news\/wp-json\/wp\/v2\/posts\/16545\/revisions"}],"wp:attachment":[{"href":"https:\/\/www.gold.fr\/news\/wp-json\/wp\/v2\/media?parent=16545"}],"wp:term":[{"taxonomy":"category","embeddable":true,"href":"https:\/\/www.gold.fr\/news\/wp-json\/wp\/v2\/categories?post=16545"},{"taxonomy":"post_tag","embeddable":true,"href":"https:\/\/www.gold.fr\/news\/wp-json\/wp\/v2\/tags?post=16545"},{"taxonomy":"author","embeddable":true,"href":"https:\/\/www.gold.fr\/news\/wp-json\/wp\/v2\/ppma_author?post=16545"}],"curies":[{"name":"wp","href":"https:\/\/api.w.org\/{rel}","templated":true}]}}