{"id":16532,"date":"2015-01-21T09:00:20","date_gmt":"2015-01-21T08:00:20","guid":{"rendered":"https:\/\/www.gold.fr\/news\/?p=16532"},"modified":"2018-02-22T14:34:52","modified_gmt":"2018-02-22T13:34:52","slug":"les-marches-se-remettent-la-reunion-bce-en-vue","status":"publish","type":"post","link":"https:\/\/www.gold.fr\/news\/2015\/01\/21\/les-marches-se-remettent-la-reunion-bce-en-vue\/","title":{"rendered":"Les march\u00e9s se remettent, la r\u00e9union BCE en vue"},"content":{"rendered":"<p><img loading=\"lazy\" decoding=\"async\" class=\"alignleft size-thumbnail wp-image-3762\" title=\"Les march\u00e9s se remettent, la r\u00e9union BCE en vue\" src=\"https:\/\/www.gold.fr\/news\/wp-content\/uploads\/2011\/11\/BC9966-002-150x150.jpg\" alt=\"\" width=\"150\" height=\"150\" \/><span style=\"font-size: small;\">\u00c9norm\u00e9ment d&rsquo;attentisme, cette semaine, m\u00e9lang\u00e9 \u00e0 des angoisses tr\u00e8s justifi\u00e9es, ainsi que des espoirs tout aussi l\u00e9gitimes. La s\u00e9ance de jeudi sera particuli\u00e8rement marqu\u00e9e par le paroxysme ultime de cet attentisme, puisque le conseil des gouverneurs de la banque centrale europ\u00e9enne y conclura sa r\u00e9union de deux jours par une conf\u00e9rence de presse hautement anticip\u00e9e sur le plan international, et tenue par <strong>Mario Draghi<\/strong>, pr\u00e9sident de l&rsquo;institution, concernant la politique mon\u00e9taire de la <strong>BCE<\/strong> \u00e0 court et moyen terme.<\/span>    <span style=\"font-size: small;\"> En attendant, ces hauts espoirs des march\u00e9s ont \u00e9t\u00e9 r\u00e9cemment plomb\u00e9s par la d\u00e9cision inattendue de la banque nationale suisse, plongeant les principales places boursi\u00e8res mondiales dans un creux de baisse et de stagnation. <strong>Stan Shamu<\/strong>, strat\u00e9giste de march\u00e9 chez <strong>IG<\/strong>, confirme d&rsquo;ailleurs ce sentiment en rappelant que \u00ab<em> la d\u00e9cision surprise de la Banque Nationale Suisse jeudi dernier a confort\u00e9 les attentes pour une action de la BCE, les analystes l&rsquo;ayant per\u00e7ue comme cette fa\u00e7on de pr\u00e9empter celle-ci <\/em>\u00bb, mettant \u00e9galement en garde contre la vague de \u2018<em>nervosit\u00e9<\/em>&lsquo; qui va d\u00e9couler de l&rsquo;attentisme <strong>BCE<\/strong> et de la d\u00e9cision <strong>BNS<\/strong>, \u00ab<em> \u00e9tant donn\u00e9 que les march\u00e9s semblent avoir pleinement int\u00e9gr\u00e9 une op\u00e9ration offensive. Aussi le risque de d\u00e9ception parait plut\u00f4t \u00e9lev\u00e9 <\/em>\u00bb.<\/span>    <span style=\"font-size: small;\"> Par ailleurs, la s\u00e9rie traditionnelle de publications des r\u00e9sultats trimestriels des diff\u00e9rents g\u00e9ants \u00e9conomiques, d&rsquo;un c\u00f4t\u00e9 comme de l&rsquo;autre de l&rsquo;Atlantique, continue cette semaine, doubl\u00e9e de quelques publications statistiques macro\u00e9conomiques (notamment l&rsquo;indice <strong>ZEW<\/strong> en Allemagne, les chiffres de la construction r\u00e9sidentielle aux Etats-Unis ou les indices <strong>PMI<\/strong> de <strong>Markit<\/strong>) qui devraient contribuer \u00e0 orienter la <a href='https:\/\/www.gold.fr\/news\/tags\/investissement' class='esk-seo-plu-link'>tendance<\/a> des march\u00e9s d&rsquo;<a href='https:\/\/www.gold.fr\/news\/tags\/investissement' class='esk-seo-plu-link'>investissement<\/a>.<\/span><\/p>\n<!-- AddThis Advanced Settings generic via filter on the_content --><!-- AddThis Share Buttons generic via filter on the_content -->","protected":false},"excerpt":{"rendered":"<p>\u00c9norm\u00e9ment d&rsquo;attentisme, cette semaine, m\u00e9lang\u00e9 \u00e0 des angoisses tr\u00e8s justifi\u00e9es, ainsi que des espoirs tout aussi l\u00e9gitimes. La s\u00e9ance de jeudi sera particuli\u00e8rement marqu\u00e9e par le paroxysme ultime de cet attentisme, puisque le conseil des gouverneurs [&hellip;]<\/p>\n","protected":false},"author":18,"featured_media":3762,"comment_status":"open","ping_status":"open","sticky":false,"template":"","format":"standard","meta":{"_mbp_gutenberg_autopost":false,"_pgmb_is_evergreen":false,"_pgmb_ap_template_id":0,"footnotes":""},"categories":[6],"tags":[143,1045,1725,1951,1649],"ppma_author":[2565],"class_list":["post-16532","post","type-post","status-publish","format-standard","has-post-thumbnail","hentry","category-articles-de-presse","tag-bce","tag-hausse-or","tag-indice-pmi","tag-indice-zew","tag-marches"],"yoast_head":"<!-- This site is optimized with the Yoast SEO plugin v27.5 - https:\/\/yoast.com\/product\/yoast-seo-wordpress\/ -->\n<title>Les march\u00e9s se remettent, la r\u00e9union BCE en vue - Gold.fr<\/title>\n<meta name=\"robots\" content=\"index, follow, max-snippet:-1, max-image-preview:large, max-video-preview:-1\" \/>\n<link rel=\"canonical\" href=\"https:\/\/www.gold.fr\/news\/2015\/01\/21\/les-marches-se-remettent-la-reunion-bce-en-vue\/\" \/>\n<meta property=\"og:locale\" content=\"fr_FR\" \/>\n<meta property=\"og:type\" content=\"article\" \/>\n<meta property=\"og:title\" content=\"Les march\u00e9s se remettent, la r\u00e9union BCE en vue - Gold.fr\" \/>\n<meta property=\"og:description\" content=\"\u00c9norm\u00e9ment d&rsquo;attentisme, cette semaine, m\u00e9lang\u00e9 \u00e0 des angoisses tr\u00e8s justifi\u00e9es, ainsi que des espoirs tout aussi l\u00e9gitimes. La s\u00e9ance de jeudi sera particuli\u00e8rement marqu\u00e9e par le paroxysme ultime de cet attentisme, puisque le conseil des gouverneurs [&hellip;]\" \/>\n<meta property=\"og:url\" content=\"https:\/\/www.gold.fr\/news\/2015\/01\/21\/les-marches-se-remettent-la-reunion-bce-en-vue\/\" \/>\n<meta property=\"og:site_name\" content=\"Gold.fr\" \/>\n<meta property=\"article:publisher\" content=\"https:\/\/www.facebook.com\/Goldfr\/\" \/>\n<meta property=\"article:published_time\" content=\"2015-01-21T08:00:20+00:00\" \/>\n<meta property=\"article:modified_time\" content=\"2018-02-22T13:34:52+00:00\" \/>\n<meta property=\"og:image\" content=\"https:\/\/www.gold.fr\/news\/wp-content\/uploads\/2011\/11\/BC9966-002.jpg\" \/>\n\t<meta property=\"og:image:width\" content=\"600\" \/>\n\t<meta property=\"og:image:height\" content=\"371\" \/>\n\t<meta property=\"og:image:type\" content=\"image\/jpeg\" \/>\n<meta name=\"author\" content=\"Comptoir National de l&#039;Or\" \/>\n<meta name=\"twitter:card\" content=\"summary_large_image\" \/>\n<meta name=\"twitter:label1\" content=\"\u00c9crit par\" \/>\n\t<meta name=\"twitter:data1\" content=\"Comptoir National de l&#039;Or\" \/>\n\t<meta name=\"twitter:label2\" content=\"Dur\u00e9e de lecture estim\u00e9e\" \/>\n\t<meta name=\"twitter:data2\" content=\"1 minute\" \/>\n<script type=\"application\/ld+json\" class=\"yoast-schema-graph\">{\"@context\":\"https:\\\/\\\/schema.org\",\"@graph\":[{\"@type\":\"Article\",\"@id\":\"https:\\\/\\\/www.gold.fr\\\/news\\\/2015\\\/01\\\/21\\\/les-marches-se-remettent-la-reunion-bce-en-vue\\\/#article\",\"isPartOf\":{\"@id\":\"https:\\\/\\\/www.gold.fr\\\/news\\\/2015\\\/01\\\/21\\\/les-marches-se-remettent-la-reunion-bce-en-vue\\\/\"},\"author\":{\"name\":\"Comptoir National de l'Or\",\"@id\":\"https:\\\/\\\/www.gold.fr\\\/news\\\/#\\\/schema\\\/person\\\/070491b4b4fb7671bf59b3be20302ce9\"},\"headline\":\"Les march\u00e9s se remettent, la r\u00e9union BCE en vue\",\"datePublished\":\"2015-01-21T08:00:20+00:00\",\"dateModified\":\"2018-02-22T13:34:52+00:00\",\"mainEntityOfPage\":{\"@id\":\"https:\\\/\\\/www.gold.fr\\\/news\\\/2015\\\/01\\\/21\\\/les-marches-se-remettent-la-reunion-bce-en-vue\\\/\"},\"wordCount\":314,\"commentCount\":0,\"image\":{\"@id\":\"https:\\\/\\\/www.gold.fr\\\/news\\\/2015\\\/01\\\/21\\\/les-marches-se-remettent-la-reunion-bce-en-vue\\\/#primaryimage\"},\"thumbnailUrl\":\"https:\\\/\\\/www.gold.fr\\\/news\\\/wp-content\\\/uploads\\\/2011\\\/11\\\/BC9966-002.jpg\",\"keywords\":[\"bce\",\"hausse or\",\"indice PMI\",\"indice ZEW\",\"march\u00e9s\"],\"articleSection\":[\"Articles de presse\"],\"inLanguage\":\"fr-FR\"},{\"@type\":\"WebPage\",\"@id\":\"https:\\\/\\\/www.gold.fr\\\/news\\\/2015\\\/01\\\/21\\\/les-marches-se-remettent-la-reunion-bce-en-vue\\\/\",\"url\":\"https:\\\/\\\/www.gold.fr\\\/news\\\/2015\\\/01\\\/21\\\/les-marches-se-remettent-la-reunion-bce-en-vue\\\/\",\"name\":\"Les march\u00e9s se remettent, la r\u00e9union BCE en vue - Gold.fr\",\"isPartOf\":{\"@id\":\"https:\\\/\\\/www.gold.fr\\\/news\\\/#website\"},\"primaryImageOfPage\":{\"@id\":\"https:\\\/\\\/www.gold.fr\\\/news\\\/2015\\\/01\\\/21\\\/les-marches-se-remettent-la-reunion-bce-en-vue\\\/#primaryimage\"},\"image\":{\"@id\":\"https:\\\/\\\/www.gold.fr\\\/news\\\/2015\\\/01\\\/21\\\/les-marches-se-remettent-la-reunion-bce-en-vue\\\/#primaryimage\"},\"thumbnailUrl\":\"https:\\\/\\\/www.gold.fr\\\/news\\\/wp-content\\\/uploads\\\/2011\\\/11\\\/BC9966-002.jpg\",\"datePublished\":\"2015-01-21T08:00:20+00:00\",\"dateModified\":\"2018-02-22T13:34:52+00:00\",\"author\":{\"@id\":\"https:\\\/\\\/www.gold.fr\\\/news\\\/#\\\/schema\\\/person\\\/070491b4b4fb7671bf59b3be20302ce9\"},\"breadcrumb\":{\"@id\":\"https:\\\/\\\/www.gold.fr\\\/news\\\/2015\\\/01\\\/21\\\/les-marches-se-remettent-la-reunion-bce-en-vue\\\/#breadcrumb\"},\"inLanguage\":\"fr-FR\",\"potentialAction\":[{\"@type\":\"ReadAction\",\"target\":[\"https:\\\/\\\/www.gold.fr\\\/news\\\/2015\\\/01\\\/21\\\/les-marches-se-remettent-la-reunion-bce-en-vue\\\/\"]}]},{\"@type\":\"ImageObject\",\"inLanguage\":\"fr-FR\",\"@id\":\"https:\\\/\\\/www.gold.fr\\\/news\\\/2015\\\/01\\\/21\\\/les-marches-se-remettent-la-reunion-bce-en-vue\\\/#primaryimage\",\"url\":\"https:\\\/\\\/www.gold.fr\\\/news\\\/wp-content\\\/uploads\\\/2011\\\/11\\\/BC9966-002.jpg\",\"contentUrl\":\"https:\\\/\\\/www.gold.fr\\\/news\\\/wp-content\\\/uploads\\\/2011\\\/11\\\/BC9966-002.jpg\",\"width\":\"600\",\"height\":\"371\",\"caption\":\"March\u00e9s : Nervosit\u00e9, en attendant Draghi\"},{\"@type\":\"BreadcrumbList\",\"@id\":\"https:\\\/\\\/www.gold.fr\\\/news\\\/2015\\\/01\\\/21\\\/les-marches-se-remettent-la-reunion-bce-en-vue\\\/#breadcrumb\",\"itemListElement\":[{\"@type\":\"ListItem\",\"position\":1,\"name\":\"Accueil\",\"item\":\"https:\\\/\\\/www.gold.fr\\\/\"},{\"@type\":\"ListItem\",\"position\":2,\"name\":\"Actualit\u00e9s\",\"item\":\"https:\\\/\\\/www.gold.fr\\\/news\\\/\"},{\"@type\":\"ListItem\",\"position\":3,\"name\":\"Les march\u00e9s se remettent, la r\u00e9union BCE en vue\"}]},{\"@type\":\"WebSite\",\"@id\":\"https:\\\/\\\/www.gold.fr\\\/news\\\/#website\",\"url\":\"https:\\\/\\\/www.gold.fr\\\/news\\\/\",\"name\":\"Gold.fr\",\"description\":\"Actualit\u00e9s de l&#039;Or et des m\u00e9taux pr\u00e9cieux\",\"potentialAction\":[{\"@type\":\"SearchAction\",\"target\":{\"@type\":\"EntryPoint\",\"urlTemplate\":\"https:\\\/\\\/www.gold.fr\\\/news\\\/?s={search_term_string}\"},\"query-input\":{\"@type\":\"PropertyValueSpecification\",\"valueRequired\":true,\"valueName\":\"search_term_string\"}}],\"inLanguage\":\"fr-FR\"},{\"@type\":\"Person\",\"@id\":\"https:\\\/\\\/www.gold.fr\\\/news\\\/#\\\/schema\\\/person\\\/070491b4b4fb7671bf59b3be20302ce9\",\"name\":\"Comptoir National de l'Or\",\"image\":{\"@type\":\"ImageObject\",\"inLanguage\":\"fr-FR\",\"@id\":\"https:\\\/\\\/secure.gravatar.com\\\/avatar\\\/0a2867fd5abe37bed95d5a65e9d58f01756e11efc68af9888dfc50cfa7f65948?s=96&d=mm&r=gb490554db0a38188709de567aa58480d\",\"url\":\"https:\\\/\\\/secure.gravatar.com\\\/avatar\\\/0a2867fd5abe37bed95d5a65e9d58f01756e11efc68af9888dfc50cfa7f65948?s=96&d=mm&r=g\",\"contentUrl\":\"https:\\\/\\\/secure.gravatar.com\\\/avatar\\\/0a2867fd5abe37bed95d5a65e9d58f01756e11efc68af9888dfc50cfa7f65948?s=96&d=mm&r=g\",\"caption\":\"Comptoir National de l'Or\"},\"description\":\"Notre r\u00e9daction est constitu\u00e9e de membres experts dans les m\u00e9tiers de l'\u00e9conomie et la gestion, des Responsables d'agence Comptoir National de l'Or, des analystes financiers qui publient r\u00e9guli\u00e8rement des \u00e9tudes sur les politiques des banques centrales, le cours de l'or, prix de l'or, cours de l'argent, prix de l'argent, cours du platine, cours du palladium,... la situation en zone euro et l'impact de la strat\u00e9gie mon\u00e9taire de la FED. Notre \u00e9quipe scrute \u00e9galement une information plus g\u00e9n\u00e9raliste \u00e0 la recherche d'actualit\u00e9 \\\"p\u00e9pite\\\" \u00e0 vous partager. Depuis 5 ans, nous avons publi\u00e9 un peu plus de 4000 articles qui s'adressent \u00e0 un public large et vari\u00e9 ayant pour objectif de satisfaire votre curiosit\u00e9 et de partager avec vous une certaine fascination pour le m\u00e9tal jaune, le rachat d'or, et pour ceux qui veulent investir dans l'or, vendre leur or tout simplement en savoir plus... Pour tous vos achat or et argent, n'h\u00e9sitez pas \u00e0 prendre rendez-vous dans l'un de nos nombreux comptoirs.\",\"sameAs\":[\"https:\\\/\\\/www.gold.fr\"]}]}<\/script>\n<!-- \/ Yoast SEO plugin. -->","yoast_head_json":{"title":"Les march\u00e9s se remettent, la r\u00e9union BCE en vue - Gold.fr","robots":{"index":"index","follow":"follow","max-snippet":"max-snippet:-1","max-image-preview":"max-image-preview:large","max-video-preview":"max-video-preview:-1"},"canonical":"https:\/\/www.gold.fr\/news\/2015\/01\/21\/les-marches-se-remettent-la-reunion-bce-en-vue\/","og_locale":"fr_FR","og_type":"article","og_title":"Les march\u00e9s se remettent, la r\u00e9union BCE en vue - Gold.fr","og_description":"\u00c9norm\u00e9ment d&rsquo;attentisme, cette semaine, m\u00e9lang\u00e9 \u00e0 des angoisses tr\u00e8s justifi\u00e9es, ainsi que des espoirs tout aussi l\u00e9gitimes. La s\u00e9ance de jeudi sera particuli\u00e8rement marqu\u00e9e par le paroxysme ultime de cet attentisme, puisque le conseil des gouverneurs [&hellip;]","og_url":"https:\/\/www.gold.fr\/news\/2015\/01\/21\/les-marches-se-remettent-la-reunion-bce-en-vue\/","og_site_name":"Gold.fr","article_publisher":"https:\/\/www.facebook.com\/Goldfr\/","article_published_time":"2015-01-21T08:00:20+00:00","article_modified_time":"2018-02-22T13:34:52+00:00","og_image":[{"width":600,"height":371,"url":"https:\/\/www.gold.fr\/news\/wp-content\/uploads\/2011\/11\/BC9966-002.jpg","type":"image\/jpeg"}],"author":"Comptoir National de l'Or","twitter_card":"summary_large_image","twitter_misc":{"\u00c9crit par":"Comptoir National de l'Or","Dur\u00e9e de lecture estim\u00e9e":"1 minute"},"schema":{"@context":"https:\/\/schema.org","@graph":[{"@type":"Article","@id":"https:\/\/www.gold.fr\/news\/2015\/01\/21\/les-marches-se-remettent-la-reunion-bce-en-vue\/#article","isPartOf":{"@id":"https:\/\/www.gold.fr\/news\/2015\/01\/21\/les-marches-se-remettent-la-reunion-bce-en-vue\/"},"author":{"name":"Comptoir National de l'Or","@id":"https:\/\/www.gold.fr\/news\/#\/schema\/person\/070491b4b4fb7671bf59b3be20302ce9"},"headline":"Les march\u00e9s se remettent, la r\u00e9union BCE en vue","datePublished":"2015-01-21T08:00:20+00:00","dateModified":"2018-02-22T13:34:52+00:00","mainEntityOfPage":{"@id":"https:\/\/www.gold.fr\/news\/2015\/01\/21\/les-marches-se-remettent-la-reunion-bce-en-vue\/"},"wordCount":314,"commentCount":0,"image":{"@id":"https:\/\/www.gold.fr\/news\/2015\/01\/21\/les-marches-se-remettent-la-reunion-bce-en-vue\/#primaryimage"},"thumbnailUrl":"https:\/\/www.gold.fr\/news\/wp-content\/uploads\/2011\/11\/BC9966-002.jpg","keywords":["bce","hausse or","indice PMI","indice ZEW","march\u00e9s"],"articleSection":["Articles de presse"],"inLanguage":"fr-FR"},{"@type":"WebPage","@id":"https:\/\/www.gold.fr\/news\/2015\/01\/21\/les-marches-se-remettent-la-reunion-bce-en-vue\/","url":"https:\/\/www.gold.fr\/news\/2015\/01\/21\/les-marches-se-remettent-la-reunion-bce-en-vue\/","name":"Les march\u00e9s se remettent, la r\u00e9union BCE en vue - Gold.fr","isPartOf":{"@id":"https:\/\/www.gold.fr\/news\/#website"},"primaryImageOfPage":{"@id":"https:\/\/www.gold.fr\/news\/2015\/01\/21\/les-marches-se-remettent-la-reunion-bce-en-vue\/#primaryimage"},"image":{"@id":"https:\/\/www.gold.fr\/news\/2015\/01\/21\/les-marches-se-remettent-la-reunion-bce-en-vue\/#primaryimage"},"thumbnailUrl":"https:\/\/www.gold.fr\/news\/wp-content\/uploads\/2011\/11\/BC9966-002.jpg","datePublished":"2015-01-21T08:00:20+00:00","dateModified":"2018-02-22T13:34:52+00:00","author":{"@id":"https:\/\/www.gold.fr\/news\/#\/schema\/person\/070491b4b4fb7671bf59b3be20302ce9"},"breadcrumb":{"@id":"https:\/\/www.gold.fr\/news\/2015\/01\/21\/les-marches-se-remettent-la-reunion-bce-en-vue\/#breadcrumb"},"inLanguage":"fr-FR","potentialAction":[{"@type":"ReadAction","target":["https:\/\/www.gold.fr\/news\/2015\/01\/21\/les-marches-se-remettent-la-reunion-bce-en-vue\/"]}]},{"@type":"ImageObject","inLanguage":"fr-FR","@id":"https:\/\/www.gold.fr\/news\/2015\/01\/21\/les-marches-se-remettent-la-reunion-bce-en-vue\/#primaryimage","url":"https:\/\/www.gold.fr\/news\/wp-content\/uploads\/2011\/11\/BC9966-002.jpg","contentUrl":"https:\/\/www.gold.fr\/news\/wp-content\/uploads\/2011\/11\/BC9966-002.jpg","width":"600","height":"371","caption":"March\u00e9s : Nervosit\u00e9, en attendant Draghi"},{"@type":"BreadcrumbList","@id":"https:\/\/www.gold.fr\/news\/2015\/01\/21\/les-marches-se-remettent-la-reunion-bce-en-vue\/#breadcrumb","itemListElement":[{"@type":"ListItem","position":1,"name":"Accueil","item":"https:\/\/www.gold.fr\/"},{"@type":"ListItem","position":2,"name":"Actualit\u00e9s","item":"https:\/\/www.gold.fr\/news\/"},{"@type":"ListItem","position":3,"name":"Les march\u00e9s se remettent, la r\u00e9union BCE en vue"}]},{"@type":"WebSite","@id":"https:\/\/www.gold.fr\/news\/#website","url":"https:\/\/www.gold.fr\/news\/","name":"Gold.fr","description":"Actualit\u00e9s de l&#039;Or et des m\u00e9taux pr\u00e9cieux","potentialAction":[{"@type":"SearchAction","target":{"@type":"EntryPoint","urlTemplate":"https:\/\/www.gold.fr\/news\/?s={search_term_string}"},"query-input":{"@type":"PropertyValueSpecification","valueRequired":true,"valueName":"search_term_string"}}],"inLanguage":"fr-FR"},{"@type":"Person","@id":"https:\/\/www.gold.fr\/news\/#\/schema\/person\/070491b4b4fb7671bf59b3be20302ce9","name":"Comptoir National de l'Or","image":{"@type":"ImageObject","inLanguage":"fr-FR","@id":"https:\/\/secure.gravatar.com\/avatar\/0a2867fd5abe37bed95d5a65e9d58f01756e11efc68af9888dfc50cfa7f65948?s=96&d=mm&r=gb490554db0a38188709de567aa58480d","url":"https:\/\/secure.gravatar.com\/avatar\/0a2867fd5abe37bed95d5a65e9d58f01756e11efc68af9888dfc50cfa7f65948?s=96&d=mm&r=g","contentUrl":"https:\/\/secure.gravatar.com\/avatar\/0a2867fd5abe37bed95d5a65e9d58f01756e11efc68af9888dfc50cfa7f65948?s=96&d=mm&r=g","caption":"Comptoir National de l'Or"},"description":"Notre r\u00e9daction est constitu\u00e9e de membres experts dans les m\u00e9tiers de l'\u00e9conomie et la gestion, des Responsables d'agence Comptoir National de l'Or, des analystes financiers qui publient r\u00e9guli\u00e8rement des \u00e9tudes sur les politiques des banques centrales, le cours de l'or, prix de l'or, cours de l'argent, prix de l'argent, cours du platine, cours du palladium,... la situation en zone euro et l'impact de la strat\u00e9gie mon\u00e9taire de la FED. Notre \u00e9quipe scrute \u00e9galement une information plus g\u00e9n\u00e9raliste \u00e0 la recherche d'actualit\u00e9 \"p\u00e9pite\" \u00e0 vous partager. Depuis 5 ans, nous avons publi\u00e9 un peu plus de 4000 articles qui s'adressent \u00e0 un public large et vari\u00e9 ayant pour objectif de satisfaire votre curiosit\u00e9 et de partager avec vous une certaine fascination pour le m\u00e9tal jaune, le rachat d'or, et pour ceux qui veulent investir dans l'or, vendre leur or tout simplement en savoir plus... Pour tous vos achat or et argent, n'h\u00e9sitez pas \u00e0 prendre rendez-vous dans l'un de nos nombreux comptoirs.","sameAs":["https:\/\/www.gold.fr"]}]}},"authors":[{"term_id":2565,"user_id":18,"is_guest":0,"slug":"julie","display_name":"Comptoir National de l'Or","avatar_url":"https:\/\/secure.gravatar.com\/avatar\/713f289e398d35ead876c4a4cc08607f0d6d266058cfc25683fffb6092d0e572?s=96&d=mm&r=g","0":null,"1":"","2":"","3":"","4":"","5":"","6":"","7":"","8":""}],"_links":{"self":[{"href":"https:\/\/www.gold.fr\/news\/wp-json\/wp\/v2\/posts\/16532","targetHints":{"allow":["GET"]}}],"collection":[{"href":"https:\/\/www.gold.fr\/news\/wp-json\/wp\/v2\/posts"}],"about":[{"href":"https:\/\/www.gold.fr\/news\/wp-json\/wp\/v2\/types\/post"}],"author":[{"embeddable":true,"href":"https:\/\/www.gold.fr\/news\/wp-json\/wp\/v2\/users\/18"}],"replies":[{"embeddable":true,"href":"https:\/\/www.gold.fr\/news\/wp-json\/wp\/v2\/comments?post=16532"}],"version-history":[{"count":0,"href":"https:\/\/www.gold.fr\/news\/wp-json\/wp\/v2\/posts\/16532\/revisions"}],"wp:featuredmedia":[{"embeddable":true,"href":"https:\/\/www.gold.fr\/news\/wp-json\/wp\/v2\/media\/3762"}],"wp:attachment":[{"href":"https:\/\/www.gold.fr\/news\/wp-json\/wp\/v2\/media?parent=16532"}],"wp:term":[{"taxonomy":"category","embeddable":true,"href":"https:\/\/www.gold.fr\/news\/wp-json\/wp\/v2\/categories?post=16532"},{"taxonomy":"post_tag","embeddable":true,"href":"https:\/\/www.gold.fr\/news\/wp-json\/wp\/v2\/tags?post=16532"},{"taxonomy":"author","embeddable":true,"href":"https:\/\/www.gold.fr\/news\/wp-json\/wp\/v2\/ppma_author?post=16532"}],"curies":[{"name":"wp","href":"https:\/\/api.w.org\/{rel}","templated":true}]}}