{"id":16442,"date":"2015-01-06T17:00:52","date_gmt":"2015-01-06T16:00:52","guid":{"rendered":"https:\/\/www.gold.fr\/news\/?p=16442"},"modified":"2018-02-22T14:35:15","modified_gmt":"2018-02-22T13:35:15","slug":"faible-orientation-des-marches-euro","status":"publish","type":"post","link":"https:\/\/www.gold.fr\/news\/2015\/01\/06\/faible-orientation-des-marches-euro\/","title":{"rendered":"Faible orientation des march\u00e9s euro"},"content":{"rendered":"<p><img loading=\"lazy\" decoding=\"async\" class=\"alignleft size-thumbnail wp-image-7642\" title=\"Faible orientation des march\u00e9s euro\" src=\"https:\/\/www.gold.fr\/news\/wp-content\/uploads\/2012\/05\/Acheter-de-l-or-150x150.jpg\" alt=\"\" width=\"150\" height=\"150\" \/><span style=\"font-size: small;\">Ce sont surtout des march\u00e9s partag\u00e9s qui font r\u00e9gner, en ce d\u00e9but de semaine, une ambiance attentiste et h\u00e9sitante, subissant donc automatiquement un manque \u00e9vident d&rsquo;orientation. Il faudra attendre encore deux semaines pour voir le c\u00f4t\u00e9 europ\u00e9en de l&rsquo;Atlantique trouver enfin appui sur un v\u00e9ritable catalyseur \u00e9conomique ; la <strong>BCE<\/strong>.<\/span>    <span style=\"font-size: small;\"> Il faut en effet rappeler que le <strong>22 janvier 2015<\/strong> marquera la date \u00e0 laquelle la banque centrale europ\u00e9enne proc\u00e8dera \u00e9ventuellement \u00e0 une extension (encore non-confirm\u00e9e) des rachats obligataires aux emprunts d&rsquo;\u00c9tat. Le pr\u00e9sident de l&rsquo;institution, <strong>Mario Draghi<\/strong>, avait lui-m\u00eame parl\u00e9 de cette possibilit\u00e9 \u00e0 plusieurs reprises, dans le cadre de ses r\u00e9centes d\u00e9clarations officielles, et ce, en d\u00e9pit de la r\u00e9ticence affich\u00e9e de l&rsquo;Allemagne \u00e0 maintenir cette mesure.<\/span>    <span style=\"font-size: small;\"> Toutefois, il faudra \u00e9galement prendre en consid\u00e9ration un facteur d\u00e9cisif dans l&rsquo;\u00e9volution de la politique mon\u00e9taire de la <strong>BCE <\/strong>; la <strong>Gr\u00e8ce<\/strong>. Les experts de <strong>Saxo Banque<\/strong> soulignent en effet que, dans la mesure o\u00f9 le Parlement grec a \u00e9t\u00e9 dissous et \u00e0 la veille des \u00e9lections l\u00e9gislatives anticip\u00e9es, \u00ab <em>la situation en Gr\u00e8ce continue d&rsquo;inqui\u00e9ter<\/em> \u00bb. Ils rappellent \u00e9galement que \u00ab <em>le parti anti-aust\u00e9rit\u00e9 est en effet donn\u00e9 favoris, pour le plus grand malheur de l&rsquo;Union europ\u00e9enne et du FMI, qui se sont engag\u00e9s \u00e0 pr\u00eater au pays pr\u00e8s de <strong>240 milliards d&rsquo;<a href='https:\/\/www.gold.fr\/news\/tags\/investissement' class='esk-seo-plu-link'>euros<\/a><\/strong>, contre la mise en place de tr\u00e8s fortes mesures d&rsquo;aust\u00e9rit\u00e9 <\/em>\u00bb.<\/span>    <span style=\"font-size: small;\"> En attendant, les march\u00e9s financiers europ\u00e9ens reprendront, d\u00e8s le d\u00e9but de cette semaine, une activit\u00e9 normale qui devrait demeurer mod\u00e9r\u00e9e jusqu&rsquo;\u00e0 la semaine prochaine.<\/span><\/p>\n<!-- AddThis Advanced Settings generic via filter on the_content --><!-- AddThis Share Buttons generic via filter on the_content -->","protected":false},"excerpt":{"rendered":"<p>Ce sont surtout des march\u00e9s partag\u00e9s qui font r\u00e9gner, en ce d\u00e9but de semaine, une ambiance attentiste et h\u00e9sitante, subissant donc automatiquement un manque \u00e9vident d&rsquo;orientation. Il faudra attendre encore deux semaines pour voir le c\u00f4t\u00e9 [&hellip;]<\/p>\n","protected":false},"author":18,"featured_media":7642,"comment_status":"open","ping_status":"open","sticky":false,"template":"","format":"standard","meta":{"_mbp_gutenberg_autopost":false,"_pgmb_is_evergreen":false,"_pgmb_ap_template_id":0,"footnotes":""},"categories":[6],"tags":[143,1000,103,1649,495],"ppma_author":[2565],"class_list":["post-16442","post","type-post","status-publish","format-standard","has-post-thumbnail","hentry","category-articles-de-presse","tag-bce","tag-economie","tag-euro","tag-marches","tag-mario-draghi"],"yoast_head":"<!-- This site is optimized with the Yoast SEO plugin v27.5 - https:\/\/yoast.com\/product\/yoast-seo-wordpress\/ -->\n<title>Faible orientation des march\u00e9s euro - Gold.fr<\/title>\n<meta name=\"robots\" content=\"index, follow, max-snippet:-1, max-image-preview:large, max-video-preview:-1\" \/>\n<link rel=\"canonical\" href=\"https:\/\/www.gold.fr\/news\/2015\/01\/06\/faible-orientation-des-marches-euro\/\" \/>\n<meta property=\"og:locale\" content=\"fr_FR\" \/>\n<meta property=\"og:type\" content=\"article\" \/>\n<meta property=\"og:title\" content=\"Faible orientation des march\u00e9s euro - Gold.fr\" \/>\n<meta property=\"og:description\" content=\"Ce sont surtout des march\u00e9s partag\u00e9s qui font r\u00e9gner, en ce d\u00e9but de semaine, une ambiance attentiste et h\u00e9sitante, subissant donc automatiquement un manque \u00e9vident d&rsquo;orientation. Il faudra attendre encore deux semaines pour voir le c\u00f4t\u00e9 [&hellip;]\" \/>\n<meta property=\"og:url\" content=\"https:\/\/www.gold.fr\/news\/2015\/01\/06\/faible-orientation-des-marches-euro\/\" \/>\n<meta property=\"og:site_name\" content=\"Gold.fr\" \/>\n<meta property=\"article:publisher\" content=\"https:\/\/www.facebook.com\/Goldfr\/\" \/>\n<meta property=\"article:published_time\" content=\"2015-01-06T16:00:52+00:00\" \/>\n<meta property=\"article:modified_time\" content=\"2018-02-22T13:35:15+00:00\" \/>\n<meta property=\"og:image\" content=\"https:\/\/www.gold.fr\/news\/wp-content\/uploads\/2012\/05\/Acheter-de-l-or.jpg\" \/>\n\t<meta property=\"og:image:width\" content=\"600\" \/>\n\t<meta property=\"og:image:height\" content=\"398\" \/>\n\t<meta property=\"og:image:type\" content=\"image\/jpeg\" \/>\n<meta name=\"author\" content=\"Comptoir National de l&#039;Or\" \/>\n<meta name=\"twitter:card\" content=\"summary_large_image\" \/>\n<meta name=\"twitter:label1\" content=\"\u00c9crit par\" \/>\n\t<meta name=\"twitter:data1\" content=\"Comptoir National de l&#039;Or\" \/>\n\t<meta name=\"twitter:label2\" content=\"Dur\u00e9e de lecture estim\u00e9e\" \/>\n\t<meta name=\"twitter:data2\" content=\"1 minute\" \/>\n<script type=\"application\/ld+json\" class=\"yoast-schema-graph\">{\"@context\":\"https:\\\/\\\/schema.org\",\"@graph\":[{\"@type\":\"Article\",\"@id\":\"https:\\\/\\\/www.gold.fr\\\/news\\\/2015\\\/01\\\/06\\\/faible-orientation-des-marches-euro\\\/#article\",\"isPartOf\":{\"@id\":\"https:\\\/\\\/www.gold.fr\\\/news\\\/2015\\\/01\\\/06\\\/faible-orientation-des-marches-euro\\\/\"},\"author\":{\"name\":\"Comptoir National de l'Or\",\"@id\":\"https:\\\/\\\/www.gold.fr\\\/news\\\/#\\\/schema\\\/person\\\/070491b4b4fb7671bf59b3be20302ce9\"},\"headline\":\"Faible orientation des march\u00e9s euro\",\"datePublished\":\"2015-01-06T16:00:52+00:00\",\"dateModified\":\"2018-02-22T13:35:15+00:00\",\"mainEntityOfPage\":{\"@id\":\"https:\\\/\\\/www.gold.fr\\\/news\\\/2015\\\/01\\\/06\\\/faible-orientation-des-marches-euro\\\/\"},\"wordCount\":288,\"commentCount\":0,\"image\":{\"@id\":\"https:\\\/\\\/www.gold.fr\\\/news\\\/2015\\\/01\\\/06\\\/faible-orientation-des-marches-euro\\\/#primaryimage\"},\"thumbnailUrl\":\"https:\\\/\\\/www.gold.fr\\\/news\\\/wp-content\\\/uploads\\\/2012\\\/05\\\/Acheter-de-l-or.jpg\",\"keywords\":[\"bce\",\"\u00e9conomie\",\"euro\",\"march\u00e9s\",\"mario draghi\"],\"articleSection\":[\"Articles de presse\"],\"inLanguage\":\"fr-FR\"},{\"@type\":\"WebPage\",\"@id\":\"https:\\\/\\\/www.gold.fr\\\/news\\\/2015\\\/01\\\/06\\\/faible-orientation-des-marches-euro\\\/\",\"url\":\"https:\\\/\\\/www.gold.fr\\\/news\\\/2015\\\/01\\\/06\\\/faible-orientation-des-marches-euro\\\/\",\"name\":\"Faible orientation des march\u00e9s euro - Gold.fr\",\"isPartOf\":{\"@id\":\"https:\\\/\\\/www.gold.fr\\\/news\\\/#website\"},\"primaryImageOfPage\":{\"@id\":\"https:\\\/\\\/www.gold.fr\\\/news\\\/2015\\\/01\\\/06\\\/faible-orientation-des-marches-euro\\\/#primaryimage\"},\"image\":{\"@id\":\"https:\\\/\\\/www.gold.fr\\\/news\\\/2015\\\/01\\\/06\\\/faible-orientation-des-marches-euro\\\/#primaryimage\"},\"thumbnailUrl\":\"https:\\\/\\\/www.gold.fr\\\/news\\\/wp-content\\\/uploads\\\/2012\\\/05\\\/Acheter-de-l-or.jpg\",\"datePublished\":\"2015-01-06T16:00:52+00:00\",\"dateModified\":\"2018-02-22T13:35:15+00:00\",\"author\":{\"@id\":\"https:\\\/\\\/www.gold.fr\\\/news\\\/#\\\/schema\\\/person\\\/070491b4b4fb7671bf59b3be20302ce9\"},\"breadcrumb\":{\"@id\":\"https:\\\/\\\/www.gold.fr\\\/news\\\/2015\\\/01\\\/06\\\/faible-orientation-des-marches-euro\\\/#breadcrumb\"},\"inLanguage\":\"fr-FR\",\"potentialAction\":[{\"@type\":\"ReadAction\",\"target\":[\"https:\\\/\\\/www.gold.fr\\\/news\\\/2015\\\/01\\\/06\\\/faible-orientation-des-marches-euro\\\/\"]}]},{\"@type\":\"ImageObject\",\"inLanguage\":\"fr-FR\",\"@id\":\"https:\\\/\\\/www.gold.fr\\\/news\\\/2015\\\/01\\\/06\\\/faible-orientation-des-marches-euro\\\/#primaryimage\",\"url\":\"https:\\\/\\\/www.gold.fr\\\/news\\\/wp-content\\\/uploads\\\/2012\\\/05\\\/Acheter-de-l-or.jpg\",\"contentUrl\":\"https:\\\/\\\/www.gold.fr\\\/news\\\/wp-content\\\/uploads\\\/2012\\\/05\\\/Acheter-de-l-or.jpg\",\"width\":\"600\",\"height\":\"398\",\"caption\":\"Un d\u00e9but d\u2019ann\u00e9e prometteur pour la Bourse de Paris\"},{\"@type\":\"BreadcrumbList\",\"@id\":\"https:\\\/\\\/www.gold.fr\\\/news\\\/2015\\\/01\\\/06\\\/faible-orientation-des-marches-euro\\\/#breadcrumb\",\"itemListElement\":[{\"@type\":\"ListItem\",\"position\":1,\"name\":\"Accueil\",\"item\":\"https:\\\/\\\/www.gold.fr\\\/\"},{\"@type\":\"ListItem\",\"position\":2,\"name\":\"Actualit\u00e9s\",\"item\":\"https:\\\/\\\/www.gold.fr\\\/news\\\/\"},{\"@type\":\"ListItem\",\"position\":3,\"name\":\"Faible orientation des march\u00e9s euro\"}]},{\"@type\":\"WebSite\",\"@id\":\"https:\\\/\\\/www.gold.fr\\\/news\\\/#website\",\"url\":\"https:\\\/\\\/www.gold.fr\\\/news\\\/\",\"name\":\"Gold.fr\",\"description\":\"Actualit\u00e9s de l&#039;Or et des m\u00e9taux pr\u00e9cieux\",\"potentialAction\":[{\"@type\":\"SearchAction\",\"target\":{\"@type\":\"EntryPoint\",\"urlTemplate\":\"https:\\\/\\\/www.gold.fr\\\/news\\\/?s={search_term_string}\"},\"query-input\":{\"@type\":\"PropertyValueSpecification\",\"valueRequired\":true,\"valueName\":\"search_term_string\"}}],\"inLanguage\":\"fr-FR\"},{\"@type\":\"Person\",\"@id\":\"https:\\\/\\\/www.gold.fr\\\/news\\\/#\\\/schema\\\/person\\\/070491b4b4fb7671bf59b3be20302ce9\",\"name\":\"Comptoir National de l'Or\",\"image\":{\"@type\":\"ImageObject\",\"inLanguage\":\"fr-FR\",\"@id\":\"https:\\\/\\\/secure.gravatar.com\\\/avatar\\\/0a2867fd5abe37bed95d5a65e9d58f01756e11efc68af9888dfc50cfa7f65948?s=96&d=mm&r=gb490554db0a38188709de567aa58480d\",\"url\":\"https:\\\/\\\/secure.gravatar.com\\\/avatar\\\/0a2867fd5abe37bed95d5a65e9d58f01756e11efc68af9888dfc50cfa7f65948?s=96&d=mm&r=g\",\"contentUrl\":\"https:\\\/\\\/secure.gravatar.com\\\/avatar\\\/0a2867fd5abe37bed95d5a65e9d58f01756e11efc68af9888dfc50cfa7f65948?s=96&d=mm&r=g\",\"caption\":\"Comptoir National de l'Or\"},\"description\":\"Notre r\u00e9daction est constitu\u00e9e de membres experts dans les m\u00e9tiers de l'\u00e9conomie et la gestion, des Responsables d'agence Comptoir National de l'Or, des analystes financiers qui publient r\u00e9guli\u00e8rement des \u00e9tudes sur les politiques des banques centrales, le cours de l'or, prix de l'or, cours de l'argent, prix de l'argent, cours du platine, cours du palladium,... la situation en zone euro et l'impact de la strat\u00e9gie mon\u00e9taire de la FED. Notre \u00e9quipe scrute \u00e9galement une information plus g\u00e9n\u00e9raliste \u00e0 la recherche d'actualit\u00e9 \\\"p\u00e9pite\\\" \u00e0 vous partager. Depuis 5 ans, nous avons publi\u00e9 un peu plus de 4000 articles qui s'adressent \u00e0 un public large et vari\u00e9 ayant pour objectif de satisfaire votre curiosit\u00e9 et de partager avec vous une certaine fascination pour le m\u00e9tal jaune, le rachat d'or, et pour ceux qui veulent investir dans l'or, vendre leur or tout simplement en savoir plus... Pour tous vos achat or et argent, n'h\u00e9sitez pas \u00e0 prendre rendez-vous dans l'un de nos nombreux comptoirs.\",\"sameAs\":[\"https:\\\/\\\/www.gold.fr\"]}]}<\/script>\n<!-- \/ Yoast SEO plugin. -->","yoast_head_json":{"title":"Faible orientation des march\u00e9s euro - Gold.fr","robots":{"index":"index","follow":"follow","max-snippet":"max-snippet:-1","max-image-preview":"max-image-preview:large","max-video-preview":"max-video-preview:-1"},"canonical":"https:\/\/www.gold.fr\/news\/2015\/01\/06\/faible-orientation-des-marches-euro\/","og_locale":"fr_FR","og_type":"article","og_title":"Faible orientation des march\u00e9s euro - Gold.fr","og_description":"Ce sont surtout des march\u00e9s partag\u00e9s qui font r\u00e9gner, en ce d\u00e9but de semaine, une ambiance attentiste et h\u00e9sitante, subissant donc automatiquement un manque \u00e9vident d&rsquo;orientation. Il faudra attendre encore deux semaines pour voir le c\u00f4t\u00e9 [&hellip;]","og_url":"https:\/\/www.gold.fr\/news\/2015\/01\/06\/faible-orientation-des-marches-euro\/","og_site_name":"Gold.fr","article_publisher":"https:\/\/www.facebook.com\/Goldfr\/","article_published_time":"2015-01-06T16:00:52+00:00","article_modified_time":"2018-02-22T13:35:15+00:00","og_image":[{"width":600,"height":398,"url":"https:\/\/www.gold.fr\/news\/wp-content\/uploads\/2012\/05\/Acheter-de-l-or.jpg","type":"image\/jpeg"}],"author":"Comptoir National de l'Or","twitter_card":"summary_large_image","twitter_misc":{"\u00c9crit par":"Comptoir National de l'Or","Dur\u00e9e de lecture estim\u00e9e":"1 minute"},"schema":{"@context":"https:\/\/schema.org","@graph":[{"@type":"Article","@id":"https:\/\/www.gold.fr\/news\/2015\/01\/06\/faible-orientation-des-marches-euro\/#article","isPartOf":{"@id":"https:\/\/www.gold.fr\/news\/2015\/01\/06\/faible-orientation-des-marches-euro\/"},"author":{"name":"Comptoir National de l'Or","@id":"https:\/\/www.gold.fr\/news\/#\/schema\/person\/070491b4b4fb7671bf59b3be20302ce9"},"headline":"Faible orientation des march\u00e9s euro","datePublished":"2015-01-06T16:00:52+00:00","dateModified":"2018-02-22T13:35:15+00:00","mainEntityOfPage":{"@id":"https:\/\/www.gold.fr\/news\/2015\/01\/06\/faible-orientation-des-marches-euro\/"},"wordCount":288,"commentCount":0,"image":{"@id":"https:\/\/www.gold.fr\/news\/2015\/01\/06\/faible-orientation-des-marches-euro\/#primaryimage"},"thumbnailUrl":"https:\/\/www.gold.fr\/news\/wp-content\/uploads\/2012\/05\/Acheter-de-l-or.jpg","keywords":["bce","\u00e9conomie","euro","march\u00e9s","mario draghi"],"articleSection":["Articles de presse"],"inLanguage":"fr-FR"},{"@type":"WebPage","@id":"https:\/\/www.gold.fr\/news\/2015\/01\/06\/faible-orientation-des-marches-euro\/","url":"https:\/\/www.gold.fr\/news\/2015\/01\/06\/faible-orientation-des-marches-euro\/","name":"Faible orientation des march\u00e9s euro - Gold.fr","isPartOf":{"@id":"https:\/\/www.gold.fr\/news\/#website"},"primaryImageOfPage":{"@id":"https:\/\/www.gold.fr\/news\/2015\/01\/06\/faible-orientation-des-marches-euro\/#primaryimage"},"image":{"@id":"https:\/\/www.gold.fr\/news\/2015\/01\/06\/faible-orientation-des-marches-euro\/#primaryimage"},"thumbnailUrl":"https:\/\/www.gold.fr\/news\/wp-content\/uploads\/2012\/05\/Acheter-de-l-or.jpg","datePublished":"2015-01-06T16:00:52+00:00","dateModified":"2018-02-22T13:35:15+00:00","author":{"@id":"https:\/\/www.gold.fr\/news\/#\/schema\/person\/070491b4b4fb7671bf59b3be20302ce9"},"breadcrumb":{"@id":"https:\/\/www.gold.fr\/news\/2015\/01\/06\/faible-orientation-des-marches-euro\/#breadcrumb"},"inLanguage":"fr-FR","potentialAction":[{"@type":"ReadAction","target":["https:\/\/www.gold.fr\/news\/2015\/01\/06\/faible-orientation-des-marches-euro\/"]}]},{"@type":"ImageObject","inLanguage":"fr-FR","@id":"https:\/\/www.gold.fr\/news\/2015\/01\/06\/faible-orientation-des-marches-euro\/#primaryimage","url":"https:\/\/www.gold.fr\/news\/wp-content\/uploads\/2012\/05\/Acheter-de-l-or.jpg","contentUrl":"https:\/\/www.gold.fr\/news\/wp-content\/uploads\/2012\/05\/Acheter-de-l-or.jpg","width":"600","height":"398","caption":"Un d\u00e9but d\u2019ann\u00e9e prometteur pour la Bourse de Paris"},{"@type":"BreadcrumbList","@id":"https:\/\/www.gold.fr\/news\/2015\/01\/06\/faible-orientation-des-marches-euro\/#breadcrumb","itemListElement":[{"@type":"ListItem","position":1,"name":"Accueil","item":"https:\/\/www.gold.fr\/"},{"@type":"ListItem","position":2,"name":"Actualit\u00e9s","item":"https:\/\/www.gold.fr\/news\/"},{"@type":"ListItem","position":3,"name":"Faible orientation des march\u00e9s euro"}]},{"@type":"WebSite","@id":"https:\/\/www.gold.fr\/news\/#website","url":"https:\/\/www.gold.fr\/news\/","name":"Gold.fr","description":"Actualit\u00e9s de l&#039;Or et des m\u00e9taux pr\u00e9cieux","potentialAction":[{"@type":"SearchAction","target":{"@type":"EntryPoint","urlTemplate":"https:\/\/www.gold.fr\/news\/?s={search_term_string}"},"query-input":{"@type":"PropertyValueSpecification","valueRequired":true,"valueName":"search_term_string"}}],"inLanguage":"fr-FR"},{"@type":"Person","@id":"https:\/\/www.gold.fr\/news\/#\/schema\/person\/070491b4b4fb7671bf59b3be20302ce9","name":"Comptoir National de l'Or","image":{"@type":"ImageObject","inLanguage":"fr-FR","@id":"https:\/\/secure.gravatar.com\/avatar\/0a2867fd5abe37bed95d5a65e9d58f01756e11efc68af9888dfc50cfa7f65948?s=96&d=mm&r=gb490554db0a38188709de567aa58480d","url":"https:\/\/secure.gravatar.com\/avatar\/0a2867fd5abe37bed95d5a65e9d58f01756e11efc68af9888dfc50cfa7f65948?s=96&d=mm&r=g","contentUrl":"https:\/\/secure.gravatar.com\/avatar\/0a2867fd5abe37bed95d5a65e9d58f01756e11efc68af9888dfc50cfa7f65948?s=96&d=mm&r=g","caption":"Comptoir National de l'Or"},"description":"Notre r\u00e9daction est constitu\u00e9e de membres experts dans les m\u00e9tiers de l'\u00e9conomie et la gestion, des Responsables d'agence Comptoir National de l'Or, des analystes financiers qui publient r\u00e9guli\u00e8rement des \u00e9tudes sur les politiques des banques centrales, le cours de l'or, prix de l'or, cours de l'argent, prix de l'argent, cours du platine, cours du palladium,... la situation en zone euro et l'impact de la strat\u00e9gie mon\u00e9taire de la FED. Notre \u00e9quipe scrute \u00e9galement une information plus g\u00e9n\u00e9raliste \u00e0 la recherche d'actualit\u00e9 \"p\u00e9pite\" \u00e0 vous partager. Depuis 5 ans, nous avons publi\u00e9 un peu plus de 4000 articles qui s'adressent \u00e0 un public large et vari\u00e9 ayant pour objectif de satisfaire votre curiosit\u00e9 et de partager avec vous une certaine fascination pour le m\u00e9tal jaune, le rachat d'or, et pour ceux qui veulent investir dans l'or, vendre leur or tout simplement en savoir plus... Pour tous vos achat or et argent, n'h\u00e9sitez pas \u00e0 prendre rendez-vous dans l'un de nos nombreux comptoirs.","sameAs":["https:\/\/www.gold.fr"]}]}},"authors":[{"term_id":2565,"user_id":18,"is_guest":0,"slug":"julie","display_name":"Comptoir National de l'Or","avatar_url":"https:\/\/secure.gravatar.com\/avatar\/713f289e398d35ead876c4a4cc08607f0d6d266058cfc25683fffb6092d0e572?s=96&d=mm&r=g","0":null,"1":"","2":"","3":"","4":"","5":"","6":"","7":"","8":""}],"_links":{"self":[{"href":"https:\/\/www.gold.fr\/news\/wp-json\/wp\/v2\/posts\/16442","targetHints":{"allow":["GET"]}}],"collection":[{"href":"https:\/\/www.gold.fr\/news\/wp-json\/wp\/v2\/posts"}],"about":[{"href":"https:\/\/www.gold.fr\/news\/wp-json\/wp\/v2\/types\/post"}],"author":[{"embeddable":true,"href":"https:\/\/www.gold.fr\/news\/wp-json\/wp\/v2\/users\/18"}],"replies":[{"embeddable":true,"href":"https:\/\/www.gold.fr\/news\/wp-json\/wp\/v2\/comments?post=16442"}],"version-history":[{"count":0,"href":"https:\/\/www.gold.fr\/news\/wp-json\/wp\/v2\/posts\/16442\/revisions"}],"wp:featuredmedia":[{"embeddable":true,"href":"https:\/\/www.gold.fr\/news\/wp-json\/wp\/v2\/media\/7642"}],"wp:attachment":[{"href":"https:\/\/www.gold.fr\/news\/wp-json\/wp\/v2\/media?parent=16442"}],"wp:term":[{"taxonomy":"category","embeddable":true,"href":"https:\/\/www.gold.fr\/news\/wp-json\/wp\/v2\/categories?post=16442"},{"taxonomy":"post_tag","embeddable":true,"href":"https:\/\/www.gold.fr\/news\/wp-json\/wp\/v2\/tags?post=16442"},{"taxonomy":"author","embeddable":true,"href":"https:\/\/www.gold.fr\/news\/wp-json\/wp\/v2\/ppma_author?post=16442"}],"curies":[{"name":"wp","href":"https:\/\/api.w.org\/{rel}","templated":true}]}}