{"id":16389,"date":"2014-12-24T17:00:36","date_gmt":"2014-12-24T16:00:36","guid":{"rendered":"https:\/\/www.gold.fr\/news\/?p=16389"},"modified":"2018-02-22T14:35:29","modified_gmt":"2018-02-22T13:35:29","slug":"la-reprise-du-dollar-plombe-le-marche-de-lor","status":"publish","type":"post","link":"https:\/\/www.gold.fr\/news\/2014\/12\/24\/la-reprise-du-dollar-plombe-le-marche-de-lor\/","title":{"rendered":"La reprise du dollar plombe le march\u00e9 de l\u2019or"},"content":{"rendered":"<p><img loading=\"lazy\" decoding=\"async\" class=\"alignleft size-thumbnail wp-image-7205\" title=\"L\u2019Ukraine pour orienter les march\u00e9s\u2026vers la baisse\" src=\"https:\/\/www.gold.fr\/news\/wp-content\/uploads\/2012\/04\/Achat-Or-150x150.jpg\" alt=\"\" width=\"150\" height=\"150\" \/><span style=\"font-size: small;\"><a title=\"L\u2019or c\u00e8de sous les pressions baissi\u00e8res\" href=\"https:\/\/www.gold.fr\/news\/2014\/12\/23\/lor-cede-sous-les-pressions-baissieres\/16382\/\" target=\"_blank\">L\u2019once continue \u00e0 tenter de r\u00e9sister aux pressions baissi\u00e8res<\/a> qui p\u00e8sent lourdement, cette semaine, sur son \u00e9volution quotidienne, \u00e9loignant progressivement son prix du palier psychologique et technique des<strong> 1 200 <a href='https:\/\/www.gold.fr\/news\/tags\/investissement' class='esk-seo-plu-link'>dollars<\/a><\/strong>, et le rapprochant au m\u00eame rythme du plancher technique des <strong>1 150 <a href='https:\/\/www.gold.fr\/news\/tags\/investissement' class='esk-seo-plu-link'>dollars<\/a><\/strong>. En cause, en l&rsquo;occurrence ; le facteur \u2018<em>poids-lourd<\/em>&lsquo; de la hausse de la devise am\u00e9ricaine.<\/span>    <span style=\"font-size: small;\"> Et l&rsquo;<a href='https:\/\/www.gold.fr\/news\/tags\/or' class='esk-seo-plu-link'>or<\/a> n&rsquo;est pas le seul \u00e0 lutter contre les courants baissiers de cette fin d&rsquo;ann\u00e9e ; la monnaie unique connait \u00e9galement des difficult\u00e9s consid\u00e9rables \u00e0 regagner sa place dans la course traditionnelle contre ses principaux concurrents (notamment le dollar et le yen). La valeur de l&rsquo;euro serait, selon les experts, actuellement \u00ab<em> min\u00e9e par la perspective de voire la banque centrale europ\u00e9enne se lancer dans des op\u00e9rations de rachats de produits obligataires souverains, peut-\u00eatre d\u00e8s le 22 janvier prochain<\/em> \u00bb.<\/span>    <span style=\"font-size: small;\"> Rappelons que la valeur de l&rsquo;euro a d\u00e9gringol\u00e9, depuis un an, de plus de <strong>11%<\/strong>, devant son principal rival, le billet vert. Cette chute pourrait bien pousser l&rsquo;institution \u00e0 envisager des mesures de soutien massif \u00e0 l&rsquo;\u00e9conomie de la zone. Si cette sp\u00e9culation\/perspective se concr\u00e9tise, la <strong>BCE<\/strong> h\u00e9riterait automatiquement de la politique mon\u00e9taire ultra accommodante de son homologue am\u00e9ricaine (le fameux programme de \u2018<em>quantative easing<\/em>&lsquo; \u2013 <strong>QE<\/strong>) que cette derni\u00e8re avait arr\u00eat\u00e9e, il y a deux mois, Ce faisant, la banque centrale europ\u00e9enne prendrait le relais de la politique \u00e0 laquelle la <strong>Fed<\/strong> a mis fin en octobre et d\u00e9graderait son bilan, ce qui p\u00e8se sur la valeur relative de l&rsquo;euro.<\/span><\/p>\n<!-- AddThis Advanced Settings generic via filter on the_content --><!-- AddThis Share Buttons generic via filter on the_content -->","protected":false},"excerpt":{"rendered":"<p>L\u2019once continue \u00e0 tenter de r\u00e9sister aux pressions baissi\u00e8res qui p\u00e8sent lourdement, cette semaine, sur son \u00e9volution quotidienne, \u00e9loignant progressivement son prix du palier psychologique et technique des 1 200 dollars, et le rapprochant au m\u00eame [&hellip;]<\/p>\n","protected":false},"author":18,"featured_media":7205,"comment_status":"open","ping_status":"open","sticky":false,"template":"","format":"standard","meta":{"_mbp_gutenberg_autopost":false,"_pgmb_is_evergreen":false,"_pgmb_ap_template_id":0,"footnotes":""},"categories":[6],"tags":[143,102,103,144,1114,76,962],"ppma_author":[2565],"class_list":["post-16389","post","type-post","status-publish","format-standard","has-post-thumbnail","hentry","category-articles-de-presse","tag-bce","tag-dollar","tag-euro","tag-fed","tag-marche-or","tag-or","tag-prix-or"],"yoast_head":"<!-- This site is optimized with the Yoast SEO plugin v27.5 - https:\/\/yoast.com\/product\/yoast-seo-wordpress\/ -->\n<title>La reprise du dollar plombe le march\u00e9 de l\u2019or - Gold.fr<\/title>\n<meta name=\"robots\" content=\"index, follow, max-snippet:-1, max-image-preview:large, max-video-preview:-1\" \/>\n<link rel=\"canonical\" href=\"https:\/\/www.gold.fr\/news\/2014\/12\/24\/la-reprise-du-dollar-plombe-le-marche-de-lor\/\" \/>\n<meta property=\"og:locale\" content=\"fr_FR\" \/>\n<meta property=\"og:type\" content=\"article\" \/>\n<meta property=\"og:title\" content=\"La reprise du dollar plombe le march\u00e9 de l\u2019or - Gold.fr\" \/>\n<meta property=\"og:description\" content=\"L\u2019once continue \u00e0 tenter de r\u00e9sister aux pressions baissi\u00e8res qui p\u00e8sent lourdement, cette semaine, sur son \u00e9volution quotidienne, \u00e9loignant progressivement son prix du palier psychologique et technique des 1 200 dollars, et le rapprochant au m\u00eame [&hellip;]\" \/>\n<meta property=\"og:url\" content=\"https:\/\/www.gold.fr\/news\/2014\/12\/24\/la-reprise-du-dollar-plombe-le-marche-de-lor\/\" \/>\n<meta property=\"og:site_name\" content=\"Gold.fr\" \/>\n<meta property=\"article:publisher\" content=\"https:\/\/www.facebook.com\/Goldfr\/\" \/>\n<meta property=\"article:published_time\" content=\"2014-12-24T16:00:36+00:00\" \/>\n<meta property=\"article:modified_time\" content=\"2018-02-22T13:35:29+00:00\" \/>\n<meta property=\"og:image\" content=\"https:\/\/www.gold.fr\/news\/wp-content\/uploads\/2012\/04\/Achat-Or.jpg\" \/>\n\t<meta property=\"og:image:width\" content=\"600\" \/>\n\t<meta property=\"og:image:height\" content=\"447\" \/>\n\t<meta property=\"og:image:type\" content=\"image\/jpeg\" \/>\n<meta name=\"author\" content=\"Comptoir National de l&#039;Or\" \/>\n<meta name=\"twitter:card\" content=\"summary_large_image\" \/>\n<meta name=\"twitter:label1\" content=\"\u00c9crit par\" \/>\n\t<meta name=\"twitter:data1\" content=\"Comptoir National de l&#039;Or\" \/>\n\t<meta name=\"twitter:label2\" content=\"Dur\u00e9e de lecture estim\u00e9e\" \/>\n\t<meta name=\"twitter:data2\" content=\"1 minute\" \/>\n<script type=\"application\/ld+json\" class=\"yoast-schema-graph\">{\"@context\":\"https:\\\/\\\/schema.org\",\"@graph\":[{\"@type\":\"Article\",\"@id\":\"https:\\\/\\\/www.gold.fr\\\/news\\\/2014\\\/12\\\/24\\\/la-reprise-du-dollar-plombe-le-marche-de-lor\\\/#article\",\"isPartOf\":{\"@id\":\"https:\\\/\\\/www.gold.fr\\\/news\\\/2014\\\/12\\\/24\\\/la-reprise-du-dollar-plombe-le-marche-de-lor\\\/\"},\"author\":{\"name\":\"Comptoir National de l'Or\",\"@id\":\"https:\\\/\\\/www.gold.fr\\\/news\\\/#\\\/schema\\\/person\\\/070491b4b4fb7671bf59b3be20302ce9\"},\"headline\":\"La reprise du dollar plombe le march\u00e9 de l\u2019or\",\"datePublished\":\"2014-12-24T16:00:36+00:00\",\"dateModified\":\"2018-02-22T13:35:29+00:00\",\"mainEntityOfPage\":{\"@id\":\"https:\\\/\\\/www.gold.fr\\\/news\\\/2014\\\/12\\\/24\\\/la-reprise-du-dollar-plombe-le-marche-de-lor\\\/\"},\"wordCount\":280,\"commentCount\":0,\"image\":{\"@id\":\"https:\\\/\\\/www.gold.fr\\\/news\\\/2014\\\/12\\\/24\\\/la-reprise-du-dollar-plombe-le-marche-de-lor\\\/#primaryimage\"},\"thumbnailUrl\":\"https:\\\/\\\/www.gold.fr\\\/news\\\/wp-content\\\/uploads\\\/2012\\\/04\\\/Achat-Or.jpg\",\"keywords\":[\"bce\",\"dollar\",\"euro\",\"fed\",\"march\u00e9 or\",\"Or\",\"prix or\"],\"articleSection\":[\"Articles de presse\"],\"inLanguage\":\"fr-FR\"},{\"@type\":\"WebPage\",\"@id\":\"https:\\\/\\\/www.gold.fr\\\/news\\\/2014\\\/12\\\/24\\\/la-reprise-du-dollar-plombe-le-marche-de-lor\\\/\",\"url\":\"https:\\\/\\\/www.gold.fr\\\/news\\\/2014\\\/12\\\/24\\\/la-reprise-du-dollar-plombe-le-marche-de-lor\\\/\",\"name\":\"La reprise du dollar plombe le march\u00e9 de l\u2019or - Gold.fr\",\"isPartOf\":{\"@id\":\"https:\\\/\\\/www.gold.fr\\\/news\\\/#website\"},\"primaryImageOfPage\":{\"@id\":\"https:\\\/\\\/www.gold.fr\\\/news\\\/2014\\\/12\\\/24\\\/la-reprise-du-dollar-plombe-le-marche-de-lor\\\/#primaryimage\"},\"image\":{\"@id\":\"https:\\\/\\\/www.gold.fr\\\/news\\\/2014\\\/12\\\/24\\\/la-reprise-du-dollar-plombe-le-marche-de-lor\\\/#primaryimage\"},\"thumbnailUrl\":\"https:\\\/\\\/www.gold.fr\\\/news\\\/wp-content\\\/uploads\\\/2012\\\/04\\\/Achat-Or.jpg\",\"datePublished\":\"2014-12-24T16:00:36+00:00\",\"dateModified\":\"2018-02-22T13:35:29+00:00\",\"author\":{\"@id\":\"https:\\\/\\\/www.gold.fr\\\/news\\\/#\\\/schema\\\/person\\\/070491b4b4fb7671bf59b3be20302ce9\"},\"breadcrumb\":{\"@id\":\"https:\\\/\\\/www.gold.fr\\\/news\\\/2014\\\/12\\\/24\\\/la-reprise-du-dollar-plombe-le-marche-de-lor\\\/#breadcrumb\"},\"inLanguage\":\"fr-FR\",\"potentialAction\":[{\"@type\":\"ReadAction\",\"target\":[\"https:\\\/\\\/www.gold.fr\\\/news\\\/2014\\\/12\\\/24\\\/la-reprise-du-dollar-plombe-le-marche-de-lor\\\/\"]}]},{\"@type\":\"ImageObject\",\"inLanguage\":\"fr-FR\",\"@id\":\"https:\\\/\\\/www.gold.fr\\\/news\\\/2014\\\/12\\\/24\\\/la-reprise-du-dollar-plombe-le-marche-de-lor\\\/#primaryimage\",\"url\":\"https:\\\/\\\/www.gold.fr\\\/news\\\/wp-content\\\/uploads\\\/2012\\\/04\\\/Achat-Or.jpg\",\"contentUrl\":\"https:\\\/\\\/www.gold.fr\\\/news\\\/wp-content\\\/uploads\\\/2012\\\/04\\\/Achat-Or.jpg\",\"width\":\"600\",\"height\":\"447\",\"caption\":\"L\u2019or en qu\u00eate d\u2019un catalyseur solide\"},{\"@type\":\"BreadcrumbList\",\"@id\":\"https:\\\/\\\/www.gold.fr\\\/news\\\/2014\\\/12\\\/24\\\/la-reprise-du-dollar-plombe-le-marche-de-lor\\\/#breadcrumb\",\"itemListElement\":[{\"@type\":\"ListItem\",\"position\":1,\"name\":\"Accueil\",\"item\":\"https:\\\/\\\/www.gold.fr\\\/\"},{\"@type\":\"ListItem\",\"position\":2,\"name\":\"Actualit\u00e9s\",\"item\":\"https:\\\/\\\/www.gold.fr\\\/news\\\/\"},{\"@type\":\"ListItem\",\"position\":3,\"name\":\"La reprise du dollar plombe le march\u00e9 de l\u2019or\"}]},{\"@type\":\"WebSite\",\"@id\":\"https:\\\/\\\/www.gold.fr\\\/news\\\/#website\",\"url\":\"https:\\\/\\\/www.gold.fr\\\/news\\\/\",\"name\":\"Gold.fr\",\"description\":\"Actualit\u00e9s de l&#039;Or et des m\u00e9taux pr\u00e9cieux\",\"potentialAction\":[{\"@type\":\"SearchAction\",\"target\":{\"@type\":\"EntryPoint\",\"urlTemplate\":\"https:\\\/\\\/www.gold.fr\\\/news\\\/?s={search_term_string}\"},\"query-input\":{\"@type\":\"PropertyValueSpecification\",\"valueRequired\":true,\"valueName\":\"search_term_string\"}}],\"inLanguage\":\"fr-FR\"},{\"@type\":\"Person\",\"@id\":\"https:\\\/\\\/www.gold.fr\\\/news\\\/#\\\/schema\\\/person\\\/070491b4b4fb7671bf59b3be20302ce9\",\"name\":\"Comptoir National de l'Or\",\"image\":{\"@type\":\"ImageObject\",\"inLanguage\":\"fr-FR\",\"@id\":\"https:\\\/\\\/secure.gravatar.com\\\/avatar\\\/0a2867fd5abe37bed95d5a65e9d58f01756e11efc68af9888dfc50cfa7f65948?s=96&d=mm&r=gb490554db0a38188709de567aa58480d\",\"url\":\"https:\\\/\\\/secure.gravatar.com\\\/avatar\\\/0a2867fd5abe37bed95d5a65e9d58f01756e11efc68af9888dfc50cfa7f65948?s=96&d=mm&r=g\",\"contentUrl\":\"https:\\\/\\\/secure.gravatar.com\\\/avatar\\\/0a2867fd5abe37bed95d5a65e9d58f01756e11efc68af9888dfc50cfa7f65948?s=96&d=mm&r=g\",\"caption\":\"Comptoir National de l'Or\"},\"description\":\"Notre r\u00e9daction est constitu\u00e9e de membres experts dans les m\u00e9tiers de l'\u00e9conomie et la gestion, des Responsables d'agence Comptoir National de l'Or, des analystes financiers qui publient r\u00e9guli\u00e8rement des \u00e9tudes sur les politiques des banques centrales, le cours de l'or, prix de l'or, cours de l'argent, prix de l'argent, cours du platine, cours du palladium,... la situation en zone euro et l'impact de la strat\u00e9gie mon\u00e9taire de la FED. Notre \u00e9quipe scrute \u00e9galement une information plus g\u00e9n\u00e9raliste \u00e0 la recherche d'actualit\u00e9 \\\"p\u00e9pite\\\" \u00e0 vous partager. Depuis 5 ans, nous avons publi\u00e9 un peu plus de 4000 articles qui s'adressent \u00e0 un public large et vari\u00e9 ayant pour objectif de satisfaire votre curiosit\u00e9 et de partager avec vous une certaine fascination pour le m\u00e9tal jaune, le rachat d'or, et pour ceux qui veulent investir dans l'or, vendre leur or tout simplement en savoir plus... Pour tous vos achat or et argent, n'h\u00e9sitez pas \u00e0 prendre rendez-vous dans l'un de nos nombreux comptoirs.\",\"sameAs\":[\"https:\\\/\\\/www.gold.fr\"]}]}<\/script>\n<!-- \/ Yoast SEO plugin. -->","yoast_head_json":{"title":"La reprise du dollar plombe le march\u00e9 de l\u2019or - Gold.fr","robots":{"index":"index","follow":"follow","max-snippet":"max-snippet:-1","max-image-preview":"max-image-preview:large","max-video-preview":"max-video-preview:-1"},"canonical":"https:\/\/www.gold.fr\/news\/2014\/12\/24\/la-reprise-du-dollar-plombe-le-marche-de-lor\/","og_locale":"fr_FR","og_type":"article","og_title":"La reprise du dollar plombe le march\u00e9 de l\u2019or - Gold.fr","og_description":"L\u2019once continue \u00e0 tenter de r\u00e9sister aux pressions baissi\u00e8res qui p\u00e8sent lourdement, cette semaine, sur son \u00e9volution quotidienne, \u00e9loignant progressivement son prix du palier psychologique et technique des 1 200 dollars, et le rapprochant au m\u00eame [&hellip;]","og_url":"https:\/\/www.gold.fr\/news\/2014\/12\/24\/la-reprise-du-dollar-plombe-le-marche-de-lor\/","og_site_name":"Gold.fr","article_publisher":"https:\/\/www.facebook.com\/Goldfr\/","article_published_time":"2014-12-24T16:00:36+00:00","article_modified_time":"2018-02-22T13:35:29+00:00","og_image":[{"width":600,"height":447,"url":"https:\/\/www.gold.fr\/news\/wp-content\/uploads\/2012\/04\/Achat-Or.jpg","type":"image\/jpeg"}],"author":"Comptoir National de l'Or","twitter_card":"summary_large_image","twitter_misc":{"\u00c9crit par":"Comptoir National de l'Or","Dur\u00e9e de lecture estim\u00e9e":"1 minute"},"schema":{"@context":"https:\/\/schema.org","@graph":[{"@type":"Article","@id":"https:\/\/www.gold.fr\/news\/2014\/12\/24\/la-reprise-du-dollar-plombe-le-marche-de-lor\/#article","isPartOf":{"@id":"https:\/\/www.gold.fr\/news\/2014\/12\/24\/la-reprise-du-dollar-plombe-le-marche-de-lor\/"},"author":{"name":"Comptoir National de l'Or","@id":"https:\/\/www.gold.fr\/news\/#\/schema\/person\/070491b4b4fb7671bf59b3be20302ce9"},"headline":"La reprise du dollar plombe le march\u00e9 de l\u2019or","datePublished":"2014-12-24T16:00:36+00:00","dateModified":"2018-02-22T13:35:29+00:00","mainEntityOfPage":{"@id":"https:\/\/www.gold.fr\/news\/2014\/12\/24\/la-reprise-du-dollar-plombe-le-marche-de-lor\/"},"wordCount":280,"commentCount":0,"image":{"@id":"https:\/\/www.gold.fr\/news\/2014\/12\/24\/la-reprise-du-dollar-plombe-le-marche-de-lor\/#primaryimage"},"thumbnailUrl":"https:\/\/www.gold.fr\/news\/wp-content\/uploads\/2012\/04\/Achat-Or.jpg","keywords":["bce","dollar","euro","fed","march\u00e9 or","Or","prix or"],"articleSection":["Articles de presse"],"inLanguage":"fr-FR"},{"@type":"WebPage","@id":"https:\/\/www.gold.fr\/news\/2014\/12\/24\/la-reprise-du-dollar-plombe-le-marche-de-lor\/","url":"https:\/\/www.gold.fr\/news\/2014\/12\/24\/la-reprise-du-dollar-plombe-le-marche-de-lor\/","name":"La reprise du dollar plombe le march\u00e9 de l\u2019or - Gold.fr","isPartOf":{"@id":"https:\/\/www.gold.fr\/news\/#website"},"primaryImageOfPage":{"@id":"https:\/\/www.gold.fr\/news\/2014\/12\/24\/la-reprise-du-dollar-plombe-le-marche-de-lor\/#primaryimage"},"image":{"@id":"https:\/\/www.gold.fr\/news\/2014\/12\/24\/la-reprise-du-dollar-plombe-le-marche-de-lor\/#primaryimage"},"thumbnailUrl":"https:\/\/www.gold.fr\/news\/wp-content\/uploads\/2012\/04\/Achat-Or.jpg","datePublished":"2014-12-24T16:00:36+00:00","dateModified":"2018-02-22T13:35:29+00:00","author":{"@id":"https:\/\/www.gold.fr\/news\/#\/schema\/person\/070491b4b4fb7671bf59b3be20302ce9"},"breadcrumb":{"@id":"https:\/\/www.gold.fr\/news\/2014\/12\/24\/la-reprise-du-dollar-plombe-le-marche-de-lor\/#breadcrumb"},"inLanguage":"fr-FR","potentialAction":[{"@type":"ReadAction","target":["https:\/\/www.gold.fr\/news\/2014\/12\/24\/la-reprise-du-dollar-plombe-le-marche-de-lor\/"]}]},{"@type":"ImageObject","inLanguage":"fr-FR","@id":"https:\/\/www.gold.fr\/news\/2014\/12\/24\/la-reprise-du-dollar-plombe-le-marche-de-lor\/#primaryimage","url":"https:\/\/www.gold.fr\/news\/wp-content\/uploads\/2012\/04\/Achat-Or.jpg","contentUrl":"https:\/\/www.gold.fr\/news\/wp-content\/uploads\/2012\/04\/Achat-Or.jpg","width":"600","height":"447","caption":"L\u2019or en qu\u00eate d\u2019un catalyseur solide"},{"@type":"BreadcrumbList","@id":"https:\/\/www.gold.fr\/news\/2014\/12\/24\/la-reprise-du-dollar-plombe-le-marche-de-lor\/#breadcrumb","itemListElement":[{"@type":"ListItem","position":1,"name":"Accueil","item":"https:\/\/www.gold.fr\/"},{"@type":"ListItem","position":2,"name":"Actualit\u00e9s","item":"https:\/\/www.gold.fr\/news\/"},{"@type":"ListItem","position":3,"name":"La reprise du dollar plombe le march\u00e9 de l\u2019or"}]},{"@type":"WebSite","@id":"https:\/\/www.gold.fr\/news\/#website","url":"https:\/\/www.gold.fr\/news\/","name":"Gold.fr","description":"Actualit\u00e9s de l&#039;Or et des m\u00e9taux pr\u00e9cieux","potentialAction":[{"@type":"SearchAction","target":{"@type":"EntryPoint","urlTemplate":"https:\/\/www.gold.fr\/news\/?s={search_term_string}"},"query-input":{"@type":"PropertyValueSpecification","valueRequired":true,"valueName":"search_term_string"}}],"inLanguage":"fr-FR"},{"@type":"Person","@id":"https:\/\/www.gold.fr\/news\/#\/schema\/person\/070491b4b4fb7671bf59b3be20302ce9","name":"Comptoir National de l'Or","image":{"@type":"ImageObject","inLanguage":"fr-FR","@id":"https:\/\/secure.gravatar.com\/avatar\/0a2867fd5abe37bed95d5a65e9d58f01756e11efc68af9888dfc50cfa7f65948?s=96&d=mm&r=gb490554db0a38188709de567aa58480d","url":"https:\/\/secure.gravatar.com\/avatar\/0a2867fd5abe37bed95d5a65e9d58f01756e11efc68af9888dfc50cfa7f65948?s=96&d=mm&r=g","contentUrl":"https:\/\/secure.gravatar.com\/avatar\/0a2867fd5abe37bed95d5a65e9d58f01756e11efc68af9888dfc50cfa7f65948?s=96&d=mm&r=g","caption":"Comptoir National de l'Or"},"description":"Notre r\u00e9daction est constitu\u00e9e de membres experts dans les m\u00e9tiers de l'\u00e9conomie et la gestion, des Responsables d'agence Comptoir National de l'Or, des analystes financiers qui publient r\u00e9guli\u00e8rement des \u00e9tudes sur les politiques des banques centrales, le cours de l'or, prix de l'or, cours de l'argent, prix de l'argent, cours du platine, cours du palladium,... la situation en zone euro et l'impact de la strat\u00e9gie mon\u00e9taire de la FED. Notre \u00e9quipe scrute \u00e9galement une information plus g\u00e9n\u00e9raliste \u00e0 la recherche d'actualit\u00e9 \"p\u00e9pite\" \u00e0 vous partager. Depuis 5 ans, nous avons publi\u00e9 un peu plus de 4000 articles qui s'adressent \u00e0 un public large et vari\u00e9 ayant pour objectif de satisfaire votre curiosit\u00e9 et de partager avec vous une certaine fascination pour le m\u00e9tal jaune, le rachat d'or, et pour ceux qui veulent investir dans l'or, vendre leur or tout simplement en savoir plus... Pour tous vos achat or et argent, n'h\u00e9sitez pas \u00e0 prendre rendez-vous dans l'un de nos nombreux comptoirs.","sameAs":["https:\/\/www.gold.fr"]}]}},"authors":[{"term_id":2565,"user_id":18,"is_guest":0,"slug":"julie","display_name":"Comptoir National de l'Or","avatar_url":"https:\/\/secure.gravatar.com\/avatar\/713f289e398d35ead876c4a4cc08607f0d6d266058cfc25683fffb6092d0e572?s=96&d=mm&r=g","0":null,"1":"","2":"","3":"","4":"","5":"","6":"","7":"","8":""}],"_links":{"self":[{"href":"https:\/\/www.gold.fr\/news\/wp-json\/wp\/v2\/posts\/16389","targetHints":{"allow":["GET"]}}],"collection":[{"href":"https:\/\/www.gold.fr\/news\/wp-json\/wp\/v2\/posts"}],"about":[{"href":"https:\/\/www.gold.fr\/news\/wp-json\/wp\/v2\/types\/post"}],"author":[{"embeddable":true,"href":"https:\/\/www.gold.fr\/news\/wp-json\/wp\/v2\/users\/18"}],"replies":[{"embeddable":true,"href":"https:\/\/www.gold.fr\/news\/wp-json\/wp\/v2\/comments?post=16389"}],"version-history":[{"count":0,"href":"https:\/\/www.gold.fr\/news\/wp-json\/wp\/v2\/posts\/16389\/revisions"}],"wp:featuredmedia":[{"embeddable":true,"href":"https:\/\/www.gold.fr\/news\/wp-json\/wp\/v2\/media\/7205"}],"wp:attachment":[{"href":"https:\/\/www.gold.fr\/news\/wp-json\/wp\/v2\/media?parent=16389"}],"wp:term":[{"taxonomy":"category","embeddable":true,"href":"https:\/\/www.gold.fr\/news\/wp-json\/wp\/v2\/categories?post=16389"},{"taxonomy":"post_tag","embeddable":true,"href":"https:\/\/www.gold.fr\/news\/wp-json\/wp\/v2\/tags?post=16389"},{"taxonomy":"author","embeddable":true,"href":"https:\/\/www.gold.fr\/news\/wp-json\/wp\/v2\/ppma_author?post=16389"}],"curies":[{"name":"wp","href":"https:\/\/api.w.org\/{rel}","templated":true}]}}