{"id":16298,"date":"2014-12-12T17:00:28","date_gmt":"2014-12-12T16:00:28","guid":{"rendered":"https:\/\/www.gold.fr\/news\/?p=16298"},"modified":"2018-02-22T14:35:46","modified_gmt":"2018-02-22T13:35:46","slug":"lonce-termine-la-semaine-en-nette-hausse","status":"publish","type":"post","link":"https:\/\/www.gold.fr\/news\/2014\/12\/12\/lonce-termine-la-semaine-en-nette-hausse\/","title":{"rendered":"L\u2019once termine la semaine en nette hausse"},"content":{"rendered":"<p><img loading=\"lazy\" decoding=\"async\" class=\"alignleft size-thumbnail wp-image-10169\" title=\"L\u2019once termine la semaine en nette hausse\" src=\"https:\/\/www.gold.fr\/news\/wp-content\/uploads\/2011\/03\/record-cours-or-150x150.jpg\" alt=\"\" width=\"150\" height=\"150\" \/><span style=\"font-size: small;\">La semaine aura \u00e9t\u00e9 globalement haussi\u00e8re, en d\u00e9pit d&rsquo;une stagnation passag\u00e8re enregistr\u00e9e <a title=\"L\u2019or tire son \u00e9pingle du jeu\" href=\"https:\/\/www.gold.fr\/news\/2014\/12\/10\/lor-tire-son-epingle-du-jeu\/16276\/\" target=\"_blank\">durant la s\u00e9ance de mercredi<\/a>. L&rsquo;once aura marqu\u00e9, cette semaine, sa premi\u00e8re s\u00e9rie de s\u00e9ances cons\u00e9cutives dans le vert, se hissant, dans la foul\u00e9e, vers un plus haut bi-mensuel.<\/span>    <span style=\"font-size: small;\"> Apr\u00e8s une s\u00e9ance relativement calme, jeudi, <a title=\"L\u2019once \u00e0 un plus haut bi-mensuel\" href=\"https:\/\/www.gold.fr\/news\/2014\/12\/11\/lonce-a-un-plus-haut-bi-mensuel\/16289\/\" target=\"_blank\">le cours reprend<\/a>, au terme de cette semaine, une vigueur haussi\u00e8re qui lui permet d&rsquo;ailleurs de cl\u00f4turer au plus pr\u00e8s des <strong>1 230 <a href='https:\/\/www.gold.fr\/news\/tags\/investissement' class='esk-seo-plu-link'>dollars<\/a><\/strong> <a title=\"Prix de l'Once d'or\" href=\"https:\/\/www.gold.fr\/once-en\/\" target=\"_blank\">l\u2019once<\/a>, boost\u00e9 par une conjoncture \u00e9conomique et politique mondiale au bord de la crise. Entre les \u00e9lections grecques qui menacent de plonger le pays dans le chaos, la note \u00e9conomique italienne qui a \u00e9t\u00e9 revue \u00e0 la baisse, les indicateurs am\u00e9ricains en forte stagnation, une production allemande d\u00e9cevante, et le Japon qui retombe en pleine r\u00e9cession, tous les facteurs \u00e9taient align\u00e9s pour redorer consid\u00e9rablement le blason terni de la <a href='https:\/\/www.gold.fr\/news\/tags\/investissement' class='esk-seo-plu-link'>valeur refuge<\/a> aurif\u00e8re.<\/span>    <span style=\"font-size: small;\"> Sans oublier le billet vert qui a c\u00e9d\u00e9 du terrain, cette semaine, s&rsquo;\u00e9loignant temporairement des records historiques qu&rsquo;il avait enregistr\u00e9s, tout au long des deux derniers mois. D&rsquo;ailleurs, les experts rappellent que \u00ab<em> les ventes de Thanksgiving ont \u00e9t\u00e9 d\u00e9cevantes parce que les soldes avaient d\u00e9but\u00e9 une semaine avant, globalement, la consommation reste bien orient\u00e9e et progresse de <strong>+5,3%<\/strong> sur les 12 derniers mois \u00e9coul\u00e9s&#8230; ce qui s&rsquo;av\u00e8re tr\u00e8s sup\u00e9rieur \u00e0 la hausse des salaires dans l&rsquo;intervalle (<strong>+1,4%<\/strong>)<\/em> \u00bb.<\/span>    <span style=\"font-size: small;\"> Il faudra guetter, la semaine prochaine, les conclusions de la r\u00e9union traditionnelle du <strong>FOMC<\/strong> de la r\u00e9serve f\u00e9d\u00e9rale am\u00e9ricaine, pr\u00e9vue pour les <strong>16 et 17 d\u00e9cembre 2014<\/strong>.<\/span><\/p>\n<!-- AddThis Advanced Settings generic via filter on the_content --><!-- AddThis Share Buttons generic via filter on the_content -->","protected":false},"excerpt":{"rendered":"<p>La semaine aura \u00e9t\u00e9 globalement haussi\u00e8re, en d\u00e9pit d&rsquo;une stagnation passag\u00e8re enregistr\u00e9e durant la s\u00e9ance de mercredi. L&rsquo;once aura marqu\u00e9, cette semaine, sa premi\u00e8re s\u00e9rie de s\u00e9ances cons\u00e9cutives dans le vert, se hissant, dans la foul\u00e9e, [&hellip;]<\/p>\n","protected":false},"author":18,"featured_media":10169,"comment_status":"open","ping_status":"open","sticky":false,"template":"","format":"standard","meta":{"_mbp_gutenberg_autopost":false,"_pgmb_is_evergreen":false,"_pgmb_ap_template_id":0,"footnotes":""},"categories":[6],"tags":[111,1034,1045,631,1268,234],"ppma_author":[2565],"class_list":["post-16298","post","type-post","status-publish","format-standard","has-post-thumbnail","hentry","category-articles-de-presse","tag-allemagne","tag-fomc","tag-hausse-or","tag-japon","tag-prix-once","tag-valeur-refuge"],"yoast_head":"<!-- This site is optimized with the Yoast SEO plugin v27.5 - https:\/\/yoast.com\/product\/yoast-seo-wordpress\/ -->\n<title>L\u2019once termine la semaine en nette hausse - Gold.fr<\/title>\n<meta name=\"robots\" content=\"index, follow, max-snippet:-1, max-image-preview:large, max-video-preview:-1\" \/>\n<link rel=\"canonical\" href=\"https:\/\/www.gold.fr\/news\/2014\/12\/12\/lonce-termine-la-semaine-en-nette-hausse\/\" \/>\n<meta property=\"og:locale\" content=\"fr_FR\" \/>\n<meta property=\"og:type\" content=\"article\" \/>\n<meta property=\"og:title\" content=\"L\u2019once termine la semaine en nette hausse - Gold.fr\" \/>\n<meta property=\"og:description\" content=\"La semaine aura \u00e9t\u00e9 globalement haussi\u00e8re, en d\u00e9pit d&rsquo;une stagnation passag\u00e8re enregistr\u00e9e durant la s\u00e9ance de mercredi. L&rsquo;once aura marqu\u00e9, cette semaine, sa premi\u00e8re s\u00e9rie de s\u00e9ances cons\u00e9cutives dans le vert, se hissant, dans la foul\u00e9e, [&hellip;]\" \/>\n<meta property=\"og:url\" content=\"https:\/\/www.gold.fr\/news\/2014\/12\/12\/lonce-termine-la-semaine-en-nette-hausse\/\" \/>\n<meta property=\"og:site_name\" content=\"Gold.fr\" \/>\n<meta property=\"article:publisher\" content=\"https:\/\/www.facebook.com\/Goldfr\/\" \/>\n<meta property=\"article:published_time\" content=\"2014-12-12T16:00:28+00:00\" \/>\n<meta property=\"article:modified_time\" content=\"2018-02-22T13:35:46+00:00\" \/>\n<meta property=\"og:image\" content=\"https:\/\/www.gold.fr\/news\/wp-content\/uploads\/2011\/03\/record-cours-or.jpg\" \/>\n\t<meta property=\"og:image:width\" content=\"600\" \/>\n\t<meta property=\"og:image:height\" content=\"400\" \/>\n\t<meta property=\"og:image:type\" content=\"image\/jpeg\" \/>\n<meta name=\"author\" content=\"Comptoir National de l&#039;Or\" \/>\n<meta name=\"twitter:card\" content=\"summary_large_image\" \/>\n<meta name=\"twitter:label1\" content=\"\u00c9crit par\" \/>\n\t<meta name=\"twitter:data1\" content=\"Comptoir National de l&#039;Or\" \/>\n\t<meta name=\"twitter:label2\" content=\"Dur\u00e9e de lecture estim\u00e9e\" \/>\n\t<meta name=\"twitter:data2\" content=\"1 minute\" \/>\n<script type=\"application\/ld+json\" class=\"yoast-schema-graph\">{\"@context\":\"https:\\\/\\\/schema.org\",\"@graph\":[{\"@type\":\"Article\",\"@id\":\"https:\\\/\\\/www.gold.fr\\\/news\\\/2014\\\/12\\\/12\\\/lonce-termine-la-semaine-en-nette-hausse\\\/#article\",\"isPartOf\":{\"@id\":\"https:\\\/\\\/www.gold.fr\\\/news\\\/2014\\\/12\\\/12\\\/lonce-termine-la-semaine-en-nette-hausse\\\/\"},\"author\":{\"name\":\"Comptoir National de l'Or\",\"@id\":\"https:\\\/\\\/www.gold.fr\\\/news\\\/#\\\/schema\\\/person\\\/070491b4b4fb7671bf59b3be20302ce9\"},\"headline\":\"L\u2019once termine la semaine en nette hausse\",\"datePublished\":\"2014-12-12T16:00:28+00:00\",\"dateModified\":\"2018-02-22T13:35:46+00:00\",\"mainEntityOfPage\":{\"@id\":\"https:\\\/\\\/www.gold.fr\\\/news\\\/2014\\\/12\\\/12\\\/lonce-termine-la-semaine-en-nette-hausse\\\/\"},\"wordCount\":291,\"commentCount\":0,\"image\":{\"@id\":\"https:\\\/\\\/www.gold.fr\\\/news\\\/2014\\\/12\\\/12\\\/lonce-termine-la-semaine-en-nette-hausse\\\/#primaryimage\"},\"thumbnailUrl\":\"https:\\\/\\\/www.gold.fr\\\/news\\\/wp-content\\\/uploads\\\/2011\\\/03\\\/record-cours-or.jpg\",\"keywords\":[\"Allemagne\",\"FOMC\",\"hausse or\",\"Japon\",\"prix once\",\"Valeur refuge\"],\"articleSection\":[\"Articles de presse\"],\"inLanguage\":\"fr-FR\"},{\"@type\":\"WebPage\",\"@id\":\"https:\\\/\\\/www.gold.fr\\\/news\\\/2014\\\/12\\\/12\\\/lonce-termine-la-semaine-en-nette-hausse\\\/\",\"url\":\"https:\\\/\\\/www.gold.fr\\\/news\\\/2014\\\/12\\\/12\\\/lonce-termine-la-semaine-en-nette-hausse\\\/\",\"name\":\"L\u2019once termine la semaine en nette hausse - Gold.fr\",\"isPartOf\":{\"@id\":\"https:\\\/\\\/www.gold.fr\\\/news\\\/#website\"},\"primaryImageOfPage\":{\"@id\":\"https:\\\/\\\/www.gold.fr\\\/news\\\/2014\\\/12\\\/12\\\/lonce-termine-la-semaine-en-nette-hausse\\\/#primaryimage\"},\"image\":{\"@id\":\"https:\\\/\\\/www.gold.fr\\\/news\\\/2014\\\/12\\\/12\\\/lonce-termine-la-semaine-en-nette-hausse\\\/#primaryimage\"},\"thumbnailUrl\":\"https:\\\/\\\/www.gold.fr\\\/news\\\/wp-content\\\/uploads\\\/2011\\\/03\\\/record-cours-or.jpg\",\"datePublished\":\"2014-12-12T16:00:28+00:00\",\"dateModified\":\"2018-02-22T13:35:46+00:00\",\"author\":{\"@id\":\"https:\\\/\\\/www.gold.fr\\\/news\\\/#\\\/schema\\\/person\\\/070491b4b4fb7671bf59b3be20302ce9\"},\"breadcrumb\":{\"@id\":\"https:\\\/\\\/www.gold.fr\\\/news\\\/2014\\\/12\\\/12\\\/lonce-termine-la-semaine-en-nette-hausse\\\/#breadcrumb\"},\"inLanguage\":\"fr-FR\",\"potentialAction\":[{\"@type\":\"ReadAction\",\"target\":[\"https:\\\/\\\/www.gold.fr\\\/news\\\/2014\\\/12\\\/12\\\/lonce-termine-la-semaine-en-nette-hausse\\\/\"]}]},{\"@type\":\"ImageObject\",\"inLanguage\":\"fr-FR\",\"@id\":\"https:\\\/\\\/www.gold.fr\\\/news\\\/2014\\\/12\\\/12\\\/lonce-termine-la-semaine-en-nette-hausse\\\/#primaryimage\",\"url\":\"https:\\\/\\\/www.gold.fr\\\/news\\\/wp-content\\\/uploads\\\/2011\\\/03\\\/record-cours-or.jpg\",\"contentUrl\":\"https:\\\/\\\/www.gold.fr\\\/news\\\/wp-content\\\/uploads\\\/2011\\\/03\\\/record-cours-or.jpg\",\"width\":\"600\",\"height\":\"400\",\"caption\":\"Or : Une fin d\u2019ann\u00e9e assez mitig\u00e9e\"},{\"@type\":\"BreadcrumbList\",\"@id\":\"https:\\\/\\\/www.gold.fr\\\/news\\\/2014\\\/12\\\/12\\\/lonce-termine-la-semaine-en-nette-hausse\\\/#breadcrumb\",\"itemListElement\":[{\"@type\":\"ListItem\",\"position\":1,\"name\":\"Accueil\",\"item\":\"https:\\\/\\\/www.gold.fr\\\/\"},{\"@type\":\"ListItem\",\"position\":2,\"name\":\"Actualit\u00e9s\",\"item\":\"https:\\\/\\\/www.gold.fr\\\/news\\\/\"},{\"@type\":\"ListItem\",\"position\":3,\"name\":\"L\u2019once termine la semaine en nette hausse\"}]},{\"@type\":\"WebSite\",\"@id\":\"https:\\\/\\\/www.gold.fr\\\/news\\\/#website\",\"url\":\"https:\\\/\\\/www.gold.fr\\\/news\\\/\",\"name\":\"Gold.fr\",\"description\":\"Actualit\u00e9s de l&#039;Or et des m\u00e9taux pr\u00e9cieux\",\"potentialAction\":[{\"@type\":\"SearchAction\",\"target\":{\"@type\":\"EntryPoint\",\"urlTemplate\":\"https:\\\/\\\/www.gold.fr\\\/news\\\/?s={search_term_string}\"},\"query-input\":{\"@type\":\"PropertyValueSpecification\",\"valueRequired\":true,\"valueName\":\"search_term_string\"}}],\"inLanguage\":\"fr-FR\"},{\"@type\":\"Person\",\"@id\":\"https:\\\/\\\/www.gold.fr\\\/news\\\/#\\\/schema\\\/person\\\/070491b4b4fb7671bf59b3be20302ce9\",\"name\":\"Comptoir National de l'Or\",\"image\":{\"@type\":\"ImageObject\",\"inLanguage\":\"fr-FR\",\"@id\":\"https:\\\/\\\/secure.gravatar.com\\\/avatar\\\/0a2867fd5abe37bed95d5a65e9d58f01756e11efc68af9888dfc50cfa7f65948?s=96&d=mm&r=gb490554db0a38188709de567aa58480d\",\"url\":\"https:\\\/\\\/secure.gravatar.com\\\/avatar\\\/0a2867fd5abe37bed95d5a65e9d58f01756e11efc68af9888dfc50cfa7f65948?s=96&d=mm&r=g\",\"contentUrl\":\"https:\\\/\\\/secure.gravatar.com\\\/avatar\\\/0a2867fd5abe37bed95d5a65e9d58f01756e11efc68af9888dfc50cfa7f65948?s=96&d=mm&r=g\",\"caption\":\"Comptoir National de l'Or\"},\"description\":\"Notre r\u00e9daction est constitu\u00e9e de membres experts dans les m\u00e9tiers de l'\u00e9conomie et la gestion, des Responsables d'agence Comptoir National de l'Or, des analystes financiers qui publient r\u00e9guli\u00e8rement des \u00e9tudes sur les politiques des banques centrales, le cours de l'or, prix de l'or, cours de l'argent, prix de l'argent, cours du platine, cours du palladium,... la situation en zone euro et l'impact de la strat\u00e9gie mon\u00e9taire de la FED. Notre \u00e9quipe scrute \u00e9galement une information plus g\u00e9n\u00e9raliste \u00e0 la recherche d'actualit\u00e9 \\\"p\u00e9pite\\\" \u00e0 vous partager. Depuis 5 ans, nous avons publi\u00e9 un peu plus de 4000 articles qui s'adressent \u00e0 un public large et vari\u00e9 ayant pour objectif de satisfaire votre curiosit\u00e9 et de partager avec vous une certaine fascination pour le m\u00e9tal jaune, le rachat d'or, et pour ceux qui veulent investir dans l'or, vendre leur or tout simplement en savoir plus... Pour tous vos achat or et argent, n'h\u00e9sitez pas \u00e0 prendre rendez-vous dans l'un de nos nombreux comptoirs.\",\"sameAs\":[\"https:\\\/\\\/www.gold.fr\"]}]}<\/script>\n<!-- \/ Yoast SEO plugin. -->","yoast_head_json":{"title":"L\u2019once termine la semaine en nette hausse - Gold.fr","robots":{"index":"index","follow":"follow","max-snippet":"max-snippet:-1","max-image-preview":"max-image-preview:large","max-video-preview":"max-video-preview:-1"},"canonical":"https:\/\/www.gold.fr\/news\/2014\/12\/12\/lonce-termine-la-semaine-en-nette-hausse\/","og_locale":"fr_FR","og_type":"article","og_title":"L\u2019once termine la semaine en nette hausse - Gold.fr","og_description":"La semaine aura \u00e9t\u00e9 globalement haussi\u00e8re, en d\u00e9pit d&rsquo;une stagnation passag\u00e8re enregistr\u00e9e durant la s\u00e9ance de mercredi. L&rsquo;once aura marqu\u00e9, cette semaine, sa premi\u00e8re s\u00e9rie de s\u00e9ances cons\u00e9cutives dans le vert, se hissant, dans la foul\u00e9e, [&hellip;]","og_url":"https:\/\/www.gold.fr\/news\/2014\/12\/12\/lonce-termine-la-semaine-en-nette-hausse\/","og_site_name":"Gold.fr","article_publisher":"https:\/\/www.facebook.com\/Goldfr\/","article_published_time":"2014-12-12T16:00:28+00:00","article_modified_time":"2018-02-22T13:35:46+00:00","og_image":[{"width":600,"height":400,"url":"https:\/\/www.gold.fr\/news\/wp-content\/uploads\/2011\/03\/record-cours-or.jpg","type":"image\/jpeg"}],"author":"Comptoir National de l'Or","twitter_card":"summary_large_image","twitter_misc":{"\u00c9crit par":"Comptoir National de l'Or","Dur\u00e9e de lecture estim\u00e9e":"1 minute"},"schema":{"@context":"https:\/\/schema.org","@graph":[{"@type":"Article","@id":"https:\/\/www.gold.fr\/news\/2014\/12\/12\/lonce-termine-la-semaine-en-nette-hausse\/#article","isPartOf":{"@id":"https:\/\/www.gold.fr\/news\/2014\/12\/12\/lonce-termine-la-semaine-en-nette-hausse\/"},"author":{"name":"Comptoir National de l'Or","@id":"https:\/\/www.gold.fr\/news\/#\/schema\/person\/070491b4b4fb7671bf59b3be20302ce9"},"headline":"L\u2019once termine la semaine en nette hausse","datePublished":"2014-12-12T16:00:28+00:00","dateModified":"2018-02-22T13:35:46+00:00","mainEntityOfPage":{"@id":"https:\/\/www.gold.fr\/news\/2014\/12\/12\/lonce-termine-la-semaine-en-nette-hausse\/"},"wordCount":291,"commentCount":0,"image":{"@id":"https:\/\/www.gold.fr\/news\/2014\/12\/12\/lonce-termine-la-semaine-en-nette-hausse\/#primaryimage"},"thumbnailUrl":"https:\/\/www.gold.fr\/news\/wp-content\/uploads\/2011\/03\/record-cours-or.jpg","keywords":["Allemagne","FOMC","hausse or","Japon","prix once","Valeur refuge"],"articleSection":["Articles de presse"],"inLanguage":"fr-FR"},{"@type":"WebPage","@id":"https:\/\/www.gold.fr\/news\/2014\/12\/12\/lonce-termine-la-semaine-en-nette-hausse\/","url":"https:\/\/www.gold.fr\/news\/2014\/12\/12\/lonce-termine-la-semaine-en-nette-hausse\/","name":"L\u2019once termine la semaine en nette hausse - Gold.fr","isPartOf":{"@id":"https:\/\/www.gold.fr\/news\/#website"},"primaryImageOfPage":{"@id":"https:\/\/www.gold.fr\/news\/2014\/12\/12\/lonce-termine-la-semaine-en-nette-hausse\/#primaryimage"},"image":{"@id":"https:\/\/www.gold.fr\/news\/2014\/12\/12\/lonce-termine-la-semaine-en-nette-hausse\/#primaryimage"},"thumbnailUrl":"https:\/\/www.gold.fr\/news\/wp-content\/uploads\/2011\/03\/record-cours-or.jpg","datePublished":"2014-12-12T16:00:28+00:00","dateModified":"2018-02-22T13:35:46+00:00","author":{"@id":"https:\/\/www.gold.fr\/news\/#\/schema\/person\/070491b4b4fb7671bf59b3be20302ce9"},"breadcrumb":{"@id":"https:\/\/www.gold.fr\/news\/2014\/12\/12\/lonce-termine-la-semaine-en-nette-hausse\/#breadcrumb"},"inLanguage":"fr-FR","potentialAction":[{"@type":"ReadAction","target":["https:\/\/www.gold.fr\/news\/2014\/12\/12\/lonce-termine-la-semaine-en-nette-hausse\/"]}]},{"@type":"ImageObject","inLanguage":"fr-FR","@id":"https:\/\/www.gold.fr\/news\/2014\/12\/12\/lonce-termine-la-semaine-en-nette-hausse\/#primaryimage","url":"https:\/\/www.gold.fr\/news\/wp-content\/uploads\/2011\/03\/record-cours-or.jpg","contentUrl":"https:\/\/www.gold.fr\/news\/wp-content\/uploads\/2011\/03\/record-cours-or.jpg","width":"600","height":"400","caption":"Or : Une fin d\u2019ann\u00e9e assez mitig\u00e9e"},{"@type":"BreadcrumbList","@id":"https:\/\/www.gold.fr\/news\/2014\/12\/12\/lonce-termine-la-semaine-en-nette-hausse\/#breadcrumb","itemListElement":[{"@type":"ListItem","position":1,"name":"Accueil","item":"https:\/\/www.gold.fr\/"},{"@type":"ListItem","position":2,"name":"Actualit\u00e9s","item":"https:\/\/www.gold.fr\/news\/"},{"@type":"ListItem","position":3,"name":"L\u2019once termine la semaine en nette hausse"}]},{"@type":"WebSite","@id":"https:\/\/www.gold.fr\/news\/#website","url":"https:\/\/www.gold.fr\/news\/","name":"Gold.fr","description":"Actualit\u00e9s de l&#039;Or et des m\u00e9taux pr\u00e9cieux","potentialAction":[{"@type":"SearchAction","target":{"@type":"EntryPoint","urlTemplate":"https:\/\/www.gold.fr\/news\/?s={search_term_string}"},"query-input":{"@type":"PropertyValueSpecification","valueRequired":true,"valueName":"search_term_string"}}],"inLanguage":"fr-FR"},{"@type":"Person","@id":"https:\/\/www.gold.fr\/news\/#\/schema\/person\/070491b4b4fb7671bf59b3be20302ce9","name":"Comptoir National de l'Or","image":{"@type":"ImageObject","inLanguage":"fr-FR","@id":"https:\/\/secure.gravatar.com\/avatar\/0a2867fd5abe37bed95d5a65e9d58f01756e11efc68af9888dfc50cfa7f65948?s=96&d=mm&r=gb490554db0a38188709de567aa58480d","url":"https:\/\/secure.gravatar.com\/avatar\/0a2867fd5abe37bed95d5a65e9d58f01756e11efc68af9888dfc50cfa7f65948?s=96&d=mm&r=g","contentUrl":"https:\/\/secure.gravatar.com\/avatar\/0a2867fd5abe37bed95d5a65e9d58f01756e11efc68af9888dfc50cfa7f65948?s=96&d=mm&r=g","caption":"Comptoir National de l'Or"},"description":"Notre r\u00e9daction est constitu\u00e9e de membres experts dans les m\u00e9tiers de l'\u00e9conomie et la gestion, des Responsables d'agence Comptoir National de l'Or, des analystes financiers qui publient r\u00e9guli\u00e8rement des \u00e9tudes sur les politiques des banques centrales, le cours de l'or, prix de l'or, cours de l'argent, prix de l'argent, cours du platine, cours du palladium,... la situation en zone euro et l'impact de la strat\u00e9gie mon\u00e9taire de la FED. Notre \u00e9quipe scrute \u00e9galement une information plus g\u00e9n\u00e9raliste \u00e0 la recherche d'actualit\u00e9 \"p\u00e9pite\" \u00e0 vous partager. Depuis 5 ans, nous avons publi\u00e9 un peu plus de 4000 articles qui s'adressent \u00e0 un public large et vari\u00e9 ayant pour objectif de satisfaire votre curiosit\u00e9 et de partager avec vous une certaine fascination pour le m\u00e9tal jaune, le rachat d'or, et pour ceux qui veulent investir dans l'or, vendre leur or tout simplement en savoir plus... Pour tous vos achat or et argent, n'h\u00e9sitez pas \u00e0 prendre rendez-vous dans l'un de nos nombreux comptoirs.","sameAs":["https:\/\/www.gold.fr"]}]}},"authors":[{"term_id":2565,"user_id":18,"is_guest":0,"slug":"julie","display_name":"Comptoir National de l'Or","avatar_url":"https:\/\/secure.gravatar.com\/avatar\/713f289e398d35ead876c4a4cc08607f0d6d266058cfc25683fffb6092d0e572?s=96&d=mm&r=g","0":null,"1":"","2":"","3":"","4":"","5":"","6":"","7":"","8":""}],"_links":{"self":[{"href":"https:\/\/www.gold.fr\/news\/wp-json\/wp\/v2\/posts\/16298","targetHints":{"allow":["GET"]}}],"collection":[{"href":"https:\/\/www.gold.fr\/news\/wp-json\/wp\/v2\/posts"}],"about":[{"href":"https:\/\/www.gold.fr\/news\/wp-json\/wp\/v2\/types\/post"}],"author":[{"embeddable":true,"href":"https:\/\/www.gold.fr\/news\/wp-json\/wp\/v2\/users\/18"}],"replies":[{"embeddable":true,"href":"https:\/\/www.gold.fr\/news\/wp-json\/wp\/v2\/comments?post=16298"}],"version-history":[{"count":0,"href":"https:\/\/www.gold.fr\/news\/wp-json\/wp\/v2\/posts\/16298\/revisions"}],"wp:featuredmedia":[{"embeddable":true,"href":"https:\/\/www.gold.fr\/news\/wp-json\/wp\/v2\/media\/10169"}],"wp:attachment":[{"href":"https:\/\/www.gold.fr\/news\/wp-json\/wp\/v2\/media?parent=16298"}],"wp:term":[{"taxonomy":"category","embeddable":true,"href":"https:\/\/www.gold.fr\/news\/wp-json\/wp\/v2\/categories?post=16298"},{"taxonomy":"post_tag","embeddable":true,"href":"https:\/\/www.gold.fr\/news\/wp-json\/wp\/v2\/tags?post=16298"},{"taxonomy":"author","embeddable":true,"href":"https:\/\/www.gold.fr\/news\/wp-json\/wp\/v2\/ppma_author?post=16298"}],"curies":[{"name":"wp","href":"https:\/\/api.w.org\/{rel}","templated":true}]}}