{"id":16279,"date":"2014-12-10T17:00:28","date_gmt":"2014-12-10T16:00:28","guid":{"rendered":"https:\/\/www.gold.fr\/news\/?p=16279"},"modified":"2021-09-09T14:25:45","modified_gmt":"2021-09-09T12:25:45","slug":"lonce-rebondit-sur-le-choc-des-marches-financiers","status":"publish","type":"post","link":"https:\/\/www.gold.fr\/news\/2014\/12\/10\/lonce-rebondit-sur-le-choc-des-marches-financiers\/","title":{"rendered":"L\u2019once rebondit sur le choc des march\u00e9s financiers"},"content":{"rendered":"<p><img loading=\"lazy\" decoding=\"async\" class=\"alignleft size-thumbnail wp-image-3909\" title=\"L\u2019once rebondit sur le choc des march\u00e9s financiers\" src=\"https:\/\/www.gold.fr\/news\/wp-content\/uploads\/2018\/03\/EtatsUnis_Or.jpg\" alt=\"\" width=\"150\" height=\"150\" \/><span style=\"font-size: small;\">Cause du choc en question ; une s\u00e9rie inattendue de mauvaises nouvelles dont la succession, depuis le d\u00e9but de la semaine, a r\u00e9ussi \u00e0 plomber l&rsquo;ensemble des march\u00e9s d&rsquo;<a class=\"esk-seo-plu-link\" href=\"https:\/\/www.gold.fr\/news\/tags\/investissement\">investissement<\/a> des deux c\u00f4t\u00e9s de l&rsquo;Atlantique. M\u00eame le billet vert fait une brusque halte dans son rallye haussier et historique, subissant l&rsquo;impact des derni\u00e8res annonces \u00e9conomiques internationales. Seul <strong>le <a class=\"esk-seo-plu-link\" href=\"https:\/\/www.gold.fr\/news\/tags\/or\">m\u00e9tal jaune<\/a><\/strong> arrive \u00e0 tirer son \u00e9pingle du jeu, rebondissant sur la crise temporaire g\u00e9n\u00e9ralis\u00e9e pour redorer le blason terni de sa <a class=\"esk-seo-plu-link\" href=\"https:\/\/www.gold.fr\/news\/tags\/investissement\">valeur refuge<\/a>.<\/span> <span style=\"font-size: small;\"> D&rsquo;apr\u00e8s les experts, la chute contagieuse des march\u00e9s provient essentiellement de l&rsquo;aversion naturelle que les op\u00e9rateurs ont pour les surprises, surtout quand elles sont mauvaises et successives. Outre les nouvelles en provenance d&rsquo;<strong>Allemagne<\/strong> et d&rsquo;<strong>Italie<\/strong>, <strong>Jasper Lawler<\/strong>, analyste chez <strong>CMC Markets<\/strong>, rappelle \u00e9galement que \u00ab <em>les march\u00e9s n&rsquo;aiment pas les surprises et en ont eu trois ce mardi<\/em> \u00bb, soulignant que \u00ab <em>le resserrement des conditions du cr\u00e9dit en Chine via l&rsquo;augmentation des garanties exig\u00e9es en contrepartie de pr\u00eats, ont choqu\u00e9. Au m\u00eame moment, la Gr\u00e8ce a annonc\u00e9 l&rsquo;anticipation de son \u00e9lection pr\u00e9sidentielle \u00e0 ce mois-ci et Tesco a annonc\u00e9 un avertissement sur r\u00e9sultat <\/em>\u00bb. (Pour rappel, le g\u00e9ant <strong>Tesco<\/strong> a enregistr\u00e9, en l&rsquo;espace d&rsquo;une seule s\u00e9ance, cette semaine, une d\u00e9gringolade spectaculaire de l&rsquo;ordre de <strong>7,2%<\/strong>).<\/span> <span style=\"font-size: small;\"> Toutefois, et en d\u00e9pit du rebond haussier de l&rsquo;<a class=\"esk-seo-plu-link\" href=\"https:\/\/www.gold.fr\/news\/tags\/or\">or<\/a> qui l&rsquo;a propuls\u00e9 au-del\u00e0 des <strong>1 220 <a class=\"esk-seo-plu-link\" href=\"https:\/\/www.gold.fr\/news\/tags\/investissement\">dollars<\/a><\/strong> <a title=\"Prix de l'Once d'or\" href=\"https:\/\/www.gold.fr\/once-en\/\" target=\"_blank\" rel=\"noopener\">l\u2019once<\/a>, les observateurs (notamment chez <strong>Saxo Banque<\/strong>) demeurent m\u00e9fiants et rappellent que \u00ab<em> la <a class=\"esk-seo-plu-link\" href=\"https:\/\/www.gold.fr\/news\/tags\/investissement\">tendance<\/a> reste fragile sur le <a class=\"esk-seo-plu-link\" href=\"https:\/\/www.gold.fr\/news\/tags\/or\">m\u00e9tal jaune<\/a>. Les investisseurs resteront attentifs et prudents face \u00e0 la menace d&rsquo;un rel\u00e8vement des taux anticip\u00e9 de la <strong>FED<\/strong><\/em> \u00bb.<\/span><\/p>\n<!-- AddThis Advanced Settings generic via filter on the_content --><!-- AddThis Share Buttons generic via filter on the_content -->","protected":false},"excerpt":{"rendered":"<p>Cause du choc en question ; une s\u00e9rie inattendue de mauvaises nouvelles dont la succession, depuis le d\u00e9but de la semaine, a r\u00e9ussi \u00e0 plomber l&rsquo;ensemble des march\u00e9s d&rsquo;investissement des deux c\u00f4t\u00e9s de l&rsquo;Atlantique. M\u00eame le [&hellip;]<\/p>\n","protected":false},"author":18,"featured_media":32007,"comment_status":"closed","ping_status":"closed","sticky":false,"template":"","format":"standard","meta":{"_mbp_gutenberg_autopost":false,"_pgmb_is_evergreen":false,"_pgmb_ap_template_id":0,"footnotes":""},"categories":[6],"tags":[1196,144,1747,1649,317,962],"ppma_author":[2565],"class_list":["post-16279","post","type-post","status-publish","format-standard","has-post-thumbnail","hentry","category-articles-de-presse","tag-billet-vert","tag-fed","tag-hausse","tag-marches","tag-once","tag-prix-or"],"yoast_head":"<!-- This site is optimized with the Yoast SEO plugin v27.5 - https:\/\/yoast.com\/product\/yoast-seo-wordpress\/ -->\n<title>L\u2019once rebondit sur le choc des march\u00e9s financiers - Gold.fr<\/title>\n<meta name=\"robots\" content=\"index, follow, max-snippet:-1, max-image-preview:large, max-video-preview:-1\" \/>\n<link rel=\"canonical\" href=\"https:\/\/www.gold.fr\/news\/2014\/12\/10\/lonce-rebondit-sur-le-choc-des-marches-financiers\/\" \/>\n<meta property=\"og:locale\" content=\"fr_FR\" \/>\n<meta property=\"og:type\" content=\"article\" \/>\n<meta property=\"og:title\" content=\"L\u2019once rebondit sur le choc des march\u00e9s financiers - Gold.fr\" \/>\n<meta property=\"og:description\" content=\"Cause du choc en question ; une s\u00e9rie inattendue de mauvaises nouvelles dont la succession, depuis le d\u00e9but de la semaine, a r\u00e9ussi \u00e0 plomber l&rsquo;ensemble des march\u00e9s d&rsquo;investissement des deux c\u00f4t\u00e9s de l&rsquo;Atlantique. M\u00eame le [&hellip;]\" \/>\n<meta property=\"og:url\" content=\"https:\/\/www.gold.fr\/news\/2014\/12\/10\/lonce-rebondit-sur-le-choc-des-marches-financiers\/\" \/>\n<meta property=\"og:site_name\" content=\"Gold.fr\" \/>\n<meta property=\"article:publisher\" content=\"https:\/\/www.facebook.com\/Goldfr\/\" \/>\n<meta property=\"article:published_time\" content=\"2014-12-10T16:00:28+00:00\" \/>\n<meta property=\"article:modified_time\" content=\"2021-09-09T12:25:45+00:00\" \/>\n<meta property=\"og:image\" content=\"https:\/\/www.gold.fr\/news\/wp-content\/uploads\/2018\/03\/EtatsUnis_Or.jpg\" \/>\n\t<meta property=\"og:image:width\" content=\"1254\" \/>\n\t<meta property=\"og:image:height\" content=\"836\" \/>\n\t<meta property=\"og:image:type\" content=\"image\/jpeg\" \/>\n<meta name=\"author\" content=\"Comptoir National de l&#039;Or\" \/>\n<meta name=\"twitter:card\" content=\"summary_large_image\" \/>\n<meta name=\"twitter:label1\" content=\"\u00c9crit par\" \/>\n\t<meta name=\"twitter:data1\" content=\"Comptoir National de l&#039;Or\" \/>\n\t<meta name=\"twitter:label2\" content=\"Dur\u00e9e de lecture estim\u00e9e\" \/>\n\t<meta name=\"twitter:data2\" content=\"1 minute\" \/>\n<script type=\"application\/ld+json\" class=\"yoast-schema-graph\">{\"@context\":\"https:\\\/\\\/schema.org\",\"@graph\":[{\"@type\":\"Article\",\"@id\":\"https:\\\/\\\/www.gold.fr\\\/news\\\/2014\\\/12\\\/10\\\/lonce-rebondit-sur-le-choc-des-marches-financiers\\\/#article\",\"isPartOf\":{\"@id\":\"https:\\\/\\\/www.gold.fr\\\/news\\\/2014\\\/12\\\/10\\\/lonce-rebondit-sur-le-choc-des-marches-financiers\\\/\"},\"author\":{\"name\":\"Comptoir National de l'Or\",\"@id\":\"https:\\\/\\\/www.gold.fr\\\/news\\\/#\\\/schema\\\/person\\\/070491b4b4fb7671bf59b3be20302ce9\"},\"headline\":\"L\u2019once rebondit sur le choc des march\u00e9s financiers\",\"datePublished\":\"2014-12-10T16:00:28+00:00\",\"dateModified\":\"2021-09-09T12:25:45+00:00\",\"mainEntityOfPage\":{\"@id\":\"https:\\\/\\\/www.gold.fr\\\/news\\\/2014\\\/12\\\/10\\\/lonce-rebondit-sur-le-choc-des-marches-financiers\\\/\"},\"wordCount\":308,\"image\":{\"@id\":\"https:\\\/\\\/www.gold.fr\\\/news\\\/2014\\\/12\\\/10\\\/lonce-rebondit-sur-le-choc-des-marches-financiers\\\/#primaryimage\"},\"thumbnailUrl\":\"https:\\\/\\\/www.gold.fr\\\/news\\\/wp-content\\\/uploads\\\/2018\\\/03\\\/EtatsUnis_Or.jpg\",\"keywords\":[\"billet vert\",\"fed\",\"hausse\",\"march\u00e9s\",\"once\",\"prix or\"],\"articleSection\":[\"Articles de presse\"],\"inLanguage\":\"fr-FR\"},{\"@type\":\"WebPage\",\"@id\":\"https:\\\/\\\/www.gold.fr\\\/news\\\/2014\\\/12\\\/10\\\/lonce-rebondit-sur-le-choc-des-marches-financiers\\\/\",\"url\":\"https:\\\/\\\/www.gold.fr\\\/news\\\/2014\\\/12\\\/10\\\/lonce-rebondit-sur-le-choc-des-marches-financiers\\\/\",\"name\":\"L\u2019once rebondit sur le choc des march\u00e9s financiers - Gold.fr\",\"isPartOf\":{\"@id\":\"https:\\\/\\\/www.gold.fr\\\/news\\\/#website\"},\"primaryImageOfPage\":{\"@id\":\"https:\\\/\\\/www.gold.fr\\\/news\\\/2014\\\/12\\\/10\\\/lonce-rebondit-sur-le-choc-des-marches-financiers\\\/#primaryimage\"},\"image\":{\"@id\":\"https:\\\/\\\/www.gold.fr\\\/news\\\/2014\\\/12\\\/10\\\/lonce-rebondit-sur-le-choc-des-marches-financiers\\\/#primaryimage\"},\"thumbnailUrl\":\"https:\\\/\\\/www.gold.fr\\\/news\\\/wp-content\\\/uploads\\\/2018\\\/03\\\/EtatsUnis_Or.jpg\",\"datePublished\":\"2014-12-10T16:00:28+00:00\",\"dateModified\":\"2021-09-09T12:25:45+00:00\",\"author\":{\"@id\":\"https:\\\/\\\/www.gold.fr\\\/news\\\/#\\\/schema\\\/person\\\/070491b4b4fb7671bf59b3be20302ce9\"},\"breadcrumb\":{\"@id\":\"https:\\\/\\\/www.gold.fr\\\/news\\\/2014\\\/12\\\/10\\\/lonce-rebondit-sur-le-choc-des-marches-financiers\\\/#breadcrumb\"},\"inLanguage\":\"fr-FR\",\"potentialAction\":[{\"@type\":\"ReadAction\",\"target\":[\"https:\\\/\\\/www.gold.fr\\\/news\\\/2014\\\/12\\\/10\\\/lonce-rebondit-sur-le-choc-des-marches-financiers\\\/\"]}]},{\"@type\":\"ImageObject\",\"inLanguage\":\"fr-FR\",\"@id\":\"https:\\\/\\\/www.gold.fr\\\/news\\\/2014\\\/12\\\/10\\\/lonce-rebondit-sur-le-choc-des-marches-financiers\\\/#primaryimage\",\"url\":\"https:\\\/\\\/www.gold.fr\\\/news\\\/wp-content\\\/uploads\\\/2018\\\/03\\\/EtatsUnis_Or.jpg\",\"contentUrl\":\"https:\\\/\\\/www.gold.fr\\\/news\\\/wp-content\\\/uploads\\\/2018\\\/03\\\/EtatsUnis_Or.jpg\",\"width\":1254,\"height\":836,\"caption\":\"Tour du monde de l'or : Etats-Unis, de la ru\u00e9e vers l'or \u00e0 la fin de la convertibilit\u00e9 du dollar\"},{\"@type\":\"BreadcrumbList\",\"@id\":\"https:\\\/\\\/www.gold.fr\\\/news\\\/2014\\\/12\\\/10\\\/lonce-rebondit-sur-le-choc-des-marches-financiers\\\/#breadcrumb\",\"itemListElement\":[{\"@type\":\"ListItem\",\"position\":1,\"name\":\"Accueil\",\"item\":\"https:\\\/\\\/www.gold.fr\\\/\"},{\"@type\":\"ListItem\",\"position\":2,\"name\":\"Actualit\u00e9s\",\"item\":\"https:\\\/\\\/www.gold.fr\\\/news\\\/\"},{\"@type\":\"ListItem\",\"position\":3,\"name\":\"L\u2019once rebondit sur le choc des march\u00e9s financiers\"}]},{\"@type\":\"WebSite\",\"@id\":\"https:\\\/\\\/www.gold.fr\\\/news\\\/#website\",\"url\":\"https:\\\/\\\/www.gold.fr\\\/news\\\/\",\"name\":\"Gold.fr\",\"description\":\"Actualit\u00e9s de l&#039;Or et des m\u00e9taux pr\u00e9cieux\",\"potentialAction\":[{\"@type\":\"SearchAction\",\"target\":{\"@type\":\"EntryPoint\",\"urlTemplate\":\"https:\\\/\\\/www.gold.fr\\\/news\\\/?s={search_term_string}\"},\"query-input\":{\"@type\":\"PropertyValueSpecification\",\"valueRequired\":true,\"valueName\":\"search_term_string\"}}],\"inLanguage\":\"fr-FR\"},{\"@type\":\"Person\",\"@id\":\"https:\\\/\\\/www.gold.fr\\\/news\\\/#\\\/schema\\\/person\\\/070491b4b4fb7671bf59b3be20302ce9\",\"name\":\"Comptoir National de l'Or\",\"image\":{\"@type\":\"ImageObject\",\"inLanguage\":\"fr-FR\",\"@id\":\"https:\\\/\\\/secure.gravatar.com\\\/avatar\\\/0a2867fd5abe37bed95d5a65e9d58f01756e11efc68af9888dfc50cfa7f65948?s=96&d=mm&r=gb490554db0a38188709de567aa58480d\",\"url\":\"https:\\\/\\\/secure.gravatar.com\\\/avatar\\\/0a2867fd5abe37bed95d5a65e9d58f01756e11efc68af9888dfc50cfa7f65948?s=96&d=mm&r=g\",\"contentUrl\":\"https:\\\/\\\/secure.gravatar.com\\\/avatar\\\/0a2867fd5abe37bed95d5a65e9d58f01756e11efc68af9888dfc50cfa7f65948?s=96&d=mm&r=g\",\"caption\":\"Comptoir National de l'Or\"},\"description\":\"Notre r\u00e9daction est constitu\u00e9e de membres experts dans les m\u00e9tiers de l'\u00e9conomie et la gestion, des Responsables d'agence Comptoir National de l'Or, des analystes financiers qui publient r\u00e9guli\u00e8rement des \u00e9tudes sur les politiques des banques centrales, le cours de l'or, prix de l'or, cours de l'argent, prix de l'argent, cours du platine, cours du palladium,... la situation en zone euro et l'impact de la strat\u00e9gie mon\u00e9taire de la FED. Notre \u00e9quipe scrute \u00e9galement une information plus g\u00e9n\u00e9raliste \u00e0 la recherche d'actualit\u00e9 \\\"p\u00e9pite\\\" \u00e0 vous partager. Depuis 5 ans, nous avons publi\u00e9 un peu plus de 4000 articles qui s'adressent \u00e0 un public large et vari\u00e9 ayant pour objectif de satisfaire votre curiosit\u00e9 et de partager avec vous une certaine fascination pour le m\u00e9tal jaune, le rachat d'or, et pour ceux qui veulent investir dans l'or, vendre leur or tout simplement en savoir plus... Pour tous vos achat or et argent, n'h\u00e9sitez pas \u00e0 prendre rendez-vous dans l'un de nos nombreux comptoirs.\",\"sameAs\":[\"https:\\\/\\\/www.gold.fr\"]}]}<\/script>\n<!-- \/ Yoast SEO plugin. -->","yoast_head_json":{"title":"L\u2019once rebondit sur le choc des march\u00e9s financiers - Gold.fr","robots":{"index":"index","follow":"follow","max-snippet":"max-snippet:-1","max-image-preview":"max-image-preview:large","max-video-preview":"max-video-preview:-1"},"canonical":"https:\/\/www.gold.fr\/news\/2014\/12\/10\/lonce-rebondit-sur-le-choc-des-marches-financiers\/","og_locale":"fr_FR","og_type":"article","og_title":"L\u2019once rebondit sur le choc des march\u00e9s financiers - Gold.fr","og_description":"Cause du choc en question ; une s\u00e9rie inattendue de mauvaises nouvelles dont la succession, depuis le d\u00e9but de la semaine, a r\u00e9ussi \u00e0 plomber l&rsquo;ensemble des march\u00e9s d&rsquo;investissement des deux c\u00f4t\u00e9s de l&rsquo;Atlantique. M\u00eame le [&hellip;]","og_url":"https:\/\/www.gold.fr\/news\/2014\/12\/10\/lonce-rebondit-sur-le-choc-des-marches-financiers\/","og_site_name":"Gold.fr","article_publisher":"https:\/\/www.facebook.com\/Goldfr\/","article_published_time":"2014-12-10T16:00:28+00:00","article_modified_time":"2021-09-09T12:25:45+00:00","og_image":[{"width":1254,"height":836,"url":"https:\/\/www.gold.fr\/news\/wp-content\/uploads\/2018\/03\/EtatsUnis_Or.jpg","type":"image\/jpeg"}],"author":"Comptoir National de l'Or","twitter_card":"summary_large_image","twitter_misc":{"\u00c9crit par":"Comptoir National de l'Or","Dur\u00e9e de lecture estim\u00e9e":"1 minute"},"schema":{"@context":"https:\/\/schema.org","@graph":[{"@type":"Article","@id":"https:\/\/www.gold.fr\/news\/2014\/12\/10\/lonce-rebondit-sur-le-choc-des-marches-financiers\/#article","isPartOf":{"@id":"https:\/\/www.gold.fr\/news\/2014\/12\/10\/lonce-rebondit-sur-le-choc-des-marches-financiers\/"},"author":{"name":"Comptoir National de l'Or","@id":"https:\/\/www.gold.fr\/news\/#\/schema\/person\/070491b4b4fb7671bf59b3be20302ce9"},"headline":"L\u2019once rebondit sur le choc des march\u00e9s financiers","datePublished":"2014-12-10T16:00:28+00:00","dateModified":"2021-09-09T12:25:45+00:00","mainEntityOfPage":{"@id":"https:\/\/www.gold.fr\/news\/2014\/12\/10\/lonce-rebondit-sur-le-choc-des-marches-financiers\/"},"wordCount":308,"image":{"@id":"https:\/\/www.gold.fr\/news\/2014\/12\/10\/lonce-rebondit-sur-le-choc-des-marches-financiers\/#primaryimage"},"thumbnailUrl":"https:\/\/www.gold.fr\/news\/wp-content\/uploads\/2018\/03\/EtatsUnis_Or.jpg","keywords":["billet vert","fed","hausse","march\u00e9s","once","prix or"],"articleSection":["Articles de presse"],"inLanguage":"fr-FR"},{"@type":"WebPage","@id":"https:\/\/www.gold.fr\/news\/2014\/12\/10\/lonce-rebondit-sur-le-choc-des-marches-financiers\/","url":"https:\/\/www.gold.fr\/news\/2014\/12\/10\/lonce-rebondit-sur-le-choc-des-marches-financiers\/","name":"L\u2019once rebondit sur le choc des march\u00e9s financiers - Gold.fr","isPartOf":{"@id":"https:\/\/www.gold.fr\/news\/#website"},"primaryImageOfPage":{"@id":"https:\/\/www.gold.fr\/news\/2014\/12\/10\/lonce-rebondit-sur-le-choc-des-marches-financiers\/#primaryimage"},"image":{"@id":"https:\/\/www.gold.fr\/news\/2014\/12\/10\/lonce-rebondit-sur-le-choc-des-marches-financiers\/#primaryimage"},"thumbnailUrl":"https:\/\/www.gold.fr\/news\/wp-content\/uploads\/2018\/03\/EtatsUnis_Or.jpg","datePublished":"2014-12-10T16:00:28+00:00","dateModified":"2021-09-09T12:25:45+00:00","author":{"@id":"https:\/\/www.gold.fr\/news\/#\/schema\/person\/070491b4b4fb7671bf59b3be20302ce9"},"breadcrumb":{"@id":"https:\/\/www.gold.fr\/news\/2014\/12\/10\/lonce-rebondit-sur-le-choc-des-marches-financiers\/#breadcrumb"},"inLanguage":"fr-FR","potentialAction":[{"@type":"ReadAction","target":["https:\/\/www.gold.fr\/news\/2014\/12\/10\/lonce-rebondit-sur-le-choc-des-marches-financiers\/"]}]},{"@type":"ImageObject","inLanguage":"fr-FR","@id":"https:\/\/www.gold.fr\/news\/2014\/12\/10\/lonce-rebondit-sur-le-choc-des-marches-financiers\/#primaryimage","url":"https:\/\/www.gold.fr\/news\/wp-content\/uploads\/2018\/03\/EtatsUnis_Or.jpg","contentUrl":"https:\/\/www.gold.fr\/news\/wp-content\/uploads\/2018\/03\/EtatsUnis_Or.jpg","width":1254,"height":836,"caption":"Tour du monde de l'or : Etats-Unis, de la ru\u00e9e vers l'or \u00e0 la fin de la convertibilit\u00e9 du dollar"},{"@type":"BreadcrumbList","@id":"https:\/\/www.gold.fr\/news\/2014\/12\/10\/lonce-rebondit-sur-le-choc-des-marches-financiers\/#breadcrumb","itemListElement":[{"@type":"ListItem","position":1,"name":"Accueil","item":"https:\/\/www.gold.fr\/"},{"@type":"ListItem","position":2,"name":"Actualit\u00e9s","item":"https:\/\/www.gold.fr\/news\/"},{"@type":"ListItem","position":3,"name":"L\u2019once rebondit sur le choc des march\u00e9s financiers"}]},{"@type":"WebSite","@id":"https:\/\/www.gold.fr\/news\/#website","url":"https:\/\/www.gold.fr\/news\/","name":"Gold.fr","description":"Actualit\u00e9s de l&#039;Or et des m\u00e9taux pr\u00e9cieux","potentialAction":[{"@type":"SearchAction","target":{"@type":"EntryPoint","urlTemplate":"https:\/\/www.gold.fr\/news\/?s={search_term_string}"},"query-input":{"@type":"PropertyValueSpecification","valueRequired":true,"valueName":"search_term_string"}}],"inLanguage":"fr-FR"},{"@type":"Person","@id":"https:\/\/www.gold.fr\/news\/#\/schema\/person\/070491b4b4fb7671bf59b3be20302ce9","name":"Comptoir National de l'Or","image":{"@type":"ImageObject","inLanguage":"fr-FR","@id":"https:\/\/secure.gravatar.com\/avatar\/0a2867fd5abe37bed95d5a65e9d58f01756e11efc68af9888dfc50cfa7f65948?s=96&d=mm&r=gb490554db0a38188709de567aa58480d","url":"https:\/\/secure.gravatar.com\/avatar\/0a2867fd5abe37bed95d5a65e9d58f01756e11efc68af9888dfc50cfa7f65948?s=96&d=mm&r=g","contentUrl":"https:\/\/secure.gravatar.com\/avatar\/0a2867fd5abe37bed95d5a65e9d58f01756e11efc68af9888dfc50cfa7f65948?s=96&d=mm&r=g","caption":"Comptoir National de l'Or"},"description":"Notre r\u00e9daction est constitu\u00e9e de membres experts dans les m\u00e9tiers de l'\u00e9conomie et la gestion, des Responsables d'agence Comptoir National de l'Or, des analystes financiers qui publient r\u00e9guli\u00e8rement des \u00e9tudes sur les politiques des banques centrales, le cours de l'or, prix de l'or, cours de l'argent, prix de l'argent, cours du platine, cours du palladium,... la situation en zone euro et l'impact de la strat\u00e9gie mon\u00e9taire de la FED. Notre \u00e9quipe scrute \u00e9galement une information plus g\u00e9n\u00e9raliste \u00e0 la recherche d'actualit\u00e9 \"p\u00e9pite\" \u00e0 vous partager. Depuis 5 ans, nous avons publi\u00e9 un peu plus de 4000 articles qui s'adressent \u00e0 un public large et vari\u00e9 ayant pour objectif de satisfaire votre curiosit\u00e9 et de partager avec vous une certaine fascination pour le m\u00e9tal jaune, le rachat d'or, et pour ceux qui veulent investir dans l'or, vendre leur or tout simplement en savoir plus... Pour tous vos achat or et argent, n'h\u00e9sitez pas \u00e0 prendre rendez-vous dans l'un de nos nombreux comptoirs.","sameAs":["https:\/\/www.gold.fr"]}]}},"authors":[{"term_id":2565,"user_id":18,"is_guest":0,"slug":"julie","display_name":"Comptoir National de l'Or","avatar_url":"https:\/\/secure.gravatar.com\/avatar\/713f289e398d35ead876c4a4cc08607f0d6d266058cfc25683fffb6092d0e572?s=96&d=mm&r=g","0":null,"1":"","2":"","3":"","4":"","5":"","6":"","7":"","8":""}],"_links":{"self":[{"href":"https:\/\/www.gold.fr\/news\/wp-json\/wp\/v2\/posts\/16279","targetHints":{"allow":["GET"]}}],"collection":[{"href":"https:\/\/www.gold.fr\/news\/wp-json\/wp\/v2\/posts"}],"about":[{"href":"https:\/\/www.gold.fr\/news\/wp-json\/wp\/v2\/types\/post"}],"author":[{"embeddable":true,"href":"https:\/\/www.gold.fr\/news\/wp-json\/wp\/v2\/users\/18"}],"replies":[{"embeddable":true,"href":"https:\/\/www.gold.fr\/news\/wp-json\/wp\/v2\/comments?post=16279"}],"version-history":[{"count":0,"href":"https:\/\/www.gold.fr\/news\/wp-json\/wp\/v2\/posts\/16279\/revisions"}],"wp:featuredmedia":[{"embeddable":true,"href":"https:\/\/www.gold.fr\/news\/wp-json\/wp\/v2\/media\/32007"}],"wp:attachment":[{"href":"https:\/\/www.gold.fr\/news\/wp-json\/wp\/v2\/media?parent=16279"}],"wp:term":[{"taxonomy":"category","embeddable":true,"href":"https:\/\/www.gold.fr\/news\/wp-json\/wp\/v2\/categories?post=16279"},{"taxonomy":"post_tag","embeddable":true,"href":"https:\/\/www.gold.fr\/news\/wp-json\/wp\/v2\/tags?post=16279"},{"taxonomy":"author","embeddable":true,"href":"https:\/\/www.gold.fr\/news\/wp-json\/wp\/v2\/ppma_author?post=16279"}],"curies":[{"name":"wp","href":"https:\/\/api.w.org\/{rel}","templated":true}]}}