{"id":16260,"date":"2014-12-09T17:00:16","date_gmt":"2014-12-09T16:00:16","guid":{"rendered":"https:\/\/www.gold.fr\/news\/?p=16260"},"modified":"2018-02-22T14:35:53","modified_gmt":"2018-02-22T13:35:53","slug":"une-semaine-attentiste-et-riche-en-statistiques","status":"publish","type":"post","link":"https:\/\/www.gold.fr\/news\/2014\/12\/09\/une-semaine-attentiste-et-riche-en-statistiques\/","title":{"rendered":"Une semaine attentiste et riche en statistiques"},"content":{"rendered":"<p><img loading=\"lazy\" decoding=\"async\" class=\"alignleft size-thumbnail wp-image-5057\" title=\"Une semaine attentiste et riche en statistiques\" src=\"https:\/\/www.gold.fr\/news\/wp-content\/uploads\/2012\/01\/tendance-or-150x150.jpg\" alt=\"\" width=\"150\" height=\"150\" \/><span style=\"font-size: small;\">C&rsquo;est une semaine particuli\u00e8rement difficile pour les \u00e9conomies de la<strong> zone euro<\/strong>, mais aussi pour certaines \u00e9conomies mondiales majeures dont notamment le <strong>Japon<\/strong>. Entre r\u00e9cession, baisse officielle de note et indicateurs d\u00e9cevants, les puissances \u00e9conomiques internationales se mettent en mode \u2018<em>stagnation<\/em>&lsquo;, \u00e0 quelques jours de la r\u00e9union tr\u00e8s attendue du comit\u00e9 de direction de la politique mon\u00e9taire de la r\u00e9serve f\u00e9d\u00e9rale am\u00e9ricaine, pr\u00e9vue pour les <strong>16 et 17 d\u00e9cembre<\/strong> prochains.<\/span>    <span style=\"font-size: small;\"> C&rsquo;est surtout l&rsquo;Europe qui se retrouve \u00e0 l&rsquo;honneur, cette semaine, avec deux performances dans le rouge. D&rsquo;abord, l&rsquo;<strong>Italie<\/strong> dont la note a officiellement \u00e9t\u00e9 revue \u00e0 la baisse par l&rsquo;agence <strong>Standard &amp; Poor&rsquo;s<\/strong>, passant ainsi de \u00ab\u00a0<strong>BBB<\/strong>\u00a0\u00bb \u00e0 \u00ab\u00a0<strong>BBB-<\/strong>\u00ab\u00a0. Par ailleurs, la production industrielle allemande tr\u00e9buche consid\u00e9rablement, marquant un rythme de<strong> 0,2%<\/strong> au mois d&rsquo;octobre, contre les <strong>1,1%<\/strong> du mois de septembre.<\/span>    <span style=\"font-size: small;\"> Mais le Japon aussi se retrouve du mauvais c\u00f4t\u00e9 de la balance, cette semaine, avec l&rsquo;annonce alarmante de sa rechute en r\u00e9cession, apr\u00e8s l&rsquo;annonce du repli de<strong> 0,5%<\/strong> du <strong>PIB national<\/strong>, contre la baisse bien plus relative de <strong>0,1%<\/strong> escompt\u00e9e par les experts.<\/span>    <span style=\"font-size: small;\"> C\u00f4t\u00e9 chiffres et statistiques \u00e9conomiques, la semaine sera riche en annonces plus ou moins importantes, incluant notamment la balance commerciale, production industrielle et inflation (bloc euro), ainsi que les ventes de d\u00e9tail et les prix \u00e0 la production pour le mois de novembre (<strong>Etats-Unis<\/strong>). Les experts du groupe IG rappellent d&rsquo;ailleurs que \u00ab <em>beaucoup d&rsquo;analystes s&rsquo;attendent \u00e0 ce que la <strong>Fed<\/strong> se <a href='https:\/\/www.gold.fr\/news\/tags\/bijoux-or' class='esk-seo-plu-link'>montre<\/a> plus ferme \u00e0 l&rsquo;issue de sa r\u00e9union de la semaine prochaine, ce qui renforcerait la perspective de la mi-2015 pour une premi\u00e8re remont\u00e9e des taux<\/em> \u00bb.<\/span><\/p>\n<!-- AddThis Advanced Settings generic via filter on the_content --><!-- AddThis Share Buttons generic via filter on the_content -->","protected":false},"excerpt":{"rendered":"<p>C&rsquo;est une semaine particuli\u00e8rement difficile pour les \u00e9conomies de la zone euro, mais aussi pour certaines \u00e9conomies mondiales majeures dont notamment le Japon. Entre r\u00e9cession, baisse officielle de note et indicateurs d\u00e9cevants, les puissances \u00e9conomiques internationales [&hellip;]<\/p>\n","protected":false},"author":18,"featured_media":5057,"comment_status":"open","ping_status":"open","sticky":false,"template":"","format":"standard","meta":{"_mbp_gutenberg_autopost":false,"_pgmb_is_evergreen":false,"_pgmb_ap_template_id":0,"footnotes":""},"categories":[6],"tags":[242,144,123,631,1428,1035,126],"ppma_author":[2565],"class_list":["post-16260","post","type-post","status-publish","format-standard","has-post-thumbnail","hentry","category-articles-de-presse","tag-europe","tag-fed","tag-italie","tag-japon","tag-pib","tag-politique-monetaire","tag-zone-euro"],"yoast_head":"<!-- This site is optimized with the Yoast SEO plugin v27.5 - https:\/\/yoast.com\/product\/yoast-seo-wordpress\/ -->\n<title>Une semaine attentiste et riche en statistiques - Gold.fr<\/title>\n<meta name=\"robots\" content=\"index, follow, max-snippet:-1, max-image-preview:large, max-video-preview:-1\" \/>\n<link rel=\"canonical\" href=\"https:\/\/www.gold.fr\/news\/2014\/12\/09\/une-semaine-attentiste-et-riche-en-statistiques\/\" \/>\n<meta property=\"og:locale\" content=\"fr_FR\" \/>\n<meta property=\"og:type\" content=\"article\" \/>\n<meta property=\"og:title\" content=\"Une semaine attentiste et riche en statistiques - Gold.fr\" \/>\n<meta property=\"og:description\" content=\"C&rsquo;est une semaine particuli\u00e8rement difficile pour les \u00e9conomies de la zone euro, mais aussi pour certaines \u00e9conomies mondiales majeures dont notamment le Japon. Entre r\u00e9cession, baisse officielle de note et indicateurs d\u00e9cevants, les puissances \u00e9conomiques internationales [&hellip;]\" \/>\n<meta property=\"og:url\" content=\"https:\/\/www.gold.fr\/news\/2014\/12\/09\/une-semaine-attentiste-et-riche-en-statistiques\/\" \/>\n<meta property=\"og:site_name\" content=\"Gold.fr\" \/>\n<meta property=\"article:publisher\" content=\"https:\/\/www.facebook.com\/Goldfr\/\" \/>\n<meta property=\"article:published_time\" content=\"2014-12-09T16:00:16+00:00\" \/>\n<meta property=\"article:modified_time\" content=\"2018-02-22T13:35:53+00:00\" \/>\n<meta property=\"og:image\" content=\"https:\/\/www.gold.fr\/news\/wp-content\/uploads\/2012\/01\/tendance-or.jpg\" \/>\n\t<meta property=\"og:image:width\" content=\"600\" \/>\n\t<meta property=\"og:image:height\" content=\"400\" \/>\n\t<meta property=\"og:image:type\" content=\"image\/jpeg\" \/>\n<meta name=\"author\" content=\"Comptoir National de l&#039;Or\" \/>\n<meta name=\"twitter:card\" content=\"summary_large_image\" \/>\n<meta name=\"twitter:label1\" content=\"\u00c9crit par\" \/>\n\t<meta name=\"twitter:data1\" content=\"Comptoir National de l&#039;Or\" \/>\n\t<meta name=\"twitter:label2\" content=\"Dur\u00e9e de lecture estim\u00e9e\" \/>\n\t<meta name=\"twitter:data2\" content=\"1 minute\" \/>\n<script type=\"application\/ld+json\" class=\"yoast-schema-graph\">{\"@context\":\"https:\\\/\\\/schema.org\",\"@graph\":[{\"@type\":\"Article\",\"@id\":\"https:\\\/\\\/www.gold.fr\\\/news\\\/2014\\\/12\\\/09\\\/une-semaine-attentiste-et-riche-en-statistiques\\\/#article\",\"isPartOf\":{\"@id\":\"https:\\\/\\\/www.gold.fr\\\/news\\\/2014\\\/12\\\/09\\\/une-semaine-attentiste-et-riche-en-statistiques\\\/\"},\"author\":{\"name\":\"Comptoir National de l'Or\",\"@id\":\"https:\\\/\\\/www.gold.fr\\\/news\\\/#\\\/schema\\\/person\\\/070491b4b4fb7671bf59b3be20302ce9\"},\"headline\":\"Une semaine attentiste et riche en statistiques\",\"datePublished\":\"2014-12-09T16:00:16+00:00\",\"dateModified\":\"2018-02-22T13:35:53+00:00\",\"mainEntityOfPage\":{\"@id\":\"https:\\\/\\\/www.gold.fr\\\/news\\\/2014\\\/12\\\/09\\\/une-semaine-attentiste-et-riche-en-statistiques\\\/\"},\"wordCount\":294,\"commentCount\":0,\"image\":{\"@id\":\"https:\\\/\\\/www.gold.fr\\\/news\\\/2014\\\/12\\\/09\\\/une-semaine-attentiste-et-riche-en-statistiques\\\/#primaryimage\"},\"thumbnailUrl\":\"https:\\\/\\\/www.gold.fr\\\/news\\\/wp-content\\\/uploads\\\/2012\\\/01\\\/tendance-or.jpg\",\"keywords\":[\"europe\",\"fed\",\"italie\",\"Japon\",\"PIB\",\"politique mon\u00e9taire\",\"zone euro\"],\"articleSection\":[\"Articles de presse\"],\"inLanguage\":\"fr-FR\"},{\"@type\":\"WebPage\",\"@id\":\"https:\\\/\\\/www.gold.fr\\\/news\\\/2014\\\/12\\\/09\\\/une-semaine-attentiste-et-riche-en-statistiques\\\/\",\"url\":\"https:\\\/\\\/www.gold.fr\\\/news\\\/2014\\\/12\\\/09\\\/une-semaine-attentiste-et-riche-en-statistiques\\\/\",\"name\":\"Une semaine attentiste et riche en statistiques - Gold.fr\",\"isPartOf\":{\"@id\":\"https:\\\/\\\/www.gold.fr\\\/news\\\/#website\"},\"primaryImageOfPage\":{\"@id\":\"https:\\\/\\\/www.gold.fr\\\/news\\\/2014\\\/12\\\/09\\\/une-semaine-attentiste-et-riche-en-statistiques\\\/#primaryimage\"},\"image\":{\"@id\":\"https:\\\/\\\/www.gold.fr\\\/news\\\/2014\\\/12\\\/09\\\/une-semaine-attentiste-et-riche-en-statistiques\\\/#primaryimage\"},\"thumbnailUrl\":\"https:\\\/\\\/www.gold.fr\\\/news\\\/wp-content\\\/uploads\\\/2012\\\/01\\\/tendance-or.jpg\",\"datePublished\":\"2014-12-09T16:00:16+00:00\",\"dateModified\":\"2018-02-22T13:35:53+00:00\",\"author\":{\"@id\":\"https:\\\/\\\/www.gold.fr\\\/news\\\/#\\\/schema\\\/person\\\/070491b4b4fb7671bf59b3be20302ce9\"},\"breadcrumb\":{\"@id\":\"https:\\\/\\\/www.gold.fr\\\/news\\\/2014\\\/12\\\/09\\\/une-semaine-attentiste-et-riche-en-statistiques\\\/#breadcrumb\"},\"inLanguage\":\"fr-FR\",\"potentialAction\":[{\"@type\":\"ReadAction\",\"target\":[\"https:\\\/\\\/www.gold.fr\\\/news\\\/2014\\\/12\\\/09\\\/une-semaine-attentiste-et-riche-en-statistiques\\\/\"]}]},{\"@type\":\"ImageObject\",\"inLanguage\":\"fr-FR\",\"@id\":\"https:\\\/\\\/www.gold.fr\\\/news\\\/2014\\\/12\\\/09\\\/une-semaine-attentiste-et-riche-en-statistiques\\\/#primaryimage\",\"url\":\"https:\\\/\\\/www.gold.fr\\\/news\\\/wp-content\\\/uploads\\\/2012\\\/01\\\/tendance-or.jpg\",\"contentUrl\":\"https:\\\/\\\/www.gold.fr\\\/news\\\/wp-content\\\/uploads\\\/2012\\\/01\\\/tendance-or.jpg\",\"width\":\"600\",\"height\":\"400\",\"caption\":\"Un climat \u00e9conomique r\u00e9confortant pour le d\u00e9but de 2017\"},{\"@type\":\"BreadcrumbList\",\"@id\":\"https:\\\/\\\/www.gold.fr\\\/news\\\/2014\\\/12\\\/09\\\/une-semaine-attentiste-et-riche-en-statistiques\\\/#breadcrumb\",\"itemListElement\":[{\"@type\":\"ListItem\",\"position\":1,\"name\":\"Accueil\",\"item\":\"https:\\\/\\\/www.gold.fr\\\/\"},{\"@type\":\"ListItem\",\"position\":2,\"name\":\"Actualit\u00e9s\",\"item\":\"https:\\\/\\\/www.gold.fr\\\/news\\\/\"},{\"@type\":\"ListItem\",\"position\":3,\"name\":\"Une semaine attentiste et riche en statistiques\"}]},{\"@type\":\"WebSite\",\"@id\":\"https:\\\/\\\/www.gold.fr\\\/news\\\/#website\",\"url\":\"https:\\\/\\\/www.gold.fr\\\/news\\\/\",\"name\":\"Gold.fr\",\"description\":\"Actualit\u00e9s de l&#039;Or et des m\u00e9taux pr\u00e9cieux\",\"potentialAction\":[{\"@type\":\"SearchAction\",\"target\":{\"@type\":\"EntryPoint\",\"urlTemplate\":\"https:\\\/\\\/www.gold.fr\\\/news\\\/?s={search_term_string}\"},\"query-input\":{\"@type\":\"PropertyValueSpecification\",\"valueRequired\":true,\"valueName\":\"search_term_string\"}}],\"inLanguage\":\"fr-FR\"},{\"@type\":\"Person\",\"@id\":\"https:\\\/\\\/www.gold.fr\\\/news\\\/#\\\/schema\\\/person\\\/070491b4b4fb7671bf59b3be20302ce9\",\"name\":\"Comptoir National de l'Or\",\"image\":{\"@type\":\"ImageObject\",\"inLanguage\":\"fr-FR\",\"@id\":\"https:\\\/\\\/secure.gravatar.com\\\/avatar\\\/0a2867fd5abe37bed95d5a65e9d58f01756e11efc68af9888dfc50cfa7f65948?s=96&d=mm&r=gb490554db0a38188709de567aa58480d\",\"url\":\"https:\\\/\\\/secure.gravatar.com\\\/avatar\\\/0a2867fd5abe37bed95d5a65e9d58f01756e11efc68af9888dfc50cfa7f65948?s=96&d=mm&r=g\",\"contentUrl\":\"https:\\\/\\\/secure.gravatar.com\\\/avatar\\\/0a2867fd5abe37bed95d5a65e9d58f01756e11efc68af9888dfc50cfa7f65948?s=96&d=mm&r=g\",\"caption\":\"Comptoir National de l'Or\"},\"description\":\"Notre r\u00e9daction est constitu\u00e9e de membres experts dans les m\u00e9tiers de l'\u00e9conomie et la gestion, des Responsables d'agence Comptoir National de l'Or, des analystes financiers qui publient r\u00e9guli\u00e8rement des \u00e9tudes sur les politiques des banques centrales, le cours de l'or, prix de l'or, cours de l'argent, prix de l'argent, cours du platine, cours du palladium,... la situation en zone euro et l'impact de la strat\u00e9gie mon\u00e9taire de la FED. Notre \u00e9quipe scrute \u00e9galement une information plus g\u00e9n\u00e9raliste \u00e0 la recherche d'actualit\u00e9 \\\"p\u00e9pite\\\" \u00e0 vous partager. Depuis 5 ans, nous avons publi\u00e9 un peu plus de 4000 articles qui s'adressent \u00e0 un public large et vari\u00e9 ayant pour objectif de satisfaire votre curiosit\u00e9 et de partager avec vous une certaine fascination pour le m\u00e9tal jaune, le rachat d'or, et pour ceux qui veulent investir dans l'or, vendre leur or tout simplement en savoir plus... Pour tous vos achat or et argent, n'h\u00e9sitez pas \u00e0 prendre rendez-vous dans l'un de nos nombreux comptoirs.\",\"sameAs\":[\"https:\\\/\\\/www.gold.fr\"]}]}<\/script>\n<!-- \/ Yoast SEO plugin. -->","yoast_head_json":{"title":"Une semaine attentiste et riche en statistiques - Gold.fr","robots":{"index":"index","follow":"follow","max-snippet":"max-snippet:-1","max-image-preview":"max-image-preview:large","max-video-preview":"max-video-preview:-1"},"canonical":"https:\/\/www.gold.fr\/news\/2014\/12\/09\/une-semaine-attentiste-et-riche-en-statistiques\/","og_locale":"fr_FR","og_type":"article","og_title":"Une semaine attentiste et riche en statistiques - Gold.fr","og_description":"C&rsquo;est une semaine particuli\u00e8rement difficile pour les \u00e9conomies de la zone euro, mais aussi pour certaines \u00e9conomies mondiales majeures dont notamment le Japon. Entre r\u00e9cession, baisse officielle de note et indicateurs d\u00e9cevants, les puissances \u00e9conomiques internationales [&hellip;]","og_url":"https:\/\/www.gold.fr\/news\/2014\/12\/09\/une-semaine-attentiste-et-riche-en-statistiques\/","og_site_name":"Gold.fr","article_publisher":"https:\/\/www.facebook.com\/Goldfr\/","article_published_time":"2014-12-09T16:00:16+00:00","article_modified_time":"2018-02-22T13:35:53+00:00","og_image":[{"width":600,"height":400,"url":"https:\/\/www.gold.fr\/news\/wp-content\/uploads\/2012\/01\/tendance-or.jpg","type":"image\/jpeg"}],"author":"Comptoir National de l'Or","twitter_card":"summary_large_image","twitter_misc":{"\u00c9crit par":"Comptoir National de l'Or","Dur\u00e9e de lecture estim\u00e9e":"1 minute"},"schema":{"@context":"https:\/\/schema.org","@graph":[{"@type":"Article","@id":"https:\/\/www.gold.fr\/news\/2014\/12\/09\/une-semaine-attentiste-et-riche-en-statistiques\/#article","isPartOf":{"@id":"https:\/\/www.gold.fr\/news\/2014\/12\/09\/une-semaine-attentiste-et-riche-en-statistiques\/"},"author":{"name":"Comptoir National de l'Or","@id":"https:\/\/www.gold.fr\/news\/#\/schema\/person\/070491b4b4fb7671bf59b3be20302ce9"},"headline":"Une semaine attentiste et riche en statistiques","datePublished":"2014-12-09T16:00:16+00:00","dateModified":"2018-02-22T13:35:53+00:00","mainEntityOfPage":{"@id":"https:\/\/www.gold.fr\/news\/2014\/12\/09\/une-semaine-attentiste-et-riche-en-statistiques\/"},"wordCount":294,"commentCount":0,"image":{"@id":"https:\/\/www.gold.fr\/news\/2014\/12\/09\/une-semaine-attentiste-et-riche-en-statistiques\/#primaryimage"},"thumbnailUrl":"https:\/\/www.gold.fr\/news\/wp-content\/uploads\/2012\/01\/tendance-or.jpg","keywords":["europe","fed","italie","Japon","PIB","politique mon\u00e9taire","zone euro"],"articleSection":["Articles de presse"],"inLanguage":"fr-FR"},{"@type":"WebPage","@id":"https:\/\/www.gold.fr\/news\/2014\/12\/09\/une-semaine-attentiste-et-riche-en-statistiques\/","url":"https:\/\/www.gold.fr\/news\/2014\/12\/09\/une-semaine-attentiste-et-riche-en-statistiques\/","name":"Une semaine attentiste et riche en statistiques - Gold.fr","isPartOf":{"@id":"https:\/\/www.gold.fr\/news\/#website"},"primaryImageOfPage":{"@id":"https:\/\/www.gold.fr\/news\/2014\/12\/09\/une-semaine-attentiste-et-riche-en-statistiques\/#primaryimage"},"image":{"@id":"https:\/\/www.gold.fr\/news\/2014\/12\/09\/une-semaine-attentiste-et-riche-en-statistiques\/#primaryimage"},"thumbnailUrl":"https:\/\/www.gold.fr\/news\/wp-content\/uploads\/2012\/01\/tendance-or.jpg","datePublished":"2014-12-09T16:00:16+00:00","dateModified":"2018-02-22T13:35:53+00:00","author":{"@id":"https:\/\/www.gold.fr\/news\/#\/schema\/person\/070491b4b4fb7671bf59b3be20302ce9"},"breadcrumb":{"@id":"https:\/\/www.gold.fr\/news\/2014\/12\/09\/une-semaine-attentiste-et-riche-en-statistiques\/#breadcrumb"},"inLanguage":"fr-FR","potentialAction":[{"@type":"ReadAction","target":["https:\/\/www.gold.fr\/news\/2014\/12\/09\/une-semaine-attentiste-et-riche-en-statistiques\/"]}]},{"@type":"ImageObject","inLanguage":"fr-FR","@id":"https:\/\/www.gold.fr\/news\/2014\/12\/09\/une-semaine-attentiste-et-riche-en-statistiques\/#primaryimage","url":"https:\/\/www.gold.fr\/news\/wp-content\/uploads\/2012\/01\/tendance-or.jpg","contentUrl":"https:\/\/www.gold.fr\/news\/wp-content\/uploads\/2012\/01\/tendance-or.jpg","width":"600","height":"400","caption":"Un climat \u00e9conomique r\u00e9confortant pour le d\u00e9but de 2017"},{"@type":"BreadcrumbList","@id":"https:\/\/www.gold.fr\/news\/2014\/12\/09\/une-semaine-attentiste-et-riche-en-statistiques\/#breadcrumb","itemListElement":[{"@type":"ListItem","position":1,"name":"Accueil","item":"https:\/\/www.gold.fr\/"},{"@type":"ListItem","position":2,"name":"Actualit\u00e9s","item":"https:\/\/www.gold.fr\/news\/"},{"@type":"ListItem","position":3,"name":"Une semaine attentiste et riche en statistiques"}]},{"@type":"WebSite","@id":"https:\/\/www.gold.fr\/news\/#website","url":"https:\/\/www.gold.fr\/news\/","name":"Gold.fr","description":"Actualit\u00e9s de l&#039;Or et des m\u00e9taux pr\u00e9cieux","potentialAction":[{"@type":"SearchAction","target":{"@type":"EntryPoint","urlTemplate":"https:\/\/www.gold.fr\/news\/?s={search_term_string}"},"query-input":{"@type":"PropertyValueSpecification","valueRequired":true,"valueName":"search_term_string"}}],"inLanguage":"fr-FR"},{"@type":"Person","@id":"https:\/\/www.gold.fr\/news\/#\/schema\/person\/070491b4b4fb7671bf59b3be20302ce9","name":"Comptoir National de l'Or","image":{"@type":"ImageObject","inLanguage":"fr-FR","@id":"https:\/\/secure.gravatar.com\/avatar\/0a2867fd5abe37bed95d5a65e9d58f01756e11efc68af9888dfc50cfa7f65948?s=96&d=mm&r=gb490554db0a38188709de567aa58480d","url":"https:\/\/secure.gravatar.com\/avatar\/0a2867fd5abe37bed95d5a65e9d58f01756e11efc68af9888dfc50cfa7f65948?s=96&d=mm&r=g","contentUrl":"https:\/\/secure.gravatar.com\/avatar\/0a2867fd5abe37bed95d5a65e9d58f01756e11efc68af9888dfc50cfa7f65948?s=96&d=mm&r=g","caption":"Comptoir National de l'Or"},"description":"Notre r\u00e9daction est constitu\u00e9e de membres experts dans les m\u00e9tiers de l'\u00e9conomie et la gestion, des Responsables d'agence Comptoir National de l'Or, des analystes financiers qui publient r\u00e9guli\u00e8rement des \u00e9tudes sur les politiques des banques centrales, le cours de l'or, prix de l'or, cours de l'argent, prix de l'argent, cours du platine, cours du palladium,... la situation en zone euro et l'impact de la strat\u00e9gie mon\u00e9taire de la FED. Notre \u00e9quipe scrute \u00e9galement une information plus g\u00e9n\u00e9raliste \u00e0 la recherche d'actualit\u00e9 \"p\u00e9pite\" \u00e0 vous partager. Depuis 5 ans, nous avons publi\u00e9 un peu plus de 4000 articles qui s'adressent \u00e0 un public large et vari\u00e9 ayant pour objectif de satisfaire votre curiosit\u00e9 et de partager avec vous une certaine fascination pour le m\u00e9tal jaune, le rachat d'or, et pour ceux qui veulent investir dans l'or, vendre leur or tout simplement en savoir plus... Pour tous vos achat or et argent, n'h\u00e9sitez pas \u00e0 prendre rendez-vous dans l'un de nos nombreux comptoirs.","sameAs":["https:\/\/www.gold.fr"]}]}},"authors":[{"term_id":2565,"user_id":18,"is_guest":0,"slug":"julie","display_name":"Comptoir National de l'Or","avatar_url":"https:\/\/secure.gravatar.com\/avatar\/713f289e398d35ead876c4a4cc08607f0d6d266058cfc25683fffb6092d0e572?s=96&d=mm&r=g","0":null,"1":"","2":"","3":"","4":"","5":"","6":"","7":"","8":""}],"_links":{"self":[{"href":"https:\/\/www.gold.fr\/news\/wp-json\/wp\/v2\/posts\/16260","targetHints":{"allow":["GET"]}}],"collection":[{"href":"https:\/\/www.gold.fr\/news\/wp-json\/wp\/v2\/posts"}],"about":[{"href":"https:\/\/www.gold.fr\/news\/wp-json\/wp\/v2\/types\/post"}],"author":[{"embeddable":true,"href":"https:\/\/www.gold.fr\/news\/wp-json\/wp\/v2\/users\/18"}],"replies":[{"embeddable":true,"href":"https:\/\/www.gold.fr\/news\/wp-json\/wp\/v2\/comments?post=16260"}],"version-history":[{"count":0,"href":"https:\/\/www.gold.fr\/news\/wp-json\/wp\/v2\/posts\/16260\/revisions"}],"wp:featuredmedia":[{"embeddable":true,"href":"https:\/\/www.gold.fr\/news\/wp-json\/wp\/v2\/media\/5057"}],"wp:attachment":[{"href":"https:\/\/www.gold.fr\/news\/wp-json\/wp\/v2\/media?parent=16260"}],"wp:term":[{"taxonomy":"category","embeddable":true,"href":"https:\/\/www.gold.fr\/news\/wp-json\/wp\/v2\/categories?post=16260"},{"taxonomy":"post_tag","embeddable":true,"href":"https:\/\/www.gold.fr\/news\/wp-json\/wp\/v2\/tags?post=16260"},{"taxonomy":"author","embeddable":true,"href":"https:\/\/www.gold.fr\/news\/wp-json\/wp\/v2\/ppma_author?post=16260"}],"curies":[{"name":"wp","href":"https:\/\/api.w.org\/{rel}","templated":true}]}}