{"id":16133,"date":"2014-11-21T09:00:45","date_gmt":"2014-11-21T08:00:45","guid":{"rendered":"https:\/\/www.gold.fr\/news\/?p=16133"},"modified":"2018-02-22T14:36:42","modified_gmt":"2018-02-22T13:36:42","slug":"les-minutes-de-la-fed-font-stagner-les-devises","status":"publish","type":"post","link":"https:\/\/www.gold.fr\/news\/2014\/11\/21\/les-minutes-de-la-fed-font-stagner-les-devises\/","title":{"rendered":"Les \u2018minutes\u2019 de la FED font stagner les devises"},"content":{"rendered":"<p><span style=\"font-size: small;\"><img loading=\"lazy\" decoding=\"async\" class=\"alignleft size-thumbnail wp-image-2944\" title=\"Les \u2018minutes\u2019 de la FED font stagner les devises\" src=\"https:\/\/www.gold.fr\/news\/wp-content\/uploads\/2011\/10\/euro-or-150x150.jpg\" alt=\"\" width=\"150\" height=\"150\" \/>C&rsquo;est une ambiance d&rsquo;attentisme assez m\u00e9fiant qui r\u00e8gne actuellement sur les march\u00e9s d&rsquo;<a href='https:\/\/www.gold.fr\/news\/tags\/investissement' class='esk-seo-plu-link'>investissement<\/a> qui guettent avec appr\u00e9hension l&rsquo;annonce et la publication tr\u00e8s imminente des derni\u00e8res \u2018<em>minutes<\/em>&lsquo; de la r\u00e9union du comit\u00e9 de la r\u00e9serve f\u00e9d\u00e9rale am\u00e9ricaine. D&rsquo;ailleurs, les observateurs rappellent bien que, en dehors du rapport chiffr\u00e9 relatif \u00e0 l&rsquo;\u00e9volution de la construction r\u00e9sidentielle pour le mois d&rsquo;octobre, \u00ab <em>la journ\u00e9e va rester pauvre en annonce, hormis les minutes de la Banque d&rsquo;Angleterre et de la r\u00e9serve f\u00e9d\u00e9rale am\u00e9ricaine (FED)<\/em> \u00bb.<\/span>    <span style=\"font-size: small;\"> Et si les yeux se tournent avec autant de focalisation vers l&rsquo;issue de cette r\u00e9union du <strong>FOMC<\/strong> (comit\u00e9 de direction de la politique mon\u00e9taire de la <strong>FED<\/strong>), c&rsquo;est essentiellement en raison d&rsquo;une conjoncture \u00e9conomique mondiale marqu\u00e9e par des politiques mon\u00e9taires mondiales (adopt\u00e9es et op\u00e9r\u00e9es par les diff\u00e9rentes banques centrales majeures) tr\u00e8s divergentes, et parfois m\u00eame aux antipodes les unes des autres. Ceci vaut tr\u00e8s particuli\u00e8rement pour les politiques mon\u00e9taires adopt\u00e9es respectivement d&rsquo;un c\u00f4t\u00e9 et de l&rsquo;autre de l&rsquo;Atlantique, par la <strong>FED<\/strong> et la <strong>BCE<\/strong>.<\/span>    <span style=\"font-size: small;\"> Les analystes de la Soci\u00e9t\u00e9 G\u00e9n\u00e9rale soulignent d&rsquo;ailleurs \u00e0 ce propos que \u00ab<em> chacune des nuances du communiqu\u00e9 sera pass\u00e9e au peigne fin. Mais la question centrale demeure celle-ci : la <strong>FED<\/strong> votera-t-elle un rel\u00e8vement de ses taux directeurs pendant la phase de reprise de l&rsquo;\u00e9conomie am\u00e9ricaine, ou attendra-t-elle que l&rsquo;inflation ne soit de retour?<\/em> \u00bb.<\/span>    <span style=\"font-size: small;\"> En attendant, dollar et euro subissent \u00e9galement le contrecoup de cette atmosph\u00e8re pesante d&rsquo;attentisme, marquant une pause simultan\u00e9e dans leur comp\u00e9tition, en attendant la publication des fameuses \u2018<em>minutes<\/em>&lsquo;.<\/span><\/p>\n<!-- AddThis Advanced Settings generic via filter on the_content --><!-- AddThis Share Buttons generic via filter on the_content -->","protected":false},"excerpt":{"rendered":"<p>C&rsquo;est une ambiance d&rsquo;attentisme assez m\u00e9fiant qui r\u00e8gne actuellement sur les march\u00e9s d&rsquo;investissement qui guettent avec appr\u00e9hension l&rsquo;annonce et la publication tr\u00e8s imminente des derni\u00e8res \u2018minutes&lsquo; de la r\u00e9union du comit\u00e9 de la r\u00e9serve f\u00e9d\u00e9rale am\u00e9ricaine. [&hellip;]<\/p>\n","protected":false},"author":18,"featured_media":2944,"comment_status":"open","ping_status":"open","sticky":false,"template":"","format":"standard","meta":{"_mbp_gutenberg_autopost":false,"_pgmb_is_evergreen":false,"_pgmb_ap_template_id":0,"footnotes":""},"categories":[6],"tags":[143,1040,102,103,144,1034,1649],"ppma_author":[2565],"class_list":["post-16133","post","type-post","status-publish","format-standard","has-post-thumbnail","hentry","category-articles-de-presse","tag-bce","tag-devises","tag-dollar","tag-euro","tag-fed","tag-fomc","tag-marches"],"yoast_head":"<!-- This site is optimized with the Yoast SEO plugin v27.5 - https:\/\/yoast.com\/product\/yoast-seo-wordpress\/ -->\n<title>Les \u2018minutes\u2019 de la FED font stagner les devises - Gold.fr<\/title>\n<meta name=\"robots\" content=\"index, follow, max-snippet:-1, max-image-preview:large, max-video-preview:-1\" \/>\n<link rel=\"canonical\" href=\"https:\/\/www.gold.fr\/news\/2014\/11\/21\/les-minutes-de-la-fed-font-stagner-les-devises\/\" \/>\n<meta property=\"og:locale\" content=\"fr_FR\" \/>\n<meta property=\"og:type\" content=\"article\" \/>\n<meta property=\"og:title\" content=\"Les \u2018minutes\u2019 de la FED font stagner les devises - Gold.fr\" \/>\n<meta property=\"og:description\" content=\"C&rsquo;est une ambiance d&rsquo;attentisme assez m\u00e9fiant qui r\u00e8gne actuellement sur les march\u00e9s d&rsquo;investissement qui guettent avec appr\u00e9hension l&rsquo;annonce et la publication tr\u00e8s imminente des derni\u00e8res \u2018minutes&lsquo; de la r\u00e9union du comit\u00e9 de la r\u00e9serve f\u00e9d\u00e9rale am\u00e9ricaine. [&hellip;]\" \/>\n<meta property=\"og:url\" content=\"https:\/\/www.gold.fr\/news\/2014\/11\/21\/les-minutes-de-la-fed-font-stagner-les-devises\/\" \/>\n<meta property=\"og:site_name\" content=\"Gold.fr\" \/>\n<meta property=\"article:publisher\" content=\"https:\/\/www.facebook.com\/Goldfr\/\" \/>\n<meta property=\"article:published_time\" content=\"2014-11-21T08:00:45+00:00\" \/>\n<meta property=\"article:modified_time\" content=\"2018-02-22T13:36:42+00:00\" \/>\n<meta property=\"og:image\" content=\"https:\/\/www.gold.fr\/news\/wp-content\/uploads\/2011\/10\/euro-or.jpg\" \/>\n\t<meta property=\"og:image:width\" content=\"600\" \/>\n\t<meta property=\"og:image:height\" content=\"489\" \/>\n\t<meta property=\"og:image:type\" content=\"image\/jpeg\" \/>\n<meta name=\"author\" content=\"Comptoir National de l&#039;Or\" \/>\n<meta name=\"twitter:card\" content=\"summary_large_image\" \/>\n<meta name=\"twitter:label1\" content=\"\u00c9crit par\" \/>\n\t<meta name=\"twitter:data1\" content=\"Comptoir National de l&#039;Or\" \/>\n\t<meta name=\"twitter:label2\" content=\"Dur\u00e9e de lecture estim\u00e9e\" \/>\n\t<meta name=\"twitter:data2\" content=\"1 minute\" \/>\n<script type=\"application\/ld+json\" class=\"yoast-schema-graph\">{\"@context\":\"https:\\\/\\\/schema.org\",\"@graph\":[{\"@type\":\"Article\",\"@id\":\"https:\\\/\\\/www.gold.fr\\\/news\\\/2014\\\/11\\\/21\\\/les-minutes-de-la-fed-font-stagner-les-devises\\\/#article\",\"isPartOf\":{\"@id\":\"https:\\\/\\\/www.gold.fr\\\/news\\\/2014\\\/11\\\/21\\\/les-minutes-de-la-fed-font-stagner-les-devises\\\/\"},\"author\":{\"name\":\"Comptoir National de l'Or\",\"@id\":\"https:\\\/\\\/www.gold.fr\\\/news\\\/#\\\/schema\\\/person\\\/070491b4b4fb7671bf59b3be20302ce9\"},\"headline\":\"Les \u2018minutes\u2019 de la FED font stagner les devises\",\"datePublished\":\"2014-11-21T08:00:45+00:00\",\"dateModified\":\"2018-02-22T13:36:42+00:00\",\"mainEntityOfPage\":{\"@id\":\"https:\\\/\\\/www.gold.fr\\\/news\\\/2014\\\/11\\\/21\\\/les-minutes-de-la-fed-font-stagner-les-devises\\\/\"},\"wordCount\":310,\"commentCount\":0,\"image\":{\"@id\":\"https:\\\/\\\/www.gold.fr\\\/news\\\/2014\\\/11\\\/21\\\/les-minutes-de-la-fed-font-stagner-les-devises\\\/#primaryimage\"},\"thumbnailUrl\":\"https:\\\/\\\/www.gold.fr\\\/news\\\/wp-content\\\/uploads\\\/2011\\\/10\\\/euro-or.jpg\",\"keywords\":[\"bce\",\"devises\",\"dollar\",\"euro\",\"fed\",\"FOMC\",\"march\u00e9s\"],\"articleSection\":[\"Articles de presse\"],\"inLanguage\":\"fr-FR\"},{\"@type\":\"WebPage\",\"@id\":\"https:\\\/\\\/www.gold.fr\\\/news\\\/2014\\\/11\\\/21\\\/les-minutes-de-la-fed-font-stagner-les-devises\\\/\",\"url\":\"https:\\\/\\\/www.gold.fr\\\/news\\\/2014\\\/11\\\/21\\\/les-minutes-de-la-fed-font-stagner-les-devises\\\/\",\"name\":\"Les \u2018minutes\u2019 de la FED font stagner les devises - Gold.fr\",\"isPartOf\":{\"@id\":\"https:\\\/\\\/www.gold.fr\\\/news\\\/#website\"},\"primaryImageOfPage\":{\"@id\":\"https:\\\/\\\/www.gold.fr\\\/news\\\/2014\\\/11\\\/21\\\/les-minutes-de-la-fed-font-stagner-les-devises\\\/#primaryimage\"},\"image\":{\"@id\":\"https:\\\/\\\/www.gold.fr\\\/news\\\/2014\\\/11\\\/21\\\/les-minutes-de-la-fed-font-stagner-les-devises\\\/#primaryimage\"},\"thumbnailUrl\":\"https:\\\/\\\/www.gold.fr\\\/news\\\/wp-content\\\/uploads\\\/2011\\\/10\\\/euro-or.jpg\",\"datePublished\":\"2014-11-21T08:00:45+00:00\",\"dateModified\":\"2018-02-22T13:36:42+00:00\",\"author\":{\"@id\":\"https:\\\/\\\/www.gold.fr\\\/news\\\/#\\\/schema\\\/person\\\/070491b4b4fb7671bf59b3be20302ce9\"},\"breadcrumb\":{\"@id\":\"https:\\\/\\\/www.gold.fr\\\/news\\\/2014\\\/11\\\/21\\\/les-minutes-de-la-fed-font-stagner-les-devises\\\/#breadcrumb\"},\"inLanguage\":\"fr-FR\",\"potentialAction\":[{\"@type\":\"ReadAction\",\"target\":[\"https:\\\/\\\/www.gold.fr\\\/news\\\/2014\\\/11\\\/21\\\/les-minutes-de-la-fed-font-stagner-les-devises\\\/\"]}]},{\"@type\":\"ImageObject\",\"inLanguage\":\"fr-FR\",\"@id\":\"https:\\\/\\\/www.gold.fr\\\/news\\\/2014\\\/11\\\/21\\\/les-minutes-de-la-fed-font-stagner-les-devises\\\/#primaryimage\",\"url\":\"https:\\\/\\\/www.gold.fr\\\/news\\\/wp-content\\\/uploads\\\/2011\\\/10\\\/euro-or.jpg\",\"contentUrl\":\"https:\\\/\\\/www.gold.fr\\\/news\\\/wp-content\\\/uploads\\\/2011\\\/10\\\/euro-or.jpg\",\"width\":\"600\",\"height\":\"489\",\"caption\":\"L'or stabilise, l'issue juridique de l'OMT en vue\"},{\"@type\":\"BreadcrumbList\",\"@id\":\"https:\\\/\\\/www.gold.fr\\\/news\\\/2014\\\/11\\\/21\\\/les-minutes-de-la-fed-font-stagner-les-devises\\\/#breadcrumb\",\"itemListElement\":[{\"@type\":\"ListItem\",\"position\":1,\"name\":\"Accueil\",\"item\":\"https:\\\/\\\/www.gold.fr\\\/\"},{\"@type\":\"ListItem\",\"position\":2,\"name\":\"Actualit\u00e9s\",\"item\":\"https:\\\/\\\/www.gold.fr\\\/news\\\/\"},{\"@type\":\"ListItem\",\"position\":3,\"name\":\"Les \u2018minutes\u2019 de la FED font stagner les devises\"}]},{\"@type\":\"WebSite\",\"@id\":\"https:\\\/\\\/www.gold.fr\\\/news\\\/#website\",\"url\":\"https:\\\/\\\/www.gold.fr\\\/news\\\/\",\"name\":\"Gold.fr\",\"description\":\"Actualit\u00e9s de l&#039;Or et des m\u00e9taux pr\u00e9cieux\",\"potentialAction\":[{\"@type\":\"SearchAction\",\"target\":{\"@type\":\"EntryPoint\",\"urlTemplate\":\"https:\\\/\\\/www.gold.fr\\\/news\\\/?s={search_term_string}\"},\"query-input\":{\"@type\":\"PropertyValueSpecification\",\"valueRequired\":true,\"valueName\":\"search_term_string\"}}],\"inLanguage\":\"fr-FR\"},{\"@type\":\"Person\",\"@id\":\"https:\\\/\\\/www.gold.fr\\\/news\\\/#\\\/schema\\\/person\\\/070491b4b4fb7671bf59b3be20302ce9\",\"name\":\"Comptoir National de l'Or\",\"image\":{\"@type\":\"ImageObject\",\"inLanguage\":\"fr-FR\",\"@id\":\"https:\\\/\\\/secure.gravatar.com\\\/avatar\\\/0a2867fd5abe37bed95d5a65e9d58f01756e11efc68af9888dfc50cfa7f65948?s=96&d=mm&r=gb490554db0a38188709de567aa58480d\",\"url\":\"https:\\\/\\\/secure.gravatar.com\\\/avatar\\\/0a2867fd5abe37bed95d5a65e9d58f01756e11efc68af9888dfc50cfa7f65948?s=96&d=mm&r=g\",\"contentUrl\":\"https:\\\/\\\/secure.gravatar.com\\\/avatar\\\/0a2867fd5abe37bed95d5a65e9d58f01756e11efc68af9888dfc50cfa7f65948?s=96&d=mm&r=g\",\"caption\":\"Comptoir National de l'Or\"},\"description\":\"Notre r\u00e9daction est constitu\u00e9e de membres experts dans les m\u00e9tiers de l'\u00e9conomie et la gestion, des Responsables d'agence Comptoir National de l'Or, des analystes financiers qui publient r\u00e9guli\u00e8rement des \u00e9tudes sur les politiques des banques centrales, le cours de l'or, prix de l'or, cours de l'argent, prix de l'argent, cours du platine, cours du palladium,... la situation en zone euro et l'impact de la strat\u00e9gie mon\u00e9taire de la FED. Notre \u00e9quipe scrute \u00e9galement une information plus g\u00e9n\u00e9raliste \u00e0 la recherche d'actualit\u00e9 \\\"p\u00e9pite\\\" \u00e0 vous partager. Depuis 5 ans, nous avons publi\u00e9 un peu plus de 4000 articles qui s'adressent \u00e0 un public large et vari\u00e9 ayant pour objectif de satisfaire votre curiosit\u00e9 et de partager avec vous une certaine fascination pour le m\u00e9tal jaune, le rachat d'or, et pour ceux qui veulent investir dans l'or, vendre leur or tout simplement en savoir plus... Pour tous vos achat or et argent, n'h\u00e9sitez pas \u00e0 prendre rendez-vous dans l'un de nos nombreux comptoirs.\",\"sameAs\":[\"https:\\\/\\\/www.gold.fr\"]}]}<\/script>\n<!-- \/ Yoast SEO plugin. -->","yoast_head_json":{"title":"Les \u2018minutes\u2019 de la FED font stagner les devises - Gold.fr","robots":{"index":"index","follow":"follow","max-snippet":"max-snippet:-1","max-image-preview":"max-image-preview:large","max-video-preview":"max-video-preview:-1"},"canonical":"https:\/\/www.gold.fr\/news\/2014\/11\/21\/les-minutes-de-la-fed-font-stagner-les-devises\/","og_locale":"fr_FR","og_type":"article","og_title":"Les \u2018minutes\u2019 de la FED font stagner les devises - Gold.fr","og_description":"C&rsquo;est une ambiance d&rsquo;attentisme assez m\u00e9fiant qui r\u00e8gne actuellement sur les march\u00e9s d&rsquo;investissement qui guettent avec appr\u00e9hension l&rsquo;annonce et la publication tr\u00e8s imminente des derni\u00e8res \u2018minutes&lsquo; de la r\u00e9union du comit\u00e9 de la r\u00e9serve f\u00e9d\u00e9rale am\u00e9ricaine. [&hellip;]","og_url":"https:\/\/www.gold.fr\/news\/2014\/11\/21\/les-minutes-de-la-fed-font-stagner-les-devises\/","og_site_name":"Gold.fr","article_publisher":"https:\/\/www.facebook.com\/Goldfr\/","article_published_time":"2014-11-21T08:00:45+00:00","article_modified_time":"2018-02-22T13:36:42+00:00","og_image":[{"width":600,"height":489,"url":"https:\/\/www.gold.fr\/news\/wp-content\/uploads\/2011\/10\/euro-or.jpg","type":"image\/jpeg"}],"author":"Comptoir National de l'Or","twitter_card":"summary_large_image","twitter_misc":{"\u00c9crit par":"Comptoir National de l'Or","Dur\u00e9e de lecture estim\u00e9e":"1 minute"},"schema":{"@context":"https:\/\/schema.org","@graph":[{"@type":"Article","@id":"https:\/\/www.gold.fr\/news\/2014\/11\/21\/les-minutes-de-la-fed-font-stagner-les-devises\/#article","isPartOf":{"@id":"https:\/\/www.gold.fr\/news\/2014\/11\/21\/les-minutes-de-la-fed-font-stagner-les-devises\/"},"author":{"name":"Comptoir National de l'Or","@id":"https:\/\/www.gold.fr\/news\/#\/schema\/person\/070491b4b4fb7671bf59b3be20302ce9"},"headline":"Les \u2018minutes\u2019 de la FED font stagner les devises","datePublished":"2014-11-21T08:00:45+00:00","dateModified":"2018-02-22T13:36:42+00:00","mainEntityOfPage":{"@id":"https:\/\/www.gold.fr\/news\/2014\/11\/21\/les-minutes-de-la-fed-font-stagner-les-devises\/"},"wordCount":310,"commentCount":0,"image":{"@id":"https:\/\/www.gold.fr\/news\/2014\/11\/21\/les-minutes-de-la-fed-font-stagner-les-devises\/#primaryimage"},"thumbnailUrl":"https:\/\/www.gold.fr\/news\/wp-content\/uploads\/2011\/10\/euro-or.jpg","keywords":["bce","devises","dollar","euro","fed","FOMC","march\u00e9s"],"articleSection":["Articles de presse"],"inLanguage":"fr-FR"},{"@type":"WebPage","@id":"https:\/\/www.gold.fr\/news\/2014\/11\/21\/les-minutes-de-la-fed-font-stagner-les-devises\/","url":"https:\/\/www.gold.fr\/news\/2014\/11\/21\/les-minutes-de-la-fed-font-stagner-les-devises\/","name":"Les \u2018minutes\u2019 de la FED font stagner les devises - Gold.fr","isPartOf":{"@id":"https:\/\/www.gold.fr\/news\/#website"},"primaryImageOfPage":{"@id":"https:\/\/www.gold.fr\/news\/2014\/11\/21\/les-minutes-de-la-fed-font-stagner-les-devises\/#primaryimage"},"image":{"@id":"https:\/\/www.gold.fr\/news\/2014\/11\/21\/les-minutes-de-la-fed-font-stagner-les-devises\/#primaryimage"},"thumbnailUrl":"https:\/\/www.gold.fr\/news\/wp-content\/uploads\/2011\/10\/euro-or.jpg","datePublished":"2014-11-21T08:00:45+00:00","dateModified":"2018-02-22T13:36:42+00:00","author":{"@id":"https:\/\/www.gold.fr\/news\/#\/schema\/person\/070491b4b4fb7671bf59b3be20302ce9"},"breadcrumb":{"@id":"https:\/\/www.gold.fr\/news\/2014\/11\/21\/les-minutes-de-la-fed-font-stagner-les-devises\/#breadcrumb"},"inLanguage":"fr-FR","potentialAction":[{"@type":"ReadAction","target":["https:\/\/www.gold.fr\/news\/2014\/11\/21\/les-minutes-de-la-fed-font-stagner-les-devises\/"]}]},{"@type":"ImageObject","inLanguage":"fr-FR","@id":"https:\/\/www.gold.fr\/news\/2014\/11\/21\/les-minutes-de-la-fed-font-stagner-les-devises\/#primaryimage","url":"https:\/\/www.gold.fr\/news\/wp-content\/uploads\/2011\/10\/euro-or.jpg","contentUrl":"https:\/\/www.gold.fr\/news\/wp-content\/uploads\/2011\/10\/euro-or.jpg","width":"600","height":"489","caption":"L'or stabilise, l'issue juridique de l'OMT en vue"},{"@type":"BreadcrumbList","@id":"https:\/\/www.gold.fr\/news\/2014\/11\/21\/les-minutes-de-la-fed-font-stagner-les-devises\/#breadcrumb","itemListElement":[{"@type":"ListItem","position":1,"name":"Accueil","item":"https:\/\/www.gold.fr\/"},{"@type":"ListItem","position":2,"name":"Actualit\u00e9s","item":"https:\/\/www.gold.fr\/news\/"},{"@type":"ListItem","position":3,"name":"Les \u2018minutes\u2019 de la FED font stagner les devises"}]},{"@type":"WebSite","@id":"https:\/\/www.gold.fr\/news\/#website","url":"https:\/\/www.gold.fr\/news\/","name":"Gold.fr","description":"Actualit\u00e9s de l&#039;Or et des m\u00e9taux pr\u00e9cieux","potentialAction":[{"@type":"SearchAction","target":{"@type":"EntryPoint","urlTemplate":"https:\/\/www.gold.fr\/news\/?s={search_term_string}"},"query-input":{"@type":"PropertyValueSpecification","valueRequired":true,"valueName":"search_term_string"}}],"inLanguage":"fr-FR"},{"@type":"Person","@id":"https:\/\/www.gold.fr\/news\/#\/schema\/person\/070491b4b4fb7671bf59b3be20302ce9","name":"Comptoir National de l'Or","image":{"@type":"ImageObject","inLanguage":"fr-FR","@id":"https:\/\/secure.gravatar.com\/avatar\/0a2867fd5abe37bed95d5a65e9d58f01756e11efc68af9888dfc50cfa7f65948?s=96&d=mm&r=gb490554db0a38188709de567aa58480d","url":"https:\/\/secure.gravatar.com\/avatar\/0a2867fd5abe37bed95d5a65e9d58f01756e11efc68af9888dfc50cfa7f65948?s=96&d=mm&r=g","contentUrl":"https:\/\/secure.gravatar.com\/avatar\/0a2867fd5abe37bed95d5a65e9d58f01756e11efc68af9888dfc50cfa7f65948?s=96&d=mm&r=g","caption":"Comptoir National de l'Or"},"description":"Notre r\u00e9daction est constitu\u00e9e de membres experts dans les m\u00e9tiers de l'\u00e9conomie et la gestion, des Responsables d'agence Comptoir National de l'Or, des analystes financiers qui publient r\u00e9guli\u00e8rement des \u00e9tudes sur les politiques des banques centrales, le cours de l'or, prix de l'or, cours de l'argent, prix de l'argent, cours du platine, cours du palladium,... la situation en zone euro et l'impact de la strat\u00e9gie mon\u00e9taire de la FED. Notre \u00e9quipe scrute \u00e9galement une information plus g\u00e9n\u00e9raliste \u00e0 la recherche d'actualit\u00e9 \"p\u00e9pite\" \u00e0 vous partager. Depuis 5 ans, nous avons publi\u00e9 un peu plus de 4000 articles qui s'adressent \u00e0 un public large et vari\u00e9 ayant pour objectif de satisfaire votre curiosit\u00e9 et de partager avec vous une certaine fascination pour le m\u00e9tal jaune, le rachat d'or, et pour ceux qui veulent investir dans l'or, vendre leur or tout simplement en savoir plus... Pour tous vos achat or et argent, n'h\u00e9sitez pas \u00e0 prendre rendez-vous dans l'un de nos nombreux comptoirs.","sameAs":["https:\/\/www.gold.fr"]}]}},"authors":[{"term_id":2565,"user_id":18,"is_guest":0,"slug":"julie","display_name":"Comptoir National de l'Or","avatar_url":"https:\/\/secure.gravatar.com\/avatar\/713f289e398d35ead876c4a4cc08607f0d6d266058cfc25683fffb6092d0e572?s=96&d=mm&r=g","0":null,"1":"","2":"","3":"","4":"","5":"","6":"","7":"","8":""}],"_links":{"self":[{"href":"https:\/\/www.gold.fr\/news\/wp-json\/wp\/v2\/posts\/16133","targetHints":{"allow":["GET"]}}],"collection":[{"href":"https:\/\/www.gold.fr\/news\/wp-json\/wp\/v2\/posts"}],"about":[{"href":"https:\/\/www.gold.fr\/news\/wp-json\/wp\/v2\/types\/post"}],"author":[{"embeddable":true,"href":"https:\/\/www.gold.fr\/news\/wp-json\/wp\/v2\/users\/18"}],"replies":[{"embeddable":true,"href":"https:\/\/www.gold.fr\/news\/wp-json\/wp\/v2\/comments?post=16133"}],"version-history":[{"count":0,"href":"https:\/\/www.gold.fr\/news\/wp-json\/wp\/v2\/posts\/16133\/revisions"}],"wp:featuredmedia":[{"embeddable":true,"href":"https:\/\/www.gold.fr\/news\/wp-json\/wp\/v2\/media\/2944"}],"wp:attachment":[{"href":"https:\/\/www.gold.fr\/news\/wp-json\/wp\/v2\/media?parent=16133"}],"wp:term":[{"taxonomy":"category","embeddable":true,"href":"https:\/\/www.gold.fr\/news\/wp-json\/wp\/v2\/categories?post=16133"},{"taxonomy":"post_tag","embeddable":true,"href":"https:\/\/www.gold.fr\/news\/wp-json\/wp\/v2\/tags?post=16133"},{"taxonomy":"author","embeddable":true,"href":"https:\/\/www.gold.fr\/news\/wp-json\/wp\/v2\/ppma_author?post=16133"}],"curies":[{"name":"wp","href":"https:\/\/api.w.org\/{rel}","templated":true}]}}