{"id":16085,"date":"2014-11-14T09:00:49","date_gmt":"2014-11-14T08:00:49","guid":{"rendered":"https:\/\/www.gold.fr\/news\/?p=16085"},"modified":"2018-02-22T14:37:05","modified_gmt":"2018-02-22T13:37:05","slug":"marches-euro-une-baisse-a-peine-moderee","status":"publish","type":"post","link":"https:\/\/www.gold.fr\/news\/2014\/11\/14\/marches-euro-une-baisse-a-peine-moderee\/","title":{"rendered":"March\u00e9s euro : Une baisse \u00e0 peine mod\u00e9r\u00e9e"},"content":{"rendered":"<p><img loading=\"lazy\" decoding=\"async\" class=\"alignleft size-thumbnail wp-image-444\" title=\"March\u00e9s euro : Une baisse \u00e0 peine mod\u00e9r\u00e9e\" src=\"https:\/\/www.gold.fr\/news\/wp-content\/uploads\/2011\/07\/1-150x150.jpg\" alt=\"\" width=\"150\" height=\"150\" \/><span style=\"font-size: small;\">Les experts s&rsquo;inqui\u00e9taient, durant <a title=\"L\u2019or r\u00e9cup\u00e8re quelques couleurs, sans quitter la charni\u00e8re baissi\u00e8re\" href=\"https:\/\/www.gold.fr\/news\/2014\/11\/12\/lor-recupere-quelques-couleurs-sans-quitter-la-charniere-baissiere\/16071\/\" target=\"_blank\">la s\u00e9ance de mercredi<\/a> de voir les pressions baissi\u00e8res l&#8217;emporter sur les courants haussiers, sur les march\u00e9s europ\u00e9ens, tirant les principales places boursi\u00e8res de la zone euro vers de nouveaux records de sous-performance. Car il faut admettre que l&rsquo;annonce de la hausse de <strong>0,6%<\/strong> de la production industrielle en zone euro en septembre (exc\u00e9dant les pr\u00e9visions expertes \u00e0 <strong>-0,2%<\/strong>) n&rsquo;avait pas r\u00e9ussi \u00e0 mettre du baume aux inqui\u00e9tudes des op\u00e9rateurs, d&rsquo;autant plus que \u00ab <em>m\u00eame avec septembre, la production sur l&rsquo;ensemble du troisi\u00e8me trimestre a baiss\u00e9 de <strong>0,4%<\/strong> par rapport au deuxi\u00e8me \u00bb. <\/em>Et avec le spectre de la r\u00e9cession, qui plane sur la premi\u00e8re \u00e9conomie de la zone euro (l&rsquo;Allemagne), <strong>Chris Williamson<\/strong>, chef \u00e9conomiste chez <strong>Markit<\/strong>, pr\u00e9vient qu&rsquo;une<em> \u00ab nouvelle d\u00e9gradation constitue une possibilit\u00e9 r\u00e9elle si les <a href='https:\/\/www.gold.fr\/news\/tags\/investissement' class='esk-seo-plu-link'>actions<\/a> r\u00e9centes de la Banque Centrale Europ\u00e9enne \u00e9chouent \u00e0 apporter le soutien n\u00e9cessaire \u00e0 la croissance<\/em> \u00bb.<\/span>    <span style=\"font-size: small;\"> Bref ; le bilan de la semaine s&rsquo;annon\u00e7ait particuli\u00e8rement morose pour le c\u00f4t\u00e9 europ\u00e9en de la plan\u00e8te \u00e9conomique. Mais <a title=\"Wall-Street en baisse; l\u2019or stabilise\" href=\"https:\/\/www.gold.fr\/news\/2014\/11\/13\/wall-street-en-baisse-lor-stabilise\/16079\/\" target=\"_blank\">la s\u00e9ance de jeudi<\/a> a tout de m\u00eame r\u00e9ussi \u00e0 apporter un zeste d&rsquo;espoir, mod\u00e9rant (tr\u00e8s relativement) la s\u00e9rie noire des mauvaises nouvelles et sous-performances euro.<\/span>    <span style=\"font-size: small;\"> Un rapport officiel a en effet r\u00e9v\u00e9l\u00e9 que l&rsquo;inflation en rythme annuel avait \u00e9t\u00e9 maintenue \u00e0 <strong>0,8%<\/strong> en Allemagne au mois d&rsquo;octobre, comme tout au long du trimestre pr\u00e9c\u00e9dant, alors que les prix \u00e0 la consommation, dans l&rsquo;Hexagone, ont enregistr\u00e9 une tr\u00e8s modeste hausse annuelle de <strong>0,5%<\/strong> contre une baisse espagnole de <strong>0,1%<\/strong>.<\/span><\/p>\n<!-- AddThis Advanced Settings generic via filter on the_content --><!-- AddThis Share Buttons generic via filter on the_content -->","protected":false},"excerpt":{"rendered":"<p>Les experts s&rsquo;inqui\u00e9taient, durant la s\u00e9ance de mercredi de voir les pressions baissi\u00e8res l&#8217;emporter sur les courants haussiers, sur les march\u00e9s europ\u00e9ens, tirant les principales places boursi\u00e8res de la zone euro vers de nouveaux records de [&hellip;]<\/p>\n","protected":false},"author":18,"featured_media":0,"comment_status":"open","ping_status":"open","sticky":false,"template":"","format":"standard","meta":{"_mbp_gutenberg_autopost":false,"_pgmb_is_evergreen":false,"_pgmb_ap_template_id":0,"footnotes":""},"categories":[6],"tags":[242,1649,126],"ppma_author":[2565],"class_list":["post-16085","post","type-post","status-publish","format-standard","hentry","category-articles-de-presse","tag-europe","tag-marches","tag-zone-euro"],"yoast_head":"<!-- This site is optimized with the Yoast SEO plugin v27.5 - https:\/\/yoast.com\/product\/yoast-seo-wordpress\/ -->\n<title>March\u00e9s euro : Une baisse \u00e0 peine mod\u00e9r\u00e9e - Gold.fr<\/title>\n<meta name=\"robots\" content=\"index, follow, max-snippet:-1, max-image-preview:large, max-video-preview:-1\" \/>\n<link rel=\"canonical\" href=\"https:\/\/www.gold.fr\/news\/2014\/11\/14\/marches-euro-une-baisse-a-peine-moderee\/\" \/>\n<meta property=\"og:locale\" content=\"fr_FR\" \/>\n<meta property=\"og:type\" content=\"article\" \/>\n<meta property=\"og:title\" content=\"March\u00e9s euro : Une baisse \u00e0 peine mod\u00e9r\u00e9e - Gold.fr\" \/>\n<meta property=\"og:description\" content=\"Les experts s&rsquo;inqui\u00e9taient, durant la s\u00e9ance de mercredi de voir les pressions baissi\u00e8res l&#8217;emporter sur les courants haussiers, sur les march\u00e9s europ\u00e9ens, tirant les principales places boursi\u00e8res de la zone euro vers de nouveaux records de [&hellip;]\" \/>\n<meta property=\"og:url\" content=\"https:\/\/www.gold.fr\/news\/2014\/11\/14\/marches-euro-une-baisse-a-peine-moderee\/\" \/>\n<meta property=\"og:site_name\" content=\"Gold.fr\" \/>\n<meta property=\"article:publisher\" content=\"https:\/\/www.facebook.com\/Goldfr\/\" \/>\n<meta property=\"article:published_time\" content=\"2014-11-14T08:00:49+00:00\" \/>\n<meta property=\"article:modified_time\" content=\"2018-02-22T13:37:05+00:00\" \/>\n<meta property=\"og:image\" content=\"https:\/\/www.gold.fr\/news\/wp-content\/uploads\/2011\/07\/1-150x150.jpg\" \/>\n<meta name=\"author\" content=\"Comptoir National de l&#039;Or\" \/>\n<meta name=\"twitter:card\" content=\"summary_large_image\" \/>\n<meta name=\"twitter:label1\" content=\"\u00c9crit par\" \/>\n\t<meta name=\"twitter:data1\" content=\"Comptoir National de l&#039;Or\" \/>\n\t<meta name=\"twitter:label2\" content=\"Dur\u00e9e de lecture estim\u00e9e\" \/>\n\t<meta name=\"twitter:data2\" content=\"1 minute\" \/>\n<script type=\"application\/ld+json\" class=\"yoast-schema-graph\">{\"@context\":\"https:\\\/\\\/schema.org\",\"@graph\":[{\"@type\":\"Article\",\"@id\":\"https:\\\/\\\/www.gold.fr\\\/news\\\/2014\\\/11\\\/14\\\/marches-euro-une-baisse-a-peine-moderee\\\/#article\",\"isPartOf\":{\"@id\":\"https:\\\/\\\/www.gold.fr\\\/news\\\/2014\\\/11\\\/14\\\/marches-euro-une-baisse-a-peine-moderee\\\/\"},\"author\":{\"name\":\"Comptoir National de l'Or\",\"@id\":\"https:\\\/\\\/www.gold.fr\\\/news\\\/#\\\/schema\\\/person\\\/070491b4b4fb7671bf59b3be20302ce9\"},\"headline\":\"March\u00e9s euro : Une baisse \u00e0 peine mod\u00e9r\u00e9e\",\"datePublished\":\"2014-11-14T08:00:49+00:00\",\"dateModified\":\"2018-02-22T13:37:05+00:00\",\"mainEntityOfPage\":{\"@id\":\"https:\\\/\\\/www.gold.fr\\\/news\\\/2014\\\/11\\\/14\\\/marches-euro-une-baisse-a-peine-moderee\\\/\"},\"wordCount\":290,\"commentCount\":0,\"image\":{\"@id\":\"https:\\\/\\\/www.gold.fr\\\/news\\\/2014\\\/11\\\/14\\\/marches-euro-une-baisse-a-peine-moderee\\\/#primaryimage\"},\"thumbnailUrl\":\"https:\\\/\\\/www.gold.fr\\\/news\\\/wp-content\\\/uploads\\\/2011\\\/07\\\/1-150x150.jpg\",\"keywords\":[\"europe\",\"march\u00e9s\",\"zone euro\"],\"articleSection\":[\"Articles de presse\"],\"inLanguage\":\"fr-FR\"},{\"@type\":\"WebPage\",\"@id\":\"https:\\\/\\\/www.gold.fr\\\/news\\\/2014\\\/11\\\/14\\\/marches-euro-une-baisse-a-peine-moderee\\\/\",\"url\":\"https:\\\/\\\/www.gold.fr\\\/news\\\/2014\\\/11\\\/14\\\/marches-euro-une-baisse-a-peine-moderee\\\/\",\"name\":\"March\u00e9s euro : Une baisse \u00e0 peine mod\u00e9r\u00e9e - Gold.fr\",\"isPartOf\":{\"@id\":\"https:\\\/\\\/www.gold.fr\\\/news\\\/#website\"},\"primaryImageOfPage\":{\"@id\":\"https:\\\/\\\/www.gold.fr\\\/news\\\/2014\\\/11\\\/14\\\/marches-euro-une-baisse-a-peine-moderee\\\/#primaryimage\"},\"image\":{\"@id\":\"https:\\\/\\\/www.gold.fr\\\/news\\\/2014\\\/11\\\/14\\\/marches-euro-une-baisse-a-peine-moderee\\\/#primaryimage\"},\"thumbnailUrl\":\"https:\\\/\\\/www.gold.fr\\\/news\\\/wp-content\\\/uploads\\\/2011\\\/07\\\/1-150x150.jpg\",\"datePublished\":\"2014-11-14T08:00:49+00:00\",\"dateModified\":\"2018-02-22T13:37:05+00:00\",\"author\":{\"@id\":\"https:\\\/\\\/www.gold.fr\\\/news\\\/#\\\/schema\\\/person\\\/070491b4b4fb7671bf59b3be20302ce9\"},\"breadcrumb\":{\"@id\":\"https:\\\/\\\/www.gold.fr\\\/news\\\/2014\\\/11\\\/14\\\/marches-euro-une-baisse-a-peine-moderee\\\/#breadcrumb\"},\"inLanguage\":\"fr-FR\",\"potentialAction\":[{\"@type\":\"ReadAction\",\"target\":[\"https:\\\/\\\/www.gold.fr\\\/news\\\/2014\\\/11\\\/14\\\/marches-euro-une-baisse-a-peine-moderee\\\/\"]}]},{\"@type\":\"ImageObject\",\"inLanguage\":\"fr-FR\",\"@id\":\"https:\\\/\\\/www.gold.fr\\\/news\\\/2014\\\/11\\\/14\\\/marches-euro-une-baisse-a-peine-moderee\\\/#primaryimage\",\"url\":\"https:\\\/\\\/www.gold.fr\\\/news\\\/wp-content\\\/uploads\\\/2011\\\/07\\\/1-150x150.jpg\",\"contentUrl\":\"https:\\\/\\\/www.gold.fr\\\/news\\\/wp-content\\\/uploads\\\/2011\\\/07\\\/1-150x150.jpg\"},{\"@type\":\"BreadcrumbList\",\"@id\":\"https:\\\/\\\/www.gold.fr\\\/news\\\/2014\\\/11\\\/14\\\/marches-euro-une-baisse-a-peine-moderee\\\/#breadcrumb\",\"itemListElement\":[{\"@type\":\"ListItem\",\"position\":1,\"name\":\"Accueil\",\"item\":\"https:\\\/\\\/www.gold.fr\\\/\"},{\"@type\":\"ListItem\",\"position\":2,\"name\":\"Actualit\u00e9s\",\"item\":\"https:\\\/\\\/www.gold.fr\\\/news\\\/\"},{\"@type\":\"ListItem\",\"position\":3,\"name\":\"March\u00e9s euro : Une baisse \u00e0 peine mod\u00e9r\u00e9e\"}]},{\"@type\":\"WebSite\",\"@id\":\"https:\\\/\\\/www.gold.fr\\\/news\\\/#website\",\"url\":\"https:\\\/\\\/www.gold.fr\\\/news\\\/\",\"name\":\"Gold.fr\",\"description\":\"Actualit\u00e9s de l&#039;Or et des m\u00e9taux pr\u00e9cieux\",\"potentialAction\":[{\"@type\":\"SearchAction\",\"target\":{\"@type\":\"EntryPoint\",\"urlTemplate\":\"https:\\\/\\\/www.gold.fr\\\/news\\\/?s={search_term_string}\"},\"query-input\":{\"@type\":\"PropertyValueSpecification\",\"valueRequired\":true,\"valueName\":\"search_term_string\"}}],\"inLanguage\":\"fr-FR\"},{\"@type\":\"Person\",\"@id\":\"https:\\\/\\\/www.gold.fr\\\/news\\\/#\\\/schema\\\/person\\\/070491b4b4fb7671bf59b3be20302ce9\",\"name\":\"Comptoir National de l'Or\",\"image\":{\"@type\":\"ImageObject\",\"inLanguage\":\"fr-FR\",\"@id\":\"https:\\\/\\\/secure.gravatar.com\\\/avatar\\\/0a2867fd5abe37bed95d5a65e9d58f01756e11efc68af9888dfc50cfa7f65948?s=96&d=mm&r=gb490554db0a38188709de567aa58480d\",\"url\":\"https:\\\/\\\/secure.gravatar.com\\\/avatar\\\/0a2867fd5abe37bed95d5a65e9d58f01756e11efc68af9888dfc50cfa7f65948?s=96&d=mm&r=g\",\"contentUrl\":\"https:\\\/\\\/secure.gravatar.com\\\/avatar\\\/0a2867fd5abe37bed95d5a65e9d58f01756e11efc68af9888dfc50cfa7f65948?s=96&d=mm&r=g\",\"caption\":\"Comptoir National de l'Or\"},\"description\":\"Notre r\u00e9daction est constitu\u00e9e de membres experts dans les m\u00e9tiers de l'\u00e9conomie et la gestion, des Responsables d'agence Comptoir National de l'Or, des analystes financiers qui publient r\u00e9guli\u00e8rement des \u00e9tudes sur les politiques des banques centrales, le cours de l'or, prix de l'or, cours de l'argent, prix de l'argent, cours du platine, cours du palladium,... la situation en zone euro et l'impact de la strat\u00e9gie mon\u00e9taire de la FED. Notre \u00e9quipe scrute \u00e9galement une information plus g\u00e9n\u00e9raliste \u00e0 la recherche d'actualit\u00e9 \\\"p\u00e9pite\\\" \u00e0 vous partager. Depuis 5 ans, nous avons publi\u00e9 un peu plus de 4000 articles qui s'adressent \u00e0 un public large et vari\u00e9 ayant pour objectif de satisfaire votre curiosit\u00e9 et de partager avec vous une certaine fascination pour le m\u00e9tal jaune, le rachat d'or, et pour ceux qui veulent investir dans l'or, vendre leur or tout simplement en savoir plus... Pour tous vos achat or et argent, n'h\u00e9sitez pas \u00e0 prendre rendez-vous dans l'un de nos nombreux comptoirs.\",\"sameAs\":[\"https:\\\/\\\/www.gold.fr\"]}]}<\/script>\n<!-- \/ Yoast SEO plugin. -->","yoast_head_json":{"title":"March\u00e9s euro : Une baisse \u00e0 peine mod\u00e9r\u00e9e - Gold.fr","robots":{"index":"index","follow":"follow","max-snippet":"max-snippet:-1","max-image-preview":"max-image-preview:large","max-video-preview":"max-video-preview:-1"},"canonical":"https:\/\/www.gold.fr\/news\/2014\/11\/14\/marches-euro-une-baisse-a-peine-moderee\/","og_locale":"fr_FR","og_type":"article","og_title":"March\u00e9s euro : Une baisse \u00e0 peine mod\u00e9r\u00e9e - Gold.fr","og_description":"Les experts s&rsquo;inqui\u00e9taient, durant la s\u00e9ance de mercredi de voir les pressions baissi\u00e8res l&#8217;emporter sur les courants haussiers, sur les march\u00e9s europ\u00e9ens, tirant les principales places boursi\u00e8res de la zone euro vers de nouveaux records de [&hellip;]","og_url":"https:\/\/www.gold.fr\/news\/2014\/11\/14\/marches-euro-une-baisse-a-peine-moderee\/","og_site_name":"Gold.fr","article_publisher":"https:\/\/www.facebook.com\/Goldfr\/","article_published_time":"2014-11-14T08:00:49+00:00","article_modified_time":"2018-02-22T13:37:05+00:00","og_image":[{"url":"https:\/\/www.gold.fr\/news\/wp-content\/uploads\/2011\/07\/1-150x150.jpg","type":"","width":"","height":""}],"author":"Comptoir National de l'Or","twitter_card":"summary_large_image","twitter_misc":{"\u00c9crit par":"Comptoir National de l'Or","Dur\u00e9e de lecture estim\u00e9e":"1 minute"},"schema":{"@context":"https:\/\/schema.org","@graph":[{"@type":"Article","@id":"https:\/\/www.gold.fr\/news\/2014\/11\/14\/marches-euro-une-baisse-a-peine-moderee\/#article","isPartOf":{"@id":"https:\/\/www.gold.fr\/news\/2014\/11\/14\/marches-euro-une-baisse-a-peine-moderee\/"},"author":{"name":"Comptoir National de l'Or","@id":"https:\/\/www.gold.fr\/news\/#\/schema\/person\/070491b4b4fb7671bf59b3be20302ce9"},"headline":"March\u00e9s euro : Une baisse \u00e0 peine mod\u00e9r\u00e9e","datePublished":"2014-11-14T08:00:49+00:00","dateModified":"2018-02-22T13:37:05+00:00","mainEntityOfPage":{"@id":"https:\/\/www.gold.fr\/news\/2014\/11\/14\/marches-euro-une-baisse-a-peine-moderee\/"},"wordCount":290,"commentCount":0,"image":{"@id":"https:\/\/www.gold.fr\/news\/2014\/11\/14\/marches-euro-une-baisse-a-peine-moderee\/#primaryimage"},"thumbnailUrl":"https:\/\/www.gold.fr\/news\/wp-content\/uploads\/2011\/07\/1-150x150.jpg","keywords":["europe","march\u00e9s","zone euro"],"articleSection":["Articles de presse"],"inLanguage":"fr-FR"},{"@type":"WebPage","@id":"https:\/\/www.gold.fr\/news\/2014\/11\/14\/marches-euro-une-baisse-a-peine-moderee\/","url":"https:\/\/www.gold.fr\/news\/2014\/11\/14\/marches-euro-une-baisse-a-peine-moderee\/","name":"March\u00e9s euro : Une baisse \u00e0 peine mod\u00e9r\u00e9e - Gold.fr","isPartOf":{"@id":"https:\/\/www.gold.fr\/news\/#website"},"primaryImageOfPage":{"@id":"https:\/\/www.gold.fr\/news\/2014\/11\/14\/marches-euro-une-baisse-a-peine-moderee\/#primaryimage"},"image":{"@id":"https:\/\/www.gold.fr\/news\/2014\/11\/14\/marches-euro-une-baisse-a-peine-moderee\/#primaryimage"},"thumbnailUrl":"https:\/\/www.gold.fr\/news\/wp-content\/uploads\/2011\/07\/1-150x150.jpg","datePublished":"2014-11-14T08:00:49+00:00","dateModified":"2018-02-22T13:37:05+00:00","author":{"@id":"https:\/\/www.gold.fr\/news\/#\/schema\/person\/070491b4b4fb7671bf59b3be20302ce9"},"breadcrumb":{"@id":"https:\/\/www.gold.fr\/news\/2014\/11\/14\/marches-euro-une-baisse-a-peine-moderee\/#breadcrumb"},"inLanguage":"fr-FR","potentialAction":[{"@type":"ReadAction","target":["https:\/\/www.gold.fr\/news\/2014\/11\/14\/marches-euro-une-baisse-a-peine-moderee\/"]}]},{"@type":"ImageObject","inLanguage":"fr-FR","@id":"https:\/\/www.gold.fr\/news\/2014\/11\/14\/marches-euro-une-baisse-a-peine-moderee\/#primaryimage","url":"https:\/\/www.gold.fr\/news\/wp-content\/uploads\/2011\/07\/1-150x150.jpg","contentUrl":"https:\/\/www.gold.fr\/news\/wp-content\/uploads\/2011\/07\/1-150x150.jpg"},{"@type":"BreadcrumbList","@id":"https:\/\/www.gold.fr\/news\/2014\/11\/14\/marches-euro-une-baisse-a-peine-moderee\/#breadcrumb","itemListElement":[{"@type":"ListItem","position":1,"name":"Accueil","item":"https:\/\/www.gold.fr\/"},{"@type":"ListItem","position":2,"name":"Actualit\u00e9s","item":"https:\/\/www.gold.fr\/news\/"},{"@type":"ListItem","position":3,"name":"March\u00e9s euro : Une baisse \u00e0 peine mod\u00e9r\u00e9e"}]},{"@type":"WebSite","@id":"https:\/\/www.gold.fr\/news\/#website","url":"https:\/\/www.gold.fr\/news\/","name":"Gold.fr","description":"Actualit\u00e9s de l&#039;Or et des m\u00e9taux pr\u00e9cieux","potentialAction":[{"@type":"SearchAction","target":{"@type":"EntryPoint","urlTemplate":"https:\/\/www.gold.fr\/news\/?s={search_term_string}"},"query-input":{"@type":"PropertyValueSpecification","valueRequired":true,"valueName":"search_term_string"}}],"inLanguage":"fr-FR"},{"@type":"Person","@id":"https:\/\/www.gold.fr\/news\/#\/schema\/person\/070491b4b4fb7671bf59b3be20302ce9","name":"Comptoir National de l'Or","image":{"@type":"ImageObject","inLanguage":"fr-FR","@id":"https:\/\/secure.gravatar.com\/avatar\/0a2867fd5abe37bed95d5a65e9d58f01756e11efc68af9888dfc50cfa7f65948?s=96&d=mm&r=gb490554db0a38188709de567aa58480d","url":"https:\/\/secure.gravatar.com\/avatar\/0a2867fd5abe37bed95d5a65e9d58f01756e11efc68af9888dfc50cfa7f65948?s=96&d=mm&r=g","contentUrl":"https:\/\/secure.gravatar.com\/avatar\/0a2867fd5abe37bed95d5a65e9d58f01756e11efc68af9888dfc50cfa7f65948?s=96&d=mm&r=g","caption":"Comptoir National de l'Or"},"description":"Notre r\u00e9daction est constitu\u00e9e de membres experts dans les m\u00e9tiers de l'\u00e9conomie et la gestion, des Responsables d'agence Comptoir National de l'Or, des analystes financiers qui publient r\u00e9guli\u00e8rement des \u00e9tudes sur les politiques des banques centrales, le cours de l'or, prix de l'or, cours de l'argent, prix de l'argent, cours du platine, cours du palladium,... la situation en zone euro et l'impact de la strat\u00e9gie mon\u00e9taire de la FED. Notre \u00e9quipe scrute \u00e9galement une information plus g\u00e9n\u00e9raliste \u00e0 la recherche d'actualit\u00e9 \"p\u00e9pite\" \u00e0 vous partager. Depuis 5 ans, nous avons publi\u00e9 un peu plus de 4000 articles qui s'adressent \u00e0 un public large et vari\u00e9 ayant pour objectif de satisfaire votre curiosit\u00e9 et de partager avec vous une certaine fascination pour le m\u00e9tal jaune, le rachat d'or, et pour ceux qui veulent investir dans l'or, vendre leur or tout simplement en savoir plus... Pour tous vos achat or et argent, n'h\u00e9sitez pas \u00e0 prendre rendez-vous dans l'un de nos nombreux comptoirs.","sameAs":["https:\/\/www.gold.fr"]}]}},"authors":[{"term_id":2565,"user_id":18,"is_guest":0,"slug":"julie","display_name":"Comptoir National de l'Or","avatar_url":"https:\/\/secure.gravatar.com\/avatar\/713f289e398d35ead876c4a4cc08607f0d6d266058cfc25683fffb6092d0e572?s=96&d=mm&r=g","0":null,"1":"","2":"","3":"","4":"","5":"","6":"","7":"","8":""}],"_links":{"self":[{"href":"https:\/\/www.gold.fr\/news\/wp-json\/wp\/v2\/posts\/16085","targetHints":{"allow":["GET"]}}],"collection":[{"href":"https:\/\/www.gold.fr\/news\/wp-json\/wp\/v2\/posts"}],"about":[{"href":"https:\/\/www.gold.fr\/news\/wp-json\/wp\/v2\/types\/post"}],"author":[{"embeddable":true,"href":"https:\/\/www.gold.fr\/news\/wp-json\/wp\/v2\/users\/18"}],"replies":[{"embeddable":true,"href":"https:\/\/www.gold.fr\/news\/wp-json\/wp\/v2\/comments?post=16085"}],"version-history":[{"count":0,"href":"https:\/\/www.gold.fr\/news\/wp-json\/wp\/v2\/posts\/16085\/revisions"}],"wp:attachment":[{"href":"https:\/\/www.gold.fr\/news\/wp-json\/wp\/v2\/media?parent=16085"}],"wp:term":[{"taxonomy":"category","embeddable":true,"href":"https:\/\/www.gold.fr\/news\/wp-json\/wp\/v2\/categories?post=16085"},{"taxonomy":"post_tag","embeddable":true,"href":"https:\/\/www.gold.fr\/news\/wp-json\/wp\/v2\/tags?post=16085"},{"taxonomy":"author","embeddable":true,"href":"https:\/\/www.gold.fr\/news\/wp-json\/wp\/v2\/ppma_author?post=16085"}],"curies":[{"name":"wp","href":"https:\/\/api.w.org\/{rel}","templated":true}]}}