{"id":16074,"date":"2014-11-12T17:00:57","date_gmt":"2014-11-12T16:00:57","guid":{"rendered":"https:\/\/www.gold.fr\/news\/?p=16074"},"modified":"2018-02-22T14:40:34","modified_gmt":"2018-02-22T13:40:34","slug":"la-saison-des-resultats-touche-a-sa-fin","status":"publish","type":"post","link":"https:\/\/www.gold.fr\/news\/2014\/11\/12\/la-saison-des-resultats-touche-a-sa-fin\/","title":{"rendered":"La saison des r\u00e9sultats touche \u00e0 sa fin"},"content":{"rendered":"<p><img loading=\"lazy\" decoding=\"async\" class=\"alignleft size-thumbnail wp-image-6067\" title=\"La saison des r\u00e9sultats touche \u00e0 sa fin \" src=\"https:\/\/www.gold.fr\/news\/wp-content\/uploads\/2012\/02\/one-dollar-or-150x150.jpg\" alt=\"\" width=\"150\" height=\"150\" \/><span style=\"font-size: small;\">L&rsquo;attentisme est \u00e0 nouveau \u00e0 l&rsquo;ordre du jour, pour l&rsquo;ensemble des march\u00e9s financiers europ\u00e9ens, avec des yeux essentiellement tourn\u00e9s vers la fin de la saison de publication des r\u00e9sultats trimestriels des g\u00e9ants \u00e9conomiques, d&rsquo;un c\u00f4t\u00e9 comme de l&rsquo;autre de l&rsquo;Atlantique \u2013une saison qui arrive donc progressivement \u00e0 terme d&rsquo;ici la fin de la semaine en cours. En attendant, les experts anticipent des s\u00e9ances marqu\u00e9es essentiellement par un calme quasi plat.<\/span>    <span style=\"font-size: small;\"> De v\u00e9ritables acteurs cl\u00e9s des march\u00e9s d&rsquo;<a href='https:\/\/www.gold.fr\/news\/tags\/investissement' class='esk-seo-plu-link'>investissement<\/a> euro et US offriront donc une estimation chiffr\u00e9e de leurs performances respectives, d\u00e8s la s\u00e9ance d&rsquo;aujourd&rsquo;hui, \u00e0 l&rsquo;image de <strong>Telefonica<\/strong>, <strong>Deutsche Post<\/strong>, <strong>E.ON<\/strong>, <strong>Cisco<\/strong> (poids lourd am\u00e9ricain de l&rsquo;\u00e9quipement), <strong>GDF Suez<\/strong>, <strong>Lagard\u00e8re<\/strong> ou encore <strong>Eurazeo<\/strong>.<\/span>    <span style=\"font-size: small;\"> Pour les experts, \u00e9conomistes et autres strat\u00e8ges des march\u00e9s d&rsquo;<a href='https:\/\/www.gold.fr\/news\/tags\/investissement' class='esk-seo-plu-link'>investissement<\/a>, cette saison sera la premi\u00e8re, depuis le dernier trimestre 2013, \u00e0 s&rsquo;afficher dans le vert. Les sp\u00e9cialistes du groupe Cr\u00e9dit Suisse soulignent d&rsquo;ailleurs que \u00ab <em>la saison des r\u00e9sultats continue de surprendre favorablement en Europe, alors qu&rsquo;environ 80% des soci\u00e9t\u00e9s ont maintenant d\u00e9voil\u00e9 leurs comptes<\/em> \u00bb, rappelant \u00e9galement que \u00ab<em> les surprises en termes de b\u00e9n\u00e9fice net n&rsquo;avaient jamais \u00e9t\u00e9 aussi bonnes depuis le premier trimestre 2011, tandis que les surprises sur les chiffres d&rsquo;affaires n&rsquo;avaient jamais \u00e9t\u00e9 aussi nombreuses depuis d\u00e9but 2012<\/em> \u00bb.<\/span>    <span style=\"font-size: small;\"> Par ailleurs, les op\u00e9rateurs guetteront de tr\u00e8s pr\u00e8s quelques annonces \u00e9conomiques majeures \u00e0 l&rsquo;image des chiffres de la production industrielle en zone euro et du ch\u00f4mage au Royaume-Uni.<\/span><\/p>\n<!-- AddThis Advanced Settings generic via filter on the_content --><!-- AddThis Share Buttons generic via filter on the_content -->","protected":false},"excerpt":{"rendered":"<p>L&rsquo;attentisme est \u00e0 nouveau \u00e0 l&rsquo;ordre du jour, pour l&rsquo;ensemble des march\u00e9s financiers europ\u00e9ens, avec des yeux essentiellement tourn\u00e9s vers la fin de la saison de publication des r\u00e9sultats trimestriels des g\u00e9ants \u00e9conomiques, d&rsquo;un c\u00f4t\u00e9 comme [&hellip;]<\/p>\n","protected":false},"author":18,"featured_media":6067,"comment_status":"open","ping_status":"open","sticky":false,"template":"","format":"standard","meta":{"_mbp_gutenberg_autopost":false,"_pgmb_is_evergreen":false,"_pgmb_ap_template_id":0,"footnotes":""},"categories":[6],"tags":[103,1624,1898,1204],"ppma_author":[2565],"class_list":["post-16074","post","type-post","status-publish","format-standard","has-post-thumbnail","hentry","category-articles-de-presse","tag-euro","tag-marches-dinvestissement","tag-resultats","tag-us"],"yoast_head":"<!-- This site is optimized with the Yoast SEO plugin v27.5 - https:\/\/yoast.com\/product\/yoast-seo-wordpress\/ -->\n<title>La saison des r\u00e9sultats touche \u00e0 sa fin - Gold.fr<\/title>\n<meta name=\"robots\" content=\"index, follow, max-snippet:-1, max-image-preview:large, max-video-preview:-1\" \/>\n<link rel=\"canonical\" href=\"https:\/\/www.gold.fr\/news\/2014\/11\/12\/la-saison-des-resultats-touche-a-sa-fin\/\" \/>\n<meta property=\"og:locale\" content=\"fr_FR\" \/>\n<meta property=\"og:type\" content=\"article\" \/>\n<meta property=\"og:title\" content=\"La saison des r\u00e9sultats touche \u00e0 sa fin - Gold.fr\" \/>\n<meta property=\"og:description\" content=\"L&rsquo;attentisme est \u00e0 nouveau \u00e0 l&rsquo;ordre du jour, pour l&rsquo;ensemble des march\u00e9s financiers europ\u00e9ens, avec des yeux essentiellement tourn\u00e9s vers la fin de la saison de publication des r\u00e9sultats trimestriels des g\u00e9ants \u00e9conomiques, d&rsquo;un c\u00f4t\u00e9 comme [&hellip;]\" \/>\n<meta property=\"og:url\" content=\"https:\/\/www.gold.fr\/news\/2014\/11\/12\/la-saison-des-resultats-touche-a-sa-fin\/\" \/>\n<meta property=\"og:site_name\" content=\"Gold.fr\" \/>\n<meta property=\"article:publisher\" content=\"https:\/\/www.facebook.com\/Goldfr\/\" \/>\n<meta property=\"article:published_time\" content=\"2014-11-12T16:00:57+00:00\" \/>\n<meta property=\"article:modified_time\" content=\"2018-02-22T13:40:34+00:00\" \/>\n<meta property=\"og:image\" content=\"https:\/\/www.gold.fr\/news\/wp-content\/uploads\/2012\/02\/one-dollar-or.jpg\" \/>\n\t<meta property=\"og:image:width\" content=\"600\" \/>\n\t<meta property=\"og:image:height\" content=\"400\" \/>\n\t<meta property=\"og:image:type\" content=\"image\/jpeg\" \/>\n<meta name=\"author\" content=\"Comptoir National de l&#039;Or\" \/>\n<meta name=\"twitter:card\" content=\"summary_large_image\" \/>\n<meta name=\"twitter:label1\" content=\"\u00c9crit par\" \/>\n\t<meta name=\"twitter:data1\" content=\"Comptoir National de l&#039;Or\" \/>\n\t<meta name=\"twitter:label2\" content=\"Dur\u00e9e de lecture estim\u00e9e\" \/>\n\t<meta name=\"twitter:data2\" content=\"1 minute\" \/>\n<script type=\"application\/ld+json\" class=\"yoast-schema-graph\">{\"@context\":\"https:\\\/\\\/schema.org\",\"@graph\":[{\"@type\":\"Article\",\"@id\":\"https:\\\/\\\/www.gold.fr\\\/news\\\/2014\\\/11\\\/12\\\/la-saison-des-resultats-touche-a-sa-fin\\\/#article\",\"isPartOf\":{\"@id\":\"https:\\\/\\\/www.gold.fr\\\/news\\\/2014\\\/11\\\/12\\\/la-saison-des-resultats-touche-a-sa-fin\\\/\"},\"author\":{\"name\":\"Comptoir National de l'Or\",\"@id\":\"https:\\\/\\\/www.gold.fr\\\/news\\\/#\\\/schema\\\/person\\\/070491b4b4fb7671bf59b3be20302ce9\"},\"headline\":\"La saison des r\u00e9sultats touche \u00e0 sa fin\",\"datePublished\":\"2014-11-12T16:00:57+00:00\",\"dateModified\":\"2018-02-22T13:40:34+00:00\",\"mainEntityOfPage\":{\"@id\":\"https:\\\/\\\/www.gold.fr\\\/news\\\/2014\\\/11\\\/12\\\/la-saison-des-resultats-touche-a-sa-fin\\\/\"},\"wordCount\":281,\"commentCount\":0,\"image\":{\"@id\":\"https:\\\/\\\/www.gold.fr\\\/news\\\/2014\\\/11\\\/12\\\/la-saison-des-resultats-touche-a-sa-fin\\\/#primaryimage\"},\"thumbnailUrl\":\"https:\\\/\\\/www.gold.fr\\\/news\\\/wp-content\\\/uploads\\\/2012\\\/02\\\/one-dollar-or.jpg\",\"keywords\":[\"euro\",\"march\u00e9s d\u2019investissement\",\"r\u00e9sultats\",\"US\"],\"articleSection\":[\"Articles de presse\"],\"inLanguage\":\"fr-FR\"},{\"@type\":\"WebPage\",\"@id\":\"https:\\\/\\\/www.gold.fr\\\/news\\\/2014\\\/11\\\/12\\\/la-saison-des-resultats-touche-a-sa-fin\\\/\",\"url\":\"https:\\\/\\\/www.gold.fr\\\/news\\\/2014\\\/11\\\/12\\\/la-saison-des-resultats-touche-a-sa-fin\\\/\",\"name\":\"La saison des r\u00e9sultats touche \u00e0 sa fin - Gold.fr\",\"isPartOf\":{\"@id\":\"https:\\\/\\\/www.gold.fr\\\/news\\\/#website\"},\"primaryImageOfPage\":{\"@id\":\"https:\\\/\\\/www.gold.fr\\\/news\\\/2014\\\/11\\\/12\\\/la-saison-des-resultats-touche-a-sa-fin\\\/#primaryimage\"},\"image\":{\"@id\":\"https:\\\/\\\/www.gold.fr\\\/news\\\/2014\\\/11\\\/12\\\/la-saison-des-resultats-touche-a-sa-fin\\\/#primaryimage\"},\"thumbnailUrl\":\"https:\\\/\\\/www.gold.fr\\\/news\\\/wp-content\\\/uploads\\\/2012\\\/02\\\/one-dollar-or.jpg\",\"datePublished\":\"2014-11-12T16:00:57+00:00\",\"dateModified\":\"2018-02-22T13:40:34+00:00\",\"author\":{\"@id\":\"https:\\\/\\\/www.gold.fr\\\/news\\\/#\\\/schema\\\/person\\\/070491b4b4fb7671bf59b3be20302ce9\"},\"breadcrumb\":{\"@id\":\"https:\\\/\\\/www.gold.fr\\\/news\\\/2014\\\/11\\\/12\\\/la-saison-des-resultats-touche-a-sa-fin\\\/#breadcrumb\"},\"inLanguage\":\"fr-FR\",\"potentialAction\":[{\"@type\":\"ReadAction\",\"target\":[\"https:\\\/\\\/www.gold.fr\\\/news\\\/2014\\\/11\\\/12\\\/la-saison-des-resultats-touche-a-sa-fin\\\/\"]}]},{\"@type\":\"ImageObject\",\"inLanguage\":\"fr-FR\",\"@id\":\"https:\\\/\\\/www.gold.fr\\\/news\\\/2014\\\/11\\\/12\\\/la-saison-des-resultats-touche-a-sa-fin\\\/#primaryimage\",\"url\":\"https:\\\/\\\/www.gold.fr\\\/news\\\/wp-content\\\/uploads\\\/2012\\\/02\\\/one-dollar-or.jpg\",\"contentUrl\":\"https:\\\/\\\/www.gold.fr\\\/news\\\/wp-content\\\/uploads\\\/2012\\\/02\\\/one-dollar-or.jpg\",\"width\":\"600\",\"height\":\"400\",\"caption\":\"March\u00e9s : Un retour d\u2019optimisme, la saison des r\u00e9sultats en vue\"},{\"@type\":\"BreadcrumbList\",\"@id\":\"https:\\\/\\\/www.gold.fr\\\/news\\\/2014\\\/11\\\/12\\\/la-saison-des-resultats-touche-a-sa-fin\\\/#breadcrumb\",\"itemListElement\":[{\"@type\":\"ListItem\",\"position\":1,\"name\":\"Accueil\",\"item\":\"https:\\\/\\\/www.gold.fr\\\/\"},{\"@type\":\"ListItem\",\"position\":2,\"name\":\"Actualit\u00e9s\",\"item\":\"https:\\\/\\\/www.gold.fr\\\/news\\\/\"},{\"@type\":\"ListItem\",\"position\":3,\"name\":\"La saison des r\u00e9sultats touche \u00e0 sa fin\"}]},{\"@type\":\"WebSite\",\"@id\":\"https:\\\/\\\/www.gold.fr\\\/news\\\/#website\",\"url\":\"https:\\\/\\\/www.gold.fr\\\/news\\\/\",\"name\":\"Gold.fr\",\"description\":\"Actualit\u00e9s de l&#039;Or et des m\u00e9taux pr\u00e9cieux\",\"potentialAction\":[{\"@type\":\"SearchAction\",\"target\":{\"@type\":\"EntryPoint\",\"urlTemplate\":\"https:\\\/\\\/www.gold.fr\\\/news\\\/?s={search_term_string}\"},\"query-input\":{\"@type\":\"PropertyValueSpecification\",\"valueRequired\":true,\"valueName\":\"search_term_string\"}}],\"inLanguage\":\"fr-FR\"},{\"@type\":\"Person\",\"@id\":\"https:\\\/\\\/www.gold.fr\\\/news\\\/#\\\/schema\\\/person\\\/070491b4b4fb7671bf59b3be20302ce9\",\"name\":\"Comptoir National de l'Or\",\"image\":{\"@type\":\"ImageObject\",\"inLanguage\":\"fr-FR\",\"@id\":\"https:\\\/\\\/secure.gravatar.com\\\/avatar\\\/0a2867fd5abe37bed95d5a65e9d58f01756e11efc68af9888dfc50cfa7f65948?s=96&d=mm&r=gb490554db0a38188709de567aa58480d\",\"url\":\"https:\\\/\\\/secure.gravatar.com\\\/avatar\\\/0a2867fd5abe37bed95d5a65e9d58f01756e11efc68af9888dfc50cfa7f65948?s=96&d=mm&r=g\",\"contentUrl\":\"https:\\\/\\\/secure.gravatar.com\\\/avatar\\\/0a2867fd5abe37bed95d5a65e9d58f01756e11efc68af9888dfc50cfa7f65948?s=96&d=mm&r=g\",\"caption\":\"Comptoir National de l'Or\"},\"description\":\"Notre r\u00e9daction est constitu\u00e9e de membres experts dans les m\u00e9tiers de l'\u00e9conomie et la gestion, des Responsables d'agence Comptoir National de l'Or, des analystes financiers qui publient r\u00e9guli\u00e8rement des \u00e9tudes sur les politiques des banques centrales, le cours de l'or, prix de l'or, cours de l'argent, prix de l'argent, cours du platine, cours du palladium,... la situation en zone euro et l'impact de la strat\u00e9gie mon\u00e9taire de la FED. Notre \u00e9quipe scrute \u00e9galement une information plus g\u00e9n\u00e9raliste \u00e0 la recherche d'actualit\u00e9 \\\"p\u00e9pite\\\" \u00e0 vous partager. Depuis 5 ans, nous avons publi\u00e9 un peu plus de 4000 articles qui s'adressent \u00e0 un public large et vari\u00e9 ayant pour objectif de satisfaire votre curiosit\u00e9 et de partager avec vous une certaine fascination pour le m\u00e9tal jaune, le rachat d'or, et pour ceux qui veulent investir dans l'or, vendre leur or tout simplement en savoir plus... Pour tous vos achat or et argent, n'h\u00e9sitez pas \u00e0 prendre rendez-vous dans l'un de nos nombreux comptoirs.\",\"sameAs\":[\"https:\\\/\\\/www.gold.fr\"]}]}<\/script>\n<!-- \/ Yoast SEO plugin. -->","yoast_head_json":{"title":"La saison des r\u00e9sultats touche \u00e0 sa fin - Gold.fr","robots":{"index":"index","follow":"follow","max-snippet":"max-snippet:-1","max-image-preview":"max-image-preview:large","max-video-preview":"max-video-preview:-1"},"canonical":"https:\/\/www.gold.fr\/news\/2014\/11\/12\/la-saison-des-resultats-touche-a-sa-fin\/","og_locale":"fr_FR","og_type":"article","og_title":"La saison des r\u00e9sultats touche \u00e0 sa fin - Gold.fr","og_description":"L&rsquo;attentisme est \u00e0 nouveau \u00e0 l&rsquo;ordre du jour, pour l&rsquo;ensemble des march\u00e9s financiers europ\u00e9ens, avec des yeux essentiellement tourn\u00e9s vers la fin de la saison de publication des r\u00e9sultats trimestriels des g\u00e9ants \u00e9conomiques, d&rsquo;un c\u00f4t\u00e9 comme [&hellip;]","og_url":"https:\/\/www.gold.fr\/news\/2014\/11\/12\/la-saison-des-resultats-touche-a-sa-fin\/","og_site_name":"Gold.fr","article_publisher":"https:\/\/www.facebook.com\/Goldfr\/","article_published_time":"2014-11-12T16:00:57+00:00","article_modified_time":"2018-02-22T13:40:34+00:00","og_image":[{"width":600,"height":400,"url":"https:\/\/www.gold.fr\/news\/wp-content\/uploads\/2012\/02\/one-dollar-or.jpg","type":"image\/jpeg"}],"author":"Comptoir National de l'Or","twitter_card":"summary_large_image","twitter_misc":{"\u00c9crit par":"Comptoir National de l'Or","Dur\u00e9e de lecture estim\u00e9e":"1 minute"},"schema":{"@context":"https:\/\/schema.org","@graph":[{"@type":"Article","@id":"https:\/\/www.gold.fr\/news\/2014\/11\/12\/la-saison-des-resultats-touche-a-sa-fin\/#article","isPartOf":{"@id":"https:\/\/www.gold.fr\/news\/2014\/11\/12\/la-saison-des-resultats-touche-a-sa-fin\/"},"author":{"name":"Comptoir National de l'Or","@id":"https:\/\/www.gold.fr\/news\/#\/schema\/person\/070491b4b4fb7671bf59b3be20302ce9"},"headline":"La saison des r\u00e9sultats touche \u00e0 sa fin","datePublished":"2014-11-12T16:00:57+00:00","dateModified":"2018-02-22T13:40:34+00:00","mainEntityOfPage":{"@id":"https:\/\/www.gold.fr\/news\/2014\/11\/12\/la-saison-des-resultats-touche-a-sa-fin\/"},"wordCount":281,"commentCount":0,"image":{"@id":"https:\/\/www.gold.fr\/news\/2014\/11\/12\/la-saison-des-resultats-touche-a-sa-fin\/#primaryimage"},"thumbnailUrl":"https:\/\/www.gold.fr\/news\/wp-content\/uploads\/2012\/02\/one-dollar-or.jpg","keywords":["euro","march\u00e9s d\u2019investissement","r\u00e9sultats","US"],"articleSection":["Articles de presse"],"inLanguage":"fr-FR"},{"@type":"WebPage","@id":"https:\/\/www.gold.fr\/news\/2014\/11\/12\/la-saison-des-resultats-touche-a-sa-fin\/","url":"https:\/\/www.gold.fr\/news\/2014\/11\/12\/la-saison-des-resultats-touche-a-sa-fin\/","name":"La saison des r\u00e9sultats touche \u00e0 sa fin - Gold.fr","isPartOf":{"@id":"https:\/\/www.gold.fr\/news\/#website"},"primaryImageOfPage":{"@id":"https:\/\/www.gold.fr\/news\/2014\/11\/12\/la-saison-des-resultats-touche-a-sa-fin\/#primaryimage"},"image":{"@id":"https:\/\/www.gold.fr\/news\/2014\/11\/12\/la-saison-des-resultats-touche-a-sa-fin\/#primaryimage"},"thumbnailUrl":"https:\/\/www.gold.fr\/news\/wp-content\/uploads\/2012\/02\/one-dollar-or.jpg","datePublished":"2014-11-12T16:00:57+00:00","dateModified":"2018-02-22T13:40:34+00:00","author":{"@id":"https:\/\/www.gold.fr\/news\/#\/schema\/person\/070491b4b4fb7671bf59b3be20302ce9"},"breadcrumb":{"@id":"https:\/\/www.gold.fr\/news\/2014\/11\/12\/la-saison-des-resultats-touche-a-sa-fin\/#breadcrumb"},"inLanguage":"fr-FR","potentialAction":[{"@type":"ReadAction","target":["https:\/\/www.gold.fr\/news\/2014\/11\/12\/la-saison-des-resultats-touche-a-sa-fin\/"]}]},{"@type":"ImageObject","inLanguage":"fr-FR","@id":"https:\/\/www.gold.fr\/news\/2014\/11\/12\/la-saison-des-resultats-touche-a-sa-fin\/#primaryimage","url":"https:\/\/www.gold.fr\/news\/wp-content\/uploads\/2012\/02\/one-dollar-or.jpg","contentUrl":"https:\/\/www.gold.fr\/news\/wp-content\/uploads\/2012\/02\/one-dollar-or.jpg","width":"600","height":"400","caption":"March\u00e9s : Un retour d\u2019optimisme, la saison des r\u00e9sultats en vue"},{"@type":"BreadcrumbList","@id":"https:\/\/www.gold.fr\/news\/2014\/11\/12\/la-saison-des-resultats-touche-a-sa-fin\/#breadcrumb","itemListElement":[{"@type":"ListItem","position":1,"name":"Accueil","item":"https:\/\/www.gold.fr\/"},{"@type":"ListItem","position":2,"name":"Actualit\u00e9s","item":"https:\/\/www.gold.fr\/news\/"},{"@type":"ListItem","position":3,"name":"La saison des r\u00e9sultats touche \u00e0 sa fin"}]},{"@type":"WebSite","@id":"https:\/\/www.gold.fr\/news\/#website","url":"https:\/\/www.gold.fr\/news\/","name":"Gold.fr","description":"Actualit\u00e9s de l&#039;Or et des m\u00e9taux pr\u00e9cieux","potentialAction":[{"@type":"SearchAction","target":{"@type":"EntryPoint","urlTemplate":"https:\/\/www.gold.fr\/news\/?s={search_term_string}"},"query-input":{"@type":"PropertyValueSpecification","valueRequired":true,"valueName":"search_term_string"}}],"inLanguage":"fr-FR"},{"@type":"Person","@id":"https:\/\/www.gold.fr\/news\/#\/schema\/person\/070491b4b4fb7671bf59b3be20302ce9","name":"Comptoir National de l'Or","image":{"@type":"ImageObject","inLanguage":"fr-FR","@id":"https:\/\/secure.gravatar.com\/avatar\/0a2867fd5abe37bed95d5a65e9d58f01756e11efc68af9888dfc50cfa7f65948?s=96&d=mm&r=gb490554db0a38188709de567aa58480d","url":"https:\/\/secure.gravatar.com\/avatar\/0a2867fd5abe37bed95d5a65e9d58f01756e11efc68af9888dfc50cfa7f65948?s=96&d=mm&r=g","contentUrl":"https:\/\/secure.gravatar.com\/avatar\/0a2867fd5abe37bed95d5a65e9d58f01756e11efc68af9888dfc50cfa7f65948?s=96&d=mm&r=g","caption":"Comptoir National de l'Or"},"description":"Notre r\u00e9daction est constitu\u00e9e de membres experts dans les m\u00e9tiers de l'\u00e9conomie et la gestion, des Responsables d'agence Comptoir National de l'Or, des analystes financiers qui publient r\u00e9guli\u00e8rement des \u00e9tudes sur les politiques des banques centrales, le cours de l'or, prix de l'or, cours de l'argent, prix de l'argent, cours du platine, cours du palladium,... la situation en zone euro et l'impact de la strat\u00e9gie mon\u00e9taire de la FED. Notre \u00e9quipe scrute \u00e9galement une information plus g\u00e9n\u00e9raliste \u00e0 la recherche d'actualit\u00e9 \"p\u00e9pite\" \u00e0 vous partager. Depuis 5 ans, nous avons publi\u00e9 un peu plus de 4000 articles qui s'adressent \u00e0 un public large et vari\u00e9 ayant pour objectif de satisfaire votre curiosit\u00e9 et de partager avec vous une certaine fascination pour le m\u00e9tal jaune, le rachat d'or, et pour ceux qui veulent investir dans l'or, vendre leur or tout simplement en savoir plus... Pour tous vos achat or et argent, n'h\u00e9sitez pas \u00e0 prendre rendez-vous dans l'un de nos nombreux comptoirs.","sameAs":["https:\/\/www.gold.fr"]}]}},"authors":[{"term_id":2565,"user_id":18,"is_guest":0,"slug":"julie","display_name":"Comptoir National de l'Or","avatar_url":"https:\/\/secure.gravatar.com\/avatar\/713f289e398d35ead876c4a4cc08607f0d6d266058cfc25683fffb6092d0e572?s=96&d=mm&r=g","0":null,"1":"","2":"","3":"","4":"","5":"","6":"","7":"","8":""}],"_links":{"self":[{"href":"https:\/\/www.gold.fr\/news\/wp-json\/wp\/v2\/posts\/16074","targetHints":{"allow":["GET"]}}],"collection":[{"href":"https:\/\/www.gold.fr\/news\/wp-json\/wp\/v2\/posts"}],"about":[{"href":"https:\/\/www.gold.fr\/news\/wp-json\/wp\/v2\/types\/post"}],"author":[{"embeddable":true,"href":"https:\/\/www.gold.fr\/news\/wp-json\/wp\/v2\/users\/18"}],"replies":[{"embeddable":true,"href":"https:\/\/www.gold.fr\/news\/wp-json\/wp\/v2\/comments?post=16074"}],"version-history":[{"count":0,"href":"https:\/\/www.gold.fr\/news\/wp-json\/wp\/v2\/posts\/16074\/revisions"}],"wp:featuredmedia":[{"embeddable":true,"href":"https:\/\/www.gold.fr\/news\/wp-json\/wp\/v2\/media\/6067"}],"wp:attachment":[{"href":"https:\/\/www.gold.fr\/news\/wp-json\/wp\/v2\/media?parent=16074"}],"wp:term":[{"taxonomy":"category","embeddable":true,"href":"https:\/\/www.gold.fr\/news\/wp-json\/wp\/v2\/categories?post=16074"},{"taxonomy":"post_tag","embeddable":true,"href":"https:\/\/www.gold.fr\/news\/wp-json\/wp\/v2\/tags?post=16074"},{"taxonomy":"author","embeddable":true,"href":"https:\/\/www.gold.fr\/news\/wp-json\/wp\/v2\/ppma_author?post=16074"}],"curies":[{"name":"wp","href":"https:\/\/api.w.org\/{rel}","templated":true}]}}