{"id":16061,"date":"2014-11-12T09:00:02","date_gmt":"2014-11-12T08:00:02","guid":{"rendered":"https:\/\/www.gold.fr\/news\/?p=16061"},"modified":"2019-08-26T15:09:59","modified_gmt":"2019-08-26T13:09:59","slug":"feries-des-deux-cotes-de-latlantique","status":"publish","type":"post","link":"https:\/\/www.gold.fr\/news\/2014\/11\/12\/feries-des-deux-cotes-de-latlantique\/","title":{"rendered":"F\u00e9ri\u00e9s des deux c\u00f4t\u00e9s de l\u2019Atlantique"},"content":{"rendered":"<p><img loading=\"lazy\" decoding=\"async\" class=\"alignleft size-thumbnail wp-image-8585\" title=\"F\u00e9ri\u00e9s des deux c\u00f4t\u00e9s de l\u2019Atlantique\" src=\"https:\/\/www.gold.fr\/news\/wp-content\/uploads\/2012\/07\/or-monde-150x150.jpg\" alt=\"\" width=\"150\" height=\"150\" \/><span style=\"font-size: small;\">Outre les deux derni\u00e8res s\u00e9ances de la semaine qui seront marqu\u00e9es par quelques rendez-vous \u00e9conomiques importants (publication des rapports de la production industrielle et de plusieurs indices des prix dans le bloc des 18, ainsi que les premi\u00e8res estimations des <strong>PIB<\/strong> en <strong>Allemagne<\/strong>, en <strong>France<\/strong> et dans l&rsquo;ensemble de la zone euro), l\u2019ensemble de la semaine boursi\u00e8re en cours sera jonch\u00e9 d\u2019annonces relatives aux performances chiffr\u00e9es des grandes entreprises et groupes entreprises US et euro. D\u2019ailleurs, les sp\u00e9cialistes d\u2019Aurel BGC rappellent que \u00ab<em>\u00a0la semaine sera charg\u00e9e, aussi, en termes de publications de r\u00e9sultats d&rsquo;entreprises\u00a0<\/em>\u00bb, citant notamment \u00ab<em> Deutsche Post, E.ON, Telefonica, RWE, Merck, Solvay, GDF Suez, Bouygues, Vivendi et Airbus<\/em>\u00a0\u00bb.<\/span> <span style=\"font-size: small;\"> Rappelons que la rive europ\u00e9enne de la plan\u00e8te \u00e9conomique avait appris au d\u00e9but de la semaine que \u00ab<em>\u00a0la place italienne se trouve p\u00e9nalis\u00e9e par la production industrielle de l&rsquo;Italie qui a recul\u00e9 de 0,9% au mois de septembre par rapport \u00e0 ao\u00fbt\u00a0<\/em>\u00bb (d\u2019apr\u00e8s les donn\u00e9es corrig\u00e9es de variations saisonni\u00e8res), donnant lieu \u00e0 une baisse moyenne (au 3\u00e8me trimestre 2014) de l\u2019ordre de <strong>1,1%<\/strong>.<\/span> <span style=\"font-size: small;\"> Mais, dans l\u2019ensemble, une bonne partie de la semaine se d\u00e9roulera dans le calme absolu, en raison notamment de la pause impos\u00e9e hier par le jour f\u00e9ri\u00e9 de comm\u00e9moration de l&rsquo;armistice du <strong>11 novembre 1918<\/strong>. Une pause qui valait \u00e9galement de l\u2019autre c\u00f4t\u00e9 de l\u2019Atlantique, avec le \u00ab\u00a0<em><strong>Veterans&rsquo; Day<\/strong><\/em>\u00ab\u00a0, \u00ab<em>\u00a0journ\u00e9e marqu\u00e9e par la fermeture du compartiment obligataire am\u00e9ricain<\/em>\u00a0\u00bb.<\/span><\/p>\n<!-- AddThis Advanced Settings generic via filter on the_content --><!-- AddThis Share Buttons generic via filter on the_content -->","protected":false},"excerpt":{"rendered":"<p>Outre les deux derni\u00e8res s\u00e9ances de la semaine qui seront marqu\u00e9es par quelques rendez-vous \u00e9conomiques importants (publication des rapports de la production industrielle et de plusieurs indices des prix dans le bloc des 18, ainsi que [&hellip;]<\/p>\n","protected":false},"author":18,"featured_media":8585,"comment_status":"open","ping_status":"open","sticky":false,"template":"","format":"standard","meta":{"_mbp_gutenberg_autopost":false,"_pgmb_is_evergreen":false,"_pgmb_ap_template_id":0,"footnotes":""},"categories":[6],"tags":[1000,242,1649,1428,405],"ppma_author":[2565],"class_list":["post-16061","post","type-post","status-publish","format-standard","has-post-thumbnail","hentry","category-articles-de-presse","tag-economie","tag-europe","tag-marches","tag-pib","tag-usa"],"yoast_head":"<!-- This site is optimized with the Yoast SEO plugin v27.5 - https:\/\/yoast.com\/product\/yoast-seo-wordpress\/ -->\n<title>F\u00e9ri\u00e9s des deux c\u00f4t\u00e9s de l\u2019Atlantique - Gold.fr<\/title>\n<meta name=\"description\" content=\"Outre les deux derni\u00e8res s\u00e9ances de la semaine qui seront marqu\u00e9es par quelques rendez-vous \u00e9conomiques importants (publication des rapports de la production ...\" \/>\n<meta name=\"robots\" content=\"index, follow, max-snippet:-1, max-image-preview:large, max-video-preview:-1\" \/>\n<link rel=\"canonical\" href=\"https:\/\/www.gold.fr\/news\/2014\/11\/12\/feries-des-deux-cotes-de-latlantique\/\" \/>\n<meta property=\"og:locale\" content=\"fr_FR\" \/>\n<meta property=\"og:type\" content=\"article\" \/>\n<meta property=\"og:title\" content=\"F\u00e9ri\u00e9s des deux c\u00f4t\u00e9s de l\u2019Atlantique - Gold.fr\" \/>\n<meta property=\"og:description\" content=\"Outre les deux derni\u00e8res s\u00e9ances de la semaine qui seront marqu\u00e9es par quelques rendez-vous \u00e9conomiques importants (publication des rapports de la production ...\" \/>\n<meta property=\"og:url\" content=\"https:\/\/www.gold.fr\/news\/2014\/11\/12\/feries-des-deux-cotes-de-latlantique\/\" \/>\n<meta property=\"og:site_name\" content=\"Gold.fr\" \/>\n<meta property=\"article:publisher\" content=\"https:\/\/www.facebook.com\/Goldfr\/\" \/>\n<meta property=\"article:published_time\" content=\"2014-11-12T08:00:02+00:00\" \/>\n<meta property=\"article:modified_time\" content=\"2019-08-26T13:09:59+00:00\" \/>\n<meta property=\"og:image\" content=\"https:\/\/www.gold.fr\/news\/wp-content\/uploads\/2012\/07\/or-monde-e1478814840845.jpg\" \/>\n\t<meta property=\"og:image:width\" content=\"300\" \/>\n\t<meta property=\"og:image:height\" content=\"203\" \/>\n\t<meta property=\"og:image:type\" content=\"image\/jpeg\" \/>\n<meta name=\"author\" content=\"Comptoir National de l&#039;Or\" \/>\n<meta name=\"twitter:card\" content=\"summary_large_image\" \/>\n<meta name=\"twitter:label1\" content=\"\u00c9crit par\" \/>\n\t<meta name=\"twitter:data1\" content=\"Comptoir National de l&#039;Or\" \/>\n\t<meta name=\"twitter:label2\" content=\"Dur\u00e9e de lecture estim\u00e9e\" \/>\n\t<meta name=\"twitter:data2\" content=\"1 minute\" \/>\n<script type=\"application\/ld+json\" class=\"yoast-schema-graph\">{\"@context\":\"https:\\\/\\\/schema.org\",\"@graph\":[{\"@type\":\"Article\",\"@id\":\"https:\\\/\\\/www.gold.fr\\\/news\\\/2014\\\/11\\\/12\\\/feries-des-deux-cotes-de-latlantique\\\/#article\",\"isPartOf\":{\"@id\":\"https:\\\/\\\/www.gold.fr\\\/news\\\/2014\\\/11\\\/12\\\/feries-des-deux-cotes-de-latlantique\\\/\"},\"author\":{\"name\":\"Comptoir National de l'Or\",\"@id\":\"https:\\\/\\\/www.gold.fr\\\/news\\\/#\\\/schema\\\/person\\\/070491b4b4fb7671bf59b3be20302ce9\"},\"headline\":\"F\u00e9ri\u00e9s des deux c\u00f4t\u00e9s de l\u2019Atlantique\",\"datePublished\":\"2014-11-12T08:00:02+00:00\",\"dateModified\":\"2019-08-26T13:09:59+00:00\",\"mainEntityOfPage\":{\"@id\":\"https:\\\/\\\/www.gold.fr\\\/news\\\/2014\\\/11\\\/12\\\/feries-des-deux-cotes-de-latlantique\\\/\"},\"wordCount\":274,\"commentCount\":0,\"image\":{\"@id\":\"https:\\\/\\\/www.gold.fr\\\/news\\\/2014\\\/11\\\/12\\\/feries-des-deux-cotes-de-latlantique\\\/#primaryimage\"},\"thumbnailUrl\":\"https:\\\/\\\/www.gold.fr\\\/news\\\/wp-content\\\/uploads\\\/2012\\\/07\\\/or-monde-e1478814840845.jpg\",\"keywords\":[\"\u00e9conomie\",\"europe\",\"march\u00e9s\",\"PIB\",\"usa\"],\"articleSection\":[\"Articles de presse\"],\"inLanguage\":\"fr-FR\"},{\"@type\":\"WebPage\",\"@id\":\"https:\\\/\\\/www.gold.fr\\\/news\\\/2014\\\/11\\\/12\\\/feries-des-deux-cotes-de-latlantique\\\/\",\"url\":\"https:\\\/\\\/www.gold.fr\\\/news\\\/2014\\\/11\\\/12\\\/feries-des-deux-cotes-de-latlantique\\\/\",\"name\":\"F\u00e9ri\u00e9s des deux c\u00f4t\u00e9s de l\u2019Atlantique - Gold.fr\",\"isPartOf\":{\"@id\":\"https:\\\/\\\/www.gold.fr\\\/news\\\/#website\"},\"primaryImageOfPage\":{\"@id\":\"https:\\\/\\\/www.gold.fr\\\/news\\\/2014\\\/11\\\/12\\\/feries-des-deux-cotes-de-latlantique\\\/#primaryimage\"},\"image\":{\"@id\":\"https:\\\/\\\/www.gold.fr\\\/news\\\/2014\\\/11\\\/12\\\/feries-des-deux-cotes-de-latlantique\\\/#primaryimage\"},\"thumbnailUrl\":\"https:\\\/\\\/www.gold.fr\\\/news\\\/wp-content\\\/uploads\\\/2012\\\/07\\\/or-monde-e1478814840845.jpg\",\"datePublished\":\"2014-11-12T08:00:02+00:00\",\"dateModified\":\"2019-08-26T13:09:59+00:00\",\"author\":{\"@id\":\"https:\\\/\\\/www.gold.fr\\\/news\\\/#\\\/schema\\\/person\\\/070491b4b4fb7671bf59b3be20302ce9\"},\"description\":\"Outre les deux derni\u00e8res s\u00e9ances de la semaine qui seront marqu\u00e9es par quelques rendez-vous \u00e9conomiques importants (publication des rapports de la production ...\",\"breadcrumb\":{\"@id\":\"https:\\\/\\\/www.gold.fr\\\/news\\\/2014\\\/11\\\/12\\\/feries-des-deux-cotes-de-latlantique\\\/#breadcrumb\"},\"inLanguage\":\"fr-FR\",\"potentialAction\":[{\"@type\":\"ReadAction\",\"target\":[\"https:\\\/\\\/www.gold.fr\\\/news\\\/2014\\\/11\\\/12\\\/feries-des-deux-cotes-de-latlantique\\\/\"]}]},{\"@type\":\"ImageObject\",\"inLanguage\":\"fr-FR\",\"@id\":\"https:\\\/\\\/www.gold.fr\\\/news\\\/2014\\\/11\\\/12\\\/feries-des-deux-cotes-de-latlantique\\\/#primaryimage\",\"url\":\"https:\\\/\\\/www.gold.fr\\\/news\\\/wp-content\\\/uploads\\\/2012\\\/07\\\/or-monde-e1478814840845.jpg\",\"contentUrl\":\"https:\\\/\\\/www.gold.fr\\\/news\\\/wp-content\\\/uploads\\\/2012\\\/07\\\/or-monde-e1478814840845.jpg\",\"width\":300,\"height\":203,\"caption\":\"F\u00e9ri\u00e9s des deux c\u00f4t\u00e9s de l\u2019Atlantique\"},{\"@type\":\"BreadcrumbList\",\"@id\":\"https:\\\/\\\/www.gold.fr\\\/news\\\/2014\\\/11\\\/12\\\/feries-des-deux-cotes-de-latlantique\\\/#breadcrumb\",\"itemListElement\":[{\"@type\":\"ListItem\",\"position\":1,\"name\":\"Accueil\",\"item\":\"https:\\\/\\\/www.gold.fr\\\/\"},{\"@type\":\"ListItem\",\"position\":2,\"name\":\"Actualit\u00e9s\",\"item\":\"https:\\\/\\\/www.gold.fr\\\/news\\\/\"},{\"@type\":\"ListItem\",\"position\":3,\"name\":\"F\u00e9ri\u00e9s des deux c\u00f4t\u00e9s de l\u2019Atlantique\"}]},{\"@type\":\"WebSite\",\"@id\":\"https:\\\/\\\/www.gold.fr\\\/news\\\/#website\",\"url\":\"https:\\\/\\\/www.gold.fr\\\/news\\\/\",\"name\":\"Gold.fr\",\"description\":\"Actualit\u00e9s de l&#039;Or et des m\u00e9taux pr\u00e9cieux\",\"potentialAction\":[{\"@type\":\"SearchAction\",\"target\":{\"@type\":\"EntryPoint\",\"urlTemplate\":\"https:\\\/\\\/www.gold.fr\\\/news\\\/?s={search_term_string}\"},\"query-input\":{\"@type\":\"PropertyValueSpecification\",\"valueRequired\":true,\"valueName\":\"search_term_string\"}}],\"inLanguage\":\"fr-FR\"},{\"@type\":\"Person\",\"@id\":\"https:\\\/\\\/www.gold.fr\\\/news\\\/#\\\/schema\\\/person\\\/070491b4b4fb7671bf59b3be20302ce9\",\"name\":\"Comptoir National de l'Or\",\"image\":{\"@type\":\"ImageObject\",\"inLanguage\":\"fr-FR\",\"@id\":\"https:\\\/\\\/secure.gravatar.com\\\/avatar\\\/0a2867fd5abe37bed95d5a65e9d58f01756e11efc68af9888dfc50cfa7f65948?s=96&d=mm&r=gb490554db0a38188709de567aa58480d\",\"url\":\"https:\\\/\\\/secure.gravatar.com\\\/avatar\\\/0a2867fd5abe37bed95d5a65e9d58f01756e11efc68af9888dfc50cfa7f65948?s=96&d=mm&r=g\",\"contentUrl\":\"https:\\\/\\\/secure.gravatar.com\\\/avatar\\\/0a2867fd5abe37bed95d5a65e9d58f01756e11efc68af9888dfc50cfa7f65948?s=96&d=mm&r=g\",\"caption\":\"Comptoir National de l'Or\"},\"description\":\"Notre r\u00e9daction est constitu\u00e9e de membres experts dans les m\u00e9tiers de l'\u00e9conomie et la gestion, des Responsables d'agence Comptoir National de l'Or, des analystes financiers qui publient r\u00e9guli\u00e8rement des \u00e9tudes sur les politiques des banques centrales, le cours de l'or, prix de l'or, cours de l'argent, prix de l'argent, cours du platine, cours du palladium,... la situation en zone euro et l'impact de la strat\u00e9gie mon\u00e9taire de la FED. Notre \u00e9quipe scrute \u00e9galement une information plus g\u00e9n\u00e9raliste \u00e0 la recherche d'actualit\u00e9 \\\"p\u00e9pite\\\" \u00e0 vous partager. Depuis 5 ans, nous avons publi\u00e9 un peu plus de 4000 articles qui s'adressent \u00e0 un public large et vari\u00e9 ayant pour objectif de satisfaire votre curiosit\u00e9 et de partager avec vous une certaine fascination pour le m\u00e9tal jaune, le rachat d'or, et pour ceux qui veulent investir dans l'or, vendre leur or tout simplement en savoir plus... Pour tous vos achat or et argent, n'h\u00e9sitez pas \u00e0 prendre rendez-vous dans l'un de nos nombreux comptoirs.\",\"sameAs\":[\"https:\\\/\\\/www.gold.fr\"]}]}<\/script>\n<!-- \/ Yoast SEO plugin. -->","yoast_head_json":{"title":"F\u00e9ri\u00e9s des deux c\u00f4t\u00e9s de l\u2019Atlantique - Gold.fr","description":"Outre les deux derni\u00e8res s\u00e9ances de la semaine qui seront marqu\u00e9es par quelques rendez-vous \u00e9conomiques importants (publication des rapports de la production ...","robots":{"index":"index","follow":"follow","max-snippet":"max-snippet:-1","max-image-preview":"max-image-preview:large","max-video-preview":"max-video-preview:-1"},"canonical":"https:\/\/www.gold.fr\/news\/2014\/11\/12\/feries-des-deux-cotes-de-latlantique\/","og_locale":"fr_FR","og_type":"article","og_title":"F\u00e9ri\u00e9s des deux c\u00f4t\u00e9s de l\u2019Atlantique - Gold.fr","og_description":"Outre les deux derni\u00e8res s\u00e9ances de la semaine qui seront marqu\u00e9es par quelques rendez-vous \u00e9conomiques importants (publication des rapports de la production ...","og_url":"https:\/\/www.gold.fr\/news\/2014\/11\/12\/feries-des-deux-cotes-de-latlantique\/","og_site_name":"Gold.fr","article_publisher":"https:\/\/www.facebook.com\/Goldfr\/","article_published_time":"2014-11-12T08:00:02+00:00","article_modified_time":"2019-08-26T13:09:59+00:00","og_image":[{"width":300,"height":203,"url":"https:\/\/www.gold.fr\/news\/wp-content\/uploads\/2012\/07\/or-monde-e1478814840845.jpg","type":"image\/jpeg"}],"author":"Comptoir National de l'Or","twitter_card":"summary_large_image","twitter_misc":{"\u00c9crit par":"Comptoir National de l'Or","Dur\u00e9e de lecture estim\u00e9e":"1 minute"},"schema":{"@context":"https:\/\/schema.org","@graph":[{"@type":"Article","@id":"https:\/\/www.gold.fr\/news\/2014\/11\/12\/feries-des-deux-cotes-de-latlantique\/#article","isPartOf":{"@id":"https:\/\/www.gold.fr\/news\/2014\/11\/12\/feries-des-deux-cotes-de-latlantique\/"},"author":{"name":"Comptoir National de l'Or","@id":"https:\/\/www.gold.fr\/news\/#\/schema\/person\/070491b4b4fb7671bf59b3be20302ce9"},"headline":"F\u00e9ri\u00e9s des deux c\u00f4t\u00e9s de l\u2019Atlantique","datePublished":"2014-11-12T08:00:02+00:00","dateModified":"2019-08-26T13:09:59+00:00","mainEntityOfPage":{"@id":"https:\/\/www.gold.fr\/news\/2014\/11\/12\/feries-des-deux-cotes-de-latlantique\/"},"wordCount":274,"commentCount":0,"image":{"@id":"https:\/\/www.gold.fr\/news\/2014\/11\/12\/feries-des-deux-cotes-de-latlantique\/#primaryimage"},"thumbnailUrl":"https:\/\/www.gold.fr\/news\/wp-content\/uploads\/2012\/07\/or-monde-e1478814840845.jpg","keywords":["\u00e9conomie","europe","march\u00e9s","PIB","usa"],"articleSection":["Articles de presse"],"inLanguage":"fr-FR"},{"@type":"WebPage","@id":"https:\/\/www.gold.fr\/news\/2014\/11\/12\/feries-des-deux-cotes-de-latlantique\/","url":"https:\/\/www.gold.fr\/news\/2014\/11\/12\/feries-des-deux-cotes-de-latlantique\/","name":"F\u00e9ri\u00e9s des deux c\u00f4t\u00e9s de l\u2019Atlantique - Gold.fr","isPartOf":{"@id":"https:\/\/www.gold.fr\/news\/#website"},"primaryImageOfPage":{"@id":"https:\/\/www.gold.fr\/news\/2014\/11\/12\/feries-des-deux-cotes-de-latlantique\/#primaryimage"},"image":{"@id":"https:\/\/www.gold.fr\/news\/2014\/11\/12\/feries-des-deux-cotes-de-latlantique\/#primaryimage"},"thumbnailUrl":"https:\/\/www.gold.fr\/news\/wp-content\/uploads\/2012\/07\/or-monde-e1478814840845.jpg","datePublished":"2014-11-12T08:00:02+00:00","dateModified":"2019-08-26T13:09:59+00:00","author":{"@id":"https:\/\/www.gold.fr\/news\/#\/schema\/person\/070491b4b4fb7671bf59b3be20302ce9"},"description":"Outre les deux derni\u00e8res s\u00e9ances de la semaine qui seront marqu\u00e9es par quelques rendez-vous \u00e9conomiques importants (publication des rapports de la production ...","breadcrumb":{"@id":"https:\/\/www.gold.fr\/news\/2014\/11\/12\/feries-des-deux-cotes-de-latlantique\/#breadcrumb"},"inLanguage":"fr-FR","potentialAction":[{"@type":"ReadAction","target":["https:\/\/www.gold.fr\/news\/2014\/11\/12\/feries-des-deux-cotes-de-latlantique\/"]}]},{"@type":"ImageObject","inLanguage":"fr-FR","@id":"https:\/\/www.gold.fr\/news\/2014\/11\/12\/feries-des-deux-cotes-de-latlantique\/#primaryimage","url":"https:\/\/www.gold.fr\/news\/wp-content\/uploads\/2012\/07\/or-monde-e1478814840845.jpg","contentUrl":"https:\/\/www.gold.fr\/news\/wp-content\/uploads\/2012\/07\/or-monde-e1478814840845.jpg","width":300,"height":203,"caption":"F\u00e9ri\u00e9s des deux c\u00f4t\u00e9s de l\u2019Atlantique"},{"@type":"BreadcrumbList","@id":"https:\/\/www.gold.fr\/news\/2014\/11\/12\/feries-des-deux-cotes-de-latlantique\/#breadcrumb","itemListElement":[{"@type":"ListItem","position":1,"name":"Accueil","item":"https:\/\/www.gold.fr\/"},{"@type":"ListItem","position":2,"name":"Actualit\u00e9s","item":"https:\/\/www.gold.fr\/news\/"},{"@type":"ListItem","position":3,"name":"F\u00e9ri\u00e9s des deux c\u00f4t\u00e9s de l\u2019Atlantique"}]},{"@type":"WebSite","@id":"https:\/\/www.gold.fr\/news\/#website","url":"https:\/\/www.gold.fr\/news\/","name":"Gold.fr","description":"Actualit\u00e9s de l&#039;Or et des m\u00e9taux pr\u00e9cieux","potentialAction":[{"@type":"SearchAction","target":{"@type":"EntryPoint","urlTemplate":"https:\/\/www.gold.fr\/news\/?s={search_term_string}"},"query-input":{"@type":"PropertyValueSpecification","valueRequired":true,"valueName":"search_term_string"}}],"inLanguage":"fr-FR"},{"@type":"Person","@id":"https:\/\/www.gold.fr\/news\/#\/schema\/person\/070491b4b4fb7671bf59b3be20302ce9","name":"Comptoir National de l'Or","image":{"@type":"ImageObject","inLanguage":"fr-FR","@id":"https:\/\/secure.gravatar.com\/avatar\/0a2867fd5abe37bed95d5a65e9d58f01756e11efc68af9888dfc50cfa7f65948?s=96&d=mm&r=gb490554db0a38188709de567aa58480d","url":"https:\/\/secure.gravatar.com\/avatar\/0a2867fd5abe37bed95d5a65e9d58f01756e11efc68af9888dfc50cfa7f65948?s=96&d=mm&r=g","contentUrl":"https:\/\/secure.gravatar.com\/avatar\/0a2867fd5abe37bed95d5a65e9d58f01756e11efc68af9888dfc50cfa7f65948?s=96&d=mm&r=g","caption":"Comptoir National de l'Or"},"description":"Notre r\u00e9daction est constitu\u00e9e de membres experts dans les m\u00e9tiers de l'\u00e9conomie et la gestion, des Responsables d'agence Comptoir National de l'Or, des analystes financiers qui publient r\u00e9guli\u00e8rement des \u00e9tudes sur les politiques des banques centrales, le cours de l'or, prix de l'or, cours de l'argent, prix de l'argent, cours du platine, cours du palladium,... la situation en zone euro et l'impact de la strat\u00e9gie mon\u00e9taire de la FED. Notre \u00e9quipe scrute \u00e9galement une information plus g\u00e9n\u00e9raliste \u00e0 la recherche d'actualit\u00e9 \"p\u00e9pite\" \u00e0 vous partager. Depuis 5 ans, nous avons publi\u00e9 un peu plus de 4000 articles qui s'adressent \u00e0 un public large et vari\u00e9 ayant pour objectif de satisfaire votre curiosit\u00e9 et de partager avec vous une certaine fascination pour le m\u00e9tal jaune, le rachat d'or, et pour ceux qui veulent investir dans l'or, vendre leur or tout simplement en savoir plus... Pour tous vos achat or et argent, n'h\u00e9sitez pas \u00e0 prendre rendez-vous dans l'un de nos nombreux comptoirs.","sameAs":["https:\/\/www.gold.fr"]}]}},"authors":[{"term_id":2565,"user_id":18,"is_guest":0,"slug":"julie","display_name":"Comptoir National de l'Or","avatar_url":"https:\/\/secure.gravatar.com\/avatar\/713f289e398d35ead876c4a4cc08607f0d6d266058cfc25683fffb6092d0e572?s=96&d=mm&r=g","0":null,"1":"","2":"","3":"","4":"","5":"","6":"","7":"","8":""}],"_links":{"self":[{"href":"https:\/\/www.gold.fr\/news\/wp-json\/wp\/v2\/posts\/16061","targetHints":{"allow":["GET"]}}],"collection":[{"href":"https:\/\/www.gold.fr\/news\/wp-json\/wp\/v2\/posts"}],"about":[{"href":"https:\/\/www.gold.fr\/news\/wp-json\/wp\/v2\/types\/post"}],"author":[{"embeddable":true,"href":"https:\/\/www.gold.fr\/news\/wp-json\/wp\/v2\/users\/18"}],"replies":[{"embeddable":true,"href":"https:\/\/www.gold.fr\/news\/wp-json\/wp\/v2\/comments?post=16061"}],"version-history":[{"count":0,"href":"https:\/\/www.gold.fr\/news\/wp-json\/wp\/v2\/posts\/16061\/revisions"}],"wp:featuredmedia":[{"embeddable":true,"href":"https:\/\/www.gold.fr\/news\/wp-json\/wp\/v2\/media\/8585"}],"wp:attachment":[{"href":"https:\/\/www.gold.fr\/news\/wp-json\/wp\/v2\/media?parent=16061"}],"wp:term":[{"taxonomy":"category","embeddable":true,"href":"https:\/\/www.gold.fr\/news\/wp-json\/wp\/v2\/categories?post=16061"},{"taxonomy":"post_tag","embeddable":true,"href":"https:\/\/www.gold.fr\/news\/wp-json\/wp\/v2\/tags?post=16061"},{"taxonomy":"author","embeddable":true,"href":"https:\/\/www.gold.fr\/news\/wp-json\/wp\/v2\/ppma_author?post=16061"}],"curies":[{"name":"wp","href":"https:\/\/api.w.org\/{rel}","templated":true}]}}