{"id":16041,"date":"2014-11-10T11:57:27","date_gmt":"2014-11-10T10:57:27","guid":{"rendered":"https:\/\/www.gold.fr\/news\/?p=16041"},"modified":"2021-01-13T15:56:36","modified_gmt":"2021-01-13T14:56:36","slug":"un-soutien-en-or-malgre-la-fed","status":"publish","type":"post","link":"https:\/\/www.gold.fr\/news\/2014\/11\/10\/un-soutien-en-or-malgre-la-fed\/","title":{"rendered":"Un soutien en Or malgr\u00e9 la Fed !"},"content":{"rendered":"<p><a href=\"https:\/\/www.gold.fr\/news\/wp-content\/uploads\/2014\/11\/ii.jpg\"><img loading=\"lazy\" decoding=\"async\" class=\"alignleft size-thumbnail wp-image-16044\" src=\"https:\/\/www.gold.fr\/news\/wp-content\/uploads\/2014\/11\/ii-150x150.jpg\" alt=\"\" width=\"150\" height=\"150\" srcset=\"https:\/\/www.gold.fr\/news\/wp-content\/uploads\/2014\/11\/ii-150x150.jpg 150w, https:\/\/www.gold.fr\/news\/wp-content\/uploads\/2014\/11\/ii-80x80.jpg 80w, https:\/\/www.gold.fr\/news\/wp-content\/uploads\/2014\/11\/ii-1x1.jpg 1w\" sizes=\"auto, (max-width: 150px) 100vw, 150px\" \/><\/a>La succession des vagues de Quantitative easing qui a d\u00e9but\u00e9 en 2008, devrait prendre fin tr\u00e8s prochainement eb ce qui concerne les Etats Unis. C&rsquo;est ce qui a \u00e9t\u00e9 annonc\u00e9 par la Fed le 29 octobre dernier, \u00e0 l&rsquo;issue de sa r\u00e9union de deux jours. Le programme de rachats d&rsquo;actifs dure depuis six ans et a port\u00e9 le bilan de la Banque centrale \u00e0 4500 milliards de dollars contre 800 au tout d\u00e9but. Apr\u00e8s toutes ces ann\u00e9es d&rsquo;addiction aux injections de liquidit\u00e9s, ch\u00e8res \u00e0 un bon nombre d&rsquo;investisseurs, le \u00ab\u00a0docteur\u00a0\u00bb Fed a jug\u00e9 utile de diminuer le dosage, le faisant passer de 85 \u00e0 15 milliards de dollars, pour en finir compl\u00e8tement dans quelques jours\u00a0! Il est cependant utile de rappeler que cette r\u00e9duction avait d\u00e9j\u00e0 \u00e9t\u00e9 pr\u00e9conis\u00e9e par Ben Bernanke, le pr\u00e9d\u00e9cesseur de l&rsquo;actuelle pr\u00e9sidente de la R\u00e9serve f\u00e9d\u00e9rale. Cela avait \u00e0 l&rsquo;\u00e9poque, suscit\u00e9 une panique g\u00e9n\u00e9rale sur la plan\u00e8te finance\u00a0! La R\u00e9serve f\u00e9d\u00e9rale justifie l&rsquo;abandon du troisi\u00e8me QE entam\u00e9 en septembre 2012, par la reprise de l&rsquo;\u00e9conomie am\u00e9ricaine. D&rsquo;apr\u00e8s les chiffres officiels, les Etats-Unis ont enregistr\u00e9 une baisse consid\u00e9rable du ch\u00f4mage, passant de 8,1% en 2012 \u00e0 environ 6% actuellement. Il y aurait parait-il cr\u00e9ation de 227 000 emplois par mois contre 194\u00a0000 l&rsquo;an dernier. Et d&rsquo;apr\u00e8s le FMI, la croissance devrait passer de 1,7% pour cette ann\u00e9e \u00e0 3,5% en 2015. Pourtant certains observateurs consid\u00e8rent que ces bons chiffres ne t\u00e9moignent pas forc\u00e9ment d&rsquo;un r\u00e9tablissement d\u00e9finitif. Ils estiment \u00e9galement qu&rsquo;une remont\u00e9e des taux, demeure un facteur illusoirement souhaitable pour l&rsquo;\u00e9conomie am\u00e9ricaine, et pourrait \u00a0handicaper la reprise\u00a0! En effet, celle-ci pr\u00e9sente encore des fragilit\u00e9s malgr\u00e9 sa convalescence, d&rsquo;ailleurs Janet Yellen ne s&rsquo;en cache pas, puisqu&rsquo;elle dit en parlant du march\u00e9 de l&#8217;emploi,\u00a0que \u00ab\u00a0L&rsquo;ampleur des in\u00e9galit\u00e9s de revenus et le fait qu&rsquo;elles continuent \u00e0 se\u00a0creuser\u00a0m&rsquo;inqui\u00e8tent beaucoup\u00a0\u00bb. S&rsquo;agit-il l\u00e0 d&rsquo;un pr\u00e9texte, ou plut\u00f4t d&rsquo;un argument \u00ab\u00a0solide\u00a0\u00bb qui justifierait le maintien du niveau actuel des taux directeurs\u00a0? Toujours est-il que l&rsquo;apaisement affich\u00e9 de la Fed a largement contribu\u00e9 \u00e0 faire monter le cours du dollar p\u00e9nalisant dans le m\u00eame temps les <a class=\"esk-seo-plu-link\" href=\"https:\/\/www.gold.fr\/news\/tags\/cours-de-lor\">cours de l&rsquo;or<\/a>. Toutefois, il est int\u00e9ressant de relever certaines ambigu\u00eft\u00e9s et contradictions majeures, \u00e0 observer l&rsquo;optimisme affich\u00e9 de certains qui ne cessent de clamer haut et fort, que la croissance est solide, que le dollar est une devise fiable capable de contrecarrer l&rsquo;<a class=\"esk-seo-plu-link\" href=\"https:\/\/www.gold.fr\/news\/tags\/or\">or<\/a> et qu&rsquo;en gros les Etats Unis ont repris des couleurs\u00a0! En r\u00e9alit\u00e9, tout ceci n&rsquo;a pas emp\u00each\u00e9 la politique du gouvernement Obama d&rsquo;\u00eatre tr\u00e8s largement censur\u00e9e, essuyant un \u00e9chec cuisant lors des derni\u00e8res \u00e9lections l\u00e9gislatives\u2026 Par ailleurs, Alan Greenspan que l&rsquo;on surnomme aussi \u00ab\u00a0Maestro\u00a0\u00bb ancien pr\u00e9sident de la r\u00e9serve f\u00e9d\u00e9rale pendant 19 ans, au talent reconnu par tous au point d&rsquo;\u00eatre d\u00e9sign\u00e9 comme \u00e9tant l&rsquo;\u00e9conomiste des \u00e9conomistes, s&rsquo;est prononc\u00e9 tr\u00e8s largement en faveur de <a href=\"https:\/\/www.gold.fr\/\">l\u2019or<\/a>\u00a0! En fait, il pr\u00e9voit une augmentation notable des<a href=\"https:\/\/www.gold.fr\/cours-or-prix-de-l-or\/\"> cours du m\u00e9tal jaune<\/a> dans les prochaines ann\u00e9es et il consid\u00e8re par cons\u00e9quent, qu&rsquo;il est un<a href=\"https:\/\/www.gold.fr\/achat-or\/\"> excellent placement <\/a>actuellement\u00a0! La question est de savoir maintenant \u00e0 quel saint se vouer\u00a0? \u00a0\u2026 A un virtuose de la politique mon\u00e9taire ou \u00e0 de simples partisans d&rsquo;un gouvernement chancelant\u00a0?<\/p>\n<p style=\"text-align: right;\">Feriel Belhassen<\/p>\n<p style=\"text-align: right;\">R\u00e9dactrice gold.fr<\/p>\n<p style=\"text-align: right;\">(Sources : antlantico.fr\/lesechos.fr)<\/p>\n<!-- AddThis Advanced Settings generic via filter on the_content --><!-- AddThis Share Buttons generic via filter on the_content -->","protected":false},"excerpt":{"rendered":"<p>La succession des vagues de Quantitative easing qui a d\u00e9but\u00e9 en 2008, devrait prendre fin tr\u00e8s prochainement eb ce qui concerne les Etats Unis. C&rsquo;est ce qui a \u00e9t\u00e9 annonc\u00e9 par la Fed le 29 octobre [&hellip;]<\/p>\n","protected":false},"author":18,"featured_media":16045,"comment_status":"closed","ping_status":"closed","sticky":false,"template":"","format":"standard","meta":{"_mbp_gutenberg_autopost":false,"_pgmb_is_evergreen":false,"_pgmb_ap_template_id":0,"footnotes":""},"categories":[4],"tags":[1520,144,76],"ppma_author":[2565],"class_list":["post-16041","post","type-post","status-publish","format-standard","has-post-thumbnail","hentry","category-analyses-economiques","tag-decisions-politiques","tag-fed","tag-or"],"yoast_head":"<!-- This site is optimized with the Yoast SEO plugin v27.5 - https:\/\/yoast.com\/product\/yoast-seo-wordpress\/ -->\n<title>Un soutien en Or malgr\u00e9 la Fed ! - Gold.fr<\/title>\n<meta name=\"description\" content=\"La succession des vagues de Quantitative easing qui a d\u00e9but\u00e9 en 2008, devrait prendre fin tr\u00e8s prochainement en ce qui concerne les Etats Unis. La suite sur Gold.fr.\" \/>\n<meta name=\"robots\" content=\"index, follow, max-snippet:-1, max-image-preview:large, max-video-preview:-1\" \/>\n<link rel=\"canonical\" href=\"https:\/\/www.gold.fr\/news\/2014\/11\/10\/un-soutien-en-or-malgre-la-fed\/\" \/>\n<meta property=\"og:locale\" content=\"fr_FR\" \/>\n<meta property=\"og:type\" content=\"article\" \/>\n<meta property=\"og:title\" content=\"Un soutien en Or malgr\u00e9 la Fed ! - Gold.fr\" \/>\n<meta property=\"og:description\" content=\"La succession des vagues de Quantitative easing qui a d\u00e9but\u00e9 en 2008, devrait prendre fin tr\u00e8s prochainement en ce qui concerne les Etats Unis. La suite sur Gold.fr.\" \/>\n<meta property=\"og:url\" content=\"https:\/\/www.gold.fr\/news\/2014\/11\/10\/un-soutien-en-or-malgre-la-fed\/\" \/>\n<meta property=\"og:site_name\" content=\"Gold.fr\" \/>\n<meta property=\"article:publisher\" content=\"https:\/\/www.facebook.com\/Goldfr\/\" \/>\n<meta property=\"article:published_time\" content=\"2014-11-10T10:57:27+00:00\" \/>\n<meta property=\"article:modified_time\" content=\"2021-01-13T14:56:36+00:00\" \/>\n<meta property=\"og:image\" content=\"https:\/\/www.gold.fr\/news\/wp-content\/uploads\/2014\/11\/720_aHR0cDovL2NvaW50ZWxlZ3JhcGguY29tL3N0b3JhZ2UvdXBsb2Fkcy92aWV3L2EyNjY5MDQ5MzM5ZTdhMTE1OWI5NTQyMWYxMmJmMDdjLnBuZw.jpg\" \/>\n\t<meta property=\"og:image:width\" content=\"570\" \/>\n\t<meta property=\"og:image:height\" content=\"362\" \/>\n\t<meta property=\"og:image:type\" content=\"image\/jpeg\" \/>\n<meta name=\"author\" content=\"Comptoir National de l&#039;Or\" \/>\n<meta name=\"twitter:card\" content=\"summary_large_image\" \/>\n<meta name=\"twitter:label1\" content=\"\u00c9crit par\" \/>\n\t<meta name=\"twitter:data1\" content=\"Comptoir National de l&#039;Or\" \/>\n\t<meta name=\"twitter:label2\" content=\"Dur\u00e9e de lecture estim\u00e9e\" \/>\n\t<meta name=\"twitter:data2\" content=\"3 minutes\" \/>\n<script type=\"application\/ld+json\" class=\"yoast-schema-graph\">{\"@context\":\"https:\\\/\\\/schema.org\",\"@graph\":[{\"@type\":\"Article\",\"@id\":\"https:\\\/\\\/www.gold.fr\\\/news\\\/2014\\\/11\\\/10\\\/un-soutien-en-or-malgre-la-fed\\\/#article\",\"isPartOf\":{\"@id\":\"https:\\\/\\\/www.gold.fr\\\/news\\\/2014\\\/11\\\/10\\\/un-soutien-en-or-malgre-la-fed\\\/\"},\"author\":{\"name\":\"Comptoir National de l'Or\",\"@id\":\"https:\\\/\\\/www.gold.fr\\\/news\\\/#\\\/schema\\\/person\\\/070491b4b4fb7671bf59b3be20302ce9\"},\"headline\":\"Un soutien en Or malgr\u00e9 la Fed !\",\"datePublished\":\"2014-11-10T10:57:27+00:00\",\"dateModified\":\"2021-01-13T14:56:36+00:00\",\"mainEntityOfPage\":{\"@id\":\"https:\\\/\\\/www.gold.fr\\\/news\\\/2014\\\/11\\\/10\\\/un-soutien-en-or-malgre-la-fed\\\/\"},\"wordCount\":613,\"image\":{\"@id\":\"https:\\\/\\\/www.gold.fr\\\/news\\\/2014\\\/11\\\/10\\\/un-soutien-en-or-malgre-la-fed\\\/#primaryimage\"},\"thumbnailUrl\":\"https:\\\/\\\/www.gold.fr\\\/news\\\/wp-content\\\/uploads\\\/2014\\\/11\\\/720_aHR0cDovL2NvaW50ZWxlZ3JhcGguY29tL3N0b3JhZ2UvdXBsb2Fkcy92aWV3L2EyNjY5MDQ5MzM5ZTdhMTE1OWI5NTQyMWYxMmJmMDdjLnBuZw.jpg\",\"keywords\":[\"d\u00e9cisions politiques\",\"fed\",\"Or\"],\"articleSection\":[\"Analyses Economiques\"],\"inLanguage\":\"fr-FR\"},{\"@type\":\"WebPage\",\"@id\":\"https:\\\/\\\/www.gold.fr\\\/news\\\/2014\\\/11\\\/10\\\/un-soutien-en-or-malgre-la-fed\\\/\",\"url\":\"https:\\\/\\\/www.gold.fr\\\/news\\\/2014\\\/11\\\/10\\\/un-soutien-en-or-malgre-la-fed\\\/\",\"name\":\"Un soutien en Or malgr\u00e9 la Fed ! - Gold.fr\",\"isPartOf\":{\"@id\":\"https:\\\/\\\/www.gold.fr\\\/news\\\/#website\"},\"primaryImageOfPage\":{\"@id\":\"https:\\\/\\\/www.gold.fr\\\/news\\\/2014\\\/11\\\/10\\\/un-soutien-en-or-malgre-la-fed\\\/#primaryimage\"},\"image\":{\"@id\":\"https:\\\/\\\/www.gold.fr\\\/news\\\/2014\\\/11\\\/10\\\/un-soutien-en-or-malgre-la-fed\\\/#primaryimage\"},\"thumbnailUrl\":\"https:\\\/\\\/www.gold.fr\\\/news\\\/wp-content\\\/uploads\\\/2014\\\/11\\\/720_aHR0cDovL2NvaW50ZWxlZ3JhcGguY29tL3N0b3JhZ2UvdXBsb2Fkcy92aWV3L2EyNjY5MDQ5MzM5ZTdhMTE1OWI5NTQyMWYxMmJmMDdjLnBuZw.jpg\",\"datePublished\":\"2014-11-10T10:57:27+00:00\",\"dateModified\":\"2021-01-13T14:56:36+00:00\",\"author\":{\"@id\":\"https:\\\/\\\/www.gold.fr\\\/news\\\/#\\\/schema\\\/person\\\/070491b4b4fb7671bf59b3be20302ce9\"},\"description\":\"La succession des vagues de Quantitative easing qui a d\u00e9but\u00e9 en 2008, devrait prendre fin tr\u00e8s prochainement en ce qui concerne les Etats Unis. La suite sur Gold.fr.\",\"breadcrumb\":{\"@id\":\"https:\\\/\\\/www.gold.fr\\\/news\\\/2014\\\/11\\\/10\\\/un-soutien-en-or-malgre-la-fed\\\/#breadcrumb\"},\"inLanguage\":\"fr-FR\",\"potentialAction\":[{\"@type\":\"ReadAction\",\"target\":[\"https:\\\/\\\/www.gold.fr\\\/news\\\/2014\\\/11\\\/10\\\/un-soutien-en-or-malgre-la-fed\\\/\"]}]},{\"@type\":\"ImageObject\",\"inLanguage\":\"fr-FR\",\"@id\":\"https:\\\/\\\/www.gold.fr\\\/news\\\/2014\\\/11\\\/10\\\/un-soutien-en-or-malgre-la-fed\\\/#primaryimage\",\"url\":\"https:\\\/\\\/www.gold.fr\\\/news\\\/wp-content\\\/uploads\\\/2014\\\/11\\\/720_aHR0cDovL2NvaW50ZWxlZ3JhcGguY29tL3N0b3JhZ2UvdXBsb2Fkcy92aWV3L2EyNjY5MDQ5MzM5ZTdhMTE1OWI5NTQyMWYxMmJmMDdjLnBuZw.jpg\",\"contentUrl\":\"https:\\\/\\\/www.gold.fr\\\/news\\\/wp-content\\\/uploads\\\/2014\\\/11\\\/720_aHR0cDovL2NvaW50ZWxlZ3JhcGguY29tL3N0b3JhZ2UvdXBsb2Fkcy92aWV3L2EyNjY5MDQ5MzM5ZTdhMTE1OWI5NTQyMWYxMmJmMDdjLnBuZw.jpg\",\"width\":\"570\",\"height\":\"362\",\"caption\":\"caricature lingot or\"},{\"@type\":\"BreadcrumbList\",\"@id\":\"https:\\\/\\\/www.gold.fr\\\/news\\\/2014\\\/11\\\/10\\\/un-soutien-en-or-malgre-la-fed\\\/#breadcrumb\",\"itemListElement\":[{\"@type\":\"ListItem\",\"position\":1,\"name\":\"Accueil\",\"item\":\"https:\\\/\\\/www.gold.fr\\\/\"},{\"@type\":\"ListItem\",\"position\":2,\"name\":\"Actualit\u00e9s\",\"item\":\"https:\\\/\\\/www.gold.fr\\\/news\\\/\"},{\"@type\":\"ListItem\",\"position\":3,\"name\":\"Un soutien en Or malgr\u00e9 la Fed !\"}]},{\"@type\":\"WebSite\",\"@id\":\"https:\\\/\\\/www.gold.fr\\\/news\\\/#website\",\"url\":\"https:\\\/\\\/www.gold.fr\\\/news\\\/\",\"name\":\"Gold.fr\",\"description\":\"Actualit\u00e9s de l&#039;Or et des m\u00e9taux pr\u00e9cieux\",\"potentialAction\":[{\"@type\":\"SearchAction\",\"target\":{\"@type\":\"EntryPoint\",\"urlTemplate\":\"https:\\\/\\\/www.gold.fr\\\/news\\\/?s={search_term_string}\"},\"query-input\":{\"@type\":\"PropertyValueSpecification\",\"valueRequired\":true,\"valueName\":\"search_term_string\"}}],\"inLanguage\":\"fr-FR\"},{\"@type\":\"Person\",\"@id\":\"https:\\\/\\\/www.gold.fr\\\/news\\\/#\\\/schema\\\/person\\\/070491b4b4fb7671bf59b3be20302ce9\",\"name\":\"Comptoir National de l'Or\",\"image\":{\"@type\":\"ImageObject\",\"inLanguage\":\"fr-FR\",\"@id\":\"https:\\\/\\\/secure.gravatar.com\\\/avatar\\\/0a2867fd5abe37bed95d5a65e9d58f01756e11efc68af9888dfc50cfa7f65948?s=96&d=mm&r=gb490554db0a38188709de567aa58480d\",\"url\":\"https:\\\/\\\/secure.gravatar.com\\\/avatar\\\/0a2867fd5abe37bed95d5a65e9d58f01756e11efc68af9888dfc50cfa7f65948?s=96&d=mm&r=g\",\"contentUrl\":\"https:\\\/\\\/secure.gravatar.com\\\/avatar\\\/0a2867fd5abe37bed95d5a65e9d58f01756e11efc68af9888dfc50cfa7f65948?s=96&d=mm&r=g\",\"caption\":\"Comptoir National de l'Or\"},\"description\":\"Notre r\u00e9daction est constitu\u00e9e de membres experts dans les m\u00e9tiers de l'\u00e9conomie et la gestion, des Responsables d'agence Comptoir National de l'Or, des analystes financiers qui publient r\u00e9guli\u00e8rement des \u00e9tudes sur les politiques des banques centrales, le cours de l'or, prix de l'or, cours de l'argent, prix de l'argent, cours du platine, cours du palladium,... la situation en zone euro et l'impact de la strat\u00e9gie mon\u00e9taire de la FED. Notre \u00e9quipe scrute \u00e9galement une information plus g\u00e9n\u00e9raliste \u00e0 la recherche d'actualit\u00e9 \\\"p\u00e9pite\\\" \u00e0 vous partager. Depuis 5 ans, nous avons publi\u00e9 un peu plus de 4000 articles qui s'adressent \u00e0 un public large et vari\u00e9 ayant pour objectif de satisfaire votre curiosit\u00e9 et de partager avec vous une certaine fascination pour le m\u00e9tal jaune, le rachat d'or, et pour ceux qui veulent investir dans l'or, vendre leur or tout simplement en savoir plus... Pour tous vos achat or et argent, n'h\u00e9sitez pas \u00e0 prendre rendez-vous dans l'un de nos nombreux comptoirs.\",\"sameAs\":[\"https:\\\/\\\/www.gold.fr\"]}]}<\/script>\n<!-- \/ Yoast SEO plugin. -->","yoast_head_json":{"title":"Un soutien en Or malgr\u00e9 la Fed ! - Gold.fr","description":"La succession des vagues de Quantitative easing qui a d\u00e9but\u00e9 en 2008, devrait prendre fin tr\u00e8s prochainement en ce qui concerne les Etats Unis. La suite sur Gold.fr.","robots":{"index":"index","follow":"follow","max-snippet":"max-snippet:-1","max-image-preview":"max-image-preview:large","max-video-preview":"max-video-preview:-1"},"canonical":"https:\/\/www.gold.fr\/news\/2014\/11\/10\/un-soutien-en-or-malgre-la-fed\/","og_locale":"fr_FR","og_type":"article","og_title":"Un soutien en Or malgr\u00e9 la Fed ! - Gold.fr","og_description":"La succession des vagues de Quantitative easing qui a d\u00e9but\u00e9 en 2008, devrait prendre fin tr\u00e8s prochainement en ce qui concerne les Etats Unis. La suite sur Gold.fr.","og_url":"https:\/\/www.gold.fr\/news\/2014\/11\/10\/un-soutien-en-or-malgre-la-fed\/","og_site_name":"Gold.fr","article_publisher":"https:\/\/www.facebook.com\/Goldfr\/","article_published_time":"2014-11-10T10:57:27+00:00","article_modified_time":"2021-01-13T14:56:36+00:00","og_image":[{"width":570,"height":362,"url":"https:\/\/www.gold.fr\/news\/wp-content\/uploads\/2014\/11\/720_aHR0cDovL2NvaW50ZWxlZ3JhcGguY29tL3N0b3JhZ2UvdXBsb2Fkcy92aWV3L2EyNjY5MDQ5MzM5ZTdhMTE1OWI5NTQyMWYxMmJmMDdjLnBuZw.jpg","type":"image\/jpeg"}],"author":"Comptoir National de l'Or","twitter_card":"summary_large_image","twitter_misc":{"\u00c9crit par":"Comptoir National de l'Or","Dur\u00e9e de lecture estim\u00e9e":"3 minutes"},"schema":{"@context":"https:\/\/schema.org","@graph":[{"@type":"Article","@id":"https:\/\/www.gold.fr\/news\/2014\/11\/10\/un-soutien-en-or-malgre-la-fed\/#article","isPartOf":{"@id":"https:\/\/www.gold.fr\/news\/2014\/11\/10\/un-soutien-en-or-malgre-la-fed\/"},"author":{"name":"Comptoir National de l'Or","@id":"https:\/\/www.gold.fr\/news\/#\/schema\/person\/070491b4b4fb7671bf59b3be20302ce9"},"headline":"Un soutien en Or malgr\u00e9 la Fed !","datePublished":"2014-11-10T10:57:27+00:00","dateModified":"2021-01-13T14:56:36+00:00","mainEntityOfPage":{"@id":"https:\/\/www.gold.fr\/news\/2014\/11\/10\/un-soutien-en-or-malgre-la-fed\/"},"wordCount":613,"image":{"@id":"https:\/\/www.gold.fr\/news\/2014\/11\/10\/un-soutien-en-or-malgre-la-fed\/#primaryimage"},"thumbnailUrl":"https:\/\/www.gold.fr\/news\/wp-content\/uploads\/2014\/11\/720_aHR0cDovL2NvaW50ZWxlZ3JhcGguY29tL3N0b3JhZ2UvdXBsb2Fkcy92aWV3L2EyNjY5MDQ5MzM5ZTdhMTE1OWI5NTQyMWYxMmJmMDdjLnBuZw.jpg","keywords":["d\u00e9cisions politiques","fed","Or"],"articleSection":["Analyses Economiques"],"inLanguage":"fr-FR"},{"@type":"WebPage","@id":"https:\/\/www.gold.fr\/news\/2014\/11\/10\/un-soutien-en-or-malgre-la-fed\/","url":"https:\/\/www.gold.fr\/news\/2014\/11\/10\/un-soutien-en-or-malgre-la-fed\/","name":"Un soutien en Or malgr\u00e9 la Fed ! - Gold.fr","isPartOf":{"@id":"https:\/\/www.gold.fr\/news\/#website"},"primaryImageOfPage":{"@id":"https:\/\/www.gold.fr\/news\/2014\/11\/10\/un-soutien-en-or-malgre-la-fed\/#primaryimage"},"image":{"@id":"https:\/\/www.gold.fr\/news\/2014\/11\/10\/un-soutien-en-or-malgre-la-fed\/#primaryimage"},"thumbnailUrl":"https:\/\/www.gold.fr\/news\/wp-content\/uploads\/2014\/11\/720_aHR0cDovL2NvaW50ZWxlZ3JhcGguY29tL3N0b3JhZ2UvdXBsb2Fkcy92aWV3L2EyNjY5MDQ5MzM5ZTdhMTE1OWI5NTQyMWYxMmJmMDdjLnBuZw.jpg","datePublished":"2014-11-10T10:57:27+00:00","dateModified":"2021-01-13T14:56:36+00:00","author":{"@id":"https:\/\/www.gold.fr\/news\/#\/schema\/person\/070491b4b4fb7671bf59b3be20302ce9"},"description":"La succession des vagues de Quantitative easing qui a d\u00e9but\u00e9 en 2008, devrait prendre fin tr\u00e8s prochainement en ce qui concerne les Etats Unis. La suite sur Gold.fr.","breadcrumb":{"@id":"https:\/\/www.gold.fr\/news\/2014\/11\/10\/un-soutien-en-or-malgre-la-fed\/#breadcrumb"},"inLanguage":"fr-FR","potentialAction":[{"@type":"ReadAction","target":["https:\/\/www.gold.fr\/news\/2014\/11\/10\/un-soutien-en-or-malgre-la-fed\/"]}]},{"@type":"ImageObject","inLanguage":"fr-FR","@id":"https:\/\/www.gold.fr\/news\/2014\/11\/10\/un-soutien-en-or-malgre-la-fed\/#primaryimage","url":"https:\/\/www.gold.fr\/news\/wp-content\/uploads\/2014\/11\/720_aHR0cDovL2NvaW50ZWxlZ3JhcGguY29tL3N0b3JhZ2UvdXBsb2Fkcy92aWV3L2EyNjY5MDQ5MzM5ZTdhMTE1OWI5NTQyMWYxMmJmMDdjLnBuZw.jpg","contentUrl":"https:\/\/www.gold.fr\/news\/wp-content\/uploads\/2014\/11\/720_aHR0cDovL2NvaW50ZWxlZ3JhcGguY29tL3N0b3JhZ2UvdXBsb2Fkcy92aWV3L2EyNjY5MDQ5MzM5ZTdhMTE1OWI5NTQyMWYxMmJmMDdjLnBuZw.jpg","width":"570","height":"362","caption":"caricature lingot or"},{"@type":"BreadcrumbList","@id":"https:\/\/www.gold.fr\/news\/2014\/11\/10\/un-soutien-en-or-malgre-la-fed\/#breadcrumb","itemListElement":[{"@type":"ListItem","position":1,"name":"Accueil","item":"https:\/\/www.gold.fr\/"},{"@type":"ListItem","position":2,"name":"Actualit\u00e9s","item":"https:\/\/www.gold.fr\/news\/"},{"@type":"ListItem","position":3,"name":"Un soutien en Or malgr\u00e9 la Fed !"}]},{"@type":"WebSite","@id":"https:\/\/www.gold.fr\/news\/#website","url":"https:\/\/www.gold.fr\/news\/","name":"Gold.fr","description":"Actualit\u00e9s de l&#039;Or et des m\u00e9taux pr\u00e9cieux","potentialAction":[{"@type":"SearchAction","target":{"@type":"EntryPoint","urlTemplate":"https:\/\/www.gold.fr\/news\/?s={search_term_string}"},"query-input":{"@type":"PropertyValueSpecification","valueRequired":true,"valueName":"search_term_string"}}],"inLanguage":"fr-FR"},{"@type":"Person","@id":"https:\/\/www.gold.fr\/news\/#\/schema\/person\/070491b4b4fb7671bf59b3be20302ce9","name":"Comptoir National de l'Or","image":{"@type":"ImageObject","inLanguage":"fr-FR","@id":"https:\/\/secure.gravatar.com\/avatar\/0a2867fd5abe37bed95d5a65e9d58f01756e11efc68af9888dfc50cfa7f65948?s=96&d=mm&r=gb490554db0a38188709de567aa58480d","url":"https:\/\/secure.gravatar.com\/avatar\/0a2867fd5abe37bed95d5a65e9d58f01756e11efc68af9888dfc50cfa7f65948?s=96&d=mm&r=g","contentUrl":"https:\/\/secure.gravatar.com\/avatar\/0a2867fd5abe37bed95d5a65e9d58f01756e11efc68af9888dfc50cfa7f65948?s=96&d=mm&r=g","caption":"Comptoir National de l'Or"},"description":"Notre r\u00e9daction est constitu\u00e9e de membres experts dans les m\u00e9tiers de l'\u00e9conomie et la gestion, des Responsables d'agence Comptoir National de l'Or, des analystes financiers qui publient r\u00e9guli\u00e8rement des \u00e9tudes sur les politiques des banques centrales, le cours de l'or, prix de l'or, cours de l'argent, prix de l'argent, cours du platine, cours du palladium,... la situation en zone euro et l'impact de la strat\u00e9gie mon\u00e9taire de la FED. Notre \u00e9quipe scrute \u00e9galement une information plus g\u00e9n\u00e9raliste \u00e0 la recherche d'actualit\u00e9 \"p\u00e9pite\" \u00e0 vous partager. Depuis 5 ans, nous avons publi\u00e9 un peu plus de 4000 articles qui s'adressent \u00e0 un public large et vari\u00e9 ayant pour objectif de satisfaire votre curiosit\u00e9 et de partager avec vous une certaine fascination pour le m\u00e9tal jaune, le rachat d'or, et pour ceux qui veulent investir dans l'or, vendre leur or tout simplement en savoir plus... Pour tous vos achat or et argent, n'h\u00e9sitez pas \u00e0 prendre rendez-vous dans l'un de nos nombreux comptoirs.","sameAs":["https:\/\/www.gold.fr"]}]}},"authors":[{"term_id":2565,"user_id":18,"is_guest":0,"slug":"julie","display_name":"Comptoir National de l'Or","avatar_url":"https:\/\/secure.gravatar.com\/avatar\/713f289e398d35ead876c4a4cc08607f0d6d266058cfc25683fffb6092d0e572?s=96&d=mm&r=g","0":null,"1":"","2":"","3":"","4":"","5":"","6":"","7":"","8":""}],"_links":{"self":[{"href":"https:\/\/www.gold.fr\/news\/wp-json\/wp\/v2\/posts\/16041","targetHints":{"allow":["GET"]}}],"collection":[{"href":"https:\/\/www.gold.fr\/news\/wp-json\/wp\/v2\/posts"}],"about":[{"href":"https:\/\/www.gold.fr\/news\/wp-json\/wp\/v2\/types\/post"}],"author":[{"embeddable":true,"href":"https:\/\/www.gold.fr\/news\/wp-json\/wp\/v2\/users\/18"}],"replies":[{"embeddable":true,"href":"https:\/\/www.gold.fr\/news\/wp-json\/wp\/v2\/comments?post=16041"}],"version-history":[{"count":0,"href":"https:\/\/www.gold.fr\/news\/wp-json\/wp\/v2\/posts\/16041\/revisions"}],"wp:featuredmedia":[{"embeddable":true,"href":"https:\/\/www.gold.fr\/news\/wp-json\/wp\/v2\/media\/16045"}],"wp:attachment":[{"href":"https:\/\/www.gold.fr\/news\/wp-json\/wp\/v2\/media?parent=16041"}],"wp:term":[{"taxonomy":"category","embeddable":true,"href":"https:\/\/www.gold.fr\/news\/wp-json\/wp\/v2\/categories?post=16041"},{"taxonomy":"post_tag","embeddable":true,"href":"https:\/\/www.gold.fr\/news\/wp-json\/wp\/v2\/tags?post=16041"},{"taxonomy":"author","embeddable":true,"href":"https:\/\/www.gold.fr\/news\/wp-json\/wp\/v2\/ppma_author?post=16041"}],"curies":[{"name":"wp","href":"https:\/\/api.w.org\/{rel}","templated":true}]}}