{"id":16035,"date":"2014-11-07T17:00:47","date_gmt":"2014-11-07T16:00:47","guid":{"rendered":"https:\/\/www.gold.fr\/news\/?p=16035"},"modified":"2017-11-02T11:30:55","modified_gmt":"2017-11-02T10:30:55","slug":"discours-draghi-une-fermete-toute-neuve","status":"publish","type":"post","link":"https:\/\/www.gold.fr\/news\/2014\/11\/07\/discours-draghi-une-fermete-toute-neuve\/","title":{"rendered":"Discours Draghi : Une fermet\u00e9 toute neuve"},"content":{"rendered":"<p><img loading=\"lazy\" decoding=\"async\" class=\"alignleft size-thumbnail wp-image-4027\" title=\"Discours Draghi : Une fermet\u00e9 toute neuve\" src=\"https:\/\/www.gold.fr\/news\/wp-content\/uploads\/2011\/11\/BA5623-001-150x150.jpg\" alt=\"\" width=\"150\" height=\"150\" \/><span style=\"font-size: small;\">Maintenant que<strong> Mario Draghi<\/strong> a r\u00e9ussi \u00e0 cr\u00e9er la surprise, m\u00eame en offrant un discours des plus pr\u00e9visibles, les regards experts se retrouvent focalis\u00e9s sur lui, jaugeant ses prochains pas et la mani\u00e8re dont il va concr\u00e9tiser (ou non) ses promesses.<\/span>    <span style=\"font-size: small;\"> Car il faut admettre que la r\u00e9elle surprise ne r\u00e9sidait pas r\u00e9ellement dans les propos m\u00eames du pr\u00e9sident de la banque centrale europ\u00e9enne, mais plut\u00f4t dans le ton \u2013tr\u00e8s ferme- et la d\u00e9termination \u2013assez offensive- dont il a clairement fait preuve. <strong>Draghi<\/strong> ne s\u2019est en effet pas content\u00e9 d\u2019affirmer qu\u2019il n\u2019h\u00e9siterait pas \u00e0 mettre en place des mesures non-conventionnelles, si cela s\u2019av\u00e8re n\u00e9cessaire, mais il a \u00e9galement franchement \u00e9voqu\u00e9 les rumeurs selon lesquelles le conseil des gouverneurs subirait de s\u00e9rieuses fractures internes.<\/span>    <span style=\"font-size: small;\"> Le pr\u00e9sident de l\u2019institution a effectivement soulign\u00e9 \u00ab<em> lors de la conf\u00e9rence de presse, en r\u00e9f\u00e9rence aux reproches qui ont fuit\u00e9, (\u2026) \u00e0 plusieurs reprises que le communiqu\u00e9 a \u00e9t\u00e9 approuv\u00e9 par tous les membres du conseil des gouverneurs<\/em> \u00bb, confirmant ainsi la d\u00e9termination de la <strong>BCE<\/strong> \u00e0 agir sur la base d\u2019une solide unanimit\u00e9.<\/span>    <span style=\"font-size: small;\"> Les analystes d\u2019<strong>Aurel BGC<\/strong>, qui n\u2019ont pas manqu\u00e9 de noter la fermet\u00e9 toute neuve du discours <strong>Draghi<\/strong>, ont \u00e9galement estim\u00e9 que \u00ab<em> les travaux (des \u00e9quipes de la BCE) devront les conduire notamment \u00e0 d\u00e9terminer ce qui peut \u00eatre fait en restant dans le cadre du mandat de la BCE<\/em> \u00bb, rappelant, dans la m\u00eame lign\u00e9e, qu\u2019elles \u00ab<em> devront aussi examiner les exp\u00e9riences des autres grandes banques centrales, tout en prenant en compte les diff\u00e9rences de conditions initiales et de structures de financement qui peuvent amener des mesures proches ou identiques \u00e0 avoir des effet radicalement diff\u00e9rents<\/em> \u00bb.<\/span><\/p>\n<!-- AddThis Advanced Settings generic via filter on the_content --><!-- AddThis Share Buttons generic via filter on the_content -->","protected":false},"excerpt":{"rendered":"<p>Maintenant que Mario Draghi a r\u00e9ussi \u00e0 cr\u00e9er la surprise, m\u00eame en offrant un discours des plus pr\u00e9visibles, les regards experts se retrouvent focalis\u00e9s sur lui, jaugeant ses prochains pas et la mani\u00e8re dont il va [&hellip;]<\/p>\n","protected":false},"author":18,"featured_media":4027,"comment_status":"open","ping_status":"open","sticky":false,"template":"","format":"standard","meta":{"_mbp_gutenberg_autopost":false,"_pgmb_is_evergreen":false,"_pgmb_ap_template_id":0,"footnotes":""},"categories":[6],"tags":[143,495],"ppma_author":[2565],"class_list":["post-16035","post","type-post","status-publish","format-standard","has-post-thumbnail","hentry","category-articles-de-presse","tag-bce","tag-mario-draghi"],"yoast_head":"<!-- This site is optimized with the Yoast SEO plugin v27.5 - https:\/\/yoast.com\/product\/yoast-seo-wordpress\/ -->\n<title>Discours Draghi : Une fermet\u00e9 toute neuve - Gold.fr<\/title>\n<meta name=\"robots\" content=\"index, follow, max-snippet:-1, max-image-preview:large, max-video-preview:-1\" \/>\n<link rel=\"canonical\" href=\"https:\/\/www.gold.fr\/news\/2014\/11\/07\/discours-draghi-une-fermete-toute-neuve\/\" \/>\n<meta property=\"og:locale\" content=\"fr_FR\" \/>\n<meta property=\"og:type\" content=\"article\" \/>\n<meta property=\"og:title\" content=\"Discours Draghi : Une fermet\u00e9 toute neuve - Gold.fr\" \/>\n<meta property=\"og:description\" content=\"Maintenant que Mario Draghi a r\u00e9ussi \u00e0 cr\u00e9er la surprise, m\u00eame en offrant un discours des plus pr\u00e9visibles, les regards experts se retrouvent focalis\u00e9s sur lui, jaugeant ses prochains pas et la mani\u00e8re dont il va [&hellip;]\" \/>\n<meta property=\"og:url\" content=\"https:\/\/www.gold.fr\/news\/2014\/11\/07\/discours-draghi-une-fermete-toute-neuve\/\" \/>\n<meta property=\"og:site_name\" content=\"Gold.fr\" \/>\n<meta property=\"article:publisher\" content=\"https:\/\/www.facebook.com\/Goldfr\/\" \/>\n<meta property=\"article:published_time\" content=\"2014-11-07T16:00:47+00:00\" \/>\n<meta property=\"article:modified_time\" content=\"2017-11-02T10:30:55+00:00\" \/>\n<meta property=\"og:image\" content=\"https:\/\/www.gold.fr\/news\/wp-content\/uploads\/2011\/11\/BA5623-001.jpg\" \/>\n\t<meta property=\"og:image:width\" content=\"600\" \/>\n\t<meta property=\"og:image:height\" content=\"384\" \/>\n\t<meta property=\"og:image:type\" content=\"image\/jpeg\" \/>\n<meta name=\"author\" content=\"Comptoir National de l&#039;Or\" \/>\n<meta name=\"twitter:card\" content=\"summary_large_image\" \/>\n<meta name=\"twitter:label1\" content=\"\u00c9crit par\" \/>\n\t<meta name=\"twitter:data1\" content=\"Comptoir National de l&#039;Or\" \/>\n\t<meta name=\"twitter:label2\" content=\"Dur\u00e9e de lecture estim\u00e9e\" \/>\n\t<meta name=\"twitter:data2\" content=\"2 minutes\" \/>\n<script type=\"application\/ld+json\" class=\"yoast-schema-graph\">{\"@context\":\"https:\\\/\\\/schema.org\",\"@graph\":[{\"@type\":\"Article\",\"@id\":\"https:\\\/\\\/www.gold.fr\\\/news\\\/2014\\\/11\\\/07\\\/discours-draghi-une-fermete-toute-neuve\\\/#article\",\"isPartOf\":{\"@id\":\"https:\\\/\\\/www.gold.fr\\\/news\\\/2014\\\/11\\\/07\\\/discours-draghi-une-fermete-toute-neuve\\\/\"},\"author\":{\"name\":\"Comptoir National de l'Or\",\"@id\":\"https:\\\/\\\/www.gold.fr\\\/news\\\/#\\\/schema\\\/person\\\/070491b4b4fb7671bf59b3be20302ce9\"},\"headline\":\"Discours Draghi : Une fermet\u00e9 toute neuve\",\"datePublished\":\"2014-11-07T16:00:47+00:00\",\"dateModified\":\"2017-11-02T10:30:55+00:00\",\"mainEntityOfPage\":{\"@id\":\"https:\\\/\\\/www.gold.fr\\\/news\\\/2014\\\/11\\\/07\\\/discours-draghi-une-fermete-toute-neuve\\\/\"},\"wordCount\":310,\"commentCount\":0,\"image\":{\"@id\":\"https:\\\/\\\/www.gold.fr\\\/news\\\/2014\\\/11\\\/07\\\/discours-draghi-une-fermete-toute-neuve\\\/#primaryimage\"},\"thumbnailUrl\":\"https:\\\/\\\/www.gold.fr\\\/news\\\/wp-content\\\/uploads\\\/2011\\\/11\\\/BA5623-001.jpg\",\"keywords\":[\"bce\",\"mario draghi\"],\"articleSection\":[\"Articles de presse\"],\"inLanguage\":\"fr-FR\"},{\"@type\":\"WebPage\",\"@id\":\"https:\\\/\\\/www.gold.fr\\\/news\\\/2014\\\/11\\\/07\\\/discours-draghi-une-fermete-toute-neuve\\\/\",\"url\":\"https:\\\/\\\/www.gold.fr\\\/news\\\/2014\\\/11\\\/07\\\/discours-draghi-une-fermete-toute-neuve\\\/\",\"name\":\"Discours Draghi : Une fermet\u00e9 toute neuve - Gold.fr\",\"isPartOf\":{\"@id\":\"https:\\\/\\\/www.gold.fr\\\/news\\\/#website\"},\"primaryImageOfPage\":{\"@id\":\"https:\\\/\\\/www.gold.fr\\\/news\\\/2014\\\/11\\\/07\\\/discours-draghi-une-fermete-toute-neuve\\\/#primaryimage\"},\"image\":{\"@id\":\"https:\\\/\\\/www.gold.fr\\\/news\\\/2014\\\/11\\\/07\\\/discours-draghi-une-fermete-toute-neuve\\\/#primaryimage\"},\"thumbnailUrl\":\"https:\\\/\\\/www.gold.fr\\\/news\\\/wp-content\\\/uploads\\\/2011\\\/11\\\/BA5623-001.jpg\",\"datePublished\":\"2014-11-07T16:00:47+00:00\",\"dateModified\":\"2017-11-02T10:30:55+00:00\",\"author\":{\"@id\":\"https:\\\/\\\/www.gold.fr\\\/news\\\/#\\\/schema\\\/person\\\/070491b4b4fb7671bf59b3be20302ce9\"},\"breadcrumb\":{\"@id\":\"https:\\\/\\\/www.gold.fr\\\/news\\\/2014\\\/11\\\/07\\\/discours-draghi-une-fermete-toute-neuve\\\/#breadcrumb\"},\"inLanguage\":\"fr-FR\",\"potentialAction\":[{\"@type\":\"ReadAction\",\"target\":[\"https:\\\/\\\/www.gold.fr\\\/news\\\/2014\\\/11\\\/07\\\/discours-draghi-une-fermete-toute-neuve\\\/\"]}]},{\"@type\":\"ImageObject\",\"inLanguage\":\"fr-FR\",\"@id\":\"https:\\\/\\\/www.gold.fr\\\/news\\\/2014\\\/11\\\/07\\\/discours-draghi-une-fermete-toute-neuve\\\/#primaryimage\",\"url\":\"https:\\\/\\\/www.gold.fr\\\/news\\\/wp-content\\\/uploads\\\/2011\\\/11\\\/BA5623-001.jpg\",\"contentUrl\":\"https:\\\/\\\/www.gold.fr\\\/news\\\/wp-content\\\/uploads\\\/2011\\\/11\\\/BA5623-001.jpg\",\"width\":\"600\",\"height\":\"384\",\"caption\":\"March\u00e9s euro : Entre espoir et scepticisme\"},{\"@type\":\"BreadcrumbList\",\"@id\":\"https:\\\/\\\/www.gold.fr\\\/news\\\/2014\\\/11\\\/07\\\/discours-draghi-une-fermete-toute-neuve\\\/#breadcrumb\",\"itemListElement\":[{\"@type\":\"ListItem\",\"position\":1,\"name\":\"Accueil\",\"item\":\"https:\\\/\\\/www.gold.fr\\\/\"},{\"@type\":\"ListItem\",\"position\":2,\"name\":\"Actualit\u00e9s\",\"item\":\"https:\\\/\\\/www.gold.fr\\\/news\\\/\"},{\"@type\":\"ListItem\",\"position\":3,\"name\":\"Discours Draghi : Une fermet\u00e9 toute neuve\"}]},{\"@type\":\"WebSite\",\"@id\":\"https:\\\/\\\/www.gold.fr\\\/news\\\/#website\",\"url\":\"https:\\\/\\\/www.gold.fr\\\/news\\\/\",\"name\":\"Gold.fr\",\"description\":\"Actualit\u00e9s de l&#039;Or et des m\u00e9taux pr\u00e9cieux\",\"potentialAction\":[{\"@type\":\"SearchAction\",\"target\":{\"@type\":\"EntryPoint\",\"urlTemplate\":\"https:\\\/\\\/www.gold.fr\\\/news\\\/?s={search_term_string}\"},\"query-input\":{\"@type\":\"PropertyValueSpecification\",\"valueRequired\":true,\"valueName\":\"search_term_string\"}}],\"inLanguage\":\"fr-FR\"},{\"@type\":\"Person\",\"@id\":\"https:\\\/\\\/www.gold.fr\\\/news\\\/#\\\/schema\\\/person\\\/070491b4b4fb7671bf59b3be20302ce9\",\"name\":\"Comptoir National de l'Or\",\"image\":{\"@type\":\"ImageObject\",\"inLanguage\":\"fr-FR\",\"@id\":\"https:\\\/\\\/secure.gravatar.com\\\/avatar\\\/0a2867fd5abe37bed95d5a65e9d58f01756e11efc68af9888dfc50cfa7f65948?s=96&d=mm&r=gb490554db0a38188709de567aa58480d\",\"url\":\"https:\\\/\\\/secure.gravatar.com\\\/avatar\\\/0a2867fd5abe37bed95d5a65e9d58f01756e11efc68af9888dfc50cfa7f65948?s=96&d=mm&r=g\",\"contentUrl\":\"https:\\\/\\\/secure.gravatar.com\\\/avatar\\\/0a2867fd5abe37bed95d5a65e9d58f01756e11efc68af9888dfc50cfa7f65948?s=96&d=mm&r=g\",\"caption\":\"Comptoir National de l'Or\"},\"description\":\"Notre r\u00e9daction est constitu\u00e9e de membres experts dans les m\u00e9tiers de l'\u00e9conomie et la gestion, des Responsables d'agence Comptoir National de l'Or, des analystes financiers qui publient r\u00e9guli\u00e8rement des \u00e9tudes sur les politiques des banques centrales, le cours de l'or, prix de l'or, cours de l'argent, prix de l'argent, cours du platine, cours du palladium,... la situation en zone euro et l'impact de la strat\u00e9gie mon\u00e9taire de la FED. Notre \u00e9quipe scrute \u00e9galement une information plus g\u00e9n\u00e9raliste \u00e0 la recherche d'actualit\u00e9 \\\"p\u00e9pite\\\" \u00e0 vous partager. Depuis 5 ans, nous avons publi\u00e9 un peu plus de 4000 articles qui s'adressent \u00e0 un public large et vari\u00e9 ayant pour objectif de satisfaire votre curiosit\u00e9 et de partager avec vous une certaine fascination pour le m\u00e9tal jaune, le rachat d'or, et pour ceux qui veulent investir dans l'or, vendre leur or tout simplement en savoir plus... Pour tous vos achat or et argent, n'h\u00e9sitez pas \u00e0 prendre rendez-vous dans l'un de nos nombreux comptoirs.\",\"sameAs\":[\"https:\\\/\\\/www.gold.fr\"]}]}<\/script>\n<!-- \/ Yoast SEO plugin. -->","yoast_head_json":{"title":"Discours Draghi : Une fermet\u00e9 toute neuve - Gold.fr","robots":{"index":"index","follow":"follow","max-snippet":"max-snippet:-1","max-image-preview":"max-image-preview:large","max-video-preview":"max-video-preview:-1"},"canonical":"https:\/\/www.gold.fr\/news\/2014\/11\/07\/discours-draghi-une-fermete-toute-neuve\/","og_locale":"fr_FR","og_type":"article","og_title":"Discours Draghi : Une fermet\u00e9 toute neuve - Gold.fr","og_description":"Maintenant que Mario Draghi a r\u00e9ussi \u00e0 cr\u00e9er la surprise, m\u00eame en offrant un discours des plus pr\u00e9visibles, les regards experts se retrouvent focalis\u00e9s sur lui, jaugeant ses prochains pas et la mani\u00e8re dont il va [&hellip;]","og_url":"https:\/\/www.gold.fr\/news\/2014\/11\/07\/discours-draghi-une-fermete-toute-neuve\/","og_site_name":"Gold.fr","article_publisher":"https:\/\/www.facebook.com\/Goldfr\/","article_published_time":"2014-11-07T16:00:47+00:00","article_modified_time":"2017-11-02T10:30:55+00:00","og_image":[{"width":600,"height":384,"url":"https:\/\/www.gold.fr\/news\/wp-content\/uploads\/2011\/11\/BA5623-001.jpg","type":"image\/jpeg"}],"author":"Comptoir National de l'Or","twitter_card":"summary_large_image","twitter_misc":{"\u00c9crit par":"Comptoir National de l'Or","Dur\u00e9e de lecture estim\u00e9e":"2 minutes"},"schema":{"@context":"https:\/\/schema.org","@graph":[{"@type":"Article","@id":"https:\/\/www.gold.fr\/news\/2014\/11\/07\/discours-draghi-une-fermete-toute-neuve\/#article","isPartOf":{"@id":"https:\/\/www.gold.fr\/news\/2014\/11\/07\/discours-draghi-une-fermete-toute-neuve\/"},"author":{"name":"Comptoir National de l'Or","@id":"https:\/\/www.gold.fr\/news\/#\/schema\/person\/070491b4b4fb7671bf59b3be20302ce9"},"headline":"Discours Draghi : Une fermet\u00e9 toute neuve","datePublished":"2014-11-07T16:00:47+00:00","dateModified":"2017-11-02T10:30:55+00:00","mainEntityOfPage":{"@id":"https:\/\/www.gold.fr\/news\/2014\/11\/07\/discours-draghi-une-fermete-toute-neuve\/"},"wordCount":310,"commentCount":0,"image":{"@id":"https:\/\/www.gold.fr\/news\/2014\/11\/07\/discours-draghi-une-fermete-toute-neuve\/#primaryimage"},"thumbnailUrl":"https:\/\/www.gold.fr\/news\/wp-content\/uploads\/2011\/11\/BA5623-001.jpg","keywords":["bce","mario draghi"],"articleSection":["Articles de presse"],"inLanguage":"fr-FR"},{"@type":"WebPage","@id":"https:\/\/www.gold.fr\/news\/2014\/11\/07\/discours-draghi-une-fermete-toute-neuve\/","url":"https:\/\/www.gold.fr\/news\/2014\/11\/07\/discours-draghi-une-fermete-toute-neuve\/","name":"Discours Draghi : Une fermet\u00e9 toute neuve - Gold.fr","isPartOf":{"@id":"https:\/\/www.gold.fr\/news\/#website"},"primaryImageOfPage":{"@id":"https:\/\/www.gold.fr\/news\/2014\/11\/07\/discours-draghi-une-fermete-toute-neuve\/#primaryimage"},"image":{"@id":"https:\/\/www.gold.fr\/news\/2014\/11\/07\/discours-draghi-une-fermete-toute-neuve\/#primaryimage"},"thumbnailUrl":"https:\/\/www.gold.fr\/news\/wp-content\/uploads\/2011\/11\/BA5623-001.jpg","datePublished":"2014-11-07T16:00:47+00:00","dateModified":"2017-11-02T10:30:55+00:00","author":{"@id":"https:\/\/www.gold.fr\/news\/#\/schema\/person\/070491b4b4fb7671bf59b3be20302ce9"},"breadcrumb":{"@id":"https:\/\/www.gold.fr\/news\/2014\/11\/07\/discours-draghi-une-fermete-toute-neuve\/#breadcrumb"},"inLanguage":"fr-FR","potentialAction":[{"@type":"ReadAction","target":["https:\/\/www.gold.fr\/news\/2014\/11\/07\/discours-draghi-une-fermete-toute-neuve\/"]}]},{"@type":"ImageObject","inLanguage":"fr-FR","@id":"https:\/\/www.gold.fr\/news\/2014\/11\/07\/discours-draghi-une-fermete-toute-neuve\/#primaryimage","url":"https:\/\/www.gold.fr\/news\/wp-content\/uploads\/2011\/11\/BA5623-001.jpg","contentUrl":"https:\/\/www.gold.fr\/news\/wp-content\/uploads\/2011\/11\/BA5623-001.jpg","width":"600","height":"384","caption":"March\u00e9s euro : Entre espoir et scepticisme"},{"@type":"BreadcrumbList","@id":"https:\/\/www.gold.fr\/news\/2014\/11\/07\/discours-draghi-une-fermete-toute-neuve\/#breadcrumb","itemListElement":[{"@type":"ListItem","position":1,"name":"Accueil","item":"https:\/\/www.gold.fr\/"},{"@type":"ListItem","position":2,"name":"Actualit\u00e9s","item":"https:\/\/www.gold.fr\/news\/"},{"@type":"ListItem","position":3,"name":"Discours Draghi : Une fermet\u00e9 toute neuve"}]},{"@type":"WebSite","@id":"https:\/\/www.gold.fr\/news\/#website","url":"https:\/\/www.gold.fr\/news\/","name":"Gold.fr","description":"Actualit\u00e9s de l&#039;Or et des m\u00e9taux pr\u00e9cieux","potentialAction":[{"@type":"SearchAction","target":{"@type":"EntryPoint","urlTemplate":"https:\/\/www.gold.fr\/news\/?s={search_term_string}"},"query-input":{"@type":"PropertyValueSpecification","valueRequired":true,"valueName":"search_term_string"}}],"inLanguage":"fr-FR"},{"@type":"Person","@id":"https:\/\/www.gold.fr\/news\/#\/schema\/person\/070491b4b4fb7671bf59b3be20302ce9","name":"Comptoir National de l'Or","image":{"@type":"ImageObject","inLanguage":"fr-FR","@id":"https:\/\/secure.gravatar.com\/avatar\/0a2867fd5abe37bed95d5a65e9d58f01756e11efc68af9888dfc50cfa7f65948?s=96&d=mm&r=gb490554db0a38188709de567aa58480d","url":"https:\/\/secure.gravatar.com\/avatar\/0a2867fd5abe37bed95d5a65e9d58f01756e11efc68af9888dfc50cfa7f65948?s=96&d=mm&r=g","contentUrl":"https:\/\/secure.gravatar.com\/avatar\/0a2867fd5abe37bed95d5a65e9d58f01756e11efc68af9888dfc50cfa7f65948?s=96&d=mm&r=g","caption":"Comptoir National de l'Or"},"description":"Notre r\u00e9daction est constitu\u00e9e de membres experts dans les m\u00e9tiers de l'\u00e9conomie et la gestion, des Responsables d'agence Comptoir National de l'Or, des analystes financiers qui publient r\u00e9guli\u00e8rement des \u00e9tudes sur les politiques des banques centrales, le cours de l'or, prix de l'or, cours de l'argent, prix de l'argent, cours du platine, cours du palladium,... la situation en zone euro et l'impact de la strat\u00e9gie mon\u00e9taire de la FED. Notre \u00e9quipe scrute \u00e9galement une information plus g\u00e9n\u00e9raliste \u00e0 la recherche d'actualit\u00e9 \"p\u00e9pite\" \u00e0 vous partager. Depuis 5 ans, nous avons publi\u00e9 un peu plus de 4000 articles qui s'adressent \u00e0 un public large et vari\u00e9 ayant pour objectif de satisfaire votre curiosit\u00e9 et de partager avec vous une certaine fascination pour le m\u00e9tal jaune, le rachat d'or, et pour ceux qui veulent investir dans l'or, vendre leur or tout simplement en savoir plus... Pour tous vos achat or et argent, n'h\u00e9sitez pas \u00e0 prendre rendez-vous dans l'un de nos nombreux comptoirs.","sameAs":["https:\/\/www.gold.fr"]}]}},"authors":[{"term_id":2565,"user_id":18,"is_guest":0,"slug":"julie","display_name":"Comptoir National de l'Or","avatar_url":"https:\/\/secure.gravatar.com\/avatar\/713f289e398d35ead876c4a4cc08607f0d6d266058cfc25683fffb6092d0e572?s=96&d=mm&r=g","0":null,"1":"","2":"","3":"","4":"","5":"","6":"","7":"","8":""}],"_links":{"self":[{"href":"https:\/\/www.gold.fr\/news\/wp-json\/wp\/v2\/posts\/16035","targetHints":{"allow":["GET"]}}],"collection":[{"href":"https:\/\/www.gold.fr\/news\/wp-json\/wp\/v2\/posts"}],"about":[{"href":"https:\/\/www.gold.fr\/news\/wp-json\/wp\/v2\/types\/post"}],"author":[{"embeddable":true,"href":"https:\/\/www.gold.fr\/news\/wp-json\/wp\/v2\/users\/18"}],"replies":[{"embeddable":true,"href":"https:\/\/www.gold.fr\/news\/wp-json\/wp\/v2\/comments?post=16035"}],"version-history":[{"count":0,"href":"https:\/\/www.gold.fr\/news\/wp-json\/wp\/v2\/posts\/16035\/revisions"}],"wp:featuredmedia":[{"embeddable":true,"href":"https:\/\/www.gold.fr\/news\/wp-json\/wp\/v2\/media\/4027"}],"wp:attachment":[{"href":"https:\/\/www.gold.fr\/news\/wp-json\/wp\/v2\/media?parent=16035"}],"wp:term":[{"taxonomy":"category","embeddable":true,"href":"https:\/\/www.gold.fr\/news\/wp-json\/wp\/v2\/categories?post=16035"},{"taxonomy":"post_tag","embeddable":true,"href":"https:\/\/www.gold.fr\/news\/wp-json\/wp\/v2\/tags?post=16035"},{"taxonomy":"author","embeddable":true,"href":"https:\/\/www.gold.fr\/news\/wp-json\/wp\/v2\/ppma_author?post=16035"}],"curies":[{"name":"wp","href":"https:\/\/api.w.org\/{rel}","templated":true}]}}