{"id":16026,"date":"2014-11-06T17:00:26","date_gmt":"2014-11-06T16:00:26","guid":{"rendered":"https:\/\/www.gold.fr\/news\/?p=16026"},"modified":"2017-11-02T11:41:15","modified_gmt":"2017-11-02T10:41:15","slug":"les-marches-euro-en-apnee-avant-la-bce","status":"publish","type":"post","link":"https:\/\/www.gold.fr\/news\/2014\/11\/06\/les-marches-euro-en-apnee-avant-la-bce\/","title":{"rendered":"Les march\u00e9s euro en apn\u00e9e avant la BCE"},"content":{"rendered":"<p><img loading=\"lazy\" decoding=\"async\" class=\"alignleft size-thumbnail wp-image-8585\" title=\"Les march\u00e9s euro en apn\u00e9e avant la BCE\" src=\"https:\/\/www.gold.fr\/news\/wp-content\/uploads\/2012\/07\/or-monde-150x150.jpg\" alt=\"\" width=\"150\" height=\"150\" \/><span style=\"font-size: small;\">Mais il s\u2019agit d\u2019une apn\u00e9e relative. La monnaie unique retient certes son souffle, \u00e0 quelques petites heures de la conf\u00e9rence de presse tant attendue que donnera <strong>Mario Draghi<\/strong>, mais on note tout de m\u00eame une l\u00e9g\u00e8re hausse traduisant logiquement un optimisme latent parmi la plupart des investisseurs europ\u00e9ens.<\/span>    <span style=\"font-size: small;\"> Le pr\u00e9sident de la banque centrale europ\u00e9enne animera la fameuse conf\u00e9rence de presse afin d\u2019annoncer les d\u00e9cisions prises au terme de la r\u00e9union mensuelle du conseil des gouverneurs de la <strong>BCE<\/strong>. Et le rendez-vous \u00e9conomique provoque d\u00e9j\u00e0 une vague de sp\u00e9culations, en d\u00e9pit de la pr\u00e9visibilit\u00e9 relative des annonces anticip\u00e9es.<\/span>    <span style=\"font-size: small;\"> Chez <strong>RTFX<\/strong>, l\u2019\u00e9quipe de sp\u00e9cialistes estime que \u00ab <em>le dollar subit des ventes en vue d&rsquo;\u00e9v\u00e9nements importants aujourd&rsquo;hui annonc\u00e9s par la <strong>BCE<\/strong> et des chiffres de l&#8217;emploi non agricole de demain en provenance des \u00c9tats-Unis<\/em> \u00bb. Ils rapportent \u00e9galement que \u00ab<em> selon les m\u00e9dias, le m\u00e9contentement des gouverneurs nationaux par rapport \u00e0 l&rsquo;attitude agressive de <strong>Draghi<\/strong> sur le stimulus a donn\u00e9 une attention particuli\u00e8re \u00e0 la conf\u00e9rence de presse de la <strong>BCE<\/strong> d&rsquo;aujourd&rsquo;hui<\/em> \u00bb.<\/span>    <span style=\"font-size: small;\"> Bref, il ne s\u2019agit pas simplement de guetter les d\u00e9cisions des membres du conseil, mais aussi et surtout de voir l\u2019issue de discussions qui ont manifestement \u00e9t\u00e9 tr\u00e8s houleuses, durant les deux journ\u00e9es traditionnelles de r\u00e9union. Dans l\u2019ensemble, personne ne s\u2019attend \u00e0 voir la <strong>BCE<\/strong> changer sa ligne directoire de politique mon\u00e9taire, mais les march\u00e9s ne sont pas \u00e0 l\u2019abri d\u2019une (bonne\/mauvaise) surprise. D\u2019o\u00f9 l\u2019apn\u00e9e attentiste.<\/span><\/p>\n<!-- AddThis Advanced Settings generic via filter on the_content --><!-- AddThis Share Buttons generic via filter on the_content -->","protected":false},"excerpt":{"rendered":"<p>Mais il s\u2019agit d\u2019une apn\u00e9e relative. La monnaie unique retient certes son souffle, \u00e0 quelques petites heures de la conf\u00e9rence de presse tant attendue que donnera Mario Draghi, mais on note tout de m\u00eame une l\u00e9g\u00e8re [&hellip;]<\/p>\n","protected":false},"author":18,"featured_media":8585,"comment_status":"open","ping_status":"open","sticky":false,"template":"","format":"standard","meta":{"_mbp_gutenberg_autopost":false,"_pgmb_is_evergreen":false,"_pgmb_ap_template_id":0,"footnotes":""},"categories":[6],"tags":[143,103,105,495],"ppma_author":[2565],"class_list":["post-16026","post","type-post","status-publish","format-standard","has-post-thumbnail","hentry","category-articles-de-presse","tag-bce","tag-euro","tag-marche","tag-mario-draghi"],"yoast_head":"<!-- This site is optimized with the Yoast SEO plugin v27.5 - https:\/\/yoast.com\/product\/yoast-seo-wordpress\/ -->\n<title>Les march\u00e9s euro en apn\u00e9e avant la BCE - Gold.fr<\/title>\n<meta name=\"robots\" content=\"index, follow, max-snippet:-1, max-image-preview:large, max-video-preview:-1\" \/>\n<link rel=\"canonical\" href=\"https:\/\/www.gold.fr\/news\/2014\/11\/06\/les-marches-euro-en-apnee-avant-la-bce\/\" \/>\n<meta property=\"og:locale\" content=\"fr_FR\" \/>\n<meta property=\"og:type\" content=\"article\" \/>\n<meta property=\"og:title\" content=\"Les march\u00e9s euro en apn\u00e9e avant la BCE - Gold.fr\" \/>\n<meta property=\"og:description\" content=\"Mais il s\u2019agit d\u2019une apn\u00e9e relative. La monnaie unique retient certes son souffle, \u00e0 quelques petites heures de la conf\u00e9rence de presse tant attendue que donnera Mario Draghi, mais on note tout de m\u00eame une l\u00e9g\u00e8re [&hellip;]\" \/>\n<meta property=\"og:url\" content=\"https:\/\/www.gold.fr\/news\/2014\/11\/06\/les-marches-euro-en-apnee-avant-la-bce\/\" \/>\n<meta property=\"og:site_name\" content=\"Gold.fr\" \/>\n<meta property=\"article:publisher\" content=\"https:\/\/www.facebook.com\/Goldfr\/\" \/>\n<meta property=\"article:published_time\" content=\"2014-11-06T16:00:26+00:00\" \/>\n<meta property=\"article:modified_time\" content=\"2017-11-02T10:41:15+00:00\" \/>\n<meta property=\"og:image\" content=\"https:\/\/www.gold.fr\/news\/wp-content\/uploads\/2012\/07\/or-monde-e1478814840845.jpg\" \/>\n\t<meta property=\"og:image:width\" content=\"300\" \/>\n\t<meta property=\"og:image:height\" content=\"203\" \/>\n\t<meta property=\"og:image:type\" content=\"image\/jpeg\" \/>\n<meta name=\"author\" content=\"Comptoir National de l&#039;Or\" \/>\n<meta name=\"twitter:card\" content=\"summary_large_image\" \/>\n<meta name=\"twitter:label1\" content=\"\u00c9crit par\" \/>\n\t<meta name=\"twitter:data1\" content=\"Comptoir National de l&#039;Or\" \/>\n\t<meta name=\"twitter:label2\" content=\"Dur\u00e9e de lecture estim\u00e9e\" \/>\n\t<meta name=\"twitter:data2\" content=\"1 minute\" \/>\n<script type=\"application\/ld+json\" class=\"yoast-schema-graph\">{\"@context\":\"https:\\\/\\\/schema.org\",\"@graph\":[{\"@type\":\"Article\",\"@id\":\"https:\\\/\\\/www.gold.fr\\\/news\\\/2014\\\/11\\\/06\\\/les-marches-euro-en-apnee-avant-la-bce\\\/#article\",\"isPartOf\":{\"@id\":\"https:\\\/\\\/www.gold.fr\\\/news\\\/2014\\\/11\\\/06\\\/les-marches-euro-en-apnee-avant-la-bce\\\/\"},\"author\":{\"name\":\"Comptoir National de l'Or\",\"@id\":\"https:\\\/\\\/www.gold.fr\\\/news\\\/#\\\/schema\\\/person\\\/070491b4b4fb7671bf59b3be20302ce9\"},\"headline\":\"Les march\u00e9s euro en apn\u00e9e avant la BCE\",\"datePublished\":\"2014-11-06T16:00:26+00:00\",\"dateModified\":\"2017-11-02T10:41:15+00:00\",\"mainEntityOfPage\":{\"@id\":\"https:\\\/\\\/www.gold.fr\\\/news\\\/2014\\\/11\\\/06\\\/les-marches-euro-en-apnee-avant-la-bce\\\/\"},\"wordCount\":288,\"commentCount\":0,\"image\":{\"@id\":\"https:\\\/\\\/www.gold.fr\\\/news\\\/2014\\\/11\\\/06\\\/les-marches-euro-en-apnee-avant-la-bce\\\/#primaryimage\"},\"thumbnailUrl\":\"https:\\\/\\\/www.gold.fr\\\/news\\\/wp-content\\\/uploads\\\/2012\\\/07\\\/or-monde-e1478814840845.jpg\",\"keywords\":[\"bce\",\"euro\",\"march\u00e9\",\"mario draghi\"],\"articleSection\":[\"Articles de presse\"],\"inLanguage\":\"fr-FR\"},{\"@type\":\"WebPage\",\"@id\":\"https:\\\/\\\/www.gold.fr\\\/news\\\/2014\\\/11\\\/06\\\/les-marches-euro-en-apnee-avant-la-bce\\\/\",\"url\":\"https:\\\/\\\/www.gold.fr\\\/news\\\/2014\\\/11\\\/06\\\/les-marches-euro-en-apnee-avant-la-bce\\\/\",\"name\":\"Les march\u00e9s euro en apn\u00e9e avant la BCE - Gold.fr\",\"isPartOf\":{\"@id\":\"https:\\\/\\\/www.gold.fr\\\/news\\\/#website\"},\"primaryImageOfPage\":{\"@id\":\"https:\\\/\\\/www.gold.fr\\\/news\\\/2014\\\/11\\\/06\\\/les-marches-euro-en-apnee-avant-la-bce\\\/#primaryimage\"},\"image\":{\"@id\":\"https:\\\/\\\/www.gold.fr\\\/news\\\/2014\\\/11\\\/06\\\/les-marches-euro-en-apnee-avant-la-bce\\\/#primaryimage\"},\"thumbnailUrl\":\"https:\\\/\\\/www.gold.fr\\\/news\\\/wp-content\\\/uploads\\\/2012\\\/07\\\/or-monde-e1478814840845.jpg\",\"datePublished\":\"2014-11-06T16:00:26+00:00\",\"dateModified\":\"2017-11-02T10:41:15+00:00\",\"author\":{\"@id\":\"https:\\\/\\\/www.gold.fr\\\/news\\\/#\\\/schema\\\/person\\\/070491b4b4fb7671bf59b3be20302ce9\"},\"breadcrumb\":{\"@id\":\"https:\\\/\\\/www.gold.fr\\\/news\\\/2014\\\/11\\\/06\\\/les-marches-euro-en-apnee-avant-la-bce\\\/#breadcrumb\"},\"inLanguage\":\"fr-FR\",\"potentialAction\":[{\"@type\":\"ReadAction\",\"target\":[\"https:\\\/\\\/www.gold.fr\\\/news\\\/2014\\\/11\\\/06\\\/les-marches-euro-en-apnee-avant-la-bce\\\/\"]}]},{\"@type\":\"ImageObject\",\"inLanguage\":\"fr-FR\",\"@id\":\"https:\\\/\\\/www.gold.fr\\\/news\\\/2014\\\/11\\\/06\\\/les-marches-euro-en-apnee-avant-la-bce\\\/#primaryimage\",\"url\":\"https:\\\/\\\/www.gold.fr\\\/news\\\/wp-content\\\/uploads\\\/2012\\\/07\\\/or-monde-e1478814840845.jpg\",\"contentUrl\":\"https:\\\/\\\/www.gold.fr\\\/news\\\/wp-content\\\/uploads\\\/2012\\\/07\\\/or-monde-e1478814840845.jpg\",\"width\":300,\"height\":203,\"caption\":\"F\u00e9ri\u00e9s des deux c\u00f4t\u00e9s de l\u2019Atlantique\"},{\"@type\":\"BreadcrumbList\",\"@id\":\"https:\\\/\\\/www.gold.fr\\\/news\\\/2014\\\/11\\\/06\\\/les-marches-euro-en-apnee-avant-la-bce\\\/#breadcrumb\",\"itemListElement\":[{\"@type\":\"ListItem\",\"position\":1,\"name\":\"Accueil\",\"item\":\"https:\\\/\\\/www.gold.fr\\\/\"},{\"@type\":\"ListItem\",\"position\":2,\"name\":\"Actualit\u00e9s\",\"item\":\"https:\\\/\\\/www.gold.fr\\\/news\\\/\"},{\"@type\":\"ListItem\",\"position\":3,\"name\":\"Les march\u00e9s euro en apn\u00e9e avant la BCE\"}]},{\"@type\":\"WebSite\",\"@id\":\"https:\\\/\\\/www.gold.fr\\\/news\\\/#website\",\"url\":\"https:\\\/\\\/www.gold.fr\\\/news\\\/\",\"name\":\"Gold.fr\",\"description\":\"Actualit\u00e9s de l&#039;Or et des m\u00e9taux pr\u00e9cieux\",\"potentialAction\":[{\"@type\":\"SearchAction\",\"target\":{\"@type\":\"EntryPoint\",\"urlTemplate\":\"https:\\\/\\\/www.gold.fr\\\/news\\\/?s={search_term_string}\"},\"query-input\":{\"@type\":\"PropertyValueSpecification\",\"valueRequired\":true,\"valueName\":\"search_term_string\"}}],\"inLanguage\":\"fr-FR\"},{\"@type\":\"Person\",\"@id\":\"https:\\\/\\\/www.gold.fr\\\/news\\\/#\\\/schema\\\/person\\\/070491b4b4fb7671bf59b3be20302ce9\",\"name\":\"Comptoir National de l'Or\",\"image\":{\"@type\":\"ImageObject\",\"inLanguage\":\"fr-FR\",\"@id\":\"https:\\\/\\\/secure.gravatar.com\\\/avatar\\\/0a2867fd5abe37bed95d5a65e9d58f01756e11efc68af9888dfc50cfa7f65948?s=96&d=mm&r=gb490554db0a38188709de567aa58480d\",\"url\":\"https:\\\/\\\/secure.gravatar.com\\\/avatar\\\/0a2867fd5abe37bed95d5a65e9d58f01756e11efc68af9888dfc50cfa7f65948?s=96&d=mm&r=g\",\"contentUrl\":\"https:\\\/\\\/secure.gravatar.com\\\/avatar\\\/0a2867fd5abe37bed95d5a65e9d58f01756e11efc68af9888dfc50cfa7f65948?s=96&d=mm&r=g\",\"caption\":\"Comptoir National de l'Or\"},\"description\":\"Notre r\u00e9daction est constitu\u00e9e de membres experts dans les m\u00e9tiers de l'\u00e9conomie et la gestion, des Responsables d'agence Comptoir National de l'Or, des analystes financiers qui publient r\u00e9guli\u00e8rement des \u00e9tudes sur les politiques des banques centrales, le cours de l'or, prix de l'or, cours de l'argent, prix de l'argent, cours du platine, cours du palladium,... la situation en zone euro et l'impact de la strat\u00e9gie mon\u00e9taire de la FED. Notre \u00e9quipe scrute \u00e9galement une information plus g\u00e9n\u00e9raliste \u00e0 la recherche d'actualit\u00e9 \\\"p\u00e9pite\\\" \u00e0 vous partager. Depuis 5 ans, nous avons publi\u00e9 un peu plus de 4000 articles qui s'adressent \u00e0 un public large et vari\u00e9 ayant pour objectif de satisfaire votre curiosit\u00e9 et de partager avec vous une certaine fascination pour le m\u00e9tal jaune, le rachat d'or, et pour ceux qui veulent investir dans l'or, vendre leur or tout simplement en savoir plus... Pour tous vos achat or et argent, n'h\u00e9sitez pas \u00e0 prendre rendez-vous dans l'un de nos nombreux comptoirs.\",\"sameAs\":[\"https:\\\/\\\/www.gold.fr\"]}]}<\/script>\n<!-- \/ Yoast SEO plugin. -->","yoast_head_json":{"title":"Les march\u00e9s euro en apn\u00e9e avant la BCE - Gold.fr","robots":{"index":"index","follow":"follow","max-snippet":"max-snippet:-1","max-image-preview":"max-image-preview:large","max-video-preview":"max-video-preview:-1"},"canonical":"https:\/\/www.gold.fr\/news\/2014\/11\/06\/les-marches-euro-en-apnee-avant-la-bce\/","og_locale":"fr_FR","og_type":"article","og_title":"Les march\u00e9s euro en apn\u00e9e avant la BCE - Gold.fr","og_description":"Mais il s\u2019agit d\u2019une apn\u00e9e relative. La monnaie unique retient certes son souffle, \u00e0 quelques petites heures de la conf\u00e9rence de presse tant attendue que donnera Mario Draghi, mais on note tout de m\u00eame une l\u00e9g\u00e8re [&hellip;]","og_url":"https:\/\/www.gold.fr\/news\/2014\/11\/06\/les-marches-euro-en-apnee-avant-la-bce\/","og_site_name":"Gold.fr","article_publisher":"https:\/\/www.facebook.com\/Goldfr\/","article_published_time":"2014-11-06T16:00:26+00:00","article_modified_time":"2017-11-02T10:41:15+00:00","og_image":[{"width":300,"height":203,"url":"https:\/\/www.gold.fr\/news\/wp-content\/uploads\/2012\/07\/or-monde-e1478814840845.jpg","type":"image\/jpeg"}],"author":"Comptoir National de l'Or","twitter_card":"summary_large_image","twitter_misc":{"\u00c9crit par":"Comptoir National de l'Or","Dur\u00e9e de lecture estim\u00e9e":"1 minute"},"schema":{"@context":"https:\/\/schema.org","@graph":[{"@type":"Article","@id":"https:\/\/www.gold.fr\/news\/2014\/11\/06\/les-marches-euro-en-apnee-avant-la-bce\/#article","isPartOf":{"@id":"https:\/\/www.gold.fr\/news\/2014\/11\/06\/les-marches-euro-en-apnee-avant-la-bce\/"},"author":{"name":"Comptoir National de l'Or","@id":"https:\/\/www.gold.fr\/news\/#\/schema\/person\/070491b4b4fb7671bf59b3be20302ce9"},"headline":"Les march\u00e9s euro en apn\u00e9e avant la BCE","datePublished":"2014-11-06T16:00:26+00:00","dateModified":"2017-11-02T10:41:15+00:00","mainEntityOfPage":{"@id":"https:\/\/www.gold.fr\/news\/2014\/11\/06\/les-marches-euro-en-apnee-avant-la-bce\/"},"wordCount":288,"commentCount":0,"image":{"@id":"https:\/\/www.gold.fr\/news\/2014\/11\/06\/les-marches-euro-en-apnee-avant-la-bce\/#primaryimage"},"thumbnailUrl":"https:\/\/www.gold.fr\/news\/wp-content\/uploads\/2012\/07\/or-monde-e1478814840845.jpg","keywords":["bce","euro","march\u00e9","mario draghi"],"articleSection":["Articles de presse"],"inLanguage":"fr-FR"},{"@type":"WebPage","@id":"https:\/\/www.gold.fr\/news\/2014\/11\/06\/les-marches-euro-en-apnee-avant-la-bce\/","url":"https:\/\/www.gold.fr\/news\/2014\/11\/06\/les-marches-euro-en-apnee-avant-la-bce\/","name":"Les march\u00e9s euro en apn\u00e9e avant la BCE - Gold.fr","isPartOf":{"@id":"https:\/\/www.gold.fr\/news\/#website"},"primaryImageOfPage":{"@id":"https:\/\/www.gold.fr\/news\/2014\/11\/06\/les-marches-euro-en-apnee-avant-la-bce\/#primaryimage"},"image":{"@id":"https:\/\/www.gold.fr\/news\/2014\/11\/06\/les-marches-euro-en-apnee-avant-la-bce\/#primaryimage"},"thumbnailUrl":"https:\/\/www.gold.fr\/news\/wp-content\/uploads\/2012\/07\/or-monde-e1478814840845.jpg","datePublished":"2014-11-06T16:00:26+00:00","dateModified":"2017-11-02T10:41:15+00:00","author":{"@id":"https:\/\/www.gold.fr\/news\/#\/schema\/person\/070491b4b4fb7671bf59b3be20302ce9"},"breadcrumb":{"@id":"https:\/\/www.gold.fr\/news\/2014\/11\/06\/les-marches-euro-en-apnee-avant-la-bce\/#breadcrumb"},"inLanguage":"fr-FR","potentialAction":[{"@type":"ReadAction","target":["https:\/\/www.gold.fr\/news\/2014\/11\/06\/les-marches-euro-en-apnee-avant-la-bce\/"]}]},{"@type":"ImageObject","inLanguage":"fr-FR","@id":"https:\/\/www.gold.fr\/news\/2014\/11\/06\/les-marches-euro-en-apnee-avant-la-bce\/#primaryimage","url":"https:\/\/www.gold.fr\/news\/wp-content\/uploads\/2012\/07\/or-monde-e1478814840845.jpg","contentUrl":"https:\/\/www.gold.fr\/news\/wp-content\/uploads\/2012\/07\/or-monde-e1478814840845.jpg","width":300,"height":203,"caption":"F\u00e9ri\u00e9s des deux c\u00f4t\u00e9s de l\u2019Atlantique"},{"@type":"BreadcrumbList","@id":"https:\/\/www.gold.fr\/news\/2014\/11\/06\/les-marches-euro-en-apnee-avant-la-bce\/#breadcrumb","itemListElement":[{"@type":"ListItem","position":1,"name":"Accueil","item":"https:\/\/www.gold.fr\/"},{"@type":"ListItem","position":2,"name":"Actualit\u00e9s","item":"https:\/\/www.gold.fr\/news\/"},{"@type":"ListItem","position":3,"name":"Les march\u00e9s euro en apn\u00e9e avant la BCE"}]},{"@type":"WebSite","@id":"https:\/\/www.gold.fr\/news\/#website","url":"https:\/\/www.gold.fr\/news\/","name":"Gold.fr","description":"Actualit\u00e9s de l&#039;Or et des m\u00e9taux pr\u00e9cieux","potentialAction":[{"@type":"SearchAction","target":{"@type":"EntryPoint","urlTemplate":"https:\/\/www.gold.fr\/news\/?s={search_term_string}"},"query-input":{"@type":"PropertyValueSpecification","valueRequired":true,"valueName":"search_term_string"}}],"inLanguage":"fr-FR"},{"@type":"Person","@id":"https:\/\/www.gold.fr\/news\/#\/schema\/person\/070491b4b4fb7671bf59b3be20302ce9","name":"Comptoir National de l'Or","image":{"@type":"ImageObject","inLanguage":"fr-FR","@id":"https:\/\/secure.gravatar.com\/avatar\/0a2867fd5abe37bed95d5a65e9d58f01756e11efc68af9888dfc50cfa7f65948?s=96&d=mm&r=gb490554db0a38188709de567aa58480d","url":"https:\/\/secure.gravatar.com\/avatar\/0a2867fd5abe37bed95d5a65e9d58f01756e11efc68af9888dfc50cfa7f65948?s=96&d=mm&r=g","contentUrl":"https:\/\/secure.gravatar.com\/avatar\/0a2867fd5abe37bed95d5a65e9d58f01756e11efc68af9888dfc50cfa7f65948?s=96&d=mm&r=g","caption":"Comptoir National de l'Or"},"description":"Notre r\u00e9daction est constitu\u00e9e de membres experts dans les m\u00e9tiers de l'\u00e9conomie et la gestion, des Responsables d'agence Comptoir National de l'Or, des analystes financiers qui publient r\u00e9guli\u00e8rement des \u00e9tudes sur les politiques des banques centrales, le cours de l'or, prix de l'or, cours de l'argent, prix de l'argent, cours du platine, cours du palladium,... la situation en zone euro et l'impact de la strat\u00e9gie mon\u00e9taire de la FED. Notre \u00e9quipe scrute \u00e9galement une information plus g\u00e9n\u00e9raliste \u00e0 la recherche d'actualit\u00e9 \"p\u00e9pite\" \u00e0 vous partager. Depuis 5 ans, nous avons publi\u00e9 un peu plus de 4000 articles qui s'adressent \u00e0 un public large et vari\u00e9 ayant pour objectif de satisfaire votre curiosit\u00e9 et de partager avec vous une certaine fascination pour le m\u00e9tal jaune, le rachat d'or, et pour ceux qui veulent investir dans l'or, vendre leur or tout simplement en savoir plus... Pour tous vos achat or et argent, n'h\u00e9sitez pas \u00e0 prendre rendez-vous dans l'un de nos nombreux comptoirs.","sameAs":["https:\/\/www.gold.fr"]}]}},"authors":[{"term_id":2565,"user_id":18,"is_guest":0,"slug":"julie","display_name":"Comptoir National de l'Or","avatar_url":"https:\/\/secure.gravatar.com\/avatar\/713f289e398d35ead876c4a4cc08607f0d6d266058cfc25683fffb6092d0e572?s=96&d=mm&r=g","0":null,"1":"","2":"","3":"","4":"","5":"","6":"","7":"","8":""}],"_links":{"self":[{"href":"https:\/\/www.gold.fr\/news\/wp-json\/wp\/v2\/posts\/16026","targetHints":{"allow":["GET"]}}],"collection":[{"href":"https:\/\/www.gold.fr\/news\/wp-json\/wp\/v2\/posts"}],"about":[{"href":"https:\/\/www.gold.fr\/news\/wp-json\/wp\/v2\/types\/post"}],"author":[{"embeddable":true,"href":"https:\/\/www.gold.fr\/news\/wp-json\/wp\/v2\/users\/18"}],"replies":[{"embeddable":true,"href":"https:\/\/www.gold.fr\/news\/wp-json\/wp\/v2\/comments?post=16026"}],"version-history":[{"count":0,"href":"https:\/\/www.gold.fr\/news\/wp-json\/wp\/v2\/posts\/16026\/revisions"}],"wp:featuredmedia":[{"embeddable":true,"href":"https:\/\/www.gold.fr\/news\/wp-json\/wp\/v2\/media\/8585"}],"wp:attachment":[{"href":"https:\/\/www.gold.fr\/news\/wp-json\/wp\/v2\/media?parent=16026"}],"wp:term":[{"taxonomy":"category","embeddable":true,"href":"https:\/\/www.gold.fr\/news\/wp-json\/wp\/v2\/categories?post=16026"},{"taxonomy":"post_tag","embeddable":true,"href":"https:\/\/www.gold.fr\/news\/wp-json\/wp\/v2\/tags?post=16026"},{"taxonomy":"author","embeddable":true,"href":"https:\/\/www.gold.fr\/news\/wp-json\/wp\/v2\/ppma_author?post=16026"}],"curies":[{"name":"wp","href":"https:\/\/api.w.org\/{rel}","templated":true}]}}