{"id":15996,"date":"2014-11-03T17:00:42","date_gmt":"2014-11-03T16:00:42","guid":{"rendered":"https:\/\/www.gold.fr\/news\/?p=15996"},"modified":"2017-11-02T11:30:56","modified_gmt":"2017-11-02T10:30:56","slug":"un-mois-volatile-cloture-en-beaute","status":"publish","type":"post","link":"https:\/\/www.gold.fr\/news\/2014\/11\/03\/un-mois-volatile-cloture-en-beaute\/","title":{"rendered":"Un mois volatile cl\u00f4tur\u00e9 en beaut\u00e9"},"content":{"rendered":"<p><img loading=\"lazy\" decoding=\"async\" class=\"alignleft size-thumbnail wp-image-3004\" title=\"Un mois volatile cl\u00f4tur\u00e9 en beaut\u00e9\" src=\"https:\/\/www.gold.fr\/news\/wp-content\/uploads\/2011\/10\/Nouvelle-vague-de-corrections-pour-l\u2019or-\u2013-Les-raisons-150x150.jpg\" alt=\"\" width=\"150\" height=\"150\" \/><span style=\"font-size: small;\">C\u2019est une fin de mois euphorique qu\u2019auront connu les march\u00e9s d\u2019investissement d\u2019un c\u00f4t\u00e9 comme de l\u2019autre de l\u2019Atlantique, hissant les march\u00e9s europ\u00e9ens vers de nouveaux sommets et les places boursi\u00e8res am\u00e9ricaines (notamment <strong>Wall Street<\/strong>) vers des records absolus. Petit tour d\u2019horizon de quelques principales cl\u00f4tures euro et US de la s\u00e9ance finale du mois d\u2019octobre\u00a0; une hausse g\u00e9n\u00e9rale boostant le <strong>CAC40<\/strong> de <strong>2,2%<\/strong>, le<strong> Dow Jones<\/strong> de <strong>1,1%<\/strong>, le <strong>S&amp;P 500<\/strong> de <strong>1,2%<\/strong>, et le <strong>Nasdaq<\/strong> Composite de <strong>1,4%<\/strong>.<\/span>    <span style=\"font-size: small;\"> Pourtant, le mois d\u2019octobre avait \u00e9t\u00e9 qualifi\u00e9 par bon nombre d\u2019experts comme \u00e9tant le \u00ab\u00a0plus volatile de l\u2019histoire\u00a0\u00bb des march\u00e9s financiers (du moins, am\u00e9ricains). Mais il faut croire que les banques centrales ont jou\u00e9 un r\u00f4le bien trop important pour ne pas peser lourd dans la balance du bilan final du mois.<\/span>    <span style=\"font-size: small;\"> Rappelons en effet que la r\u00e9serve f\u00e9d\u00e9rale am\u00e9ricaine vient d\u2019annoncer qu\u2019elle avait vers\u00e9 ses tous derniers <strong>15 milliards de dollars<\/strong> (de rachats d\u2019actifs), destin\u00e9s \u00e0 soutenir une \u00e9conomie US que les membres du <strong>FOMC<\/strong> jugent d\u00e9sormais suffisamment solide pour se passer de ces b\u00e9quilles mon\u00e9taires massives pr\u00eat\u00e9es par la <strong>FED<\/strong>. De son c\u00f4t\u00e9, la Banque du Japon a\u00a0\u00ab\u00a0<em>contre toute attente, accru ses mesures de soutien et le plus important fonds de pension du pays a annonc\u00e9 une augmentation de ses d\u00e9tentions d&rsquo;actions<\/em>\u00a0\u00bb, additionnant <strong>20 milliards de dollars<\/strong> mensuels aux <strong>45 milliards de dollars<\/strong> qu&rsquo;elle achetait d\u00e9j\u00e0 \u00e0 la m\u00eame fr\u00e9quence.<\/span>    <span style=\"font-size: small;\"> Du coup, la fin de la semaine derni\u00e8re avait \u00e9t\u00e9 marqu\u00e9e par un air de f\u00eate sur les march\u00e9s d\u2019investissement, tirant, dans la foul\u00e9e, <a title=\"Forte correction de l\u2019or sur fond de march\u00e9s US euphoriques\" href=\"https:\/\/www.gold.fr\/news\/2014\/11\/03\/forte-correction-de-lor-sur-fond-de-marches-us-euphoriques\/15993\/\" target=\"_blank\">le prix de l\u2019or vers un plus bas presque bi-mensuel<\/a>.<\/span><\/p>\n<!-- AddThis Advanced Settings generic via filter on the_content --><!-- AddThis Share Buttons generic via filter on the_content -->","protected":false},"excerpt":{"rendered":"<p>C\u2019est une fin de mois euphorique qu\u2019auront connu les march\u00e9s d\u2019investissement d\u2019un c\u00f4t\u00e9 comme de l\u2019autre de l\u2019Atlantique, hissant les march\u00e9s europ\u00e9ens vers de nouveaux sommets et les places boursi\u00e8res am\u00e9ricaines (notamment Wall Street) vers des [&hellip;]<\/p>\n","protected":false},"author":18,"featured_media":3004,"comment_status":"open","ping_status":"open","sticky":false,"template":"","format":"standard","meta":{"_mbp_gutenberg_autopost":false,"_pgmb_is_evergreen":false,"_pgmb_ap_template_id":0,"footnotes":""},"categories":[6],"tags":[1100,103,144,1034,534],"ppma_author":[2565],"class_list":["post-15996","post","type-post","status-publish","format-standard","has-post-thumbnail","hentry","category-articles-de-presse","tag-economie-us","tag-euro","tag-fed","tag-fomc","tag-wall-street"],"yoast_head":"<!-- This site is optimized with the Yoast SEO plugin v27.5 - https:\/\/yoast.com\/product\/yoast-seo-wordpress\/ -->\n<title>Un mois volatile cl\u00f4tur\u00e9 en beaut\u00e9 - Gold.fr<\/title>\n<meta name=\"robots\" content=\"index, follow, max-snippet:-1, max-image-preview:large, max-video-preview:-1\" \/>\n<link rel=\"canonical\" href=\"https:\/\/www.gold.fr\/news\/2014\/11\/03\/un-mois-volatile-cloture-en-beaute\/\" \/>\n<meta property=\"og:locale\" content=\"fr_FR\" \/>\n<meta property=\"og:type\" content=\"article\" \/>\n<meta property=\"og:title\" content=\"Un mois volatile cl\u00f4tur\u00e9 en beaut\u00e9 - Gold.fr\" \/>\n<meta property=\"og:description\" content=\"C\u2019est une fin de mois euphorique qu\u2019auront connu les march\u00e9s d\u2019investissement d\u2019un c\u00f4t\u00e9 comme de l\u2019autre de l\u2019Atlantique, hissant les march\u00e9s europ\u00e9ens vers de nouveaux sommets et les places boursi\u00e8res am\u00e9ricaines (notamment Wall Street) vers des [&hellip;]\" \/>\n<meta property=\"og:url\" content=\"https:\/\/www.gold.fr\/news\/2014\/11\/03\/un-mois-volatile-cloture-en-beaute\/\" \/>\n<meta property=\"og:site_name\" content=\"Gold.fr\" \/>\n<meta property=\"article:publisher\" content=\"https:\/\/www.facebook.com\/Goldfr\/\" \/>\n<meta property=\"article:published_time\" content=\"2014-11-03T16:00:42+00:00\" \/>\n<meta property=\"article:modified_time\" content=\"2017-11-02T10:30:56+00:00\" \/>\n<meta property=\"og:image\" content=\"https:\/\/www.gold.fr\/news\/wp-content\/uploads\/2011\/10\/Nouvelle-vague-de-corrections-pour-l\u2019or-\u2013-Les-raisons-e1319461616153.jpg\" \/>\n\t<meta property=\"og:image:width\" content=\"600\" \/>\n\t<meta property=\"og:image:height\" content=\"475\" \/>\n\t<meta property=\"og:image:type\" content=\"image\/jpeg\" \/>\n<meta name=\"author\" content=\"Comptoir National de l&#039;Or\" \/>\n<meta name=\"twitter:card\" content=\"summary_large_image\" \/>\n<meta name=\"twitter:label1\" content=\"\u00c9crit par\" \/>\n\t<meta name=\"twitter:data1\" content=\"Comptoir National de l&#039;Or\" \/>\n\t<meta name=\"twitter:label2\" content=\"Dur\u00e9e de lecture estim\u00e9e\" \/>\n\t<meta name=\"twitter:data2\" content=\"2 minutes\" \/>\n<script type=\"application\/ld+json\" class=\"yoast-schema-graph\">{\"@context\":\"https:\\\/\\\/schema.org\",\"@graph\":[{\"@type\":\"Article\",\"@id\":\"https:\\\/\\\/www.gold.fr\\\/news\\\/2014\\\/11\\\/03\\\/un-mois-volatile-cloture-en-beaute\\\/#article\",\"isPartOf\":{\"@id\":\"https:\\\/\\\/www.gold.fr\\\/news\\\/2014\\\/11\\\/03\\\/un-mois-volatile-cloture-en-beaute\\\/\"},\"author\":{\"name\":\"Comptoir National de l'Or\",\"@id\":\"https:\\\/\\\/www.gold.fr\\\/news\\\/#\\\/schema\\\/person\\\/070491b4b4fb7671bf59b3be20302ce9\"},\"headline\":\"Un mois volatile cl\u00f4tur\u00e9 en beaut\u00e9\",\"datePublished\":\"2014-11-03T16:00:42+00:00\",\"dateModified\":\"2017-11-02T10:30:56+00:00\",\"mainEntityOfPage\":{\"@id\":\"https:\\\/\\\/www.gold.fr\\\/news\\\/2014\\\/11\\\/03\\\/un-mois-volatile-cloture-en-beaute\\\/\"},\"wordCount\":316,\"commentCount\":0,\"image\":{\"@id\":\"https:\\\/\\\/www.gold.fr\\\/news\\\/2014\\\/11\\\/03\\\/un-mois-volatile-cloture-en-beaute\\\/#primaryimage\"},\"thumbnailUrl\":\"https:\\\/\\\/www.gold.fr\\\/news\\\/wp-content\\\/uploads\\\/2011\\\/10\\\/Nouvelle-vague-de-corrections-pour-l\u2019or-\u2013-Les-raisons-e1319461616153.jpg\",\"keywords\":[\"\u00e9conomie US\",\"euro\",\"fed\",\"FOMC\",\"wall street\"],\"articleSection\":[\"Articles de presse\"],\"inLanguage\":\"fr-FR\"},{\"@type\":\"WebPage\",\"@id\":\"https:\\\/\\\/www.gold.fr\\\/news\\\/2014\\\/11\\\/03\\\/un-mois-volatile-cloture-en-beaute\\\/\",\"url\":\"https:\\\/\\\/www.gold.fr\\\/news\\\/2014\\\/11\\\/03\\\/un-mois-volatile-cloture-en-beaute\\\/\",\"name\":\"Un mois volatile cl\u00f4tur\u00e9 en beaut\u00e9 - Gold.fr\",\"isPartOf\":{\"@id\":\"https:\\\/\\\/www.gold.fr\\\/news\\\/#website\"},\"primaryImageOfPage\":{\"@id\":\"https:\\\/\\\/www.gold.fr\\\/news\\\/2014\\\/11\\\/03\\\/un-mois-volatile-cloture-en-beaute\\\/#primaryimage\"},\"image\":{\"@id\":\"https:\\\/\\\/www.gold.fr\\\/news\\\/2014\\\/11\\\/03\\\/un-mois-volatile-cloture-en-beaute\\\/#primaryimage\"},\"thumbnailUrl\":\"https:\\\/\\\/www.gold.fr\\\/news\\\/wp-content\\\/uploads\\\/2011\\\/10\\\/Nouvelle-vague-de-corrections-pour-l\u2019or-\u2013-Les-raisons-e1319461616153.jpg\",\"datePublished\":\"2014-11-03T16:00:42+00:00\",\"dateModified\":\"2017-11-02T10:30:56+00:00\",\"author\":{\"@id\":\"https:\\\/\\\/www.gold.fr\\\/news\\\/#\\\/schema\\\/person\\\/070491b4b4fb7671bf59b3be20302ce9\"},\"breadcrumb\":{\"@id\":\"https:\\\/\\\/www.gold.fr\\\/news\\\/2014\\\/11\\\/03\\\/un-mois-volatile-cloture-en-beaute\\\/#breadcrumb\"},\"inLanguage\":\"fr-FR\",\"potentialAction\":[{\"@type\":\"ReadAction\",\"target\":[\"https:\\\/\\\/www.gold.fr\\\/news\\\/2014\\\/11\\\/03\\\/un-mois-volatile-cloture-en-beaute\\\/\"]}]},{\"@type\":\"ImageObject\",\"inLanguage\":\"fr-FR\",\"@id\":\"https:\\\/\\\/www.gold.fr\\\/news\\\/2014\\\/11\\\/03\\\/un-mois-volatile-cloture-en-beaute\\\/#primaryimage\",\"url\":\"https:\\\/\\\/www.gold.fr\\\/news\\\/wp-content\\\/uploads\\\/2011\\\/10\\\/Nouvelle-vague-de-corrections-pour-l\u2019or-\u2013-Les-raisons-e1319461616153.jpg\",\"contentUrl\":\"https:\\\/\\\/www.gold.fr\\\/news\\\/wp-content\\\/uploads\\\/2011\\\/10\\\/Nouvelle-vague-de-corrections-pour-l\u2019or-\u2013-Les-raisons-e1319461616153.jpg\",\"width\":\"600\",\"height\":\"475\",\"caption\":\"KINTSUGI : De l\u2019or pour glorifier la beaut\u00e9 des fissures\"},{\"@type\":\"BreadcrumbList\",\"@id\":\"https:\\\/\\\/www.gold.fr\\\/news\\\/2014\\\/11\\\/03\\\/un-mois-volatile-cloture-en-beaute\\\/#breadcrumb\",\"itemListElement\":[{\"@type\":\"ListItem\",\"position\":1,\"name\":\"Accueil\",\"item\":\"https:\\\/\\\/www.gold.fr\\\/\"},{\"@type\":\"ListItem\",\"position\":2,\"name\":\"Actualit\u00e9s\",\"item\":\"https:\\\/\\\/www.gold.fr\\\/news\\\/\"},{\"@type\":\"ListItem\",\"position\":3,\"name\":\"Un mois volatile cl\u00f4tur\u00e9 en beaut\u00e9\"}]},{\"@type\":\"WebSite\",\"@id\":\"https:\\\/\\\/www.gold.fr\\\/news\\\/#website\",\"url\":\"https:\\\/\\\/www.gold.fr\\\/news\\\/\",\"name\":\"Gold.fr\",\"description\":\"Actualit\u00e9s de l&#039;Or et des m\u00e9taux pr\u00e9cieux\",\"potentialAction\":[{\"@type\":\"SearchAction\",\"target\":{\"@type\":\"EntryPoint\",\"urlTemplate\":\"https:\\\/\\\/www.gold.fr\\\/news\\\/?s={search_term_string}\"},\"query-input\":{\"@type\":\"PropertyValueSpecification\",\"valueRequired\":true,\"valueName\":\"search_term_string\"}}],\"inLanguage\":\"fr-FR\"},{\"@type\":\"Person\",\"@id\":\"https:\\\/\\\/www.gold.fr\\\/news\\\/#\\\/schema\\\/person\\\/070491b4b4fb7671bf59b3be20302ce9\",\"name\":\"Comptoir National de l'Or\",\"image\":{\"@type\":\"ImageObject\",\"inLanguage\":\"fr-FR\",\"@id\":\"https:\\\/\\\/secure.gravatar.com\\\/avatar\\\/0a2867fd5abe37bed95d5a65e9d58f01756e11efc68af9888dfc50cfa7f65948?s=96&d=mm&r=gb490554db0a38188709de567aa58480d\",\"url\":\"https:\\\/\\\/secure.gravatar.com\\\/avatar\\\/0a2867fd5abe37bed95d5a65e9d58f01756e11efc68af9888dfc50cfa7f65948?s=96&d=mm&r=g\",\"contentUrl\":\"https:\\\/\\\/secure.gravatar.com\\\/avatar\\\/0a2867fd5abe37bed95d5a65e9d58f01756e11efc68af9888dfc50cfa7f65948?s=96&d=mm&r=g\",\"caption\":\"Comptoir National de l'Or\"},\"description\":\"Notre r\u00e9daction est constitu\u00e9e de membres experts dans les m\u00e9tiers de l'\u00e9conomie et la gestion, des Responsables d'agence Comptoir National de l'Or, des analystes financiers qui publient r\u00e9guli\u00e8rement des \u00e9tudes sur les politiques des banques centrales, le cours de l'or, prix de l'or, cours de l'argent, prix de l'argent, cours du platine, cours du palladium,... la situation en zone euro et l'impact de la strat\u00e9gie mon\u00e9taire de la FED. Notre \u00e9quipe scrute \u00e9galement une information plus g\u00e9n\u00e9raliste \u00e0 la recherche d'actualit\u00e9 \\\"p\u00e9pite\\\" \u00e0 vous partager. Depuis 5 ans, nous avons publi\u00e9 un peu plus de 4000 articles qui s'adressent \u00e0 un public large et vari\u00e9 ayant pour objectif de satisfaire votre curiosit\u00e9 et de partager avec vous une certaine fascination pour le m\u00e9tal jaune, le rachat d'or, et pour ceux qui veulent investir dans l'or, vendre leur or tout simplement en savoir plus... Pour tous vos achat or et argent, n'h\u00e9sitez pas \u00e0 prendre rendez-vous dans l'un de nos nombreux comptoirs.\",\"sameAs\":[\"https:\\\/\\\/www.gold.fr\"]}]}<\/script>\n<!-- \/ Yoast SEO plugin. -->","yoast_head_json":{"title":"Un mois volatile cl\u00f4tur\u00e9 en beaut\u00e9 - Gold.fr","robots":{"index":"index","follow":"follow","max-snippet":"max-snippet:-1","max-image-preview":"max-image-preview:large","max-video-preview":"max-video-preview:-1"},"canonical":"https:\/\/www.gold.fr\/news\/2014\/11\/03\/un-mois-volatile-cloture-en-beaute\/","og_locale":"fr_FR","og_type":"article","og_title":"Un mois volatile cl\u00f4tur\u00e9 en beaut\u00e9 - Gold.fr","og_description":"C\u2019est une fin de mois euphorique qu\u2019auront connu les march\u00e9s d\u2019investissement d\u2019un c\u00f4t\u00e9 comme de l\u2019autre de l\u2019Atlantique, hissant les march\u00e9s europ\u00e9ens vers de nouveaux sommets et les places boursi\u00e8res am\u00e9ricaines (notamment Wall Street) vers des [&hellip;]","og_url":"https:\/\/www.gold.fr\/news\/2014\/11\/03\/un-mois-volatile-cloture-en-beaute\/","og_site_name":"Gold.fr","article_publisher":"https:\/\/www.facebook.com\/Goldfr\/","article_published_time":"2014-11-03T16:00:42+00:00","article_modified_time":"2017-11-02T10:30:56+00:00","og_image":[{"width":600,"height":475,"url":"https:\/\/www.gold.fr\/news\/wp-content\/uploads\/2011\/10\/Nouvelle-vague-de-corrections-pour-l\u2019or-\u2013-Les-raisons-e1319461616153.jpg","type":"image\/jpeg"}],"author":"Comptoir National de l'Or","twitter_card":"summary_large_image","twitter_misc":{"\u00c9crit par":"Comptoir National de l'Or","Dur\u00e9e de lecture estim\u00e9e":"2 minutes"},"schema":{"@context":"https:\/\/schema.org","@graph":[{"@type":"Article","@id":"https:\/\/www.gold.fr\/news\/2014\/11\/03\/un-mois-volatile-cloture-en-beaute\/#article","isPartOf":{"@id":"https:\/\/www.gold.fr\/news\/2014\/11\/03\/un-mois-volatile-cloture-en-beaute\/"},"author":{"name":"Comptoir National de l'Or","@id":"https:\/\/www.gold.fr\/news\/#\/schema\/person\/070491b4b4fb7671bf59b3be20302ce9"},"headline":"Un mois volatile cl\u00f4tur\u00e9 en beaut\u00e9","datePublished":"2014-11-03T16:00:42+00:00","dateModified":"2017-11-02T10:30:56+00:00","mainEntityOfPage":{"@id":"https:\/\/www.gold.fr\/news\/2014\/11\/03\/un-mois-volatile-cloture-en-beaute\/"},"wordCount":316,"commentCount":0,"image":{"@id":"https:\/\/www.gold.fr\/news\/2014\/11\/03\/un-mois-volatile-cloture-en-beaute\/#primaryimage"},"thumbnailUrl":"https:\/\/www.gold.fr\/news\/wp-content\/uploads\/2011\/10\/Nouvelle-vague-de-corrections-pour-l\u2019or-\u2013-Les-raisons-e1319461616153.jpg","keywords":["\u00e9conomie US","euro","fed","FOMC","wall street"],"articleSection":["Articles de presse"],"inLanguage":"fr-FR"},{"@type":"WebPage","@id":"https:\/\/www.gold.fr\/news\/2014\/11\/03\/un-mois-volatile-cloture-en-beaute\/","url":"https:\/\/www.gold.fr\/news\/2014\/11\/03\/un-mois-volatile-cloture-en-beaute\/","name":"Un mois volatile cl\u00f4tur\u00e9 en beaut\u00e9 - Gold.fr","isPartOf":{"@id":"https:\/\/www.gold.fr\/news\/#website"},"primaryImageOfPage":{"@id":"https:\/\/www.gold.fr\/news\/2014\/11\/03\/un-mois-volatile-cloture-en-beaute\/#primaryimage"},"image":{"@id":"https:\/\/www.gold.fr\/news\/2014\/11\/03\/un-mois-volatile-cloture-en-beaute\/#primaryimage"},"thumbnailUrl":"https:\/\/www.gold.fr\/news\/wp-content\/uploads\/2011\/10\/Nouvelle-vague-de-corrections-pour-l\u2019or-\u2013-Les-raisons-e1319461616153.jpg","datePublished":"2014-11-03T16:00:42+00:00","dateModified":"2017-11-02T10:30:56+00:00","author":{"@id":"https:\/\/www.gold.fr\/news\/#\/schema\/person\/070491b4b4fb7671bf59b3be20302ce9"},"breadcrumb":{"@id":"https:\/\/www.gold.fr\/news\/2014\/11\/03\/un-mois-volatile-cloture-en-beaute\/#breadcrumb"},"inLanguage":"fr-FR","potentialAction":[{"@type":"ReadAction","target":["https:\/\/www.gold.fr\/news\/2014\/11\/03\/un-mois-volatile-cloture-en-beaute\/"]}]},{"@type":"ImageObject","inLanguage":"fr-FR","@id":"https:\/\/www.gold.fr\/news\/2014\/11\/03\/un-mois-volatile-cloture-en-beaute\/#primaryimage","url":"https:\/\/www.gold.fr\/news\/wp-content\/uploads\/2011\/10\/Nouvelle-vague-de-corrections-pour-l\u2019or-\u2013-Les-raisons-e1319461616153.jpg","contentUrl":"https:\/\/www.gold.fr\/news\/wp-content\/uploads\/2011\/10\/Nouvelle-vague-de-corrections-pour-l\u2019or-\u2013-Les-raisons-e1319461616153.jpg","width":"600","height":"475","caption":"KINTSUGI : De l\u2019or pour glorifier la beaut\u00e9 des fissures"},{"@type":"BreadcrumbList","@id":"https:\/\/www.gold.fr\/news\/2014\/11\/03\/un-mois-volatile-cloture-en-beaute\/#breadcrumb","itemListElement":[{"@type":"ListItem","position":1,"name":"Accueil","item":"https:\/\/www.gold.fr\/"},{"@type":"ListItem","position":2,"name":"Actualit\u00e9s","item":"https:\/\/www.gold.fr\/news\/"},{"@type":"ListItem","position":3,"name":"Un mois volatile cl\u00f4tur\u00e9 en beaut\u00e9"}]},{"@type":"WebSite","@id":"https:\/\/www.gold.fr\/news\/#website","url":"https:\/\/www.gold.fr\/news\/","name":"Gold.fr","description":"Actualit\u00e9s de l&#039;Or et des m\u00e9taux pr\u00e9cieux","potentialAction":[{"@type":"SearchAction","target":{"@type":"EntryPoint","urlTemplate":"https:\/\/www.gold.fr\/news\/?s={search_term_string}"},"query-input":{"@type":"PropertyValueSpecification","valueRequired":true,"valueName":"search_term_string"}}],"inLanguage":"fr-FR"},{"@type":"Person","@id":"https:\/\/www.gold.fr\/news\/#\/schema\/person\/070491b4b4fb7671bf59b3be20302ce9","name":"Comptoir National de l'Or","image":{"@type":"ImageObject","inLanguage":"fr-FR","@id":"https:\/\/secure.gravatar.com\/avatar\/0a2867fd5abe37bed95d5a65e9d58f01756e11efc68af9888dfc50cfa7f65948?s=96&d=mm&r=gb490554db0a38188709de567aa58480d","url":"https:\/\/secure.gravatar.com\/avatar\/0a2867fd5abe37bed95d5a65e9d58f01756e11efc68af9888dfc50cfa7f65948?s=96&d=mm&r=g","contentUrl":"https:\/\/secure.gravatar.com\/avatar\/0a2867fd5abe37bed95d5a65e9d58f01756e11efc68af9888dfc50cfa7f65948?s=96&d=mm&r=g","caption":"Comptoir National de l'Or"},"description":"Notre r\u00e9daction est constitu\u00e9e de membres experts dans les m\u00e9tiers de l'\u00e9conomie et la gestion, des Responsables d'agence Comptoir National de l'Or, des analystes financiers qui publient r\u00e9guli\u00e8rement des \u00e9tudes sur les politiques des banques centrales, le cours de l'or, prix de l'or, cours de l'argent, prix de l'argent, cours du platine, cours du palladium,... la situation en zone euro et l'impact de la strat\u00e9gie mon\u00e9taire de la FED. Notre \u00e9quipe scrute \u00e9galement une information plus g\u00e9n\u00e9raliste \u00e0 la recherche d'actualit\u00e9 \"p\u00e9pite\" \u00e0 vous partager. Depuis 5 ans, nous avons publi\u00e9 un peu plus de 4000 articles qui s'adressent \u00e0 un public large et vari\u00e9 ayant pour objectif de satisfaire votre curiosit\u00e9 et de partager avec vous une certaine fascination pour le m\u00e9tal jaune, le rachat d'or, et pour ceux qui veulent investir dans l'or, vendre leur or tout simplement en savoir plus... Pour tous vos achat or et argent, n'h\u00e9sitez pas \u00e0 prendre rendez-vous dans l'un de nos nombreux comptoirs.","sameAs":["https:\/\/www.gold.fr"]}]}},"authors":[{"term_id":2565,"user_id":18,"is_guest":0,"slug":"julie","display_name":"Comptoir National de l'Or","avatar_url":"https:\/\/secure.gravatar.com\/avatar\/713f289e398d35ead876c4a4cc08607f0d6d266058cfc25683fffb6092d0e572?s=96&d=mm&r=g","0":null,"1":"","2":"","3":"","4":"","5":"","6":"","7":"","8":""}],"_links":{"self":[{"href":"https:\/\/www.gold.fr\/news\/wp-json\/wp\/v2\/posts\/15996","targetHints":{"allow":["GET"]}}],"collection":[{"href":"https:\/\/www.gold.fr\/news\/wp-json\/wp\/v2\/posts"}],"about":[{"href":"https:\/\/www.gold.fr\/news\/wp-json\/wp\/v2\/types\/post"}],"author":[{"embeddable":true,"href":"https:\/\/www.gold.fr\/news\/wp-json\/wp\/v2\/users\/18"}],"replies":[{"embeddable":true,"href":"https:\/\/www.gold.fr\/news\/wp-json\/wp\/v2\/comments?post=15996"}],"version-history":[{"count":0,"href":"https:\/\/www.gold.fr\/news\/wp-json\/wp\/v2\/posts\/15996\/revisions"}],"wp:featuredmedia":[{"embeddable":true,"href":"https:\/\/www.gold.fr\/news\/wp-json\/wp\/v2\/media\/3004"}],"wp:attachment":[{"href":"https:\/\/www.gold.fr\/news\/wp-json\/wp\/v2\/media?parent=15996"}],"wp:term":[{"taxonomy":"category","embeddable":true,"href":"https:\/\/www.gold.fr\/news\/wp-json\/wp\/v2\/categories?post=15996"},{"taxonomy":"post_tag","embeddable":true,"href":"https:\/\/www.gold.fr\/news\/wp-json\/wp\/v2\/tags?post=15996"},{"taxonomy":"author","embeddable":true,"href":"https:\/\/www.gold.fr\/news\/wp-json\/wp\/v2\/ppma_author?post=15996"}],"curies":[{"name":"wp","href":"https:\/\/api.w.org\/{rel}","templated":true}]}}