{"id":15959,"date":"2014-10-29T17:00:49","date_gmt":"2014-10-29T16:00:49","guid":{"rendered":"https:\/\/www.gold.fr\/news\/?p=15959"},"modified":"2020-12-09T13:17:21","modified_gmt":"2020-12-09T12:17:21","slug":"des-marches-attentistes-et-nerveux-avant-les-annonces-fomc","status":"publish","type":"post","link":"https:\/\/www.gold.fr\/news\/2014\/10\/29\/des-marches-attentistes-et-nerveux-avant-les-annonces-fomc\/","title":{"rendered":"Des march\u00e9s attentistes et nerveux avant les annonces FOMC"},"content":{"rendered":"<p><img loading=\"lazy\" decoding=\"async\" class=\"alignleft size-thumbnail wp-image-5519\" title=\"Des march\u00e9s attentistes et nerveux avant les annonces FOMC\" src=\"https:\/\/www.gold.fr\/news\/wp-content\/uploads\/2012\/02\/Cours-de-lOr-150x150.jpg\" alt=\"\" width=\"150\" height=\"150\" \/><span style=\"font-size: small;\">D\u2019un c\u00f4t\u00e9 comme de l\u2019autre de l\u2019Atlantique, les march\u00e9s d\u2019investissement affichent des r\u00e9actions assez partag\u00e9es aux stress tests impos\u00e9s par la Banque Centrale Europ\u00e9enne. Rappelons en effet que \u00ab<em> la BCE a annonc\u00e9 le rachat de <strong>1,7 milliard d&rsquo;euros<\/strong> d&rsquo;obligations couvertes la semaine pass\u00e9e, de quoi calmer des investisseurs nerveux au sujet des r\u00e9sultats de la revue de qualit\u00e9 des actifs des banques<\/em> \u00bb. Une nouvelle que <strong>Stan Shamu<\/strong>, strat\u00e9giste march\u00e9s chez <strong>IG<\/strong>, estime manifestement \u00eatre le d\u00e9veloppement le plus positif de la semaine, sur la rive europ\u00e9enne.<\/span> <span style=\"font-size: small;\"> Quant \u00e0 la rive am\u00e9ricaine, elle vit, comme pr\u00e9vu, au rythme d\u2019une haute anticipation entourant la r\u00e9union en cours du comit\u00e9 de direction de la politique mon\u00e9taire de la r\u00e9serve f\u00e9d\u00e9rale am\u00e9ricaine (<strong>FOMC<\/strong>), avec des indices \u00ab<em> proches de leurs \u00e9quilibres<\/em> \u00bb et \u00ab<em> privil\u00e9giant la prudence avant le d\u00e9but d&rsquo;une session de deux jours du comit\u00e9 (\u2026)<\/em> \u00bb, comme nous le rappellent les experts de <strong>Wells Fargo Advisors<\/strong>.<\/span> <span style=\"font-size: small;\"> Dans ce climat clairement attentiste, les donn\u00e9es macro\u00e9conomiques se font rares et les indicateurs \u00e9conomiques solides manquent \u00e0 l\u2019appel. Seuls les r\u00e9sultats trimestriels chiffr\u00e9s de certains g\u00e9ants et groupes d\u2019entreprises (tant am\u00e9ricains qu\u2019europ\u00e9ens) marquent le rythme prudent des s\u00e9ances de milieu de semaine ; <strong>Pfizer<\/strong>, <strong>DuPont<\/strong>, la major p\u00e9troli\u00e8re <strong>BP<\/strong>, le laboratoire <strong>Novartis<\/strong> ainsi que l&rsquo;\u00e9tablissement bancaire <strong>UBS<\/strong>.<\/span><\/p>\n<!-- AddThis Advanced Settings generic via filter on the_content --><!-- AddThis Share Buttons generic via filter on the_content -->","protected":false},"excerpt":{"rendered":"<p>D\u2019un c\u00f4t\u00e9 comme de l\u2019autre de l\u2019Atlantique, les march\u00e9s d\u2019investissement affichent des r\u00e9actions assez partag\u00e9es aux stress tests impos\u00e9s par la Banque Centrale Europ\u00e9enne. Rappelons en effet que \u00ab la BCE a annonc\u00e9 le rachat de [&hellip;]<\/p>\n","protected":false},"author":18,"featured_media":7980,"comment_status":"closed","ping_status":"closed","sticky":false,"template":"","format":"standard","meta":{"_mbp_gutenberg_autopost":false,"_pgmb_is_evergreen":false,"_pgmb_ap_template_id":0,"footnotes":""},"categories":[6],"tags":[143,1034,1649],"ppma_author":[2565],"class_list":["post-15959","post","type-post","status-publish","format-standard","has-post-thumbnail","hentry","category-articles-de-presse","tag-bce","tag-fomc","tag-marches"],"yoast_head":"<!-- This site is optimized with the Yoast SEO plugin v27.5 - https:\/\/yoast.com\/product\/yoast-seo-wordpress\/ -->\n<title>Des march\u00e9s attentistes et nerveux avant les annonces FOMC - Gold.fr<\/title>\n<meta name=\"robots\" content=\"index, follow, max-snippet:-1, max-image-preview:large, max-video-preview:-1\" \/>\n<link rel=\"canonical\" href=\"https:\/\/www.gold.fr\/news\/2014\/10\/29\/des-marches-attentistes-et-nerveux-avant-les-annonces-fomc\/\" \/>\n<meta property=\"og:locale\" content=\"fr_FR\" \/>\n<meta property=\"og:type\" content=\"article\" \/>\n<meta property=\"og:title\" content=\"Des march\u00e9s attentistes et nerveux avant les annonces FOMC - Gold.fr\" \/>\n<meta property=\"og:description\" content=\"D\u2019un c\u00f4t\u00e9 comme de l\u2019autre de l\u2019Atlantique, les march\u00e9s d\u2019investissement affichent des r\u00e9actions assez partag\u00e9es aux stress tests impos\u00e9s par la Banque Centrale Europ\u00e9enne. Rappelons en effet que \u00ab la BCE a annonc\u00e9 le rachat de [&hellip;]\" \/>\n<meta property=\"og:url\" content=\"https:\/\/www.gold.fr\/news\/2014\/10\/29\/des-marches-attentistes-et-nerveux-avant-les-annonces-fomc\/\" \/>\n<meta property=\"og:site_name\" content=\"Gold.fr\" \/>\n<meta property=\"article:publisher\" content=\"https:\/\/www.facebook.com\/Goldfr\/\" \/>\n<meta property=\"article:published_time\" content=\"2014-10-29T16:00:49+00:00\" \/>\n<meta property=\"article:modified_time\" content=\"2020-12-09T12:17:21+00:00\" \/>\n<meta property=\"og:image\" content=\"https:\/\/www.gold.fr\/news\/wp-content\/uploads\/2012\/06\/lingotins-or-pieces-or.jpg\" \/>\n\t<meta property=\"og:image:width\" content=\"600\" \/>\n\t<meta property=\"og:image:height\" content=\"401\" \/>\n\t<meta property=\"og:image:type\" content=\"image\/jpeg\" \/>\n<meta name=\"author\" content=\"Comptoir National de l&#039;Or\" \/>\n<meta name=\"twitter:card\" content=\"summary_large_image\" \/>\n<meta name=\"twitter:label1\" content=\"\u00c9crit par\" \/>\n\t<meta name=\"twitter:data1\" content=\"Comptoir National de l&#039;Or\" \/>\n\t<meta name=\"twitter:label2\" content=\"Dur\u00e9e de lecture estim\u00e9e\" \/>\n\t<meta name=\"twitter:data2\" content=\"1 minute\" \/>\n<script type=\"application\/ld+json\" class=\"yoast-schema-graph\">{\"@context\":\"https:\\\/\\\/schema.org\",\"@graph\":[{\"@type\":\"Article\",\"@id\":\"https:\\\/\\\/www.gold.fr\\\/news\\\/2014\\\/10\\\/29\\\/des-marches-attentistes-et-nerveux-avant-les-annonces-fomc\\\/#article\",\"isPartOf\":{\"@id\":\"https:\\\/\\\/www.gold.fr\\\/news\\\/2014\\\/10\\\/29\\\/des-marches-attentistes-et-nerveux-avant-les-annonces-fomc\\\/\"},\"author\":{\"name\":\"Comptoir National de l'Or\",\"@id\":\"https:\\\/\\\/www.gold.fr\\\/news\\\/#\\\/schema\\\/person\\\/070491b4b4fb7671bf59b3be20302ce9\"},\"headline\":\"Des march\u00e9s attentistes et nerveux avant les annonces FOMC\",\"datePublished\":\"2014-10-29T16:00:49+00:00\",\"dateModified\":\"2020-12-09T12:17:21+00:00\",\"mainEntityOfPage\":{\"@id\":\"https:\\\/\\\/www.gold.fr\\\/news\\\/2014\\\/10\\\/29\\\/des-marches-attentistes-et-nerveux-avant-les-annonces-fomc\\\/\"},\"wordCount\":258,\"image\":{\"@id\":\"https:\\\/\\\/www.gold.fr\\\/news\\\/2014\\\/10\\\/29\\\/des-marches-attentistes-et-nerveux-avant-les-annonces-fomc\\\/#primaryimage\"},\"thumbnailUrl\":\"https:\\\/\\\/www.gold.fr\\\/news\\\/wp-content\\\/uploads\\\/2012\\\/06\\\/lingotins-or-pieces-or.jpg\",\"keywords\":[\"bce\",\"FOMC\",\"march\u00e9s\"],\"articleSection\":[\"Articles de presse\"],\"inLanguage\":\"fr-FR\"},{\"@type\":\"WebPage\",\"@id\":\"https:\\\/\\\/www.gold.fr\\\/news\\\/2014\\\/10\\\/29\\\/des-marches-attentistes-et-nerveux-avant-les-annonces-fomc\\\/\",\"url\":\"https:\\\/\\\/www.gold.fr\\\/news\\\/2014\\\/10\\\/29\\\/des-marches-attentistes-et-nerveux-avant-les-annonces-fomc\\\/\",\"name\":\"Des march\u00e9s attentistes et nerveux avant les annonces FOMC - Gold.fr\",\"isPartOf\":{\"@id\":\"https:\\\/\\\/www.gold.fr\\\/news\\\/#website\"},\"primaryImageOfPage\":{\"@id\":\"https:\\\/\\\/www.gold.fr\\\/news\\\/2014\\\/10\\\/29\\\/des-marches-attentistes-et-nerveux-avant-les-annonces-fomc\\\/#primaryimage\"},\"image\":{\"@id\":\"https:\\\/\\\/www.gold.fr\\\/news\\\/2014\\\/10\\\/29\\\/des-marches-attentistes-et-nerveux-avant-les-annonces-fomc\\\/#primaryimage\"},\"thumbnailUrl\":\"https:\\\/\\\/www.gold.fr\\\/news\\\/wp-content\\\/uploads\\\/2012\\\/06\\\/lingotins-or-pieces-or.jpg\",\"datePublished\":\"2014-10-29T16:00:49+00:00\",\"dateModified\":\"2020-12-09T12:17:21+00:00\",\"author\":{\"@id\":\"https:\\\/\\\/www.gold.fr\\\/news\\\/#\\\/schema\\\/person\\\/070491b4b4fb7671bf59b3be20302ce9\"},\"breadcrumb\":{\"@id\":\"https:\\\/\\\/www.gold.fr\\\/news\\\/2014\\\/10\\\/29\\\/des-marches-attentistes-et-nerveux-avant-les-annonces-fomc\\\/#breadcrumb\"},\"inLanguage\":\"fr-FR\",\"potentialAction\":[{\"@type\":\"ReadAction\",\"target\":[\"https:\\\/\\\/www.gold.fr\\\/news\\\/2014\\\/10\\\/29\\\/des-marches-attentistes-et-nerveux-avant-les-annonces-fomc\\\/\"]}]},{\"@type\":\"ImageObject\",\"inLanguage\":\"fr-FR\",\"@id\":\"https:\\\/\\\/www.gold.fr\\\/news\\\/2014\\\/10\\\/29\\\/des-marches-attentistes-et-nerveux-avant-les-annonces-fomc\\\/#primaryimage\",\"url\":\"https:\\\/\\\/www.gold.fr\\\/news\\\/wp-content\\\/uploads\\\/2012\\\/06\\\/lingotins-or-pieces-or.jpg\",\"contentUrl\":\"https:\\\/\\\/www.gold.fr\\\/news\\\/wp-content\\\/uploads\\\/2012\\\/06\\\/lingotins-or-pieces-or.jpg\",\"width\":\"600\",\"height\":\"401\",\"caption\":\"FOMC : Les march\u00e9s se remettent lentement\"},{\"@type\":\"BreadcrumbList\",\"@id\":\"https:\\\/\\\/www.gold.fr\\\/news\\\/2014\\\/10\\\/29\\\/des-marches-attentistes-et-nerveux-avant-les-annonces-fomc\\\/#breadcrumb\",\"itemListElement\":[{\"@type\":\"ListItem\",\"position\":1,\"name\":\"Accueil\",\"item\":\"https:\\\/\\\/www.gold.fr\\\/\"},{\"@type\":\"ListItem\",\"position\":2,\"name\":\"Actualit\u00e9s\",\"item\":\"https:\\\/\\\/www.gold.fr\\\/news\\\/\"},{\"@type\":\"ListItem\",\"position\":3,\"name\":\"Des march\u00e9s attentistes et nerveux avant les annonces FOMC\"}]},{\"@type\":\"WebSite\",\"@id\":\"https:\\\/\\\/www.gold.fr\\\/news\\\/#website\",\"url\":\"https:\\\/\\\/www.gold.fr\\\/news\\\/\",\"name\":\"Gold.fr\",\"description\":\"Actualit\u00e9s de l&#039;Or et des m\u00e9taux pr\u00e9cieux\",\"potentialAction\":[{\"@type\":\"SearchAction\",\"target\":{\"@type\":\"EntryPoint\",\"urlTemplate\":\"https:\\\/\\\/www.gold.fr\\\/news\\\/?s={search_term_string}\"},\"query-input\":{\"@type\":\"PropertyValueSpecification\",\"valueRequired\":true,\"valueName\":\"search_term_string\"}}],\"inLanguage\":\"fr-FR\"},{\"@type\":\"Person\",\"@id\":\"https:\\\/\\\/www.gold.fr\\\/news\\\/#\\\/schema\\\/person\\\/070491b4b4fb7671bf59b3be20302ce9\",\"name\":\"Comptoir National de l'Or\",\"image\":{\"@type\":\"ImageObject\",\"inLanguage\":\"fr-FR\",\"@id\":\"https:\\\/\\\/secure.gravatar.com\\\/avatar\\\/0a2867fd5abe37bed95d5a65e9d58f01756e11efc68af9888dfc50cfa7f65948?s=96&d=mm&r=gb490554db0a38188709de567aa58480d\",\"url\":\"https:\\\/\\\/secure.gravatar.com\\\/avatar\\\/0a2867fd5abe37bed95d5a65e9d58f01756e11efc68af9888dfc50cfa7f65948?s=96&d=mm&r=g\",\"contentUrl\":\"https:\\\/\\\/secure.gravatar.com\\\/avatar\\\/0a2867fd5abe37bed95d5a65e9d58f01756e11efc68af9888dfc50cfa7f65948?s=96&d=mm&r=g\",\"caption\":\"Comptoir National de l'Or\"},\"description\":\"Notre r\u00e9daction est constitu\u00e9e de membres experts dans les m\u00e9tiers de l'\u00e9conomie et la gestion, des Responsables d'agence Comptoir National de l'Or, des analystes financiers qui publient r\u00e9guli\u00e8rement des \u00e9tudes sur les politiques des banques centrales, le cours de l'or, prix de l'or, cours de l'argent, prix de l'argent, cours du platine, cours du palladium,... la situation en zone euro et l'impact de la strat\u00e9gie mon\u00e9taire de la FED. Notre \u00e9quipe scrute \u00e9galement une information plus g\u00e9n\u00e9raliste \u00e0 la recherche d'actualit\u00e9 \\\"p\u00e9pite\\\" \u00e0 vous partager. Depuis 5 ans, nous avons publi\u00e9 un peu plus de 4000 articles qui s'adressent \u00e0 un public large et vari\u00e9 ayant pour objectif de satisfaire votre curiosit\u00e9 et de partager avec vous une certaine fascination pour le m\u00e9tal jaune, le rachat d'or, et pour ceux qui veulent investir dans l'or, vendre leur or tout simplement en savoir plus... Pour tous vos achat or et argent, n'h\u00e9sitez pas \u00e0 prendre rendez-vous dans l'un de nos nombreux comptoirs.\",\"sameAs\":[\"https:\\\/\\\/www.gold.fr\"]}]}<\/script>\n<!-- \/ Yoast SEO plugin. -->","yoast_head_json":{"title":"Des march\u00e9s attentistes et nerveux avant les annonces FOMC - Gold.fr","robots":{"index":"index","follow":"follow","max-snippet":"max-snippet:-1","max-image-preview":"max-image-preview:large","max-video-preview":"max-video-preview:-1"},"canonical":"https:\/\/www.gold.fr\/news\/2014\/10\/29\/des-marches-attentistes-et-nerveux-avant-les-annonces-fomc\/","og_locale":"fr_FR","og_type":"article","og_title":"Des march\u00e9s attentistes et nerveux avant les annonces FOMC - Gold.fr","og_description":"D\u2019un c\u00f4t\u00e9 comme de l\u2019autre de l\u2019Atlantique, les march\u00e9s d\u2019investissement affichent des r\u00e9actions assez partag\u00e9es aux stress tests impos\u00e9s par la Banque Centrale Europ\u00e9enne. Rappelons en effet que \u00ab la BCE a annonc\u00e9 le rachat de [&hellip;]","og_url":"https:\/\/www.gold.fr\/news\/2014\/10\/29\/des-marches-attentistes-et-nerveux-avant-les-annonces-fomc\/","og_site_name":"Gold.fr","article_publisher":"https:\/\/www.facebook.com\/Goldfr\/","article_published_time":"2014-10-29T16:00:49+00:00","article_modified_time":"2020-12-09T12:17:21+00:00","og_image":[{"width":600,"height":401,"url":"https:\/\/www.gold.fr\/news\/wp-content\/uploads\/2012\/06\/lingotins-or-pieces-or.jpg","type":"image\/jpeg"}],"author":"Comptoir National de l'Or","twitter_card":"summary_large_image","twitter_misc":{"\u00c9crit par":"Comptoir National de l'Or","Dur\u00e9e de lecture estim\u00e9e":"1 minute"},"schema":{"@context":"https:\/\/schema.org","@graph":[{"@type":"Article","@id":"https:\/\/www.gold.fr\/news\/2014\/10\/29\/des-marches-attentistes-et-nerveux-avant-les-annonces-fomc\/#article","isPartOf":{"@id":"https:\/\/www.gold.fr\/news\/2014\/10\/29\/des-marches-attentistes-et-nerveux-avant-les-annonces-fomc\/"},"author":{"name":"Comptoir National de l'Or","@id":"https:\/\/www.gold.fr\/news\/#\/schema\/person\/070491b4b4fb7671bf59b3be20302ce9"},"headline":"Des march\u00e9s attentistes et nerveux avant les annonces FOMC","datePublished":"2014-10-29T16:00:49+00:00","dateModified":"2020-12-09T12:17:21+00:00","mainEntityOfPage":{"@id":"https:\/\/www.gold.fr\/news\/2014\/10\/29\/des-marches-attentistes-et-nerveux-avant-les-annonces-fomc\/"},"wordCount":258,"image":{"@id":"https:\/\/www.gold.fr\/news\/2014\/10\/29\/des-marches-attentistes-et-nerveux-avant-les-annonces-fomc\/#primaryimage"},"thumbnailUrl":"https:\/\/www.gold.fr\/news\/wp-content\/uploads\/2012\/06\/lingotins-or-pieces-or.jpg","keywords":["bce","FOMC","march\u00e9s"],"articleSection":["Articles de presse"],"inLanguage":"fr-FR"},{"@type":"WebPage","@id":"https:\/\/www.gold.fr\/news\/2014\/10\/29\/des-marches-attentistes-et-nerveux-avant-les-annonces-fomc\/","url":"https:\/\/www.gold.fr\/news\/2014\/10\/29\/des-marches-attentistes-et-nerveux-avant-les-annonces-fomc\/","name":"Des march\u00e9s attentistes et nerveux avant les annonces FOMC - Gold.fr","isPartOf":{"@id":"https:\/\/www.gold.fr\/news\/#website"},"primaryImageOfPage":{"@id":"https:\/\/www.gold.fr\/news\/2014\/10\/29\/des-marches-attentistes-et-nerveux-avant-les-annonces-fomc\/#primaryimage"},"image":{"@id":"https:\/\/www.gold.fr\/news\/2014\/10\/29\/des-marches-attentistes-et-nerveux-avant-les-annonces-fomc\/#primaryimage"},"thumbnailUrl":"https:\/\/www.gold.fr\/news\/wp-content\/uploads\/2012\/06\/lingotins-or-pieces-or.jpg","datePublished":"2014-10-29T16:00:49+00:00","dateModified":"2020-12-09T12:17:21+00:00","author":{"@id":"https:\/\/www.gold.fr\/news\/#\/schema\/person\/070491b4b4fb7671bf59b3be20302ce9"},"breadcrumb":{"@id":"https:\/\/www.gold.fr\/news\/2014\/10\/29\/des-marches-attentistes-et-nerveux-avant-les-annonces-fomc\/#breadcrumb"},"inLanguage":"fr-FR","potentialAction":[{"@type":"ReadAction","target":["https:\/\/www.gold.fr\/news\/2014\/10\/29\/des-marches-attentistes-et-nerveux-avant-les-annonces-fomc\/"]}]},{"@type":"ImageObject","inLanguage":"fr-FR","@id":"https:\/\/www.gold.fr\/news\/2014\/10\/29\/des-marches-attentistes-et-nerveux-avant-les-annonces-fomc\/#primaryimage","url":"https:\/\/www.gold.fr\/news\/wp-content\/uploads\/2012\/06\/lingotins-or-pieces-or.jpg","contentUrl":"https:\/\/www.gold.fr\/news\/wp-content\/uploads\/2012\/06\/lingotins-or-pieces-or.jpg","width":"600","height":"401","caption":"FOMC : Les march\u00e9s se remettent lentement"},{"@type":"BreadcrumbList","@id":"https:\/\/www.gold.fr\/news\/2014\/10\/29\/des-marches-attentistes-et-nerveux-avant-les-annonces-fomc\/#breadcrumb","itemListElement":[{"@type":"ListItem","position":1,"name":"Accueil","item":"https:\/\/www.gold.fr\/"},{"@type":"ListItem","position":2,"name":"Actualit\u00e9s","item":"https:\/\/www.gold.fr\/news\/"},{"@type":"ListItem","position":3,"name":"Des march\u00e9s attentistes et nerveux avant les annonces FOMC"}]},{"@type":"WebSite","@id":"https:\/\/www.gold.fr\/news\/#website","url":"https:\/\/www.gold.fr\/news\/","name":"Gold.fr","description":"Actualit\u00e9s de l&#039;Or et des m\u00e9taux pr\u00e9cieux","potentialAction":[{"@type":"SearchAction","target":{"@type":"EntryPoint","urlTemplate":"https:\/\/www.gold.fr\/news\/?s={search_term_string}"},"query-input":{"@type":"PropertyValueSpecification","valueRequired":true,"valueName":"search_term_string"}}],"inLanguage":"fr-FR"},{"@type":"Person","@id":"https:\/\/www.gold.fr\/news\/#\/schema\/person\/070491b4b4fb7671bf59b3be20302ce9","name":"Comptoir National de l'Or","image":{"@type":"ImageObject","inLanguage":"fr-FR","@id":"https:\/\/secure.gravatar.com\/avatar\/0a2867fd5abe37bed95d5a65e9d58f01756e11efc68af9888dfc50cfa7f65948?s=96&d=mm&r=gb490554db0a38188709de567aa58480d","url":"https:\/\/secure.gravatar.com\/avatar\/0a2867fd5abe37bed95d5a65e9d58f01756e11efc68af9888dfc50cfa7f65948?s=96&d=mm&r=g","contentUrl":"https:\/\/secure.gravatar.com\/avatar\/0a2867fd5abe37bed95d5a65e9d58f01756e11efc68af9888dfc50cfa7f65948?s=96&d=mm&r=g","caption":"Comptoir National de l'Or"},"description":"Notre r\u00e9daction est constitu\u00e9e de membres experts dans les m\u00e9tiers de l'\u00e9conomie et la gestion, des Responsables d'agence Comptoir National de l'Or, des analystes financiers qui publient r\u00e9guli\u00e8rement des \u00e9tudes sur les politiques des banques centrales, le cours de l'or, prix de l'or, cours de l'argent, prix de l'argent, cours du platine, cours du palladium,... la situation en zone euro et l'impact de la strat\u00e9gie mon\u00e9taire de la FED. Notre \u00e9quipe scrute \u00e9galement une information plus g\u00e9n\u00e9raliste \u00e0 la recherche d'actualit\u00e9 \"p\u00e9pite\" \u00e0 vous partager. Depuis 5 ans, nous avons publi\u00e9 un peu plus de 4000 articles qui s'adressent \u00e0 un public large et vari\u00e9 ayant pour objectif de satisfaire votre curiosit\u00e9 et de partager avec vous une certaine fascination pour le m\u00e9tal jaune, le rachat d'or, et pour ceux qui veulent investir dans l'or, vendre leur or tout simplement en savoir plus... Pour tous vos achat or et argent, n'h\u00e9sitez pas \u00e0 prendre rendez-vous dans l'un de nos nombreux comptoirs.","sameAs":["https:\/\/www.gold.fr"]}]}},"authors":[{"term_id":2565,"user_id":18,"is_guest":0,"slug":"julie","display_name":"Comptoir National de l'Or","avatar_url":"https:\/\/secure.gravatar.com\/avatar\/713f289e398d35ead876c4a4cc08607f0d6d266058cfc25683fffb6092d0e572?s=96&d=mm&r=g","0":null,"1":"","2":"","3":"","4":"","5":"","6":"","7":"","8":""}],"_links":{"self":[{"href":"https:\/\/www.gold.fr\/news\/wp-json\/wp\/v2\/posts\/15959","targetHints":{"allow":["GET"]}}],"collection":[{"href":"https:\/\/www.gold.fr\/news\/wp-json\/wp\/v2\/posts"}],"about":[{"href":"https:\/\/www.gold.fr\/news\/wp-json\/wp\/v2\/types\/post"}],"author":[{"embeddable":true,"href":"https:\/\/www.gold.fr\/news\/wp-json\/wp\/v2\/users\/18"}],"replies":[{"embeddable":true,"href":"https:\/\/www.gold.fr\/news\/wp-json\/wp\/v2\/comments?post=15959"}],"version-history":[{"count":0,"href":"https:\/\/www.gold.fr\/news\/wp-json\/wp\/v2\/posts\/15959\/revisions"}],"wp:featuredmedia":[{"embeddable":true,"href":"https:\/\/www.gold.fr\/news\/wp-json\/wp\/v2\/media\/7980"}],"wp:attachment":[{"href":"https:\/\/www.gold.fr\/news\/wp-json\/wp\/v2\/media?parent=15959"}],"wp:term":[{"taxonomy":"category","embeddable":true,"href":"https:\/\/www.gold.fr\/news\/wp-json\/wp\/v2\/categories?post=15959"},{"taxonomy":"post_tag","embeddable":true,"href":"https:\/\/www.gold.fr\/news\/wp-json\/wp\/v2\/tags?post=15959"},{"taxonomy":"author","embeddable":true,"href":"https:\/\/www.gold.fr\/news\/wp-json\/wp\/v2\/ppma_author?post=15959"}],"curies":[{"name":"wp","href":"https:\/\/api.w.org\/{rel}","templated":true}]}}