{"id":15951,"date":"2014-10-28T17:00:20","date_gmt":"2014-10-28T16:00:20","guid":{"rendered":"https:\/\/www.gold.fr\/news\/?p=15951"},"modified":"2017-11-02T11:30:57","modified_gmt":"2017-11-02T10:30:57","slug":"lattentisme-fed-booste-les-marches-euro","status":"publish","type":"post","link":"https:\/\/www.gold.fr\/news\/2014\/10\/28\/lattentisme-fed-booste-les-marches-euro\/","title":{"rendered":"L\u2019attentisme FED booste les march\u00e9s euro"},"content":{"rendered":"<p><img loading=\"lazy\" decoding=\"async\" class=\"alignleft size-thumbnail wp-image-2965\" title=\"L\u2019attentisme FED booste les march\u00e9s euro\" src=\"https:\/\/www.gold.fr\/news\/wp-content\/uploads\/2011\/10\/78327213-150x150.jpg\" alt=\"\" width=\"150\" height=\"150\" \/><span style=\"font-size: small;\">La r\u00e9union hautement anticip\u00e9e de la r\u00e9serve f\u00e9d\u00e9rale am\u00e9ricaine est juste au tournant, et l\u2019approche de ce rendez-vous \u00e9conomique majeur se sent clairement sur les march\u00e9s d\u2019investissement, d\u2019un c\u00f4t\u00e9 comme de l\u2019autre de l\u2019Atlantique. Mais ce sont les march\u00e9s europ\u00e9ens qui profitent particuli\u00e8rement de cette ambiance attentiste, rebondissant sur cette occasion pour accumuler quelques pr\u00e9cieux gains.<\/span>    <span style=\"font-size: small;\"> Petit tour d\u2019horizon des performances de la s\u00e9ance de mardi\u00a0; le <strong>CAC 40<\/strong> grimpe de <strong>+0,3%<\/strong>, le <strong>Footsie 100<\/strong> et le <strong>Dax<\/strong> \u2013respectivement- de<strong> +0,5<\/strong> et <strong>+1,5%<\/strong>, le <strong>Footsie MIB<\/strong> (Milan) de <strong>+2%<\/strong> et enfin <strong>l&rsquo;AEX<\/strong>, le <strong>SMI<\/strong> et<strong> l&rsquo;Ibex 35<\/strong> \u2013respectivement- de <strong>+1,3,<\/strong> <strong>+1,4<\/strong> et <strong>+1,5%<\/strong>. A l\u2019\u00e9vidence, cette vague de hausse est \u00e9galement due aux r\u00e9centes nouvelles en provenance de la banque centrale europ\u00e9enne. <strong>Stan Shamu<\/strong>, strat\u00e9giste chez <strong>IG<\/strong>, rappelle en effet que \u00ab\u00a0<em>la <strong>BCE<\/strong> a annonc\u00e9 le rachat de <strong>1,7 milliard d&rsquo;euros<\/strong> d&rsquo;obligations couvertes la semaine pass\u00e9e. De quoi calmer des investisseurs nerveux au sujet des r\u00e9sultats de la revue de qualit\u00e9 des actifs des banques<\/em>\u00ab\u00a0.<\/span>    <span style=\"font-size: small;\"> Cette conjoncture qui conjugue attentisme US et apaisement euro est pourtant loin de faire le poids face aux diff\u00e9rentes crises \u00e9conomiques qui menacent la zone des 18. Une opinion que partage <strong>Christopher Dembik<\/strong>, \u00e9conomiste chez <strong>Saxo Banque<\/strong>, en soulignant que \u00ab\u00a0<em>la volatilit\u00e9 est pr\u00e9sente sur le march\u00e9, mais elle reste insuffisante pour envisager une sortie de la p\u00e9riode de consolidation<\/em>\u00a0\u00bb, d\u2019autant plus que \u00ab\u00a0<em>les investisseurs sont tr\u00e8s peu enclins \u00e0 prendre des risques \u00e0 l&rsquo;approche de la r\u00e9union de la FED\u00a0<\/em>\u00bb.<\/span><\/p>\n<!-- AddThis Advanced Settings generic via filter on the_content --><!-- AddThis Share Buttons generic via filter on the_content -->","protected":false},"excerpt":{"rendered":"<p>La r\u00e9union hautement anticip\u00e9e de la r\u00e9serve f\u00e9d\u00e9rale am\u00e9ricaine est juste au tournant, et l\u2019approche de ce rendez-vous \u00e9conomique majeur se sent clairement sur les march\u00e9s d\u2019investissement, d\u2019un c\u00f4t\u00e9 comme de l\u2019autre de l\u2019Atlantique. Mais ce [&hellip;]<\/p>\n","protected":false},"author":18,"featured_media":2965,"comment_status":"open","ping_status":"open","sticky":false,"template":"","format":"standard","meta":{"_mbp_gutenberg_autopost":false,"_pgmb_is_evergreen":false,"_pgmb_ap_template_id":0,"footnotes":""},"categories":[6],"tags":[143,103,144,1649],"ppma_author":[2565],"class_list":["post-15951","post","type-post","status-publish","format-standard","has-post-thumbnail","hentry","category-articles-de-presse","tag-bce","tag-euro","tag-fed","tag-marches"],"yoast_head":"<!-- This site is optimized with the Yoast SEO plugin v27.5 - https:\/\/yoast.com\/product\/yoast-seo-wordpress\/ -->\n<title>L\u2019attentisme FED booste les march\u00e9s euro - Gold.fr<\/title>\n<meta name=\"robots\" content=\"index, follow, max-snippet:-1, max-image-preview:large, max-video-preview:-1\" \/>\n<link rel=\"canonical\" href=\"https:\/\/www.gold.fr\/news\/2014\/10\/28\/lattentisme-fed-booste-les-marches-euro\/\" \/>\n<meta property=\"og:locale\" content=\"fr_FR\" \/>\n<meta property=\"og:type\" content=\"article\" \/>\n<meta property=\"og:title\" content=\"L\u2019attentisme FED booste les march\u00e9s euro - Gold.fr\" \/>\n<meta property=\"og:description\" content=\"La r\u00e9union hautement anticip\u00e9e de la r\u00e9serve f\u00e9d\u00e9rale am\u00e9ricaine est juste au tournant, et l\u2019approche de ce rendez-vous \u00e9conomique majeur se sent clairement sur les march\u00e9s d\u2019investissement, d\u2019un c\u00f4t\u00e9 comme de l\u2019autre de l\u2019Atlantique. Mais ce [&hellip;]\" \/>\n<meta property=\"og:url\" content=\"https:\/\/www.gold.fr\/news\/2014\/10\/28\/lattentisme-fed-booste-les-marches-euro\/\" \/>\n<meta property=\"og:site_name\" content=\"Gold.fr\" \/>\n<meta property=\"article:publisher\" content=\"https:\/\/www.facebook.com\/Goldfr\/\" \/>\n<meta property=\"article:published_time\" content=\"2014-10-28T16:00:20+00:00\" \/>\n<meta property=\"article:modified_time\" content=\"2017-11-02T10:30:57+00:00\" \/>\n<meta property=\"og:image\" content=\"https:\/\/www.gold.fr\/news\/wp-content\/uploads\/2011\/10\/78327213.jpg\" \/>\n\t<meta property=\"og:image:width\" content=\"600\" \/>\n\t<meta property=\"og:image:height\" content=\"429\" \/>\n\t<meta property=\"og:image:type\" content=\"image\/jpeg\" \/>\n<meta name=\"author\" content=\"Comptoir National de l&#039;Or\" \/>\n<meta name=\"twitter:card\" content=\"summary_large_image\" \/>\n<meta name=\"twitter:label1\" content=\"\u00c9crit par\" \/>\n\t<meta name=\"twitter:data1\" content=\"Comptoir National de l&#039;Or\" \/>\n\t<meta name=\"twitter:label2\" content=\"Dur\u00e9e de lecture estim\u00e9e\" \/>\n\t<meta name=\"twitter:data2\" content=\"1 minute\" \/>\n<script type=\"application\/ld+json\" class=\"yoast-schema-graph\">{\"@context\":\"https:\\\/\\\/schema.org\",\"@graph\":[{\"@type\":\"Article\",\"@id\":\"https:\\\/\\\/www.gold.fr\\\/news\\\/2014\\\/10\\\/28\\\/lattentisme-fed-booste-les-marches-euro\\\/#article\",\"isPartOf\":{\"@id\":\"https:\\\/\\\/www.gold.fr\\\/news\\\/2014\\\/10\\\/28\\\/lattentisme-fed-booste-les-marches-euro\\\/\"},\"author\":{\"name\":\"Comptoir National de l'Or\",\"@id\":\"https:\\\/\\\/www.gold.fr\\\/news\\\/#\\\/schema\\\/person\\\/070491b4b4fb7671bf59b3be20302ce9\"},\"headline\":\"L\u2019attentisme FED booste les march\u00e9s euro\",\"datePublished\":\"2014-10-28T16:00:20+00:00\",\"dateModified\":\"2017-11-02T10:30:57+00:00\",\"mainEntityOfPage\":{\"@id\":\"https:\\\/\\\/www.gold.fr\\\/news\\\/2014\\\/10\\\/28\\\/lattentisme-fed-booste-les-marches-euro\\\/\"},\"wordCount\":276,\"commentCount\":0,\"image\":{\"@id\":\"https:\\\/\\\/www.gold.fr\\\/news\\\/2014\\\/10\\\/28\\\/lattentisme-fed-booste-les-marches-euro\\\/#primaryimage\"},\"thumbnailUrl\":\"https:\\\/\\\/www.gold.fr\\\/news\\\/wp-content\\\/uploads\\\/2011\\\/10\\\/78327213.jpg\",\"keywords\":[\"bce\",\"euro\",\"fed\",\"march\u00e9s\"],\"articleSection\":[\"Articles de presse\"],\"inLanguage\":\"fr-FR\"},{\"@type\":\"WebPage\",\"@id\":\"https:\\\/\\\/www.gold.fr\\\/news\\\/2014\\\/10\\\/28\\\/lattentisme-fed-booste-les-marches-euro\\\/\",\"url\":\"https:\\\/\\\/www.gold.fr\\\/news\\\/2014\\\/10\\\/28\\\/lattentisme-fed-booste-les-marches-euro\\\/\",\"name\":\"L\u2019attentisme FED booste les march\u00e9s euro - Gold.fr\",\"isPartOf\":{\"@id\":\"https:\\\/\\\/www.gold.fr\\\/news\\\/#website\"},\"primaryImageOfPage\":{\"@id\":\"https:\\\/\\\/www.gold.fr\\\/news\\\/2014\\\/10\\\/28\\\/lattentisme-fed-booste-les-marches-euro\\\/#primaryimage\"},\"image\":{\"@id\":\"https:\\\/\\\/www.gold.fr\\\/news\\\/2014\\\/10\\\/28\\\/lattentisme-fed-booste-les-marches-euro\\\/#primaryimage\"},\"thumbnailUrl\":\"https:\\\/\\\/www.gold.fr\\\/news\\\/wp-content\\\/uploads\\\/2011\\\/10\\\/78327213.jpg\",\"datePublished\":\"2014-10-28T16:00:20+00:00\",\"dateModified\":\"2017-11-02T10:30:57+00:00\",\"author\":{\"@id\":\"https:\\\/\\\/www.gold.fr\\\/news\\\/#\\\/schema\\\/person\\\/070491b4b4fb7671bf59b3be20302ce9\"},\"breadcrumb\":{\"@id\":\"https:\\\/\\\/www.gold.fr\\\/news\\\/2014\\\/10\\\/28\\\/lattentisme-fed-booste-les-marches-euro\\\/#breadcrumb\"},\"inLanguage\":\"fr-FR\",\"potentialAction\":[{\"@type\":\"ReadAction\",\"target\":[\"https:\\\/\\\/www.gold.fr\\\/news\\\/2014\\\/10\\\/28\\\/lattentisme-fed-booste-les-marches-euro\\\/\"]}]},{\"@type\":\"ImageObject\",\"inLanguage\":\"fr-FR\",\"@id\":\"https:\\\/\\\/www.gold.fr\\\/news\\\/2014\\\/10\\\/28\\\/lattentisme-fed-booste-les-marches-euro\\\/#primaryimage\",\"url\":\"https:\\\/\\\/www.gold.fr\\\/news\\\/wp-content\\\/uploads\\\/2011\\\/10\\\/78327213.jpg\",\"contentUrl\":\"https:\\\/\\\/www.gold.fr\\\/news\\\/wp-content\\\/uploads\\\/2011\\\/10\\\/78327213.jpg\",\"width\":\"600\",\"height\":\"429\",\"caption\":\"Un calendrier hebdomadaire tr\u00e8s charg\u00e9\"},{\"@type\":\"BreadcrumbList\",\"@id\":\"https:\\\/\\\/www.gold.fr\\\/news\\\/2014\\\/10\\\/28\\\/lattentisme-fed-booste-les-marches-euro\\\/#breadcrumb\",\"itemListElement\":[{\"@type\":\"ListItem\",\"position\":1,\"name\":\"Accueil\",\"item\":\"https:\\\/\\\/www.gold.fr\\\/\"},{\"@type\":\"ListItem\",\"position\":2,\"name\":\"Actualit\u00e9s\",\"item\":\"https:\\\/\\\/www.gold.fr\\\/news\\\/\"},{\"@type\":\"ListItem\",\"position\":3,\"name\":\"L\u2019attentisme FED booste les march\u00e9s euro\"}]},{\"@type\":\"WebSite\",\"@id\":\"https:\\\/\\\/www.gold.fr\\\/news\\\/#website\",\"url\":\"https:\\\/\\\/www.gold.fr\\\/news\\\/\",\"name\":\"Gold.fr\",\"description\":\"Actualit\u00e9s de l&#039;Or et des m\u00e9taux pr\u00e9cieux\",\"potentialAction\":[{\"@type\":\"SearchAction\",\"target\":{\"@type\":\"EntryPoint\",\"urlTemplate\":\"https:\\\/\\\/www.gold.fr\\\/news\\\/?s={search_term_string}\"},\"query-input\":{\"@type\":\"PropertyValueSpecification\",\"valueRequired\":true,\"valueName\":\"search_term_string\"}}],\"inLanguage\":\"fr-FR\"},{\"@type\":\"Person\",\"@id\":\"https:\\\/\\\/www.gold.fr\\\/news\\\/#\\\/schema\\\/person\\\/070491b4b4fb7671bf59b3be20302ce9\",\"name\":\"Comptoir National de l'Or\",\"image\":{\"@type\":\"ImageObject\",\"inLanguage\":\"fr-FR\",\"@id\":\"https:\\\/\\\/secure.gravatar.com\\\/avatar\\\/0a2867fd5abe37bed95d5a65e9d58f01756e11efc68af9888dfc50cfa7f65948?s=96&d=mm&r=gb490554db0a38188709de567aa58480d\",\"url\":\"https:\\\/\\\/secure.gravatar.com\\\/avatar\\\/0a2867fd5abe37bed95d5a65e9d58f01756e11efc68af9888dfc50cfa7f65948?s=96&d=mm&r=g\",\"contentUrl\":\"https:\\\/\\\/secure.gravatar.com\\\/avatar\\\/0a2867fd5abe37bed95d5a65e9d58f01756e11efc68af9888dfc50cfa7f65948?s=96&d=mm&r=g\",\"caption\":\"Comptoir National de l'Or\"},\"description\":\"Notre r\u00e9daction est constitu\u00e9e de membres experts dans les m\u00e9tiers de l'\u00e9conomie et la gestion, des Responsables d'agence Comptoir National de l'Or, des analystes financiers qui publient r\u00e9guli\u00e8rement des \u00e9tudes sur les politiques des banques centrales, le cours de l'or, prix de l'or, cours de l'argent, prix de l'argent, cours du platine, cours du palladium,... la situation en zone euro et l'impact de la strat\u00e9gie mon\u00e9taire de la FED. Notre \u00e9quipe scrute \u00e9galement une information plus g\u00e9n\u00e9raliste \u00e0 la recherche d'actualit\u00e9 \\\"p\u00e9pite\\\" \u00e0 vous partager. Depuis 5 ans, nous avons publi\u00e9 un peu plus de 4000 articles qui s'adressent \u00e0 un public large et vari\u00e9 ayant pour objectif de satisfaire votre curiosit\u00e9 et de partager avec vous une certaine fascination pour le m\u00e9tal jaune, le rachat d'or, et pour ceux qui veulent investir dans l'or, vendre leur or tout simplement en savoir plus... Pour tous vos achat or et argent, n'h\u00e9sitez pas \u00e0 prendre rendez-vous dans l'un de nos nombreux comptoirs.\",\"sameAs\":[\"https:\\\/\\\/www.gold.fr\"]}]}<\/script>\n<!-- \/ Yoast SEO plugin. -->","yoast_head_json":{"title":"L\u2019attentisme FED booste les march\u00e9s euro - Gold.fr","robots":{"index":"index","follow":"follow","max-snippet":"max-snippet:-1","max-image-preview":"max-image-preview:large","max-video-preview":"max-video-preview:-1"},"canonical":"https:\/\/www.gold.fr\/news\/2014\/10\/28\/lattentisme-fed-booste-les-marches-euro\/","og_locale":"fr_FR","og_type":"article","og_title":"L\u2019attentisme FED booste les march\u00e9s euro - Gold.fr","og_description":"La r\u00e9union hautement anticip\u00e9e de la r\u00e9serve f\u00e9d\u00e9rale am\u00e9ricaine est juste au tournant, et l\u2019approche de ce rendez-vous \u00e9conomique majeur se sent clairement sur les march\u00e9s d\u2019investissement, d\u2019un c\u00f4t\u00e9 comme de l\u2019autre de l\u2019Atlantique. Mais ce [&hellip;]","og_url":"https:\/\/www.gold.fr\/news\/2014\/10\/28\/lattentisme-fed-booste-les-marches-euro\/","og_site_name":"Gold.fr","article_publisher":"https:\/\/www.facebook.com\/Goldfr\/","article_published_time":"2014-10-28T16:00:20+00:00","article_modified_time":"2017-11-02T10:30:57+00:00","og_image":[{"width":600,"height":429,"url":"https:\/\/www.gold.fr\/news\/wp-content\/uploads\/2011\/10\/78327213.jpg","type":"image\/jpeg"}],"author":"Comptoir National de l'Or","twitter_card":"summary_large_image","twitter_misc":{"\u00c9crit par":"Comptoir National de l'Or","Dur\u00e9e de lecture estim\u00e9e":"1 minute"},"schema":{"@context":"https:\/\/schema.org","@graph":[{"@type":"Article","@id":"https:\/\/www.gold.fr\/news\/2014\/10\/28\/lattentisme-fed-booste-les-marches-euro\/#article","isPartOf":{"@id":"https:\/\/www.gold.fr\/news\/2014\/10\/28\/lattentisme-fed-booste-les-marches-euro\/"},"author":{"name":"Comptoir National de l'Or","@id":"https:\/\/www.gold.fr\/news\/#\/schema\/person\/070491b4b4fb7671bf59b3be20302ce9"},"headline":"L\u2019attentisme FED booste les march\u00e9s euro","datePublished":"2014-10-28T16:00:20+00:00","dateModified":"2017-11-02T10:30:57+00:00","mainEntityOfPage":{"@id":"https:\/\/www.gold.fr\/news\/2014\/10\/28\/lattentisme-fed-booste-les-marches-euro\/"},"wordCount":276,"commentCount":0,"image":{"@id":"https:\/\/www.gold.fr\/news\/2014\/10\/28\/lattentisme-fed-booste-les-marches-euro\/#primaryimage"},"thumbnailUrl":"https:\/\/www.gold.fr\/news\/wp-content\/uploads\/2011\/10\/78327213.jpg","keywords":["bce","euro","fed","march\u00e9s"],"articleSection":["Articles de presse"],"inLanguage":"fr-FR"},{"@type":"WebPage","@id":"https:\/\/www.gold.fr\/news\/2014\/10\/28\/lattentisme-fed-booste-les-marches-euro\/","url":"https:\/\/www.gold.fr\/news\/2014\/10\/28\/lattentisme-fed-booste-les-marches-euro\/","name":"L\u2019attentisme FED booste les march\u00e9s euro - Gold.fr","isPartOf":{"@id":"https:\/\/www.gold.fr\/news\/#website"},"primaryImageOfPage":{"@id":"https:\/\/www.gold.fr\/news\/2014\/10\/28\/lattentisme-fed-booste-les-marches-euro\/#primaryimage"},"image":{"@id":"https:\/\/www.gold.fr\/news\/2014\/10\/28\/lattentisme-fed-booste-les-marches-euro\/#primaryimage"},"thumbnailUrl":"https:\/\/www.gold.fr\/news\/wp-content\/uploads\/2011\/10\/78327213.jpg","datePublished":"2014-10-28T16:00:20+00:00","dateModified":"2017-11-02T10:30:57+00:00","author":{"@id":"https:\/\/www.gold.fr\/news\/#\/schema\/person\/070491b4b4fb7671bf59b3be20302ce9"},"breadcrumb":{"@id":"https:\/\/www.gold.fr\/news\/2014\/10\/28\/lattentisme-fed-booste-les-marches-euro\/#breadcrumb"},"inLanguage":"fr-FR","potentialAction":[{"@type":"ReadAction","target":["https:\/\/www.gold.fr\/news\/2014\/10\/28\/lattentisme-fed-booste-les-marches-euro\/"]}]},{"@type":"ImageObject","inLanguage":"fr-FR","@id":"https:\/\/www.gold.fr\/news\/2014\/10\/28\/lattentisme-fed-booste-les-marches-euro\/#primaryimage","url":"https:\/\/www.gold.fr\/news\/wp-content\/uploads\/2011\/10\/78327213.jpg","contentUrl":"https:\/\/www.gold.fr\/news\/wp-content\/uploads\/2011\/10\/78327213.jpg","width":"600","height":"429","caption":"Un calendrier hebdomadaire tr\u00e8s charg\u00e9"},{"@type":"BreadcrumbList","@id":"https:\/\/www.gold.fr\/news\/2014\/10\/28\/lattentisme-fed-booste-les-marches-euro\/#breadcrumb","itemListElement":[{"@type":"ListItem","position":1,"name":"Accueil","item":"https:\/\/www.gold.fr\/"},{"@type":"ListItem","position":2,"name":"Actualit\u00e9s","item":"https:\/\/www.gold.fr\/news\/"},{"@type":"ListItem","position":3,"name":"L\u2019attentisme FED booste les march\u00e9s euro"}]},{"@type":"WebSite","@id":"https:\/\/www.gold.fr\/news\/#website","url":"https:\/\/www.gold.fr\/news\/","name":"Gold.fr","description":"Actualit\u00e9s de l&#039;Or et des m\u00e9taux pr\u00e9cieux","potentialAction":[{"@type":"SearchAction","target":{"@type":"EntryPoint","urlTemplate":"https:\/\/www.gold.fr\/news\/?s={search_term_string}"},"query-input":{"@type":"PropertyValueSpecification","valueRequired":true,"valueName":"search_term_string"}}],"inLanguage":"fr-FR"},{"@type":"Person","@id":"https:\/\/www.gold.fr\/news\/#\/schema\/person\/070491b4b4fb7671bf59b3be20302ce9","name":"Comptoir National de l'Or","image":{"@type":"ImageObject","inLanguage":"fr-FR","@id":"https:\/\/secure.gravatar.com\/avatar\/0a2867fd5abe37bed95d5a65e9d58f01756e11efc68af9888dfc50cfa7f65948?s=96&d=mm&r=gb490554db0a38188709de567aa58480d","url":"https:\/\/secure.gravatar.com\/avatar\/0a2867fd5abe37bed95d5a65e9d58f01756e11efc68af9888dfc50cfa7f65948?s=96&d=mm&r=g","contentUrl":"https:\/\/secure.gravatar.com\/avatar\/0a2867fd5abe37bed95d5a65e9d58f01756e11efc68af9888dfc50cfa7f65948?s=96&d=mm&r=g","caption":"Comptoir National de l'Or"},"description":"Notre r\u00e9daction est constitu\u00e9e de membres experts dans les m\u00e9tiers de l'\u00e9conomie et la gestion, des Responsables d'agence Comptoir National de l'Or, des analystes financiers qui publient r\u00e9guli\u00e8rement des \u00e9tudes sur les politiques des banques centrales, le cours de l'or, prix de l'or, cours de l'argent, prix de l'argent, cours du platine, cours du palladium,... la situation en zone euro et l'impact de la strat\u00e9gie mon\u00e9taire de la FED. Notre \u00e9quipe scrute \u00e9galement une information plus g\u00e9n\u00e9raliste \u00e0 la recherche d'actualit\u00e9 \"p\u00e9pite\" \u00e0 vous partager. Depuis 5 ans, nous avons publi\u00e9 un peu plus de 4000 articles qui s'adressent \u00e0 un public large et vari\u00e9 ayant pour objectif de satisfaire votre curiosit\u00e9 et de partager avec vous une certaine fascination pour le m\u00e9tal jaune, le rachat d'or, et pour ceux qui veulent investir dans l'or, vendre leur or tout simplement en savoir plus... Pour tous vos achat or et argent, n'h\u00e9sitez pas \u00e0 prendre rendez-vous dans l'un de nos nombreux comptoirs.","sameAs":["https:\/\/www.gold.fr"]}]}},"authors":[{"term_id":2565,"user_id":18,"is_guest":0,"slug":"julie","display_name":"Comptoir National de l'Or","avatar_url":"https:\/\/secure.gravatar.com\/avatar\/713f289e398d35ead876c4a4cc08607f0d6d266058cfc25683fffb6092d0e572?s=96&d=mm&r=g","0":null,"1":"","2":"","3":"","4":"","5":"","6":"","7":"","8":""}],"_links":{"self":[{"href":"https:\/\/www.gold.fr\/news\/wp-json\/wp\/v2\/posts\/15951","targetHints":{"allow":["GET"]}}],"collection":[{"href":"https:\/\/www.gold.fr\/news\/wp-json\/wp\/v2\/posts"}],"about":[{"href":"https:\/\/www.gold.fr\/news\/wp-json\/wp\/v2\/types\/post"}],"author":[{"embeddable":true,"href":"https:\/\/www.gold.fr\/news\/wp-json\/wp\/v2\/users\/18"}],"replies":[{"embeddable":true,"href":"https:\/\/www.gold.fr\/news\/wp-json\/wp\/v2\/comments?post=15951"}],"version-history":[{"count":0,"href":"https:\/\/www.gold.fr\/news\/wp-json\/wp\/v2\/posts\/15951\/revisions"}],"wp:featuredmedia":[{"embeddable":true,"href":"https:\/\/www.gold.fr\/news\/wp-json\/wp\/v2\/media\/2965"}],"wp:attachment":[{"href":"https:\/\/www.gold.fr\/news\/wp-json\/wp\/v2\/media?parent=15951"}],"wp:term":[{"taxonomy":"category","embeddable":true,"href":"https:\/\/www.gold.fr\/news\/wp-json\/wp\/v2\/categories?post=15951"},{"taxonomy":"post_tag","embeddable":true,"href":"https:\/\/www.gold.fr\/news\/wp-json\/wp\/v2\/tags?post=15951"},{"taxonomy":"author","embeddable":true,"href":"https:\/\/www.gold.fr\/news\/wp-json\/wp\/v2\/ppma_author?post=15951"}],"curies":[{"name":"wp","href":"https:\/\/api.w.org\/{rel}","templated":true}]}}