{"id":15945,"date":"2014-10-28T09:00:13","date_gmt":"2014-10-28T08:00:13","guid":{"rendered":"https:\/\/www.gold.fr\/news\/?p=15945"},"modified":"2017-11-02T11:30:58","modified_gmt":"2017-11-02T10:30:58","slug":"lallemagne-inquiete-a-nouveau","status":"publish","type":"post","link":"https:\/\/www.gold.fr\/news\/2014\/10\/28\/lallemagne-inquiete-a-nouveau\/","title":{"rendered":"L\u2019Allemagne inqui\u00e8te \u00e0 nouveau"},"content":{"rendered":"<p><img loading=\"lazy\" decoding=\"async\" class=\"alignleft size-thumbnail wp-image-9061\" title=\"L\u2019Allemagne inqui\u00e8te \u00e0 nouveau\" src=\"https:\/\/www.gold.fr\/news\/wp-content\/uploads\/2012\/08\/or-investissement-150x150.jpg\" alt=\"\" width=\"150\" height=\"150\" \/><span style=\"font-size: small;\">Les autorit\u00e9s allemandes viennent de publier le rapport chiffr\u00e9 relatif \u00e0 l\u2019indice <strong>ifo<\/strong> (\u00ab<em>\u00a0l&rsquo;indicateur tr\u00e8s influent du moral des patrons en Allemagne, et donc du climat des affaires\u00a0<\/em>\u00bb), cr\u00e9ant \u00e0 nouveau la (mauvaise) surprise au c\u0153ur des march\u00e9s d\u2019investissement.<\/span>    <span style=\"font-size: small;\"> L\u2019indice ifo pour le mois d\u2019octobre, paru lundi matin, s\u2019est en effet r\u00e9v\u00e9l\u00e9 inf\u00e9rieur aux attentes, se contractant de <strong>1,5 point<\/strong> \u00e0 <strong>103,2<\/strong>, soit sa pire performance depuis le mois de d\u00e9cembre <strong>2012<\/strong>, \u00e0 l\u2019heure m\u00eame o\u00f9 les pr\u00e9visions des \u00e9conomistes le pla\u00e7aient baissier \u2013certes- mais uniquement vers les <strong>104,3<\/strong>.<\/span>    <span style=\"font-size: small;\"> Du coup, l\u2019\u00e9quipe d\u2019analystes du groupe banquier fran\u00e7ais <strong>Natixis<\/strong> a abaiss\u00e9 sa pr\u00e9vision de croissance \u00e9conomique pour l&rsquo;Allemagne sur l&rsquo;ann\u00e9e 2014, \u00e0 <strong>+1,4%<\/strong> (contre <strong>+1,5%<\/strong> annonc\u00e9 pr\u00e9c\u00e9demment), estimant que, \u00ab\u00a0<em>\u00e9tant donn\u00e9 un point de d\u00e9part sensiblement plus bas au dernier trimestre 2014 et au premier de 2015, notre pr\u00e9vision de croissance pour 2015 dans son ensemble s&rsquo;\u00e9tablit \u00e0 1,2% (1,7%)\u00a0<\/em>\u00bb.<\/span>    <span style=\"font-size: small;\"> Les experts du groupe justifient toutefois les chiffres d\u00e9cevants de l\u2019indice ifo par des facteurs purement conjoncturels \u2013bien que largement prolong\u00e9s-, dont notamment la situation \u00e9conomique europ\u00e9enne et allemande et les perspectives n\u00e9gatives qu\u2019elle implique, \u00ab<em>\u00a0indiquant que la phase de faiblesse de l&rsquo;\u00e9conomie allemande n&rsquo;est pas encore termin\u00e9e\u00a0<\/em>\u00bb.<\/span>    <span style=\"font-size: small;\"> Globalement, <strong>Natixis<\/strong> ne table pas sur le sc\u00e9nario noir d\u2019une r\u00e9cession allemande, en d\u00e9pit de ces derniers chiffres, dans la mesure o\u00f9 \u00ab\u00a0<em>la consommation priv\u00e9e devrait rester un pilier solide dans les trimestres \u00e0 venir, soutenue par des taux d&rsquo;int\u00e9r\u00eat extr\u00eamement bas<\/em>\u00a0\u00bb.<\/span><\/p>\n<!-- AddThis Advanced Settings generic via filter on the_content --><!-- AddThis Share Buttons generic via filter on the_content -->","protected":false},"excerpt":{"rendered":"<p>Les autorit\u00e9s allemandes viennent de publier le rapport chiffr\u00e9 relatif \u00e0 l\u2019indice ifo (\u00ab\u00a0l&rsquo;indicateur tr\u00e8s influent du moral des patrons en Allemagne, et donc du climat des affaires\u00a0\u00bb), cr\u00e9ant \u00e0 nouveau la (mauvaise) surprise au c\u0153ur [&hellip;]<\/p>\n","protected":false},"author":18,"featured_media":9061,"comment_status":"open","ping_status":"open","sticky":false,"template":"","format":"standard","meta":{"_mbp_gutenberg_autopost":false,"_pgmb_is_evergreen":false,"_pgmb_ap_template_id":0,"footnotes":""},"categories":[6],"tags":[111,1864,1959],"ppma_author":[2565],"class_list":["post-15945","post","type-post","status-publish","format-standard","has-post-thumbnail","hentry","category-articles-de-presse","tag-allemagne","tag-indice-ifo","tag-rapport-chiffre"],"yoast_head":"<!-- This site is optimized with the Yoast SEO plugin v27.5 - https:\/\/yoast.com\/product\/yoast-seo-wordpress\/ -->\n<title>L\u2019Allemagne inqui\u00e8te \u00e0 nouveau - Gold.fr<\/title>\n<meta name=\"robots\" content=\"index, follow, max-snippet:-1, max-image-preview:large, max-video-preview:-1\" \/>\n<link rel=\"canonical\" href=\"https:\/\/www.gold.fr\/news\/2014\/10\/28\/lallemagne-inquiete-a-nouveau\/\" \/>\n<meta property=\"og:locale\" content=\"fr_FR\" \/>\n<meta property=\"og:type\" content=\"article\" \/>\n<meta property=\"og:title\" content=\"L\u2019Allemagne inqui\u00e8te \u00e0 nouveau - Gold.fr\" \/>\n<meta property=\"og:description\" content=\"Les autorit\u00e9s allemandes viennent de publier le rapport chiffr\u00e9 relatif \u00e0 l\u2019indice ifo (\u00ab\u00a0l&rsquo;indicateur tr\u00e8s influent du moral des patrons en Allemagne, et donc du climat des affaires\u00a0\u00bb), cr\u00e9ant \u00e0 nouveau la (mauvaise) surprise au c\u0153ur [&hellip;]\" \/>\n<meta property=\"og:url\" content=\"https:\/\/www.gold.fr\/news\/2014\/10\/28\/lallemagne-inquiete-a-nouveau\/\" \/>\n<meta property=\"og:site_name\" content=\"Gold.fr\" \/>\n<meta property=\"article:publisher\" content=\"https:\/\/www.facebook.com\/Goldfr\/\" \/>\n<meta property=\"article:published_time\" content=\"2014-10-28T08:00:13+00:00\" \/>\n<meta property=\"article:modified_time\" content=\"2017-11-02T10:30:58+00:00\" \/>\n<meta property=\"og:image\" content=\"https:\/\/www.gold.fr\/news\/wp-content\/uploads\/2012\/08\/or-investissement.jpg\" \/>\n\t<meta property=\"og:image:width\" content=\"600\" \/>\n\t<meta property=\"og:image:height\" content=\"433\" \/>\n\t<meta property=\"og:image:type\" content=\"image\/jpeg\" \/>\n<meta name=\"author\" content=\"Comptoir National de l&#039;Or\" \/>\n<meta name=\"twitter:card\" content=\"summary_large_image\" \/>\n<meta name=\"twitter:label1\" content=\"\u00c9crit par\" \/>\n\t<meta name=\"twitter:data1\" content=\"Comptoir National de l&#039;Or\" \/>\n\t<meta name=\"twitter:label2\" content=\"Dur\u00e9e de lecture estim\u00e9e\" \/>\n\t<meta name=\"twitter:data2\" content=\"1 minute\" \/>\n<script type=\"application\/ld+json\" class=\"yoast-schema-graph\">{\"@context\":\"https:\\\/\\\/schema.org\",\"@graph\":[{\"@type\":\"Article\",\"@id\":\"https:\\\/\\\/www.gold.fr\\\/news\\\/2014\\\/10\\\/28\\\/lallemagne-inquiete-a-nouveau\\\/#article\",\"isPartOf\":{\"@id\":\"https:\\\/\\\/www.gold.fr\\\/news\\\/2014\\\/10\\\/28\\\/lallemagne-inquiete-a-nouveau\\\/\"},\"author\":{\"name\":\"Comptoir National de l'Or\",\"@id\":\"https:\\\/\\\/www.gold.fr\\\/news\\\/#\\\/schema\\\/person\\\/070491b4b4fb7671bf59b3be20302ce9\"},\"headline\":\"L\u2019Allemagne inqui\u00e8te \u00e0 nouveau\",\"datePublished\":\"2014-10-28T08:00:13+00:00\",\"dateModified\":\"2017-11-02T10:30:58+00:00\",\"mainEntityOfPage\":{\"@id\":\"https:\\\/\\\/www.gold.fr\\\/news\\\/2014\\\/10\\\/28\\\/lallemagne-inquiete-a-nouveau\\\/\"},\"wordCount\":274,\"commentCount\":0,\"image\":{\"@id\":\"https:\\\/\\\/www.gold.fr\\\/news\\\/2014\\\/10\\\/28\\\/lallemagne-inquiete-a-nouveau\\\/#primaryimage\"},\"thumbnailUrl\":\"https:\\\/\\\/www.gold.fr\\\/news\\\/wp-content\\\/uploads\\\/2012\\\/08\\\/or-investissement.jpg\",\"keywords\":[\"Allemagne\",\"indice Ifo\",\"rapport chiffr\u00e9\"],\"articleSection\":[\"Articles de presse\"],\"inLanguage\":\"fr-FR\"},{\"@type\":\"WebPage\",\"@id\":\"https:\\\/\\\/www.gold.fr\\\/news\\\/2014\\\/10\\\/28\\\/lallemagne-inquiete-a-nouveau\\\/\",\"url\":\"https:\\\/\\\/www.gold.fr\\\/news\\\/2014\\\/10\\\/28\\\/lallemagne-inquiete-a-nouveau\\\/\",\"name\":\"L\u2019Allemagne inqui\u00e8te \u00e0 nouveau - Gold.fr\",\"isPartOf\":{\"@id\":\"https:\\\/\\\/www.gold.fr\\\/news\\\/#website\"},\"primaryImageOfPage\":{\"@id\":\"https:\\\/\\\/www.gold.fr\\\/news\\\/2014\\\/10\\\/28\\\/lallemagne-inquiete-a-nouveau\\\/#primaryimage\"},\"image\":{\"@id\":\"https:\\\/\\\/www.gold.fr\\\/news\\\/2014\\\/10\\\/28\\\/lallemagne-inquiete-a-nouveau\\\/#primaryimage\"},\"thumbnailUrl\":\"https:\\\/\\\/www.gold.fr\\\/news\\\/wp-content\\\/uploads\\\/2012\\\/08\\\/or-investissement.jpg\",\"datePublished\":\"2014-10-28T08:00:13+00:00\",\"dateModified\":\"2017-11-02T10:30:58+00:00\",\"author\":{\"@id\":\"https:\\\/\\\/www.gold.fr\\\/news\\\/#\\\/schema\\\/person\\\/070491b4b4fb7671bf59b3be20302ce9\"},\"breadcrumb\":{\"@id\":\"https:\\\/\\\/www.gold.fr\\\/news\\\/2014\\\/10\\\/28\\\/lallemagne-inquiete-a-nouveau\\\/#breadcrumb\"},\"inLanguage\":\"fr-FR\",\"potentialAction\":[{\"@type\":\"ReadAction\",\"target\":[\"https:\\\/\\\/www.gold.fr\\\/news\\\/2014\\\/10\\\/28\\\/lallemagne-inquiete-a-nouveau\\\/\"]}]},{\"@type\":\"ImageObject\",\"inLanguage\":\"fr-FR\",\"@id\":\"https:\\\/\\\/www.gold.fr\\\/news\\\/2014\\\/10\\\/28\\\/lallemagne-inquiete-a-nouveau\\\/#primaryimage\",\"url\":\"https:\\\/\\\/www.gold.fr\\\/news\\\/wp-content\\\/uploads\\\/2012\\\/08\\\/or-investissement.jpg\",\"contentUrl\":\"https:\\\/\\\/www.gold.fr\\\/news\\\/wp-content\\\/uploads\\\/2012\\\/08\\\/or-investissement.jpg\",\"width\":\"600\",\"height\":\"433\",\"caption\":\"Les investisseurs renouent avec la valeur refuge apr\u00e8s le r\u00e9sultat des \u00e9lections\"},{\"@type\":\"BreadcrumbList\",\"@id\":\"https:\\\/\\\/www.gold.fr\\\/news\\\/2014\\\/10\\\/28\\\/lallemagne-inquiete-a-nouveau\\\/#breadcrumb\",\"itemListElement\":[{\"@type\":\"ListItem\",\"position\":1,\"name\":\"Accueil\",\"item\":\"https:\\\/\\\/www.gold.fr\\\/\"},{\"@type\":\"ListItem\",\"position\":2,\"name\":\"Actualit\u00e9s\",\"item\":\"https:\\\/\\\/www.gold.fr\\\/news\\\/\"},{\"@type\":\"ListItem\",\"position\":3,\"name\":\"L\u2019Allemagne inqui\u00e8te \u00e0 nouveau\"}]},{\"@type\":\"WebSite\",\"@id\":\"https:\\\/\\\/www.gold.fr\\\/news\\\/#website\",\"url\":\"https:\\\/\\\/www.gold.fr\\\/news\\\/\",\"name\":\"Gold.fr\",\"description\":\"Actualit\u00e9s de l&#039;Or et des m\u00e9taux pr\u00e9cieux\",\"potentialAction\":[{\"@type\":\"SearchAction\",\"target\":{\"@type\":\"EntryPoint\",\"urlTemplate\":\"https:\\\/\\\/www.gold.fr\\\/news\\\/?s={search_term_string}\"},\"query-input\":{\"@type\":\"PropertyValueSpecification\",\"valueRequired\":true,\"valueName\":\"search_term_string\"}}],\"inLanguage\":\"fr-FR\"},{\"@type\":\"Person\",\"@id\":\"https:\\\/\\\/www.gold.fr\\\/news\\\/#\\\/schema\\\/person\\\/070491b4b4fb7671bf59b3be20302ce9\",\"name\":\"Comptoir National de l'Or\",\"image\":{\"@type\":\"ImageObject\",\"inLanguage\":\"fr-FR\",\"@id\":\"https:\\\/\\\/secure.gravatar.com\\\/avatar\\\/0a2867fd5abe37bed95d5a65e9d58f01756e11efc68af9888dfc50cfa7f65948?s=96&d=mm&r=gb490554db0a38188709de567aa58480d\",\"url\":\"https:\\\/\\\/secure.gravatar.com\\\/avatar\\\/0a2867fd5abe37bed95d5a65e9d58f01756e11efc68af9888dfc50cfa7f65948?s=96&d=mm&r=g\",\"contentUrl\":\"https:\\\/\\\/secure.gravatar.com\\\/avatar\\\/0a2867fd5abe37bed95d5a65e9d58f01756e11efc68af9888dfc50cfa7f65948?s=96&d=mm&r=g\",\"caption\":\"Comptoir National de l'Or\"},\"description\":\"Notre r\u00e9daction est constitu\u00e9e de membres experts dans les m\u00e9tiers de l'\u00e9conomie et la gestion, des Responsables d'agence Comptoir National de l'Or, des analystes financiers qui publient r\u00e9guli\u00e8rement des \u00e9tudes sur les politiques des banques centrales, le cours de l'or, prix de l'or, cours de l'argent, prix de l'argent, cours du platine, cours du palladium,... la situation en zone euro et l'impact de la strat\u00e9gie mon\u00e9taire de la FED. Notre \u00e9quipe scrute \u00e9galement une information plus g\u00e9n\u00e9raliste \u00e0 la recherche d'actualit\u00e9 \\\"p\u00e9pite\\\" \u00e0 vous partager. Depuis 5 ans, nous avons publi\u00e9 un peu plus de 4000 articles qui s'adressent \u00e0 un public large et vari\u00e9 ayant pour objectif de satisfaire votre curiosit\u00e9 et de partager avec vous une certaine fascination pour le m\u00e9tal jaune, le rachat d'or, et pour ceux qui veulent investir dans l'or, vendre leur or tout simplement en savoir plus... Pour tous vos achat or et argent, n'h\u00e9sitez pas \u00e0 prendre rendez-vous dans l'un de nos nombreux comptoirs.\",\"sameAs\":[\"https:\\\/\\\/www.gold.fr\"]}]}<\/script>\n<!-- \/ Yoast SEO plugin. -->","yoast_head_json":{"title":"L\u2019Allemagne inqui\u00e8te \u00e0 nouveau - Gold.fr","robots":{"index":"index","follow":"follow","max-snippet":"max-snippet:-1","max-image-preview":"max-image-preview:large","max-video-preview":"max-video-preview:-1"},"canonical":"https:\/\/www.gold.fr\/news\/2014\/10\/28\/lallemagne-inquiete-a-nouveau\/","og_locale":"fr_FR","og_type":"article","og_title":"L\u2019Allemagne inqui\u00e8te \u00e0 nouveau - Gold.fr","og_description":"Les autorit\u00e9s allemandes viennent de publier le rapport chiffr\u00e9 relatif \u00e0 l\u2019indice ifo (\u00ab\u00a0l&rsquo;indicateur tr\u00e8s influent du moral des patrons en Allemagne, et donc du climat des affaires\u00a0\u00bb), cr\u00e9ant \u00e0 nouveau la (mauvaise) surprise au c\u0153ur [&hellip;]","og_url":"https:\/\/www.gold.fr\/news\/2014\/10\/28\/lallemagne-inquiete-a-nouveau\/","og_site_name":"Gold.fr","article_publisher":"https:\/\/www.facebook.com\/Goldfr\/","article_published_time":"2014-10-28T08:00:13+00:00","article_modified_time":"2017-11-02T10:30:58+00:00","og_image":[{"width":600,"height":433,"url":"https:\/\/www.gold.fr\/news\/wp-content\/uploads\/2012\/08\/or-investissement.jpg","type":"image\/jpeg"}],"author":"Comptoir National de l'Or","twitter_card":"summary_large_image","twitter_misc":{"\u00c9crit par":"Comptoir National de l'Or","Dur\u00e9e de lecture estim\u00e9e":"1 minute"},"schema":{"@context":"https:\/\/schema.org","@graph":[{"@type":"Article","@id":"https:\/\/www.gold.fr\/news\/2014\/10\/28\/lallemagne-inquiete-a-nouveau\/#article","isPartOf":{"@id":"https:\/\/www.gold.fr\/news\/2014\/10\/28\/lallemagne-inquiete-a-nouveau\/"},"author":{"name":"Comptoir National de l'Or","@id":"https:\/\/www.gold.fr\/news\/#\/schema\/person\/070491b4b4fb7671bf59b3be20302ce9"},"headline":"L\u2019Allemagne inqui\u00e8te \u00e0 nouveau","datePublished":"2014-10-28T08:00:13+00:00","dateModified":"2017-11-02T10:30:58+00:00","mainEntityOfPage":{"@id":"https:\/\/www.gold.fr\/news\/2014\/10\/28\/lallemagne-inquiete-a-nouveau\/"},"wordCount":274,"commentCount":0,"image":{"@id":"https:\/\/www.gold.fr\/news\/2014\/10\/28\/lallemagne-inquiete-a-nouveau\/#primaryimage"},"thumbnailUrl":"https:\/\/www.gold.fr\/news\/wp-content\/uploads\/2012\/08\/or-investissement.jpg","keywords":["Allemagne","indice Ifo","rapport chiffr\u00e9"],"articleSection":["Articles de presse"],"inLanguage":"fr-FR"},{"@type":"WebPage","@id":"https:\/\/www.gold.fr\/news\/2014\/10\/28\/lallemagne-inquiete-a-nouveau\/","url":"https:\/\/www.gold.fr\/news\/2014\/10\/28\/lallemagne-inquiete-a-nouveau\/","name":"L\u2019Allemagne inqui\u00e8te \u00e0 nouveau - Gold.fr","isPartOf":{"@id":"https:\/\/www.gold.fr\/news\/#website"},"primaryImageOfPage":{"@id":"https:\/\/www.gold.fr\/news\/2014\/10\/28\/lallemagne-inquiete-a-nouveau\/#primaryimage"},"image":{"@id":"https:\/\/www.gold.fr\/news\/2014\/10\/28\/lallemagne-inquiete-a-nouveau\/#primaryimage"},"thumbnailUrl":"https:\/\/www.gold.fr\/news\/wp-content\/uploads\/2012\/08\/or-investissement.jpg","datePublished":"2014-10-28T08:00:13+00:00","dateModified":"2017-11-02T10:30:58+00:00","author":{"@id":"https:\/\/www.gold.fr\/news\/#\/schema\/person\/070491b4b4fb7671bf59b3be20302ce9"},"breadcrumb":{"@id":"https:\/\/www.gold.fr\/news\/2014\/10\/28\/lallemagne-inquiete-a-nouveau\/#breadcrumb"},"inLanguage":"fr-FR","potentialAction":[{"@type":"ReadAction","target":["https:\/\/www.gold.fr\/news\/2014\/10\/28\/lallemagne-inquiete-a-nouveau\/"]}]},{"@type":"ImageObject","inLanguage":"fr-FR","@id":"https:\/\/www.gold.fr\/news\/2014\/10\/28\/lallemagne-inquiete-a-nouveau\/#primaryimage","url":"https:\/\/www.gold.fr\/news\/wp-content\/uploads\/2012\/08\/or-investissement.jpg","contentUrl":"https:\/\/www.gold.fr\/news\/wp-content\/uploads\/2012\/08\/or-investissement.jpg","width":"600","height":"433","caption":"Les investisseurs renouent avec la valeur refuge apr\u00e8s le r\u00e9sultat des \u00e9lections"},{"@type":"BreadcrumbList","@id":"https:\/\/www.gold.fr\/news\/2014\/10\/28\/lallemagne-inquiete-a-nouveau\/#breadcrumb","itemListElement":[{"@type":"ListItem","position":1,"name":"Accueil","item":"https:\/\/www.gold.fr\/"},{"@type":"ListItem","position":2,"name":"Actualit\u00e9s","item":"https:\/\/www.gold.fr\/news\/"},{"@type":"ListItem","position":3,"name":"L\u2019Allemagne inqui\u00e8te \u00e0 nouveau"}]},{"@type":"WebSite","@id":"https:\/\/www.gold.fr\/news\/#website","url":"https:\/\/www.gold.fr\/news\/","name":"Gold.fr","description":"Actualit\u00e9s de l&#039;Or et des m\u00e9taux pr\u00e9cieux","potentialAction":[{"@type":"SearchAction","target":{"@type":"EntryPoint","urlTemplate":"https:\/\/www.gold.fr\/news\/?s={search_term_string}"},"query-input":{"@type":"PropertyValueSpecification","valueRequired":true,"valueName":"search_term_string"}}],"inLanguage":"fr-FR"},{"@type":"Person","@id":"https:\/\/www.gold.fr\/news\/#\/schema\/person\/070491b4b4fb7671bf59b3be20302ce9","name":"Comptoir National de l'Or","image":{"@type":"ImageObject","inLanguage":"fr-FR","@id":"https:\/\/secure.gravatar.com\/avatar\/0a2867fd5abe37bed95d5a65e9d58f01756e11efc68af9888dfc50cfa7f65948?s=96&d=mm&r=gb490554db0a38188709de567aa58480d","url":"https:\/\/secure.gravatar.com\/avatar\/0a2867fd5abe37bed95d5a65e9d58f01756e11efc68af9888dfc50cfa7f65948?s=96&d=mm&r=g","contentUrl":"https:\/\/secure.gravatar.com\/avatar\/0a2867fd5abe37bed95d5a65e9d58f01756e11efc68af9888dfc50cfa7f65948?s=96&d=mm&r=g","caption":"Comptoir National de l'Or"},"description":"Notre r\u00e9daction est constitu\u00e9e de membres experts dans les m\u00e9tiers de l'\u00e9conomie et la gestion, des Responsables d'agence Comptoir National de l'Or, des analystes financiers qui publient r\u00e9guli\u00e8rement des \u00e9tudes sur les politiques des banques centrales, le cours de l'or, prix de l'or, cours de l'argent, prix de l'argent, cours du platine, cours du palladium,... la situation en zone euro et l'impact de la strat\u00e9gie mon\u00e9taire de la FED. Notre \u00e9quipe scrute \u00e9galement une information plus g\u00e9n\u00e9raliste \u00e0 la recherche d'actualit\u00e9 \"p\u00e9pite\" \u00e0 vous partager. Depuis 5 ans, nous avons publi\u00e9 un peu plus de 4000 articles qui s'adressent \u00e0 un public large et vari\u00e9 ayant pour objectif de satisfaire votre curiosit\u00e9 et de partager avec vous une certaine fascination pour le m\u00e9tal jaune, le rachat d'or, et pour ceux qui veulent investir dans l'or, vendre leur or tout simplement en savoir plus... Pour tous vos achat or et argent, n'h\u00e9sitez pas \u00e0 prendre rendez-vous dans l'un de nos nombreux comptoirs.","sameAs":["https:\/\/www.gold.fr"]}]}},"authors":[{"term_id":2565,"user_id":18,"is_guest":0,"slug":"julie","display_name":"Comptoir National de l'Or","avatar_url":"https:\/\/secure.gravatar.com\/avatar\/713f289e398d35ead876c4a4cc08607f0d6d266058cfc25683fffb6092d0e572?s=96&d=mm&r=g","0":null,"1":"","2":"","3":"","4":"","5":"","6":"","7":"","8":""}],"_links":{"self":[{"href":"https:\/\/www.gold.fr\/news\/wp-json\/wp\/v2\/posts\/15945","targetHints":{"allow":["GET"]}}],"collection":[{"href":"https:\/\/www.gold.fr\/news\/wp-json\/wp\/v2\/posts"}],"about":[{"href":"https:\/\/www.gold.fr\/news\/wp-json\/wp\/v2\/types\/post"}],"author":[{"embeddable":true,"href":"https:\/\/www.gold.fr\/news\/wp-json\/wp\/v2\/users\/18"}],"replies":[{"embeddable":true,"href":"https:\/\/www.gold.fr\/news\/wp-json\/wp\/v2\/comments?post=15945"}],"version-history":[{"count":0,"href":"https:\/\/www.gold.fr\/news\/wp-json\/wp\/v2\/posts\/15945\/revisions"}],"wp:featuredmedia":[{"embeddable":true,"href":"https:\/\/www.gold.fr\/news\/wp-json\/wp\/v2\/media\/9061"}],"wp:attachment":[{"href":"https:\/\/www.gold.fr\/news\/wp-json\/wp\/v2\/media?parent=15945"}],"wp:term":[{"taxonomy":"category","embeddable":true,"href":"https:\/\/www.gold.fr\/news\/wp-json\/wp\/v2\/categories?post=15945"},{"taxonomy":"post_tag","embeddable":true,"href":"https:\/\/www.gold.fr\/news\/wp-json\/wp\/v2\/tags?post=15945"},{"taxonomy":"author","embeddable":true,"href":"https:\/\/www.gold.fr\/news\/wp-json\/wp\/v2\/ppma_author?post=15945"}],"curies":[{"name":"wp","href":"https:\/\/api.w.org\/{rel}","templated":true}]}}