{"id":15841,"date":"2014-10-20T09:00:49","date_gmt":"2014-10-20T07:00:49","guid":{"rendered":"https:\/\/www.gold.fr\/news\/?p=15841"},"modified":"2020-06-30T18:04:27","modified_gmt":"2020-06-30T16:04:27","slug":"lonce-dor-au-top-de-sa-forme-en-depit-de-loptimisme-us","status":"publish","type":"post","link":"https:\/\/www.gold.fr\/news\/2014\/10\/20\/lonce-dor-au-top-de-sa-forme-en-depit-de-loptimisme-us\/","title":{"rendered":"L\u2019once d\u2019or au top de sa forme, en d\u00e9pit de l\u2019optimisme US"},"content":{"rendered":"<p><img loading=\"lazy\" decoding=\"async\" class=\"alignleft wp-image-6581 size-thumbnail\" title=\"L\u2019once d\u2019or au top de sa forme, en d\u00e9pit de l\u2019optimisme US\" src=\"https:\/\/www.gold.fr\/news\/wp-content\/uploads\/2012\/03\/Lingots-dor-298x298.jpg\" alt=\"L\u2019once d\u2019or au top de sa forme, en d\u00e9pit de l\u2019optimisme US\" width=\"298\" height=\"298\" srcset=\"https:\/\/www.gold.fr\/news\/wp-content\/uploads\/2012\/03\/Lingots-dor-298x298.jpg 298w, https:\/\/www.gold.fr\/news\/wp-content\/uploads\/2012\/03\/Lingots-dor-1x1.jpg 1w\" sizes=\"auto, (max-width: 298px) 100vw, 298px\" \/><span style=\"font-size: small;\">Ayant cl\u00f4tur\u00e9 la semaine derni\u00e8re sur <a title=\"L\u2019or termine la semaine en nette hausse\" href=\"https:\/\/www.gold.fr\/news\/2014\/10\/17\/lor-termine-la-semaine-en-nette-hausse\/15836\/\" target=\"_blank\" rel=\"noopener noreferrer\">une note nettement haussi\u00e8re<\/a>, le <a class=\"esk-seo-plu-link\" href=\"https:\/\/www.gold.fr\/news\/tags\/or\">m\u00e9tal jaune<\/a> attaque cette nouvelle semaine boursi\u00e8re avec le poids des attentes et optimisme des investisseurs qui esp\u00e8rent voir l&rsquo;once franchir un (voire plusieurs) nouveau palier, \u00e0 commencer par celui des <strong>1 240 dollars<\/strong>.<\/span> <span style=\"font-size: small;\"> Pour r\u00e9aliser ce rebond haussier, la relique barbare avait trouv\u00e9 un appui solide dans une conjoncture \u00e9conomique am\u00e9ricaine stagnante et dont l&rsquo;\u00e9volution en dents de scie a pourtant \u00e9t\u00e9 couronn\u00e9e, vendredi dernier, par quelques rapports et statistiques relativement positifs.<\/span> <span style=\"font-size: small;\"> Dans l&rsquo;ensemble, les donn\u00e9es macro\u00e9conomiques de la s\u00e9ance finale de la semaine derni\u00e8re avaient \u00e9t\u00e9 jug\u00e9es \u00ab <em>plus satisfaisantes<\/em> \u00bb que celles qui les ont pr\u00e9c\u00e9d\u00e9es, se succ\u00e9dant dans une s\u00e9rie noire. Mais l&rsquo;heure \u00e9tait manifestement \u00e0 l&rsquo;optimisme avec la baisse surprenante des inscriptions hebdomadaires au ch\u00f4mage \u00e0 <strong>264.000<\/strong>, un repli relatif de l&rsquo;indice \u00ab\u00a0<em>Philly Fed<\/em>\u00a0\u00bb (\u00e0 <strong>20,7<\/strong>) qui \u00e9tait meilleur que pr\u00e9vu par les attentes des experts, et la hausse de la production industrielle de l&rsquo;ordre de 1%, contre +0,4% attendu.<\/span> <span style=\"font-size: small;\"> Mais cette salve de bonnes nouvelles n&rsquo;a pas r\u00e9ussi \u00e0 plomber l&rsquo;\u00e9volution haussi\u00e8re de l&rsquo;<a class=\"esk-seo-plu-link\" href=\"https:\/\/www.gold.fr\/news\/tags\/or\">or<\/a>, et les experts notent cette ascendance en soulignant que \u00ab<em> le <a class=\"esk-seo-plu-link\" href=\"https:\/\/www.gold.fr\/news\/tags\/or\">m\u00e9tal jaune<\/a> profite de la forte volatilit\u00e9 des march\u00e9s et de l&rsquo;aversion au risque des investisseurs, \u00e0 un moment o\u00f9 les flux de capitaux d\u00e9sertent les march\u00e9s actions<\/em> \u00bb. Ils rappellent \u00e9galement que \u00ab<em> depuis son trou d&rsquo;air d\u00e9but octobre, <a title=\"Prix de l'Or\" href=\"https:\/\/www.gold.fr\/cours-or-prix-de-l-or\/\" target=\"_blank\" rel=\"noopener noreferrer\">le prix de l&rsquo;or<\/a> a ainsi regagn\u00e9 pr\u00e8s de 4%, refl\u00e9tant un regain d&rsquo;app\u00e9tence pour cette &lsquo;valeur refuge&rsquo;<\/em> \u00bb.<\/span><\/p>\n<!-- AddThis Advanced Settings generic via filter on the_content --><!-- AddThis Share Buttons generic via filter on the_content -->","protected":false},"excerpt":{"rendered":"<p>Ayant cl\u00f4tur\u00e9 la semaine derni\u00e8re sur une note nettement haussi\u00e8re, le m\u00e9tal jaune attaque cette nouvelle semaine boursi\u00e8re avec le poids des attentes et optimisme des investisseurs qui esp\u00e8rent voir l&rsquo;once franchir un (voire plusieurs) nouveau [&hellip;]<\/p>\n","protected":false},"author":18,"featured_media":6581,"comment_status":"closed","ping_status":"closed","sticky":false,"template":"","format":"standard","meta":{"_mbp_gutenberg_autopost":false,"_pgmb_is_evergreen":false,"_pgmb_ap_template_id":0,"footnotes":""},"categories":[6],"tags":[1100,85,1740],"ppma_author":[2565],"class_list":["post-15841","post","type-post","status-publish","format-standard","has-post-thumbnail","hentry","category-articles-de-presse","tag-economie-us","tag-once-dor","tag-philly-fed"],"yoast_head":"<!-- This site is optimized with the Yoast SEO plugin v27.5 - https:\/\/yoast.com\/product\/yoast-seo-wordpress\/ -->\n<title>L\u2019once d\u2019or au top de sa forme, en d\u00e9pit de l\u2019optimisme US - Gold.fr<\/title>\n<meta name=\"description\" content=\"L\u2019once d\u2019or au top de sa forme, en d\u00e9pit de l\u2019optimisme US, rebond haussier, baisse surprenante des inscriptions hebdomadaires au ch\u00f4mage\" \/>\n<meta name=\"robots\" content=\"index, follow, max-snippet:-1, max-image-preview:large, max-video-preview:-1\" \/>\n<link rel=\"canonical\" href=\"https:\/\/www.gold.fr\/news\/2014\/10\/20\/lonce-dor-au-top-de-sa-forme-en-depit-de-loptimisme-us\/\" \/>\n<meta property=\"og:locale\" content=\"fr_FR\" \/>\n<meta property=\"og:type\" content=\"article\" \/>\n<meta property=\"og:title\" content=\"L\u2019once d\u2019or au top de sa forme, en d\u00e9pit de l\u2019optimisme US - Gold.fr\" \/>\n<meta property=\"og:description\" content=\"L\u2019once d\u2019or au top de sa forme, en d\u00e9pit de l\u2019optimisme US, rebond haussier, baisse surprenante des inscriptions hebdomadaires au ch\u00f4mage\" \/>\n<meta property=\"og:url\" content=\"https:\/\/www.gold.fr\/news\/2014\/10\/20\/lonce-dor-au-top-de-sa-forme-en-depit-de-loptimisme-us\/\" \/>\n<meta property=\"og:site_name\" content=\"Gold.fr\" \/>\n<meta property=\"article:publisher\" content=\"https:\/\/www.facebook.com\/Goldfr\/\" \/>\n<meta property=\"article:published_time\" content=\"2014-10-20T07:00:49+00:00\" \/>\n<meta property=\"article:modified_time\" content=\"2020-06-30T16:04:27+00:00\" \/>\n<meta property=\"og:image\" content=\"https:\/\/www.gold.fr\/news\/wp-content\/uploads\/2012\/03\/Lingots-dor.jpg\" \/>\n\t<meta property=\"og:image:width\" content=\"600\" \/>\n\t<meta property=\"og:image:height\" content=\"407\" \/>\n\t<meta property=\"og:image:type\" content=\"image\/jpeg\" \/>\n<meta name=\"author\" content=\"Comptoir National de l&#039;Or\" \/>\n<meta name=\"twitter:card\" content=\"summary_large_image\" \/>\n<meta name=\"twitter:label1\" content=\"\u00c9crit par\" \/>\n\t<meta name=\"twitter:data1\" content=\"Comptoir National de l&#039;Or\" \/>\n\t<meta name=\"twitter:label2\" content=\"Dur\u00e9e de lecture estim\u00e9e\" \/>\n\t<meta name=\"twitter:data2\" content=\"1 minute\" \/>\n<script type=\"application\/ld+json\" class=\"yoast-schema-graph\">{\"@context\":\"https:\\\/\\\/schema.org\",\"@graph\":[{\"@type\":\"Article\",\"@id\":\"https:\\\/\\\/www.gold.fr\\\/news\\\/2014\\\/10\\\/20\\\/lonce-dor-au-top-de-sa-forme-en-depit-de-loptimisme-us\\\/#article\",\"isPartOf\":{\"@id\":\"https:\\\/\\\/www.gold.fr\\\/news\\\/2014\\\/10\\\/20\\\/lonce-dor-au-top-de-sa-forme-en-depit-de-loptimisme-us\\\/\"},\"author\":{\"name\":\"Comptoir National de l'Or\",\"@id\":\"https:\\\/\\\/www.gold.fr\\\/news\\\/#\\\/schema\\\/person\\\/070491b4b4fb7671bf59b3be20302ce9\"},\"headline\":\"L\u2019once d\u2019or au top de sa forme, en d\u00e9pit de l\u2019optimisme US\",\"datePublished\":\"2014-10-20T07:00:49+00:00\",\"dateModified\":\"2020-06-30T16:04:27+00:00\",\"mainEntityOfPage\":{\"@id\":\"https:\\\/\\\/www.gold.fr\\\/news\\\/2014\\\/10\\\/20\\\/lonce-dor-au-top-de-sa-forme-en-depit-de-loptimisme-us\\\/\"},\"wordCount\":293,\"image\":{\"@id\":\"https:\\\/\\\/www.gold.fr\\\/news\\\/2014\\\/10\\\/20\\\/lonce-dor-au-top-de-sa-forme-en-depit-de-loptimisme-us\\\/#primaryimage\"},\"thumbnailUrl\":\"https:\\\/\\\/www.gold.fr\\\/news\\\/wp-content\\\/uploads\\\/2012\\\/03\\\/Lingots-dor.jpg\",\"keywords\":[\"\u00e9conomie US\",\"once d'or\",\"Philly FED\"],\"articleSection\":[\"Articles de presse\"],\"inLanguage\":\"fr-FR\"},{\"@type\":\"WebPage\",\"@id\":\"https:\\\/\\\/www.gold.fr\\\/news\\\/2014\\\/10\\\/20\\\/lonce-dor-au-top-de-sa-forme-en-depit-de-loptimisme-us\\\/\",\"url\":\"https:\\\/\\\/www.gold.fr\\\/news\\\/2014\\\/10\\\/20\\\/lonce-dor-au-top-de-sa-forme-en-depit-de-loptimisme-us\\\/\",\"name\":\"L\u2019once d\u2019or au top de sa forme, en d\u00e9pit de l\u2019optimisme US - Gold.fr\",\"isPartOf\":{\"@id\":\"https:\\\/\\\/www.gold.fr\\\/news\\\/#website\"},\"primaryImageOfPage\":{\"@id\":\"https:\\\/\\\/www.gold.fr\\\/news\\\/2014\\\/10\\\/20\\\/lonce-dor-au-top-de-sa-forme-en-depit-de-loptimisme-us\\\/#primaryimage\"},\"image\":{\"@id\":\"https:\\\/\\\/www.gold.fr\\\/news\\\/2014\\\/10\\\/20\\\/lonce-dor-au-top-de-sa-forme-en-depit-de-loptimisme-us\\\/#primaryimage\"},\"thumbnailUrl\":\"https:\\\/\\\/www.gold.fr\\\/news\\\/wp-content\\\/uploads\\\/2012\\\/03\\\/Lingots-dor.jpg\",\"datePublished\":\"2014-10-20T07:00:49+00:00\",\"dateModified\":\"2020-06-30T16:04:27+00:00\",\"author\":{\"@id\":\"https:\\\/\\\/www.gold.fr\\\/news\\\/#\\\/schema\\\/person\\\/070491b4b4fb7671bf59b3be20302ce9\"},\"description\":\"L\u2019once d\u2019or au top de sa forme, en d\u00e9pit de l\u2019optimisme US, rebond haussier, baisse surprenante des inscriptions hebdomadaires au ch\u00f4mage\",\"breadcrumb\":{\"@id\":\"https:\\\/\\\/www.gold.fr\\\/news\\\/2014\\\/10\\\/20\\\/lonce-dor-au-top-de-sa-forme-en-depit-de-loptimisme-us\\\/#breadcrumb\"},\"inLanguage\":\"fr-FR\",\"potentialAction\":[{\"@type\":\"ReadAction\",\"target\":[\"https:\\\/\\\/www.gold.fr\\\/news\\\/2014\\\/10\\\/20\\\/lonce-dor-au-top-de-sa-forme-en-depit-de-loptimisme-us\\\/\"]}]},{\"@type\":\"ImageObject\",\"inLanguage\":\"fr-FR\",\"@id\":\"https:\\\/\\\/www.gold.fr\\\/news\\\/2014\\\/10\\\/20\\\/lonce-dor-au-top-de-sa-forme-en-depit-de-loptimisme-us\\\/#primaryimage\",\"url\":\"https:\\\/\\\/www.gold.fr\\\/news\\\/wp-content\\\/uploads\\\/2012\\\/03\\\/Lingots-dor.jpg\",\"contentUrl\":\"https:\\\/\\\/www.gold.fr\\\/news\\\/wp-content\\\/uploads\\\/2012\\\/03\\\/Lingots-dor.jpg\",\"width\":\"600\",\"height\":\"407\",\"caption\":\"L\u00e9ger recul de l'once d'or suite au rapport NFP\"},{\"@type\":\"BreadcrumbList\",\"@id\":\"https:\\\/\\\/www.gold.fr\\\/news\\\/2014\\\/10\\\/20\\\/lonce-dor-au-top-de-sa-forme-en-depit-de-loptimisme-us\\\/#breadcrumb\",\"itemListElement\":[{\"@type\":\"ListItem\",\"position\":1,\"name\":\"Accueil\",\"item\":\"https:\\\/\\\/www.gold.fr\\\/\"},{\"@type\":\"ListItem\",\"position\":2,\"name\":\"Actualit\u00e9s\",\"item\":\"https:\\\/\\\/www.gold.fr\\\/news\\\/\"},{\"@type\":\"ListItem\",\"position\":3,\"name\":\"L\u2019once d\u2019or au top de sa forme, en d\u00e9pit de l\u2019optimisme US\"}]},{\"@type\":\"WebSite\",\"@id\":\"https:\\\/\\\/www.gold.fr\\\/news\\\/#website\",\"url\":\"https:\\\/\\\/www.gold.fr\\\/news\\\/\",\"name\":\"Gold.fr\",\"description\":\"Actualit\u00e9s de l&#039;Or et des m\u00e9taux pr\u00e9cieux\",\"potentialAction\":[{\"@type\":\"SearchAction\",\"target\":{\"@type\":\"EntryPoint\",\"urlTemplate\":\"https:\\\/\\\/www.gold.fr\\\/news\\\/?s={search_term_string}\"},\"query-input\":{\"@type\":\"PropertyValueSpecification\",\"valueRequired\":true,\"valueName\":\"search_term_string\"}}],\"inLanguage\":\"fr-FR\"},{\"@type\":\"Person\",\"@id\":\"https:\\\/\\\/www.gold.fr\\\/news\\\/#\\\/schema\\\/person\\\/070491b4b4fb7671bf59b3be20302ce9\",\"name\":\"Comptoir National de l'Or\",\"image\":{\"@type\":\"ImageObject\",\"inLanguage\":\"fr-FR\",\"@id\":\"https:\\\/\\\/secure.gravatar.com\\\/avatar\\\/0a2867fd5abe37bed95d5a65e9d58f01756e11efc68af9888dfc50cfa7f65948?s=96&d=mm&r=gb490554db0a38188709de567aa58480d\",\"url\":\"https:\\\/\\\/secure.gravatar.com\\\/avatar\\\/0a2867fd5abe37bed95d5a65e9d58f01756e11efc68af9888dfc50cfa7f65948?s=96&d=mm&r=g\",\"contentUrl\":\"https:\\\/\\\/secure.gravatar.com\\\/avatar\\\/0a2867fd5abe37bed95d5a65e9d58f01756e11efc68af9888dfc50cfa7f65948?s=96&d=mm&r=g\",\"caption\":\"Comptoir National de l'Or\"},\"description\":\"Notre r\u00e9daction est constitu\u00e9e de membres experts dans les m\u00e9tiers de l'\u00e9conomie et la gestion, des Responsables d'agence Comptoir National de l'Or, des analystes financiers qui publient r\u00e9guli\u00e8rement des \u00e9tudes sur les politiques des banques centrales, le cours de l'or, prix de l'or, cours de l'argent, prix de l'argent, cours du platine, cours du palladium,... la situation en zone euro et l'impact de la strat\u00e9gie mon\u00e9taire de la FED. Notre \u00e9quipe scrute \u00e9galement une information plus g\u00e9n\u00e9raliste \u00e0 la recherche d'actualit\u00e9 \\\"p\u00e9pite\\\" \u00e0 vous partager. Depuis 5 ans, nous avons publi\u00e9 un peu plus de 4000 articles qui s'adressent \u00e0 un public large et vari\u00e9 ayant pour objectif de satisfaire votre curiosit\u00e9 et de partager avec vous une certaine fascination pour le m\u00e9tal jaune, le rachat d'or, et pour ceux qui veulent investir dans l'or, vendre leur or tout simplement en savoir plus... Pour tous vos achat or et argent, n'h\u00e9sitez pas \u00e0 prendre rendez-vous dans l'un de nos nombreux comptoirs.\",\"sameAs\":[\"https:\\\/\\\/www.gold.fr\"]}]}<\/script>\n<!-- \/ Yoast SEO plugin. -->","yoast_head_json":{"title":"L\u2019once d\u2019or au top de sa forme, en d\u00e9pit de l\u2019optimisme US - Gold.fr","description":"L\u2019once d\u2019or au top de sa forme, en d\u00e9pit de l\u2019optimisme US, rebond haussier, baisse surprenante des inscriptions hebdomadaires au ch\u00f4mage","robots":{"index":"index","follow":"follow","max-snippet":"max-snippet:-1","max-image-preview":"max-image-preview:large","max-video-preview":"max-video-preview:-1"},"canonical":"https:\/\/www.gold.fr\/news\/2014\/10\/20\/lonce-dor-au-top-de-sa-forme-en-depit-de-loptimisme-us\/","og_locale":"fr_FR","og_type":"article","og_title":"L\u2019once d\u2019or au top de sa forme, en d\u00e9pit de l\u2019optimisme US - Gold.fr","og_description":"L\u2019once d\u2019or au top de sa forme, en d\u00e9pit de l\u2019optimisme US, rebond haussier, baisse surprenante des inscriptions hebdomadaires au ch\u00f4mage","og_url":"https:\/\/www.gold.fr\/news\/2014\/10\/20\/lonce-dor-au-top-de-sa-forme-en-depit-de-loptimisme-us\/","og_site_name":"Gold.fr","article_publisher":"https:\/\/www.facebook.com\/Goldfr\/","article_published_time":"2014-10-20T07:00:49+00:00","article_modified_time":"2020-06-30T16:04:27+00:00","og_image":[{"width":600,"height":407,"url":"https:\/\/www.gold.fr\/news\/wp-content\/uploads\/2012\/03\/Lingots-dor.jpg","type":"image\/jpeg"}],"author":"Comptoir National de l'Or","twitter_card":"summary_large_image","twitter_misc":{"\u00c9crit par":"Comptoir National de l'Or","Dur\u00e9e de lecture estim\u00e9e":"1 minute"},"schema":{"@context":"https:\/\/schema.org","@graph":[{"@type":"Article","@id":"https:\/\/www.gold.fr\/news\/2014\/10\/20\/lonce-dor-au-top-de-sa-forme-en-depit-de-loptimisme-us\/#article","isPartOf":{"@id":"https:\/\/www.gold.fr\/news\/2014\/10\/20\/lonce-dor-au-top-de-sa-forme-en-depit-de-loptimisme-us\/"},"author":{"name":"Comptoir National de l'Or","@id":"https:\/\/www.gold.fr\/news\/#\/schema\/person\/070491b4b4fb7671bf59b3be20302ce9"},"headline":"L\u2019once d\u2019or au top de sa forme, en d\u00e9pit de l\u2019optimisme US","datePublished":"2014-10-20T07:00:49+00:00","dateModified":"2020-06-30T16:04:27+00:00","mainEntityOfPage":{"@id":"https:\/\/www.gold.fr\/news\/2014\/10\/20\/lonce-dor-au-top-de-sa-forme-en-depit-de-loptimisme-us\/"},"wordCount":293,"image":{"@id":"https:\/\/www.gold.fr\/news\/2014\/10\/20\/lonce-dor-au-top-de-sa-forme-en-depit-de-loptimisme-us\/#primaryimage"},"thumbnailUrl":"https:\/\/www.gold.fr\/news\/wp-content\/uploads\/2012\/03\/Lingots-dor.jpg","keywords":["\u00e9conomie US","once d'or","Philly FED"],"articleSection":["Articles de presse"],"inLanguage":"fr-FR"},{"@type":"WebPage","@id":"https:\/\/www.gold.fr\/news\/2014\/10\/20\/lonce-dor-au-top-de-sa-forme-en-depit-de-loptimisme-us\/","url":"https:\/\/www.gold.fr\/news\/2014\/10\/20\/lonce-dor-au-top-de-sa-forme-en-depit-de-loptimisme-us\/","name":"L\u2019once d\u2019or au top de sa forme, en d\u00e9pit de l\u2019optimisme US - Gold.fr","isPartOf":{"@id":"https:\/\/www.gold.fr\/news\/#website"},"primaryImageOfPage":{"@id":"https:\/\/www.gold.fr\/news\/2014\/10\/20\/lonce-dor-au-top-de-sa-forme-en-depit-de-loptimisme-us\/#primaryimage"},"image":{"@id":"https:\/\/www.gold.fr\/news\/2014\/10\/20\/lonce-dor-au-top-de-sa-forme-en-depit-de-loptimisme-us\/#primaryimage"},"thumbnailUrl":"https:\/\/www.gold.fr\/news\/wp-content\/uploads\/2012\/03\/Lingots-dor.jpg","datePublished":"2014-10-20T07:00:49+00:00","dateModified":"2020-06-30T16:04:27+00:00","author":{"@id":"https:\/\/www.gold.fr\/news\/#\/schema\/person\/070491b4b4fb7671bf59b3be20302ce9"},"description":"L\u2019once d\u2019or au top de sa forme, en d\u00e9pit de l\u2019optimisme US, rebond haussier, baisse surprenante des inscriptions hebdomadaires au ch\u00f4mage","breadcrumb":{"@id":"https:\/\/www.gold.fr\/news\/2014\/10\/20\/lonce-dor-au-top-de-sa-forme-en-depit-de-loptimisme-us\/#breadcrumb"},"inLanguage":"fr-FR","potentialAction":[{"@type":"ReadAction","target":["https:\/\/www.gold.fr\/news\/2014\/10\/20\/lonce-dor-au-top-de-sa-forme-en-depit-de-loptimisme-us\/"]}]},{"@type":"ImageObject","inLanguage":"fr-FR","@id":"https:\/\/www.gold.fr\/news\/2014\/10\/20\/lonce-dor-au-top-de-sa-forme-en-depit-de-loptimisme-us\/#primaryimage","url":"https:\/\/www.gold.fr\/news\/wp-content\/uploads\/2012\/03\/Lingots-dor.jpg","contentUrl":"https:\/\/www.gold.fr\/news\/wp-content\/uploads\/2012\/03\/Lingots-dor.jpg","width":"600","height":"407","caption":"L\u00e9ger recul de l'once d'or suite au rapport NFP"},{"@type":"BreadcrumbList","@id":"https:\/\/www.gold.fr\/news\/2014\/10\/20\/lonce-dor-au-top-de-sa-forme-en-depit-de-loptimisme-us\/#breadcrumb","itemListElement":[{"@type":"ListItem","position":1,"name":"Accueil","item":"https:\/\/www.gold.fr\/"},{"@type":"ListItem","position":2,"name":"Actualit\u00e9s","item":"https:\/\/www.gold.fr\/news\/"},{"@type":"ListItem","position":3,"name":"L\u2019once d\u2019or au top de sa forme, en d\u00e9pit de l\u2019optimisme US"}]},{"@type":"WebSite","@id":"https:\/\/www.gold.fr\/news\/#website","url":"https:\/\/www.gold.fr\/news\/","name":"Gold.fr","description":"Actualit\u00e9s de l&#039;Or et des m\u00e9taux pr\u00e9cieux","potentialAction":[{"@type":"SearchAction","target":{"@type":"EntryPoint","urlTemplate":"https:\/\/www.gold.fr\/news\/?s={search_term_string}"},"query-input":{"@type":"PropertyValueSpecification","valueRequired":true,"valueName":"search_term_string"}}],"inLanguage":"fr-FR"},{"@type":"Person","@id":"https:\/\/www.gold.fr\/news\/#\/schema\/person\/070491b4b4fb7671bf59b3be20302ce9","name":"Comptoir National de l'Or","image":{"@type":"ImageObject","inLanguage":"fr-FR","@id":"https:\/\/secure.gravatar.com\/avatar\/0a2867fd5abe37bed95d5a65e9d58f01756e11efc68af9888dfc50cfa7f65948?s=96&d=mm&r=gb490554db0a38188709de567aa58480d","url":"https:\/\/secure.gravatar.com\/avatar\/0a2867fd5abe37bed95d5a65e9d58f01756e11efc68af9888dfc50cfa7f65948?s=96&d=mm&r=g","contentUrl":"https:\/\/secure.gravatar.com\/avatar\/0a2867fd5abe37bed95d5a65e9d58f01756e11efc68af9888dfc50cfa7f65948?s=96&d=mm&r=g","caption":"Comptoir National de l'Or"},"description":"Notre r\u00e9daction est constitu\u00e9e de membres experts dans les m\u00e9tiers de l'\u00e9conomie et la gestion, des Responsables d'agence Comptoir National de l'Or, des analystes financiers qui publient r\u00e9guli\u00e8rement des \u00e9tudes sur les politiques des banques centrales, le cours de l'or, prix de l'or, cours de l'argent, prix de l'argent, cours du platine, cours du palladium,... la situation en zone euro et l'impact de la strat\u00e9gie mon\u00e9taire de la FED. Notre \u00e9quipe scrute \u00e9galement une information plus g\u00e9n\u00e9raliste \u00e0 la recherche d'actualit\u00e9 \"p\u00e9pite\" \u00e0 vous partager. Depuis 5 ans, nous avons publi\u00e9 un peu plus de 4000 articles qui s'adressent \u00e0 un public large et vari\u00e9 ayant pour objectif de satisfaire votre curiosit\u00e9 et de partager avec vous une certaine fascination pour le m\u00e9tal jaune, le rachat d'or, et pour ceux qui veulent investir dans l'or, vendre leur or tout simplement en savoir plus... Pour tous vos achat or et argent, n'h\u00e9sitez pas \u00e0 prendre rendez-vous dans l'un de nos nombreux comptoirs.","sameAs":["https:\/\/www.gold.fr"]}]}},"authors":[{"term_id":2565,"user_id":18,"is_guest":0,"slug":"julie","display_name":"Comptoir National de l'Or","avatar_url":"https:\/\/secure.gravatar.com\/avatar\/713f289e398d35ead876c4a4cc08607f0d6d266058cfc25683fffb6092d0e572?s=96&d=mm&r=g","0":null,"1":"","2":"","3":"","4":"","5":"","6":"","7":"","8":""}],"_links":{"self":[{"href":"https:\/\/www.gold.fr\/news\/wp-json\/wp\/v2\/posts\/15841","targetHints":{"allow":["GET"]}}],"collection":[{"href":"https:\/\/www.gold.fr\/news\/wp-json\/wp\/v2\/posts"}],"about":[{"href":"https:\/\/www.gold.fr\/news\/wp-json\/wp\/v2\/types\/post"}],"author":[{"embeddable":true,"href":"https:\/\/www.gold.fr\/news\/wp-json\/wp\/v2\/users\/18"}],"replies":[{"embeddable":true,"href":"https:\/\/www.gold.fr\/news\/wp-json\/wp\/v2\/comments?post=15841"}],"version-history":[{"count":0,"href":"https:\/\/www.gold.fr\/news\/wp-json\/wp\/v2\/posts\/15841\/revisions"}],"wp:featuredmedia":[{"embeddable":true,"href":"https:\/\/www.gold.fr\/news\/wp-json\/wp\/v2\/media\/6581"}],"wp:attachment":[{"href":"https:\/\/www.gold.fr\/news\/wp-json\/wp\/v2\/media?parent=15841"}],"wp:term":[{"taxonomy":"category","embeddable":true,"href":"https:\/\/www.gold.fr\/news\/wp-json\/wp\/v2\/categories?post=15841"},{"taxonomy":"post_tag","embeddable":true,"href":"https:\/\/www.gold.fr\/news\/wp-json\/wp\/v2\/tags?post=15841"},{"taxonomy":"author","embeddable":true,"href":"https:\/\/www.gold.fr\/news\/wp-json\/wp\/v2\/ppma_author?post=15841"}],"curies":[{"name":"wp","href":"https:\/\/api.w.org\/{rel}","templated":true}]}}