{"id":15806,"date":"2014-10-14T17:00:06","date_gmt":"2014-10-14T15:00:06","guid":{"rendered":"https:\/\/www.gold.fr\/news\/?p=15806"},"modified":"2017-11-02T11:31:04","modified_gmt":"2017-11-02T10:31:04","slug":"evolution-des-marches-en-montagnes-russes","status":"publish","type":"post","link":"https:\/\/www.gold.fr\/news\/2014\/10\/14\/evolution-des-marches-en-montagnes-russes\/","title":{"rendered":"Evolution des march\u00e9s en montagnes russes"},"content":{"rendered":"<p><img loading=\"lazy\" decoding=\"async\" class=\"alignleft size-thumbnail wp-image-13811\" title=\"Evolution des march\u00e9s en montagnes russes\" src=\"https:\/\/www.gold.fr\/news\/wp-content\/uploads\/2014\/02\/Ru\u00e9e-vers-lor-150x150.jpg\" alt=\"\" width=\"150\" height=\"150\" \/><span style=\"font-size: small;\">Les march\u00e9s europ\u00e9ens avaient enregistr\u00e9 une belle performance, durant la s\u00e9ance boursi\u00e8re de lundi, permettant m\u00eame \u00e0 la monnaie unique d\u2019accumuler suffisamment de gains pour d\u00e9valer une parcelle consid\u00e9rable de terrain dans sa course contre ses principaux concurrents et, notamment, le dollar. Cette br\u00e8ve phase de gr\u00e2ce est d\u00e9j\u00e0 termin\u00e9e, et les march\u00e9s d\u2019investissement europ\u00e9ens reprennent le chemin de la baisse, dans le sillage de leurs homologues am\u00e9ricains, sur fond de s\u00e9rieuses inqui\u00e9tudes relatives au d\u00e9but d\u2019une crise \u00e9conomique majeure au sein du bloc des 18.<\/span>    <span style=\"font-size: small;\"> Cette vague de baisse, du c\u00f4t\u00e9 europ\u00e9en de l\u2019Atlantique, est actuellement accompagn\u00e9e par une tendance confirm\u00e9e de \u2018<em>sell-off<\/em>\u2019, de son c\u00f4t\u00e9 am\u00e9ricain, qui est relativement aggrav\u00e9e par la l\u00e9thargie quasi-totale qui plane sur <strong>Wall Street<\/strong> et les principales places boursi\u00e8res US. Rappelons en effet que le calendrier \u00e9conomique de la semaine demeurera particuli\u00e8rement vide jusqu\u2019aux deux derni\u00e8res s\u00e9ances. Du coup, le <strong>Dow Jones<\/strong> a encore perdu, durant la s\u00e9ance de mardi, <strong>-1,3%<\/strong>, accumulant ainsi des pertes de l\u2019ordre de <strong>-4%<\/strong> sur les trois derni\u00e8res s\u00e9ances, \u00ab\u00a0<em>du jamais vu depuis novembre 2011\u00a0<\/em>\u00bb.<\/span>    <span style=\"font-size: small;\"> Les experts estiment toutefois que ce repli consid\u00e9rable et cette tendance maussade sont relativement disproportionnels. C\u2019est par exemple l\u2019avis de <strong>Stan Shamu<\/strong>, analyste march\u00e9s chez <strong>IG<\/strong>, qui souligne que \u00ab<em>\u00a0les investisseurs ne sont pas tout \u00e0 fait s\u00fbrs que la quantit\u00e9 de mauvaises nouvelles du jour m\u00e9ritait une telle correction. Les pertes sont en effet attribu\u00e9es \u00e0 la chute d&rsquo;une compagnie a\u00e9rienne avec une alerte \u00e0 l&rsquo;<strong>Ebola<\/strong> et au d\u00e9crochage du baril de brut, un facteur n\u00e9gatif pour les valeurs p\u00e9troli\u00e8res\u00a0<\/em>\u00bb.<\/span><\/p>\n<!-- AddThis Advanced Settings generic via filter on the_content --><!-- AddThis Share Buttons generic via filter on the_content -->","protected":false},"excerpt":{"rendered":"<p>Les march\u00e9s europ\u00e9ens avaient enregistr\u00e9 une belle performance, durant la s\u00e9ance boursi\u00e8re de lundi, permettant m\u00eame \u00e0 la monnaie unique d\u2019accumuler suffisamment de gains pour d\u00e9valer une parcelle consid\u00e9rable de terrain dans sa course contre ses [&hellip;]<\/p>\n","protected":false},"author":18,"featured_media":13811,"comment_status":"open","ping_status":"open","sticky":false,"template":"","format":"standard","meta":{"_mbp_gutenberg_autopost":false,"_pgmb_is_evergreen":false,"_pgmb_ap_template_id":0,"footnotes":""},"categories":[6],"tags":[130,1774,1649,534],"ppma_author":[2565],"class_list":["post-15806","post","type-post","status-publish","format-standard","has-post-thumbnail","hentry","category-articles-de-presse","tag-crise-economique","tag-dow-jones","tag-marches","tag-wall-street"],"yoast_head":"<!-- This site is optimized with the Yoast SEO plugin v27.5 - https:\/\/yoast.com\/product\/yoast-seo-wordpress\/ -->\n<title>Evolution des march\u00e9s en montagnes russes - Gold.fr<\/title>\n<meta name=\"robots\" content=\"index, follow, max-snippet:-1, max-image-preview:large, max-video-preview:-1\" \/>\n<link rel=\"canonical\" href=\"https:\/\/www.gold.fr\/news\/2014\/10\/14\/evolution-des-marches-en-montagnes-russes\/\" \/>\n<meta property=\"og:locale\" content=\"fr_FR\" \/>\n<meta property=\"og:type\" content=\"article\" \/>\n<meta property=\"og:title\" content=\"Evolution des march\u00e9s en montagnes russes - Gold.fr\" \/>\n<meta property=\"og:description\" content=\"Les march\u00e9s europ\u00e9ens avaient enregistr\u00e9 une belle performance, durant la s\u00e9ance boursi\u00e8re de lundi, permettant m\u00eame \u00e0 la monnaie unique d\u2019accumuler suffisamment de gains pour d\u00e9valer une parcelle consid\u00e9rable de terrain dans sa course contre ses [&hellip;]\" \/>\n<meta property=\"og:url\" content=\"https:\/\/www.gold.fr\/news\/2014\/10\/14\/evolution-des-marches-en-montagnes-russes\/\" \/>\n<meta property=\"og:site_name\" content=\"Gold.fr\" \/>\n<meta property=\"article:publisher\" content=\"https:\/\/www.facebook.com\/Goldfr\/\" \/>\n<meta property=\"article:published_time\" content=\"2014-10-14T15:00:06+00:00\" \/>\n<meta property=\"article:modified_time\" content=\"2017-11-02T10:31:04+00:00\" \/>\n<meta property=\"og:image\" content=\"https:\/\/www.gold.fr\/news\/wp-content\/uploads\/2014\/02\/Ru\u00e9e-vers-lor.jpg\" \/>\n\t<meta property=\"og:image:width\" content=\"640\" \/>\n\t<meta property=\"og:image:height\" content=\"427\" \/>\n\t<meta property=\"og:image:type\" content=\"image\/jpeg\" \/>\n<meta name=\"author\" content=\"Comptoir National de l&#039;Or\" \/>\n<meta name=\"twitter:card\" content=\"summary_large_image\" \/>\n<meta name=\"twitter:label1\" content=\"\u00c9crit par\" \/>\n\t<meta name=\"twitter:data1\" content=\"Comptoir National de l&#039;Or\" \/>\n\t<meta name=\"twitter:label2\" content=\"Dur\u00e9e de lecture estim\u00e9e\" \/>\n\t<meta name=\"twitter:data2\" content=\"2 minutes\" \/>\n<script type=\"application\/ld+json\" class=\"yoast-schema-graph\">{\"@context\":\"https:\\\/\\\/schema.org\",\"@graph\":[{\"@type\":\"Article\",\"@id\":\"https:\\\/\\\/www.gold.fr\\\/news\\\/2014\\\/10\\\/14\\\/evolution-des-marches-en-montagnes-russes\\\/#article\",\"isPartOf\":{\"@id\":\"https:\\\/\\\/www.gold.fr\\\/news\\\/2014\\\/10\\\/14\\\/evolution-des-marches-en-montagnes-russes\\\/\"},\"author\":{\"name\":\"Comptoir National de l'Or\",\"@id\":\"https:\\\/\\\/www.gold.fr\\\/news\\\/#\\\/schema\\\/person\\\/070491b4b4fb7671bf59b3be20302ce9\"},\"headline\":\"Evolution des march\u00e9s en montagnes russes\",\"datePublished\":\"2014-10-14T15:00:06+00:00\",\"dateModified\":\"2017-11-02T10:31:04+00:00\",\"mainEntityOfPage\":{\"@id\":\"https:\\\/\\\/www.gold.fr\\\/news\\\/2014\\\/10\\\/14\\\/evolution-des-marches-en-montagnes-russes\\\/\"},\"wordCount\":311,\"commentCount\":0,\"image\":{\"@id\":\"https:\\\/\\\/www.gold.fr\\\/news\\\/2014\\\/10\\\/14\\\/evolution-des-marches-en-montagnes-russes\\\/#primaryimage\"},\"thumbnailUrl\":\"https:\\\/\\\/www.gold.fr\\\/news\\\/wp-content\\\/uploads\\\/2014\\\/02\\\/Ru\u00e9e-vers-lor.jpg\",\"keywords\":[\"crise \u00e9conomique\",\"Dow Jones\",\"march\u00e9s\",\"wall street\"],\"articleSection\":[\"Articles de presse\"],\"inLanguage\":\"fr-FR\"},{\"@type\":\"WebPage\",\"@id\":\"https:\\\/\\\/www.gold.fr\\\/news\\\/2014\\\/10\\\/14\\\/evolution-des-marches-en-montagnes-russes\\\/\",\"url\":\"https:\\\/\\\/www.gold.fr\\\/news\\\/2014\\\/10\\\/14\\\/evolution-des-marches-en-montagnes-russes\\\/\",\"name\":\"Evolution des march\u00e9s en montagnes russes - Gold.fr\",\"isPartOf\":{\"@id\":\"https:\\\/\\\/www.gold.fr\\\/news\\\/#website\"},\"primaryImageOfPage\":{\"@id\":\"https:\\\/\\\/www.gold.fr\\\/news\\\/2014\\\/10\\\/14\\\/evolution-des-marches-en-montagnes-russes\\\/#primaryimage\"},\"image\":{\"@id\":\"https:\\\/\\\/www.gold.fr\\\/news\\\/2014\\\/10\\\/14\\\/evolution-des-marches-en-montagnes-russes\\\/#primaryimage\"},\"thumbnailUrl\":\"https:\\\/\\\/www.gold.fr\\\/news\\\/wp-content\\\/uploads\\\/2014\\\/02\\\/Ru\u00e9e-vers-lor.jpg\",\"datePublished\":\"2014-10-14T15:00:06+00:00\",\"dateModified\":\"2017-11-02T10:31:04+00:00\",\"author\":{\"@id\":\"https:\\\/\\\/www.gold.fr\\\/news\\\/#\\\/schema\\\/person\\\/070491b4b4fb7671bf59b3be20302ce9\"},\"breadcrumb\":{\"@id\":\"https:\\\/\\\/www.gold.fr\\\/news\\\/2014\\\/10\\\/14\\\/evolution-des-marches-en-montagnes-russes\\\/#breadcrumb\"},\"inLanguage\":\"fr-FR\",\"potentialAction\":[{\"@type\":\"ReadAction\",\"target\":[\"https:\\\/\\\/www.gold.fr\\\/news\\\/2014\\\/10\\\/14\\\/evolution-des-marches-en-montagnes-russes\\\/\"]}]},{\"@type\":\"ImageObject\",\"inLanguage\":\"fr-FR\",\"@id\":\"https:\\\/\\\/www.gold.fr\\\/news\\\/2014\\\/10\\\/14\\\/evolution-des-marches-en-montagnes-russes\\\/#primaryimage\",\"url\":\"https:\\\/\\\/www.gold.fr\\\/news\\\/wp-content\\\/uploads\\\/2014\\\/02\\\/Ru\u00e9e-vers-lor.jpg\",\"contentUrl\":\"https:\\\/\\\/www.gold.fr\\\/news\\\/wp-content\\\/uploads\\\/2014\\\/02\\\/Ru\u00e9e-vers-lor.jpg\",\"width\":\"640\",\"height\":\"427\",\"caption\":\"Scandale VOLKSWAGEN : Des soubresauts successifs\"},{\"@type\":\"BreadcrumbList\",\"@id\":\"https:\\\/\\\/www.gold.fr\\\/news\\\/2014\\\/10\\\/14\\\/evolution-des-marches-en-montagnes-russes\\\/#breadcrumb\",\"itemListElement\":[{\"@type\":\"ListItem\",\"position\":1,\"name\":\"Accueil\",\"item\":\"https:\\\/\\\/www.gold.fr\\\/\"},{\"@type\":\"ListItem\",\"position\":2,\"name\":\"Actualit\u00e9s\",\"item\":\"https:\\\/\\\/www.gold.fr\\\/news\\\/\"},{\"@type\":\"ListItem\",\"position\":3,\"name\":\"Evolution des march\u00e9s en montagnes russes\"}]},{\"@type\":\"WebSite\",\"@id\":\"https:\\\/\\\/www.gold.fr\\\/news\\\/#website\",\"url\":\"https:\\\/\\\/www.gold.fr\\\/news\\\/\",\"name\":\"Gold.fr\",\"description\":\"Actualit\u00e9s de l&#039;Or et des m\u00e9taux pr\u00e9cieux\",\"potentialAction\":[{\"@type\":\"SearchAction\",\"target\":{\"@type\":\"EntryPoint\",\"urlTemplate\":\"https:\\\/\\\/www.gold.fr\\\/news\\\/?s={search_term_string}\"},\"query-input\":{\"@type\":\"PropertyValueSpecification\",\"valueRequired\":true,\"valueName\":\"search_term_string\"}}],\"inLanguage\":\"fr-FR\"},{\"@type\":\"Person\",\"@id\":\"https:\\\/\\\/www.gold.fr\\\/news\\\/#\\\/schema\\\/person\\\/070491b4b4fb7671bf59b3be20302ce9\",\"name\":\"Comptoir National de l'Or\",\"image\":{\"@type\":\"ImageObject\",\"inLanguage\":\"fr-FR\",\"@id\":\"https:\\\/\\\/secure.gravatar.com\\\/avatar\\\/0a2867fd5abe37bed95d5a65e9d58f01756e11efc68af9888dfc50cfa7f65948?s=96&d=mm&r=gb490554db0a38188709de567aa58480d\",\"url\":\"https:\\\/\\\/secure.gravatar.com\\\/avatar\\\/0a2867fd5abe37bed95d5a65e9d58f01756e11efc68af9888dfc50cfa7f65948?s=96&d=mm&r=g\",\"contentUrl\":\"https:\\\/\\\/secure.gravatar.com\\\/avatar\\\/0a2867fd5abe37bed95d5a65e9d58f01756e11efc68af9888dfc50cfa7f65948?s=96&d=mm&r=g\",\"caption\":\"Comptoir National de l'Or\"},\"description\":\"Notre r\u00e9daction est constitu\u00e9e de membres experts dans les m\u00e9tiers de l'\u00e9conomie et la gestion, des Responsables d'agence Comptoir National de l'Or, des analystes financiers qui publient r\u00e9guli\u00e8rement des \u00e9tudes sur les politiques des banques centrales, le cours de l'or, prix de l'or, cours de l'argent, prix de l'argent, cours du platine, cours du palladium,... la situation en zone euro et l'impact de la strat\u00e9gie mon\u00e9taire de la FED. Notre \u00e9quipe scrute \u00e9galement une information plus g\u00e9n\u00e9raliste \u00e0 la recherche d'actualit\u00e9 \\\"p\u00e9pite\\\" \u00e0 vous partager. Depuis 5 ans, nous avons publi\u00e9 un peu plus de 4000 articles qui s'adressent \u00e0 un public large et vari\u00e9 ayant pour objectif de satisfaire votre curiosit\u00e9 et de partager avec vous une certaine fascination pour le m\u00e9tal jaune, le rachat d'or, et pour ceux qui veulent investir dans l'or, vendre leur or tout simplement en savoir plus... Pour tous vos achat or et argent, n'h\u00e9sitez pas \u00e0 prendre rendez-vous dans l'un de nos nombreux comptoirs.\",\"sameAs\":[\"https:\\\/\\\/www.gold.fr\"]}]}<\/script>\n<!-- \/ Yoast SEO plugin. -->","yoast_head_json":{"title":"Evolution des march\u00e9s en montagnes russes - Gold.fr","robots":{"index":"index","follow":"follow","max-snippet":"max-snippet:-1","max-image-preview":"max-image-preview:large","max-video-preview":"max-video-preview:-1"},"canonical":"https:\/\/www.gold.fr\/news\/2014\/10\/14\/evolution-des-marches-en-montagnes-russes\/","og_locale":"fr_FR","og_type":"article","og_title":"Evolution des march\u00e9s en montagnes russes - Gold.fr","og_description":"Les march\u00e9s europ\u00e9ens avaient enregistr\u00e9 une belle performance, durant la s\u00e9ance boursi\u00e8re de lundi, permettant m\u00eame \u00e0 la monnaie unique d\u2019accumuler suffisamment de gains pour d\u00e9valer une parcelle consid\u00e9rable de terrain dans sa course contre ses [&hellip;]","og_url":"https:\/\/www.gold.fr\/news\/2014\/10\/14\/evolution-des-marches-en-montagnes-russes\/","og_site_name":"Gold.fr","article_publisher":"https:\/\/www.facebook.com\/Goldfr\/","article_published_time":"2014-10-14T15:00:06+00:00","article_modified_time":"2017-11-02T10:31:04+00:00","og_image":[{"width":640,"height":427,"url":"https:\/\/www.gold.fr\/news\/wp-content\/uploads\/2014\/02\/Ru\u00e9e-vers-lor.jpg","type":"image\/jpeg"}],"author":"Comptoir National de l'Or","twitter_card":"summary_large_image","twitter_misc":{"\u00c9crit par":"Comptoir National de l'Or","Dur\u00e9e de lecture estim\u00e9e":"2 minutes"},"schema":{"@context":"https:\/\/schema.org","@graph":[{"@type":"Article","@id":"https:\/\/www.gold.fr\/news\/2014\/10\/14\/evolution-des-marches-en-montagnes-russes\/#article","isPartOf":{"@id":"https:\/\/www.gold.fr\/news\/2014\/10\/14\/evolution-des-marches-en-montagnes-russes\/"},"author":{"name":"Comptoir National de l'Or","@id":"https:\/\/www.gold.fr\/news\/#\/schema\/person\/070491b4b4fb7671bf59b3be20302ce9"},"headline":"Evolution des march\u00e9s en montagnes russes","datePublished":"2014-10-14T15:00:06+00:00","dateModified":"2017-11-02T10:31:04+00:00","mainEntityOfPage":{"@id":"https:\/\/www.gold.fr\/news\/2014\/10\/14\/evolution-des-marches-en-montagnes-russes\/"},"wordCount":311,"commentCount":0,"image":{"@id":"https:\/\/www.gold.fr\/news\/2014\/10\/14\/evolution-des-marches-en-montagnes-russes\/#primaryimage"},"thumbnailUrl":"https:\/\/www.gold.fr\/news\/wp-content\/uploads\/2014\/02\/Ru\u00e9e-vers-lor.jpg","keywords":["crise \u00e9conomique","Dow Jones","march\u00e9s","wall street"],"articleSection":["Articles de presse"],"inLanguage":"fr-FR"},{"@type":"WebPage","@id":"https:\/\/www.gold.fr\/news\/2014\/10\/14\/evolution-des-marches-en-montagnes-russes\/","url":"https:\/\/www.gold.fr\/news\/2014\/10\/14\/evolution-des-marches-en-montagnes-russes\/","name":"Evolution des march\u00e9s en montagnes russes - Gold.fr","isPartOf":{"@id":"https:\/\/www.gold.fr\/news\/#website"},"primaryImageOfPage":{"@id":"https:\/\/www.gold.fr\/news\/2014\/10\/14\/evolution-des-marches-en-montagnes-russes\/#primaryimage"},"image":{"@id":"https:\/\/www.gold.fr\/news\/2014\/10\/14\/evolution-des-marches-en-montagnes-russes\/#primaryimage"},"thumbnailUrl":"https:\/\/www.gold.fr\/news\/wp-content\/uploads\/2014\/02\/Ru\u00e9e-vers-lor.jpg","datePublished":"2014-10-14T15:00:06+00:00","dateModified":"2017-11-02T10:31:04+00:00","author":{"@id":"https:\/\/www.gold.fr\/news\/#\/schema\/person\/070491b4b4fb7671bf59b3be20302ce9"},"breadcrumb":{"@id":"https:\/\/www.gold.fr\/news\/2014\/10\/14\/evolution-des-marches-en-montagnes-russes\/#breadcrumb"},"inLanguage":"fr-FR","potentialAction":[{"@type":"ReadAction","target":["https:\/\/www.gold.fr\/news\/2014\/10\/14\/evolution-des-marches-en-montagnes-russes\/"]}]},{"@type":"ImageObject","inLanguage":"fr-FR","@id":"https:\/\/www.gold.fr\/news\/2014\/10\/14\/evolution-des-marches-en-montagnes-russes\/#primaryimage","url":"https:\/\/www.gold.fr\/news\/wp-content\/uploads\/2014\/02\/Ru\u00e9e-vers-lor.jpg","contentUrl":"https:\/\/www.gold.fr\/news\/wp-content\/uploads\/2014\/02\/Ru\u00e9e-vers-lor.jpg","width":"640","height":"427","caption":"Scandale VOLKSWAGEN : Des soubresauts successifs"},{"@type":"BreadcrumbList","@id":"https:\/\/www.gold.fr\/news\/2014\/10\/14\/evolution-des-marches-en-montagnes-russes\/#breadcrumb","itemListElement":[{"@type":"ListItem","position":1,"name":"Accueil","item":"https:\/\/www.gold.fr\/"},{"@type":"ListItem","position":2,"name":"Actualit\u00e9s","item":"https:\/\/www.gold.fr\/news\/"},{"@type":"ListItem","position":3,"name":"Evolution des march\u00e9s en montagnes russes"}]},{"@type":"WebSite","@id":"https:\/\/www.gold.fr\/news\/#website","url":"https:\/\/www.gold.fr\/news\/","name":"Gold.fr","description":"Actualit\u00e9s de l&#039;Or et des m\u00e9taux pr\u00e9cieux","potentialAction":[{"@type":"SearchAction","target":{"@type":"EntryPoint","urlTemplate":"https:\/\/www.gold.fr\/news\/?s={search_term_string}"},"query-input":{"@type":"PropertyValueSpecification","valueRequired":true,"valueName":"search_term_string"}}],"inLanguage":"fr-FR"},{"@type":"Person","@id":"https:\/\/www.gold.fr\/news\/#\/schema\/person\/070491b4b4fb7671bf59b3be20302ce9","name":"Comptoir National de l'Or","image":{"@type":"ImageObject","inLanguage":"fr-FR","@id":"https:\/\/secure.gravatar.com\/avatar\/0a2867fd5abe37bed95d5a65e9d58f01756e11efc68af9888dfc50cfa7f65948?s=96&d=mm&r=gb490554db0a38188709de567aa58480d","url":"https:\/\/secure.gravatar.com\/avatar\/0a2867fd5abe37bed95d5a65e9d58f01756e11efc68af9888dfc50cfa7f65948?s=96&d=mm&r=g","contentUrl":"https:\/\/secure.gravatar.com\/avatar\/0a2867fd5abe37bed95d5a65e9d58f01756e11efc68af9888dfc50cfa7f65948?s=96&d=mm&r=g","caption":"Comptoir National de l'Or"},"description":"Notre r\u00e9daction est constitu\u00e9e de membres experts dans les m\u00e9tiers de l'\u00e9conomie et la gestion, des Responsables d'agence Comptoir National de l'Or, des analystes financiers qui publient r\u00e9guli\u00e8rement des \u00e9tudes sur les politiques des banques centrales, le cours de l'or, prix de l'or, cours de l'argent, prix de l'argent, cours du platine, cours du palladium,... la situation en zone euro et l'impact de la strat\u00e9gie mon\u00e9taire de la FED. Notre \u00e9quipe scrute \u00e9galement une information plus g\u00e9n\u00e9raliste \u00e0 la recherche d'actualit\u00e9 \"p\u00e9pite\" \u00e0 vous partager. Depuis 5 ans, nous avons publi\u00e9 un peu plus de 4000 articles qui s'adressent \u00e0 un public large et vari\u00e9 ayant pour objectif de satisfaire votre curiosit\u00e9 et de partager avec vous une certaine fascination pour le m\u00e9tal jaune, le rachat d'or, et pour ceux qui veulent investir dans l'or, vendre leur or tout simplement en savoir plus... Pour tous vos achat or et argent, n'h\u00e9sitez pas \u00e0 prendre rendez-vous dans l'un de nos nombreux comptoirs.","sameAs":["https:\/\/www.gold.fr"]}]}},"authors":[{"term_id":2565,"user_id":18,"is_guest":0,"slug":"julie","display_name":"Comptoir National de l'Or","avatar_url":"https:\/\/secure.gravatar.com\/avatar\/713f289e398d35ead876c4a4cc08607f0d6d266058cfc25683fffb6092d0e572?s=96&d=mm&r=g","0":null,"1":"","2":"","3":"","4":"","5":"","6":"","7":"","8":""}],"_links":{"self":[{"href":"https:\/\/www.gold.fr\/news\/wp-json\/wp\/v2\/posts\/15806","targetHints":{"allow":["GET"]}}],"collection":[{"href":"https:\/\/www.gold.fr\/news\/wp-json\/wp\/v2\/posts"}],"about":[{"href":"https:\/\/www.gold.fr\/news\/wp-json\/wp\/v2\/types\/post"}],"author":[{"embeddable":true,"href":"https:\/\/www.gold.fr\/news\/wp-json\/wp\/v2\/users\/18"}],"replies":[{"embeddable":true,"href":"https:\/\/www.gold.fr\/news\/wp-json\/wp\/v2\/comments?post=15806"}],"version-history":[{"count":0,"href":"https:\/\/www.gold.fr\/news\/wp-json\/wp\/v2\/posts\/15806\/revisions"}],"wp:featuredmedia":[{"embeddable":true,"href":"https:\/\/www.gold.fr\/news\/wp-json\/wp\/v2\/media\/13811"}],"wp:attachment":[{"href":"https:\/\/www.gold.fr\/news\/wp-json\/wp\/v2\/media?parent=15806"}],"wp:term":[{"taxonomy":"category","embeddable":true,"href":"https:\/\/www.gold.fr\/news\/wp-json\/wp\/v2\/categories?post=15806"},{"taxonomy":"post_tag","embeddable":true,"href":"https:\/\/www.gold.fr\/news\/wp-json\/wp\/v2\/tags?post=15806"},{"taxonomy":"author","embeddable":true,"href":"https:\/\/www.gold.fr\/news\/wp-json\/wp\/v2\/ppma_author?post=15806"}],"curies":[{"name":"wp","href":"https:\/\/api.w.org\/{rel}","templated":true}]}}