{"id":15741,"date":"2014-10-07T09:00:27","date_gmt":"2014-10-07T07:00:27","guid":{"rendered":"https:\/\/www.gold.fr\/news\/?p=15741"},"modified":"2017-11-02T11:41:17","modified_gmt":"2017-11-02T10:41:17","slug":"lor-brise-un-plancher-quasi-annuel","status":"publish","type":"post","link":"https:\/\/www.gold.fr\/news\/2014\/10\/07\/lor-brise-un-plancher-quasi-annuel\/","title":{"rendered":"L\u2019or brise un plancher quasi-annuel"},"content":{"rendered":"<p><img loading=\"lazy\" decoding=\"async\" class=\"alignleft size-thumbnail wp-image-13754\" title=\"L\u2019or brise un plancher quasi-annuel\" src=\"https:\/\/www.gold.fr\/news\/wp-content\/uploads\/2014\/01\/Perspectives-mitig\u00e9es-150x150.jpg\" alt=\"\" width=\"150\" height=\"150\" \/><span style=\"font-size: small;\">La nouvelle n&rsquo;avait pourtant rien d&rsquo;\u00e9tonnant ; vendredi dernier, en cl\u00f4ture de s\u00e9ance, lorsque le <a href='https:\/\/www.gold.fr\/news\/tags\/or' class='esk-seo-plu-link'>m\u00e9tal jaune<\/a> avait termin\u00e9 la semaine sur un cours basculant en dessous de la barre des <strong>1 200 dollars<\/strong>, la plupart des experts du march\u00e9 ont estim\u00e9 cette progression baissi\u00e8re \u00ab <em>pr\u00e9visible <\/em>\u00bb et \u00ab <em>logique <\/em>\u00bb \u00e9tant donn\u00e9 les r\u00e9centes pressions baissi\u00e8res massives que subit le march\u00e9 de l&rsquo;<a href='https:\/\/www.gold.fr\/news\/tags\/or' class='esk-seo-plu-link'>or<\/a> depuis des mois.<\/span>    <span style=\"font-size: small;\"> La nouvelle marque en tout cas un nouveau plus bas pour le <a href='https:\/\/www.gold.fr\/news\/tags\/or' class='esk-seo-plu-link'>m\u00e9tal jaune<\/a>, cette fois-ci quasi-annuelle puisqu&rsquo;il s&rsquo;agit l\u00e0 de sa pire performance depuis le mois de <strong>d\u00e9cembre 2013<\/strong>. Et c&rsquo;est un \u2018<em>record<\/em>&lsquo; que l&rsquo;on doit \u00e0 l&rsquo;accumulation de plusieurs facteurs de diff\u00e9rentes natures (\u00e9conomiques, politiques, g\u00e9opolitiques\u2026), mais il faut admettre que la reprise fulgurante et continue du dollar (sur fond de reprise \u00e9conomique am\u00e9ricaine toute aussi solide et permanente) a \u00e9t\u00e9 l&rsquo;acteur cl\u00e9 dans l&rsquo;\u00e9volution de l&rsquo;<a href='https:\/\/www.gold.fr\/news\/tags\/or' class='esk-seo-plu-link'>or<\/a>, depuis le d\u00e9but de l&rsquo;ann\u00e9e.<\/span>    <span style=\"font-size: small;\"> Les exploits du billet vert ont \u00e9t\u00e9 couronn\u00e9s, en fin de semaine derni\u00e8re, par la publication des chiffres relatifs au ch\u00f4mage et \u00e0 l&#8217;emploi. Le rapport officiel, publi\u00e9 par le D\u00e9partement du Travail am\u00e9ricain, r\u00e9v\u00e8le en effet que le ch\u00f4mage a enregistr\u00e9 un recul consid\u00e9rable (sur la p\u00e9riode du mois de septembre) et surtout largement au-dessus des attentes professionnelles, ramenant ses chiffres \u00e0 un niveau marquant leur meilleure performance sur les six derni\u00e8res ann\u00e9es.<\/span><\/p>\n<!-- AddThis Advanced Settings generic via filter on the_content --><!-- AddThis Share Buttons generic via filter on the_content -->","protected":false},"excerpt":{"rendered":"<p>La nouvelle n&rsquo;avait pourtant rien d&rsquo;\u00e9tonnant ; vendredi dernier, en cl\u00f4ture de s\u00e9ance, lorsque le m\u00e9tal jaune avait termin\u00e9 la semaine sur un cours basculant en dessous de la barre des 1 200 dollars, la plupart [&hellip;]<\/p>\n","protected":false},"author":18,"featured_media":13754,"comment_status":"open","ping_status":"open","sticky":false,"template":"","format":"standard","meta":{"_mbp_gutenberg_autopost":false,"_pgmb_is_evergreen":false,"_pgmb_ap_template_id":0,"footnotes":""},"categories":[6],"tags":[1269,961,1167,932,962],"ppma_author":[2565],"class_list":["post-15741","post","type-post","status-publish","format-standard","has-post-thumbnail","hentry","category-articles-de-presse","tag-baisse-or","tag-cours-or","tag-evolution-or","tag-metal-jaune","tag-prix-or"],"yoast_head":"<!-- This site is optimized with the Yoast SEO plugin v27.5 - https:\/\/yoast.com\/product\/yoast-seo-wordpress\/ -->\n<title>L\u2019or brise un plancher quasi-annuel - Gold.fr<\/title>\n<meta name=\"robots\" content=\"index, follow, max-snippet:-1, max-image-preview:large, max-video-preview:-1\" \/>\n<link rel=\"canonical\" href=\"https:\/\/www.gold.fr\/news\/2014\/10\/07\/lor-brise-un-plancher-quasi-annuel\/\" \/>\n<meta property=\"og:locale\" content=\"fr_FR\" \/>\n<meta property=\"og:type\" content=\"article\" \/>\n<meta property=\"og:title\" content=\"L\u2019or brise un plancher quasi-annuel - Gold.fr\" \/>\n<meta property=\"og:description\" content=\"La nouvelle n&rsquo;avait pourtant rien d&rsquo;\u00e9tonnant ; vendredi dernier, en cl\u00f4ture de s\u00e9ance, lorsque le m\u00e9tal jaune avait termin\u00e9 la semaine sur un cours basculant en dessous de la barre des 1 200 dollars, la plupart [&hellip;]\" \/>\n<meta property=\"og:url\" content=\"https:\/\/www.gold.fr\/news\/2014\/10\/07\/lor-brise-un-plancher-quasi-annuel\/\" \/>\n<meta property=\"og:site_name\" content=\"Gold.fr\" \/>\n<meta property=\"article:publisher\" content=\"https:\/\/www.facebook.com\/Goldfr\/\" \/>\n<meta property=\"article:published_time\" content=\"2014-10-07T07:00:27+00:00\" \/>\n<meta property=\"article:modified_time\" content=\"2017-11-02T10:41:17+00:00\" \/>\n<meta property=\"og:image\" content=\"https:\/\/www.gold.fr\/news\/wp-content\/uploads\/2014\/01\/Perspectives-mitig\u00e9es-e1390492763243.jpg\" \/>\n\t<meta property=\"og:image:width\" content=\"600\" \/>\n\t<meta property=\"og:image:height\" content=\"351\" \/>\n\t<meta property=\"og:image:type\" content=\"image\/jpeg\" \/>\n<meta name=\"author\" content=\"Comptoir National de l&#039;Or\" \/>\n<meta name=\"twitter:card\" content=\"summary_large_image\" \/>\n<meta name=\"twitter:label1\" content=\"\u00c9crit par\" \/>\n\t<meta name=\"twitter:data1\" content=\"Comptoir National de l&#039;Or\" \/>\n\t<meta name=\"twitter:label2\" content=\"Dur\u00e9e de lecture estim\u00e9e\" \/>\n\t<meta name=\"twitter:data2\" content=\"1 minute\" \/>\n<script type=\"application\/ld+json\" class=\"yoast-schema-graph\">{\"@context\":\"https:\\\/\\\/schema.org\",\"@graph\":[{\"@type\":\"Article\",\"@id\":\"https:\\\/\\\/www.gold.fr\\\/news\\\/2014\\\/10\\\/07\\\/lor-brise-un-plancher-quasi-annuel\\\/#article\",\"isPartOf\":{\"@id\":\"https:\\\/\\\/www.gold.fr\\\/news\\\/2014\\\/10\\\/07\\\/lor-brise-un-plancher-quasi-annuel\\\/\"},\"author\":{\"name\":\"Comptoir National de l'Or\",\"@id\":\"https:\\\/\\\/www.gold.fr\\\/news\\\/#\\\/schema\\\/person\\\/070491b4b4fb7671bf59b3be20302ce9\"},\"headline\":\"L\u2019or brise un plancher quasi-annuel\",\"datePublished\":\"2014-10-07T07:00:27+00:00\",\"dateModified\":\"2017-11-02T10:41:17+00:00\",\"mainEntityOfPage\":{\"@id\":\"https:\\\/\\\/www.gold.fr\\\/news\\\/2014\\\/10\\\/07\\\/lor-brise-un-plancher-quasi-annuel\\\/\"},\"wordCount\":260,\"commentCount\":0,\"image\":{\"@id\":\"https:\\\/\\\/www.gold.fr\\\/news\\\/2014\\\/10\\\/07\\\/lor-brise-un-plancher-quasi-annuel\\\/#primaryimage\"},\"thumbnailUrl\":\"https:\\\/\\\/www.gold.fr\\\/news\\\/wp-content\\\/uploads\\\/2014\\\/01\\\/Perspectives-mitig\u00e9es-e1390492763243.jpg\",\"keywords\":[\"baisse or\",\"cours or\",\"evolution or\",\"M\u00e9tal jaune\",\"prix or\"],\"articleSection\":[\"Articles de presse\"],\"inLanguage\":\"fr-FR\"},{\"@type\":\"WebPage\",\"@id\":\"https:\\\/\\\/www.gold.fr\\\/news\\\/2014\\\/10\\\/07\\\/lor-brise-un-plancher-quasi-annuel\\\/\",\"url\":\"https:\\\/\\\/www.gold.fr\\\/news\\\/2014\\\/10\\\/07\\\/lor-brise-un-plancher-quasi-annuel\\\/\",\"name\":\"L\u2019or brise un plancher quasi-annuel - Gold.fr\",\"isPartOf\":{\"@id\":\"https:\\\/\\\/www.gold.fr\\\/news\\\/#website\"},\"primaryImageOfPage\":{\"@id\":\"https:\\\/\\\/www.gold.fr\\\/news\\\/2014\\\/10\\\/07\\\/lor-brise-un-plancher-quasi-annuel\\\/#primaryimage\"},\"image\":{\"@id\":\"https:\\\/\\\/www.gold.fr\\\/news\\\/2014\\\/10\\\/07\\\/lor-brise-un-plancher-quasi-annuel\\\/#primaryimage\"},\"thumbnailUrl\":\"https:\\\/\\\/www.gold.fr\\\/news\\\/wp-content\\\/uploads\\\/2014\\\/01\\\/Perspectives-mitig\u00e9es-e1390492763243.jpg\",\"datePublished\":\"2014-10-07T07:00:27+00:00\",\"dateModified\":\"2017-11-02T10:41:17+00:00\",\"author\":{\"@id\":\"https:\\\/\\\/www.gold.fr\\\/news\\\/#\\\/schema\\\/person\\\/070491b4b4fb7671bf59b3be20302ce9\"},\"breadcrumb\":{\"@id\":\"https:\\\/\\\/www.gold.fr\\\/news\\\/2014\\\/10\\\/07\\\/lor-brise-un-plancher-quasi-annuel\\\/#breadcrumb\"},\"inLanguage\":\"fr-FR\",\"potentialAction\":[{\"@type\":\"ReadAction\",\"target\":[\"https:\\\/\\\/www.gold.fr\\\/news\\\/2014\\\/10\\\/07\\\/lor-brise-un-plancher-quasi-annuel\\\/\"]}]},{\"@type\":\"ImageObject\",\"inLanguage\":\"fr-FR\",\"@id\":\"https:\\\/\\\/www.gold.fr\\\/news\\\/2014\\\/10\\\/07\\\/lor-brise-un-plancher-quasi-annuel\\\/#primaryimage\",\"url\":\"https:\\\/\\\/www.gold.fr\\\/news\\\/wp-content\\\/uploads\\\/2014\\\/01\\\/Perspectives-mitig\u00e9es-e1390492763243.jpg\",\"contentUrl\":\"https:\\\/\\\/www.gold.fr\\\/news\\\/wp-content\\\/uploads\\\/2014\\\/01\\\/Perspectives-mitig\u00e9es-e1390492763243.jpg\",\"width\":\"600\",\"height\":\"351\",\"caption\":\"Or : Un excellent premier trimestre 2016\u2026 Le moment d\u2019acheter ?\"},{\"@type\":\"BreadcrumbList\",\"@id\":\"https:\\\/\\\/www.gold.fr\\\/news\\\/2014\\\/10\\\/07\\\/lor-brise-un-plancher-quasi-annuel\\\/#breadcrumb\",\"itemListElement\":[{\"@type\":\"ListItem\",\"position\":1,\"name\":\"Accueil\",\"item\":\"https:\\\/\\\/www.gold.fr\\\/\"},{\"@type\":\"ListItem\",\"position\":2,\"name\":\"Actualit\u00e9s\",\"item\":\"https:\\\/\\\/www.gold.fr\\\/news\\\/\"},{\"@type\":\"ListItem\",\"position\":3,\"name\":\"L\u2019or brise un plancher quasi-annuel\"}]},{\"@type\":\"WebSite\",\"@id\":\"https:\\\/\\\/www.gold.fr\\\/news\\\/#website\",\"url\":\"https:\\\/\\\/www.gold.fr\\\/news\\\/\",\"name\":\"Gold.fr\",\"description\":\"Actualit\u00e9s de l&#039;Or et des m\u00e9taux pr\u00e9cieux\",\"potentialAction\":[{\"@type\":\"SearchAction\",\"target\":{\"@type\":\"EntryPoint\",\"urlTemplate\":\"https:\\\/\\\/www.gold.fr\\\/news\\\/?s={search_term_string}\"},\"query-input\":{\"@type\":\"PropertyValueSpecification\",\"valueRequired\":true,\"valueName\":\"search_term_string\"}}],\"inLanguage\":\"fr-FR\"},{\"@type\":\"Person\",\"@id\":\"https:\\\/\\\/www.gold.fr\\\/news\\\/#\\\/schema\\\/person\\\/070491b4b4fb7671bf59b3be20302ce9\",\"name\":\"Comptoir National de l'Or\",\"image\":{\"@type\":\"ImageObject\",\"inLanguage\":\"fr-FR\",\"@id\":\"https:\\\/\\\/secure.gravatar.com\\\/avatar\\\/0a2867fd5abe37bed95d5a65e9d58f01756e11efc68af9888dfc50cfa7f65948?s=96&d=mm&r=gb490554db0a38188709de567aa58480d\",\"url\":\"https:\\\/\\\/secure.gravatar.com\\\/avatar\\\/0a2867fd5abe37bed95d5a65e9d58f01756e11efc68af9888dfc50cfa7f65948?s=96&d=mm&r=g\",\"contentUrl\":\"https:\\\/\\\/secure.gravatar.com\\\/avatar\\\/0a2867fd5abe37bed95d5a65e9d58f01756e11efc68af9888dfc50cfa7f65948?s=96&d=mm&r=g\",\"caption\":\"Comptoir National de l'Or\"},\"description\":\"Notre r\u00e9daction est constitu\u00e9e de membres experts dans les m\u00e9tiers de l'\u00e9conomie et la gestion, des Responsables d'agence Comptoir National de l'Or, des analystes financiers qui publient r\u00e9guli\u00e8rement des \u00e9tudes sur les politiques des banques centrales, le cours de l'or, prix de l'or, cours de l'argent, prix de l'argent, cours du platine, cours du palladium,... la situation en zone euro et l'impact de la strat\u00e9gie mon\u00e9taire de la FED. Notre \u00e9quipe scrute \u00e9galement une information plus g\u00e9n\u00e9raliste \u00e0 la recherche d'actualit\u00e9 \\\"p\u00e9pite\\\" \u00e0 vous partager. Depuis 5 ans, nous avons publi\u00e9 un peu plus de 4000 articles qui s'adressent \u00e0 un public large et vari\u00e9 ayant pour objectif de satisfaire votre curiosit\u00e9 et de partager avec vous une certaine fascination pour le m\u00e9tal jaune, le rachat d'or, et pour ceux qui veulent investir dans l'or, vendre leur or tout simplement en savoir plus... Pour tous vos achat or et argent, n'h\u00e9sitez pas \u00e0 prendre rendez-vous dans l'un de nos nombreux comptoirs.\",\"sameAs\":[\"https:\\\/\\\/www.gold.fr\"]}]}<\/script>\n<!-- \/ Yoast SEO plugin. -->","yoast_head_json":{"title":"L\u2019or brise un plancher quasi-annuel - Gold.fr","robots":{"index":"index","follow":"follow","max-snippet":"max-snippet:-1","max-image-preview":"max-image-preview:large","max-video-preview":"max-video-preview:-1"},"canonical":"https:\/\/www.gold.fr\/news\/2014\/10\/07\/lor-brise-un-plancher-quasi-annuel\/","og_locale":"fr_FR","og_type":"article","og_title":"L\u2019or brise un plancher quasi-annuel - Gold.fr","og_description":"La nouvelle n&rsquo;avait pourtant rien d&rsquo;\u00e9tonnant ; vendredi dernier, en cl\u00f4ture de s\u00e9ance, lorsque le m\u00e9tal jaune avait termin\u00e9 la semaine sur un cours basculant en dessous de la barre des 1 200 dollars, la plupart [&hellip;]","og_url":"https:\/\/www.gold.fr\/news\/2014\/10\/07\/lor-brise-un-plancher-quasi-annuel\/","og_site_name":"Gold.fr","article_publisher":"https:\/\/www.facebook.com\/Goldfr\/","article_published_time":"2014-10-07T07:00:27+00:00","article_modified_time":"2017-11-02T10:41:17+00:00","og_image":[{"width":600,"height":351,"url":"https:\/\/www.gold.fr\/news\/wp-content\/uploads\/2014\/01\/Perspectives-mitig\u00e9es-e1390492763243.jpg","type":"image\/jpeg"}],"author":"Comptoir National de l'Or","twitter_card":"summary_large_image","twitter_misc":{"\u00c9crit par":"Comptoir National de l'Or","Dur\u00e9e de lecture estim\u00e9e":"1 minute"},"schema":{"@context":"https:\/\/schema.org","@graph":[{"@type":"Article","@id":"https:\/\/www.gold.fr\/news\/2014\/10\/07\/lor-brise-un-plancher-quasi-annuel\/#article","isPartOf":{"@id":"https:\/\/www.gold.fr\/news\/2014\/10\/07\/lor-brise-un-plancher-quasi-annuel\/"},"author":{"name":"Comptoir National de l'Or","@id":"https:\/\/www.gold.fr\/news\/#\/schema\/person\/070491b4b4fb7671bf59b3be20302ce9"},"headline":"L\u2019or brise un plancher quasi-annuel","datePublished":"2014-10-07T07:00:27+00:00","dateModified":"2017-11-02T10:41:17+00:00","mainEntityOfPage":{"@id":"https:\/\/www.gold.fr\/news\/2014\/10\/07\/lor-brise-un-plancher-quasi-annuel\/"},"wordCount":260,"commentCount":0,"image":{"@id":"https:\/\/www.gold.fr\/news\/2014\/10\/07\/lor-brise-un-plancher-quasi-annuel\/#primaryimage"},"thumbnailUrl":"https:\/\/www.gold.fr\/news\/wp-content\/uploads\/2014\/01\/Perspectives-mitig\u00e9es-e1390492763243.jpg","keywords":["baisse or","cours or","evolution or","M\u00e9tal jaune","prix or"],"articleSection":["Articles de presse"],"inLanguage":"fr-FR"},{"@type":"WebPage","@id":"https:\/\/www.gold.fr\/news\/2014\/10\/07\/lor-brise-un-plancher-quasi-annuel\/","url":"https:\/\/www.gold.fr\/news\/2014\/10\/07\/lor-brise-un-plancher-quasi-annuel\/","name":"L\u2019or brise un plancher quasi-annuel - Gold.fr","isPartOf":{"@id":"https:\/\/www.gold.fr\/news\/#website"},"primaryImageOfPage":{"@id":"https:\/\/www.gold.fr\/news\/2014\/10\/07\/lor-brise-un-plancher-quasi-annuel\/#primaryimage"},"image":{"@id":"https:\/\/www.gold.fr\/news\/2014\/10\/07\/lor-brise-un-plancher-quasi-annuel\/#primaryimage"},"thumbnailUrl":"https:\/\/www.gold.fr\/news\/wp-content\/uploads\/2014\/01\/Perspectives-mitig\u00e9es-e1390492763243.jpg","datePublished":"2014-10-07T07:00:27+00:00","dateModified":"2017-11-02T10:41:17+00:00","author":{"@id":"https:\/\/www.gold.fr\/news\/#\/schema\/person\/070491b4b4fb7671bf59b3be20302ce9"},"breadcrumb":{"@id":"https:\/\/www.gold.fr\/news\/2014\/10\/07\/lor-brise-un-plancher-quasi-annuel\/#breadcrumb"},"inLanguage":"fr-FR","potentialAction":[{"@type":"ReadAction","target":["https:\/\/www.gold.fr\/news\/2014\/10\/07\/lor-brise-un-plancher-quasi-annuel\/"]}]},{"@type":"ImageObject","inLanguage":"fr-FR","@id":"https:\/\/www.gold.fr\/news\/2014\/10\/07\/lor-brise-un-plancher-quasi-annuel\/#primaryimage","url":"https:\/\/www.gold.fr\/news\/wp-content\/uploads\/2014\/01\/Perspectives-mitig\u00e9es-e1390492763243.jpg","contentUrl":"https:\/\/www.gold.fr\/news\/wp-content\/uploads\/2014\/01\/Perspectives-mitig\u00e9es-e1390492763243.jpg","width":"600","height":"351","caption":"Or : Un excellent premier trimestre 2016\u2026 Le moment d\u2019acheter ?"},{"@type":"BreadcrumbList","@id":"https:\/\/www.gold.fr\/news\/2014\/10\/07\/lor-brise-un-plancher-quasi-annuel\/#breadcrumb","itemListElement":[{"@type":"ListItem","position":1,"name":"Accueil","item":"https:\/\/www.gold.fr\/"},{"@type":"ListItem","position":2,"name":"Actualit\u00e9s","item":"https:\/\/www.gold.fr\/news\/"},{"@type":"ListItem","position":3,"name":"L\u2019or brise un plancher quasi-annuel"}]},{"@type":"WebSite","@id":"https:\/\/www.gold.fr\/news\/#website","url":"https:\/\/www.gold.fr\/news\/","name":"Gold.fr","description":"Actualit\u00e9s de l&#039;Or et des m\u00e9taux pr\u00e9cieux","potentialAction":[{"@type":"SearchAction","target":{"@type":"EntryPoint","urlTemplate":"https:\/\/www.gold.fr\/news\/?s={search_term_string}"},"query-input":{"@type":"PropertyValueSpecification","valueRequired":true,"valueName":"search_term_string"}}],"inLanguage":"fr-FR"},{"@type":"Person","@id":"https:\/\/www.gold.fr\/news\/#\/schema\/person\/070491b4b4fb7671bf59b3be20302ce9","name":"Comptoir National de l'Or","image":{"@type":"ImageObject","inLanguage":"fr-FR","@id":"https:\/\/secure.gravatar.com\/avatar\/0a2867fd5abe37bed95d5a65e9d58f01756e11efc68af9888dfc50cfa7f65948?s=96&d=mm&r=gb490554db0a38188709de567aa58480d","url":"https:\/\/secure.gravatar.com\/avatar\/0a2867fd5abe37bed95d5a65e9d58f01756e11efc68af9888dfc50cfa7f65948?s=96&d=mm&r=g","contentUrl":"https:\/\/secure.gravatar.com\/avatar\/0a2867fd5abe37bed95d5a65e9d58f01756e11efc68af9888dfc50cfa7f65948?s=96&d=mm&r=g","caption":"Comptoir National de l'Or"},"description":"Notre r\u00e9daction est constitu\u00e9e de membres experts dans les m\u00e9tiers de l'\u00e9conomie et la gestion, des Responsables d'agence Comptoir National de l'Or, des analystes financiers qui publient r\u00e9guli\u00e8rement des \u00e9tudes sur les politiques des banques centrales, le cours de l'or, prix de l'or, cours de l'argent, prix de l'argent, cours du platine, cours du palladium,... la situation en zone euro et l'impact de la strat\u00e9gie mon\u00e9taire de la FED. Notre \u00e9quipe scrute \u00e9galement une information plus g\u00e9n\u00e9raliste \u00e0 la recherche d'actualit\u00e9 \"p\u00e9pite\" \u00e0 vous partager. Depuis 5 ans, nous avons publi\u00e9 un peu plus de 4000 articles qui s'adressent \u00e0 un public large et vari\u00e9 ayant pour objectif de satisfaire votre curiosit\u00e9 et de partager avec vous une certaine fascination pour le m\u00e9tal jaune, le rachat d'or, et pour ceux qui veulent investir dans l'or, vendre leur or tout simplement en savoir plus... Pour tous vos achat or et argent, n'h\u00e9sitez pas \u00e0 prendre rendez-vous dans l'un de nos nombreux comptoirs.","sameAs":["https:\/\/www.gold.fr"]}]}},"authors":[{"term_id":2565,"user_id":18,"is_guest":0,"slug":"julie","display_name":"Comptoir National de l'Or","avatar_url":"https:\/\/secure.gravatar.com\/avatar\/713f289e398d35ead876c4a4cc08607f0d6d266058cfc25683fffb6092d0e572?s=96&d=mm&r=g","0":null,"1":"","2":"","3":"","4":"","5":"","6":"","7":"","8":""}],"_links":{"self":[{"href":"https:\/\/www.gold.fr\/news\/wp-json\/wp\/v2\/posts\/15741","targetHints":{"allow":["GET"]}}],"collection":[{"href":"https:\/\/www.gold.fr\/news\/wp-json\/wp\/v2\/posts"}],"about":[{"href":"https:\/\/www.gold.fr\/news\/wp-json\/wp\/v2\/types\/post"}],"author":[{"embeddable":true,"href":"https:\/\/www.gold.fr\/news\/wp-json\/wp\/v2\/users\/18"}],"replies":[{"embeddable":true,"href":"https:\/\/www.gold.fr\/news\/wp-json\/wp\/v2\/comments?post=15741"}],"version-history":[{"count":0,"href":"https:\/\/www.gold.fr\/news\/wp-json\/wp\/v2\/posts\/15741\/revisions"}],"wp:featuredmedia":[{"embeddable":true,"href":"https:\/\/www.gold.fr\/news\/wp-json\/wp\/v2\/media\/13754"}],"wp:attachment":[{"href":"https:\/\/www.gold.fr\/news\/wp-json\/wp\/v2\/media?parent=15741"}],"wp:term":[{"taxonomy":"category","embeddable":true,"href":"https:\/\/www.gold.fr\/news\/wp-json\/wp\/v2\/categories?post=15741"},{"taxonomy":"post_tag","embeddable":true,"href":"https:\/\/www.gold.fr\/news\/wp-json\/wp\/v2\/tags?post=15741"},{"taxonomy":"author","embeddable":true,"href":"https:\/\/www.gold.fr\/news\/wp-json\/wp\/v2\/ppma_author?post=15741"}],"curies":[{"name":"wp","href":"https:\/\/api.w.org\/{rel}","templated":true}]}}