{"id":15739,"date":"2014-10-06T17:00:02","date_gmt":"2014-10-06T15:00:02","guid":{"rendered":"https:\/\/www.gold.fr\/news\/?p=15739"},"modified":"2017-11-02T11:39:20","modified_gmt":"2017-11-02T10:39:20","slug":"18-morts-dans-leffondrement-dune-mine-clandestine","status":"publish","type":"post","link":"https:\/\/www.gold.fr\/news\/2014\/10\/06\/18-morts-dans-leffondrement-dune-mine-clandestine\/","title":{"rendered":"18 morts dans l\u2019effondrement d\u2019une mine clandestine"},"content":{"rendered":"<p><img loading=\"lazy\" decoding=\"async\" class=\"alignleft size-thumbnail wp-image-7877\" title=\"18 morts dans l\u2019effondrement d\u2019une mine clandestine\" src=\"https:\/\/www.gold.fr\/news\/wp-content\/uploads\/2012\/06\/Mine-dOr-150x150.jpg\" alt=\"\" width=\"150\" height=\"150\" \/><span style=\"font-size: small;\">En d\u00e9pit de la forte vague de baisse enregistr\u00e9e sur le march\u00e9 aurif\u00e8re, depuis le d\u00e9but du deuxi\u00e8me semestre de l&rsquo;ann\u00e9e en cours, le <a href='https:\/\/www.gold.fr\/news\/tags\/or' class='esk-seo-plu-link'>m\u00e9tal jaune<\/a> continue \u00e0 \u00eatre une valeur \u2013et un minier- sujette \u00e0 d&rsquo;importantes convoitises \u00e0 travers le monde. L&rsquo;une des plus r\u00e9centes manifestations de ce sempiternel engouement nous provient d&rsquo;Indon\u00e9sie, o\u00f9 pas moins de dix-huit chercheurs d&rsquo;<a href='https:\/\/www.gold.fr\/news\/tags\/or' class='esk-seo-plu-link'>or<\/a> ont trouv\u00e9 la mort, \u00e0 la fin de la semaine derni\u00e8re, dans l&rsquo;effondrement d&rsquo;une mine d&rsquo;<a href='https:\/\/www.gold.fr\/news\/tags\/or' class='esk-seo-plu-link'>or<\/a> clandestine.<\/span>    <span style=\"font-size: small;\"> L&rsquo;accident a eu lieu dans <strong>l&rsquo;\u00eele de Born\u00e9o<\/strong>, dans une r\u00e9gion montagneuse o\u00f9 pullulent les orpailleurs ill\u00e9gaux, d&rsquo;apr\u00e8s les d\u00e9clarations d&rsquo;un responsable des secours. Les autorit\u00e9s locales ont \u00e9galement r\u00e9v\u00e9l\u00e9 qu&rsquo;un mineur de <strong>17 ans<\/strong> ainsi que deux femmes figurent parmi les victimes de la catastrophe.<\/span>    <span style=\"font-size: small;\"> Les experts rapportent, \u00e0 ce propos, que \u00ab<em> la ru\u00e9e vers l&rsquo;<a href='https:\/\/www.gold.fr\/news\/tags\/or' class='esk-seo-plu-link'>or<\/a> dans des mines clandestines a consid\u00e9rablement augment\u00e9 en Indon\u00e9sie ces derni\u00e8res ann\u00e9es, favoris\u00e9e par la forte hausse des cours du <a href='https:\/\/www.gold.fr\/news\/tags\/or' class='esk-seo-plu-link'>m\u00e9tal jaune<\/a> <\/em>\u00bb. Une ru\u00e9e que rien ne semble r\u00e9ussir a entraver \u2013ni vagues successives de correction du march\u00e9, ni s\u00e9v\u00e9rit\u00e9 des sanctions gouvernementales, ni m\u00eame les risques et dangers \u00e9normes de ce secteur m\u00eame-, donnant de plus en plus fr\u00e9quemment lieu \u00e0 de graves accidents.<\/span>    <span style=\"font-size: small;\"> Les autorit\u00e9s indon\u00e9siennes continuent, de leur c\u00f4t\u00e9, \u00e0 mener une enqu\u00eate approfondie concernant les responsables ainsi que les circonstances de l&rsquo;accident survenu dans cette mine.<\/span><\/p>\n<!-- AddThis Advanced Settings generic via filter on the_content --><!-- AddThis Share Buttons generic via filter on the_content -->","protected":false},"excerpt":{"rendered":"<p>En d\u00e9pit de la forte vague de baisse enregistr\u00e9e sur le march\u00e9 aurif\u00e8re, depuis le d\u00e9but du deuxi\u00e8me semestre de l&rsquo;ann\u00e9e en cours, le m\u00e9tal jaune continue \u00e0 \u00eatre une valeur \u2013et un minier- sujette \u00e0 [&hellip;]<\/p>\n","protected":false},"author":18,"featured_media":7877,"comment_status":"open","ping_status":"open","sticky":false,"template":"","format":"standard","meta":{"_mbp_gutenberg_autopost":false,"_pgmb_is_evergreen":false,"_pgmb_ap_template_id":0,"footnotes":""},"categories":[6],"tags":[1269,1948,932,1839],"ppma_author":[2565],"class_list":["post-15739","post","type-post","status-publish","format-standard","has-post-thumbnail","hentry","category-articles-de-presse","tag-baisse-or","tag-ile-de-borneo","tag-metal-jaune","tag-mine-clandestine"],"yoast_head":"<!-- This site is optimized with the Yoast SEO plugin v27.5 - https:\/\/yoast.com\/product\/yoast-seo-wordpress\/ -->\n<title>18 morts dans l\u2019effondrement d\u2019une mine clandestine - Gold.fr<\/title>\n<meta name=\"robots\" content=\"index, follow, max-snippet:-1, max-image-preview:large, max-video-preview:-1\" \/>\n<link rel=\"canonical\" href=\"https:\/\/www.gold.fr\/news\/2014\/10\/06\/18-morts-dans-leffondrement-dune-mine-clandestine\/\" \/>\n<meta property=\"og:locale\" content=\"fr_FR\" \/>\n<meta property=\"og:type\" content=\"article\" \/>\n<meta property=\"og:title\" content=\"18 morts dans l\u2019effondrement d\u2019une mine clandestine - Gold.fr\" \/>\n<meta property=\"og:description\" content=\"En d\u00e9pit de la forte vague de baisse enregistr\u00e9e sur le march\u00e9 aurif\u00e8re, depuis le d\u00e9but du deuxi\u00e8me semestre de l&rsquo;ann\u00e9e en cours, le m\u00e9tal jaune continue \u00e0 \u00eatre une valeur \u2013et un minier- sujette \u00e0 [&hellip;]\" \/>\n<meta property=\"og:url\" content=\"https:\/\/www.gold.fr\/news\/2014\/10\/06\/18-morts-dans-leffondrement-dune-mine-clandestine\/\" \/>\n<meta property=\"og:site_name\" content=\"Gold.fr\" \/>\n<meta property=\"article:publisher\" content=\"https:\/\/www.facebook.com\/Goldfr\/\" \/>\n<meta property=\"article:published_time\" content=\"2014-10-06T15:00:02+00:00\" \/>\n<meta property=\"article:modified_time\" content=\"2017-11-02T10:39:20+00:00\" \/>\n<meta property=\"og:image\" content=\"https:\/\/www.gold.fr\/news\/wp-content\/uploads\/2012\/06\/Mine-dOr.jpg\" \/>\n\t<meta property=\"og:image:width\" content=\"600\" \/>\n\t<meta property=\"og:image:height\" content=\"399\" \/>\n\t<meta property=\"og:image:type\" content=\"image\/jpeg\" \/>\n<meta name=\"author\" content=\"Comptoir National de l&#039;Or\" \/>\n<meta name=\"twitter:card\" content=\"summary_large_image\" \/>\n<meta name=\"twitter:label1\" content=\"\u00c9crit par\" \/>\n\t<meta name=\"twitter:data1\" content=\"Comptoir National de l&#039;Or\" \/>\n\t<meta name=\"twitter:label2\" content=\"Dur\u00e9e de lecture estim\u00e9e\" \/>\n\t<meta name=\"twitter:data2\" content=\"1 minute\" \/>\n<script type=\"application\/ld+json\" class=\"yoast-schema-graph\">{\"@context\":\"https:\\\/\\\/schema.org\",\"@graph\":[{\"@type\":\"Article\",\"@id\":\"https:\\\/\\\/www.gold.fr\\\/news\\\/2014\\\/10\\\/06\\\/18-morts-dans-leffondrement-dune-mine-clandestine\\\/#article\",\"isPartOf\":{\"@id\":\"https:\\\/\\\/www.gold.fr\\\/news\\\/2014\\\/10\\\/06\\\/18-morts-dans-leffondrement-dune-mine-clandestine\\\/\"},\"author\":{\"name\":\"Comptoir National de l'Or\",\"@id\":\"https:\\\/\\\/www.gold.fr\\\/news\\\/#\\\/schema\\\/person\\\/070491b4b4fb7671bf59b3be20302ce9\"},\"headline\":\"18 morts dans l\u2019effondrement d\u2019une mine clandestine\",\"datePublished\":\"2014-10-06T15:00:02+00:00\",\"dateModified\":\"2017-11-02T10:39:20+00:00\",\"mainEntityOfPage\":{\"@id\":\"https:\\\/\\\/www.gold.fr\\\/news\\\/2014\\\/10\\\/06\\\/18-morts-dans-leffondrement-dune-mine-clandestine\\\/\"},\"wordCount\":276,\"commentCount\":0,\"image\":{\"@id\":\"https:\\\/\\\/www.gold.fr\\\/news\\\/2014\\\/10\\\/06\\\/18-morts-dans-leffondrement-dune-mine-clandestine\\\/#primaryimage\"},\"thumbnailUrl\":\"https:\\\/\\\/www.gold.fr\\\/news\\\/wp-content\\\/uploads\\\/2012\\\/06\\\/Mine-dOr.jpg\",\"keywords\":[\"baisse or\",\"\u00eele de Born\u00e9o\",\"M\u00e9tal jaune\",\"mine clandestine\"],\"articleSection\":[\"Articles de presse\"],\"inLanguage\":\"fr-FR\"},{\"@type\":\"WebPage\",\"@id\":\"https:\\\/\\\/www.gold.fr\\\/news\\\/2014\\\/10\\\/06\\\/18-morts-dans-leffondrement-dune-mine-clandestine\\\/\",\"url\":\"https:\\\/\\\/www.gold.fr\\\/news\\\/2014\\\/10\\\/06\\\/18-morts-dans-leffondrement-dune-mine-clandestine\\\/\",\"name\":\"18 morts dans l\u2019effondrement d\u2019une mine clandestine - Gold.fr\",\"isPartOf\":{\"@id\":\"https:\\\/\\\/www.gold.fr\\\/news\\\/#website\"},\"primaryImageOfPage\":{\"@id\":\"https:\\\/\\\/www.gold.fr\\\/news\\\/2014\\\/10\\\/06\\\/18-morts-dans-leffondrement-dune-mine-clandestine\\\/#primaryimage\"},\"image\":{\"@id\":\"https:\\\/\\\/www.gold.fr\\\/news\\\/2014\\\/10\\\/06\\\/18-morts-dans-leffondrement-dune-mine-clandestine\\\/#primaryimage\"},\"thumbnailUrl\":\"https:\\\/\\\/www.gold.fr\\\/news\\\/wp-content\\\/uploads\\\/2012\\\/06\\\/Mine-dOr.jpg\",\"datePublished\":\"2014-10-06T15:00:02+00:00\",\"dateModified\":\"2017-11-02T10:39:20+00:00\",\"author\":{\"@id\":\"https:\\\/\\\/www.gold.fr\\\/news\\\/#\\\/schema\\\/person\\\/070491b4b4fb7671bf59b3be20302ce9\"},\"breadcrumb\":{\"@id\":\"https:\\\/\\\/www.gold.fr\\\/news\\\/2014\\\/10\\\/06\\\/18-morts-dans-leffondrement-dune-mine-clandestine\\\/#breadcrumb\"},\"inLanguage\":\"fr-FR\",\"potentialAction\":[{\"@type\":\"ReadAction\",\"target\":[\"https:\\\/\\\/www.gold.fr\\\/news\\\/2014\\\/10\\\/06\\\/18-morts-dans-leffondrement-dune-mine-clandestine\\\/\"]}]},{\"@type\":\"ImageObject\",\"inLanguage\":\"fr-FR\",\"@id\":\"https:\\\/\\\/www.gold.fr\\\/news\\\/2014\\\/10\\\/06\\\/18-morts-dans-leffondrement-dune-mine-clandestine\\\/#primaryimage\",\"url\":\"https:\\\/\\\/www.gold.fr\\\/news\\\/wp-content\\\/uploads\\\/2012\\\/06\\\/Mine-dOr.jpg\",\"contentUrl\":\"https:\\\/\\\/www.gold.fr\\\/news\\\/wp-content\\\/uploads\\\/2012\\\/06\\\/Mine-dOr.jpg\",\"width\":\"600\",\"height\":\"399\",\"caption\":\"18 morts dans l\u2019effondrement d\u2019une mine clandestine\"},{\"@type\":\"BreadcrumbList\",\"@id\":\"https:\\\/\\\/www.gold.fr\\\/news\\\/2014\\\/10\\\/06\\\/18-morts-dans-leffondrement-dune-mine-clandestine\\\/#breadcrumb\",\"itemListElement\":[{\"@type\":\"ListItem\",\"position\":1,\"name\":\"Accueil\",\"item\":\"https:\\\/\\\/www.gold.fr\\\/\"},{\"@type\":\"ListItem\",\"position\":2,\"name\":\"Actualit\u00e9s\",\"item\":\"https:\\\/\\\/www.gold.fr\\\/news\\\/\"},{\"@type\":\"ListItem\",\"position\":3,\"name\":\"18 morts dans l\u2019effondrement d\u2019une mine clandestine\"}]},{\"@type\":\"WebSite\",\"@id\":\"https:\\\/\\\/www.gold.fr\\\/news\\\/#website\",\"url\":\"https:\\\/\\\/www.gold.fr\\\/news\\\/\",\"name\":\"Gold.fr\",\"description\":\"Actualit\u00e9s de l&#039;Or et des m\u00e9taux pr\u00e9cieux\",\"potentialAction\":[{\"@type\":\"SearchAction\",\"target\":{\"@type\":\"EntryPoint\",\"urlTemplate\":\"https:\\\/\\\/www.gold.fr\\\/news\\\/?s={search_term_string}\"},\"query-input\":{\"@type\":\"PropertyValueSpecification\",\"valueRequired\":true,\"valueName\":\"search_term_string\"}}],\"inLanguage\":\"fr-FR\"},{\"@type\":\"Person\",\"@id\":\"https:\\\/\\\/www.gold.fr\\\/news\\\/#\\\/schema\\\/person\\\/070491b4b4fb7671bf59b3be20302ce9\",\"name\":\"Comptoir National de l'Or\",\"image\":{\"@type\":\"ImageObject\",\"inLanguage\":\"fr-FR\",\"@id\":\"https:\\\/\\\/secure.gravatar.com\\\/avatar\\\/0a2867fd5abe37bed95d5a65e9d58f01756e11efc68af9888dfc50cfa7f65948?s=96&d=mm&r=gb490554db0a38188709de567aa58480d\",\"url\":\"https:\\\/\\\/secure.gravatar.com\\\/avatar\\\/0a2867fd5abe37bed95d5a65e9d58f01756e11efc68af9888dfc50cfa7f65948?s=96&d=mm&r=g\",\"contentUrl\":\"https:\\\/\\\/secure.gravatar.com\\\/avatar\\\/0a2867fd5abe37bed95d5a65e9d58f01756e11efc68af9888dfc50cfa7f65948?s=96&d=mm&r=g\",\"caption\":\"Comptoir National de l'Or\"},\"description\":\"Notre r\u00e9daction est constitu\u00e9e de membres experts dans les m\u00e9tiers de l'\u00e9conomie et la gestion, des Responsables d'agence Comptoir National de l'Or, des analystes financiers qui publient r\u00e9guli\u00e8rement des \u00e9tudes sur les politiques des banques centrales, le cours de l'or, prix de l'or, cours de l'argent, prix de l'argent, cours du platine, cours du palladium,... la situation en zone euro et l'impact de la strat\u00e9gie mon\u00e9taire de la FED. Notre \u00e9quipe scrute \u00e9galement une information plus g\u00e9n\u00e9raliste \u00e0 la recherche d'actualit\u00e9 \\\"p\u00e9pite\\\" \u00e0 vous partager. Depuis 5 ans, nous avons publi\u00e9 un peu plus de 4000 articles qui s'adressent \u00e0 un public large et vari\u00e9 ayant pour objectif de satisfaire votre curiosit\u00e9 et de partager avec vous une certaine fascination pour le m\u00e9tal jaune, le rachat d'or, et pour ceux qui veulent investir dans l'or, vendre leur or tout simplement en savoir plus... Pour tous vos achat or et argent, n'h\u00e9sitez pas \u00e0 prendre rendez-vous dans l'un de nos nombreux comptoirs.\",\"sameAs\":[\"https:\\\/\\\/www.gold.fr\"]}]}<\/script>\n<!-- \/ Yoast SEO plugin. -->","yoast_head_json":{"title":"18 morts dans l\u2019effondrement d\u2019une mine clandestine - Gold.fr","robots":{"index":"index","follow":"follow","max-snippet":"max-snippet:-1","max-image-preview":"max-image-preview:large","max-video-preview":"max-video-preview:-1"},"canonical":"https:\/\/www.gold.fr\/news\/2014\/10\/06\/18-morts-dans-leffondrement-dune-mine-clandestine\/","og_locale":"fr_FR","og_type":"article","og_title":"18 morts dans l\u2019effondrement d\u2019une mine clandestine - Gold.fr","og_description":"En d\u00e9pit de la forte vague de baisse enregistr\u00e9e sur le march\u00e9 aurif\u00e8re, depuis le d\u00e9but du deuxi\u00e8me semestre de l&rsquo;ann\u00e9e en cours, le m\u00e9tal jaune continue \u00e0 \u00eatre une valeur \u2013et un minier- sujette \u00e0 [&hellip;]","og_url":"https:\/\/www.gold.fr\/news\/2014\/10\/06\/18-morts-dans-leffondrement-dune-mine-clandestine\/","og_site_name":"Gold.fr","article_publisher":"https:\/\/www.facebook.com\/Goldfr\/","article_published_time":"2014-10-06T15:00:02+00:00","article_modified_time":"2017-11-02T10:39:20+00:00","og_image":[{"width":600,"height":399,"url":"https:\/\/www.gold.fr\/news\/wp-content\/uploads\/2012\/06\/Mine-dOr.jpg","type":"image\/jpeg"}],"author":"Comptoir National de l'Or","twitter_card":"summary_large_image","twitter_misc":{"\u00c9crit par":"Comptoir National de l'Or","Dur\u00e9e de lecture estim\u00e9e":"1 minute"},"schema":{"@context":"https:\/\/schema.org","@graph":[{"@type":"Article","@id":"https:\/\/www.gold.fr\/news\/2014\/10\/06\/18-morts-dans-leffondrement-dune-mine-clandestine\/#article","isPartOf":{"@id":"https:\/\/www.gold.fr\/news\/2014\/10\/06\/18-morts-dans-leffondrement-dune-mine-clandestine\/"},"author":{"name":"Comptoir National de l'Or","@id":"https:\/\/www.gold.fr\/news\/#\/schema\/person\/070491b4b4fb7671bf59b3be20302ce9"},"headline":"18 morts dans l\u2019effondrement d\u2019une mine clandestine","datePublished":"2014-10-06T15:00:02+00:00","dateModified":"2017-11-02T10:39:20+00:00","mainEntityOfPage":{"@id":"https:\/\/www.gold.fr\/news\/2014\/10\/06\/18-morts-dans-leffondrement-dune-mine-clandestine\/"},"wordCount":276,"commentCount":0,"image":{"@id":"https:\/\/www.gold.fr\/news\/2014\/10\/06\/18-morts-dans-leffondrement-dune-mine-clandestine\/#primaryimage"},"thumbnailUrl":"https:\/\/www.gold.fr\/news\/wp-content\/uploads\/2012\/06\/Mine-dOr.jpg","keywords":["baisse or","\u00eele de Born\u00e9o","M\u00e9tal jaune","mine clandestine"],"articleSection":["Articles de presse"],"inLanguage":"fr-FR"},{"@type":"WebPage","@id":"https:\/\/www.gold.fr\/news\/2014\/10\/06\/18-morts-dans-leffondrement-dune-mine-clandestine\/","url":"https:\/\/www.gold.fr\/news\/2014\/10\/06\/18-morts-dans-leffondrement-dune-mine-clandestine\/","name":"18 morts dans l\u2019effondrement d\u2019une mine clandestine - Gold.fr","isPartOf":{"@id":"https:\/\/www.gold.fr\/news\/#website"},"primaryImageOfPage":{"@id":"https:\/\/www.gold.fr\/news\/2014\/10\/06\/18-morts-dans-leffondrement-dune-mine-clandestine\/#primaryimage"},"image":{"@id":"https:\/\/www.gold.fr\/news\/2014\/10\/06\/18-morts-dans-leffondrement-dune-mine-clandestine\/#primaryimage"},"thumbnailUrl":"https:\/\/www.gold.fr\/news\/wp-content\/uploads\/2012\/06\/Mine-dOr.jpg","datePublished":"2014-10-06T15:00:02+00:00","dateModified":"2017-11-02T10:39:20+00:00","author":{"@id":"https:\/\/www.gold.fr\/news\/#\/schema\/person\/070491b4b4fb7671bf59b3be20302ce9"},"breadcrumb":{"@id":"https:\/\/www.gold.fr\/news\/2014\/10\/06\/18-morts-dans-leffondrement-dune-mine-clandestine\/#breadcrumb"},"inLanguage":"fr-FR","potentialAction":[{"@type":"ReadAction","target":["https:\/\/www.gold.fr\/news\/2014\/10\/06\/18-morts-dans-leffondrement-dune-mine-clandestine\/"]}]},{"@type":"ImageObject","inLanguage":"fr-FR","@id":"https:\/\/www.gold.fr\/news\/2014\/10\/06\/18-morts-dans-leffondrement-dune-mine-clandestine\/#primaryimage","url":"https:\/\/www.gold.fr\/news\/wp-content\/uploads\/2012\/06\/Mine-dOr.jpg","contentUrl":"https:\/\/www.gold.fr\/news\/wp-content\/uploads\/2012\/06\/Mine-dOr.jpg","width":"600","height":"399","caption":"18 morts dans l\u2019effondrement d\u2019une mine clandestine"},{"@type":"BreadcrumbList","@id":"https:\/\/www.gold.fr\/news\/2014\/10\/06\/18-morts-dans-leffondrement-dune-mine-clandestine\/#breadcrumb","itemListElement":[{"@type":"ListItem","position":1,"name":"Accueil","item":"https:\/\/www.gold.fr\/"},{"@type":"ListItem","position":2,"name":"Actualit\u00e9s","item":"https:\/\/www.gold.fr\/news\/"},{"@type":"ListItem","position":3,"name":"18 morts dans l\u2019effondrement d\u2019une mine clandestine"}]},{"@type":"WebSite","@id":"https:\/\/www.gold.fr\/news\/#website","url":"https:\/\/www.gold.fr\/news\/","name":"Gold.fr","description":"Actualit\u00e9s de l&#039;Or et des m\u00e9taux pr\u00e9cieux","potentialAction":[{"@type":"SearchAction","target":{"@type":"EntryPoint","urlTemplate":"https:\/\/www.gold.fr\/news\/?s={search_term_string}"},"query-input":{"@type":"PropertyValueSpecification","valueRequired":true,"valueName":"search_term_string"}}],"inLanguage":"fr-FR"},{"@type":"Person","@id":"https:\/\/www.gold.fr\/news\/#\/schema\/person\/070491b4b4fb7671bf59b3be20302ce9","name":"Comptoir National de l'Or","image":{"@type":"ImageObject","inLanguage":"fr-FR","@id":"https:\/\/secure.gravatar.com\/avatar\/0a2867fd5abe37bed95d5a65e9d58f01756e11efc68af9888dfc50cfa7f65948?s=96&d=mm&r=gb490554db0a38188709de567aa58480d","url":"https:\/\/secure.gravatar.com\/avatar\/0a2867fd5abe37bed95d5a65e9d58f01756e11efc68af9888dfc50cfa7f65948?s=96&d=mm&r=g","contentUrl":"https:\/\/secure.gravatar.com\/avatar\/0a2867fd5abe37bed95d5a65e9d58f01756e11efc68af9888dfc50cfa7f65948?s=96&d=mm&r=g","caption":"Comptoir National de l'Or"},"description":"Notre r\u00e9daction est constitu\u00e9e de membres experts dans les m\u00e9tiers de l'\u00e9conomie et la gestion, des Responsables d'agence Comptoir National de l'Or, des analystes financiers qui publient r\u00e9guli\u00e8rement des \u00e9tudes sur les politiques des banques centrales, le cours de l'or, prix de l'or, cours de l'argent, prix de l'argent, cours du platine, cours du palladium,... la situation en zone euro et l'impact de la strat\u00e9gie mon\u00e9taire de la FED. Notre \u00e9quipe scrute \u00e9galement une information plus g\u00e9n\u00e9raliste \u00e0 la recherche d'actualit\u00e9 \"p\u00e9pite\" \u00e0 vous partager. Depuis 5 ans, nous avons publi\u00e9 un peu plus de 4000 articles qui s'adressent \u00e0 un public large et vari\u00e9 ayant pour objectif de satisfaire votre curiosit\u00e9 et de partager avec vous une certaine fascination pour le m\u00e9tal jaune, le rachat d'or, et pour ceux qui veulent investir dans l'or, vendre leur or tout simplement en savoir plus... Pour tous vos achat or et argent, n'h\u00e9sitez pas \u00e0 prendre rendez-vous dans l'un de nos nombreux comptoirs.","sameAs":["https:\/\/www.gold.fr"]}]}},"authors":[{"term_id":2565,"user_id":18,"is_guest":0,"slug":"julie","display_name":"Comptoir National de l'Or","avatar_url":"https:\/\/secure.gravatar.com\/avatar\/713f289e398d35ead876c4a4cc08607f0d6d266058cfc25683fffb6092d0e572?s=96&d=mm&r=g","0":null,"1":"","2":"","3":"","4":"","5":"","6":"","7":"","8":""}],"_links":{"self":[{"href":"https:\/\/www.gold.fr\/news\/wp-json\/wp\/v2\/posts\/15739","targetHints":{"allow":["GET"]}}],"collection":[{"href":"https:\/\/www.gold.fr\/news\/wp-json\/wp\/v2\/posts"}],"about":[{"href":"https:\/\/www.gold.fr\/news\/wp-json\/wp\/v2\/types\/post"}],"author":[{"embeddable":true,"href":"https:\/\/www.gold.fr\/news\/wp-json\/wp\/v2\/users\/18"}],"replies":[{"embeddable":true,"href":"https:\/\/www.gold.fr\/news\/wp-json\/wp\/v2\/comments?post=15739"}],"version-history":[{"count":0,"href":"https:\/\/www.gold.fr\/news\/wp-json\/wp\/v2\/posts\/15739\/revisions"}],"wp:featuredmedia":[{"embeddable":true,"href":"https:\/\/www.gold.fr\/news\/wp-json\/wp\/v2\/media\/7877"}],"wp:attachment":[{"href":"https:\/\/www.gold.fr\/news\/wp-json\/wp\/v2\/media?parent=15739"}],"wp:term":[{"taxonomy":"category","embeddable":true,"href":"https:\/\/www.gold.fr\/news\/wp-json\/wp\/v2\/categories?post=15739"},{"taxonomy":"post_tag","embeddable":true,"href":"https:\/\/www.gold.fr\/news\/wp-json\/wp\/v2\/tags?post=15739"},{"taxonomy":"author","embeddable":true,"href":"https:\/\/www.gold.fr\/news\/wp-json\/wp\/v2\/ppma_author?post=15739"}],"curies":[{"name":"wp","href":"https:\/\/api.w.org\/{rel}","templated":true}]}}