{"id":15605,"date":"2014-09-22T09:00:02","date_gmt":"2014-09-22T07:00:02","guid":{"rendered":"https:\/\/www.gold.fr\/news\/?p=15605"},"modified":"2017-11-02T11:31:11","modified_gmt":"2017-11-02T10:31:11","slug":"yellen-tire-encore-lor-vers-le-bas","status":"publish","type":"post","link":"https:\/\/www.gold.fr\/news\/2014\/09\/22\/yellen-tire-encore-lor-vers-le-bas\/","title":{"rendered":"Yellen tire encore l\u2019or vers le bas"},"content":{"rendered":"<p><span style=\"font-size: small;\"><img loading=\"lazy\" decoding=\"async\" class=\"alignleft size-thumbnail wp-image-3164\" title=\"Yellen tire encore l\u2019or vers le bas\" src=\"https:\/\/www.gold.fr\/news\/wp-content\/uploads\/2011\/10\/Lingotins-dor-150x150.jpg\" alt=\"\" width=\"150\" height=\"150\" \/>C&rsquo;\u00e9tait assez pr\u00e9visible, m\u00eame si quelques optimistes esp\u00e9raient encore, depuis le d\u00e9but de la semaine, voir la r\u00e9serve f\u00e9d\u00e9rale am\u00e9ricaine faire le seul choix -tr\u00e8s improbable- capable de donner un coup de pouce significatif au march\u00e9 aurif\u00e8re. Mais le discours de la pr\u00e9sidente de la <strong>FED<\/strong> aura vite fait de refroidir (\u00e0 nouveau) l&rsquo;intensit\u00e9 de ces espoirs, renfor\u00e7ant la position confiante de l&rsquo;institution quant \u00e0 l&rsquo;avenir de l&rsquo;\u00e9conomie am\u00e9ricaine.<\/span>    <span style=\"font-size: small;\"> Au terme de ses deux jours de r\u00e9union traditionnelle, le comit\u00e9 de direction de la politique mon\u00e9taire de la <strong>FED<\/strong> (<strong>FOMC<\/strong>) a finalement annonc\u00e9 des d\u00e9cisions globalement conformes aux attentes d&rsquo;un consensus expert qui n&rsquo;en demeurait pas moins f\u00e9brile, depuis quelques jours. Dans le cadre de la conf\u00e9rence de presse qu&rsquo;elle a donn\u00e9e jeudi soir, <strong>Janet Yellen<\/strong> a donc annonc\u00e9 que la r\u00e9serve f\u00e9d\u00e9rale am\u00e9ricaine proc\u00e8dera d\u00e8s la fin de ce mois-ci \u00e0 une nouvelle vague de r\u00e9duction des montants de rachats d&rsquo;obligations, ce qui m\u00e8nera l&rsquo;ensemble du fameux programme <strong>QE<\/strong> \u00e0 son terme, d\u00e8s le mois prochain. Seuls les taux d&rsquo;int\u00e9r\u00eat directeurs de l&rsquo;institution continuent encore \u00e0 offrir un semblant de b\u00e9quille \u00e0 l&rsquo;\u00e9conomie US dont la solide reprise b\u00e9n\u00e9ficie manifestement de l&rsquo;enti\u00e8re confiance de la premi\u00e8re institution financi\u00e8re du pays.<\/span>    <span style=\"font-size: small;\"> De son c\u00f4t\u00e9, le <a href='https:\/\/www.gold.fr\/news\/tags\/or' class='esk-seo-plu-link'>m\u00e9tal jaune<\/a> flanche clairement sous le poids de ces d\u00e9cisions et encaisse d&rsquo;ores et d\u00e9j\u00e0 le contrecoup de la performance du billet vert qui ne manquera pas de f\u00eater dignement ces nouvelles.<\/span>    <span style=\"font-size: small;\"> Les analystes de Saxo banque soulignent d&rsquo;ailleurs \u00e0 ce sujet que \u00ab<em> l&rsquo;<a href='https:\/\/www.gold.fr\/news\/tags\/or' class='esk-seo-plu-link'>or<\/a> a atteint son plus bas niveau depuis le d\u00e9but de l&rsquo;ann\u00e9e suite au discours de la FED, effa\u00e7ant donc les gains engrang\u00e9s suite aux diff\u00e9rents crises et tensions g\u00e9opolitiques \u00e0 travers le monde notamment<\/em> \u00bb.<\/span><\/p>\n<!-- AddThis Advanced Settings generic via filter on the_content --><!-- AddThis Share Buttons generic via filter on the_content -->","protected":false},"excerpt":{"rendered":"<p>C&rsquo;\u00e9tait assez pr\u00e9visible, m\u00eame si quelques optimistes esp\u00e9raient encore, depuis le d\u00e9but de la semaine, voir la r\u00e9serve f\u00e9d\u00e9rale am\u00e9ricaine faire le seul choix -tr\u00e8s improbable- capable de donner un coup de pouce significatif au march\u00e9 [&hellip;]<\/p>\n","protected":false},"author":18,"featured_media":3164,"comment_status":"open","ping_status":"open","sticky":false,"template":"","format":"standard","meta":{"_mbp_gutenberg_autopost":false,"_pgmb_is_evergreen":false,"_pgmb_ap_template_id":0,"footnotes":""},"categories":[6],"tags":[1100,144,1034,1504],"ppma_author":[2565],"class_list":["post-15605","post","type-post","status-publish","format-standard","has-post-thumbnail","hentry","category-articles-de-presse","tag-economie-us","tag-fed","tag-fomc","tag-janet-yellen"],"yoast_head":"<!-- This site is optimized with the Yoast SEO plugin v27.5 - https:\/\/yoast.com\/product\/yoast-seo-wordpress\/ -->\n<title>Yellen tire encore l\u2019or vers le bas - Gold.fr<\/title>\n<meta name=\"robots\" content=\"index, follow, max-snippet:-1, max-image-preview:large, max-video-preview:-1\" \/>\n<link rel=\"canonical\" href=\"https:\/\/www.gold.fr\/news\/2014\/09\/22\/yellen-tire-encore-lor-vers-le-bas\/\" \/>\n<meta property=\"og:locale\" content=\"fr_FR\" \/>\n<meta property=\"og:type\" content=\"article\" \/>\n<meta property=\"og:title\" content=\"Yellen tire encore l\u2019or vers le bas - Gold.fr\" \/>\n<meta property=\"og:description\" content=\"C&rsquo;\u00e9tait assez pr\u00e9visible, m\u00eame si quelques optimistes esp\u00e9raient encore, depuis le d\u00e9but de la semaine, voir la r\u00e9serve f\u00e9d\u00e9rale am\u00e9ricaine faire le seul choix -tr\u00e8s improbable- capable de donner un coup de pouce significatif au march\u00e9 [&hellip;]\" \/>\n<meta property=\"og:url\" content=\"https:\/\/www.gold.fr\/news\/2014\/09\/22\/yellen-tire-encore-lor-vers-le-bas\/\" \/>\n<meta property=\"og:site_name\" content=\"Gold.fr\" \/>\n<meta property=\"article:publisher\" content=\"https:\/\/www.facebook.com\/Goldfr\/\" \/>\n<meta property=\"article:published_time\" content=\"2014-09-22T07:00:02+00:00\" \/>\n<meta property=\"article:modified_time\" content=\"2017-11-02T10:31:11+00:00\" \/>\n<meta property=\"og:image\" content=\"https:\/\/www.gold.fr\/news\/wp-content\/uploads\/2011\/10\/Lingotins-dor-e1319726837960.jpg\" \/>\n\t<meta property=\"og:image:width\" content=\"600\" \/>\n\t<meta property=\"og:image:height\" content=\"426\" \/>\n\t<meta property=\"og:image:type\" content=\"image\/jpeg\" \/>\n<meta name=\"author\" content=\"Comptoir National de l&#039;Or\" \/>\n<meta name=\"twitter:card\" content=\"summary_large_image\" \/>\n<meta name=\"twitter:label1\" content=\"\u00c9crit par\" \/>\n\t<meta name=\"twitter:data1\" content=\"Comptoir National de l&#039;Or\" \/>\n\t<meta name=\"twitter:label2\" content=\"Dur\u00e9e de lecture estim\u00e9e\" \/>\n\t<meta name=\"twitter:data2\" content=\"2 minutes\" \/>\n<script type=\"application\/ld+json\" class=\"yoast-schema-graph\">{\"@context\":\"https:\\\/\\\/schema.org\",\"@graph\":[{\"@type\":\"Article\",\"@id\":\"https:\\\/\\\/www.gold.fr\\\/news\\\/2014\\\/09\\\/22\\\/yellen-tire-encore-lor-vers-le-bas\\\/#article\",\"isPartOf\":{\"@id\":\"https:\\\/\\\/www.gold.fr\\\/news\\\/2014\\\/09\\\/22\\\/yellen-tire-encore-lor-vers-le-bas\\\/\"},\"author\":{\"name\":\"Comptoir National de l'Or\",\"@id\":\"https:\\\/\\\/www.gold.fr\\\/news\\\/#\\\/schema\\\/person\\\/070491b4b4fb7671bf59b3be20302ce9\"},\"headline\":\"Yellen tire encore l\u2019or vers le bas\",\"datePublished\":\"2014-09-22T07:00:02+00:00\",\"dateModified\":\"2017-11-02T10:31:11+00:00\",\"mainEntityOfPage\":{\"@id\":\"https:\\\/\\\/www.gold.fr\\\/news\\\/2014\\\/09\\\/22\\\/yellen-tire-encore-lor-vers-le-bas\\\/\"},\"wordCount\":348,\"commentCount\":0,\"image\":{\"@id\":\"https:\\\/\\\/www.gold.fr\\\/news\\\/2014\\\/09\\\/22\\\/yellen-tire-encore-lor-vers-le-bas\\\/#primaryimage\"},\"thumbnailUrl\":\"https:\\\/\\\/www.gold.fr\\\/news\\\/wp-content\\\/uploads\\\/2011\\\/10\\\/Lingotins-dor-e1319726837960.jpg\",\"keywords\":[\"\u00e9conomie US\",\"fed\",\"FOMC\",\"Janet Yellen\"],\"articleSection\":[\"Articles de presse\"],\"inLanguage\":\"fr-FR\"},{\"@type\":\"WebPage\",\"@id\":\"https:\\\/\\\/www.gold.fr\\\/news\\\/2014\\\/09\\\/22\\\/yellen-tire-encore-lor-vers-le-bas\\\/\",\"url\":\"https:\\\/\\\/www.gold.fr\\\/news\\\/2014\\\/09\\\/22\\\/yellen-tire-encore-lor-vers-le-bas\\\/\",\"name\":\"Yellen tire encore l\u2019or vers le bas - Gold.fr\",\"isPartOf\":{\"@id\":\"https:\\\/\\\/www.gold.fr\\\/news\\\/#website\"},\"primaryImageOfPage\":{\"@id\":\"https:\\\/\\\/www.gold.fr\\\/news\\\/2014\\\/09\\\/22\\\/yellen-tire-encore-lor-vers-le-bas\\\/#primaryimage\"},\"image\":{\"@id\":\"https:\\\/\\\/www.gold.fr\\\/news\\\/2014\\\/09\\\/22\\\/yellen-tire-encore-lor-vers-le-bas\\\/#primaryimage\"},\"thumbnailUrl\":\"https:\\\/\\\/www.gold.fr\\\/news\\\/wp-content\\\/uploads\\\/2011\\\/10\\\/Lingotins-dor-e1319726837960.jpg\",\"datePublished\":\"2014-09-22T07:00:02+00:00\",\"dateModified\":\"2017-11-02T10:31:11+00:00\",\"author\":{\"@id\":\"https:\\\/\\\/www.gold.fr\\\/news\\\/#\\\/schema\\\/person\\\/070491b4b4fb7671bf59b3be20302ce9\"},\"breadcrumb\":{\"@id\":\"https:\\\/\\\/www.gold.fr\\\/news\\\/2014\\\/09\\\/22\\\/yellen-tire-encore-lor-vers-le-bas\\\/#breadcrumb\"},\"inLanguage\":\"fr-FR\",\"potentialAction\":[{\"@type\":\"ReadAction\",\"target\":[\"https:\\\/\\\/www.gold.fr\\\/news\\\/2014\\\/09\\\/22\\\/yellen-tire-encore-lor-vers-le-bas\\\/\"]}]},{\"@type\":\"ImageObject\",\"inLanguage\":\"fr-FR\",\"@id\":\"https:\\\/\\\/www.gold.fr\\\/news\\\/2014\\\/09\\\/22\\\/yellen-tire-encore-lor-vers-le-bas\\\/#primaryimage\",\"url\":\"https:\\\/\\\/www.gold.fr\\\/news\\\/wp-content\\\/uploads\\\/2011\\\/10\\\/Lingotins-dor-e1319726837960.jpg\",\"contentUrl\":\"https:\\\/\\\/www.gold.fr\\\/news\\\/wp-content\\\/uploads\\\/2011\\\/10\\\/Lingotins-dor-e1319726837960.jpg\",\"width\":\"600\",\"height\":\"426\",\"caption\":\"L\u2019once finit la semaine dans le vert\"},{\"@type\":\"BreadcrumbList\",\"@id\":\"https:\\\/\\\/www.gold.fr\\\/news\\\/2014\\\/09\\\/22\\\/yellen-tire-encore-lor-vers-le-bas\\\/#breadcrumb\",\"itemListElement\":[{\"@type\":\"ListItem\",\"position\":1,\"name\":\"Accueil\",\"item\":\"https:\\\/\\\/www.gold.fr\\\/\"},{\"@type\":\"ListItem\",\"position\":2,\"name\":\"Actualit\u00e9s\",\"item\":\"https:\\\/\\\/www.gold.fr\\\/news\\\/\"},{\"@type\":\"ListItem\",\"position\":3,\"name\":\"Yellen tire encore l\u2019or vers le bas\"}]},{\"@type\":\"WebSite\",\"@id\":\"https:\\\/\\\/www.gold.fr\\\/news\\\/#website\",\"url\":\"https:\\\/\\\/www.gold.fr\\\/news\\\/\",\"name\":\"Gold.fr\",\"description\":\"Actualit\u00e9s de l&#039;Or et des m\u00e9taux pr\u00e9cieux\",\"potentialAction\":[{\"@type\":\"SearchAction\",\"target\":{\"@type\":\"EntryPoint\",\"urlTemplate\":\"https:\\\/\\\/www.gold.fr\\\/news\\\/?s={search_term_string}\"},\"query-input\":{\"@type\":\"PropertyValueSpecification\",\"valueRequired\":true,\"valueName\":\"search_term_string\"}}],\"inLanguage\":\"fr-FR\"},{\"@type\":\"Person\",\"@id\":\"https:\\\/\\\/www.gold.fr\\\/news\\\/#\\\/schema\\\/person\\\/070491b4b4fb7671bf59b3be20302ce9\",\"name\":\"Comptoir National de l'Or\",\"image\":{\"@type\":\"ImageObject\",\"inLanguage\":\"fr-FR\",\"@id\":\"https:\\\/\\\/secure.gravatar.com\\\/avatar\\\/0a2867fd5abe37bed95d5a65e9d58f01756e11efc68af9888dfc50cfa7f65948?s=96&d=mm&r=gb490554db0a38188709de567aa58480d\",\"url\":\"https:\\\/\\\/secure.gravatar.com\\\/avatar\\\/0a2867fd5abe37bed95d5a65e9d58f01756e11efc68af9888dfc50cfa7f65948?s=96&d=mm&r=g\",\"contentUrl\":\"https:\\\/\\\/secure.gravatar.com\\\/avatar\\\/0a2867fd5abe37bed95d5a65e9d58f01756e11efc68af9888dfc50cfa7f65948?s=96&d=mm&r=g\",\"caption\":\"Comptoir National de l'Or\"},\"description\":\"Notre r\u00e9daction est constitu\u00e9e de membres experts dans les m\u00e9tiers de l'\u00e9conomie et la gestion, des Responsables d'agence Comptoir National de l'Or, des analystes financiers qui publient r\u00e9guli\u00e8rement des \u00e9tudes sur les politiques des banques centrales, le cours de l'or, prix de l'or, cours de l'argent, prix de l'argent, cours du platine, cours du palladium,... la situation en zone euro et l'impact de la strat\u00e9gie mon\u00e9taire de la FED. Notre \u00e9quipe scrute \u00e9galement une information plus g\u00e9n\u00e9raliste \u00e0 la recherche d'actualit\u00e9 \\\"p\u00e9pite\\\" \u00e0 vous partager. Depuis 5 ans, nous avons publi\u00e9 un peu plus de 4000 articles qui s'adressent \u00e0 un public large et vari\u00e9 ayant pour objectif de satisfaire votre curiosit\u00e9 et de partager avec vous une certaine fascination pour le m\u00e9tal jaune, le rachat d'or, et pour ceux qui veulent investir dans l'or, vendre leur or tout simplement en savoir plus... Pour tous vos achat or et argent, n'h\u00e9sitez pas \u00e0 prendre rendez-vous dans l'un de nos nombreux comptoirs.\",\"sameAs\":[\"https:\\\/\\\/www.gold.fr\"]}]}<\/script>\n<!-- \/ Yoast SEO plugin. -->","yoast_head_json":{"title":"Yellen tire encore l\u2019or vers le bas - Gold.fr","robots":{"index":"index","follow":"follow","max-snippet":"max-snippet:-1","max-image-preview":"max-image-preview:large","max-video-preview":"max-video-preview:-1"},"canonical":"https:\/\/www.gold.fr\/news\/2014\/09\/22\/yellen-tire-encore-lor-vers-le-bas\/","og_locale":"fr_FR","og_type":"article","og_title":"Yellen tire encore l\u2019or vers le bas - Gold.fr","og_description":"C&rsquo;\u00e9tait assez pr\u00e9visible, m\u00eame si quelques optimistes esp\u00e9raient encore, depuis le d\u00e9but de la semaine, voir la r\u00e9serve f\u00e9d\u00e9rale am\u00e9ricaine faire le seul choix -tr\u00e8s improbable- capable de donner un coup de pouce significatif au march\u00e9 [&hellip;]","og_url":"https:\/\/www.gold.fr\/news\/2014\/09\/22\/yellen-tire-encore-lor-vers-le-bas\/","og_site_name":"Gold.fr","article_publisher":"https:\/\/www.facebook.com\/Goldfr\/","article_published_time":"2014-09-22T07:00:02+00:00","article_modified_time":"2017-11-02T10:31:11+00:00","og_image":[{"width":600,"height":426,"url":"https:\/\/www.gold.fr\/news\/wp-content\/uploads\/2011\/10\/Lingotins-dor-e1319726837960.jpg","type":"image\/jpeg"}],"author":"Comptoir National de l'Or","twitter_card":"summary_large_image","twitter_misc":{"\u00c9crit par":"Comptoir National de l'Or","Dur\u00e9e de lecture estim\u00e9e":"2 minutes"},"schema":{"@context":"https:\/\/schema.org","@graph":[{"@type":"Article","@id":"https:\/\/www.gold.fr\/news\/2014\/09\/22\/yellen-tire-encore-lor-vers-le-bas\/#article","isPartOf":{"@id":"https:\/\/www.gold.fr\/news\/2014\/09\/22\/yellen-tire-encore-lor-vers-le-bas\/"},"author":{"name":"Comptoir National de l'Or","@id":"https:\/\/www.gold.fr\/news\/#\/schema\/person\/070491b4b4fb7671bf59b3be20302ce9"},"headline":"Yellen tire encore l\u2019or vers le bas","datePublished":"2014-09-22T07:00:02+00:00","dateModified":"2017-11-02T10:31:11+00:00","mainEntityOfPage":{"@id":"https:\/\/www.gold.fr\/news\/2014\/09\/22\/yellen-tire-encore-lor-vers-le-bas\/"},"wordCount":348,"commentCount":0,"image":{"@id":"https:\/\/www.gold.fr\/news\/2014\/09\/22\/yellen-tire-encore-lor-vers-le-bas\/#primaryimage"},"thumbnailUrl":"https:\/\/www.gold.fr\/news\/wp-content\/uploads\/2011\/10\/Lingotins-dor-e1319726837960.jpg","keywords":["\u00e9conomie US","fed","FOMC","Janet Yellen"],"articleSection":["Articles de presse"],"inLanguage":"fr-FR"},{"@type":"WebPage","@id":"https:\/\/www.gold.fr\/news\/2014\/09\/22\/yellen-tire-encore-lor-vers-le-bas\/","url":"https:\/\/www.gold.fr\/news\/2014\/09\/22\/yellen-tire-encore-lor-vers-le-bas\/","name":"Yellen tire encore l\u2019or vers le bas - Gold.fr","isPartOf":{"@id":"https:\/\/www.gold.fr\/news\/#website"},"primaryImageOfPage":{"@id":"https:\/\/www.gold.fr\/news\/2014\/09\/22\/yellen-tire-encore-lor-vers-le-bas\/#primaryimage"},"image":{"@id":"https:\/\/www.gold.fr\/news\/2014\/09\/22\/yellen-tire-encore-lor-vers-le-bas\/#primaryimage"},"thumbnailUrl":"https:\/\/www.gold.fr\/news\/wp-content\/uploads\/2011\/10\/Lingotins-dor-e1319726837960.jpg","datePublished":"2014-09-22T07:00:02+00:00","dateModified":"2017-11-02T10:31:11+00:00","author":{"@id":"https:\/\/www.gold.fr\/news\/#\/schema\/person\/070491b4b4fb7671bf59b3be20302ce9"},"breadcrumb":{"@id":"https:\/\/www.gold.fr\/news\/2014\/09\/22\/yellen-tire-encore-lor-vers-le-bas\/#breadcrumb"},"inLanguage":"fr-FR","potentialAction":[{"@type":"ReadAction","target":["https:\/\/www.gold.fr\/news\/2014\/09\/22\/yellen-tire-encore-lor-vers-le-bas\/"]}]},{"@type":"ImageObject","inLanguage":"fr-FR","@id":"https:\/\/www.gold.fr\/news\/2014\/09\/22\/yellen-tire-encore-lor-vers-le-bas\/#primaryimage","url":"https:\/\/www.gold.fr\/news\/wp-content\/uploads\/2011\/10\/Lingotins-dor-e1319726837960.jpg","contentUrl":"https:\/\/www.gold.fr\/news\/wp-content\/uploads\/2011\/10\/Lingotins-dor-e1319726837960.jpg","width":"600","height":"426","caption":"L\u2019once finit la semaine dans le vert"},{"@type":"BreadcrumbList","@id":"https:\/\/www.gold.fr\/news\/2014\/09\/22\/yellen-tire-encore-lor-vers-le-bas\/#breadcrumb","itemListElement":[{"@type":"ListItem","position":1,"name":"Accueil","item":"https:\/\/www.gold.fr\/"},{"@type":"ListItem","position":2,"name":"Actualit\u00e9s","item":"https:\/\/www.gold.fr\/news\/"},{"@type":"ListItem","position":3,"name":"Yellen tire encore l\u2019or vers le bas"}]},{"@type":"WebSite","@id":"https:\/\/www.gold.fr\/news\/#website","url":"https:\/\/www.gold.fr\/news\/","name":"Gold.fr","description":"Actualit\u00e9s de l&#039;Or et des m\u00e9taux pr\u00e9cieux","potentialAction":[{"@type":"SearchAction","target":{"@type":"EntryPoint","urlTemplate":"https:\/\/www.gold.fr\/news\/?s={search_term_string}"},"query-input":{"@type":"PropertyValueSpecification","valueRequired":true,"valueName":"search_term_string"}}],"inLanguage":"fr-FR"},{"@type":"Person","@id":"https:\/\/www.gold.fr\/news\/#\/schema\/person\/070491b4b4fb7671bf59b3be20302ce9","name":"Comptoir National de l'Or","image":{"@type":"ImageObject","inLanguage":"fr-FR","@id":"https:\/\/secure.gravatar.com\/avatar\/0a2867fd5abe37bed95d5a65e9d58f01756e11efc68af9888dfc50cfa7f65948?s=96&d=mm&r=gb490554db0a38188709de567aa58480d","url":"https:\/\/secure.gravatar.com\/avatar\/0a2867fd5abe37bed95d5a65e9d58f01756e11efc68af9888dfc50cfa7f65948?s=96&d=mm&r=g","contentUrl":"https:\/\/secure.gravatar.com\/avatar\/0a2867fd5abe37bed95d5a65e9d58f01756e11efc68af9888dfc50cfa7f65948?s=96&d=mm&r=g","caption":"Comptoir National de l'Or"},"description":"Notre r\u00e9daction est constitu\u00e9e de membres experts dans les m\u00e9tiers de l'\u00e9conomie et la gestion, des Responsables d'agence Comptoir National de l'Or, des analystes financiers qui publient r\u00e9guli\u00e8rement des \u00e9tudes sur les politiques des banques centrales, le cours de l'or, prix de l'or, cours de l'argent, prix de l'argent, cours du platine, cours du palladium,... la situation en zone euro et l'impact de la strat\u00e9gie mon\u00e9taire de la FED. Notre \u00e9quipe scrute \u00e9galement une information plus g\u00e9n\u00e9raliste \u00e0 la recherche d'actualit\u00e9 \"p\u00e9pite\" \u00e0 vous partager. Depuis 5 ans, nous avons publi\u00e9 un peu plus de 4000 articles qui s'adressent \u00e0 un public large et vari\u00e9 ayant pour objectif de satisfaire votre curiosit\u00e9 et de partager avec vous une certaine fascination pour le m\u00e9tal jaune, le rachat d'or, et pour ceux qui veulent investir dans l'or, vendre leur or tout simplement en savoir plus... Pour tous vos achat or et argent, n'h\u00e9sitez pas \u00e0 prendre rendez-vous dans l'un de nos nombreux comptoirs.","sameAs":["https:\/\/www.gold.fr"]}]}},"authors":[{"term_id":2565,"user_id":18,"is_guest":0,"slug":"julie","display_name":"Comptoir National de l'Or","avatar_url":"https:\/\/secure.gravatar.com\/avatar\/713f289e398d35ead876c4a4cc08607f0d6d266058cfc25683fffb6092d0e572?s=96&d=mm&r=g","0":null,"1":"","2":"","3":"","4":"","5":"","6":"","7":"","8":""}],"_links":{"self":[{"href":"https:\/\/www.gold.fr\/news\/wp-json\/wp\/v2\/posts\/15605","targetHints":{"allow":["GET"]}}],"collection":[{"href":"https:\/\/www.gold.fr\/news\/wp-json\/wp\/v2\/posts"}],"about":[{"href":"https:\/\/www.gold.fr\/news\/wp-json\/wp\/v2\/types\/post"}],"author":[{"embeddable":true,"href":"https:\/\/www.gold.fr\/news\/wp-json\/wp\/v2\/users\/18"}],"replies":[{"embeddable":true,"href":"https:\/\/www.gold.fr\/news\/wp-json\/wp\/v2\/comments?post=15605"}],"version-history":[{"count":0,"href":"https:\/\/www.gold.fr\/news\/wp-json\/wp\/v2\/posts\/15605\/revisions"}],"wp:featuredmedia":[{"embeddable":true,"href":"https:\/\/www.gold.fr\/news\/wp-json\/wp\/v2\/media\/3164"}],"wp:attachment":[{"href":"https:\/\/www.gold.fr\/news\/wp-json\/wp\/v2\/media?parent=15605"}],"wp:term":[{"taxonomy":"category","embeddable":true,"href":"https:\/\/www.gold.fr\/news\/wp-json\/wp\/v2\/categories?post=15605"},{"taxonomy":"post_tag","embeddable":true,"href":"https:\/\/www.gold.fr\/news\/wp-json\/wp\/v2\/tags?post=15605"},{"taxonomy":"author","embeddable":true,"href":"https:\/\/www.gold.fr\/news\/wp-json\/wp\/v2\/ppma_author?post=15605"}],"curies":[{"name":"wp","href":"https:\/\/api.w.org\/{rel}","templated":true}]}}