{"id":15602,"date":"2014-09-19T17:00:05","date_gmt":"2014-09-19T15:00:05","guid":{"rendered":"https:\/\/www.gold.fr\/news\/?p=15602"},"modified":"2017-11-02T11:41:18","modified_gmt":"2017-11-02T10:41:18","slug":"la-fed-et-lecosse-se-disputent-lattention-des-marches","status":"publish","type":"post","link":"https:\/\/www.gold.fr\/news\/2014\/09\/19\/la-fed-et-lecosse-se-disputent-lattention-des-marches\/","title":{"rendered":"La FED et l\u2019Ecosse se disputent l\u2019attention des march\u00e9s"},"content":{"rendered":"<p><img loading=\"lazy\" decoding=\"async\" class=\"alignleft size-thumbnail wp-image-2965\" title=\"La FED et l\u2019Ecosse se disputent l\u2019attention des march\u00e9s\" src=\"https:\/\/www.gold.fr\/news\/wp-content\/uploads\/2011\/10\/78327213-150x150.jpg\" alt=\"\" width=\"150\" height=\"150\" \/><span style=\"font-size: small;\">Et il est, c&rsquo;est vrai, difficile de faire un choix entre les deux actualit\u00e9s majeures, m\u00eame si l&rsquo;une appartient \u00e0 la sph\u00e8re g\u00e9opolitique et que l&rsquo;autre nous est servie par un contexte purement \u00e9conomique. Mais un point commun r\u00e9unit ind\u00e9niablement les derni\u00e8res annonces de la <strong>FED<\/strong> et le \u2018<em>non<\/em>&lsquo; majoritaire \u00e9cossais refusant de se d\u00e9faire du Royaume-Uni ; les deux nouvelles ont fait d\u00e9ferler, \u00e0 l&rsquo;unisson, une gigantesque vague de soulagement sur l&rsquo;ensemble des march\u00e9s d&rsquo;investissement \u00e0 travers le monde, et notamment des deux c\u00f4t\u00e9s de l&rsquo;Atlantique.<\/span>    <span style=\"font-size: small;\"> Francfort, Paris, Amsterdam, Lisbonne, Madrid, Bruxelles, Londres, Milan, New York, <strong>Dow Jones<\/strong> et <strong>Nasdaq<\/strong> ont tous cl\u00f4tur\u00e9 la semaine avec des performances haussi\u00e8res variant entre <strong>0,4%<\/strong> et <strong>1%<\/strong>. Les places boursi\u00e8res majeures sont ainsi naturellement rassur\u00e9es par les derniers \u00e9v\u00e9nements qui installent clairement les bases d&rsquo;une stabilit\u00e9 \u00e9conomique et politique Us et Euro, tout du moins sur le court terme.<\/span>  <span style=\"font-size: small;\"> Chez <strong>RTFX<\/strong>, on explique que \u00ab<em> le march\u00e9 action am\u00e9ricain a r\u00e9ussi \u00e0 cl\u00f4turer en territoire positif (\u2026), apr\u00e8s que la FED ait indiqu\u00e9 que ce serait la fin du QE (quantitative easing) en octobre et ait r\u00e9it\u00e9r\u00e9 le fait qu&rsquo;elle ne rel\u00e8verait pas ses taux avant une p\u00e9riode consid\u00e9rable <\/em>\u00bb. De son c\u00f4t\u00e9, <strong>Stan Shamu<\/strong>, strat\u00e9giste chez <strong>IG<\/strong>, rappelle que la victoire du \u2018<em>non<\/em>&lsquo; (en Ecosse) devrait entra\u00eener \u00ab <em>un vrai rally de soulagement et aurait un effet b\u00e9n\u00e9fique sur la livre comme sur les actions<\/em> \u00bb.<\/span>  <span style=\"font-size: small;\"> Mais chez le courtier londonien <strong>Triland Metals<\/strong>, c&rsquo;est surtout pour le <a href='https:\/\/www.gold.fr\/news\/tags\/or' class='esk-seo-plu-link'>m\u00e9tal jaune<\/a> qu&rsquo;on s&rsquo;inqui\u00e8te, soulignant que, avec les r\u00e9cents d\u00e9veloppements \u00e9conomiques et autres, \u00ab <em><a title=\"L\u2019or corrige s\u00e9v\u00e8rement, au jour-J de la FED\" href=\"https:\/\/www.gold.fr\/news\/2014\/09\/18\/lor-corrige-severement-au-jour-j-de-la-fed\/15591\/\" target=\"_blank\">l&rsquo;or est bien parti pour continuer de baisser<\/a>, et les <strong>1.180 dollars<\/strong> pourraient \u00eatre tr\u00e8s bient\u00f4t d&rsquo;actualit\u00e9<\/em> \u00bb. <\/span><\/p>\n<!-- AddThis Advanced Settings generic via filter on the_content --><!-- AddThis Share Buttons generic via filter on the_content -->","protected":false},"excerpt":{"rendered":"<p>Et il est, c&rsquo;est vrai, difficile de faire un choix entre les deux actualit\u00e9s majeures, m\u00eame si l&rsquo;une appartient \u00e0 la sph\u00e8re g\u00e9opolitique et que l&rsquo;autre nous est servie par un contexte purement \u00e9conomique. Mais un [&hellip;]<\/p>\n","protected":false},"author":18,"featured_media":2965,"comment_status":"open","ping_status":"open","sticky":false,"template":"","format":"standard","meta":{"_mbp_gutenberg_autopost":false,"_pgmb_is_evergreen":false,"_pgmb_ap_template_id":0,"footnotes":""},"categories":[6],"tags":[961,1938,144,105],"ppma_author":[2565],"class_list":["post-15602","post","type-post","status-publish","format-standard","has-post-thumbnail","hentry","category-articles-de-presse","tag-cours-or","tag-ecosse","tag-fed","tag-marche"],"yoast_head":"<!-- This site is optimized with the Yoast SEO plugin v27.5 - https:\/\/yoast.com\/product\/yoast-seo-wordpress\/ -->\n<title>La FED et l\u2019Ecosse se disputent l\u2019attention des march\u00e9s - Gold.fr<\/title>\n<meta name=\"robots\" content=\"index, follow, max-snippet:-1, max-image-preview:large, max-video-preview:-1\" \/>\n<link rel=\"canonical\" href=\"https:\/\/www.gold.fr\/news\/2014\/09\/19\/la-fed-et-lecosse-se-disputent-lattention-des-marches\/\" \/>\n<meta property=\"og:locale\" content=\"fr_FR\" \/>\n<meta property=\"og:type\" content=\"article\" \/>\n<meta property=\"og:title\" content=\"La FED et l\u2019Ecosse se disputent l\u2019attention des march\u00e9s - Gold.fr\" \/>\n<meta property=\"og:description\" content=\"Et il est, c&rsquo;est vrai, difficile de faire un choix entre les deux actualit\u00e9s majeures, m\u00eame si l&rsquo;une appartient \u00e0 la sph\u00e8re g\u00e9opolitique et que l&rsquo;autre nous est servie par un contexte purement \u00e9conomique. Mais un [&hellip;]\" \/>\n<meta property=\"og:url\" content=\"https:\/\/www.gold.fr\/news\/2014\/09\/19\/la-fed-et-lecosse-se-disputent-lattention-des-marches\/\" \/>\n<meta property=\"og:site_name\" content=\"Gold.fr\" \/>\n<meta property=\"article:publisher\" content=\"https:\/\/www.facebook.com\/Goldfr\/\" \/>\n<meta property=\"article:published_time\" content=\"2014-09-19T15:00:05+00:00\" \/>\n<meta property=\"article:modified_time\" content=\"2017-11-02T10:41:18+00:00\" \/>\n<meta property=\"og:image\" content=\"https:\/\/www.gold.fr\/news\/wp-content\/uploads\/2011\/10\/78327213.jpg\" \/>\n\t<meta property=\"og:image:width\" content=\"600\" \/>\n\t<meta property=\"og:image:height\" content=\"429\" \/>\n\t<meta property=\"og:image:type\" content=\"image\/jpeg\" \/>\n<meta name=\"author\" content=\"Comptoir National de l&#039;Or\" \/>\n<meta name=\"twitter:card\" content=\"summary_large_image\" \/>\n<meta name=\"twitter:label1\" content=\"\u00c9crit par\" \/>\n\t<meta name=\"twitter:data1\" content=\"Comptoir National de l&#039;Or\" \/>\n\t<meta name=\"twitter:label2\" content=\"Dur\u00e9e de lecture estim\u00e9e\" \/>\n\t<meta name=\"twitter:data2\" content=\"2 minutes\" \/>\n<script type=\"application\/ld+json\" class=\"yoast-schema-graph\">{\"@context\":\"https:\\\/\\\/schema.org\",\"@graph\":[{\"@type\":\"Article\",\"@id\":\"https:\\\/\\\/www.gold.fr\\\/news\\\/2014\\\/09\\\/19\\\/la-fed-et-lecosse-se-disputent-lattention-des-marches\\\/#article\",\"isPartOf\":{\"@id\":\"https:\\\/\\\/www.gold.fr\\\/news\\\/2014\\\/09\\\/19\\\/la-fed-et-lecosse-se-disputent-lattention-des-marches\\\/\"},\"author\":{\"name\":\"Comptoir National de l'Or\",\"@id\":\"https:\\\/\\\/www.gold.fr\\\/news\\\/#\\\/schema\\\/person\\\/070491b4b4fb7671bf59b3be20302ce9\"},\"headline\":\"La FED et l\u2019Ecosse se disputent l\u2019attention des march\u00e9s\",\"datePublished\":\"2014-09-19T15:00:05+00:00\",\"dateModified\":\"2017-11-02T10:41:18+00:00\",\"mainEntityOfPage\":{\"@id\":\"https:\\\/\\\/www.gold.fr\\\/news\\\/2014\\\/09\\\/19\\\/la-fed-et-lecosse-se-disputent-lattention-des-marches\\\/\"},\"wordCount\":326,\"commentCount\":0,\"image\":{\"@id\":\"https:\\\/\\\/www.gold.fr\\\/news\\\/2014\\\/09\\\/19\\\/la-fed-et-lecosse-se-disputent-lattention-des-marches\\\/#primaryimage\"},\"thumbnailUrl\":\"https:\\\/\\\/www.gold.fr\\\/news\\\/wp-content\\\/uploads\\\/2011\\\/10\\\/78327213.jpg\",\"keywords\":[\"cours or\",\"Ecosse\",\"fed\",\"march\u00e9\"],\"articleSection\":[\"Articles de presse\"],\"inLanguage\":\"fr-FR\"},{\"@type\":\"WebPage\",\"@id\":\"https:\\\/\\\/www.gold.fr\\\/news\\\/2014\\\/09\\\/19\\\/la-fed-et-lecosse-se-disputent-lattention-des-marches\\\/\",\"url\":\"https:\\\/\\\/www.gold.fr\\\/news\\\/2014\\\/09\\\/19\\\/la-fed-et-lecosse-se-disputent-lattention-des-marches\\\/\",\"name\":\"La FED et l\u2019Ecosse se disputent l\u2019attention des march\u00e9s - Gold.fr\",\"isPartOf\":{\"@id\":\"https:\\\/\\\/www.gold.fr\\\/news\\\/#website\"},\"primaryImageOfPage\":{\"@id\":\"https:\\\/\\\/www.gold.fr\\\/news\\\/2014\\\/09\\\/19\\\/la-fed-et-lecosse-se-disputent-lattention-des-marches\\\/#primaryimage\"},\"image\":{\"@id\":\"https:\\\/\\\/www.gold.fr\\\/news\\\/2014\\\/09\\\/19\\\/la-fed-et-lecosse-se-disputent-lattention-des-marches\\\/#primaryimage\"},\"thumbnailUrl\":\"https:\\\/\\\/www.gold.fr\\\/news\\\/wp-content\\\/uploads\\\/2011\\\/10\\\/78327213.jpg\",\"datePublished\":\"2014-09-19T15:00:05+00:00\",\"dateModified\":\"2017-11-02T10:41:18+00:00\",\"author\":{\"@id\":\"https:\\\/\\\/www.gold.fr\\\/news\\\/#\\\/schema\\\/person\\\/070491b4b4fb7671bf59b3be20302ce9\"},\"breadcrumb\":{\"@id\":\"https:\\\/\\\/www.gold.fr\\\/news\\\/2014\\\/09\\\/19\\\/la-fed-et-lecosse-se-disputent-lattention-des-marches\\\/#breadcrumb\"},\"inLanguage\":\"fr-FR\",\"potentialAction\":[{\"@type\":\"ReadAction\",\"target\":[\"https:\\\/\\\/www.gold.fr\\\/news\\\/2014\\\/09\\\/19\\\/la-fed-et-lecosse-se-disputent-lattention-des-marches\\\/\"]}]},{\"@type\":\"ImageObject\",\"inLanguage\":\"fr-FR\",\"@id\":\"https:\\\/\\\/www.gold.fr\\\/news\\\/2014\\\/09\\\/19\\\/la-fed-et-lecosse-se-disputent-lattention-des-marches\\\/#primaryimage\",\"url\":\"https:\\\/\\\/www.gold.fr\\\/news\\\/wp-content\\\/uploads\\\/2011\\\/10\\\/78327213.jpg\",\"contentUrl\":\"https:\\\/\\\/www.gold.fr\\\/news\\\/wp-content\\\/uploads\\\/2011\\\/10\\\/78327213.jpg\",\"width\":\"600\",\"height\":\"429\",\"caption\":\"Un calendrier hebdomadaire tr\u00e8s charg\u00e9\"},{\"@type\":\"BreadcrumbList\",\"@id\":\"https:\\\/\\\/www.gold.fr\\\/news\\\/2014\\\/09\\\/19\\\/la-fed-et-lecosse-se-disputent-lattention-des-marches\\\/#breadcrumb\",\"itemListElement\":[{\"@type\":\"ListItem\",\"position\":1,\"name\":\"Accueil\",\"item\":\"https:\\\/\\\/www.gold.fr\\\/\"},{\"@type\":\"ListItem\",\"position\":2,\"name\":\"Actualit\u00e9s\",\"item\":\"https:\\\/\\\/www.gold.fr\\\/news\\\/\"},{\"@type\":\"ListItem\",\"position\":3,\"name\":\"La FED et l\u2019Ecosse se disputent l\u2019attention des march\u00e9s\"}]},{\"@type\":\"WebSite\",\"@id\":\"https:\\\/\\\/www.gold.fr\\\/news\\\/#website\",\"url\":\"https:\\\/\\\/www.gold.fr\\\/news\\\/\",\"name\":\"Gold.fr\",\"description\":\"Actualit\u00e9s de l&#039;Or et des m\u00e9taux pr\u00e9cieux\",\"potentialAction\":[{\"@type\":\"SearchAction\",\"target\":{\"@type\":\"EntryPoint\",\"urlTemplate\":\"https:\\\/\\\/www.gold.fr\\\/news\\\/?s={search_term_string}\"},\"query-input\":{\"@type\":\"PropertyValueSpecification\",\"valueRequired\":true,\"valueName\":\"search_term_string\"}}],\"inLanguage\":\"fr-FR\"},{\"@type\":\"Person\",\"@id\":\"https:\\\/\\\/www.gold.fr\\\/news\\\/#\\\/schema\\\/person\\\/070491b4b4fb7671bf59b3be20302ce9\",\"name\":\"Comptoir National de l'Or\",\"image\":{\"@type\":\"ImageObject\",\"inLanguage\":\"fr-FR\",\"@id\":\"https:\\\/\\\/secure.gravatar.com\\\/avatar\\\/0a2867fd5abe37bed95d5a65e9d58f01756e11efc68af9888dfc50cfa7f65948?s=96&d=mm&r=gb490554db0a38188709de567aa58480d\",\"url\":\"https:\\\/\\\/secure.gravatar.com\\\/avatar\\\/0a2867fd5abe37bed95d5a65e9d58f01756e11efc68af9888dfc50cfa7f65948?s=96&d=mm&r=g\",\"contentUrl\":\"https:\\\/\\\/secure.gravatar.com\\\/avatar\\\/0a2867fd5abe37bed95d5a65e9d58f01756e11efc68af9888dfc50cfa7f65948?s=96&d=mm&r=g\",\"caption\":\"Comptoir National de l'Or\"},\"description\":\"Notre r\u00e9daction est constitu\u00e9e de membres experts dans les m\u00e9tiers de l'\u00e9conomie et la gestion, des Responsables d'agence Comptoir National de l'Or, des analystes financiers qui publient r\u00e9guli\u00e8rement des \u00e9tudes sur les politiques des banques centrales, le cours de l'or, prix de l'or, cours de l'argent, prix de l'argent, cours du platine, cours du palladium,... la situation en zone euro et l'impact de la strat\u00e9gie mon\u00e9taire de la FED. Notre \u00e9quipe scrute \u00e9galement une information plus g\u00e9n\u00e9raliste \u00e0 la recherche d'actualit\u00e9 \\\"p\u00e9pite\\\" \u00e0 vous partager. Depuis 5 ans, nous avons publi\u00e9 un peu plus de 4000 articles qui s'adressent \u00e0 un public large et vari\u00e9 ayant pour objectif de satisfaire votre curiosit\u00e9 et de partager avec vous une certaine fascination pour le m\u00e9tal jaune, le rachat d'or, et pour ceux qui veulent investir dans l'or, vendre leur or tout simplement en savoir plus... Pour tous vos achat or et argent, n'h\u00e9sitez pas \u00e0 prendre rendez-vous dans l'un de nos nombreux comptoirs.\",\"sameAs\":[\"https:\\\/\\\/www.gold.fr\"]}]}<\/script>\n<!-- \/ Yoast SEO plugin. -->","yoast_head_json":{"title":"La FED et l\u2019Ecosse se disputent l\u2019attention des march\u00e9s - Gold.fr","robots":{"index":"index","follow":"follow","max-snippet":"max-snippet:-1","max-image-preview":"max-image-preview:large","max-video-preview":"max-video-preview:-1"},"canonical":"https:\/\/www.gold.fr\/news\/2014\/09\/19\/la-fed-et-lecosse-se-disputent-lattention-des-marches\/","og_locale":"fr_FR","og_type":"article","og_title":"La FED et l\u2019Ecosse se disputent l\u2019attention des march\u00e9s - Gold.fr","og_description":"Et il est, c&rsquo;est vrai, difficile de faire un choix entre les deux actualit\u00e9s majeures, m\u00eame si l&rsquo;une appartient \u00e0 la sph\u00e8re g\u00e9opolitique et que l&rsquo;autre nous est servie par un contexte purement \u00e9conomique. Mais un [&hellip;]","og_url":"https:\/\/www.gold.fr\/news\/2014\/09\/19\/la-fed-et-lecosse-se-disputent-lattention-des-marches\/","og_site_name":"Gold.fr","article_publisher":"https:\/\/www.facebook.com\/Goldfr\/","article_published_time":"2014-09-19T15:00:05+00:00","article_modified_time":"2017-11-02T10:41:18+00:00","og_image":[{"width":600,"height":429,"url":"https:\/\/www.gold.fr\/news\/wp-content\/uploads\/2011\/10\/78327213.jpg","type":"image\/jpeg"}],"author":"Comptoir National de l'Or","twitter_card":"summary_large_image","twitter_misc":{"\u00c9crit par":"Comptoir National de l'Or","Dur\u00e9e de lecture estim\u00e9e":"2 minutes"},"schema":{"@context":"https:\/\/schema.org","@graph":[{"@type":"Article","@id":"https:\/\/www.gold.fr\/news\/2014\/09\/19\/la-fed-et-lecosse-se-disputent-lattention-des-marches\/#article","isPartOf":{"@id":"https:\/\/www.gold.fr\/news\/2014\/09\/19\/la-fed-et-lecosse-se-disputent-lattention-des-marches\/"},"author":{"name":"Comptoir National de l'Or","@id":"https:\/\/www.gold.fr\/news\/#\/schema\/person\/070491b4b4fb7671bf59b3be20302ce9"},"headline":"La FED et l\u2019Ecosse se disputent l\u2019attention des march\u00e9s","datePublished":"2014-09-19T15:00:05+00:00","dateModified":"2017-11-02T10:41:18+00:00","mainEntityOfPage":{"@id":"https:\/\/www.gold.fr\/news\/2014\/09\/19\/la-fed-et-lecosse-se-disputent-lattention-des-marches\/"},"wordCount":326,"commentCount":0,"image":{"@id":"https:\/\/www.gold.fr\/news\/2014\/09\/19\/la-fed-et-lecosse-se-disputent-lattention-des-marches\/#primaryimage"},"thumbnailUrl":"https:\/\/www.gold.fr\/news\/wp-content\/uploads\/2011\/10\/78327213.jpg","keywords":["cours or","Ecosse","fed","march\u00e9"],"articleSection":["Articles de presse"],"inLanguage":"fr-FR"},{"@type":"WebPage","@id":"https:\/\/www.gold.fr\/news\/2014\/09\/19\/la-fed-et-lecosse-se-disputent-lattention-des-marches\/","url":"https:\/\/www.gold.fr\/news\/2014\/09\/19\/la-fed-et-lecosse-se-disputent-lattention-des-marches\/","name":"La FED et l\u2019Ecosse se disputent l\u2019attention des march\u00e9s - Gold.fr","isPartOf":{"@id":"https:\/\/www.gold.fr\/news\/#website"},"primaryImageOfPage":{"@id":"https:\/\/www.gold.fr\/news\/2014\/09\/19\/la-fed-et-lecosse-se-disputent-lattention-des-marches\/#primaryimage"},"image":{"@id":"https:\/\/www.gold.fr\/news\/2014\/09\/19\/la-fed-et-lecosse-se-disputent-lattention-des-marches\/#primaryimage"},"thumbnailUrl":"https:\/\/www.gold.fr\/news\/wp-content\/uploads\/2011\/10\/78327213.jpg","datePublished":"2014-09-19T15:00:05+00:00","dateModified":"2017-11-02T10:41:18+00:00","author":{"@id":"https:\/\/www.gold.fr\/news\/#\/schema\/person\/070491b4b4fb7671bf59b3be20302ce9"},"breadcrumb":{"@id":"https:\/\/www.gold.fr\/news\/2014\/09\/19\/la-fed-et-lecosse-se-disputent-lattention-des-marches\/#breadcrumb"},"inLanguage":"fr-FR","potentialAction":[{"@type":"ReadAction","target":["https:\/\/www.gold.fr\/news\/2014\/09\/19\/la-fed-et-lecosse-se-disputent-lattention-des-marches\/"]}]},{"@type":"ImageObject","inLanguage":"fr-FR","@id":"https:\/\/www.gold.fr\/news\/2014\/09\/19\/la-fed-et-lecosse-se-disputent-lattention-des-marches\/#primaryimage","url":"https:\/\/www.gold.fr\/news\/wp-content\/uploads\/2011\/10\/78327213.jpg","contentUrl":"https:\/\/www.gold.fr\/news\/wp-content\/uploads\/2011\/10\/78327213.jpg","width":"600","height":"429","caption":"Un calendrier hebdomadaire tr\u00e8s charg\u00e9"},{"@type":"BreadcrumbList","@id":"https:\/\/www.gold.fr\/news\/2014\/09\/19\/la-fed-et-lecosse-se-disputent-lattention-des-marches\/#breadcrumb","itemListElement":[{"@type":"ListItem","position":1,"name":"Accueil","item":"https:\/\/www.gold.fr\/"},{"@type":"ListItem","position":2,"name":"Actualit\u00e9s","item":"https:\/\/www.gold.fr\/news\/"},{"@type":"ListItem","position":3,"name":"La FED et l\u2019Ecosse se disputent l\u2019attention des march\u00e9s"}]},{"@type":"WebSite","@id":"https:\/\/www.gold.fr\/news\/#website","url":"https:\/\/www.gold.fr\/news\/","name":"Gold.fr","description":"Actualit\u00e9s de l&#039;Or et des m\u00e9taux pr\u00e9cieux","potentialAction":[{"@type":"SearchAction","target":{"@type":"EntryPoint","urlTemplate":"https:\/\/www.gold.fr\/news\/?s={search_term_string}"},"query-input":{"@type":"PropertyValueSpecification","valueRequired":true,"valueName":"search_term_string"}}],"inLanguage":"fr-FR"},{"@type":"Person","@id":"https:\/\/www.gold.fr\/news\/#\/schema\/person\/070491b4b4fb7671bf59b3be20302ce9","name":"Comptoir National de l'Or","image":{"@type":"ImageObject","inLanguage":"fr-FR","@id":"https:\/\/secure.gravatar.com\/avatar\/0a2867fd5abe37bed95d5a65e9d58f01756e11efc68af9888dfc50cfa7f65948?s=96&d=mm&r=gb490554db0a38188709de567aa58480d","url":"https:\/\/secure.gravatar.com\/avatar\/0a2867fd5abe37bed95d5a65e9d58f01756e11efc68af9888dfc50cfa7f65948?s=96&d=mm&r=g","contentUrl":"https:\/\/secure.gravatar.com\/avatar\/0a2867fd5abe37bed95d5a65e9d58f01756e11efc68af9888dfc50cfa7f65948?s=96&d=mm&r=g","caption":"Comptoir National de l'Or"},"description":"Notre r\u00e9daction est constitu\u00e9e de membres experts dans les m\u00e9tiers de l'\u00e9conomie et la gestion, des Responsables d'agence Comptoir National de l'Or, des analystes financiers qui publient r\u00e9guli\u00e8rement des \u00e9tudes sur les politiques des banques centrales, le cours de l'or, prix de l'or, cours de l'argent, prix de l'argent, cours du platine, cours du palladium,... la situation en zone euro et l'impact de la strat\u00e9gie mon\u00e9taire de la FED. Notre \u00e9quipe scrute \u00e9galement une information plus g\u00e9n\u00e9raliste \u00e0 la recherche d'actualit\u00e9 \"p\u00e9pite\" \u00e0 vous partager. Depuis 5 ans, nous avons publi\u00e9 un peu plus de 4000 articles qui s'adressent \u00e0 un public large et vari\u00e9 ayant pour objectif de satisfaire votre curiosit\u00e9 et de partager avec vous une certaine fascination pour le m\u00e9tal jaune, le rachat d'or, et pour ceux qui veulent investir dans l'or, vendre leur or tout simplement en savoir plus... Pour tous vos achat or et argent, n'h\u00e9sitez pas \u00e0 prendre rendez-vous dans l'un de nos nombreux comptoirs.","sameAs":["https:\/\/www.gold.fr"]}]}},"authors":[{"term_id":2565,"user_id":18,"is_guest":0,"slug":"julie","display_name":"Comptoir National de l'Or","avatar_url":"https:\/\/secure.gravatar.com\/avatar\/713f289e398d35ead876c4a4cc08607f0d6d266058cfc25683fffb6092d0e572?s=96&d=mm&r=g","0":null,"1":"","2":"","3":"","4":"","5":"","6":"","7":"","8":""}],"_links":{"self":[{"href":"https:\/\/www.gold.fr\/news\/wp-json\/wp\/v2\/posts\/15602","targetHints":{"allow":["GET"]}}],"collection":[{"href":"https:\/\/www.gold.fr\/news\/wp-json\/wp\/v2\/posts"}],"about":[{"href":"https:\/\/www.gold.fr\/news\/wp-json\/wp\/v2\/types\/post"}],"author":[{"embeddable":true,"href":"https:\/\/www.gold.fr\/news\/wp-json\/wp\/v2\/users\/18"}],"replies":[{"embeddable":true,"href":"https:\/\/www.gold.fr\/news\/wp-json\/wp\/v2\/comments?post=15602"}],"version-history":[{"count":0,"href":"https:\/\/www.gold.fr\/news\/wp-json\/wp\/v2\/posts\/15602\/revisions"}],"wp:featuredmedia":[{"embeddable":true,"href":"https:\/\/www.gold.fr\/news\/wp-json\/wp\/v2\/media\/2965"}],"wp:attachment":[{"href":"https:\/\/www.gold.fr\/news\/wp-json\/wp\/v2\/media?parent=15602"}],"wp:term":[{"taxonomy":"category","embeddable":true,"href":"https:\/\/www.gold.fr\/news\/wp-json\/wp\/v2\/categories?post=15602"},{"taxonomy":"post_tag","embeddable":true,"href":"https:\/\/www.gold.fr\/news\/wp-json\/wp\/v2\/tags?post=15602"},{"taxonomy":"author","embeddable":true,"href":"https:\/\/www.gold.fr\/news\/wp-json\/wp\/v2\/ppma_author?post=15602"}],"curies":[{"name":"wp","href":"https:\/\/api.w.org\/{rel}","templated":true}]}}