{"id":15596,"date":"2014-09-19T09:00:19","date_gmt":"2014-09-19T07:00:19","guid":{"rendered":"https:\/\/www.gold.fr\/news\/?p=15596"},"modified":"2017-11-02T11:39:21","modified_gmt":"2017-11-02T10:39:21","slug":"les-marches-profitent-des-dernieres-heures-avant-la-fed","status":"publish","type":"post","link":"https:\/\/www.gold.fr\/news\/2014\/09\/19\/les-marches-profitent-des-dernieres-heures-avant-la-fed\/","title":{"rendered":"Les march\u00e9s profitent des derni\u00e8res heures avant la FED"},"content":{"rendered":"<p><img loading=\"lazy\" decoding=\"async\" class=\"alignleft size-thumbnail wp-image-13811\" title=\"Les march\u00e9s profitent des derni\u00e8res heures avant la FED\" src=\"https:\/\/www.gold.fr\/news\/wp-content\/uploads\/2014\/02\/Ru\u00e9e-vers-lor-150x150.jpg\" alt=\"\" width=\"150\" height=\"150\" \/><span style=\"font-size: small;\">A quelques heures de conna\u00eetre le d\u00e9tail des d\u00e9cisions du <strong>FOMC<\/strong>, les march\u00e9s d\u2019action cr\u00e9ent la surprise en profitant des derniers moments de calme pour r\u00e9colter quelques gains, avant que <strong>Janet Yellen<\/strong>, pr\u00e9sidente de la r\u00e9serve f\u00e9d\u00e9rale am\u00e9ricaine, ne r\u00e9v\u00e8le les nouvelles mesures (ou l&rsquo;absence de nouvelles mesures) fix\u00e9es par le comit\u00e9 de direction de la politique mon\u00e9taire de son institution.<\/span>    <span style=\"font-size: small;\"> L\u2019ensemble des march\u00e9s esp\u00e8re unanimement voir la <strong>FED<\/strong> maintenir un discours et une position relativement accommodante, mais bon nombre d\u2019observateurs tablent d\u00e9j\u00e0 sur un nouveau tour de resserrement de boulons, \u00e0 travers, notamment, un rel\u00e8vement inattendu de ses taux d\u2019int\u00e9r\u00eat directeurs.<\/span>    <span style=\"font-size: small;\"> Les experts de <strong>Barclays Bourse<\/strong> se joignent \u00e0 la longue liste des observateurs qui d\u00e9crypteront de pr\u00e8s l\u2019intervention m\u00e9diatis\u00e9e de <strong>Yellen<\/strong> et d\u00e9clarent qu\u2019ils attendent surtout de voir \u00ab <em>si la Fed gardera le terme \u2018dur\u00e9e consid\u00e9rable\u2019 au sujet du maintien de ses taux actuels<\/em>\u00a0\u00bb. De plus, l\u2019\u00e9quipe de professionnels estiment que les investisseurs ont raison de jouer la carte de la m\u00e9fiance, rappelant qu\u2019il y a de fortes chances que la r\u00e9serve f\u00e9d\u00e9rale am\u00e9ricaine maintienne sa politique accommodante, tout du moins jusqu\u2019\u00e0 la prochaine r\u00e9union du <strong>FOMC<\/strong> (qui aura lieu au mois de d\u00e9cembre prochain).<\/span>    <span style=\"font-size: small;\"> Du coup, <strong>Barclays<\/strong> souligne que \u00ab<em>\u00a0les investisseurs se disent que si la Fed ne modifie pas son discours ce soir, elle ne prendra pas le risque de le modifier en octobre\u00a0<\/em>\u00bb.<\/span><\/p>\n<!-- AddThis Advanced Settings generic via filter on the_content --><!-- AddThis Share Buttons generic via filter on the_content -->","protected":false},"excerpt":{"rendered":"<p>A quelques heures de conna\u00eetre le d\u00e9tail des d\u00e9cisions du FOMC, les march\u00e9s d\u2019action cr\u00e9ent la surprise en profitant des derniers moments de calme pour r\u00e9colter quelques gains, avant que Janet Yellen, pr\u00e9sidente de la r\u00e9serve [&hellip;]<\/p>\n","protected":false},"author":18,"featured_media":13811,"comment_status":"open","ping_status":"open","sticky":false,"template":"","format":"standard","meta":{"_mbp_gutenberg_autopost":false,"_pgmb_is_evergreen":false,"_pgmb_ap_template_id":0,"footnotes":""},"categories":[6],"tags":[144,1034,1649],"ppma_author":[2565],"class_list":["post-15596","post","type-post","status-publish","format-standard","has-post-thumbnail","hentry","category-articles-de-presse","tag-fed","tag-fomc","tag-marches"],"yoast_head":"<!-- This site is optimized with the Yoast SEO plugin v27.5 - https:\/\/yoast.com\/product\/yoast-seo-wordpress\/ -->\n<title>Les march\u00e9s profitent des derni\u00e8res heures avant la FED - Gold.fr<\/title>\n<meta name=\"robots\" content=\"index, follow, max-snippet:-1, max-image-preview:large, max-video-preview:-1\" \/>\n<link rel=\"canonical\" href=\"https:\/\/www.gold.fr\/news\/2014\/09\/19\/les-marches-profitent-des-dernieres-heures-avant-la-fed\/\" \/>\n<meta property=\"og:locale\" content=\"fr_FR\" \/>\n<meta property=\"og:type\" content=\"article\" \/>\n<meta property=\"og:title\" content=\"Les march\u00e9s profitent des derni\u00e8res heures avant la FED - Gold.fr\" \/>\n<meta property=\"og:description\" content=\"A quelques heures de conna\u00eetre le d\u00e9tail des d\u00e9cisions du FOMC, les march\u00e9s d\u2019action cr\u00e9ent la surprise en profitant des derniers moments de calme pour r\u00e9colter quelques gains, avant que Janet Yellen, pr\u00e9sidente de la r\u00e9serve [&hellip;]\" \/>\n<meta property=\"og:url\" content=\"https:\/\/www.gold.fr\/news\/2014\/09\/19\/les-marches-profitent-des-dernieres-heures-avant-la-fed\/\" \/>\n<meta property=\"og:site_name\" content=\"Gold.fr\" \/>\n<meta property=\"article:publisher\" content=\"https:\/\/www.facebook.com\/Goldfr\/\" \/>\n<meta property=\"article:published_time\" content=\"2014-09-19T07:00:19+00:00\" \/>\n<meta property=\"article:modified_time\" content=\"2017-11-02T10:39:21+00:00\" \/>\n<meta property=\"og:image\" content=\"https:\/\/www.gold.fr\/news\/wp-content\/uploads\/2014\/02\/Ru\u00e9e-vers-lor.jpg\" \/>\n\t<meta property=\"og:image:width\" content=\"640\" \/>\n\t<meta property=\"og:image:height\" content=\"427\" \/>\n\t<meta property=\"og:image:type\" content=\"image\/jpeg\" \/>\n<meta name=\"author\" content=\"Comptoir National de l&#039;Or\" \/>\n<meta name=\"twitter:card\" content=\"summary_large_image\" \/>\n<meta name=\"twitter:label1\" content=\"\u00c9crit par\" \/>\n\t<meta name=\"twitter:data1\" content=\"Comptoir National de l&#039;Or\" \/>\n\t<meta name=\"twitter:label2\" content=\"Dur\u00e9e de lecture estim\u00e9e\" \/>\n\t<meta name=\"twitter:data2\" content=\"1 minute\" \/>\n<script type=\"application\/ld+json\" class=\"yoast-schema-graph\">{\"@context\":\"https:\\\/\\\/schema.org\",\"@graph\":[{\"@type\":\"Article\",\"@id\":\"https:\\\/\\\/www.gold.fr\\\/news\\\/2014\\\/09\\\/19\\\/les-marches-profitent-des-dernieres-heures-avant-la-fed\\\/#article\",\"isPartOf\":{\"@id\":\"https:\\\/\\\/www.gold.fr\\\/news\\\/2014\\\/09\\\/19\\\/les-marches-profitent-des-dernieres-heures-avant-la-fed\\\/\"},\"author\":{\"name\":\"Comptoir National de l'Or\",\"@id\":\"https:\\\/\\\/www.gold.fr\\\/news\\\/#\\\/schema\\\/person\\\/070491b4b4fb7671bf59b3be20302ce9\"},\"headline\":\"Les march\u00e9s profitent des derni\u00e8res heures avant la FED\",\"datePublished\":\"2014-09-19T07:00:19+00:00\",\"dateModified\":\"2017-11-02T10:39:21+00:00\",\"mainEntityOfPage\":{\"@id\":\"https:\\\/\\\/www.gold.fr\\\/news\\\/2014\\\/09\\\/19\\\/les-marches-profitent-des-dernieres-heures-avant-la-fed\\\/\"},\"wordCount\":281,\"commentCount\":0,\"image\":{\"@id\":\"https:\\\/\\\/www.gold.fr\\\/news\\\/2014\\\/09\\\/19\\\/les-marches-profitent-des-dernieres-heures-avant-la-fed\\\/#primaryimage\"},\"thumbnailUrl\":\"https:\\\/\\\/www.gold.fr\\\/news\\\/wp-content\\\/uploads\\\/2014\\\/02\\\/Ru\u00e9e-vers-lor.jpg\",\"keywords\":[\"fed\",\"FOMC\",\"march\u00e9s\"],\"articleSection\":[\"Articles de presse\"],\"inLanguage\":\"fr-FR\"},{\"@type\":\"WebPage\",\"@id\":\"https:\\\/\\\/www.gold.fr\\\/news\\\/2014\\\/09\\\/19\\\/les-marches-profitent-des-dernieres-heures-avant-la-fed\\\/\",\"url\":\"https:\\\/\\\/www.gold.fr\\\/news\\\/2014\\\/09\\\/19\\\/les-marches-profitent-des-dernieres-heures-avant-la-fed\\\/\",\"name\":\"Les march\u00e9s profitent des derni\u00e8res heures avant la FED - Gold.fr\",\"isPartOf\":{\"@id\":\"https:\\\/\\\/www.gold.fr\\\/news\\\/#website\"},\"primaryImageOfPage\":{\"@id\":\"https:\\\/\\\/www.gold.fr\\\/news\\\/2014\\\/09\\\/19\\\/les-marches-profitent-des-dernieres-heures-avant-la-fed\\\/#primaryimage\"},\"image\":{\"@id\":\"https:\\\/\\\/www.gold.fr\\\/news\\\/2014\\\/09\\\/19\\\/les-marches-profitent-des-dernieres-heures-avant-la-fed\\\/#primaryimage\"},\"thumbnailUrl\":\"https:\\\/\\\/www.gold.fr\\\/news\\\/wp-content\\\/uploads\\\/2014\\\/02\\\/Ru\u00e9e-vers-lor.jpg\",\"datePublished\":\"2014-09-19T07:00:19+00:00\",\"dateModified\":\"2017-11-02T10:39:21+00:00\",\"author\":{\"@id\":\"https:\\\/\\\/www.gold.fr\\\/news\\\/#\\\/schema\\\/person\\\/070491b4b4fb7671bf59b3be20302ce9\"},\"breadcrumb\":{\"@id\":\"https:\\\/\\\/www.gold.fr\\\/news\\\/2014\\\/09\\\/19\\\/les-marches-profitent-des-dernieres-heures-avant-la-fed\\\/#breadcrumb\"},\"inLanguage\":\"fr-FR\",\"potentialAction\":[{\"@type\":\"ReadAction\",\"target\":[\"https:\\\/\\\/www.gold.fr\\\/news\\\/2014\\\/09\\\/19\\\/les-marches-profitent-des-dernieres-heures-avant-la-fed\\\/\"]}]},{\"@type\":\"ImageObject\",\"inLanguage\":\"fr-FR\",\"@id\":\"https:\\\/\\\/www.gold.fr\\\/news\\\/2014\\\/09\\\/19\\\/les-marches-profitent-des-dernieres-heures-avant-la-fed\\\/#primaryimage\",\"url\":\"https:\\\/\\\/www.gold.fr\\\/news\\\/wp-content\\\/uploads\\\/2014\\\/02\\\/Ru\u00e9e-vers-lor.jpg\",\"contentUrl\":\"https:\\\/\\\/www.gold.fr\\\/news\\\/wp-content\\\/uploads\\\/2014\\\/02\\\/Ru\u00e9e-vers-lor.jpg\",\"width\":\"640\",\"height\":\"427\",\"caption\":\"Scandale VOLKSWAGEN : Des soubresauts successifs\"},{\"@type\":\"BreadcrumbList\",\"@id\":\"https:\\\/\\\/www.gold.fr\\\/news\\\/2014\\\/09\\\/19\\\/les-marches-profitent-des-dernieres-heures-avant-la-fed\\\/#breadcrumb\",\"itemListElement\":[{\"@type\":\"ListItem\",\"position\":1,\"name\":\"Accueil\",\"item\":\"https:\\\/\\\/www.gold.fr\\\/\"},{\"@type\":\"ListItem\",\"position\":2,\"name\":\"Actualit\u00e9s\",\"item\":\"https:\\\/\\\/www.gold.fr\\\/news\\\/\"},{\"@type\":\"ListItem\",\"position\":3,\"name\":\"Les march\u00e9s profitent des derni\u00e8res heures avant la FED\"}]},{\"@type\":\"WebSite\",\"@id\":\"https:\\\/\\\/www.gold.fr\\\/news\\\/#website\",\"url\":\"https:\\\/\\\/www.gold.fr\\\/news\\\/\",\"name\":\"Gold.fr\",\"description\":\"Actualit\u00e9s de l&#039;Or et des m\u00e9taux pr\u00e9cieux\",\"potentialAction\":[{\"@type\":\"SearchAction\",\"target\":{\"@type\":\"EntryPoint\",\"urlTemplate\":\"https:\\\/\\\/www.gold.fr\\\/news\\\/?s={search_term_string}\"},\"query-input\":{\"@type\":\"PropertyValueSpecification\",\"valueRequired\":true,\"valueName\":\"search_term_string\"}}],\"inLanguage\":\"fr-FR\"},{\"@type\":\"Person\",\"@id\":\"https:\\\/\\\/www.gold.fr\\\/news\\\/#\\\/schema\\\/person\\\/070491b4b4fb7671bf59b3be20302ce9\",\"name\":\"Comptoir National de l'Or\",\"image\":{\"@type\":\"ImageObject\",\"inLanguage\":\"fr-FR\",\"@id\":\"https:\\\/\\\/secure.gravatar.com\\\/avatar\\\/0a2867fd5abe37bed95d5a65e9d58f01756e11efc68af9888dfc50cfa7f65948?s=96&d=mm&r=gb490554db0a38188709de567aa58480d\",\"url\":\"https:\\\/\\\/secure.gravatar.com\\\/avatar\\\/0a2867fd5abe37bed95d5a65e9d58f01756e11efc68af9888dfc50cfa7f65948?s=96&d=mm&r=g\",\"contentUrl\":\"https:\\\/\\\/secure.gravatar.com\\\/avatar\\\/0a2867fd5abe37bed95d5a65e9d58f01756e11efc68af9888dfc50cfa7f65948?s=96&d=mm&r=g\",\"caption\":\"Comptoir National de l'Or\"},\"description\":\"Notre r\u00e9daction est constitu\u00e9e de membres experts dans les m\u00e9tiers de l'\u00e9conomie et la gestion, des Responsables d'agence Comptoir National de l'Or, des analystes financiers qui publient r\u00e9guli\u00e8rement des \u00e9tudes sur les politiques des banques centrales, le cours de l'or, prix de l'or, cours de l'argent, prix de l'argent, cours du platine, cours du palladium,... la situation en zone euro et l'impact de la strat\u00e9gie mon\u00e9taire de la FED. Notre \u00e9quipe scrute \u00e9galement une information plus g\u00e9n\u00e9raliste \u00e0 la recherche d'actualit\u00e9 \\\"p\u00e9pite\\\" \u00e0 vous partager. Depuis 5 ans, nous avons publi\u00e9 un peu plus de 4000 articles qui s'adressent \u00e0 un public large et vari\u00e9 ayant pour objectif de satisfaire votre curiosit\u00e9 et de partager avec vous une certaine fascination pour le m\u00e9tal jaune, le rachat d'or, et pour ceux qui veulent investir dans l'or, vendre leur or tout simplement en savoir plus... Pour tous vos achat or et argent, n'h\u00e9sitez pas \u00e0 prendre rendez-vous dans l'un de nos nombreux comptoirs.\",\"sameAs\":[\"https:\\\/\\\/www.gold.fr\"]}]}<\/script>\n<!-- \/ Yoast SEO plugin. -->","yoast_head_json":{"title":"Les march\u00e9s profitent des derni\u00e8res heures avant la FED - Gold.fr","robots":{"index":"index","follow":"follow","max-snippet":"max-snippet:-1","max-image-preview":"max-image-preview:large","max-video-preview":"max-video-preview:-1"},"canonical":"https:\/\/www.gold.fr\/news\/2014\/09\/19\/les-marches-profitent-des-dernieres-heures-avant-la-fed\/","og_locale":"fr_FR","og_type":"article","og_title":"Les march\u00e9s profitent des derni\u00e8res heures avant la FED - Gold.fr","og_description":"A quelques heures de conna\u00eetre le d\u00e9tail des d\u00e9cisions du FOMC, les march\u00e9s d\u2019action cr\u00e9ent la surprise en profitant des derniers moments de calme pour r\u00e9colter quelques gains, avant que Janet Yellen, pr\u00e9sidente de la r\u00e9serve [&hellip;]","og_url":"https:\/\/www.gold.fr\/news\/2014\/09\/19\/les-marches-profitent-des-dernieres-heures-avant-la-fed\/","og_site_name":"Gold.fr","article_publisher":"https:\/\/www.facebook.com\/Goldfr\/","article_published_time":"2014-09-19T07:00:19+00:00","article_modified_time":"2017-11-02T10:39:21+00:00","og_image":[{"width":640,"height":427,"url":"https:\/\/www.gold.fr\/news\/wp-content\/uploads\/2014\/02\/Ru\u00e9e-vers-lor.jpg","type":"image\/jpeg"}],"author":"Comptoir National de l'Or","twitter_card":"summary_large_image","twitter_misc":{"\u00c9crit par":"Comptoir National de l'Or","Dur\u00e9e de lecture estim\u00e9e":"1 minute"},"schema":{"@context":"https:\/\/schema.org","@graph":[{"@type":"Article","@id":"https:\/\/www.gold.fr\/news\/2014\/09\/19\/les-marches-profitent-des-dernieres-heures-avant-la-fed\/#article","isPartOf":{"@id":"https:\/\/www.gold.fr\/news\/2014\/09\/19\/les-marches-profitent-des-dernieres-heures-avant-la-fed\/"},"author":{"name":"Comptoir National de l'Or","@id":"https:\/\/www.gold.fr\/news\/#\/schema\/person\/070491b4b4fb7671bf59b3be20302ce9"},"headline":"Les march\u00e9s profitent des derni\u00e8res heures avant la FED","datePublished":"2014-09-19T07:00:19+00:00","dateModified":"2017-11-02T10:39:21+00:00","mainEntityOfPage":{"@id":"https:\/\/www.gold.fr\/news\/2014\/09\/19\/les-marches-profitent-des-dernieres-heures-avant-la-fed\/"},"wordCount":281,"commentCount":0,"image":{"@id":"https:\/\/www.gold.fr\/news\/2014\/09\/19\/les-marches-profitent-des-dernieres-heures-avant-la-fed\/#primaryimage"},"thumbnailUrl":"https:\/\/www.gold.fr\/news\/wp-content\/uploads\/2014\/02\/Ru\u00e9e-vers-lor.jpg","keywords":["fed","FOMC","march\u00e9s"],"articleSection":["Articles de presse"],"inLanguage":"fr-FR"},{"@type":"WebPage","@id":"https:\/\/www.gold.fr\/news\/2014\/09\/19\/les-marches-profitent-des-dernieres-heures-avant-la-fed\/","url":"https:\/\/www.gold.fr\/news\/2014\/09\/19\/les-marches-profitent-des-dernieres-heures-avant-la-fed\/","name":"Les march\u00e9s profitent des derni\u00e8res heures avant la FED - Gold.fr","isPartOf":{"@id":"https:\/\/www.gold.fr\/news\/#website"},"primaryImageOfPage":{"@id":"https:\/\/www.gold.fr\/news\/2014\/09\/19\/les-marches-profitent-des-dernieres-heures-avant-la-fed\/#primaryimage"},"image":{"@id":"https:\/\/www.gold.fr\/news\/2014\/09\/19\/les-marches-profitent-des-dernieres-heures-avant-la-fed\/#primaryimage"},"thumbnailUrl":"https:\/\/www.gold.fr\/news\/wp-content\/uploads\/2014\/02\/Ru\u00e9e-vers-lor.jpg","datePublished":"2014-09-19T07:00:19+00:00","dateModified":"2017-11-02T10:39:21+00:00","author":{"@id":"https:\/\/www.gold.fr\/news\/#\/schema\/person\/070491b4b4fb7671bf59b3be20302ce9"},"breadcrumb":{"@id":"https:\/\/www.gold.fr\/news\/2014\/09\/19\/les-marches-profitent-des-dernieres-heures-avant-la-fed\/#breadcrumb"},"inLanguage":"fr-FR","potentialAction":[{"@type":"ReadAction","target":["https:\/\/www.gold.fr\/news\/2014\/09\/19\/les-marches-profitent-des-dernieres-heures-avant-la-fed\/"]}]},{"@type":"ImageObject","inLanguage":"fr-FR","@id":"https:\/\/www.gold.fr\/news\/2014\/09\/19\/les-marches-profitent-des-dernieres-heures-avant-la-fed\/#primaryimage","url":"https:\/\/www.gold.fr\/news\/wp-content\/uploads\/2014\/02\/Ru\u00e9e-vers-lor.jpg","contentUrl":"https:\/\/www.gold.fr\/news\/wp-content\/uploads\/2014\/02\/Ru\u00e9e-vers-lor.jpg","width":"640","height":"427","caption":"Scandale VOLKSWAGEN : Des soubresauts successifs"},{"@type":"BreadcrumbList","@id":"https:\/\/www.gold.fr\/news\/2014\/09\/19\/les-marches-profitent-des-dernieres-heures-avant-la-fed\/#breadcrumb","itemListElement":[{"@type":"ListItem","position":1,"name":"Accueil","item":"https:\/\/www.gold.fr\/"},{"@type":"ListItem","position":2,"name":"Actualit\u00e9s","item":"https:\/\/www.gold.fr\/news\/"},{"@type":"ListItem","position":3,"name":"Les march\u00e9s profitent des derni\u00e8res heures avant la FED"}]},{"@type":"WebSite","@id":"https:\/\/www.gold.fr\/news\/#website","url":"https:\/\/www.gold.fr\/news\/","name":"Gold.fr","description":"Actualit\u00e9s de l&#039;Or et des m\u00e9taux pr\u00e9cieux","potentialAction":[{"@type":"SearchAction","target":{"@type":"EntryPoint","urlTemplate":"https:\/\/www.gold.fr\/news\/?s={search_term_string}"},"query-input":{"@type":"PropertyValueSpecification","valueRequired":true,"valueName":"search_term_string"}}],"inLanguage":"fr-FR"},{"@type":"Person","@id":"https:\/\/www.gold.fr\/news\/#\/schema\/person\/070491b4b4fb7671bf59b3be20302ce9","name":"Comptoir National de l'Or","image":{"@type":"ImageObject","inLanguage":"fr-FR","@id":"https:\/\/secure.gravatar.com\/avatar\/0a2867fd5abe37bed95d5a65e9d58f01756e11efc68af9888dfc50cfa7f65948?s=96&d=mm&r=gb490554db0a38188709de567aa58480d","url":"https:\/\/secure.gravatar.com\/avatar\/0a2867fd5abe37bed95d5a65e9d58f01756e11efc68af9888dfc50cfa7f65948?s=96&d=mm&r=g","contentUrl":"https:\/\/secure.gravatar.com\/avatar\/0a2867fd5abe37bed95d5a65e9d58f01756e11efc68af9888dfc50cfa7f65948?s=96&d=mm&r=g","caption":"Comptoir National de l'Or"},"description":"Notre r\u00e9daction est constitu\u00e9e de membres experts dans les m\u00e9tiers de l'\u00e9conomie et la gestion, des Responsables d'agence Comptoir National de l'Or, des analystes financiers qui publient r\u00e9guli\u00e8rement des \u00e9tudes sur les politiques des banques centrales, le cours de l'or, prix de l'or, cours de l'argent, prix de l'argent, cours du platine, cours du palladium,... la situation en zone euro et l'impact de la strat\u00e9gie mon\u00e9taire de la FED. Notre \u00e9quipe scrute \u00e9galement une information plus g\u00e9n\u00e9raliste \u00e0 la recherche d'actualit\u00e9 \"p\u00e9pite\" \u00e0 vous partager. Depuis 5 ans, nous avons publi\u00e9 un peu plus de 4000 articles qui s'adressent \u00e0 un public large et vari\u00e9 ayant pour objectif de satisfaire votre curiosit\u00e9 et de partager avec vous une certaine fascination pour le m\u00e9tal jaune, le rachat d'or, et pour ceux qui veulent investir dans l'or, vendre leur or tout simplement en savoir plus... Pour tous vos achat or et argent, n'h\u00e9sitez pas \u00e0 prendre rendez-vous dans l'un de nos nombreux comptoirs.","sameAs":["https:\/\/www.gold.fr"]}]}},"authors":[{"term_id":2565,"user_id":18,"is_guest":0,"slug":"julie","display_name":"Comptoir National de l'Or","avatar_url":"https:\/\/secure.gravatar.com\/avatar\/713f289e398d35ead876c4a4cc08607f0d6d266058cfc25683fffb6092d0e572?s=96&d=mm&r=g","0":null,"1":"","2":"","3":"","4":"","5":"","6":"","7":"","8":""}],"_links":{"self":[{"href":"https:\/\/www.gold.fr\/news\/wp-json\/wp\/v2\/posts\/15596","targetHints":{"allow":["GET"]}}],"collection":[{"href":"https:\/\/www.gold.fr\/news\/wp-json\/wp\/v2\/posts"}],"about":[{"href":"https:\/\/www.gold.fr\/news\/wp-json\/wp\/v2\/types\/post"}],"author":[{"embeddable":true,"href":"https:\/\/www.gold.fr\/news\/wp-json\/wp\/v2\/users\/18"}],"replies":[{"embeddable":true,"href":"https:\/\/www.gold.fr\/news\/wp-json\/wp\/v2\/comments?post=15596"}],"version-history":[{"count":0,"href":"https:\/\/www.gold.fr\/news\/wp-json\/wp\/v2\/posts\/15596\/revisions"}],"wp:featuredmedia":[{"embeddable":true,"href":"https:\/\/www.gold.fr\/news\/wp-json\/wp\/v2\/media\/13811"}],"wp:attachment":[{"href":"https:\/\/www.gold.fr\/news\/wp-json\/wp\/v2\/media?parent=15596"}],"wp:term":[{"taxonomy":"category","embeddable":true,"href":"https:\/\/www.gold.fr\/news\/wp-json\/wp\/v2\/categories?post=15596"},{"taxonomy":"post_tag","embeddable":true,"href":"https:\/\/www.gold.fr\/news\/wp-json\/wp\/v2\/tags?post=15596"},{"taxonomy":"author","embeddable":true,"href":"https:\/\/www.gold.fr\/news\/wp-json\/wp\/v2\/ppma_author?post=15596"}],"curies":[{"name":"wp","href":"https:\/\/api.w.org\/{rel}","templated":true}]}}