{"id":15594,"date":"2014-09-18T17:00:32","date_gmt":"2014-09-18T15:00:32","guid":{"rendered":"https:\/\/www.gold.fr\/news\/?p=15594"},"modified":"2017-11-02T11:39:22","modified_gmt":"2017-11-02T10:39:22","slug":"lor-en-pleine-stagnation-tire-par-la-fed","status":"publish","type":"post","link":"https:\/\/www.gold.fr\/news\/2014\/09\/18\/lor-en-pleine-stagnation-tire-par-la-fed\/","title":{"rendered":"L\u2019or en pleine stagnation, tir\u00e9 par la FED"},"content":{"rendered":"<p><img loading=\"lazy\" decoding=\"async\" class=\"alignleft size-thumbnail wp-image-15523\" title=\"L\u2019or en pleine stagnation, tir\u00e9 par la FED\" src=\"https:\/\/www.gold.fr\/news\/wp-content\/uploads\/2014\/09\/Achats-or-BC-150x150.jpg\" alt=\"\" width=\"150\" height=\"150\" \/><span style=\"font-size: small;\"><a title=\"Le march\u00e9 aurif\u00e8re aussi guette la FED\" href=\"https:\/\/www.gold.fr\/news\/2014\/09\/17\/le-marche-aurifere-aussi-guette-la-fed\/15587\/\" target=\"_blank\">C\u2019est une semaine bien difficile qui s\u2019\u00e9tend au sein du march\u00e9 aurif\u00e8re<\/a>. Certes, la chute spectaculaire de la semaine derni\u00e8re (des pertes de l&rsquo;ordre de <strong>30 dollars<\/strong> en l&rsquo;espace de quelques s\u00e9ances) n&rsquo;aura pas \u00e9t\u00e9 r\u00e9it\u00e9r\u00e9e, mais l&rsquo;attentisme angoiss\u00e9 qui entoure les imminentes annonces du <strong>FOMC<\/strong> continue \u00e0 peser lourdement sur l&rsquo;\u00e9volution d\u00e9j\u00e0 laborieuse du <a href='https:\/\/www.gold.fr\/news\/tags\/or' class='esk-seo-plu-link'>m\u00e9tal jaune<\/a>. Les op\u00e9rateurs seront certainement soulag\u00e9s de voir cette semaine boursi\u00e8re aurif\u00e8re toucher \u00e0 sa fin.<\/span>    <span style=\"font-size: small;\"> En attendant, les experts maintiennent une position pragmatique et estiment l&rsquo;\u00e9volution stagnante de l&rsquo;<a href='https:\/\/www.gold.fr\/news\/tags\/or' class='esk-seo-plu-link'>or<\/a> parfaitement logique, dans les circonstances de la conjoncture \u00e9conomique et politique actuelle. Les analystes de Saxo Banque soulignent en effet que \u00ab <em>l&rsquo;<a href='https:\/\/www.gold.fr\/news\/tags\/or' class='esk-seo-plu-link'>or<\/a> est maintenu juste au-dessus du niveau le plus bas depuis janvier avant la FED o\u00f9 le consensus table sur un maintien encore des taux bas et une baisse du stimulus de l&rsquo;\u00e9conomie par la baisse de ses rachats d&rsquo;actifs pour la sixi\u00e8me fois <\/em>\u00bb.<\/span>    <span style=\"font-size: small;\"> Et le march\u00e9 de l&rsquo;<a href='https:\/\/www.gold.fr\/news\/tags\/or' class='esk-seo-plu-link'>or<\/a> n&rsquo;est pas le seul \u00e0 guetter la conf\u00e9rence de presse que donnera <strong>Janet Yellen<\/strong> \u00e0 l&rsquo;issue de la fameuse r\u00e9union <strong>FOMC<\/strong>. L&rsquo;ensemble des march\u00e9s d&rsquo;investissement est sur le qui-vive, bouillonnant de sp\u00e9culations depuis le d\u00e9but de la semaine.<\/span>    <span style=\"font-size: small;\"> Chez<strong> Aurel BGC<\/strong>, on souligne surtout les \u00ab <em>incertitudes <\/em>\u00bb qui entourent la r\u00e9union, pr\u00e9voyant que \u00ab<em> la banque centrale devrait annoncer une r\u00e9duction de <strong>10 milliards de dollars<\/strong> du <strong>QE<\/strong>, r\u00e9partie \u00e0 \u00e9galit\u00e9 entre les achats d&rsquo;obligations du Tr\u00e9sor am\u00e9ricains et de <strong>MBS<\/strong>. Il semble acquis qu&rsquo;il sera mis fin au programme d&rsquo;achat de titres lors du <strong>FOMC<\/strong> du 29 octobre (&#8230;). Les taux directeurs resteront inchang\u00e9s<\/em> \u00bb.<\/span><\/p>\n<!-- AddThis Advanced Settings generic via filter on the_content --><!-- AddThis Share Buttons generic via filter on the_content -->","protected":false},"excerpt":{"rendered":"<p>C\u2019est une semaine bien difficile qui s\u2019\u00e9tend au sein du march\u00e9 aurif\u00e8re. Certes, la chute spectaculaire de la semaine derni\u00e8re (des pertes de l&rsquo;ordre de 30 dollars en l&rsquo;espace de quelques s\u00e9ances) n&rsquo;aura pas \u00e9t\u00e9 r\u00e9it\u00e9r\u00e9e, [&hellip;]<\/p>\n","protected":false},"author":18,"featured_media":15523,"comment_status":"open","ping_status":"open","sticky":false,"template":"","format":"standard","meta":{"_mbp_gutenberg_autopost":false,"_pgmb_is_evergreen":false,"_pgmb_ap_template_id":0,"footnotes":""},"categories":[6],"tags":[144,1034,1504,1047,494,1198],"ppma_author":[2565],"class_list":["post-15594","post","type-post","status-publish","format-standard","has-post-thumbnail","hentry","category-articles-de-presse","tag-fed","tag-fomc","tag-janet-yellen","tag-marche-aurifere","tag-qe","tag-stagnation"],"yoast_head":"<!-- This site is optimized with the Yoast SEO plugin v27.5 - https:\/\/yoast.com\/product\/yoast-seo-wordpress\/ -->\n<title>L\u2019or en pleine stagnation, tir\u00e9 par la FED - Gold.fr<\/title>\n<meta name=\"robots\" content=\"index, follow, max-snippet:-1, max-image-preview:large, max-video-preview:-1\" \/>\n<link rel=\"canonical\" href=\"https:\/\/www.gold.fr\/news\/2014\/09\/18\/lor-en-pleine-stagnation-tire-par-la-fed\/\" \/>\n<meta property=\"og:locale\" content=\"fr_FR\" \/>\n<meta property=\"og:type\" content=\"article\" \/>\n<meta property=\"og:title\" content=\"L\u2019or en pleine stagnation, tir\u00e9 par la FED - Gold.fr\" \/>\n<meta property=\"og:description\" content=\"C\u2019est une semaine bien difficile qui s\u2019\u00e9tend au sein du march\u00e9 aurif\u00e8re. Certes, la chute spectaculaire de la semaine derni\u00e8re (des pertes de l&rsquo;ordre de 30 dollars en l&rsquo;espace de quelques s\u00e9ances) n&rsquo;aura pas \u00e9t\u00e9 r\u00e9it\u00e9r\u00e9e, [&hellip;]\" \/>\n<meta property=\"og:url\" content=\"https:\/\/www.gold.fr\/news\/2014\/09\/18\/lor-en-pleine-stagnation-tire-par-la-fed\/\" \/>\n<meta property=\"og:site_name\" content=\"Gold.fr\" \/>\n<meta property=\"article:publisher\" content=\"https:\/\/www.facebook.com\/Goldfr\/\" \/>\n<meta property=\"article:published_time\" content=\"2014-09-18T15:00:32+00:00\" \/>\n<meta property=\"article:modified_time\" content=\"2017-11-02T10:39:22+00:00\" \/>\n<meta property=\"og:image\" content=\"https:\/\/www.gold.fr\/news\/wp-content\/uploads\/2014\/09\/Achats-or-BC.jpg\" \/>\n\t<meta property=\"og:image:width\" content=\"750\" \/>\n\t<meta property=\"og:image:height\" content=\"637\" \/>\n\t<meta property=\"og:image:type\" content=\"image\/jpeg\" \/>\n<meta name=\"author\" content=\"Comptoir National de l&#039;Or\" \/>\n<meta name=\"twitter:card\" content=\"summary_large_image\" \/>\n<meta name=\"twitter:label1\" content=\"\u00c9crit par\" \/>\n\t<meta name=\"twitter:data1\" content=\"Comptoir National de l&#039;Or\" \/>\n\t<meta name=\"twitter:label2\" content=\"Dur\u00e9e de lecture estim\u00e9e\" \/>\n\t<meta name=\"twitter:data2\" content=\"1 minute\" \/>\n<script type=\"application\/ld+json\" class=\"yoast-schema-graph\">{\"@context\":\"https:\\\/\\\/schema.org\",\"@graph\":[{\"@type\":\"Article\",\"@id\":\"https:\\\/\\\/www.gold.fr\\\/news\\\/2014\\\/09\\\/18\\\/lor-en-pleine-stagnation-tire-par-la-fed\\\/#article\",\"isPartOf\":{\"@id\":\"https:\\\/\\\/www.gold.fr\\\/news\\\/2014\\\/09\\\/18\\\/lor-en-pleine-stagnation-tire-par-la-fed\\\/\"},\"author\":{\"name\":\"Comptoir National de l'Or\",\"@id\":\"https:\\\/\\\/www.gold.fr\\\/news\\\/#\\\/schema\\\/person\\\/070491b4b4fb7671bf59b3be20302ce9\"},\"headline\":\"L\u2019or en pleine stagnation, tir\u00e9 par la FED\",\"datePublished\":\"2014-09-18T15:00:32+00:00\",\"dateModified\":\"2017-11-02T10:39:22+00:00\",\"mainEntityOfPage\":{\"@id\":\"https:\\\/\\\/www.gold.fr\\\/news\\\/2014\\\/09\\\/18\\\/lor-en-pleine-stagnation-tire-par-la-fed\\\/\"},\"wordCount\":304,\"commentCount\":0,\"image\":{\"@id\":\"https:\\\/\\\/www.gold.fr\\\/news\\\/2014\\\/09\\\/18\\\/lor-en-pleine-stagnation-tire-par-la-fed\\\/#primaryimage\"},\"thumbnailUrl\":\"https:\\\/\\\/www.gold.fr\\\/news\\\/wp-content\\\/uploads\\\/2014\\\/09\\\/Achats-or-BC.jpg\",\"keywords\":[\"fed\",\"FOMC\",\"Janet Yellen\",\"march\u00e9 aurif\u00e8re\",\"QE\",\"stagnation\"],\"articleSection\":[\"Articles de presse\"],\"inLanguage\":\"fr-FR\"},{\"@type\":\"WebPage\",\"@id\":\"https:\\\/\\\/www.gold.fr\\\/news\\\/2014\\\/09\\\/18\\\/lor-en-pleine-stagnation-tire-par-la-fed\\\/\",\"url\":\"https:\\\/\\\/www.gold.fr\\\/news\\\/2014\\\/09\\\/18\\\/lor-en-pleine-stagnation-tire-par-la-fed\\\/\",\"name\":\"L\u2019or en pleine stagnation, tir\u00e9 par la FED - Gold.fr\",\"isPartOf\":{\"@id\":\"https:\\\/\\\/www.gold.fr\\\/news\\\/#website\"},\"primaryImageOfPage\":{\"@id\":\"https:\\\/\\\/www.gold.fr\\\/news\\\/2014\\\/09\\\/18\\\/lor-en-pleine-stagnation-tire-par-la-fed\\\/#primaryimage\"},\"image\":{\"@id\":\"https:\\\/\\\/www.gold.fr\\\/news\\\/2014\\\/09\\\/18\\\/lor-en-pleine-stagnation-tire-par-la-fed\\\/#primaryimage\"},\"thumbnailUrl\":\"https:\\\/\\\/www.gold.fr\\\/news\\\/wp-content\\\/uploads\\\/2014\\\/09\\\/Achats-or-BC.jpg\",\"datePublished\":\"2014-09-18T15:00:32+00:00\",\"dateModified\":\"2017-11-02T10:39:22+00:00\",\"author\":{\"@id\":\"https:\\\/\\\/www.gold.fr\\\/news\\\/#\\\/schema\\\/person\\\/070491b4b4fb7671bf59b3be20302ce9\"},\"breadcrumb\":{\"@id\":\"https:\\\/\\\/www.gold.fr\\\/news\\\/2014\\\/09\\\/18\\\/lor-en-pleine-stagnation-tire-par-la-fed\\\/#breadcrumb\"},\"inLanguage\":\"fr-FR\",\"potentialAction\":[{\"@type\":\"ReadAction\",\"target\":[\"https:\\\/\\\/www.gold.fr\\\/news\\\/2014\\\/09\\\/18\\\/lor-en-pleine-stagnation-tire-par-la-fed\\\/\"]}]},{\"@type\":\"ImageObject\",\"inLanguage\":\"fr-FR\",\"@id\":\"https:\\\/\\\/www.gold.fr\\\/news\\\/2014\\\/09\\\/18\\\/lor-en-pleine-stagnation-tire-par-la-fed\\\/#primaryimage\",\"url\":\"https:\\\/\\\/www.gold.fr\\\/news\\\/wp-content\\\/uploads\\\/2014\\\/09\\\/Achats-or-BC.jpg\",\"contentUrl\":\"https:\\\/\\\/www.gold.fr\\\/news\\\/wp-content\\\/uploads\\\/2014\\\/09\\\/Achats-or-BC.jpg\",\"width\":\"750\",\"height\":\"637\",\"caption\":\"L\u2019or : l\u2019investissement par excellence pour l\u2019ann\u00e9e 2017\"},{\"@type\":\"BreadcrumbList\",\"@id\":\"https:\\\/\\\/www.gold.fr\\\/news\\\/2014\\\/09\\\/18\\\/lor-en-pleine-stagnation-tire-par-la-fed\\\/#breadcrumb\",\"itemListElement\":[{\"@type\":\"ListItem\",\"position\":1,\"name\":\"Accueil\",\"item\":\"https:\\\/\\\/www.gold.fr\\\/\"},{\"@type\":\"ListItem\",\"position\":2,\"name\":\"Actualit\u00e9s\",\"item\":\"https:\\\/\\\/www.gold.fr\\\/news\\\/\"},{\"@type\":\"ListItem\",\"position\":3,\"name\":\"L\u2019or en pleine stagnation, tir\u00e9 par la FED\"}]},{\"@type\":\"WebSite\",\"@id\":\"https:\\\/\\\/www.gold.fr\\\/news\\\/#website\",\"url\":\"https:\\\/\\\/www.gold.fr\\\/news\\\/\",\"name\":\"Gold.fr\",\"description\":\"Actualit\u00e9s de l&#039;Or et des m\u00e9taux pr\u00e9cieux\",\"potentialAction\":[{\"@type\":\"SearchAction\",\"target\":{\"@type\":\"EntryPoint\",\"urlTemplate\":\"https:\\\/\\\/www.gold.fr\\\/news\\\/?s={search_term_string}\"},\"query-input\":{\"@type\":\"PropertyValueSpecification\",\"valueRequired\":true,\"valueName\":\"search_term_string\"}}],\"inLanguage\":\"fr-FR\"},{\"@type\":\"Person\",\"@id\":\"https:\\\/\\\/www.gold.fr\\\/news\\\/#\\\/schema\\\/person\\\/070491b4b4fb7671bf59b3be20302ce9\",\"name\":\"Comptoir National de l'Or\",\"image\":{\"@type\":\"ImageObject\",\"inLanguage\":\"fr-FR\",\"@id\":\"https:\\\/\\\/secure.gravatar.com\\\/avatar\\\/0a2867fd5abe37bed95d5a65e9d58f01756e11efc68af9888dfc50cfa7f65948?s=96&d=mm&r=gb490554db0a38188709de567aa58480d\",\"url\":\"https:\\\/\\\/secure.gravatar.com\\\/avatar\\\/0a2867fd5abe37bed95d5a65e9d58f01756e11efc68af9888dfc50cfa7f65948?s=96&d=mm&r=g\",\"contentUrl\":\"https:\\\/\\\/secure.gravatar.com\\\/avatar\\\/0a2867fd5abe37bed95d5a65e9d58f01756e11efc68af9888dfc50cfa7f65948?s=96&d=mm&r=g\",\"caption\":\"Comptoir National de l'Or\"},\"description\":\"Notre r\u00e9daction est constitu\u00e9e de membres experts dans les m\u00e9tiers de l'\u00e9conomie et la gestion, des Responsables d'agence Comptoir National de l'Or, des analystes financiers qui publient r\u00e9guli\u00e8rement des \u00e9tudes sur les politiques des banques centrales, le cours de l'or, prix de l'or, cours de l'argent, prix de l'argent, cours du platine, cours du palladium,... la situation en zone euro et l'impact de la strat\u00e9gie mon\u00e9taire de la FED. Notre \u00e9quipe scrute \u00e9galement une information plus g\u00e9n\u00e9raliste \u00e0 la recherche d'actualit\u00e9 \\\"p\u00e9pite\\\" \u00e0 vous partager. Depuis 5 ans, nous avons publi\u00e9 un peu plus de 4000 articles qui s'adressent \u00e0 un public large et vari\u00e9 ayant pour objectif de satisfaire votre curiosit\u00e9 et de partager avec vous une certaine fascination pour le m\u00e9tal jaune, le rachat d'or, et pour ceux qui veulent investir dans l'or, vendre leur or tout simplement en savoir plus... Pour tous vos achat or et argent, n'h\u00e9sitez pas \u00e0 prendre rendez-vous dans l'un de nos nombreux comptoirs.\",\"sameAs\":[\"https:\\\/\\\/www.gold.fr\"]}]}<\/script>\n<!-- \/ Yoast SEO plugin. -->","yoast_head_json":{"title":"L\u2019or en pleine stagnation, tir\u00e9 par la FED - Gold.fr","robots":{"index":"index","follow":"follow","max-snippet":"max-snippet:-1","max-image-preview":"max-image-preview:large","max-video-preview":"max-video-preview:-1"},"canonical":"https:\/\/www.gold.fr\/news\/2014\/09\/18\/lor-en-pleine-stagnation-tire-par-la-fed\/","og_locale":"fr_FR","og_type":"article","og_title":"L\u2019or en pleine stagnation, tir\u00e9 par la FED - Gold.fr","og_description":"C\u2019est une semaine bien difficile qui s\u2019\u00e9tend au sein du march\u00e9 aurif\u00e8re. Certes, la chute spectaculaire de la semaine derni\u00e8re (des pertes de l&rsquo;ordre de 30 dollars en l&rsquo;espace de quelques s\u00e9ances) n&rsquo;aura pas \u00e9t\u00e9 r\u00e9it\u00e9r\u00e9e, [&hellip;]","og_url":"https:\/\/www.gold.fr\/news\/2014\/09\/18\/lor-en-pleine-stagnation-tire-par-la-fed\/","og_site_name":"Gold.fr","article_publisher":"https:\/\/www.facebook.com\/Goldfr\/","article_published_time":"2014-09-18T15:00:32+00:00","article_modified_time":"2017-11-02T10:39:22+00:00","og_image":[{"width":750,"height":637,"url":"https:\/\/www.gold.fr\/news\/wp-content\/uploads\/2014\/09\/Achats-or-BC.jpg","type":"image\/jpeg"}],"author":"Comptoir National de l'Or","twitter_card":"summary_large_image","twitter_misc":{"\u00c9crit par":"Comptoir National de l'Or","Dur\u00e9e de lecture estim\u00e9e":"1 minute"},"schema":{"@context":"https:\/\/schema.org","@graph":[{"@type":"Article","@id":"https:\/\/www.gold.fr\/news\/2014\/09\/18\/lor-en-pleine-stagnation-tire-par-la-fed\/#article","isPartOf":{"@id":"https:\/\/www.gold.fr\/news\/2014\/09\/18\/lor-en-pleine-stagnation-tire-par-la-fed\/"},"author":{"name":"Comptoir National de l'Or","@id":"https:\/\/www.gold.fr\/news\/#\/schema\/person\/070491b4b4fb7671bf59b3be20302ce9"},"headline":"L\u2019or en pleine stagnation, tir\u00e9 par la FED","datePublished":"2014-09-18T15:00:32+00:00","dateModified":"2017-11-02T10:39:22+00:00","mainEntityOfPage":{"@id":"https:\/\/www.gold.fr\/news\/2014\/09\/18\/lor-en-pleine-stagnation-tire-par-la-fed\/"},"wordCount":304,"commentCount":0,"image":{"@id":"https:\/\/www.gold.fr\/news\/2014\/09\/18\/lor-en-pleine-stagnation-tire-par-la-fed\/#primaryimage"},"thumbnailUrl":"https:\/\/www.gold.fr\/news\/wp-content\/uploads\/2014\/09\/Achats-or-BC.jpg","keywords":["fed","FOMC","Janet Yellen","march\u00e9 aurif\u00e8re","QE","stagnation"],"articleSection":["Articles de presse"],"inLanguage":"fr-FR"},{"@type":"WebPage","@id":"https:\/\/www.gold.fr\/news\/2014\/09\/18\/lor-en-pleine-stagnation-tire-par-la-fed\/","url":"https:\/\/www.gold.fr\/news\/2014\/09\/18\/lor-en-pleine-stagnation-tire-par-la-fed\/","name":"L\u2019or en pleine stagnation, tir\u00e9 par la FED - Gold.fr","isPartOf":{"@id":"https:\/\/www.gold.fr\/news\/#website"},"primaryImageOfPage":{"@id":"https:\/\/www.gold.fr\/news\/2014\/09\/18\/lor-en-pleine-stagnation-tire-par-la-fed\/#primaryimage"},"image":{"@id":"https:\/\/www.gold.fr\/news\/2014\/09\/18\/lor-en-pleine-stagnation-tire-par-la-fed\/#primaryimage"},"thumbnailUrl":"https:\/\/www.gold.fr\/news\/wp-content\/uploads\/2014\/09\/Achats-or-BC.jpg","datePublished":"2014-09-18T15:00:32+00:00","dateModified":"2017-11-02T10:39:22+00:00","author":{"@id":"https:\/\/www.gold.fr\/news\/#\/schema\/person\/070491b4b4fb7671bf59b3be20302ce9"},"breadcrumb":{"@id":"https:\/\/www.gold.fr\/news\/2014\/09\/18\/lor-en-pleine-stagnation-tire-par-la-fed\/#breadcrumb"},"inLanguage":"fr-FR","potentialAction":[{"@type":"ReadAction","target":["https:\/\/www.gold.fr\/news\/2014\/09\/18\/lor-en-pleine-stagnation-tire-par-la-fed\/"]}]},{"@type":"ImageObject","inLanguage":"fr-FR","@id":"https:\/\/www.gold.fr\/news\/2014\/09\/18\/lor-en-pleine-stagnation-tire-par-la-fed\/#primaryimage","url":"https:\/\/www.gold.fr\/news\/wp-content\/uploads\/2014\/09\/Achats-or-BC.jpg","contentUrl":"https:\/\/www.gold.fr\/news\/wp-content\/uploads\/2014\/09\/Achats-or-BC.jpg","width":"750","height":"637","caption":"L\u2019or : l\u2019investissement par excellence pour l\u2019ann\u00e9e 2017"},{"@type":"BreadcrumbList","@id":"https:\/\/www.gold.fr\/news\/2014\/09\/18\/lor-en-pleine-stagnation-tire-par-la-fed\/#breadcrumb","itemListElement":[{"@type":"ListItem","position":1,"name":"Accueil","item":"https:\/\/www.gold.fr\/"},{"@type":"ListItem","position":2,"name":"Actualit\u00e9s","item":"https:\/\/www.gold.fr\/news\/"},{"@type":"ListItem","position":3,"name":"L\u2019or en pleine stagnation, tir\u00e9 par la FED"}]},{"@type":"WebSite","@id":"https:\/\/www.gold.fr\/news\/#website","url":"https:\/\/www.gold.fr\/news\/","name":"Gold.fr","description":"Actualit\u00e9s de l&#039;Or et des m\u00e9taux pr\u00e9cieux","potentialAction":[{"@type":"SearchAction","target":{"@type":"EntryPoint","urlTemplate":"https:\/\/www.gold.fr\/news\/?s={search_term_string}"},"query-input":{"@type":"PropertyValueSpecification","valueRequired":true,"valueName":"search_term_string"}}],"inLanguage":"fr-FR"},{"@type":"Person","@id":"https:\/\/www.gold.fr\/news\/#\/schema\/person\/070491b4b4fb7671bf59b3be20302ce9","name":"Comptoir National de l'Or","image":{"@type":"ImageObject","inLanguage":"fr-FR","@id":"https:\/\/secure.gravatar.com\/avatar\/0a2867fd5abe37bed95d5a65e9d58f01756e11efc68af9888dfc50cfa7f65948?s=96&d=mm&r=gb490554db0a38188709de567aa58480d","url":"https:\/\/secure.gravatar.com\/avatar\/0a2867fd5abe37bed95d5a65e9d58f01756e11efc68af9888dfc50cfa7f65948?s=96&d=mm&r=g","contentUrl":"https:\/\/secure.gravatar.com\/avatar\/0a2867fd5abe37bed95d5a65e9d58f01756e11efc68af9888dfc50cfa7f65948?s=96&d=mm&r=g","caption":"Comptoir National de l'Or"},"description":"Notre r\u00e9daction est constitu\u00e9e de membres experts dans les m\u00e9tiers de l'\u00e9conomie et la gestion, des Responsables d'agence Comptoir National de l'Or, des analystes financiers qui publient r\u00e9guli\u00e8rement des \u00e9tudes sur les politiques des banques centrales, le cours de l'or, prix de l'or, cours de l'argent, prix de l'argent, cours du platine, cours du palladium,... la situation en zone euro et l'impact de la strat\u00e9gie mon\u00e9taire de la FED. Notre \u00e9quipe scrute \u00e9galement une information plus g\u00e9n\u00e9raliste \u00e0 la recherche d'actualit\u00e9 \"p\u00e9pite\" \u00e0 vous partager. Depuis 5 ans, nous avons publi\u00e9 un peu plus de 4000 articles qui s'adressent \u00e0 un public large et vari\u00e9 ayant pour objectif de satisfaire votre curiosit\u00e9 et de partager avec vous une certaine fascination pour le m\u00e9tal jaune, le rachat d'or, et pour ceux qui veulent investir dans l'or, vendre leur or tout simplement en savoir plus... Pour tous vos achat or et argent, n'h\u00e9sitez pas \u00e0 prendre rendez-vous dans l'un de nos nombreux comptoirs.","sameAs":["https:\/\/www.gold.fr"]}]}},"authors":[{"term_id":2565,"user_id":18,"is_guest":0,"slug":"julie","display_name":"Comptoir National de l'Or","avatar_url":"https:\/\/secure.gravatar.com\/avatar\/713f289e398d35ead876c4a4cc08607f0d6d266058cfc25683fffb6092d0e572?s=96&d=mm&r=g","0":null,"1":"","2":"","3":"","4":"","5":"","6":"","7":"","8":""}],"_links":{"self":[{"href":"https:\/\/www.gold.fr\/news\/wp-json\/wp\/v2\/posts\/15594","targetHints":{"allow":["GET"]}}],"collection":[{"href":"https:\/\/www.gold.fr\/news\/wp-json\/wp\/v2\/posts"}],"about":[{"href":"https:\/\/www.gold.fr\/news\/wp-json\/wp\/v2\/types\/post"}],"author":[{"embeddable":true,"href":"https:\/\/www.gold.fr\/news\/wp-json\/wp\/v2\/users\/18"}],"replies":[{"embeddable":true,"href":"https:\/\/www.gold.fr\/news\/wp-json\/wp\/v2\/comments?post=15594"}],"version-history":[{"count":0,"href":"https:\/\/www.gold.fr\/news\/wp-json\/wp\/v2\/posts\/15594\/revisions"}],"wp:featuredmedia":[{"embeddable":true,"href":"https:\/\/www.gold.fr\/news\/wp-json\/wp\/v2\/media\/15523"}],"wp:attachment":[{"href":"https:\/\/www.gold.fr\/news\/wp-json\/wp\/v2\/media?parent=15594"}],"wp:term":[{"taxonomy":"category","embeddable":true,"href":"https:\/\/www.gold.fr\/news\/wp-json\/wp\/v2\/categories?post=15594"},{"taxonomy":"post_tag","embeddable":true,"href":"https:\/\/www.gold.fr\/news\/wp-json\/wp\/v2\/tags?post=15594"},{"taxonomy":"author","embeddable":true,"href":"https:\/\/www.gold.fr\/news\/wp-json\/wp\/v2\/ppma_author?post=15594"}],"curies":[{"name":"wp","href":"https:\/\/api.w.org\/{rel}","templated":true}]}}